{"id":94894,"date":"2025-02-09T16:35:42","date_gmt":"2025-02-09T16:35:42","guid":{"rendered":"https:\/\/www.africa-press.net\/cotedivoire\/politique\/une-solution-innovante-proposee-aux-professionnels-de-sante-pour-lutter-contre-lulcere-et-le-cancer-de-lestomac"},"modified":"2025-02-09T16:35:42","modified_gmt":"2025-02-09T16:35:42","slug":"une-solution-innovante-proposee-aux-professionnels-de-sante-pour-lutter-contre-lulcere-et-le-cancer-de-lestomac","status":"publish","type":"post","link":"https:\/\/www.africa-press.net\/cotedivoire\/toutes-les-actualites\/une-solution-innovante-proposee-aux-professionnels-de-sante-pour-lutter-contre-lulcere-et-le-cancer-de-lestomac","title":{"rendered":"Une solution innovante propos\u00e9e aux professionnels de sant\u00e9 pour lutter contre l\u2019ulc\u00e8re et le cancer de l\u2019estomac"},"content":{"rendered":"<p><span style=\"color: #ff6600\"><strong>Africa-Press &#8211; C\u00f4te d&rsquo;Ivoire. <\/strong><\/span>Nexxon Care, une structure spe\u0301cialise\u0301e en biotechnologie et biome\u0301dical, a propose\u0301 aux professionnels de la sante\u0301 une solution innovante pour renforcer le plateau technique sanitaire dans la lutte contre l\u2019ulce\u0300re, voire le cancer de l\u2019estomac.<\/p>\n<p>Cette solution a e\u0301te\u0301 pre\u0301sente\u0301e lors d\u2019un symposium sur la prise en charge de l\u2019infection a\u0300 Helicobacter pylori, une bacte\u0301rie qui infecte la muqueuse gastrique et est responsable de 80 % des ulce\u0300res gastro-duode\u0301naux.<\/p>\n<p>Selon le directeur ge\u0301ne\u0301ral de Nexxon Care, Benjamin Christ Guyssen, l\u2019Helic ABT Reader est un appareil dote\u0301 d\u2019un syste\u0300me de diagnostic simple et efficace, permettant de re\u0301aliser un examen en seulement 10 minutes.<\/p>\n<p>\u00ab Il suffit que le patient respire dans cet appareil. Cela permet d\u2019e\u0301valuer le test respiratoire. En 10 minutes, les re\u0301sultats sont disponibles, suivis de la prescription me\u0301dicale \u00bb, a explique\u0301 M. Guyssen en marge de la ce\u0301re\u0301monie d\u2019ouverture du symposium, vendredi 7 fe\u0301vrier 2025 a\u0300 Abidjan.<\/p>\n<p>Le directeur ge\u0301ne\u0301ral de la Sante\u0301, Pr Mamadou Samba, a salue\u0301 la tenue de ce symposium, qui permettra de mieux comprendre le fonctionnement et le diagnostic de l\u2019infection a\u0300 Helicobacter pylori. Il a invite\u0301 les praticiens a\u0300 e\u0302tre attentifs aux informations partage\u0301es pour identifier les signes de cette pathologie, afin de pre\u0301venir les de\u0301ce\u0300s et de mieux lutter contre cette bacte\u0301rie en Co\u0302te d\u2019Ivoire.<\/p>\n<p>La pre\u0301sidente du comite\u0301 scientifique de cette rencontre, Pr Lohoues Kouakou Marie Jeanne, a souligne\u0301 que ce symposium offre une opportunite\u0301 aux professionnels de sante\u0301 de re\u0301fle\u0301chir, d\u2019e\u0301changer et de formuler des recommandations pour ame\u0301liorer la prise en charge de cette pathologie, qui touche pre\u0300s de 50 % de la population mondiale.<\/p>\n<p><strong>Pour plus d&rsquo;informations et d&rsquo;analyses sur la <span style=\"color: #ff6600\">C\u00f4te d&rsquo;Ivoire<\/span>, suivez <span style=\"color: #ff6600\">Africa-Press<span style=\"color: #ff6600\"><\/span><\/strong><\/p>\n","protected":false},"excerpt":{"rendered":"<p>Africa-Press &#8211; C\u00f4te d&rsquo;Ivoire. Nexxon Care, une structure spe\u0301cialise\u0301e en biotechnologie et biome\u0301dical, a propose\u0301 aux professionnels de la sante\u0301 une solution innovante pour renforcer le plateau technique sanitaire dans la lutte contre l\u2019ulce\u0300re, voire le cancer de l\u2019estomac. Cette solution a e\u0301te\u0301 pre\u0301sente\u0301e lors d\u2019un symposium sur la prise en charge de l\u2019infection a\u0300 [&hellip;]<\/p>\n","protected":false},"author":82,"featured_media":94893,"comment_status":"open","ping_status":"closed","sticky":false,"template":"","format":"standard","meta":{"footnotes":""},"categories":[21,10],"tags":[37],"class_list":["post-94894","post","type-post","status-publish","format-standard","has-post-thumbnail","hentry","category-communaute","category-toutes-les-actualites","tag-cote-divoire-2"],"yoast_head":"<!-- This site is optimized with the Yoast SEO Premium plugin v26.1 (Yoast SEO v27.0) - https:\/\/yoast.com\/product\/yoast-seo-premium-wordpress\/ -->\n<title>Une solution innovante propos\u00e9e aux professionnels de sant\u00e9 pour lutter contre l\u2019ulc\u00e8re et le cancer de l\u2019estomac - C\u00f4te d&#039;Ivoire<\/title>\n<meta name=\"robots\" content=\"index, follow, max-snippet:-1, max-image-preview:large, max-video-preview:-1\" \/>\n<link rel=\"canonical\" href=\"https:\/\/www.africa-press.net\/cotedivoire\/politique\/une-solution-innovante-proposee-aux-professionnels-de-sante-pour-lutter-contre-lulcere-et-le-cancer-de-lestomac\" \/>\n<meta property=\"og:locale\" content=\"fr_FR\" \/>\n<meta property=\"og:type\" content=\"article\" \/>\n<meta property=\"og:title\" content=\"Une solution innovante propos\u00e9e aux professionnels de sant\u00e9 pour lutter contre l\u2019ulc\u00e8re et le cancer de l\u2019estomac\" \/>\n<meta property=\"og:description\" content=\"Africa-Press &#8211; C\u00f4te d&rsquo;Ivoire. Nexxon Care, une structure spe\u0301cialise\u0301e en biotechnologie et biome\u0301dical, a propose\u0301 aux professionnels de la sante\u0301 une solution innovante pour renforcer le plateau technique sanitaire dans la lutte contre l\u2019ulce\u0300re, voire le cancer de l\u2019estomac. Cette solution a e\u0301te\u0301 pre\u0301sente\u0301e lors d\u2019un symposium sur la prise en charge de l\u2019infection a\u0300 [&hellip;]\" \/>\n<meta property=\"og:url\" content=\"https:\/\/www.africa-press.net\/cotedivoire\/politique\/une-solution-innovante-proposee-aux-professionnels-de-sante-pour-lutter-contre-lulcere-et-le-cancer-de-lestomac\" \/>\n<meta property=\"og:site_name\" content=\"C\u00f4te d&#039;Ivoire\" \/>\n<meta property=\"article:published_time\" content=\"2025-02-09T16:35:42+00:00\" \/>\n<meta name=\"author\" content=\"cfeditorfr\" \/>\n<meta name=\"twitter:card\" content=\"summary_large_image\" \/>\n<meta name=\"twitter:label1\" content=\"\u00c9crit par\" \/>\n\t<meta name=\"twitter:data1\" content=\"cfeditorfr\" \/>\n\t<meta name=\"twitter:label2\" content=\"Dur\u00e9e de lecture estim\u00e9e\" \/>\n\t<meta name=\"twitter:data2\" content=\"2 minutes\" \/>\n<script type=\"application\/ld+json\" class=\"yoast-schema-graph\">{\"@context\":\"https:\/\/schema.org\",\"@graph\":[{\"@type\":\"Article\",\"@id\":\"https:\/\/www.africa-press.net\/cotedivoire\/politique\/une-solution-innovante-proposee-aux-professionnels-de-sante-pour-lutter-contre-lulcere-et-le-cancer-de-lestomac#article\",\"isPartOf\":{\"@id\":\"https:\/\/www.africa-press.net\/cotedivoire\/politique\/une-solution-innovante-proposee-aux-professionnels-de-sante-pour-lutter-contre-lulcere-et-le-cancer-de-lestomac\"},\"author\":{\"name\":\"cfeditorfr\",\"@id\":\"https:\/\/www.africa-press.net\/cotedivoire\/#\/schema\/person\/2b1cf3cd81a31e3cd26889ca66d677f1\"},\"headline\":\"Une solution innovante propos\u00e9e aux professionnels de sant\u00e9 pour lutter contre l\u2019ulc\u00e8re et le cancer de l\u2019estomac\",\"datePublished\":\"2025-02-09T16:35:42+00:00\",\"mainEntityOfPage\":{\"@id\":\"https:\/\/www.africa-press.net\/cotedivoire\/politique\/une-solution-innovante-proposee-aux-professionnels-de-sante-pour-lutter-contre-lulcere-et-le-cancer-de-lestomac\"},\"wordCount\":343,\"commentCount\":0,\"image\":{\"@id\":\"https:\/\/www.africa-press.net\/cotedivoire\/politique\/une-solution-innovante-proposee-aux-professionnels-de-sante-pour-lutter-contre-lulcere-et-le-cancer-de-lestomac#primaryimage\"},\"thumbnailUrl\":\"https:\/\/static.africa-press.net\/cote\/sites\/43\/2025\/02\/sm_1739107485.033426.jpg\",\"keywords\":[\"C\u00f4te d'Ivoire\"],\"articleSection\":[\"Communaut\u00e9\",\"Toutes les actualit\u00e9s\"],\"inLanguage\":\"fr-FR\",\"potentialAction\":[{\"@type\":\"CommentAction\",\"name\":\"Comment\",\"target\":[\"https:\/\/www.africa-press.net\/cotedivoire\/politique\/une-solution-innovante-proposee-aux-professionnels-de-sante-pour-lutter-contre-lulcere-et-le-cancer-de-lestomac#respond\"]}]},{\"@type\":\"WebPage\",\"@id\":\"https:\/\/www.africa-press.net\/cotedivoire\/politique\/une-solution-innovante-proposee-aux-professionnels-de-sante-pour-lutter-contre-lulcere-et-le-cancer-de-lestomac\",\"url\":\"https:\/\/www.africa-press.net\/cotedivoire\/politique\/une-solution-innovante-proposee-aux-professionnels-de-sante-pour-lutter-contre-lulcere-et-le-cancer-de-lestomac\",\"name\":\"Une solution innovante propos\u00e9e aux professionnels de sant\u00e9 pour lutter contre l\u2019ulc\u00e8re et le cancer de l\u2019estomac - C\u00f4te d&#039;Ivoire\",\"isPartOf\":{\"@id\":\"https:\/\/www.africa-press.net\/cotedivoire\/#website\"},\"primaryImageOfPage\":{\"@id\":\"https:\/\/www.africa-press.net\/cotedivoire\/politique\/une-solution-innovante-proposee-aux-professionnels-de-sante-pour-lutter-contre-lulcere-et-le-cancer-de-lestomac#primaryimage\"},\"image\":{\"@id\":\"https:\/\/www.africa-press.net\/cotedivoire\/politique\/une-solution-innovante-proposee-aux-professionnels-de-sante-pour-lutter-contre-lulcere-et-le-cancer-de-lestomac#primaryimage\"},\"thumbnailUrl\":\"https:\/\/static.africa-press.net\/cote\/sites\/43\/2025\/02\/sm_1739107485.033426.jpg\",\"datePublished\":\"2025-02-09T16:35:42+00:00\",\"author\":{\"@id\":\"https:\/\/www.africa-press.net\/cotedivoire\/#\/schema\/person\/2b1cf3cd81a31e3cd26889ca66d677f1\"},\"breadcrumb\":{\"@id\":\"https:\/\/www.africa-press.net\/cotedivoire\/politique\/une-solution-innovante-proposee-aux-professionnels-de-sante-pour-lutter-contre-lulcere-et-le-cancer-de-lestomac#breadcrumb\"},\"inLanguage\":\"fr-FR\",\"potentialAction\":[{\"@type\":\"ReadAction\",\"target\":[\"https:\/\/www.africa-press.net\/cotedivoire\/politique\/une-solution-innovante-proposee-aux-professionnels-de-sante-pour-lutter-contre-lulcere-et-le-cancer-de-lestomac\"]}]},{\"@type\":\"ImageObject\",\"inLanguage\":\"fr-FR\",\"@id\":\"https:\/\/www.africa-press.net\/cotedivoire\/politique\/une-solution-innovante-proposee-aux-professionnels-de-sante-pour-lutter-contre-lulcere-et-le-cancer-de-lestomac#primaryimage\",\"url\":\"https:\/\/static.africa-press.net\/cote\/sites\/43\/2025\/02\/sm_1739107485.033426.jpg\",\"contentUrl\":\"https:\/\/static.africa-press.net\/cote\/sites\/43\/2025\/02\/sm_1739107485.033426.jpg\",\"width\":768,\"height\":443,\"caption\":\"Une solution innovante propos\u00e9e aux professionnels de sant\u00e9 pour lutter contre l\u2019ulc\u00e8re et le cancer de l\u2019estomac\"},{\"@type\":\"BreadcrumbList\",\"@id\":\"https:\/\/www.africa-press.net\/cotedivoire\/politique\/une-solution-innovante-proposee-aux-professionnels-de-sante-pour-lutter-contre-lulcere-et-le-cancer-de-lestomac#breadcrumb\",\"itemListElement\":[{\"@type\":\"ListItem\",\"position\":1,\"name\":\"Accueil\",\"item\":\"https:\/\/www.africa-press.net\/cotedivoire\/\"},{\"@type\":\"ListItem\",\"position\":2,\"name\":\"Une solution innovante propos\u00e9e aux professionnels de sant\u00e9 pour lutter contre l\u2019ulc\u00e8re et le cancer de l\u2019estomac\"}]},{\"@type\":\"WebSite\",\"@id\":\"https:\/\/www.africa-press.net\/cotedivoire\/#website\",\"url\":\"https:\/\/www.africa-press.net\/cotedivoire\/\",\"name\":\"C\u00f4te d&#039;Ivoire\",\"description\":\"Just another Africa News Agency Sites site\",\"potentialAction\":[{\"@type\":\"SearchAction\",\"target\":{\"@type\":\"EntryPoint\",\"urlTemplate\":\"https:\/\/www.africa-press.net\/cotedivoire\/?s={search_term_string}\"},\"query-input\":{\"@type\":\"PropertyValueSpecification\",\"valueRequired\":true,\"valueName\":\"search_term_string\"}}],\"inLanguage\":\"fr-FR\"},{\"@type\":\"Person\",\"@id\":\"https:\/\/www.africa-press.net\/cotedivoire\/#\/schema\/person\/2b1cf3cd81a31e3cd26889ca66d677f1\",\"name\":\"cfeditorfr\"}]}<\/script>\n<!-- \/ Yoast SEO Premium plugin. -->","yoast_head_json":{"title":"Une solution innovante propos\u00e9e aux professionnels de sant\u00e9 pour lutter contre l\u2019ulc\u00e8re et le cancer de l\u2019estomac - C\u00f4te d&#039;Ivoire","robots":{"index":"index","follow":"follow","max-snippet":"max-snippet:-1","max-image-preview":"max-image-preview:large","max-video-preview":"max-video-preview:-1"},"canonical":"https:\/\/www.africa-press.net\/cotedivoire\/politique\/une-solution-innovante-proposee-aux-professionnels-de-sante-pour-lutter-contre-lulcere-et-le-cancer-de-lestomac","og_locale":"fr_FR","og_type":"article","og_title":"Une solution innovante propos\u00e9e aux professionnels de sant\u00e9 pour lutter contre l\u2019ulc\u00e8re et le cancer de l\u2019estomac","og_description":"Africa-Press &#8211; C\u00f4te d&rsquo;Ivoire. Nexxon Care, une structure spe\u0301cialise\u0301e en biotechnologie et biome\u0301dical, a propose\u0301 aux professionnels de la sante\u0301 une solution innovante pour renforcer le plateau technique sanitaire dans la lutte contre l\u2019ulce\u0300re, voire le cancer de l\u2019estomac. Cette solution a e\u0301te\u0301 pre\u0301sente\u0301e lors d\u2019un symposium sur la prise en charge de l\u2019infection a\u0300 [&hellip;]","og_url":"https:\/\/www.africa-press.net\/cotedivoire\/politique\/une-solution-innovante-proposee-aux-professionnels-de-sante-pour-lutter-contre-lulcere-et-le-cancer-de-lestomac","og_site_name":"C\u00f4te d&#039;Ivoire","article_published_time":"2025-02-09T16:35:42+00:00","author":"cfeditorfr","twitter_card":"summary_large_image","twitter_misc":{"\u00c9crit par":"cfeditorfr","Dur\u00e9e de lecture estim\u00e9e":"2 minutes"},"schema":{"@context":"https:\/\/schema.org","@graph":[{"@type":"Article","@id":"https:\/\/www.africa-press.net\/cotedivoire\/politique\/une-solution-innovante-proposee-aux-professionnels-de-sante-pour-lutter-contre-lulcere-et-le-cancer-de-lestomac#article","isPartOf":{"@id":"https:\/\/www.africa-press.net\/cotedivoire\/politique\/une-solution-innovante-proposee-aux-professionnels-de-sante-pour-lutter-contre-lulcere-et-le-cancer-de-lestomac"},"author":{"name":"cfeditorfr","@id":"https:\/\/www.africa-press.net\/cotedivoire\/#\/schema\/person\/2b1cf3cd81a31e3cd26889ca66d677f1"},"headline":"Une solution innovante propos\u00e9e aux professionnels de sant\u00e9 pour lutter contre l\u2019ulc\u00e8re et le cancer de l\u2019estomac","datePublished":"2025-02-09T16:35:42+00:00","mainEntityOfPage":{"@id":"https:\/\/www.africa-press.net\/cotedivoire\/politique\/une-solution-innovante-proposee-aux-professionnels-de-sante-pour-lutter-contre-lulcere-et-le-cancer-de-lestomac"},"wordCount":343,"commentCount":0,"image":{"@id":"https:\/\/www.africa-press.net\/cotedivoire\/politique\/une-solution-innovante-proposee-aux-professionnels-de-sante-pour-lutter-contre-lulcere-et-le-cancer-de-lestomac#primaryimage"},"thumbnailUrl":"https:\/\/static.africa-press.net\/cote\/sites\/43\/2025\/02\/sm_1739107485.033426.jpg","keywords":["C\u00f4te d'Ivoire"],"articleSection":["Communaut\u00e9","Toutes les actualit\u00e9s"],"inLanguage":"fr-FR","potentialAction":[{"@type":"CommentAction","name":"Comment","target":["https:\/\/www.africa-press.net\/cotedivoire\/politique\/une-solution-innovante-proposee-aux-professionnels-de-sante-pour-lutter-contre-lulcere-et-le-cancer-de-lestomac#respond"]}]},{"@type":"WebPage","@id":"https:\/\/www.africa-press.net\/cotedivoire\/politique\/une-solution-innovante-proposee-aux-professionnels-de-sante-pour-lutter-contre-lulcere-et-le-cancer-de-lestomac","url":"https:\/\/www.africa-press.net\/cotedivoire\/politique\/une-solution-innovante-proposee-aux-professionnels-de-sante-pour-lutter-contre-lulcere-et-le-cancer-de-lestomac","name":"Une solution innovante propos\u00e9e aux professionnels de sant\u00e9 pour lutter contre l\u2019ulc\u00e8re et le cancer de l\u2019estomac - C\u00f4te d&#039;Ivoire","isPartOf":{"@id":"https:\/\/www.africa-press.net\/cotedivoire\/#website"},"primaryImageOfPage":{"@id":"https:\/\/www.africa-press.net\/cotedivoire\/politique\/une-solution-innovante-proposee-aux-professionnels-de-sante-pour-lutter-contre-lulcere-et-le-cancer-de-lestomac#primaryimage"},"image":{"@id":"https:\/\/www.africa-press.net\/cotedivoire\/politique\/une-solution-innovante-proposee-aux-professionnels-de-sante-pour-lutter-contre-lulcere-et-le-cancer-de-lestomac#primaryimage"},"thumbnailUrl":"https:\/\/static.africa-press.net\/cote\/sites\/43\/2025\/02\/sm_1739107485.033426.jpg","datePublished":"2025-02-09T16:35:42+00:00","author":{"@id":"https:\/\/www.africa-press.net\/cotedivoire\/#\/schema\/person\/2b1cf3cd81a31e3cd26889ca66d677f1"},"breadcrumb":{"@id":"https:\/\/www.africa-press.net\/cotedivoire\/politique\/une-solution-innovante-proposee-aux-professionnels-de-sante-pour-lutter-contre-lulcere-et-le-cancer-de-lestomac#breadcrumb"},"inLanguage":"fr-FR","potentialAction":[{"@type":"ReadAction","target":["https:\/\/www.africa-press.net\/cotedivoire\/politique\/une-solution-innovante-proposee-aux-professionnels-de-sante-pour-lutter-contre-lulcere-et-le-cancer-de-lestomac"]}]},{"@type":"ImageObject","inLanguage":"fr-FR","@id":"https:\/\/www.africa-press.net\/cotedivoire\/politique\/une-solution-innovante-proposee-aux-professionnels-de-sante-pour-lutter-contre-lulcere-et-le-cancer-de-lestomac#primaryimage","url":"https:\/\/static.africa-press.net\/cote\/sites\/43\/2025\/02\/sm_1739107485.033426.jpg","contentUrl":"https:\/\/static.africa-press.net\/cote\/sites\/43\/2025\/02\/sm_1739107485.033426.jpg","width":768,"height":443,"caption":"Une solution innovante propos\u00e9e aux professionnels de sant\u00e9 pour lutter contre l\u2019ulc\u00e8re et le cancer de l\u2019estomac"},{"@type":"BreadcrumbList","@id":"https:\/\/www.africa-press.net\/cotedivoire\/politique\/une-solution-innovante-proposee-aux-professionnels-de-sante-pour-lutter-contre-lulcere-et-le-cancer-de-lestomac#breadcrumb","itemListElement":[{"@type":"ListItem","position":1,"name":"Accueil","item":"https:\/\/www.africa-press.net\/cotedivoire\/"},{"@type":"ListItem","position":2,"name":"Une solution innovante propos\u00e9e aux professionnels de sant\u00e9 pour lutter contre l\u2019ulc\u00e8re et le cancer de l\u2019estomac"}]},{"@type":"WebSite","@id":"https:\/\/www.africa-press.net\/cotedivoire\/#website","url":"https:\/\/www.africa-press.net\/cotedivoire\/","name":"C\u00f4te d&#039;Ivoire","description":"Just another Africa News Agency Sites site","potentialAction":[{"@type":"SearchAction","target":{"@type":"EntryPoint","urlTemplate":"https:\/\/www.africa-press.net\/cotedivoire\/?s={search_term_string}"},"query-input":{"@type":"PropertyValueSpecification","valueRequired":true,"valueName":"search_term_string"}}],"inLanguage":"fr-FR"},{"@type":"Person","@id":"https:\/\/www.africa-press.net\/cotedivoire\/#\/schema\/person\/2b1cf3cd81a31e3cd26889ca66d677f1","name":"cfeditorfr"}]}},"_links":{"self":[{"href":"https:\/\/www.africa-press.net\/cotedivoire\/wp-json\/wp\/v2\/posts\/94894","targetHints":{"allow":["GET"]}}],"collection":[{"href":"https:\/\/www.africa-press.net\/cotedivoire\/wp-json\/wp\/v2\/posts"}],"about":[{"href":"https:\/\/www.africa-press.net\/cotedivoire\/wp-json\/wp\/v2\/types\/post"}],"author":[{"embeddable":true,"href":"https:\/\/www.africa-press.net\/cotedivoire\/wp-json\/wp\/v2\/users\/82"}],"replies":[{"embeddable":true,"href":"https:\/\/www.africa-press.net\/cotedivoire\/wp-json\/wp\/v2\/comments?post=94894"}],"version-history":[{"count":0,"href":"https:\/\/www.africa-press.net\/cotedivoire\/wp-json\/wp\/v2\/posts\/94894\/revisions"}],"wp:featuredmedia":[{"embeddable":true,"href":"https:\/\/www.africa-press.net\/cotedivoire\/wp-json\/wp\/v2\/media\/94893"}],"wp:attachment":[{"href":"https:\/\/www.africa-press.net\/cotedivoire\/wp-json\/wp\/v2\/media?parent=94894"}],"wp:term":[{"taxonomy":"category","embeddable":true,"href":"https:\/\/www.africa-press.net\/cotedivoire\/wp-json\/wp\/v2\/categories?post=94894"},{"taxonomy":"post_tag","embeddable":true,"href":"https:\/\/www.africa-press.net\/cotedivoire\/wp-json\/wp\/v2\/tags?post=94894"}],"curies":[{"name":"wp","href":"https:\/\/api.w.org\/{rel}","templated":true}]}}