{"id":94896,"date":"2025-02-09T16:36:02","date_gmt":"2025-02-09T16:36:02","guid":{"rendered":"https:\/\/www.africa-press.net\/cotedivoire\/politique\/kong-un-preau-de-200-places-construit-a-tiemenin"},"modified":"2025-02-09T16:36:02","modified_gmt":"2025-02-09T16:36:02","slug":"kong-un-preau-de-200-places-construit-a-tiemenin","status":"publish","type":"post","link":"https:\/\/www.africa-press.net\/cotedivoire\/sports\/kong-un-preau-de-200-places-construit-a-tiemenin","title":{"rendered":"Kong: Un pr\u00e9au de 200 places construit \u00e0 Ti\u00e9menin"},"content":{"rendered":"<p><span style=\"color: #ff6600\"><strong>Africa-Press &#8211; C\u00f4te d&rsquo;Ivoire. <\/strong><\/span>Un pre\u0301au d\u2019une capacite\u0301 de 200 places, e\u0301quipe\u0301 de chaises et de tables, a e\u0301te\u0301 construit a\u0300 Tie\u0301menin, village de la sous-pre\u0301fecture de Kong, dans le cadre du projet de cohe\u0301sion sociale des E\u0301tats du Golfe de Guine\u0301e (COSO).<\/p>\n<p>La ce\u0301re\u0301monie de remise provisoire des cle\u0301s de ce ba\u0302timent s\u2019est de\u0301roule\u0301e jeudi 06 fe\u0301vrier 2025, en pre\u0301sence d\u2019une de\u0301le\u0301gation du conseil re\u0301gional du Tchologo, de responsables du ministe\u0300re de la Construction, du Logement et de l\u2019Urbanisme ainsi que de la direction re\u0301gionale du projet COSO.<\/p>\n<p>Le repre\u0301sentant du conseil re\u0301gional, Konate\u0301 Mamadou, a exprime\u0301 sa joie quant a\u0300 l\u2019octroi de cet ouvrage aux populations.<\/p>\n<p>\u201cNous sommes confiants que ce ba\u0302timent contribuera au renforcement de la cohe\u0301sion sociale entre les populations rurales, surtout en cette pe\u0301riode pre\u0301e\u0301lectorale\u201d, a-t-il de\u0301clare\u0301.<\/p>\n<p>De son co\u0302te\u0301, le chef d\u2019antenne du projet COSO pour le district des Savanes, Kouame\u0301 Kouakou Edmond, a souligne\u0301 l\u2019impact du projet sur le quotidien des habitants.<\/p>\n<p>\u201cNous souhaitons que l\u2019entente se poursuive dans ce village afin que l\u2019on ressente pleinement l\u2019action du projet COSO en faveur de l\u2019union et de la cohe\u0301sion dans cette communaute\u0301\u201d, a-t-il affirme\u0301.<\/p>\n<p>Se re\u0301jouissant de la re\u0301alisation de cet e\u0301difice, le chef du village de Tie\u0301menin, Ouattara Bacomi, a exprime\u0301 sa gratitude envers le gouvernement pour cette initiative. \u201cGra\u0302ce a\u0300 ce ba\u0302timent, les jeunes et les femmes pourront de\u0301sormais tenir leurs rencontres en toute quie\u0301tude\u201d, a-t-il souligne\u0301.<\/p>\n<p>En plus de ce pre\u0301au, Tie\u0301menin be\u0301ne\u0301ficiera d\u2019autres infrastructures, notamment la re\u0301paration de pompes hydrauliques villageoises et la cre\u0301ation d\u2019une unite\u0301 de production d\u2019engrais organiques pour ame\u0301liorer la production agricole.<\/p>\n<p><strong>Pour plus d&rsquo;informations et d&rsquo;analyses sur la <span style=\"color: #ff6600\">C\u00f4te d&rsquo;Ivoire<\/span>, suivez <span style=\"color: #ff6600\">Africa-Press<span style=\"color: #ff6600\"><\/span><\/strong><\/p>\n","protected":false},"excerpt":{"rendered":"<p>Africa-Press &#8211; C\u00f4te d&rsquo;Ivoire. Un pre\u0301au d\u2019une capacite\u0301 de 200 places, e\u0301quipe\u0301 de chaises et de tables, a e\u0301te\u0301 construit a\u0300 Tie\u0301menin, village de la sous-pre\u0301fecture de Kong, dans le cadre du projet de cohe\u0301sion sociale des E\u0301tats du Golfe de Guine\u0301e (COSO). La ce\u0301re\u0301monie de remise provisoire des cle\u0301s de ce ba\u0302timent s\u2019est de\u0301roule\u0301e [&hellip;]<\/p>\n","protected":false},"author":82,"featured_media":94895,"comment_status":"open","ping_status":"closed","sticky":false,"template":"","format":"standard","meta":{"footnotes":""},"categories":[6,10],"tags":[37],"class_list":["post-94896","post","type-post","status-publish","format-standard","has-post-thumbnail","hentry","category-sports","category-toutes-les-actualites","tag-cote-divoire-2"],"yoast_head":"<!-- This site is optimized with the Yoast SEO Premium plugin v26.1 (Yoast SEO v27.0) - https:\/\/yoast.com\/product\/yoast-seo-premium-wordpress\/ -->\n<title>Kong: Un pr\u00e9au de 200 places construit \u00e0 Ti\u00e9menin - C\u00f4te d&#039;Ivoire<\/title>\n<meta name=\"robots\" content=\"index, follow, max-snippet:-1, max-image-preview:large, max-video-preview:-1\" \/>\n<link rel=\"canonical\" href=\"https:\/\/www.africa-press.net\/cotedivoire\/politique\/kong-un-preau-de-200-places-construit-a-tiemenin\" \/>\n<meta property=\"og:locale\" content=\"fr_FR\" \/>\n<meta property=\"og:type\" content=\"article\" \/>\n<meta property=\"og:title\" content=\"Kong: Un pr\u00e9au de 200 places construit \u00e0 Ti\u00e9menin\" \/>\n<meta property=\"og:description\" content=\"Africa-Press &#8211; C\u00f4te d&rsquo;Ivoire. Un pre\u0301au d\u2019une capacite\u0301 de 200 places, e\u0301quipe\u0301 de chaises et de tables, a e\u0301te\u0301 construit a\u0300 Tie\u0301menin, village de la sous-pre\u0301fecture de Kong, dans le cadre du projet de cohe\u0301sion sociale des E\u0301tats du Golfe de Guine\u0301e (COSO). La ce\u0301re\u0301monie de remise provisoire des cle\u0301s de ce ba\u0302timent s\u2019est de\u0301roule\u0301e [&hellip;]\" \/>\n<meta property=\"og:url\" content=\"https:\/\/www.africa-press.net\/cotedivoire\/politique\/kong-un-preau-de-200-places-construit-a-tiemenin\" \/>\n<meta property=\"og:site_name\" content=\"C\u00f4te d&#039;Ivoire\" \/>\n<meta property=\"article:published_time\" content=\"2025-02-09T16:36:02+00:00\" \/>\n<meta name=\"author\" content=\"cfeditorfr\" \/>\n<meta name=\"twitter:card\" content=\"summary_large_image\" \/>\n<meta name=\"twitter:label1\" content=\"\u00c9crit par\" \/>\n\t<meta name=\"twitter:data1\" content=\"cfeditorfr\" \/>\n\t<meta name=\"twitter:label2\" content=\"Dur\u00e9e de lecture estim\u00e9e\" \/>\n\t<meta name=\"twitter:data2\" content=\"2 minutes\" \/>\n<script type=\"application\/ld+json\" class=\"yoast-schema-graph\">{\"@context\":\"https:\/\/schema.org\",\"@graph\":[{\"@type\":\"Article\",\"@id\":\"https:\/\/www.africa-press.net\/cotedivoire\/politique\/kong-un-preau-de-200-places-construit-a-tiemenin#article\",\"isPartOf\":{\"@id\":\"https:\/\/www.africa-press.net\/cotedivoire\/politique\/kong-un-preau-de-200-places-construit-a-tiemenin\"},\"author\":{\"name\":\"cfeditorfr\",\"@id\":\"https:\/\/www.africa-press.net\/cotedivoire\/#\/schema\/person\/2b1cf3cd81a31e3cd26889ca66d677f1\"},\"headline\":\"Kong: Un pr\u00e9au de 200 places construit \u00e0 Ti\u00e9menin\",\"datePublished\":\"2025-02-09T16:36:02+00:00\",\"mainEntityOfPage\":{\"@id\":\"https:\/\/www.africa-press.net\/cotedivoire\/politique\/kong-un-preau-de-200-places-construit-a-tiemenin\"},\"wordCount\":348,\"commentCount\":0,\"image\":{\"@id\":\"https:\/\/www.africa-press.net\/cotedivoire\/politique\/kong-un-preau-de-200-places-construit-a-tiemenin#primaryimage\"},\"thumbnailUrl\":\"https:\/\/static.africa-press.net\/cote\/sites\/43\/2025\/02\/sm_1739107496.09805.jpg\",\"keywords\":[\"C\u00f4te d'Ivoire\"],\"articleSection\":[\"Sports\",\"Toutes les actualit\u00e9s\"],\"inLanguage\":\"fr-FR\",\"potentialAction\":[{\"@type\":\"CommentAction\",\"name\":\"Comment\",\"target\":[\"https:\/\/www.africa-press.net\/cotedivoire\/politique\/kong-un-preau-de-200-places-construit-a-tiemenin#respond\"]}]},{\"@type\":\"WebPage\",\"@id\":\"https:\/\/www.africa-press.net\/cotedivoire\/politique\/kong-un-preau-de-200-places-construit-a-tiemenin\",\"url\":\"https:\/\/www.africa-press.net\/cotedivoire\/politique\/kong-un-preau-de-200-places-construit-a-tiemenin\",\"name\":\"Kong: Un pr\u00e9au de 200 places construit \u00e0 Ti\u00e9menin - C\u00f4te d&#039;Ivoire\",\"isPartOf\":{\"@id\":\"https:\/\/www.africa-press.net\/cotedivoire\/#website\"},\"primaryImageOfPage\":{\"@id\":\"https:\/\/www.africa-press.net\/cotedivoire\/politique\/kong-un-preau-de-200-places-construit-a-tiemenin#primaryimage\"},\"image\":{\"@id\":\"https:\/\/www.africa-press.net\/cotedivoire\/politique\/kong-un-preau-de-200-places-construit-a-tiemenin#primaryimage\"},\"thumbnailUrl\":\"https:\/\/static.africa-press.net\/cote\/sites\/43\/2025\/02\/sm_1739107496.09805.jpg\",\"datePublished\":\"2025-02-09T16:36:02+00:00\",\"author\":{\"@id\":\"https:\/\/www.africa-press.net\/cotedivoire\/#\/schema\/person\/2b1cf3cd81a31e3cd26889ca66d677f1\"},\"breadcrumb\":{\"@id\":\"https:\/\/www.africa-press.net\/cotedivoire\/politique\/kong-un-preau-de-200-places-construit-a-tiemenin#breadcrumb\"},\"inLanguage\":\"fr-FR\",\"potentialAction\":[{\"@type\":\"ReadAction\",\"target\":[\"https:\/\/www.africa-press.net\/cotedivoire\/politique\/kong-un-preau-de-200-places-construit-a-tiemenin\"]}]},{\"@type\":\"ImageObject\",\"inLanguage\":\"fr-FR\",\"@id\":\"https:\/\/www.africa-press.net\/cotedivoire\/politique\/kong-un-preau-de-200-places-construit-a-tiemenin#primaryimage\",\"url\":\"https:\/\/static.africa-press.net\/cote\/sites\/43\/2025\/02\/sm_1739107496.09805.jpg\",\"contentUrl\":\"https:\/\/static.africa-press.net\/cote\/sites\/43\/2025\/02\/sm_1739107496.09805.jpg\",\"width\":768,\"height\":576,\"caption\":\"Kong: Un pr\u00e9au de 200 places construit \u00e0 Ti\u00e9menin\"},{\"@type\":\"BreadcrumbList\",\"@id\":\"https:\/\/www.africa-press.net\/cotedivoire\/politique\/kong-un-preau-de-200-places-construit-a-tiemenin#breadcrumb\",\"itemListElement\":[{\"@type\":\"ListItem\",\"position\":1,\"name\":\"Accueil\",\"item\":\"https:\/\/www.africa-press.net\/cotedivoire\/\"},{\"@type\":\"ListItem\",\"position\":2,\"name\":\"Kong: Un pr\u00e9au de 200 places construit \u00e0 Ti\u00e9menin\"}]},{\"@type\":\"WebSite\",\"@id\":\"https:\/\/www.africa-press.net\/cotedivoire\/#website\",\"url\":\"https:\/\/www.africa-press.net\/cotedivoire\/\",\"name\":\"C\u00f4te d&#039;Ivoire\",\"description\":\"Just another Africa News Agency Sites site\",\"potentialAction\":[{\"@type\":\"SearchAction\",\"target\":{\"@type\":\"EntryPoint\",\"urlTemplate\":\"https:\/\/www.africa-press.net\/cotedivoire\/?s={search_term_string}\"},\"query-input\":{\"@type\":\"PropertyValueSpecification\",\"valueRequired\":true,\"valueName\":\"search_term_string\"}}],\"inLanguage\":\"fr-FR\"},{\"@type\":\"Person\",\"@id\":\"https:\/\/www.africa-press.net\/cotedivoire\/#\/schema\/person\/2b1cf3cd81a31e3cd26889ca66d677f1\",\"name\":\"cfeditorfr\"}]}<\/script>\n<!-- \/ Yoast SEO Premium plugin. -->","yoast_head_json":{"title":"Kong: Un pr\u00e9au de 200 places construit \u00e0 Ti\u00e9menin - C\u00f4te d&#039;Ivoire","robots":{"index":"index","follow":"follow","max-snippet":"max-snippet:-1","max-image-preview":"max-image-preview:large","max-video-preview":"max-video-preview:-1"},"canonical":"https:\/\/www.africa-press.net\/cotedivoire\/politique\/kong-un-preau-de-200-places-construit-a-tiemenin","og_locale":"fr_FR","og_type":"article","og_title":"Kong: Un pr\u00e9au de 200 places construit \u00e0 Ti\u00e9menin","og_description":"Africa-Press &#8211; C\u00f4te d&rsquo;Ivoire. Un pre\u0301au d\u2019une capacite\u0301 de 200 places, e\u0301quipe\u0301 de chaises et de tables, a e\u0301te\u0301 construit a\u0300 Tie\u0301menin, village de la sous-pre\u0301fecture de Kong, dans le cadre du projet de cohe\u0301sion sociale des E\u0301tats du Golfe de Guine\u0301e (COSO). La ce\u0301re\u0301monie de remise provisoire des cle\u0301s de ce ba\u0302timent s\u2019est de\u0301roule\u0301e [&hellip;]","og_url":"https:\/\/www.africa-press.net\/cotedivoire\/politique\/kong-un-preau-de-200-places-construit-a-tiemenin","og_site_name":"C\u00f4te d&#039;Ivoire","article_published_time":"2025-02-09T16:36:02+00:00","author":"cfeditorfr","twitter_card":"summary_large_image","twitter_misc":{"\u00c9crit par":"cfeditorfr","Dur\u00e9e de lecture estim\u00e9e":"2 minutes"},"schema":{"@context":"https:\/\/schema.org","@graph":[{"@type":"Article","@id":"https:\/\/www.africa-press.net\/cotedivoire\/politique\/kong-un-preau-de-200-places-construit-a-tiemenin#article","isPartOf":{"@id":"https:\/\/www.africa-press.net\/cotedivoire\/politique\/kong-un-preau-de-200-places-construit-a-tiemenin"},"author":{"name":"cfeditorfr","@id":"https:\/\/www.africa-press.net\/cotedivoire\/#\/schema\/person\/2b1cf3cd81a31e3cd26889ca66d677f1"},"headline":"Kong: Un pr\u00e9au de 200 places construit \u00e0 Ti\u00e9menin","datePublished":"2025-02-09T16:36:02+00:00","mainEntityOfPage":{"@id":"https:\/\/www.africa-press.net\/cotedivoire\/politique\/kong-un-preau-de-200-places-construit-a-tiemenin"},"wordCount":348,"commentCount":0,"image":{"@id":"https:\/\/www.africa-press.net\/cotedivoire\/politique\/kong-un-preau-de-200-places-construit-a-tiemenin#primaryimage"},"thumbnailUrl":"https:\/\/static.africa-press.net\/cote\/sites\/43\/2025\/02\/sm_1739107496.09805.jpg","keywords":["C\u00f4te d'Ivoire"],"articleSection":["Sports","Toutes les actualit\u00e9s"],"inLanguage":"fr-FR","potentialAction":[{"@type":"CommentAction","name":"Comment","target":["https:\/\/www.africa-press.net\/cotedivoire\/politique\/kong-un-preau-de-200-places-construit-a-tiemenin#respond"]}]},{"@type":"WebPage","@id":"https:\/\/www.africa-press.net\/cotedivoire\/politique\/kong-un-preau-de-200-places-construit-a-tiemenin","url":"https:\/\/www.africa-press.net\/cotedivoire\/politique\/kong-un-preau-de-200-places-construit-a-tiemenin","name":"Kong: Un pr\u00e9au de 200 places construit \u00e0 Ti\u00e9menin - C\u00f4te d&#039;Ivoire","isPartOf":{"@id":"https:\/\/www.africa-press.net\/cotedivoire\/#website"},"primaryImageOfPage":{"@id":"https:\/\/www.africa-press.net\/cotedivoire\/politique\/kong-un-preau-de-200-places-construit-a-tiemenin#primaryimage"},"image":{"@id":"https:\/\/www.africa-press.net\/cotedivoire\/politique\/kong-un-preau-de-200-places-construit-a-tiemenin#primaryimage"},"thumbnailUrl":"https:\/\/static.africa-press.net\/cote\/sites\/43\/2025\/02\/sm_1739107496.09805.jpg","datePublished":"2025-02-09T16:36:02+00:00","author":{"@id":"https:\/\/www.africa-press.net\/cotedivoire\/#\/schema\/person\/2b1cf3cd81a31e3cd26889ca66d677f1"},"breadcrumb":{"@id":"https:\/\/www.africa-press.net\/cotedivoire\/politique\/kong-un-preau-de-200-places-construit-a-tiemenin#breadcrumb"},"inLanguage":"fr-FR","potentialAction":[{"@type":"ReadAction","target":["https:\/\/www.africa-press.net\/cotedivoire\/politique\/kong-un-preau-de-200-places-construit-a-tiemenin"]}]},{"@type":"ImageObject","inLanguage":"fr-FR","@id":"https:\/\/www.africa-press.net\/cotedivoire\/politique\/kong-un-preau-de-200-places-construit-a-tiemenin#primaryimage","url":"https:\/\/static.africa-press.net\/cote\/sites\/43\/2025\/02\/sm_1739107496.09805.jpg","contentUrl":"https:\/\/static.africa-press.net\/cote\/sites\/43\/2025\/02\/sm_1739107496.09805.jpg","width":768,"height":576,"caption":"Kong: Un pr\u00e9au de 200 places construit \u00e0 Ti\u00e9menin"},{"@type":"BreadcrumbList","@id":"https:\/\/www.africa-press.net\/cotedivoire\/politique\/kong-un-preau-de-200-places-construit-a-tiemenin#breadcrumb","itemListElement":[{"@type":"ListItem","position":1,"name":"Accueil","item":"https:\/\/www.africa-press.net\/cotedivoire\/"},{"@type":"ListItem","position":2,"name":"Kong: Un pr\u00e9au de 200 places construit \u00e0 Ti\u00e9menin"}]},{"@type":"WebSite","@id":"https:\/\/www.africa-press.net\/cotedivoire\/#website","url":"https:\/\/www.africa-press.net\/cotedivoire\/","name":"C\u00f4te d&#039;Ivoire","description":"Just another Africa News Agency Sites site","potentialAction":[{"@type":"SearchAction","target":{"@type":"EntryPoint","urlTemplate":"https:\/\/www.africa-press.net\/cotedivoire\/?s={search_term_string}"},"query-input":{"@type":"PropertyValueSpecification","valueRequired":true,"valueName":"search_term_string"}}],"inLanguage":"fr-FR"},{"@type":"Person","@id":"https:\/\/www.africa-press.net\/cotedivoire\/#\/schema\/person\/2b1cf3cd81a31e3cd26889ca66d677f1","name":"cfeditorfr"}]}},"_links":{"self":[{"href":"https:\/\/www.africa-press.net\/cotedivoire\/wp-json\/wp\/v2\/posts\/94896","targetHints":{"allow":["GET"]}}],"collection":[{"href":"https:\/\/www.africa-press.net\/cotedivoire\/wp-json\/wp\/v2\/posts"}],"about":[{"href":"https:\/\/www.africa-press.net\/cotedivoire\/wp-json\/wp\/v2\/types\/post"}],"author":[{"embeddable":true,"href":"https:\/\/www.africa-press.net\/cotedivoire\/wp-json\/wp\/v2\/users\/82"}],"replies":[{"embeddable":true,"href":"https:\/\/www.africa-press.net\/cotedivoire\/wp-json\/wp\/v2\/comments?post=94896"}],"version-history":[{"count":0,"href":"https:\/\/www.africa-press.net\/cotedivoire\/wp-json\/wp\/v2\/posts\/94896\/revisions"}],"wp:featuredmedia":[{"embeddable":true,"href":"https:\/\/www.africa-press.net\/cotedivoire\/wp-json\/wp\/v2\/media\/94895"}],"wp:attachment":[{"href":"https:\/\/www.africa-press.net\/cotedivoire\/wp-json\/wp\/v2\/media?parent=94896"}],"wp:term":[{"taxonomy":"category","embeddable":true,"href":"https:\/\/www.africa-press.net\/cotedivoire\/wp-json\/wp\/v2\/categories?post=94896"},{"taxonomy":"post_tag","embeddable":true,"href":"https:\/\/www.africa-press.net\/cotedivoire\/wp-json\/wp\/v2\/tags?post=94896"}],"curies":[{"name":"wp","href":"https:\/\/api.w.org\/{rel}","templated":true}]}}