{"id":94917,"date":"2025-02-10T10:42:45","date_gmt":"2025-02-10T10:42:45","guid":{"rendered":"https:\/\/www.africa-press.net\/cotedivoire\/politique\/djibouti-discute-de-cooperation-avec-luit-sur-la-cybersecurite-et-la-5g"},"modified":"2025-02-10T10:42:45","modified_gmt":"2025-02-10T10:42:45","slug":"djibouti-discute-de-cooperation-avec-luit-sur-la-cybersecurite-et-la-5g","status":"publish","type":"post","link":"https:\/\/www.africa-press.net\/cotedivoire\/economie\/djibouti-discute-de-cooperation-avec-luit-sur-la-cybersecurite-et-la-5g","title":{"rendered":"Djibouti discute de coop\u00e9ration avec l&rsquo;UIT sur la cybers\u00e9curit\u00e9 et la 5G"},"content":{"rendered":"<p><b>Samira Njoya<\/b><\/p>\n<p><span style=\"color: #ff6600\"><strong>Africa-Press &#8211; C\u00f4te d&rsquo;Ivoire. <\/strong><\/span>Le pays \u0153uvre activement pour e\u0301tendre la couverture des services de te\u0301le\u0301phonie mobile et d&rsquo;Internet haut de\u0301bit a\u0300 l&rsquo;ensemble de la population d&rsquo;ici 2027. Pour re\u0301ussir cet objectif, des partenariats strate\u0301giques sont essentiels.<\/p>\n<p>Le gouvernement veut renforcer sa coope\u0301ration avec l\u2019Union Internationale des Te\u0301le\u0301communications (UIT) dans le domaine du nume\u0301rique et des te\u0301le\u0301communications. La question e\u0301tait au c\u0153ur des discussions lors d\u2019une rencontre, le mardi 28 janvier, entre le ministre djiboutien de la Communication charge\u0301 des Postes et des Te\u0301le\u0301communications, Radwan Abdillahi Bahdon (photo, a\u0300 gauche), et le directeur du bureau re\u0301gional de l\u2019UIT pour les E\u0301tats arabes, Adel Darwish (photo, au centre).<\/p>\n<p>Les discussions ont porte\u0301 sur plusieurs axes strate\u0301giques, notamment l\u2019ame\u0301lioration de la connectivite\u0301 dans les zones recule\u0301es, le de\u0301ploiement de la 5G et le renforcement de la cyberse\u0301curite\u0301. Djibouti souhaite be\u0301ne\u0301ficier de l\u2019expertise et du soutien de l\u2019UIT pour de\u0301velopper des solutions adapte\u0301es aux de\u0301fis locaux, et moderniser son infrastructure nume\u0301rique.<\/p>\n<p>Ces discussions s\u2019inscrivent dans la vision du gouvernement djiboutien de faire du nume\u0301rique un levier de de\u0301veloppement e\u0301conomique et social. Avec des investissements croissants dans les infrastructures, Djibouti ambitionne de devenir un hub technologique en Afrique de l\u2019Est a\u0300 l\u2019horizon 2035. En de\u0301cembre dernier, la socie\u0301te\u0301 publique Djibouti Telecom a signe\u0301 un partenariat avec Ericsson pour le de\u0301ploiement de la 5G, marquant une e\u0301tape cle\u0301 dans cette transition.<\/p>\n<p>Selon les donne\u0301es de DataReportal de janvier 2024, Djibouti comptait environ 553 800 abonne\u0301s a\u0300 la te\u0301le\u0301phonie mobile, soit un taux de pe\u0301ne\u0301tration de 48,4 %. Le nombre d\u2019internautes s\u2019e\u0301levait a\u0300 744 200, repre\u0301sentant 65 % de la population. En matie\u0300re de cyberse\u0301curite\u0301, le pays vient de se doter d\u2019une strate\u0301gie nationale pour la pe\u0301riode 2024-2030. Par ailleurs, le rapport Global Cybersecurity Index 2024 de l\u2019UIT classe Djibouti dans le Tier 4 avec un score de 31,47 sur 100, soulignant les efforts ne\u0301cessaires pour renforcer les capacite\u0301s en cyberse\u0301curite\u0301.<\/p>\n<p>Le soutien de l\u2019UIT devrait accompagner Djibouti dans la mise en \u0153uvre de sa strate\u0301gie de cyberse\u0301curite\u0301, ainsi que dans l\u2019ame\u0301lioration de la connectivite\u0301 des zones rurales, une priorite\u0301 du gouvernement dans le cadre du projet phare \u00ab Djibouti Fondement Nume\u0301rique \u00bb, soutenu par la Banque mondiale.<\/p>\n<p><strong>Pour plus d&rsquo;informations et d&rsquo;analyses sur la <span style=\"color: #ff6600\">C\u00f4te d&rsquo;Ivoire<\/span>, suivez <span style=\"color: #ff6600\">Africa-Press<span style=\"color: #ff6600\"><\/span><\/strong><\/p>\n","protected":false},"excerpt":{"rendered":"<p>Samira Njoya Africa-Press &#8211; C\u00f4te d&rsquo;Ivoire. Le pays \u0153uvre activement pour e\u0301tendre la couverture des services de te\u0301le\u0301phonie mobile et d&rsquo;Internet haut de\u0301bit a\u0300 l&rsquo;ensemble de la population d&rsquo;ici 2027. Pour re\u0301ussir cet objectif, des partenariats strate\u0301giques sont essentiels. Le gouvernement veut renforcer sa coope\u0301ration avec l\u2019Union Internationale des Te\u0301le\u0301communications (UIT) dans le domaine du [&hellip;]<\/p>\n","protected":false},"author":82,"featured_media":94916,"comment_status":"open","ping_status":"closed","sticky":false,"template":"","format":"standard","meta":{"footnotes":""},"categories":[3,10],"tags":[37],"class_list":["post-94917","post","type-post","status-publish","format-standard","has-post-thumbnail","hentry","category-economie","category-toutes-les-actualites","tag-cote-divoire-2"],"yoast_head":"<!-- This site is optimized with the Yoast SEO Premium plugin v26.1 (Yoast SEO v27.0) - https:\/\/yoast.com\/product\/yoast-seo-premium-wordpress\/ -->\n<title>Djibouti discute de coop\u00e9ration avec l&#039;UIT sur la cybers\u00e9curit\u00e9 et la 5G - C\u00f4te d&#039;Ivoire<\/title>\n<meta name=\"robots\" content=\"index, follow, max-snippet:-1, max-image-preview:large, max-video-preview:-1\" \/>\n<link rel=\"canonical\" href=\"https:\/\/www.africa-press.net\/cotedivoire\/politique\/djibouti-discute-de-cooperation-avec-luit-sur-la-cybersecurite-et-la-5g\" \/>\n<meta property=\"og:locale\" content=\"fr_FR\" \/>\n<meta property=\"og:type\" content=\"article\" \/>\n<meta property=\"og:title\" content=\"Djibouti discute de coop\u00e9ration avec l&#039;UIT sur la cybers\u00e9curit\u00e9 et la 5G\" \/>\n<meta property=\"og:description\" content=\"Samira Njoya Africa-Press &#8211; C\u00f4te d&rsquo;Ivoire. Le pays \u0153uvre activement pour e\u0301tendre la couverture des services de te\u0301le\u0301phonie mobile et d&rsquo;Internet haut de\u0301bit a\u0300 l&rsquo;ensemble de la population d&rsquo;ici 2027. Pour re\u0301ussir cet objectif, des partenariats strate\u0301giques sont essentiels. Le gouvernement veut renforcer sa coope\u0301ration avec l\u2019Union Internationale des Te\u0301le\u0301communications (UIT) dans le domaine du [&hellip;]\" \/>\n<meta property=\"og:url\" content=\"https:\/\/www.africa-press.net\/cotedivoire\/politique\/djibouti-discute-de-cooperation-avec-luit-sur-la-cybersecurite-et-la-5g\" \/>\n<meta property=\"og:site_name\" content=\"C\u00f4te d&#039;Ivoire\" \/>\n<meta property=\"article:published_time\" content=\"2025-02-10T10:42:45+00:00\" \/>\n<meta name=\"author\" content=\"cfeditorfr\" \/>\n<meta name=\"twitter:card\" content=\"summary_large_image\" \/>\n<meta name=\"twitter:label1\" content=\"\u00c9crit par\" \/>\n\t<meta name=\"twitter:data1\" content=\"cfeditorfr\" \/>\n\t<meta name=\"twitter:label2\" content=\"Dur\u00e9e de lecture estim\u00e9e\" \/>\n\t<meta name=\"twitter:data2\" content=\"2 minutes\" \/>\n<script type=\"application\/ld+json\" class=\"yoast-schema-graph\">{\"@context\":\"https:\/\/schema.org\",\"@graph\":[{\"@type\":\"Article\",\"@id\":\"https:\/\/www.africa-press.net\/cotedivoire\/politique\/djibouti-discute-de-cooperation-avec-luit-sur-la-cybersecurite-et-la-5g#article\",\"isPartOf\":{\"@id\":\"https:\/\/www.africa-press.net\/cotedivoire\/politique\/djibouti-discute-de-cooperation-avec-luit-sur-la-cybersecurite-et-la-5g\"},\"author\":{\"name\":\"cfeditorfr\",\"@id\":\"https:\/\/www.africa-press.net\/cotedivoire\/#\/schema\/person\/2b1cf3cd81a31e3cd26889ca66d677f1\"},\"headline\":\"Djibouti discute de coop\u00e9ration avec l&rsquo;UIT sur la cybers\u00e9curit\u00e9 et la 5G\",\"datePublished\":\"2025-02-10T10:42:45+00:00\",\"mainEntityOfPage\":{\"@id\":\"https:\/\/www.africa-press.net\/cotedivoire\/politique\/djibouti-discute-de-cooperation-avec-luit-sur-la-cybersecurite-et-la-5g\"},\"wordCount\":451,\"commentCount\":0,\"image\":{\"@id\":\"https:\/\/www.africa-press.net\/cotedivoire\/politique\/djibouti-discute-de-cooperation-avec-luit-sur-la-cybersecurite-et-la-5g#primaryimage\"},\"thumbnailUrl\":\"https:\/\/static.africa-press.net\/cote\/sites\/43\/2025\/02\/sm_1739175860.045509.jpg\",\"keywords\":[\"C\u00f4te d'Ivoire\"],\"articleSection\":[\"\u00c9conomie\",\"Toutes les actualit\u00e9s\"],\"inLanguage\":\"fr-FR\",\"potentialAction\":[{\"@type\":\"CommentAction\",\"name\":\"Comment\",\"target\":[\"https:\/\/www.africa-press.net\/cotedivoire\/politique\/djibouti-discute-de-cooperation-avec-luit-sur-la-cybersecurite-et-la-5g#respond\"]}]},{\"@type\":\"WebPage\",\"@id\":\"https:\/\/www.africa-press.net\/cotedivoire\/politique\/djibouti-discute-de-cooperation-avec-luit-sur-la-cybersecurite-et-la-5g\",\"url\":\"https:\/\/www.africa-press.net\/cotedivoire\/politique\/djibouti-discute-de-cooperation-avec-luit-sur-la-cybersecurite-et-la-5g\",\"name\":\"Djibouti discute de coop\u00e9ration avec l'UIT sur la cybers\u00e9curit\u00e9 et la 5G - C\u00f4te d&#039;Ivoire\",\"isPartOf\":{\"@id\":\"https:\/\/www.africa-press.net\/cotedivoire\/#website\"},\"primaryImageOfPage\":{\"@id\":\"https:\/\/www.africa-press.net\/cotedivoire\/politique\/djibouti-discute-de-cooperation-avec-luit-sur-la-cybersecurite-et-la-5g#primaryimage\"},\"image\":{\"@id\":\"https:\/\/www.africa-press.net\/cotedivoire\/politique\/djibouti-discute-de-cooperation-avec-luit-sur-la-cybersecurite-et-la-5g#primaryimage\"},\"thumbnailUrl\":\"https:\/\/static.africa-press.net\/cote\/sites\/43\/2025\/02\/sm_1739175860.045509.jpg\",\"datePublished\":\"2025-02-10T10:42:45+00:00\",\"author\":{\"@id\":\"https:\/\/www.africa-press.net\/cotedivoire\/#\/schema\/person\/2b1cf3cd81a31e3cd26889ca66d677f1\"},\"breadcrumb\":{\"@id\":\"https:\/\/www.africa-press.net\/cotedivoire\/politique\/djibouti-discute-de-cooperation-avec-luit-sur-la-cybersecurite-et-la-5g#breadcrumb\"},\"inLanguage\":\"fr-FR\",\"potentialAction\":[{\"@type\":\"ReadAction\",\"target\":[\"https:\/\/www.africa-press.net\/cotedivoire\/politique\/djibouti-discute-de-cooperation-avec-luit-sur-la-cybersecurite-et-la-5g\"]}]},{\"@type\":\"ImageObject\",\"inLanguage\":\"fr-FR\",\"@id\":\"https:\/\/www.africa-press.net\/cotedivoire\/politique\/djibouti-discute-de-cooperation-avec-luit-sur-la-cybersecurite-et-la-5g#primaryimage\",\"url\":\"https:\/\/static.africa-press.net\/cote\/sites\/43\/2025\/02\/sm_1739175860.045509.jpg\",\"contentUrl\":\"https:\/\/static.africa-press.net\/cote\/sites\/43\/2025\/02\/sm_1739175860.045509.jpg\",\"width\":450,\"height\":300,\"caption\":\"Djibouti discute de coop\u00e9ration avec l'UIT sur la cybers\u00e9curit\u00e9 et la 5G\"},{\"@type\":\"BreadcrumbList\",\"@id\":\"https:\/\/www.africa-press.net\/cotedivoire\/politique\/djibouti-discute-de-cooperation-avec-luit-sur-la-cybersecurite-et-la-5g#breadcrumb\",\"itemListElement\":[{\"@type\":\"ListItem\",\"position\":1,\"name\":\"Accueil\",\"item\":\"https:\/\/www.africa-press.net\/cotedivoire\/\"},{\"@type\":\"ListItem\",\"position\":2,\"name\":\"Djibouti discute de coop\u00e9ration avec l&rsquo;UIT sur la cybers\u00e9curit\u00e9 et la 5G\"}]},{\"@type\":\"WebSite\",\"@id\":\"https:\/\/www.africa-press.net\/cotedivoire\/#website\",\"url\":\"https:\/\/www.africa-press.net\/cotedivoire\/\",\"name\":\"C\u00f4te d&#039;Ivoire\",\"description\":\"Just another Africa News Agency Sites site\",\"potentialAction\":[{\"@type\":\"SearchAction\",\"target\":{\"@type\":\"EntryPoint\",\"urlTemplate\":\"https:\/\/www.africa-press.net\/cotedivoire\/?s={search_term_string}\"},\"query-input\":{\"@type\":\"PropertyValueSpecification\",\"valueRequired\":true,\"valueName\":\"search_term_string\"}}],\"inLanguage\":\"fr-FR\"},{\"@type\":\"Person\",\"@id\":\"https:\/\/www.africa-press.net\/cotedivoire\/#\/schema\/person\/2b1cf3cd81a31e3cd26889ca66d677f1\",\"name\":\"cfeditorfr\"}]}<\/script>\n<!-- \/ Yoast SEO Premium plugin. -->","yoast_head_json":{"title":"Djibouti discute de coop\u00e9ration avec l'UIT sur la cybers\u00e9curit\u00e9 et la 5G - C\u00f4te d&#039;Ivoire","robots":{"index":"index","follow":"follow","max-snippet":"max-snippet:-1","max-image-preview":"max-image-preview:large","max-video-preview":"max-video-preview:-1"},"canonical":"https:\/\/www.africa-press.net\/cotedivoire\/politique\/djibouti-discute-de-cooperation-avec-luit-sur-la-cybersecurite-et-la-5g","og_locale":"fr_FR","og_type":"article","og_title":"Djibouti discute de coop\u00e9ration avec l'UIT sur la cybers\u00e9curit\u00e9 et la 5G","og_description":"Samira Njoya Africa-Press &#8211; C\u00f4te d&rsquo;Ivoire. Le pays \u0153uvre activement pour e\u0301tendre la couverture des services de te\u0301le\u0301phonie mobile et d&rsquo;Internet haut de\u0301bit a\u0300 l&rsquo;ensemble de la population d&rsquo;ici 2027. Pour re\u0301ussir cet objectif, des partenariats strate\u0301giques sont essentiels. Le gouvernement veut renforcer sa coope\u0301ration avec l\u2019Union Internationale des Te\u0301le\u0301communications (UIT) dans le domaine du [&hellip;]","og_url":"https:\/\/www.africa-press.net\/cotedivoire\/politique\/djibouti-discute-de-cooperation-avec-luit-sur-la-cybersecurite-et-la-5g","og_site_name":"C\u00f4te d&#039;Ivoire","article_published_time":"2025-02-10T10:42:45+00:00","author":"cfeditorfr","twitter_card":"summary_large_image","twitter_misc":{"\u00c9crit par":"cfeditorfr","Dur\u00e9e de lecture estim\u00e9e":"2 minutes"},"schema":{"@context":"https:\/\/schema.org","@graph":[{"@type":"Article","@id":"https:\/\/www.africa-press.net\/cotedivoire\/politique\/djibouti-discute-de-cooperation-avec-luit-sur-la-cybersecurite-et-la-5g#article","isPartOf":{"@id":"https:\/\/www.africa-press.net\/cotedivoire\/politique\/djibouti-discute-de-cooperation-avec-luit-sur-la-cybersecurite-et-la-5g"},"author":{"name":"cfeditorfr","@id":"https:\/\/www.africa-press.net\/cotedivoire\/#\/schema\/person\/2b1cf3cd81a31e3cd26889ca66d677f1"},"headline":"Djibouti discute de coop\u00e9ration avec l&rsquo;UIT sur la cybers\u00e9curit\u00e9 et la 5G","datePublished":"2025-02-10T10:42:45+00:00","mainEntityOfPage":{"@id":"https:\/\/www.africa-press.net\/cotedivoire\/politique\/djibouti-discute-de-cooperation-avec-luit-sur-la-cybersecurite-et-la-5g"},"wordCount":451,"commentCount":0,"image":{"@id":"https:\/\/www.africa-press.net\/cotedivoire\/politique\/djibouti-discute-de-cooperation-avec-luit-sur-la-cybersecurite-et-la-5g#primaryimage"},"thumbnailUrl":"https:\/\/static.africa-press.net\/cote\/sites\/43\/2025\/02\/sm_1739175860.045509.jpg","keywords":["C\u00f4te d'Ivoire"],"articleSection":["\u00c9conomie","Toutes les actualit\u00e9s"],"inLanguage":"fr-FR","potentialAction":[{"@type":"CommentAction","name":"Comment","target":["https:\/\/www.africa-press.net\/cotedivoire\/politique\/djibouti-discute-de-cooperation-avec-luit-sur-la-cybersecurite-et-la-5g#respond"]}]},{"@type":"WebPage","@id":"https:\/\/www.africa-press.net\/cotedivoire\/politique\/djibouti-discute-de-cooperation-avec-luit-sur-la-cybersecurite-et-la-5g","url":"https:\/\/www.africa-press.net\/cotedivoire\/politique\/djibouti-discute-de-cooperation-avec-luit-sur-la-cybersecurite-et-la-5g","name":"Djibouti discute de coop\u00e9ration avec l'UIT sur la cybers\u00e9curit\u00e9 et la 5G - C\u00f4te d&#039;Ivoire","isPartOf":{"@id":"https:\/\/www.africa-press.net\/cotedivoire\/#website"},"primaryImageOfPage":{"@id":"https:\/\/www.africa-press.net\/cotedivoire\/politique\/djibouti-discute-de-cooperation-avec-luit-sur-la-cybersecurite-et-la-5g#primaryimage"},"image":{"@id":"https:\/\/www.africa-press.net\/cotedivoire\/politique\/djibouti-discute-de-cooperation-avec-luit-sur-la-cybersecurite-et-la-5g#primaryimage"},"thumbnailUrl":"https:\/\/static.africa-press.net\/cote\/sites\/43\/2025\/02\/sm_1739175860.045509.jpg","datePublished":"2025-02-10T10:42:45+00:00","author":{"@id":"https:\/\/www.africa-press.net\/cotedivoire\/#\/schema\/person\/2b1cf3cd81a31e3cd26889ca66d677f1"},"breadcrumb":{"@id":"https:\/\/www.africa-press.net\/cotedivoire\/politique\/djibouti-discute-de-cooperation-avec-luit-sur-la-cybersecurite-et-la-5g#breadcrumb"},"inLanguage":"fr-FR","potentialAction":[{"@type":"ReadAction","target":["https:\/\/www.africa-press.net\/cotedivoire\/politique\/djibouti-discute-de-cooperation-avec-luit-sur-la-cybersecurite-et-la-5g"]}]},{"@type":"ImageObject","inLanguage":"fr-FR","@id":"https:\/\/www.africa-press.net\/cotedivoire\/politique\/djibouti-discute-de-cooperation-avec-luit-sur-la-cybersecurite-et-la-5g#primaryimage","url":"https:\/\/static.africa-press.net\/cote\/sites\/43\/2025\/02\/sm_1739175860.045509.jpg","contentUrl":"https:\/\/static.africa-press.net\/cote\/sites\/43\/2025\/02\/sm_1739175860.045509.jpg","width":450,"height":300,"caption":"Djibouti discute de coop\u00e9ration avec l'UIT sur la cybers\u00e9curit\u00e9 et la 5G"},{"@type":"BreadcrumbList","@id":"https:\/\/www.africa-press.net\/cotedivoire\/politique\/djibouti-discute-de-cooperation-avec-luit-sur-la-cybersecurite-et-la-5g#breadcrumb","itemListElement":[{"@type":"ListItem","position":1,"name":"Accueil","item":"https:\/\/www.africa-press.net\/cotedivoire\/"},{"@type":"ListItem","position":2,"name":"Djibouti discute de coop\u00e9ration avec l&rsquo;UIT sur la cybers\u00e9curit\u00e9 et la 5G"}]},{"@type":"WebSite","@id":"https:\/\/www.africa-press.net\/cotedivoire\/#website","url":"https:\/\/www.africa-press.net\/cotedivoire\/","name":"C\u00f4te d&#039;Ivoire","description":"Just another Africa News Agency Sites site","potentialAction":[{"@type":"SearchAction","target":{"@type":"EntryPoint","urlTemplate":"https:\/\/www.africa-press.net\/cotedivoire\/?s={search_term_string}"},"query-input":{"@type":"PropertyValueSpecification","valueRequired":true,"valueName":"search_term_string"}}],"inLanguage":"fr-FR"},{"@type":"Person","@id":"https:\/\/www.africa-press.net\/cotedivoire\/#\/schema\/person\/2b1cf3cd81a31e3cd26889ca66d677f1","name":"cfeditorfr"}]}},"_links":{"self":[{"href":"https:\/\/www.africa-press.net\/cotedivoire\/wp-json\/wp\/v2\/posts\/94917","targetHints":{"allow":["GET"]}}],"collection":[{"href":"https:\/\/www.africa-press.net\/cotedivoire\/wp-json\/wp\/v2\/posts"}],"about":[{"href":"https:\/\/www.africa-press.net\/cotedivoire\/wp-json\/wp\/v2\/types\/post"}],"author":[{"embeddable":true,"href":"https:\/\/www.africa-press.net\/cotedivoire\/wp-json\/wp\/v2\/users\/82"}],"replies":[{"embeddable":true,"href":"https:\/\/www.africa-press.net\/cotedivoire\/wp-json\/wp\/v2\/comments?post=94917"}],"version-history":[{"count":0,"href":"https:\/\/www.africa-press.net\/cotedivoire\/wp-json\/wp\/v2\/posts\/94917\/revisions"}],"wp:featuredmedia":[{"embeddable":true,"href":"https:\/\/www.africa-press.net\/cotedivoire\/wp-json\/wp\/v2\/media\/94916"}],"wp:attachment":[{"href":"https:\/\/www.africa-press.net\/cotedivoire\/wp-json\/wp\/v2\/media?parent=94917"}],"wp:term":[{"taxonomy":"category","embeddable":true,"href":"https:\/\/www.africa-press.net\/cotedivoire\/wp-json\/wp\/v2\/categories?post=94917"},{"taxonomy":"post_tag","embeddable":true,"href":"https:\/\/www.africa-press.net\/cotedivoire\/wp-json\/wp\/v2\/tags?post=94917"}],"curies":[{"name":"wp","href":"https:\/\/api.w.org\/{rel}","templated":true}]}}