{"id":94926,"date":"2025-02-10T13:16:31","date_gmt":"2025-02-10T13:16:31","guid":{"rendered":"https:\/\/www.africa-press.net\/cotedivoire\/politique\/au-chili-lobservation-dun-des-ciels-les-plus-etoiles-du-monde-menacee"},"modified":"2025-02-10T13:16:31","modified_gmt":"2025-02-10T13:16:31","slug":"au-chili-lobservation-dun-des-ciels-les-plus-etoiles-du-monde-menacee","status":"publish","type":"post","link":"https:\/\/www.africa-press.net\/cotedivoire\/toutes-les-actualites\/au-chili-lobservation-dun-des-ciels-les-plus-etoiles-du-monde-menacee","title":{"rendered":"Au Chili, l&rsquo;observation d&rsquo;un des ciels les plus \u00e9toil\u00e9s du monde menac\u00e9e"},"content":{"rendered":"<p><span style=\"color: #ff6600\"><strong>Africa-Press &#8211; C\u00f4te d&rsquo;Ivoire. <\/strong><\/span>La nuit tombe sur le de\u0301sert d&rsquo;Atacama et quatre puissants te\u0301lescopes commencent a\u0300 scruter l&rsquo;un des ciels les plus purs et les plus e\u0301toile\u0301s du monde. Pourtant, l&rsquo;Observatoire de Paranal, dans le nord du Chili, pourrait e\u0302tre menace\u0301 par la pollution lumineuse d&rsquo;un me\u0301gaprojet e\u0301nerge\u0301tique.<\/p>\n<p>Situe\u0301 a\u0300 2.635 me\u0300tres d&rsquo;altitude, le site permet d'\u00a0\u00bbobserver la Voie lacte\u0301e avec une clarte\u0301 ine\u0301gale\u0301e (&#8230;), il s&rsquo;agit des ciels les plus de\u0301gage\u0301s, les plus sombres\u00a0\u00bb, explique a\u0300 l&rsquo;AFP Itziar de Gregorio, une astronome espagnole de l&rsquo;Observatoire Europe\u0301en Austral (ESO), qui exploite les lieux.<\/p>\n<p>A quelques kilome\u0300tres de ce \u00ab\u00a0sanctuaire astronomique mondial\u00a0\u00bb est pourtant pre\u0301vue la construction d&rsquo;une usine consacre\u0301e aux e\u0301nergies propres, dans le cadre de l&rsquo;ambitieux programme chilien de remplacement des e\u0301nergies fossiles d&rsquo;ici a\u0300 2050.<\/p>\n<p>Les scientifiques s&rsquo;inquie\u0300tent de la pollution lumineuse que pourrait ge\u0301ne\u0301rer le projet: l&rsquo;exce\u0300s de lumie\u0300re artificielle limite en effet la visibilite\u0301 de certains phe\u0301nome\u0300nes, comme les e\u0301clipses et les pluies de me\u0301te\u0301orites, pre\u0301viennent-ils.<\/p>\n<p><img loading=\"lazy\" decoding=\"async\" width=\"768\" height=\"512\" class=\"alignnone wp-image-94923 size-full\" src=\"https:\/\/static.africa-press.net\/cote\/sites\/43\/2025\/02\/sm_1739180902.720736.jpg\" srcset=\"https:\/\/static.africa-press.net\/cote\/sites\/43\/2025\/02\/sm_1739180902.720736.jpg 768w, https:\/\/static.africa-press.net\/cote\/sites\/43\/2025\/02\/sm_1739180902.720736-300x200.jpg 300w\" sizes=\"auto, (max-width: 768px) 100vw, 768px\" \/><\/p>\n<p>Ce phe\u0301nome\u0300ne, ge\u0301ne\u0301ralement lie\u0301 a\u0300 une augmentation de l&rsquo;e\u0301clairage public et a\u0300 la pre\u0301sence de panneaux publicitaires lumineux, affecte aussi les cycles de sommeil chez les humains et de\u0301soriente les oiseaux migrateurs. Pourtant, il passe souvent inaperc\u0327u.<\/p>\n<p>\u00ab\u00a0Quand on voit un robinet ouvert, on re\u0301alise que l&rsquo;on perd de l&rsquo;eau. Mais si on voit un endroit tre\u0300s e\u0301claire\u0301 la nuit, on ne pense pas que c&rsquo;est une pollution\u00a0\u00bb, note Daniela Gonzalez, de la Fondation Cielos de Chile, qui lutte contre le fle\u0301au.<\/p>\n<p>A Paranal, c&rsquo;est quand le soleil se couche que de\u0301bute la phase la plus intense du travail. Dans la journe\u0301e, astronomes et inge\u0301nieurs traitent les donne\u0301es. La nuit, ils sondent l&rsquo;infini.<\/p>\n<p>Ici, \u00ab\u00a0les recherches portent sur presque tous les phe\u0301nome\u0300nes de l&rsquo;espace\u00a0\u00bb, comme les plane\u0300tes et les come\u0300tes proches de la Terre, les trous noirs et la vie hors du syste\u0300me solaire, s&rsquo;enthousiasme Steffen Mieske, le chef des ope\u0301rations scientifiques du site.<\/p>\n<p>&#8211; Zone d'\u00a0\u00bbexclusion lumineuse\u00a0\u00bb &#8211;<\/p>\n<p>Dans le de\u0301sert d&rsquo;Atacama, le plus aride et le plus sec du monde, les nuages sont rares, offrant des conditions ide\u0301ales pour l&rsquo;observation du cosmos. En outre, la pollution lumineuse y est faible. L&rsquo;Observatoire de Paranal se trouve ainsi a\u0300 plus de 100 km d&rsquo;Antofagasta, la ville la plus proche.<\/p>\n<p>Mais cela pourrait changer avec la construction de la nouvelle usine. Dans une lettre ouverte, une quarantaine d&rsquo;astronomes, scientifiques et me\u0302me poe\u0300tes ont re\u0301cemment exprime\u0301 leur pre\u0301occupation.<\/p>\n<p><img loading=\"lazy\" decoding=\"async\" width=\"768\" height=\"492\" class=\"alignnone wp-image-94924 size-full\" src=\"https:\/\/static.africa-press.net\/cote\/sites\/43\/2025\/02\/sm_1739180905.35986.jpg\" srcset=\"https:\/\/static.africa-press.net\/cote\/sites\/43\/2025\/02\/sm_1739180905.35986.jpg 768w, https:\/\/static.africa-press.net\/cote\/sites\/43\/2025\/02\/sm_1739180905.35986-300x192.jpg 300w\" sizes=\"auto, (max-width: 768px) 100vw, 768px\" \/><\/p>\n<p>Le projet, finance\u0301 a\u0300 hauteur de 10 milliards de dollars par AES Andes, la filiale chilienne de la compagnie ame\u0301ricaine AES Corporation, s&rsquo;e\u0301tendrait sur 3.000 hectares. Il pre\u0301voit, selon l&rsquo;entreprise, \u00ab\u00a0la production d&rsquo;hydroge\u0300ne et d&rsquo;ammoniac vert, ainsi que le de\u0301veloppement du solaire, de l&rsquo;e\u0301olien et du stockage des batteries\u00a0\u00bb.<\/p>\n<p>Cependant, la question de la distance entre l&rsquo;Observatoire de Paranal et la future usine divise. Tandis que l&rsquo;entreprise l&rsquo;e\u0301value a\u0300 20 ou 30 km, les chercheurs estiment qu&rsquo;elle ne de\u0301passe pas 11 km. Sans s&rsquo;opposer au projet, ces derniers re\u0301clament la cre\u0301ation d&rsquo;une zone d'\u00a0\u00bbexclusion lumineuse\u00a0\u00bb afin de pre\u0301server l&rsquo;inte\u0301grite\u0301 du site.<\/p>\n<p>AES Andes, dans un court communique\u0301 de presse, assure que son projet respecte \u00ab\u00a0les normes les plus e\u0301leve\u0301es en termes d&rsquo;e\u0301clairage\u00a0\u00bb et re\u0301pond a\u0300 celle e\u0301dicte\u0301e par le gouvernement sur le sujet. Mise en place en octobre, cette dernie\u0300re vise notamment a\u0300 prote\u0301ger les principaux lieux d&rsquo;observation astronomique.<\/p>\n<p>&#8211; \u00ab\u00a0Fene\u0302tre sur l&rsquo;univers\u00a0\u00bb &#8211;<\/p>\n<p>Le projet, actuellement en cours d&rsquo;e\u0301valuation environnementale, ne devrait pas recevoir sa licence d&rsquo;exploitation avant deux a\u0300 trois ans.<\/p>\n<p>Dans les montagnes du Cerro Armazones, a\u0300 une vingtaine de kilome\u0300tres de l&rsquo;Observatoire, la construction du Te\u0301lescope Ge\u0301ant Europe\u0301en (ELT) progresse. Il s&rsquo;agit de l&rsquo;instrument optique le plus grand du monde avec 39 me\u0300tres de diame\u0300tre.<\/p>\n<p>Pour les scientifiques, le risque est aussi que le me\u0301gaprojet e\u0301nerge\u0301tique interfe\u0300re avec le fonctionnement de ce dispositif dont le lancement est pre\u0301vu en 2028.<\/p>\n<p>Inestimable pour la recherche astronomique, la \u00ab\u00a0fene\u0302tre sur l&rsquo;univers\u00a0\u00bb que repre\u0301sente le Chili pourrait se fermer, avertit Itziar de Gregorio. Une augmentation de la pollution lumineuse dans ce site unique pourrait retarder \u00ab\u00a0la re\u0301ponse a\u0300 laquelle nous aspirons tant (&#8230;), savoir si nous sommes seuls ou non dans l&rsquo;univers\u00a0\u00bb, alerte l&rsquo;astronome.<\/p>\n<p><strong>Pour plus d&rsquo;informations et d&rsquo;analyses sur la <span style=\"color: #ff6600\">C\u00f4te d&rsquo;Ivoire<\/span>, suivez <span style=\"color: #ff6600\">Africa-Press<span style=\"color: #ff6600\"><\/span><\/strong><\/p>\n","protected":false},"excerpt":{"rendered":"<p>Africa-Press &#8211; C\u00f4te d&rsquo;Ivoire. La nuit tombe sur le de\u0301sert d&rsquo;Atacama et quatre puissants te\u0301lescopes commencent a\u0300 scruter l&rsquo;un des ciels les plus purs et les plus e\u0301toile\u0301s du monde. Pourtant, l&rsquo;Observatoire de Paranal, dans le nord du Chili, pourrait e\u0302tre menace\u0301 par la pollution lumineuse d&rsquo;un me\u0301gaprojet e\u0301nerge\u0301tique. Situe\u0301 a\u0300 2.635 me\u0300tres d&rsquo;altitude, le [&hellip;]<\/p>\n","protected":false},"author":82,"featured_media":94925,"comment_status":"open","ping_status":"closed","sticky":false,"template":"","format":"standard","meta":{"footnotes":""},"categories":[22,10],"tags":[37],"class_list":["post-94926","post","type-post","status-publish","format-standard","has-post-thumbnail","hentry","category-divers","category-toutes-les-actualites","tag-cote-divoire-2"],"yoast_head":"<!-- This site is optimized with the Yoast SEO Premium plugin v26.1 (Yoast SEO v27.0) - https:\/\/yoast.com\/product\/yoast-seo-premium-wordpress\/ -->\n<title>Au Chili, l&#039;observation d&#039;un des ciels les plus \u00e9toil\u00e9s du monde menac\u00e9e - C\u00f4te d&#039;Ivoire<\/title>\n<meta name=\"robots\" content=\"index, follow, max-snippet:-1, max-image-preview:large, max-video-preview:-1\" \/>\n<link rel=\"canonical\" href=\"https:\/\/www.africa-press.net\/cotedivoire\/politique\/au-chili-lobservation-dun-des-ciels-les-plus-etoiles-du-monde-menacee\" \/>\n<meta property=\"og:locale\" content=\"fr_FR\" \/>\n<meta property=\"og:type\" content=\"article\" \/>\n<meta property=\"og:title\" content=\"Au Chili, l&#039;observation d&#039;un des ciels les plus \u00e9toil\u00e9s du monde menac\u00e9e\" \/>\n<meta property=\"og:description\" content=\"Africa-Press &#8211; C\u00f4te d&rsquo;Ivoire. La nuit tombe sur le de\u0301sert d&rsquo;Atacama et quatre puissants te\u0301lescopes commencent a\u0300 scruter l&rsquo;un des ciels les plus purs et les plus e\u0301toile\u0301s du monde. Pourtant, l&rsquo;Observatoire de Paranal, dans le nord du Chili, pourrait e\u0302tre menace\u0301 par la pollution lumineuse d&rsquo;un me\u0301gaprojet e\u0301nerge\u0301tique. Situe\u0301 a\u0300 2.635 me\u0300tres d&rsquo;altitude, le [&hellip;]\" \/>\n<meta property=\"og:url\" content=\"https:\/\/www.africa-press.net\/cotedivoire\/politique\/au-chili-lobservation-dun-des-ciels-les-plus-etoiles-du-monde-menacee\" \/>\n<meta property=\"og:site_name\" content=\"C\u00f4te d&#039;Ivoire\" \/>\n<meta property=\"article:published_time\" content=\"2025-02-10T13:16:31+00:00\" \/>\n<meta property=\"og:image\" content=\"https:\/\/static.africa-press.net\/cote\/sites\/43\/2025\/02\/sm_1739180902.720736.jpg\" \/>\n\t<meta property=\"og:image:width\" content=\"768\" \/>\n\t<meta property=\"og:image:height\" content=\"512\" \/>\n\t<meta property=\"og:image:type\" content=\"image\/jpeg\" \/>\n<meta name=\"author\" content=\"cfeditorfr\" \/>\n<meta name=\"twitter:card\" content=\"summary_large_image\" \/>\n<meta name=\"twitter:label1\" content=\"\u00c9crit par\" \/>\n\t<meta name=\"twitter:data1\" content=\"cfeditorfr\" \/>\n\t<meta name=\"twitter:label2\" content=\"Dur\u00e9e de lecture estim\u00e9e\" \/>\n\t<meta name=\"twitter:data2\" content=\"4 minutes\" \/>\n<script type=\"application\/ld+json\" class=\"yoast-schema-graph\">{\"@context\":\"https:\/\/schema.org\",\"@graph\":[{\"@type\":\"Article\",\"@id\":\"https:\/\/www.africa-press.net\/cotedivoire\/politique\/au-chili-lobservation-dun-des-ciels-les-plus-etoiles-du-monde-menacee#article\",\"isPartOf\":{\"@id\":\"https:\/\/www.africa-press.net\/cotedivoire\/politique\/au-chili-lobservation-dun-des-ciels-les-plus-etoiles-du-monde-menacee\"},\"author\":{\"name\":\"cfeditorfr\",\"@id\":\"https:\/\/www.africa-press.net\/cotedivoire\/#\/schema\/person\/2b1cf3cd81a31e3cd26889ca66d677f1\"},\"headline\":\"Au Chili, l&rsquo;observation d&rsquo;un des ciels les plus \u00e9toil\u00e9s du monde menac\u00e9e\",\"datePublished\":\"2025-02-10T13:16:31+00:00\",\"mainEntityOfPage\":{\"@id\":\"https:\/\/www.africa-press.net\/cotedivoire\/politique\/au-chili-lobservation-dun-des-ciels-les-plus-etoiles-du-monde-menacee\"},\"wordCount\":850,\"commentCount\":0,\"image\":{\"@id\":\"https:\/\/www.africa-press.net\/cotedivoire\/politique\/au-chili-lobservation-dun-des-ciels-les-plus-etoiles-du-monde-menacee#primaryimage\"},\"thumbnailUrl\":\"https:\/\/static.africa-press.net\/cote\/sites\/43\/2025\/02\/sm_1739180908.054265.jpg\",\"keywords\":[\"C\u00f4te d'Ivoire\"],\"articleSection\":[\"Divers\",\"Toutes les actualit\u00e9s\"],\"inLanguage\":\"fr-FR\",\"potentialAction\":[{\"@type\":\"CommentAction\",\"name\":\"Comment\",\"target\":[\"https:\/\/www.africa-press.net\/cotedivoire\/politique\/au-chili-lobservation-dun-des-ciels-les-plus-etoiles-du-monde-menacee#respond\"]}]},{\"@type\":\"WebPage\",\"@id\":\"https:\/\/www.africa-press.net\/cotedivoire\/politique\/au-chili-lobservation-dun-des-ciels-les-plus-etoiles-du-monde-menacee\",\"url\":\"https:\/\/www.africa-press.net\/cotedivoire\/politique\/au-chili-lobservation-dun-des-ciels-les-plus-etoiles-du-monde-menacee\",\"name\":\"Au Chili, l'observation d'un des ciels les plus \u00e9toil\u00e9s du monde menac\u00e9e - C\u00f4te d&#039;Ivoire\",\"isPartOf\":{\"@id\":\"https:\/\/www.africa-press.net\/cotedivoire\/#website\"},\"primaryImageOfPage\":{\"@id\":\"https:\/\/www.africa-press.net\/cotedivoire\/politique\/au-chili-lobservation-dun-des-ciels-les-plus-etoiles-du-monde-menacee#primaryimage\"},\"image\":{\"@id\":\"https:\/\/www.africa-press.net\/cotedivoire\/politique\/au-chili-lobservation-dun-des-ciels-les-plus-etoiles-du-monde-menacee#primaryimage\"},\"thumbnailUrl\":\"https:\/\/static.africa-press.net\/cote\/sites\/43\/2025\/02\/sm_1739180908.054265.jpg\",\"datePublished\":\"2025-02-10T13:16:31+00:00\",\"author\":{\"@id\":\"https:\/\/www.africa-press.net\/cotedivoire\/#\/schema\/person\/2b1cf3cd81a31e3cd26889ca66d677f1\"},\"breadcrumb\":{\"@id\":\"https:\/\/www.africa-press.net\/cotedivoire\/politique\/au-chili-lobservation-dun-des-ciels-les-plus-etoiles-du-monde-menacee#breadcrumb\"},\"inLanguage\":\"fr-FR\",\"potentialAction\":[{\"@type\":\"ReadAction\",\"target\":[\"https:\/\/www.africa-press.net\/cotedivoire\/politique\/au-chili-lobservation-dun-des-ciels-les-plus-etoiles-du-monde-menacee\"]}]},{\"@type\":\"ImageObject\",\"inLanguage\":\"fr-FR\",\"@id\":\"https:\/\/www.africa-press.net\/cotedivoire\/politique\/au-chili-lobservation-dun-des-ciels-les-plus-etoiles-du-monde-menacee#primaryimage\",\"url\":\"https:\/\/static.africa-press.net\/cote\/sites\/43\/2025\/02\/sm_1739180908.054265.jpg\",\"contentUrl\":\"https:\/\/static.africa-press.net\/cote\/sites\/43\/2025\/02\/sm_1739180908.054265.jpg\",\"width\":1200,\"height\":900,\"caption\":\"Au Chili, l'observation d'un des ciels les plus \u00e9toil\u00e9s du monde menac\u00e9e\"},{\"@type\":\"BreadcrumbList\",\"@id\":\"https:\/\/www.africa-press.net\/cotedivoire\/politique\/au-chili-lobservation-dun-des-ciels-les-plus-etoiles-du-monde-menacee#breadcrumb\",\"itemListElement\":[{\"@type\":\"ListItem\",\"position\":1,\"name\":\"Accueil\",\"item\":\"https:\/\/www.africa-press.net\/cotedivoire\/\"},{\"@type\":\"ListItem\",\"position\":2,\"name\":\"Au Chili, l&rsquo;observation d&rsquo;un des ciels les plus \u00e9toil\u00e9s du monde menac\u00e9e\"}]},{\"@type\":\"WebSite\",\"@id\":\"https:\/\/www.africa-press.net\/cotedivoire\/#website\",\"url\":\"https:\/\/www.africa-press.net\/cotedivoire\/\",\"name\":\"C\u00f4te d&#039;Ivoire\",\"description\":\"Just another Africa News Agency Sites site\",\"potentialAction\":[{\"@type\":\"SearchAction\",\"target\":{\"@type\":\"EntryPoint\",\"urlTemplate\":\"https:\/\/www.africa-press.net\/cotedivoire\/?s={search_term_string}\"},\"query-input\":{\"@type\":\"PropertyValueSpecification\",\"valueRequired\":true,\"valueName\":\"search_term_string\"}}],\"inLanguage\":\"fr-FR\"},{\"@type\":\"Person\",\"@id\":\"https:\/\/www.africa-press.net\/cotedivoire\/#\/schema\/person\/2b1cf3cd81a31e3cd26889ca66d677f1\",\"name\":\"cfeditorfr\"}]}<\/script>\n<!-- \/ Yoast SEO Premium plugin. -->","yoast_head_json":{"title":"Au Chili, l'observation d'un des ciels les plus \u00e9toil\u00e9s du monde menac\u00e9e - C\u00f4te d&#039;Ivoire","robots":{"index":"index","follow":"follow","max-snippet":"max-snippet:-1","max-image-preview":"max-image-preview:large","max-video-preview":"max-video-preview:-1"},"canonical":"https:\/\/www.africa-press.net\/cotedivoire\/politique\/au-chili-lobservation-dun-des-ciels-les-plus-etoiles-du-monde-menacee","og_locale":"fr_FR","og_type":"article","og_title":"Au Chili, l'observation d'un des ciels les plus \u00e9toil\u00e9s du monde menac\u00e9e","og_description":"Africa-Press &#8211; C\u00f4te d&rsquo;Ivoire. La nuit tombe sur le de\u0301sert d&rsquo;Atacama et quatre puissants te\u0301lescopes commencent a\u0300 scruter l&rsquo;un des ciels les plus purs et les plus e\u0301toile\u0301s du monde. Pourtant, l&rsquo;Observatoire de Paranal, dans le nord du Chili, pourrait e\u0302tre menace\u0301 par la pollution lumineuse d&rsquo;un me\u0301gaprojet e\u0301nerge\u0301tique. Situe\u0301 a\u0300 2.635 me\u0300tres d&rsquo;altitude, le [&hellip;]","og_url":"https:\/\/www.africa-press.net\/cotedivoire\/politique\/au-chili-lobservation-dun-des-ciels-les-plus-etoiles-du-monde-menacee","og_site_name":"C\u00f4te d&#039;Ivoire","article_published_time":"2025-02-10T13:16:31+00:00","og_image":[{"width":768,"height":512,"url":"https:\/\/static.africa-press.net\/cote\/sites\/43\/2025\/02\/sm_1739180902.720736.jpg","type":"image\/jpeg"}],"author":"cfeditorfr","twitter_card":"summary_large_image","twitter_misc":{"\u00c9crit par":"cfeditorfr","Dur\u00e9e de lecture estim\u00e9e":"4 minutes"},"schema":{"@context":"https:\/\/schema.org","@graph":[{"@type":"Article","@id":"https:\/\/www.africa-press.net\/cotedivoire\/politique\/au-chili-lobservation-dun-des-ciels-les-plus-etoiles-du-monde-menacee#article","isPartOf":{"@id":"https:\/\/www.africa-press.net\/cotedivoire\/politique\/au-chili-lobservation-dun-des-ciels-les-plus-etoiles-du-monde-menacee"},"author":{"name":"cfeditorfr","@id":"https:\/\/www.africa-press.net\/cotedivoire\/#\/schema\/person\/2b1cf3cd81a31e3cd26889ca66d677f1"},"headline":"Au Chili, l&rsquo;observation d&rsquo;un des ciels les plus \u00e9toil\u00e9s du monde menac\u00e9e","datePublished":"2025-02-10T13:16:31+00:00","mainEntityOfPage":{"@id":"https:\/\/www.africa-press.net\/cotedivoire\/politique\/au-chili-lobservation-dun-des-ciels-les-plus-etoiles-du-monde-menacee"},"wordCount":850,"commentCount":0,"image":{"@id":"https:\/\/www.africa-press.net\/cotedivoire\/politique\/au-chili-lobservation-dun-des-ciels-les-plus-etoiles-du-monde-menacee#primaryimage"},"thumbnailUrl":"https:\/\/static.africa-press.net\/cote\/sites\/43\/2025\/02\/sm_1739180908.054265.jpg","keywords":["C\u00f4te d'Ivoire"],"articleSection":["Divers","Toutes les actualit\u00e9s"],"inLanguage":"fr-FR","potentialAction":[{"@type":"CommentAction","name":"Comment","target":["https:\/\/www.africa-press.net\/cotedivoire\/politique\/au-chili-lobservation-dun-des-ciels-les-plus-etoiles-du-monde-menacee#respond"]}]},{"@type":"WebPage","@id":"https:\/\/www.africa-press.net\/cotedivoire\/politique\/au-chili-lobservation-dun-des-ciels-les-plus-etoiles-du-monde-menacee","url":"https:\/\/www.africa-press.net\/cotedivoire\/politique\/au-chili-lobservation-dun-des-ciels-les-plus-etoiles-du-monde-menacee","name":"Au Chili, l'observation d'un des ciels les plus \u00e9toil\u00e9s du monde menac\u00e9e - C\u00f4te d&#039;Ivoire","isPartOf":{"@id":"https:\/\/www.africa-press.net\/cotedivoire\/#website"},"primaryImageOfPage":{"@id":"https:\/\/www.africa-press.net\/cotedivoire\/politique\/au-chili-lobservation-dun-des-ciels-les-plus-etoiles-du-monde-menacee#primaryimage"},"image":{"@id":"https:\/\/www.africa-press.net\/cotedivoire\/politique\/au-chili-lobservation-dun-des-ciels-les-plus-etoiles-du-monde-menacee#primaryimage"},"thumbnailUrl":"https:\/\/static.africa-press.net\/cote\/sites\/43\/2025\/02\/sm_1739180908.054265.jpg","datePublished":"2025-02-10T13:16:31+00:00","author":{"@id":"https:\/\/www.africa-press.net\/cotedivoire\/#\/schema\/person\/2b1cf3cd81a31e3cd26889ca66d677f1"},"breadcrumb":{"@id":"https:\/\/www.africa-press.net\/cotedivoire\/politique\/au-chili-lobservation-dun-des-ciels-les-plus-etoiles-du-monde-menacee#breadcrumb"},"inLanguage":"fr-FR","potentialAction":[{"@type":"ReadAction","target":["https:\/\/www.africa-press.net\/cotedivoire\/politique\/au-chili-lobservation-dun-des-ciels-les-plus-etoiles-du-monde-menacee"]}]},{"@type":"ImageObject","inLanguage":"fr-FR","@id":"https:\/\/www.africa-press.net\/cotedivoire\/politique\/au-chili-lobservation-dun-des-ciels-les-plus-etoiles-du-monde-menacee#primaryimage","url":"https:\/\/static.africa-press.net\/cote\/sites\/43\/2025\/02\/sm_1739180908.054265.jpg","contentUrl":"https:\/\/static.africa-press.net\/cote\/sites\/43\/2025\/02\/sm_1739180908.054265.jpg","width":1200,"height":900,"caption":"Au Chili, l'observation d'un des ciels les plus \u00e9toil\u00e9s du monde menac\u00e9e"},{"@type":"BreadcrumbList","@id":"https:\/\/www.africa-press.net\/cotedivoire\/politique\/au-chili-lobservation-dun-des-ciels-les-plus-etoiles-du-monde-menacee#breadcrumb","itemListElement":[{"@type":"ListItem","position":1,"name":"Accueil","item":"https:\/\/www.africa-press.net\/cotedivoire\/"},{"@type":"ListItem","position":2,"name":"Au Chili, l&rsquo;observation d&rsquo;un des ciels les plus \u00e9toil\u00e9s du monde menac\u00e9e"}]},{"@type":"WebSite","@id":"https:\/\/www.africa-press.net\/cotedivoire\/#website","url":"https:\/\/www.africa-press.net\/cotedivoire\/","name":"C\u00f4te d&#039;Ivoire","description":"Just another Africa News Agency Sites site","potentialAction":[{"@type":"SearchAction","target":{"@type":"EntryPoint","urlTemplate":"https:\/\/www.africa-press.net\/cotedivoire\/?s={search_term_string}"},"query-input":{"@type":"PropertyValueSpecification","valueRequired":true,"valueName":"search_term_string"}}],"inLanguage":"fr-FR"},{"@type":"Person","@id":"https:\/\/www.africa-press.net\/cotedivoire\/#\/schema\/person\/2b1cf3cd81a31e3cd26889ca66d677f1","name":"cfeditorfr"}]}},"_links":{"self":[{"href":"https:\/\/www.africa-press.net\/cotedivoire\/wp-json\/wp\/v2\/posts\/94926","targetHints":{"allow":["GET"]}}],"collection":[{"href":"https:\/\/www.africa-press.net\/cotedivoire\/wp-json\/wp\/v2\/posts"}],"about":[{"href":"https:\/\/www.africa-press.net\/cotedivoire\/wp-json\/wp\/v2\/types\/post"}],"author":[{"embeddable":true,"href":"https:\/\/www.africa-press.net\/cotedivoire\/wp-json\/wp\/v2\/users\/82"}],"replies":[{"embeddable":true,"href":"https:\/\/www.africa-press.net\/cotedivoire\/wp-json\/wp\/v2\/comments?post=94926"}],"version-history":[{"count":0,"href":"https:\/\/www.africa-press.net\/cotedivoire\/wp-json\/wp\/v2\/posts\/94926\/revisions"}],"wp:featuredmedia":[{"embeddable":true,"href":"https:\/\/www.africa-press.net\/cotedivoire\/wp-json\/wp\/v2\/media\/94925"}],"wp:attachment":[{"href":"https:\/\/www.africa-press.net\/cotedivoire\/wp-json\/wp\/v2\/media?parent=94926"}],"wp:term":[{"taxonomy":"category","embeddable":true,"href":"https:\/\/www.africa-press.net\/cotedivoire\/wp-json\/wp\/v2\/categories?post=94926"},{"taxonomy":"post_tag","embeddable":true,"href":"https:\/\/www.africa-press.net\/cotedivoire\/wp-json\/wp\/v2\/tags?post=94926"}],"curies":[{"name":"wp","href":"https:\/\/api.w.org\/{rel}","templated":true}]}}