{"id":94936,"date":"2025-02-10T13:26:49","date_gmt":"2025-02-10T13:26:49","guid":{"rendered":"https:\/\/www.africa-press.net\/cotedivoire\/politique\/convention-du-pdci-a-la-demande-de-ses-militants-billon-revoit-sa-copie-et-veut-affronter-thiam-a-des-conditions"},"modified":"2025-02-10T13:26:49","modified_gmt":"2025-02-10T13:26:49","slug":"convention-du-pdci-a-la-demande-de-ses-militants-billon-revoit-sa-copie-et-veut-affronter-thiam-a-des-conditions","status":"publish","type":"post","link":"https:\/\/www.africa-press.net\/cotedivoire\/politique\/convention-du-pdci-a-la-demande-de-ses-militants-billon-revoit-sa-copie-et-veut-affronter-thiam-a-des-conditions","title":{"rendered":"Convention du PDCI, \u00e0 la demande de ses militants, Billon revoit sa copie et veut affronter Thiam \u00e0 des conditions"},"content":{"rendered":"<p><span style=\"color: #ff6600\"><strong>Africa-Press &#8211; C\u00f4te d&rsquo;Ivoire. <\/strong><\/span>Jean-Louis Billon, cadre du PDCI-RDA, a re\u0301affirme\u0301 samedi 8 fe\u0301vrier 2025, lors d\u2019un meeting a\u0300 Yopougon, sa de\u0301cision de participer a\u0300 la Convention de son parti, malgre\u0301 avoir de\u0301ja\u0300 annonce\u0301 sa candidature a\u0300 l\u2019e\u0301lection pre\u0301sidentielle d\u2019octobre 2025 sans l\u2019aval officiel de sa formation politique, secoue\u0301e depuis la disparition de Be\u0301die\u0301.<\/p>\n<p>Cette annonce intervient apre\u0300s une forte pression de ses militants, qui l\u2019ont incite\u0301 a\u0300 se pre\u0301senter a\u0300 cette Convention, dont la date reste a\u0300 de\u0301terminer. Celle-ci sera fixe\u0301e lors d\u2019un Bureau politique pre\u0301vu le 5 avril 2025 a\u0300 la Fondation Fe\u0301lix Houphoue\u0308t-Boigny de Yamoussoukro.<\/p>\n<p>Billon, confiant et optimiste, qui va affronter Tidjane Thiam a\u0300 cet important rendez-vous du plus vieux parti ivoirien affaibli depuis le de\u0301part de nombre de ses cadres au RHDP, a assure\u0301 a\u0300 ses partisans qu\u2019il serait le choix des militants pour repre\u0301senter les couleurs du PDCI-RDA lors de la pre\u0301sidentielle.<\/p>\n<p>Frustre\u0301 d&rsquo;avoir observe\u0301 impuissant a\u0300 un putsch mis en place apre\u0300s la mort de Be\u0301die\u0301 a\u0300 la te\u0302te du PDCI par un groupe d&rsquo;individus, a me\u0302me promis de surpasser tous les autres candidats qui se pre\u0301senteront a\u0300 cette Convention.<\/p>\n<p>\u00ab Je remercie le de\u0301le\u0301gue\u0301 de Logouale\u0301 qui est venu avec un fort te\u0301moignage et m\u2019a exhorte\u0301 a\u0300 me pre\u0301senter comme candidat a\u0300 la Convention du PDCI-RDA \u00bb, a-t-il de\u0301clare\u0301.<\/p>\n<p>Cependant, Jean-Louis Billon a pose\u0301 des conditions a\u0300 sa participation, insistant sur la ne\u0301cessite\u0301 d\u2019une Convention cre\u0301dible et transparente.<\/p>\n<p>\u00ab Il faudrait que cette Convention soit juste, cre\u0301dible, sans magouille, parce que je suis celui qui a le plus de chances de l\u2019emporter \u00bb, a-t-il souligne\u0301. Il a e\u0301galement profite\u0301 de cette occasion pour de\u0301voiler sa vision pour la Co\u0302te d\u2019Ivoire, centre\u0301e sur le nationalisme e\u0301conomique et la priorite\u0301 aux Ivoiriens dans tous les secteurs de l\u2019e\u0301conomie.<\/p>\n<p>Sa vision politique repose sur une gestion participative du de\u0301veloppement du pays, incluant toutes les couches sociales sans distinction d\u2019ethnie, de religion ou d\u2019appartenance politique.<\/p>\n<p>L&rsquo;ancien ministre du commerce a e\u0301galement promis de s\u2019attaquer aux de\u0301fis majeurs du pays, notamment le cho\u0302mage des jeunes et la cohe\u0301sion sociale, en garantissant justice et e\u0301quite\u0301 pour tous.<\/p>\n<p>\u00ab Je pro\u0302ne le nationalisme e\u0301conomique, la pre\u0301fe\u0301rence nationale. L\u2019Ivoirien en premier. Faire en sorte que l\u2019Ivoirien soit premier chez lui. Nous avons les moyens de notre ambition. Il ne faut pas attendre tout de l\u2019exte\u0301rieur pour son de\u0301veloppement \u00bb, a-t-il affirme\u0301.<\/p>\n<p>Le meeting de Yopougon a e\u0301te\u0301 un succe\u0300s retentissant, avec une mobilisation massive des populations venues e\u0301couter le candidat de\u0301clare\u0301 a\u0300 l\u2019e\u0301lection pre\u0301sidentielle de 2025.<\/p>\n<p>Des artistes ont e\u0301galement anime\u0301 l\u2019e\u0301ve\u0301nement, ajoutant une touche de gaiete\u0301 a\u0300 cette rencontre politique.<\/p>\n<p>Billon a conclu son discours en re\u0301affirmant sa conviction que 2025 serait l\u2019anne\u0301e du changement a\u0300 la te\u0302te de l\u2019E\u0301tat, porte\u0301 par une vision re\u0301solument tourne\u0301e vers l\u2019avenir et le bien-e\u0302tre des Ivoiriens.<\/p>\n<p><strong>Pour plus d&rsquo;informations et d&rsquo;analyses sur la <span style=\"color: #ff6600\">C\u00f4te d&rsquo;Ivoire<\/span>, suivez <span style=\"color: #ff6600\">Africa-Press<span style=\"color: #ff6600\"><\/span><\/strong><\/p>\n","protected":false},"excerpt":{"rendered":"<p>Africa-Press &#8211; C\u00f4te d&rsquo;Ivoire. Jean-Louis Billon, cadre du PDCI-RDA, a re\u0301affirme\u0301 samedi 8 fe\u0301vrier 2025, lors d\u2019un meeting a\u0300 Yopougon, sa de\u0301cision de participer a\u0300 la Convention de son parti, malgre\u0301 avoir de\u0301ja\u0300 annonce\u0301 sa candidature a\u0300 l\u2019e\u0301lection pre\u0301sidentielle d\u2019octobre 2025 sans l\u2019aval officiel de sa formation politique, secoue\u0301e depuis la disparition de Be\u0301die\u0301. Cette [&hellip;]<\/p>\n","protected":false},"author":82,"featured_media":94935,"comment_status":"open","ping_status":"closed","sticky":false,"template":"","format":"standard","meta":{"footnotes":""},"categories":[2,10],"tags":[1326,1399,37,4804,423,1547,540],"class_list":["post-94936","post","type-post","status-publish","format-standard","has-post-thumbnail","hentry","category-politique","category-toutes-les-actualites","tag-billon","tag-convention","tag-cote-divoire-2","tag-meeting","tag-pdci","tag-thiam","tag-yopougon"],"yoast_head":"<!-- This site is optimized with the Yoast SEO Premium plugin v26.1 (Yoast SEO v27.0) - https:\/\/yoast.com\/product\/yoast-seo-premium-wordpress\/ -->\n<title>Convention du PDCI, \u00e0 la demande de ses militants, Billon revoit sa copie et veut affronter Thiam \u00e0 des conditions - C\u00f4te d&#039;Ivoire<\/title>\n<meta name=\"robots\" content=\"index, follow, max-snippet:-1, max-image-preview:large, max-video-preview:-1\" \/>\n<link rel=\"canonical\" href=\"https:\/\/www.africa-press.net\/cotedivoire\/politique\/convention-du-pdci-a-la-demande-de-ses-militants-billon-revoit-sa-copie-et-veut-affronter-thiam-a-des-conditions\" \/>\n<meta property=\"og:locale\" content=\"fr_FR\" \/>\n<meta property=\"og:type\" content=\"article\" \/>\n<meta property=\"og:title\" content=\"Convention du PDCI, \u00e0 la demande de ses militants, Billon revoit sa copie et veut affronter Thiam \u00e0 des conditions\" \/>\n<meta property=\"og:description\" content=\"Africa-Press &#8211; C\u00f4te d&rsquo;Ivoire. Jean-Louis Billon, cadre du PDCI-RDA, a re\u0301affirme\u0301 samedi 8 fe\u0301vrier 2025, lors d\u2019un meeting a\u0300 Yopougon, sa de\u0301cision de participer a\u0300 la Convention de son parti, malgre\u0301 avoir de\u0301ja\u0300 annonce\u0301 sa candidature a\u0300 l\u2019e\u0301lection pre\u0301sidentielle d\u2019octobre 2025 sans l\u2019aval officiel de sa formation politique, secoue\u0301e depuis la disparition de Be\u0301die\u0301. Cette [&hellip;]\" \/>\n<meta property=\"og:url\" content=\"https:\/\/www.africa-press.net\/cotedivoire\/politique\/convention-du-pdci-a-la-demande-de-ses-militants-billon-revoit-sa-copie-et-veut-affronter-thiam-a-des-conditions\" \/>\n<meta property=\"og:site_name\" content=\"C\u00f4te d&#039;Ivoire\" \/>\n<meta property=\"article:published_time\" content=\"2025-02-10T13:26:49+00:00\" \/>\n<meta name=\"author\" content=\"cfeditorfr\" \/>\n<meta name=\"twitter:card\" content=\"summary_large_image\" \/>\n<meta name=\"twitter:label1\" content=\"\u00c9crit par\" \/>\n\t<meta name=\"twitter:data1\" content=\"cfeditorfr\" \/>\n\t<meta name=\"twitter:label2\" content=\"Dur\u00e9e de lecture estim\u00e9e\" \/>\n\t<meta name=\"twitter:data2\" content=\"3 minutes\" \/>\n<script type=\"application\/ld+json\" class=\"yoast-schema-graph\">{\"@context\":\"https:\/\/schema.org\",\"@graph\":[{\"@type\":\"Article\",\"@id\":\"https:\/\/www.africa-press.net\/cotedivoire\/politique\/convention-du-pdci-a-la-demande-de-ses-militants-billon-revoit-sa-copie-et-veut-affronter-thiam-a-des-conditions#article\",\"isPartOf\":{\"@id\":\"https:\/\/www.africa-press.net\/cotedivoire\/politique\/convention-du-pdci-a-la-demande-de-ses-militants-billon-revoit-sa-copie-et-veut-affronter-thiam-a-des-conditions\"},\"author\":{\"name\":\"cfeditorfr\",\"@id\":\"https:\/\/www.africa-press.net\/cotedivoire\/#\/schema\/person\/2b1cf3cd81a31e3cd26889ca66d677f1\"},\"headline\":\"Convention du PDCI, \u00e0 la demande de ses militants, Billon revoit sa copie et veut affronter Thiam \u00e0 des conditions\",\"datePublished\":\"2025-02-10T13:26:49+00:00\",\"mainEntityOfPage\":{\"@id\":\"https:\/\/www.africa-press.net\/cotedivoire\/politique\/convention-du-pdci-a-la-demande-de-ses-militants-billon-revoit-sa-copie-et-veut-affronter-thiam-a-des-conditions\"},\"wordCount\":577,\"commentCount\":0,\"image\":{\"@id\":\"https:\/\/www.africa-press.net\/cotedivoire\/politique\/convention-du-pdci-a-la-demande-de-ses-militants-billon-revoit-sa-copie-et-veut-affronter-thiam-a-des-conditions#primaryimage\"},\"thumbnailUrl\":\"https:\/\/static.africa-press.net\/cote\/sites\/43\/2025\/02\/sm_1739183399.463808.jpg\",\"keywords\":[\"Billon\",\"convention\",\"C\u00f4te d'Ivoire\",\"meeting\",\"Pdci\",\"Thiam\",\"Yopougon\"],\"articleSection\":[\"Politique\",\"Toutes les actualit\u00e9s\"],\"inLanguage\":\"fr-FR\",\"potentialAction\":[{\"@type\":\"CommentAction\",\"name\":\"Comment\",\"target\":[\"https:\/\/www.africa-press.net\/cotedivoire\/politique\/convention-du-pdci-a-la-demande-de-ses-militants-billon-revoit-sa-copie-et-veut-affronter-thiam-a-des-conditions#respond\"]}]},{\"@type\":\"WebPage\",\"@id\":\"https:\/\/www.africa-press.net\/cotedivoire\/politique\/convention-du-pdci-a-la-demande-de-ses-militants-billon-revoit-sa-copie-et-veut-affronter-thiam-a-des-conditions\",\"url\":\"https:\/\/www.africa-press.net\/cotedivoire\/politique\/convention-du-pdci-a-la-demande-de-ses-militants-billon-revoit-sa-copie-et-veut-affronter-thiam-a-des-conditions\",\"name\":\"Convention du PDCI, \u00e0 la demande de ses militants, Billon revoit sa copie et veut affronter Thiam \u00e0 des conditions - C\u00f4te d&#039;Ivoire\",\"isPartOf\":{\"@id\":\"https:\/\/www.africa-press.net\/cotedivoire\/#website\"},\"primaryImageOfPage\":{\"@id\":\"https:\/\/www.africa-press.net\/cotedivoire\/politique\/convention-du-pdci-a-la-demande-de-ses-militants-billon-revoit-sa-copie-et-veut-affronter-thiam-a-des-conditions#primaryimage\"},\"image\":{\"@id\":\"https:\/\/www.africa-press.net\/cotedivoire\/politique\/convention-du-pdci-a-la-demande-de-ses-militants-billon-revoit-sa-copie-et-veut-affronter-thiam-a-des-conditions#primaryimage\"},\"thumbnailUrl\":\"https:\/\/static.africa-press.net\/cote\/sites\/43\/2025\/02\/sm_1739183399.463808.jpg\",\"datePublished\":\"2025-02-10T13:26:49+00:00\",\"author\":{\"@id\":\"https:\/\/www.africa-press.net\/cotedivoire\/#\/schema\/person\/2b1cf3cd81a31e3cd26889ca66d677f1\"},\"breadcrumb\":{\"@id\":\"https:\/\/www.africa-press.net\/cotedivoire\/politique\/convention-du-pdci-a-la-demande-de-ses-militants-billon-revoit-sa-copie-et-veut-affronter-thiam-a-des-conditions#breadcrumb\"},\"inLanguage\":\"fr-FR\",\"potentialAction\":[{\"@type\":\"ReadAction\",\"target\":[\"https:\/\/www.africa-press.net\/cotedivoire\/politique\/convention-du-pdci-a-la-demande-de-ses-militants-billon-revoit-sa-copie-et-veut-affronter-thiam-a-des-conditions\"]}]},{\"@type\":\"ImageObject\",\"inLanguage\":\"fr-FR\",\"@id\":\"https:\/\/www.africa-press.net\/cotedivoire\/politique\/convention-du-pdci-a-la-demande-de-ses-militants-billon-revoit-sa-copie-et-veut-affronter-thiam-a-des-conditions#primaryimage\",\"url\":\"https:\/\/static.africa-press.net\/cote\/sites\/43\/2025\/02\/sm_1739183399.463808.jpg\",\"contentUrl\":\"https:\/\/static.africa-press.net\/cote\/sites\/43\/2025\/02\/sm_1739183399.463808.jpg\",\"width\":720,\"height\":494,\"caption\":\"Convention du PDCI, \u00e0 la demande de ses militants, Billon revoit sa copie et veut affronter Thiam \u00e0 des conditions\"},{\"@type\":\"BreadcrumbList\",\"@id\":\"https:\/\/www.africa-press.net\/cotedivoire\/politique\/convention-du-pdci-a-la-demande-de-ses-militants-billon-revoit-sa-copie-et-veut-affronter-thiam-a-des-conditions#breadcrumb\",\"itemListElement\":[{\"@type\":\"ListItem\",\"position\":1,\"name\":\"Accueil\",\"item\":\"https:\/\/www.africa-press.net\/cotedivoire\/\"},{\"@type\":\"ListItem\",\"position\":2,\"name\":\"Convention du PDCI, \u00e0 la demande de ses militants, Billon revoit sa copie et veut affronter Thiam \u00e0 des conditions\"}]},{\"@type\":\"WebSite\",\"@id\":\"https:\/\/www.africa-press.net\/cotedivoire\/#website\",\"url\":\"https:\/\/www.africa-press.net\/cotedivoire\/\",\"name\":\"C\u00f4te d&#039;Ivoire\",\"description\":\"Just another Africa News Agency Sites site\",\"potentialAction\":[{\"@type\":\"SearchAction\",\"target\":{\"@type\":\"EntryPoint\",\"urlTemplate\":\"https:\/\/www.africa-press.net\/cotedivoire\/?s={search_term_string}\"},\"query-input\":{\"@type\":\"PropertyValueSpecification\",\"valueRequired\":true,\"valueName\":\"search_term_string\"}}],\"inLanguage\":\"fr-FR\"},{\"@type\":\"Person\",\"@id\":\"https:\/\/www.africa-press.net\/cotedivoire\/#\/schema\/person\/2b1cf3cd81a31e3cd26889ca66d677f1\",\"name\":\"cfeditorfr\"}]}<\/script>\n<!-- \/ Yoast SEO Premium plugin. -->","yoast_head_json":{"title":"Convention du PDCI, \u00e0 la demande de ses militants, Billon revoit sa copie et veut affronter Thiam \u00e0 des conditions - C\u00f4te d&#039;Ivoire","robots":{"index":"index","follow":"follow","max-snippet":"max-snippet:-1","max-image-preview":"max-image-preview:large","max-video-preview":"max-video-preview:-1"},"canonical":"https:\/\/www.africa-press.net\/cotedivoire\/politique\/convention-du-pdci-a-la-demande-de-ses-militants-billon-revoit-sa-copie-et-veut-affronter-thiam-a-des-conditions","og_locale":"fr_FR","og_type":"article","og_title":"Convention du PDCI, \u00e0 la demande de ses militants, Billon revoit sa copie et veut affronter Thiam \u00e0 des conditions","og_description":"Africa-Press &#8211; C\u00f4te d&rsquo;Ivoire. Jean-Louis Billon, cadre du PDCI-RDA, a re\u0301affirme\u0301 samedi 8 fe\u0301vrier 2025, lors d\u2019un meeting a\u0300 Yopougon, sa de\u0301cision de participer a\u0300 la Convention de son parti, malgre\u0301 avoir de\u0301ja\u0300 annonce\u0301 sa candidature a\u0300 l\u2019e\u0301lection pre\u0301sidentielle d\u2019octobre 2025 sans l\u2019aval officiel de sa formation politique, secoue\u0301e depuis la disparition de Be\u0301die\u0301. Cette [&hellip;]","og_url":"https:\/\/www.africa-press.net\/cotedivoire\/politique\/convention-du-pdci-a-la-demande-de-ses-militants-billon-revoit-sa-copie-et-veut-affronter-thiam-a-des-conditions","og_site_name":"C\u00f4te d&#039;Ivoire","article_published_time":"2025-02-10T13:26:49+00:00","author":"cfeditorfr","twitter_card":"summary_large_image","twitter_misc":{"\u00c9crit par":"cfeditorfr","Dur\u00e9e de lecture estim\u00e9e":"3 minutes"},"schema":{"@context":"https:\/\/schema.org","@graph":[{"@type":"Article","@id":"https:\/\/www.africa-press.net\/cotedivoire\/politique\/convention-du-pdci-a-la-demande-de-ses-militants-billon-revoit-sa-copie-et-veut-affronter-thiam-a-des-conditions#article","isPartOf":{"@id":"https:\/\/www.africa-press.net\/cotedivoire\/politique\/convention-du-pdci-a-la-demande-de-ses-militants-billon-revoit-sa-copie-et-veut-affronter-thiam-a-des-conditions"},"author":{"name":"cfeditorfr","@id":"https:\/\/www.africa-press.net\/cotedivoire\/#\/schema\/person\/2b1cf3cd81a31e3cd26889ca66d677f1"},"headline":"Convention du PDCI, \u00e0 la demande de ses militants, Billon revoit sa copie et veut affronter Thiam \u00e0 des conditions","datePublished":"2025-02-10T13:26:49+00:00","mainEntityOfPage":{"@id":"https:\/\/www.africa-press.net\/cotedivoire\/politique\/convention-du-pdci-a-la-demande-de-ses-militants-billon-revoit-sa-copie-et-veut-affronter-thiam-a-des-conditions"},"wordCount":577,"commentCount":0,"image":{"@id":"https:\/\/www.africa-press.net\/cotedivoire\/politique\/convention-du-pdci-a-la-demande-de-ses-militants-billon-revoit-sa-copie-et-veut-affronter-thiam-a-des-conditions#primaryimage"},"thumbnailUrl":"https:\/\/static.africa-press.net\/cote\/sites\/43\/2025\/02\/sm_1739183399.463808.jpg","keywords":["Billon","convention","C\u00f4te d'Ivoire","meeting","Pdci","Thiam","Yopougon"],"articleSection":["Politique","Toutes les actualit\u00e9s"],"inLanguage":"fr-FR","potentialAction":[{"@type":"CommentAction","name":"Comment","target":["https:\/\/www.africa-press.net\/cotedivoire\/politique\/convention-du-pdci-a-la-demande-de-ses-militants-billon-revoit-sa-copie-et-veut-affronter-thiam-a-des-conditions#respond"]}]},{"@type":"WebPage","@id":"https:\/\/www.africa-press.net\/cotedivoire\/politique\/convention-du-pdci-a-la-demande-de-ses-militants-billon-revoit-sa-copie-et-veut-affronter-thiam-a-des-conditions","url":"https:\/\/www.africa-press.net\/cotedivoire\/politique\/convention-du-pdci-a-la-demande-de-ses-militants-billon-revoit-sa-copie-et-veut-affronter-thiam-a-des-conditions","name":"Convention du PDCI, \u00e0 la demande de ses militants, Billon revoit sa copie et veut affronter Thiam \u00e0 des conditions - C\u00f4te d&#039;Ivoire","isPartOf":{"@id":"https:\/\/www.africa-press.net\/cotedivoire\/#website"},"primaryImageOfPage":{"@id":"https:\/\/www.africa-press.net\/cotedivoire\/politique\/convention-du-pdci-a-la-demande-de-ses-militants-billon-revoit-sa-copie-et-veut-affronter-thiam-a-des-conditions#primaryimage"},"image":{"@id":"https:\/\/www.africa-press.net\/cotedivoire\/politique\/convention-du-pdci-a-la-demande-de-ses-militants-billon-revoit-sa-copie-et-veut-affronter-thiam-a-des-conditions#primaryimage"},"thumbnailUrl":"https:\/\/static.africa-press.net\/cote\/sites\/43\/2025\/02\/sm_1739183399.463808.jpg","datePublished":"2025-02-10T13:26:49+00:00","author":{"@id":"https:\/\/www.africa-press.net\/cotedivoire\/#\/schema\/person\/2b1cf3cd81a31e3cd26889ca66d677f1"},"breadcrumb":{"@id":"https:\/\/www.africa-press.net\/cotedivoire\/politique\/convention-du-pdci-a-la-demande-de-ses-militants-billon-revoit-sa-copie-et-veut-affronter-thiam-a-des-conditions#breadcrumb"},"inLanguage":"fr-FR","potentialAction":[{"@type":"ReadAction","target":["https:\/\/www.africa-press.net\/cotedivoire\/politique\/convention-du-pdci-a-la-demande-de-ses-militants-billon-revoit-sa-copie-et-veut-affronter-thiam-a-des-conditions"]}]},{"@type":"ImageObject","inLanguage":"fr-FR","@id":"https:\/\/www.africa-press.net\/cotedivoire\/politique\/convention-du-pdci-a-la-demande-de-ses-militants-billon-revoit-sa-copie-et-veut-affronter-thiam-a-des-conditions#primaryimage","url":"https:\/\/static.africa-press.net\/cote\/sites\/43\/2025\/02\/sm_1739183399.463808.jpg","contentUrl":"https:\/\/static.africa-press.net\/cote\/sites\/43\/2025\/02\/sm_1739183399.463808.jpg","width":720,"height":494,"caption":"Convention du PDCI, \u00e0 la demande de ses militants, Billon revoit sa copie et veut affronter Thiam \u00e0 des conditions"},{"@type":"BreadcrumbList","@id":"https:\/\/www.africa-press.net\/cotedivoire\/politique\/convention-du-pdci-a-la-demande-de-ses-militants-billon-revoit-sa-copie-et-veut-affronter-thiam-a-des-conditions#breadcrumb","itemListElement":[{"@type":"ListItem","position":1,"name":"Accueil","item":"https:\/\/www.africa-press.net\/cotedivoire\/"},{"@type":"ListItem","position":2,"name":"Convention du PDCI, \u00e0 la demande de ses militants, Billon revoit sa copie et veut affronter Thiam \u00e0 des conditions"}]},{"@type":"WebSite","@id":"https:\/\/www.africa-press.net\/cotedivoire\/#website","url":"https:\/\/www.africa-press.net\/cotedivoire\/","name":"C\u00f4te d&#039;Ivoire","description":"Just another Africa News Agency Sites site","potentialAction":[{"@type":"SearchAction","target":{"@type":"EntryPoint","urlTemplate":"https:\/\/www.africa-press.net\/cotedivoire\/?s={search_term_string}"},"query-input":{"@type":"PropertyValueSpecification","valueRequired":true,"valueName":"search_term_string"}}],"inLanguage":"fr-FR"},{"@type":"Person","@id":"https:\/\/www.africa-press.net\/cotedivoire\/#\/schema\/person\/2b1cf3cd81a31e3cd26889ca66d677f1","name":"cfeditorfr"}]}},"_links":{"self":[{"href":"https:\/\/www.africa-press.net\/cotedivoire\/wp-json\/wp\/v2\/posts\/94936","targetHints":{"allow":["GET"]}}],"collection":[{"href":"https:\/\/www.africa-press.net\/cotedivoire\/wp-json\/wp\/v2\/posts"}],"about":[{"href":"https:\/\/www.africa-press.net\/cotedivoire\/wp-json\/wp\/v2\/types\/post"}],"author":[{"embeddable":true,"href":"https:\/\/www.africa-press.net\/cotedivoire\/wp-json\/wp\/v2\/users\/82"}],"replies":[{"embeddable":true,"href":"https:\/\/www.africa-press.net\/cotedivoire\/wp-json\/wp\/v2\/comments?post=94936"}],"version-history":[{"count":0,"href":"https:\/\/www.africa-press.net\/cotedivoire\/wp-json\/wp\/v2\/posts\/94936\/revisions"}],"wp:featuredmedia":[{"embeddable":true,"href":"https:\/\/www.africa-press.net\/cotedivoire\/wp-json\/wp\/v2\/media\/94935"}],"wp:attachment":[{"href":"https:\/\/www.africa-press.net\/cotedivoire\/wp-json\/wp\/v2\/media?parent=94936"}],"wp:term":[{"taxonomy":"category","embeddable":true,"href":"https:\/\/www.africa-press.net\/cotedivoire\/wp-json\/wp\/v2\/categories?post=94936"},{"taxonomy":"post_tag","embeddable":true,"href":"https:\/\/www.africa-press.net\/cotedivoire\/wp-json\/wp\/v2\/tags?post=94936"}],"curies":[{"name":"wp","href":"https:\/\/api.w.org\/{rel}","templated":true}]}}