{"id":94946,"date":"2025-02-10T13:36:12","date_gmt":"2025-02-10T13:36:12","guid":{"rendered":"https:\/\/www.africa-press.net\/cotedivoire\/politique\/sommet-sur-lia-a-paris-lafrique-au-coeur-de-la-revolution-de-lia-une-contribution-essentielle-et-meconnue"},"modified":"2025-02-10T13:36:12","modified_gmt":"2025-02-10T13:36:12","slug":"sommet-sur-lia-a-paris-lafrique-au-coeur-de-la-revolution-de-lia-une-contribution-essentielle-et-meconnue","status":"publish","type":"post","link":"https:\/\/www.africa-press.net\/cotedivoire\/economie\/sommet-sur-lia-a-paris-lafrique-au-coeur-de-la-revolution-de-lia-une-contribution-essentielle-et-meconnue","title":{"rendered":"Sommet sur l\u2019IA \u00e0 Paris : l\u2019Afrique au c\u0153ur de la r\u00e9volution de l\u2019IA, une contribution essentielle et m\u00e9connue"},"content":{"rendered":"<p><b>Eric Ngarlem Tolde\u0301<\/b><\/p>\n<p><span style=\"color: #ff6600\"><strong>Africa-Press &#8211; C\u00f4te d&rsquo;Ivoire. <\/strong><\/span><b>Alors que Paris accueille une semaine d\u2019e\u0301ve\u0301nements consacre\u0301s a\u0300 l\u2019Intelligence artificielle, il est crucial de mettre l\u2019accent sur le ro\u0302le essentiel de l\u2019Afrique dans ce domaine en plein essor de notre e\u0300re. Derrie\u0300re les grandes entreprises de l\u2019IA se trouvent des milliers de travailleurs africains, les \u201cpetites mains\u201d qui permettent aux algorithmes d\u2019apprendre et de fonctionner selon les experts.<\/b><\/p>\n<p>Depuis le 6 fe\u0301vrier dernier, en marge du Sommet international pour l\u2019action sur l\u2019Intelligence Artificielle (IA) qui s\u2019ouvre ce 10 fe\u0301vrier, Paris est le the\u0301a\u0302tre d\u2019une se\u0301rie d\u2019e\u0301ve\u0301nements, avec pour objectif de positionner la France et l\u2019Union europe\u0301enne comme des acteurs majeurs de cette re\u0301volution technologique rele\u0300ve le pre\u0301sident franc\u0327ais, Emmanuel Macron. Si les ge\u0301ants ame\u0301ricains et chinois dominent actuellement le secteur, l\u2019Afrique se re\u0301ve\u0300le e\u0302tre un acteur indispensable, bien que souvent me\u0301connu.<\/p>\n<p><b>Les \u201cpetites mains\u201d africaines de l\u2019IA<\/b><\/p>\n<p>Les mastodontes de l\u2019IA ne\u0301cessitent des \u201cpetites mains\u201d pour nourrir les IA, beaucoup sont base\u0301es en Afrique. Au c\u0153ur de cette re\u0301volution se trouvent les \u201cannotateurs\u201d et \u201ce\u0301tiqueteurs\u201d de donne\u0301es, des travailleurs charge\u0301s de pre\u0301parer les donne\u0301es qui alimentent les algorithmes d\u2019IA. Ces \u201cpetites mains\u201d sont majoritairement base\u0301es en Afrique, ou\u0300 elles re\u0301alisent un travail fastidieux et re\u0301pe\u0301titif. Identifier des objets sur des images, retranscrire des textes, etc.<\/p>\n<p>Si leur contribution est essentielle au fonctionnement de l\u2019IA, ces travailleurs africains sont souvent confronte\u0301s a\u0300 des conditions de travail difficiles et a\u0300 des re\u0301mune\u0301rations tre\u0300s faibles. Au Kenya, par exemple, des travailleurs ont re\u0301cemment de\u0301pose\u0301 une pe\u0301tition au Parlement pour de\u0301noncer leurs conditions de travail et re\u0301clamer une meilleure protection de leurs droits.<\/p>\n<p>Malgre\u0301 ces difficulte\u0301s, l\u2019Afrique se positionne de plus en plus comme un acteur cle\u0301 de l\u2019IA de demain. De nombreux projets de recherche et de de\u0301veloppement sont mene\u0301s sur le continent, et des entreprises africaines commencent a\u0300 e\u0301merger dans ce secteur.<\/p>\n<p>Pour l\u2019Afrique, l\u2019IA repre\u0301sente un enjeu de souverainete\u0301. En de\u0301veloppant ses propres compe\u0301tences dans ce domaine, le continent peut s\u2019affranchir de sa de\u0301pendance vis-a\u0300-vis des grandes entreprises e\u0301trange\u0300res et cre\u0301er des solutions adapte\u0301es a\u0300 ses propres besoins.<\/p>\n<p>Alors que le monde se tourne vers l\u2019IA, il est essentiel de reconnai\u0302tre la contribution essentielle de l\u2019Afrique a\u0300 cette re\u0301volution technologique. En soutenant les travailleurs africains de l\u2019IA et en encourageant le de\u0301veloppement de compe\u0301tences locales, nous pouvons construire un avenir ou\u0300 l\u2019IA be\u0301ne\u0301ficiera a\u0300 tous, et pas seulement a\u0300 quelques privile\u0301gie\u0301s.<\/p>\n<p><strong>Pour plus d&rsquo;informations et d&rsquo;analyses sur la <span style=\"color: #ff6600\">C\u00f4te d&rsquo;Ivoire<\/span>, suivez <span style=\"color: #ff6600\">Africa-Press<span style=\"color: #ff6600\"><\/span><\/strong><\/p>\n","protected":false},"excerpt":{"rendered":"<p>Eric Ngarlem Tolde\u0301 Africa-Press &#8211; C\u00f4te d&rsquo;Ivoire. Alors que Paris accueille une semaine d\u2019e\u0301ve\u0301nements consacre\u0301s a\u0300 l\u2019Intelligence artificielle, il est crucial de mettre l\u2019accent sur le ro\u0302le essentiel de l\u2019Afrique dans ce domaine en plein essor de notre e\u0300re. Derrie\u0300re les grandes entreprises de l\u2019IA se trouvent des milliers de travailleurs africains, les \u201cpetites mains\u201d [&hellip;]<\/p>\n","protected":false},"author":82,"featured_media":94945,"comment_status":"open","ping_status":"closed","sticky":false,"template":"","format":"standard","meta":{"footnotes":""},"categories":[3,10],"tags":[37],"class_list":["post-94946","post","type-post","status-publish","format-standard","has-post-thumbnail","hentry","category-economie","category-toutes-les-actualites","tag-cote-divoire-2"],"yoast_head":"<!-- This site is optimized with the Yoast SEO Premium plugin v26.1 (Yoast SEO v27.0) - https:\/\/yoast.com\/product\/yoast-seo-premium-wordpress\/ -->\n<title>Sommet sur l\u2019IA \u00e0 Paris : l\u2019Afrique au c\u0153ur de la r\u00e9volution de l\u2019IA, une contribution essentielle et m\u00e9connue - C\u00f4te d&#039;Ivoire<\/title>\n<meta name=\"robots\" content=\"index, follow, max-snippet:-1, max-image-preview:large, max-video-preview:-1\" \/>\n<link rel=\"canonical\" href=\"https:\/\/www.africa-press.net\/cotedivoire\/politique\/sommet-sur-lia-a-paris-lafrique-au-coeur-de-la-revolution-de-lia-une-contribution-essentielle-et-meconnue\" \/>\n<meta property=\"og:locale\" content=\"fr_FR\" \/>\n<meta property=\"og:type\" content=\"article\" \/>\n<meta property=\"og:title\" content=\"Sommet sur l\u2019IA \u00e0 Paris : l\u2019Afrique au c\u0153ur de la r\u00e9volution de l\u2019IA, une contribution essentielle et m\u00e9connue\" \/>\n<meta property=\"og:description\" content=\"Eric Ngarlem Tolde\u0301 Africa-Press &#8211; C\u00f4te d&rsquo;Ivoire. Alors que Paris accueille une semaine d\u2019e\u0301ve\u0301nements consacre\u0301s a\u0300 l\u2019Intelligence artificielle, il est crucial de mettre l\u2019accent sur le ro\u0302le essentiel de l\u2019Afrique dans ce domaine en plein essor de notre e\u0300re. Derrie\u0300re les grandes entreprises de l\u2019IA se trouvent des milliers de travailleurs africains, les \u201cpetites mains\u201d [&hellip;]\" \/>\n<meta property=\"og:url\" content=\"https:\/\/www.africa-press.net\/cotedivoire\/politique\/sommet-sur-lia-a-paris-lafrique-au-coeur-de-la-revolution-de-lia-une-contribution-essentielle-et-meconnue\" \/>\n<meta property=\"og:site_name\" content=\"C\u00f4te d&#039;Ivoire\" \/>\n<meta property=\"article:published_time\" content=\"2025-02-10T13:36:12+00:00\" \/>\n<meta name=\"author\" content=\"cfeditorfr\" \/>\n<meta name=\"twitter:card\" content=\"summary_large_image\" \/>\n<meta name=\"twitter:label1\" content=\"\u00c9crit par\" \/>\n\t<meta name=\"twitter:data1\" content=\"cfeditorfr\" \/>\n\t<meta name=\"twitter:label2\" content=\"Dur\u00e9e de lecture estim\u00e9e\" \/>\n\t<meta name=\"twitter:data2\" content=\"3 minutes\" \/>\n<script type=\"application\/ld+json\" class=\"yoast-schema-graph\">{\"@context\":\"https:\/\/schema.org\",\"@graph\":[{\"@type\":\"Article\",\"@id\":\"https:\/\/www.africa-press.net\/cotedivoire\/politique\/sommet-sur-lia-a-paris-lafrique-au-coeur-de-la-revolution-de-lia-une-contribution-essentielle-et-meconnue#article\",\"isPartOf\":{\"@id\":\"https:\/\/www.africa-press.net\/cotedivoire\/politique\/sommet-sur-lia-a-paris-lafrique-au-coeur-de-la-revolution-de-lia-une-contribution-essentielle-et-meconnue\"},\"author\":{\"name\":\"cfeditorfr\",\"@id\":\"https:\/\/www.africa-press.net\/cotedivoire\/#\/schema\/person\/2b1cf3cd81a31e3cd26889ca66d677f1\"},\"headline\":\"Sommet sur l\u2019IA \u00e0 Paris : l\u2019Afrique au c\u0153ur de la r\u00e9volution de l\u2019IA, une contribution essentielle et m\u00e9connue\",\"datePublished\":\"2025-02-10T13:36:12+00:00\",\"mainEntityOfPage\":{\"@id\":\"https:\/\/www.africa-press.net\/cotedivoire\/politique\/sommet-sur-lia-a-paris-lafrique-au-coeur-de-la-revolution-de-lia-une-contribution-essentielle-et-meconnue\"},\"wordCount\":529,\"commentCount\":0,\"image\":{\"@id\":\"https:\/\/www.africa-press.net\/cotedivoire\/politique\/sommet-sur-lia-a-paris-lafrique-au-coeur-de-la-revolution-de-lia-une-contribution-essentielle-et-meconnue#primaryimage\"},\"thumbnailUrl\":\"https:\/\/static.africa-press.net\/cote\/sites\/43\/2025\/02\/sm_1739186150.826703.jpg\",\"keywords\":[\"C\u00f4te d'Ivoire\"],\"articleSection\":[\"\u00c9conomie\",\"Toutes les actualit\u00e9s\"],\"inLanguage\":\"fr-FR\",\"potentialAction\":[{\"@type\":\"CommentAction\",\"name\":\"Comment\",\"target\":[\"https:\/\/www.africa-press.net\/cotedivoire\/politique\/sommet-sur-lia-a-paris-lafrique-au-coeur-de-la-revolution-de-lia-une-contribution-essentielle-et-meconnue#respond\"]}]},{\"@type\":\"WebPage\",\"@id\":\"https:\/\/www.africa-press.net\/cotedivoire\/politique\/sommet-sur-lia-a-paris-lafrique-au-coeur-de-la-revolution-de-lia-une-contribution-essentielle-et-meconnue\",\"url\":\"https:\/\/www.africa-press.net\/cotedivoire\/politique\/sommet-sur-lia-a-paris-lafrique-au-coeur-de-la-revolution-de-lia-une-contribution-essentielle-et-meconnue\",\"name\":\"Sommet sur l\u2019IA \u00e0 Paris : l\u2019Afrique au c\u0153ur de la r\u00e9volution de l\u2019IA, une contribution essentielle et m\u00e9connue - C\u00f4te d&#039;Ivoire\",\"isPartOf\":{\"@id\":\"https:\/\/www.africa-press.net\/cotedivoire\/#website\"},\"primaryImageOfPage\":{\"@id\":\"https:\/\/www.africa-press.net\/cotedivoire\/politique\/sommet-sur-lia-a-paris-lafrique-au-coeur-de-la-revolution-de-lia-une-contribution-essentielle-et-meconnue#primaryimage\"},\"image\":{\"@id\":\"https:\/\/www.africa-press.net\/cotedivoire\/politique\/sommet-sur-lia-a-paris-lafrique-au-coeur-de-la-revolution-de-lia-une-contribution-essentielle-et-meconnue#primaryimage\"},\"thumbnailUrl\":\"https:\/\/static.africa-press.net\/cote\/sites\/43\/2025\/02\/sm_1739186150.826703.jpg\",\"datePublished\":\"2025-02-10T13:36:12+00:00\",\"author\":{\"@id\":\"https:\/\/www.africa-press.net\/cotedivoire\/#\/schema\/person\/2b1cf3cd81a31e3cd26889ca66d677f1\"},\"breadcrumb\":{\"@id\":\"https:\/\/www.africa-press.net\/cotedivoire\/politique\/sommet-sur-lia-a-paris-lafrique-au-coeur-de-la-revolution-de-lia-une-contribution-essentielle-et-meconnue#breadcrumb\"},\"inLanguage\":\"fr-FR\",\"potentialAction\":[{\"@type\":\"ReadAction\",\"target\":[\"https:\/\/www.africa-press.net\/cotedivoire\/politique\/sommet-sur-lia-a-paris-lafrique-au-coeur-de-la-revolution-de-lia-une-contribution-essentielle-et-meconnue\"]}]},{\"@type\":\"ImageObject\",\"inLanguage\":\"fr-FR\",\"@id\":\"https:\/\/www.africa-press.net\/cotedivoire\/politique\/sommet-sur-lia-a-paris-lafrique-au-coeur-de-la-revolution-de-lia-une-contribution-essentielle-et-meconnue#primaryimage\",\"url\":\"https:\/\/static.africa-press.net\/cote\/sites\/43\/2025\/02\/sm_1739186150.826703.jpg\",\"contentUrl\":\"https:\/\/static.africa-press.net\/cote\/sites\/43\/2025\/02\/sm_1739186150.826703.jpg\",\"width\":720,\"height\":480,\"caption\":\"Sommet sur l\u2019IA \u00e0 Paris : l\u2019Afrique au c\u0153ur de la r\u00e9volution de l\u2019IA, une contribution essentielle et m\u00e9connue\"},{\"@type\":\"BreadcrumbList\",\"@id\":\"https:\/\/www.africa-press.net\/cotedivoire\/politique\/sommet-sur-lia-a-paris-lafrique-au-coeur-de-la-revolution-de-lia-une-contribution-essentielle-et-meconnue#breadcrumb\",\"itemListElement\":[{\"@type\":\"ListItem\",\"position\":1,\"name\":\"Accueil\",\"item\":\"https:\/\/www.africa-press.net\/cotedivoire\/\"},{\"@type\":\"ListItem\",\"position\":2,\"name\":\"Sommet sur l\u2019IA \u00e0 Paris : l\u2019Afrique au c\u0153ur de la r\u00e9volution de l\u2019IA, une contribution essentielle et m\u00e9connue\"}]},{\"@type\":\"WebSite\",\"@id\":\"https:\/\/www.africa-press.net\/cotedivoire\/#website\",\"url\":\"https:\/\/www.africa-press.net\/cotedivoire\/\",\"name\":\"C\u00f4te d&#039;Ivoire\",\"description\":\"Just another Africa News Agency Sites site\",\"potentialAction\":[{\"@type\":\"SearchAction\",\"target\":{\"@type\":\"EntryPoint\",\"urlTemplate\":\"https:\/\/www.africa-press.net\/cotedivoire\/?s={search_term_string}\"},\"query-input\":{\"@type\":\"PropertyValueSpecification\",\"valueRequired\":true,\"valueName\":\"search_term_string\"}}],\"inLanguage\":\"fr-FR\"},{\"@type\":\"Person\",\"@id\":\"https:\/\/www.africa-press.net\/cotedivoire\/#\/schema\/person\/2b1cf3cd81a31e3cd26889ca66d677f1\",\"name\":\"cfeditorfr\"}]}<\/script>\n<!-- \/ Yoast SEO Premium plugin. -->","yoast_head_json":{"title":"Sommet sur l\u2019IA \u00e0 Paris : l\u2019Afrique au c\u0153ur de la r\u00e9volution de l\u2019IA, une contribution essentielle et m\u00e9connue - C\u00f4te d&#039;Ivoire","robots":{"index":"index","follow":"follow","max-snippet":"max-snippet:-1","max-image-preview":"max-image-preview:large","max-video-preview":"max-video-preview:-1"},"canonical":"https:\/\/www.africa-press.net\/cotedivoire\/politique\/sommet-sur-lia-a-paris-lafrique-au-coeur-de-la-revolution-de-lia-une-contribution-essentielle-et-meconnue","og_locale":"fr_FR","og_type":"article","og_title":"Sommet sur l\u2019IA \u00e0 Paris : l\u2019Afrique au c\u0153ur de la r\u00e9volution de l\u2019IA, une contribution essentielle et m\u00e9connue","og_description":"Eric Ngarlem Tolde\u0301 Africa-Press &#8211; C\u00f4te d&rsquo;Ivoire. Alors que Paris accueille une semaine d\u2019e\u0301ve\u0301nements consacre\u0301s a\u0300 l\u2019Intelligence artificielle, il est crucial de mettre l\u2019accent sur le ro\u0302le essentiel de l\u2019Afrique dans ce domaine en plein essor de notre e\u0300re. Derrie\u0300re les grandes entreprises de l\u2019IA se trouvent des milliers de travailleurs africains, les \u201cpetites mains\u201d [&hellip;]","og_url":"https:\/\/www.africa-press.net\/cotedivoire\/politique\/sommet-sur-lia-a-paris-lafrique-au-coeur-de-la-revolution-de-lia-une-contribution-essentielle-et-meconnue","og_site_name":"C\u00f4te d&#039;Ivoire","article_published_time":"2025-02-10T13:36:12+00:00","author":"cfeditorfr","twitter_card":"summary_large_image","twitter_misc":{"\u00c9crit par":"cfeditorfr","Dur\u00e9e de lecture estim\u00e9e":"3 minutes"},"schema":{"@context":"https:\/\/schema.org","@graph":[{"@type":"Article","@id":"https:\/\/www.africa-press.net\/cotedivoire\/politique\/sommet-sur-lia-a-paris-lafrique-au-coeur-de-la-revolution-de-lia-une-contribution-essentielle-et-meconnue#article","isPartOf":{"@id":"https:\/\/www.africa-press.net\/cotedivoire\/politique\/sommet-sur-lia-a-paris-lafrique-au-coeur-de-la-revolution-de-lia-une-contribution-essentielle-et-meconnue"},"author":{"name":"cfeditorfr","@id":"https:\/\/www.africa-press.net\/cotedivoire\/#\/schema\/person\/2b1cf3cd81a31e3cd26889ca66d677f1"},"headline":"Sommet sur l\u2019IA \u00e0 Paris : l\u2019Afrique au c\u0153ur de la r\u00e9volution de l\u2019IA, une contribution essentielle et m\u00e9connue","datePublished":"2025-02-10T13:36:12+00:00","mainEntityOfPage":{"@id":"https:\/\/www.africa-press.net\/cotedivoire\/politique\/sommet-sur-lia-a-paris-lafrique-au-coeur-de-la-revolution-de-lia-une-contribution-essentielle-et-meconnue"},"wordCount":529,"commentCount":0,"image":{"@id":"https:\/\/www.africa-press.net\/cotedivoire\/politique\/sommet-sur-lia-a-paris-lafrique-au-coeur-de-la-revolution-de-lia-une-contribution-essentielle-et-meconnue#primaryimage"},"thumbnailUrl":"https:\/\/static.africa-press.net\/cote\/sites\/43\/2025\/02\/sm_1739186150.826703.jpg","keywords":["C\u00f4te d'Ivoire"],"articleSection":["\u00c9conomie","Toutes les actualit\u00e9s"],"inLanguage":"fr-FR","potentialAction":[{"@type":"CommentAction","name":"Comment","target":["https:\/\/www.africa-press.net\/cotedivoire\/politique\/sommet-sur-lia-a-paris-lafrique-au-coeur-de-la-revolution-de-lia-une-contribution-essentielle-et-meconnue#respond"]}]},{"@type":"WebPage","@id":"https:\/\/www.africa-press.net\/cotedivoire\/politique\/sommet-sur-lia-a-paris-lafrique-au-coeur-de-la-revolution-de-lia-une-contribution-essentielle-et-meconnue","url":"https:\/\/www.africa-press.net\/cotedivoire\/politique\/sommet-sur-lia-a-paris-lafrique-au-coeur-de-la-revolution-de-lia-une-contribution-essentielle-et-meconnue","name":"Sommet sur l\u2019IA \u00e0 Paris : l\u2019Afrique au c\u0153ur de la r\u00e9volution de l\u2019IA, une contribution essentielle et m\u00e9connue - C\u00f4te d&#039;Ivoire","isPartOf":{"@id":"https:\/\/www.africa-press.net\/cotedivoire\/#website"},"primaryImageOfPage":{"@id":"https:\/\/www.africa-press.net\/cotedivoire\/politique\/sommet-sur-lia-a-paris-lafrique-au-coeur-de-la-revolution-de-lia-une-contribution-essentielle-et-meconnue#primaryimage"},"image":{"@id":"https:\/\/www.africa-press.net\/cotedivoire\/politique\/sommet-sur-lia-a-paris-lafrique-au-coeur-de-la-revolution-de-lia-une-contribution-essentielle-et-meconnue#primaryimage"},"thumbnailUrl":"https:\/\/static.africa-press.net\/cote\/sites\/43\/2025\/02\/sm_1739186150.826703.jpg","datePublished":"2025-02-10T13:36:12+00:00","author":{"@id":"https:\/\/www.africa-press.net\/cotedivoire\/#\/schema\/person\/2b1cf3cd81a31e3cd26889ca66d677f1"},"breadcrumb":{"@id":"https:\/\/www.africa-press.net\/cotedivoire\/politique\/sommet-sur-lia-a-paris-lafrique-au-coeur-de-la-revolution-de-lia-une-contribution-essentielle-et-meconnue#breadcrumb"},"inLanguage":"fr-FR","potentialAction":[{"@type":"ReadAction","target":["https:\/\/www.africa-press.net\/cotedivoire\/politique\/sommet-sur-lia-a-paris-lafrique-au-coeur-de-la-revolution-de-lia-une-contribution-essentielle-et-meconnue"]}]},{"@type":"ImageObject","inLanguage":"fr-FR","@id":"https:\/\/www.africa-press.net\/cotedivoire\/politique\/sommet-sur-lia-a-paris-lafrique-au-coeur-de-la-revolution-de-lia-une-contribution-essentielle-et-meconnue#primaryimage","url":"https:\/\/static.africa-press.net\/cote\/sites\/43\/2025\/02\/sm_1739186150.826703.jpg","contentUrl":"https:\/\/static.africa-press.net\/cote\/sites\/43\/2025\/02\/sm_1739186150.826703.jpg","width":720,"height":480,"caption":"Sommet sur l\u2019IA \u00e0 Paris : l\u2019Afrique au c\u0153ur de la r\u00e9volution de l\u2019IA, une contribution essentielle et m\u00e9connue"},{"@type":"BreadcrumbList","@id":"https:\/\/www.africa-press.net\/cotedivoire\/politique\/sommet-sur-lia-a-paris-lafrique-au-coeur-de-la-revolution-de-lia-une-contribution-essentielle-et-meconnue#breadcrumb","itemListElement":[{"@type":"ListItem","position":1,"name":"Accueil","item":"https:\/\/www.africa-press.net\/cotedivoire\/"},{"@type":"ListItem","position":2,"name":"Sommet sur l\u2019IA \u00e0 Paris : l\u2019Afrique au c\u0153ur de la r\u00e9volution de l\u2019IA, une contribution essentielle et m\u00e9connue"}]},{"@type":"WebSite","@id":"https:\/\/www.africa-press.net\/cotedivoire\/#website","url":"https:\/\/www.africa-press.net\/cotedivoire\/","name":"C\u00f4te d&#039;Ivoire","description":"Just another Africa News Agency Sites site","potentialAction":[{"@type":"SearchAction","target":{"@type":"EntryPoint","urlTemplate":"https:\/\/www.africa-press.net\/cotedivoire\/?s={search_term_string}"},"query-input":{"@type":"PropertyValueSpecification","valueRequired":true,"valueName":"search_term_string"}}],"inLanguage":"fr-FR"},{"@type":"Person","@id":"https:\/\/www.africa-press.net\/cotedivoire\/#\/schema\/person\/2b1cf3cd81a31e3cd26889ca66d677f1","name":"cfeditorfr"}]}},"_links":{"self":[{"href":"https:\/\/www.africa-press.net\/cotedivoire\/wp-json\/wp\/v2\/posts\/94946","targetHints":{"allow":["GET"]}}],"collection":[{"href":"https:\/\/www.africa-press.net\/cotedivoire\/wp-json\/wp\/v2\/posts"}],"about":[{"href":"https:\/\/www.africa-press.net\/cotedivoire\/wp-json\/wp\/v2\/types\/post"}],"author":[{"embeddable":true,"href":"https:\/\/www.africa-press.net\/cotedivoire\/wp-json\/wp\/v2\/users\/82"}],"replies":[{"embeddable":true,"href":"https:\/\/www.africa-press.net\/cotedivoire\/wp-json\/wp\/v2\/comments?post=94946"}],"version-history":[{"count":0,"href":"https:\/\/www.africa-press.net\/cotedivoire\/wp-json\/wp\/v2\/posts\/94946\/revisions"}],"wp:featuredmedia":[{"embeddable":true,"href":"https:\/\/www.africa-press.net\/cotedivoire\/wp-json\/wp\/v2\/media\/94945"}],"wp:attachment":[{"href":"https:\/\/www.africa-press.net\/cotedivoire\/wp-json\/wp\/v2\/media?parent=94946"}],"wp:term":[{"taxonomy":"category","embeddable":true,"href":"https:\/\/www.africa-press.net\/cotedivoire\/wp-json\/wp\/v2\/categories?post=94946"},{"taxonomy":"post_tag","embeddable":true,"href":"https:\/\/www.africa-press.net\/cotedivoire\/wp-json\/wp\/v2\/tags?post=94946"}],"curies":[{"name":"wp","href":"https:\/\/api.w.org\/{rel}","templated":true}]}}