{"id":94948,"date":"2025-02-10T14:37:54","date_gmt":"2025-02-10T14:37:54","guid":{"rendered":"https:\/\/www.africa-press.net\/cotedivoire\/politique\/danane-beneficie-de-lextension-de-lelectrification-dans-plusieurs-quartiers"},"modified":"2025-02-10T14:37:54","modified_gmt":"2025-02-10T14:37:54","slug":"danane-beneficie-de-lextension-de-lelectrification-dans-plusieurs-quartiers","status":"publish","type":"post","link":"https:\/\/www.africa-press.net\/cotedivoire\/toutes-les-actualites\/danane-beneficie-de-lextension-de-lelectrification-dans-plusieurs-quartiers","title":{"rendered":"Danan\u00e9 b\u00e9n\u00e9ficie de l\u2019extension de l\u2019\u00e9lectrification dans plusieurs quartiers"},"content":{"rendered":"<p><span style=\"color: #ff6600\"><strong>Africa-Press &#8211; C\u00f4te d&rsquo;Ivoire. <\/strong><\/span>La ville de Danane\u0301 be\u0301ne\u0301ficie, depuis le de\u0301but de l\u2019anne\u0301e 2025, d\u2019un projet d\u2019extension de l\u2019e\u0301lectrification couvrant plusieurs de ses quartiers, mate\u0301rialise\u0301 par l\u2019enfouissement de nombreux poteaux e\u0301lectriques, a constate\u0301 l\u2019AIP.<\/p>\n<p>Cette initiative marque un tournant important pour la commune, en apportant lumie\u0300re et de\u0301veloppement a\u0300 de nombreuses zones.<\/p>\n<p>Le pre\u0301sident des chefs de quartiers de Danane\u0301, Dehouo De\u0301nis, rencontre\u0301 a\u0300 cette occasion, a exprime\u0301, au nom des chefs de quartiers et des populations, sa profonde gratitude envers le gouvernement ivoirien ainsi que les autorite\u0301s locales pour avoir mis en place ce projet d\u2019e\u0301lectrification.<\/p>\n<p>Il a souhaite\u0301 que l\u2019ensemble des 44 quartiers de la ville puisse e\u0302tre entie\u0300rement couvert par ce projet.<\/p>\n<p>Au niveau de la mairie de Danane\u0301, l\u2019on s\u2019est re\u0301jouit e\u0301galement du de\u0301marrage de ce projet, qui devrait apporter de\u0301veloppement et se\u0301curite\u0301 a\u0300 la ville.<\/p>\n<p><strong>Pour plus d&rsquo;informations et d&rsquo;analyses sur la <span style=\"color: #ff6600\">C\u00f4te d&rsquo;Ivoire<\/span>, suivez <span style=\"color: #ff6600\">Africa-Press<span style=\"color: #ff6600\"><\/span><\/strong><\/p>\n","protected":false},"excerpt":{"rendered":"<p>Africa-Press &#8211; C\u00f4te d&rsquo;Ivoire. La ville de Danane\u0301 be\u0301ne\u0301ficie, depuis le de\u0301but de l\u2019anne\u0301e 2025, d\u2019un projet d\u2019extension de l\u2019e\u0301lectrification couvrant plusieurs de ses quartiers, mate\u0301rialise\u0301 par l\u2019enfouissement de nombreux poteaux e\u0301lectriques, a constate\u0301 l\u2019AIP. Cette initiative marque un tournant important pour la commune, en apportant lumie\u0300re et de\u0301veloppement a\u0300 de nombreuses zones. Le pre\u0301sident [&hellip;]<\/p>\n","protected":false},"author":82,"featured_media":94947,"comment_status":"open","ping_status":"closed","sticky":false,"template":"","format":"standard","meta":{"footnotes":""},"categories":[21,10],"tags":[37],"class_list":["post-94948","post","type-post","status-publish","format-standard","has-post-thumbnail","hentry","category-communaute","category-toutes-les-actualites","tag-cote-divoire-2"],"yoast_head":"<!-- This site is optimized with the Yoast SEO Premium plugin v26.1 (Yoast SEO v27.0) - https:\/\/yoast.com\/product\/yoast-seo-premium-wordpress\/ -->\n<title>Danan\u00e9 b\u00e9n\u00e9ficie de l\u2019extension de l\u2019\u00e9lectrification dans plusieurs quartiers - C\u00f4te d&#039;Ivoire<\/title>\n<meta name=\"robots\" content=\"index, follow, max-snippet:-1, max-image-preview:large, max-video-preview:-1\" \/>\n<link rel=\"canonical\" href=\"https:\/\/www.africa-press.net\/cotedivoire\/politique\/danane-beneficie-de-lextension-de-lelectrification-dans-plusieurs-quartiers\" \/>\n<meta property=\"og:locale\" content=\"fr_FR\" \/>\n<meta property=\"og:type\" content=\"article\" \/>\n<meta property=\"og:title\" content=\"Danan\u00e9 b\u00e9n\u00e9ficie de l\u2019extension de l\u2019\u00e9lectrification dans plusieurs quartiers\" \/>\n<meta property=\"og:description\" content=\"Africa-Press &#8211; C\u00f4te d&rsquo;Ivoire. La ville de Danane\u0301 be\u0301ne\u0301ficie, depuis le de\u0301but de l\u2019anne\u0301e 2025, d\u2019un projet d\u2019extension de l\u2019e\u0301lectrification couvrant plusieurs de ses quartiers, mate\u0301rialise\u0301 par l\u2019enfouissement de nombreux poteaux e\u0301lectriques, a constate\u0301 l\u2019AIP. Cette initiative marque un tournant important pour la commune, en apportant lumie\u0300re et de\u0301veloppement a\u0300 de nombreuses zones. Le pre\u0301sident [&hellip;]\" \/>\n<meta property=\"og:url\" content=\"https:\/\/www.africa-press.net\/cotedivoire\/politique\/danane-beneficie-de-lextension-de-lelectrification-dans-plusieurs-quartiers\" \/>\n<meta property=\"og:site_name\" content=\"C\u00f4te d&#039;Ivoire\" \/>\n<meta property=\"article:published_time\" content=\"2025-02-10T14:37:54+00:00\" \/>\n<meta name=\"author\" content=\"cfeditorfr\" \/>\n<meta name=\"twitter:card\" content=\"summary_large_image\" \/>\n<meta name=\"twitter:label1\" content=\"\u00c9crit par\" \/>\n\t<meta name=\"twitter:data1\" content=\"cfeditorfr\" \/>\n\t<meta name=\"twitter:label2\" content=\"Dur\u00e9e de lecture estim\u00e9e\" \/>\n\t<meta name=\"twitter:data2\" content=\"1 minute\" \/>\n<script type=\"application\/ld+json\" class=\"yoast-schema-graph\">{\"@context\":\"https:\/\/schema.org\",\"@graph\":[{\"@type\":\"Article\",\"@id\":\"https:\/\/www.africa-press.net\/cotedivoire\/politique\/danane-beneficie-de-lextension-de-lelectrification-dans-plusieurs-quartiers#article\",\"isPartOf\":{\"@id\":\"https:\/\/www.africa-press.net\/cotedivoire\/politique\/danane-beneficie-de-lextension-de-lelectrification-dans-plusieurs-quartiers\"},\"author\":{\"name\":\"cfeditorfr\",\"@id\":\"https:\/\/www.africa-press.net\/cotedivoire\/#\/schema\/person\/2b1cf3cd81a31e3cd26889ca66d677f1\"},\"headline\":\"Danan\u00e9 b\u00e9n\u00e9ficie de l\u2019extension de l\u2019\u00e9lectrification dans plusieurs quartiers\",\"datePublished\":\"2025-02-10T14:37:54+00:00\",\"mainEntityOfPage\":{\"@id\":\"https:\/\/www.africa-press.net\/cotedivoire\/politique\/danane-beneficie-de-lextension-de-lelectrification-dans-plusieurs-quartiers\"},\"wordCount\":199,\"commentCount\":0,\"image\":{\"@id\":\"https:\/\/www.africa-press.net\/cotedivoire\/politique\/danane-beneficie-de-lextension-de-lelectrification-dans-plusieurs-quartiers#primaryimage\"},\"thumbnailUrl\":\"https:\/\/static.africa-press.net\/cote\/sites\/43\/2025\/02\/sm_1739186205.751445.jpg\",\"keywords\":[\"C\u00f4te d'Ivoire\"],\"articleSection\":[\"Communaut\u00e9\",\"Toutes les actualit\u00e9s\"],\"inLanguage\":\"fr-FR\",\"potentialAction\":[{\"@type\":\"CommentAction\",\"name\":\"Comment\",\"target\":[\"https:\/\/www.africa-press.net\/cotedivoire\/politique\/danane-beneficie-de-lextension-de-lelectrification-dans-plusieurs-quartiers#respond\"]}]},{\"@type\":\"WebPage\",\"@id\":\"https:\/\/www.africa-press.net\/cotedivoire\/politique\/danane-beneficie-de-lextension-de-lelectrification-dans-plusieurs-quartiers\",\"url\":\"https:\/\/www.africa-press.net\/cotedivoire\/politique\/danane-beneficie-de-lextension-de-lelectrification-dans-plusieurs-quartiers\",\"name\":\"Danan\u00e9 b\u00e9n\u00e9ficie de l\u2019extension de l\u2019\u00e9lectrification dans plusieurs quartiers - C\u00f4te d&#039;Ivoire\",\"isPartOf\":{\"@id\":\"https:\/\/www.africa-press.net\/cotedivoire\/#website\"},\"primaryImageOfPage\":{\"@id\":\"https:\/\/www.africa-press.net\/cotedivoire\/politique\/danane-beneficie-de-lextension-de-lelectrification-dans-plusieurs-quartiers#primaryimage\"},\"image\":{\"@id\":\"https:\/\/www.africa-press.net\/cotedivoire\/politique\/danane-beneficie-de-lextension-de-lelectrification-dans-plusieurs-quartiers#primaryimage\"},\"thumbnailUrl\":\"https:\/\/static.africa-press.net\/cote\/sites\/43\/2025\/02\/sm_1739186205.751445.jpg\",\"datePublished\":\"2025-02-10T14:37:54+00:00\",\"author\":{\"@id\":\"https:\/\/www.africa-press.net\/cotedivoire\/#\/schema\/person\/2b1cf3cd81a31e3cd26889ca66d677f1\"},\"breadcrumb\":{\"@id\":\"https:\/\/www.africa-press.net\/cotedivoire\/politique\/danane-beneficie-de-lextension-de-lelectrification-dans-plusieurs-quartiers#breadcrumb\"},\"inLanguage\":\"fr-FR\",\"potentialAction\":[{\"@type\":\"ReadAction\",\"target\":[\"https:\/\/www.africa-press.net\/cotedivoire\/politique\/danane-beneficie-de-lextension-de-lelectrification-dans-plusieurs-quartiers\"]}]},{\"@type\":\"ImageObject\",\"inLanguage\":\"fr-FR\",\"@id\":\"https:\/\/www.africa-press.net\/cotedivoire\/politique\/danane-beneficie-de-lextension-de-lelectrification-dans-plusieurs-quartiers#primaryimage\",\"url\":\"https:\/\/static.africa-press.net\/cote\/sites\/43\/2025\/02\/sm_1739186205.751445.jpg\",\"contentUrl\":\"https:\/\/static.africa-press.net\/cote\/sites\/43\/2025\/02\/sm_1739186205.751445.jpg\",\"width\":1280,\"height\":720,\"caption\":\"Danan\u00e9 b\u00e9n\u00e9ficie de l\u2019extension de l\u2019\u00e9lectrification dans plusieurs quartiers\"},{\"@type\":\"BreadcrumbList\",\"@id\":\"https:\/\/www.africa-press.net\/cotedivoire\/politique\/danane-beneficie-de-lextension-de-lelectrification-dans-plusieurs-quartiers#breadcrumb\",\"itemListElement\":[{\"@type\":\"ListItem\",\"position\":1,\"name\":\"Accueil\",\"item\":\"https:\/\/www.africa-press.net\/cotedivoire\/\"},{\"@type\":\"ListItem\",\"position\":2,\"name\":\"Danan\u00e9 b\u00e9n\u00e9ficie de l\u2019extension de l\u2019\u00e9lectrification dans plusieurs quartiers\"}]},{\"@type\":\"WebSite\",\"@id\":\"https:\/\/www.africa-press.net\/cotedivoire\/#website\",\"url\":\"https:\/\/www.africa-press.net\/cotedivoire\/\",\"name\":\"C\u00f4te d&#039;Ivoire\",\"description\":\"Just another Africa News Agency Sites site\",\"potentialAction\":[{\"@type\":\"SearchAction\",\"target\":{\"@type\":\"EntryPoint\",\"urlTemplate\":\"https:\/\/www.africa-press.net\/cotedivoire\/?s={search_term_string}\"},\"query-input\":{\"@type\":\"PropertyValueSpecification\",\"valueRequired\":true,\"valueName\":\"search_term_string\"}}],\"inLanguage\":\"fr-FR\"},{\"@type\":\"Person\",\"@id\":\"https:\/\/www.africa-press.net\/cotedivoire\/#\/schema\/person\/2b1cf3cd81a31e3cd26889ca66d677f1\",\"name\":\"cfeditorfr\"}]}<\/script>\n<!-- \/ Yoast SEO Premium plugin. -->","yoast_head_json":{"title":"Danan\u00e9 b\u00e9n\u00e9ficie de l\u2019extension de l\u2019\u00e9lectrification dans plusieurs quartiers - C\u00f4te d&#039;Ivoire","robots":{"index":"index","follow":"follow","max-snippet":"max-snippet:-1","max-image-preview":"max-image-preview:large","max-video-preview":"max-video-preview:-1"},"canonical":"https:\/\/www.africa-press.net\/cotedivoire\/politique\/danane-beneficie-de-lextension-de-lelectrification-dans-plusieurs-quartiers","og_locale":"fr_FR","og_type":"article","og_title":"Danan\u00e9 b\u00e9n\u00e9ficie de l\u2019extension de l\u2019\u00e9lectrification dans plusieurs quartiers","og_description":"Africa-Press &#8211; C\u00f4te d&rsquo;Ivoire. La ville de Danane\u0301 be\u0301ne\u0301ficie, depuis le de\u0301but de l\u2019anne\u0301e 2025, d\u2019un projet d\u2019extension de l\u2019e\u0301lectrification couvrant plusieurs de ses quartiers, mate\u0301rialise\u0301 par l\u2019enfouissement de nombreux poteaux e\u0301lectriques, a constate\u0301 l\u2019AIP. Cette initiative marque un tournant important pour la commune, en apportant lumie\u0300re et de\u0301veloppement a\u0300 de nombreuses zones. Le pre\u0301sident [&hellip;]","og_url":"https:\/\/www.africa-press.net\/cotedivoire\/politique\/danane-beneficie-de-lextension-de-lelectrification-dans-plusieurs-quartiers","og_site_name":"C\u00f4te d&#039;Ivoire","article_published_time":"2025-02-10T14:37:54+00:00","author":"cfeditorfr","twitter_card":"summary_large_image","twitter_misc":{"\u00c9crit par":"cfeditorfr","Dur\u00e9e de lecture estim\u00e9e":"1 minute"},"schema":{"@context":"https:\/\/schema.org","@graph":[{"@type":"Article","@id":"https:\/\/www.africa-press.net\/cotedivoire\/politique\/danane-beneficie-de-lextension-de-lelectrification-dans-plusieurs-quartiers#article","isPartOf":{"@id":"https:\/\/www.africa-press.net\/cotedivoire\/politique\/danane-beneficie-de-lextension-de-lelectrification-dans-plusieurs-quartiers"},"author":{"name":"cfeditorfr","@id":"https:\/\/www.africa-press.net\/cotedivoire\/#\/schema\/person\/2b1cf3cd81a31e3cd26889ca66d677f1"},"headline":"Danan\u00e9 b\u00e9n\u00e9ficie de l\u2019extension de l\u2019\u00e9lectrification dans plusieurs quartiers","datePublished":"2025-02-10T14:37:54+00:00","mainEntityOfPage":{"@id":"https:\/\/www.africa-press.net\/cotedivoire\/politique\/danane-beneficie-de-lextension-de-lelectrification-dans-plusieurs-quartiers"},"wordCount":199,"commentCount":0,"image":{"@id":"https:\/\/www.africa-press.net\/cotedivoire\/politique\/danane-beneficie-de-lextension-de-lelectrification-dans-plusieurs-quartiers#primaryimage"},"thumbnailUrl":"https:\/\/static.africa-press.net\/cote\/sites\/43\/2025\/02\/sm_1739186205.751445.jpg","keywords":["C\u00f4te d'Ivoire"],"articleSection":["Communaut\u00e9","Toutes les actualit\u00e9s"],"inLanguage":"fr-FR","potentialAction":[{"@type":"CommentAction","name":"Comment","target":["https:\/\/www.africa-press.net\/cotedivoire\/politique\/danane-beneficie-de-lextension-de-lelectrification-dans-plusieurs-quartiers#respond"]}]},{"@type":"WebPage","@id":"https:\/\/www.africa-press.net\/cotedivoire\/politique\/danane-beneficie-de-lextension-de-lelectrification-dans-plusieurs-quartiers","url":"https:\/\/www.africa-press.net\/cotedivoire\/politique\/danane-beneficie-de-lextension-de-lelectrification-dans-plusieurs-quartiers","name":"Danan\u00e9 b\u00e9n\u00e9ficie de l\u2019extension de l\u2019\u00e9lectrification dans plusieurs quartiers - C\u00f4te d&#039;Ivoire","isPartOf":{"@id":"https:\/\/www.africa-press.net\/cotedivoire\/#website"},"primaryImageOfPage":{"@id":"https:\/\/www.africa-press.net\/cotedivoire\/politique\/danane-beneficie-de-lextension-de-lelectrification-dans-plusieurs-quartiers#primaryimage"},"image":{"@id":"https:\/\/www.africa-press.net\/cotedivoire\/politique\/danane-beneficie-de-lextension-de-lelectrification-dans-plusieurs-quartiers#primaryimage"},"thumbnailUrl":"https:\/\/static.africa-press.net\/cote\/sites\/43\/2025\/02\/sm_1739186205.751445.jpg","datePublished":"2025-02-10T14:37:54+00:00","author":{"@id":"https:\/\/www.africa-press.net\/cotedivoire\/#\/schema\/person\/2b1cf3cd81a31e3cd26889ca66d677f1"},"breadcrumb":{"@id":"https:\/\/www.africa-press.net\/cotedivoire\/politique\/danane-beneficie-de-lextension-de-lelectrification-dans-plusieurs-quartiers#breadcrumb"},"inLanguage":"fr-FR","potentialAction":[{"@type":"ReadAction","target":["https:\/\/www.africa-press.net\/cotedivoire\/politique\/danane-beneficie-de-lextension-de-lelectrification-dans-plusieurs-quartiers"]}]},{"@type":"ImageObject","inLanguage":"fr-FR","@id":"https:\/\/www.africa-press.net\/cotedivoire\/politique\/danane-beneficie-de-lextension-de-lelectrification-dans-plusieurs-quartiers#primaryimage","url":"https:\/\/static.africa-press.net\/cote\/sites\/43\/2025\/02\/sm_1739186205.751445.jpg","contentUrl":"https:\/\/static.africa-press.net\/cote\/sites\/43\/2025\/02\/sm_1739186205.751445.jpg","width":1280,"height":720,"caption":"Danan\u00e9 b\u00e9n\u00e9ficie de l\u2019extension de l\u2019\u00e9lectrification dans plusieurs quartiers"},{"@type":"BreadcrumbList","@id":"https:\/\/www.africa-press.net\/cotedivoire\/politique\/danane-beneficie-de-lextension-de-lelectrification-dans-plusieurs-quartiers#breadcrumb","itemListElement":[{"@type":"ListItem","position":1,"name":"Accueil","item":"https:\/\/www.africa-press.net\/cotedivoire\/"},{"@type":"ListItem","position":2,"name":"Danan\u00e9 b\u00e9n\u00e9ficie de l\u2019extension de l\u2019\u00e9lectrification dans plusieurs quartiers"}]},{"@type":"WebSite","@id":"https:\/\/www.africa-press.net\/cotedivoire\/#website","url":"https:\/\/www.africa-press.net\/cotedivoire\/","name":"C\u00f4te d&#039;Ivoire","description":"Just another Africa News Agency Sites site","potentialAction":[{"@type":"SearchAction","target":{"@type":"EntryPoint","urlTemplate":"https:\/\/www.africa-press.net\/cotedivoire\/?s={search_term_string}"},"query-input":{"@type":"PropertyValueSpecification","valueRequired":true,"valueName":"search_term_string"}}],"inLanguage":"fr-FR"},{"@type":"Person","@id":"https:\/\/www.africa-press.net\/cotedivoire\/#\/schema\/person\/2b1cf3cd81a31e3cd26889ca66d677f1","name":"cfeditorfr"}]}},"_links":{"self":[{"href":"https:\/\/www.africa-press.net\/cotedivoire\/wp-json\/wp\/v2\/posts\/94948","targetHints":{"allow":["GET"]}}],"collection":[{"href":"https:\/\/www.africa-press.net\/cotedivoire\/wp-json\/wp\/v2\/posts"}],"about":[{"href":"https:\/\/www.africa-press.net\/cotedivoire\/wp-json\/wp\/v2\/types\/post"}],"author":[{"embeddable":true,"href":"https:\/\/www.africa-press.net\/cotedivoire\/wp-json\/wp\/v2\/users\/82"}],"replies":[{"embeddable":true,"href":"https:\/\/www.africa-press.net\/cotedivoire\/wp-json\/wp\/v2\/comments?post=94948"}],"version-history":[{"count":0,"href":"https:\/\/www.africa-press.net\/cotedivoire\/wp-json\/wp\/v2\/posts\/94948\/revisions"}],"wp:featuredmedia":[{"embeddable":true,"href":"https:\/\/www.africa-press.net\/cotedivoire\/wp-json\/wp\/v2\/media\/94947"}],"wp:attachment":[{"href":"https:\/\/www.africa-press.net\/cotedivoire\/wp-json\/wp\/v2\/media?parent=94948"}],"wp:term":[{"taxonomy":"category","embeddable":true,"href":"https:\/\/www.africa-press.net\/cotedivoire\/wp-json\/wp\/v2\/categories?post=94948"},{"taxonomy":"post_tag","embeddable":true,"href":"https:\/\/www.africa-press.net\/cotedivoire\/wp-json\/wp\/v2\/tags?post=94948"}],"curies":[{"name":"wp","href":"https:\/\/api.w.org\/{rel}","templated":true}]}}