{"id":94950,"date":"2025-02-10T14:38:09","date_gmt":"2025-02-10T14:38:09","guid":{"rendered":"https:\/\/www.africa-press.net\/cotedivoire\/politique\/la-direction-regionale-des-transports-de-katiola-met-laccent-sur-limportance-du-bon-etat-des-vehicules-en-circulation"},"modified":"2025-02-10T14:38:09","modified_gmt":"2025-02-10T14:38:09","slug":"la-direction-regionale-des-transports-de-katiola-met-laccent-sur-limportance-du-bon-etat-des-vehicules-en-circulation","status":"publish","type":"post","link":"https:\/\/www.africa-press.net\/cotedivoire\/economie\/la-direction-regionale-des-transports-de-katiola-met-laccent-sur-limportance-du-bon-etat-des-vehicules-en-circulation","title":{"rendered":"La direction r\u00e9gionale des Transports de Katiola met l\u2019accent sur l\u2019importance du bon \u00e9tat des v\u00e9hicules en circulation"},"content":{"rendered":"<p><span style=\"color: #ff6600\"><strong>Africa-Press &#8211; C\u00f4te d&rsquo;Ivoire. <\/strong><\/span>La direction re\u0301gionale des Transports de Katiola, en collaboration avec les forces de l\u2019ordre, a particulie\u0300rement veille\u0301 au bon e\u0301tat des ve\u0301hicules circulant lors de la 25e e\u0301dition de la Semaine nationale de la se\u0301curite\u0301 routie\u0300re tenue du 3 au 10 fe\u0301vrier 2025.<\/p>\n<p>Les usagers vulne\u0301rables ainsi que les automobilistes ont e\u0301te\u0301 sensibilise\u0301s a\u0300 l\u2019entretien de leurs ve\u0301hicules. L\u2019accent a e\u0301te\u0301 mis sur des e\u0301le\u0301ments essentiels tels que les freins, les pneus, ainsi que la visibilite\u0301, garantissant ainsi la se\u0301curite\u0301 des occupants gra\u0302ce a\u0300 des phares en bon e\u0301tat et des essuie-glaces fonctionnels.<\/p>\n<p>Le directeur re\u0301gional des Transports de Katiola, Soro Lacina, a souligne\u0301 que l\u2019e\u0301tat me\u0301canique des ve\u0301hicules constitue un facteur crucial pour la se\u0301curite\u0301 routie\u0300re.<\/p>\n<p>En effet, un ve\u0301hicule bien entretenu re\u0301duit non seulement le risque de pannes me\u0301caniques, mais e\u0301galement celui des accidents.<\/p>\n<p>De plus, les ve\u0301hicules en mauvais e\u0301tat ge\u0301ne\u0300rent davantage de polluants et consomment plus de carburant. Un entretien re\u0301gulier permet ainsi d\u2019e\u0301viter des re\u0301parations cou\u0302teuses.<\/p>\n<p>Cette 25e e\u0301dition de la semaine nationale de la se\u0301curite\u0301 routie\u0300re s\u2019est tenue sous le the\u0300me \u2018\u2019le bon e\u0301tat me\u0301canique des ve\u0301hicules, facteur d\u2019une mobilite\u0301 su\u0302re\u2019\u2019, visant a\u0300 atteindre la majorite\u0301 des usagers.<\/p>\n<p><strong>Pour plus d&rsquo;informations et d&rsquo;analyses sur la <span style=\"color: #ff6600\">C\u00f4te d&rsquo;Ivoire<\/span>, suivez <span style=\"color: #ff6600\">Africa-Press<span style=\"color: #ff6600\"><\/span><\/strong><\/p>\n","protected":false},"excerpt":{"rendered":"<p>Africa-Press &#8211; C\u00f4te d&rsquo;Ivoire. La direction re\u0301gionale des Transports de Katiola, en collaboration avec les forces de l\u2019ordre, a particulie\u0300rement veille\u0301 au bon e\u0301tat des ve\u0301hicules circulant lors de la 25e e\u0301dition de la Semaine nationale de la se\u0301curite\u0301 routie\u0300re tenue du 3 au 10 fe\u0301vrier 2025. Les usagers vulne\u0301rables ainsi que les automobilistes ont [&hellip;]<\/p>\n","protected":false},"author":82,"featured_media":94949,"comment_status":"open","ping_status":"closed","sticky":false,"template":"","format":"standard","meta":{"footnotes":""},"categories":[3,10],"tags":[37],"class_list":["post-94950","post","type-post","status-publish","format-standard","has-post-thumbnail","hentry","category-economie","category-toutes-les-actualites","tag-cote-divoire-2"],"yoast_head":"<!-- This site is optimized with the Yoast SEO Premium plugin v26.1 (Yoast SEO v27.0) - https:\/\/yoast.com\/product\/yoast-seo-premium-wordpress\/ -->\n<title>La direction r\u00e9gionale des Transports de Katiola met l\u2019accent sur l\u2019importance du bon \u00e9tat des v\u00e9hicules en circulation - C\u00f4te d&#039;Ivoire<\/title>\n<meta name=\"robots\" content=\"index, follow, max-snippet:-1, max-image-preview:large, max-video-preview:-1\" \/>\n<link rel=\"canonical\" href=\"https:\/\/www.africa-press.net\/cotedivoire\/politique\/la-direction-regionale-des-transports-de-katiola-met-laccent-sur-limportance-du-bon-etat-des-vehicules-en-circulation\" \/>\n<meta property=\"og:locale\" content=\"fr_FR\" \/>\n<meta property=\"og:type\" content=\"article\" \/>\n<meta property=\"og:title\" content=\"La direction r\u00e9gionale des Transports de Katiola met l\u2019accent sur l\u2019importance du bon \u00e9tat des v\u00e9hicules en circulation\" \/>\n<meta property=\"og:description\" content=\"Africa-Press &#8211; C\u00f4te d&rsquo;Ivoire. La direction re\u0301gionale des Transports de Katiola, en collaboration avec les forces de l\u2019ordre, a particulie\u0300rement veille\u0301 au bon e\u0301tat des ve\u0301hicules circulant lors de la 25e e\u0301dition de la Semaine nationale de la se\u0301curite\u0301 routie\u0300re tenue du 3 au 10 fe\u0301vrier 2025. Les usagers vulne\u0301rables ainsi que les automobilistes ont [&hellip;]\" \/>\n<meta property=\"og:url\" content=\"https:\/\/www.africa-press.net\/cotedivoire\/politique\/la-direction-regionale-des-transports-de-katiola-met-laccent-sur-limportance-du-bon-etat-des-vehicules-en-circulation\" \/>\n<meta property=\"og:site_name\" content=\"C\u00f4te d&#039;Ivoire\" \/>\n<meta property=\"article:published_time\" content=\"2025-02-10T14:38:09+00:00\" \/>\n<meta name=\"author\" content=\"cfeditorfr\" \/>\n<meta name=\"twitter:card\" content=\"summary_large_image\" \/>\n<meta name=\"twitter:label1\" content=\"\u00c9crit par\" \/>\n\t<meta name=\"twitter:data1\" content=\"cfeditorfr\" \/>\n\t<meta name=\"twitter:label2\" content=\"Dur\u00e9e de lecture estim\u00e9e\" \/>\n\t<meta name=\"twitter:data2\" content=\"1 minute\" \/>\n<script type=\"application\/ld+json\" class=\"yoast-schema-graph\">{\"@context\":\"https:\/\/schema.org\",\"@graph\":[{\"@type\":\"Article\",\"@id\":\"https:\/\/www.africa-press.net\/cotedivoire\/politique\/la-direction-regionale-des-transports-de-katiola-met-laccent-sur-limportance-du-bon-etat-des-vehicules-en-circulation#article\",\"isPartOf\":{\"@id\":\"https:\/\/www.africa-press.net\/cotedivoire\/politique\/la-direction-regionale-des-transports-de-katiola-met-laccent-sur-limportance-du-bon-etat-des-vehicules-en-circulation\"},\"author\":{\"name\":\"cfeditorfr\",\"@id\":\"https:\/\/www.africa-press.net\/cotedivoire\/#\/schema\/person\/2b1cf3cd81a31e3cd26889ca66d677f1\"},\"headline\":\"La direction r\u00e9gionale des Transports de Katiola met l\u2019accent sur l\u2019importance du bon \u00e9tat des v\u00e9hicules en circulation\",\"datePublished\":\"2025-02-10T14:38:09+00:00\",\"mainEntityOfPage\":{\"@id\":\"https:\/\/www.africa-press.net\/cotedivoire\/politique\/la-direction-regionale-des-transports-de-katiola-met-laccent-sur-limportance-du-bon-etat-des-vehicules-en-circulation\"},\"wordCount\":285,\"commentCount\":0,\"image\":{\"@id\":\"https:\/\/www.africa-press.net\/cotedivoire\/politique\/la-direction-regionale-des-transports-de-katiola-met-laccent-sur-limportance-du-bon-etat-des-vehicules-en-circulation#primaryimage\"},\"thumbnailUrl\":\"https:\/\/static.africa-press.net\/cote\/sites\/43\/2025\/02\/sm_1739186216.661682.jpg\",\"keywords\":[\"C\u00f4te d'Ivoire\"],\"articleSection\":[\"\u00c9conomie\",\"Toutes les actualit\u00e9s\"],\"inLanguage\":\"fr-FR\",\"potentialAction\":[{\"@type\":\"CommentAction\",\"name\":\"Comment\",\"target\":[\"https:\/\/www.africa-press.net\/cotedivoire\/politique\/la-direction-regionale-des-transports-de-katiola-met-laccent-sur-limportance-du-bon-etat-des-vehicules-en-circulation#respond\"]}]},{\"@type\":\"WebPage\",\"@id\":\"https:\/\/www.africa-press.net\/cotedivoire\/politique\/la-direction-regionale-des-transports-de-katiola-met-laccent-sur-limportance-du-bon-etat-des-vehicules-en-circulation\",\"url\":\"https:\/\/www.africa-press.net\/cotedivoire\/politique\/la-direction-regionale-des-transports-de-katiola-met-laccent-sur-limportance-du-bon-etat-des-vehicules-en-circulation\",\"name\":\"La direction r\u00e9gionale des Transports de Katiola met l\u2019accent sur l\u2019importance du bon \u00e9tat des v\u00e9hicules en circulation - C\u00f4te d&#039;Ivoire\",\"isPartOf\":{\"@id\":\"https:\/\/www.africa-press.net\/cotedivoire\/#website\"},\"primaryImageOfPage\":{\"@id\":\"https:\/\/www.africa-press.net\/cotedivoire\/politique\/la-direction-regionale-des-transports-de-katiola-met-laccent-sur-limportance-du-bon-etat-des-vehicules-en-circulation#primaryimage\"},\"image\":{\"@id\":\"https:\/\/www.africa-press.net\/cotedivoire\/politique\/la-direction-regionale-des-transports-de-katiola-met-laccent-sur-limportance-du-bon-etat-des-vehicules-en-circulation#primaryimage\"},\"thumbnailUrl\":\"https:\/\/static.africa-press.net\/cote\/sites\/43\/2025\/02\/sm_1739186216.661682.jpg\",\"datePublished\":\"2025-02-10T14:38:09+00:00\",\"author\":{\"@id\":\"https:\/\/www.africa-press.net\/cotedivoire\/#\/schema\/person\/2b1cf3cd81a31e3cd26889ca66d677f1\"},\"breadcrumb\":{\"@id\":\"https:\/\/www.africa-press.net\/cotedivoire\/politique\/la-direction-regionale-des-transports-de-katiola-met-laccent-sur-limportance-du-bon-etat-des-vehicules-en-circulation#breadcrumb\"},\"inLanguage\":\"fr-FR\",\"potentialAction\":[{\"@type\":\"ReadAction\",\"target\":[\"https:\/\/www.africa-press.net\/cotedivoire\/politique\/la-direction-regionale-des-transports-de-katiola-met-laccent-sur-limportance-du-bon-etat-des-vehicules-en-circulation\"]}]},{\"@type\":\"ImageObject\",\"inLanguage\":\"fr-FR\",\"@id\":\"https:\/\/www.africa-press.net\/cotedivoire\/politique\/la-direction-regionale-des-transports-de-katiola-met-laccent-sur-limportance-du-bon-etat-des-vehicules-en-circulation#primaryimage\",\"url\":\"https:\/\/static.africa-press.net\/cote\/sites\/43\/2025\/02\/sm_1739186216.661682.jpg\",\"contentUrl\":\"https:\/\/static.africa-press.net\/cote\/sites\/43\/2025\/02\/sm_1739186216.661682.jpg\",\"width\":1280,\"height\":720,\"caption\":\"La direction r\u00e9gionale des Transports de Katiola met l\u2019accent sur l\u2019importance du bon \u00e9tat des v\u00e9hicules en circulation\"},{\"@type\":\"BreadcrumbList\",\"@id\":\"https:\/\/www.africa-press.net\/cotedivoire\/politique\/la-direction-regionale-des-transports-de-katiola-met-laccent-sur-limportance-du-bon-etat-des-vehicules-en-circulation#breadcrumb\",\"itemListElement\":[{\"@type\":\"ListItem\",\"position\":1,\"name\":\"Accueil\",\"item\":\"https:\/\/www.africa-press.net\/cotedivoire\/\"},{\"@type\":\"ListItem\",\"position\":2,\"name\":\"La direction r\u00e9gionale des Transports de Katiola met l\u2019accent sur l\u2019importance du bon \u00e9tat des v\u00e9hicules en circulation\"}]},{\"@type\":\"WebSite\",\"@id\":\"https:\/\/www.africa-press.net\/cotedivoire\/#website\",\"url\":\"https:\/\/www.africa-press.net\/cotedivoire\/\",\"name\":\"C\u00f4te d&#039;Ivoire\",\"description\":\"Just another Africa News Agency Sites site\",\"potentialAction\":[{\"@type\":\"SearchAction\",\"target\":{\"@type\":\"EntryPoint\",\"urlTemplate\":\"https:\/\/www.africa-press.net\/cotedivoire\/?s={search_term_string}\"},\"query-input\":{\"@type\":\"PropertyValueSpecification\",\"valueRequired\":true,\"valueName\":\"search_term_string\"}}],\"inLanguage\":\"fr-FR\"},{\"@type\":\"Person\",\"@id\":\"https:\/\/www.africa-press.net\/cotedivoire\/#\/schema\/person\/2b1cf3cd81a31e3cd26889ca66d677f1\",\"name\":\"cfeditorfr\"}]}<\/script>\n<!-- \/ Yoast SEO Premium plugin. -->","yoast_head_json":{"title":"La direction r\u00e9gionale des Transports de Katiola met l\u2019accent sur l\u2019importance du bon \u00e9tat des v\u00e9hicules en circulation - C\u00f4te d&#039;Ivoire","robots":{"index":"index","follow":"follow","max-snippet":"max-snippet:-1","max-image-preview":"max-image-preview:large","max-video-preview":"max-video-preview:-1"},"canonical":"https:\/\/www.africa-press.net\/cotedivoire\/politique\/la-direction-regionale-des-transports-de-katiola-met-laccent-sur-limportance-du-bon-etat-des-vehicules-en-circulation","og_locale":"fr_FR","og_type":"article","og_title":"La direction r\u00e9gionale des Transports de Katiola met l\u2019accent sur l\u2019importance du bon \u00e9tat des v\u00e9hicules en circulation","og_description":"Africa-Press &#8211; C\u00f4te d&rsquo;Ivoire. La direction re\u0301gionale des Transports de Katiola, en collaboration avec les forces de l\u2019ordre, a particulie\u0300rement veille\u0301 au bon e\u0301tat des ve\u0301hicules circulant lors de la 25e e\u0301dition de la Semaine nationale de la se\u0301curite\u0301 routie\u0300re tenue du 3 au 10 fe\u0301vrier 2025. Les usagers vulne\u0301rables ainsi que les automobilistes ont [&hellip;]","og_url":"https:\/\/www.africa-press.net\/cotedivoire\/politique\/la-direction-regionale-des-transports-de-katiola-met-laccent-sur-limportance-du-bon-etat-des-vehicules-en-circulation","og_site_name":"C\u00f4te d&#039;Ivoire","article_published_time":"2025-02-10T14:38:09+00:00","author":"cfeditorfr","twitter_card":"summary_large_image","twitter_misc":{"\u00c9crit par":"cfeditorfr","Dur\u00e9e de lecture estim\u00e9e":"1 minute"},"schema":{"@context":"https:\/\/schema.org","@graph":[{"@type":"Article","@id":"https:\/\/www.africa-press.net\/cotedivoire\/politique\/la-direction-regionale-des-transports-de-katiola-met-laccent-sur-limportance-du-bon-etat-des-vehicules-en-circulation#article","isPartOf":{"@id":"https:\/\/www.africa-press.net\/cotedivoire\/politique\/la-direction-regionale-des-transports-de-katiola-met-laccent-sur-limportance-du-bon-etat-des-vehicules-en-circulation"},"author":{"name":"cfeditorfr","@id":"https:\/\/www.africa-press.net\/cotedivoire\/#\/schema\/person\/2b1cf3cd81a31e3cd26889ca66d677f1"},"headline":"La direction r\u00e9gionale des Transports de Katiola met l\u2019accent sur l\u2019importance du bon \u00e9tat des v\u00e9hicules en circulation","datePublished":"2025-02-10T14:38:09+00:00","mainEntityOfPage":{"@id":"https:\/\/www.africa-press.net\/cotedivoire\/politique\/la-direction-regionale-des-transports-de-katiola-met-laccent-sur-limportance-du-bon-etat-des-vehicules-en-circulation"},"wordCount":285,"commentCount":0,"image":{"@id":"https:\/\/www.africa-press.net\/cotedivoire\/politique\/la-direction-regionale-des-transports-de-katiola-met-laccent-sur-limportance-du-bon-etat-des-vehicules-en-circulation#primaryimage"},"thumbnailUrl":"https:\/\/static.africa-press.net\/cote\/sites\/43\/2025\/02\/sm_1739186216.661682.jpg","keywords":["C\u00f4te d'Ivoire"],"articleSection":["\u00c9conomie","Toutes les actualit\u00e9s"],"inLanguage":"fr-FR","potentialAction":[{"@type":"CommentAction","name":"Comment","target":["https:\/\/www.africa-press.net\/cotedivoire\/politique\/la-direction-regionale-des-transports-de-katiola-met-laccent-sur-limportance-du-bon-etat-des-vehicules-en-circulation#respond"]}]},{"@type":"WebPage","@id":"https:\/\/www.africa-press.net\/cotedivoire\/politique\/la-direction-regionale-des-transports-de-katiola-met-laccent-sur-limportance-du-bon-etat-des-vehicules-en-circulation","url":"https:\/\/www.africa-press.net\/cotedivoire\/politique\/la-direction-regionale-des-transports-de-katiola-met-laccent-sur-limportance-du-bon-etat-des-vehicules-en-circulation","name":"La direction r\u00e9gionale des Transports de Katiola met l\u2019accent sur l\u2019importance du bon \u00e9tat des v\u00e9hicules en circulation - C\u00f4te d&#039;Ivoire","isPartOf":{"@id":"https:\/\/www.africa-press.net\/cotedivoire\/#website"},"primaryImageOfPage":{"@id":"https:\/\/www.africa-press.net\/cotedivoire\/politique\/la-direction-regionale-des-transports-de-katiola-met-laccent-sur-limportance-du-bon-etat-des-vehicules-en-circulation#primaryimage"},"image":{"@id":"https:\/\/www.africa-press.net\/cotedivoire\/politique\/la-direction-regionale-des-transports-de-katiola-met-laccent-sur-limportance-du-bon-etat-des-vehicules-en-circulation#primaryimage"},"thumbnailUrl":"https:\/\/static.africa-press.net\/cote\/sites\/43\/2025\/02\/sm_1739186216.661682.jpg","datePublished":"2025-02-10T14:38:09+00:00","author":{"@id":"https:\/\/www.africa-press.net\/cotedivoire\/#\/schema\/person\/2b1cf3cd81a31e3cd26889ca66d677f1"},"breadcrumb":{"@id":"https:\/\/www.africa-press.net\/cotedivoire\/politique\/la-direction-regionale-des-transports-de-katiola-met-laccent-sur-limportance-du-bon-etat-des-vehicules-en-circulation#breadcrumb"},"inLanguage":"fr-FR","potentialAction":[{"@type":"ReadAction","target":["https:\/\/www.africa-press.net\/cotedivoire\/politique\/la-direction-regionale-des-transports-de-katiola-met-laccent-sur-limportance-du-bon-etat-des-vehicules-en-circulation"]}]},{"@type":"ImageObject","inLanguage":"fr-FR","@id":"https:\/\/www.africa-press.net\/cotedivoire\/politique\/la-direction-regionale-des-transports-de-katiola-met-laccent-sur-limportance-du-bon-etat-des-vehicules-en-circulation#primaryimage","url":"https:\/\/static.africa-press.net\/cote\/sites\/43\/2025\/02\/sm_1739186216.661682.jpg","contentUrl":"https:\/\/static.africa-press.net\/cote\/sites\/43\/2025\/02\/sm_1739186216.661682.jpg","width":1280,"height":720,"caption":"La direction r\u00e9gionale des Transports de Katiola met l\u2019accent sur l\u2019importance du bon \u00e9tat des v\u00e9hicules en circulation"},{"@type":"BreadcrumbList","@id":"https:\/\/www.africa-press.net\/cotedivoire\/politique\/la-direction-regionale-des-transports-de-katiola-met-laccent-sur-limportance-du-bon-etat-des-vehicules-en-circulation#breadcrumb","itemListElement":[{"@type":"ListItem","position":1,"name":"Accueil","item":"https:\/\/www.africa-press.net\/cotedivoire\/"},{"@type":"ListItem","position":2,"name":"La direction r\u00e9gionale des Transports de Katiola met l\u2019accent sur l\u2019importance du bon \u00e9tat des v\u00e9hicules en circulation"}]},{"@type":"WebSite","@id":"https:\/\/www.africa-press.net\/cotedivoire\/#website","url":"https:\/\/www.africa-press.net\/cotedivoire\/","name":"C\u00f4te d&#039;Ivoire","description":"Just another Africa News Agency Sites site","potentialAction":[{"@type":"SearchAction","target":{"@type":"EntryPoint","urlTemplate":"https:\/\/www.africa-press.net\/cotedivoire\/?s={search_term_string}"},"query-input":{"@type":"PropertyValueSpecification","valueRequired":true,"valueName":"search_term_string"}}],"inLanguage":"fr-FR"},{"@type":"Person","@id":"https:\/\/www.africa-press.net\/cotedivoire\/#\/schema\/person\/2b1cf3cd81a31e3cd26889ca66d677f1","name":"cfeditorfr"}]}},"_links":{"self":[{"href":"https:\/\/www.africa-press.net\/cotedivoire\/wp-json\/wp\/v2\/posts\/94950","targetHints":{"allow":["GET"]}}],"collection":[{"href":"https:\/\/www.africa-press.net\/cotedivoire\/wp-json\/wp\/v2\/posts"}],"about":[{"href":"https:\/\/www.africa-press.net\/cotedivoire\/wp-json\/wp\/v2\/types\/post"}],"author":[{"embeddable":true,"href":"https:\/\/www.africa-press.net\/cotedivoire\/wp-json\/wp\/v2\/users\/82"}],"replies":[{"embeddable":true,"href":"https:\/\/www.africa-press.net\/cotedivoire\/wp-json\/wp\/v2\/comments?post=94950"}],"version-history":[{"count":0,"href":"https:\/\/www.africa-press.net\/cotedivoire\/wp-json\/wp\/v2\/posts\/94950\/revisions"}],"wp:featuredmedia":[{"embeddable":true,"href":"https:\/\/www.africa-press.net\/cotedivoire\/wp-json\/wp\/v2\/media\/94949"}],"wp:attachment":[{"href":"https:\/\/www.africa-press.net\/cotedivoire\/wp-json\/wp\/v2\/media?parent=94950"}],"wp:term":[{"taxonomy":"category","embeddable":true,"href":"https:\/\/www.africa-press.net\/cotedivoire\/wp-json\/wp\/v2\/categories?post=94950"},{"taxonomy":"post_tag","embeddable":true,"href":"https:\/\/www.africa-press.net\/cotedivoire\/wp-json\/wp\/v2\/tags?post=94950"}],"curies":[{"name":"wp","href":"https:\/\/api.w.org\/{rel}","templated":true}]}}