{"id":94952,"date":"2025-02-10T14:38:29","date_gmt":"2025-02-10T14:38:29","guid":{"rendered":"https:\/\/www.africa-press.net\/cotedivoire\/politique\/fimec-2025-beugre-mambe-incite-les-jeunes-a-batir-leur-avenir-par-la-formation-technique-et-professionnelle"},"modified":"2025-02-10T14:38:29","modified_gmt":"2025-02-10T14:38:29","slug":"fimec-2025-beugre-mambe-incite-les-jeunes-a-batir-leur-avenir-par-la-formation-technique-et-professionnelle","status":"publish","type":"post","link":"https:\/\/www.africa-press.net\/cotedivoire\/politique\/fimec-2025-beugre-mambe-incite-les-jeunes-a-batir-leur-avenir-par-la-formation-technique-et-professionnelle","title":{"rendered":"FIMEC 2025: Beugr\u00e9 Mamb\u00e9 incite les jeunes \u00e0 b\u00e2tir leur avenir par la formation technique et professionnelle"},"content":{"rendered":"<p><span style=\"color: #ff6600\"><strong>Africa-Press &#8211; C\u00f4te d&rsquo;Ivoire. <\/strong><\/span>Le Premier ministre, Robert Beugre\u0301 Mambe\u0301, a exhorte\u0301, lundi 10 fe\u0301vrier 2025, a\u0300 Abidjan, les jeunes Ivoiriens a\u0300 miser sur la formation technique et professionnelle pour assurer leur avenir, lors de l\u2019ouverture de la premie\u0300re e\u0301dition du Forum international des me\u0301tiers et compe\u0301tences (FIMEC), qui s\u2019ache\u0300ve mardi.<\/p>\n<p>\u00ab Je suis venu vous encourager a\u0300 vous investir dans l\u2019enseignement technique, parce que il est une chance pour les pays africains qui l\u2019on compris \u00bb, a de\u0301clare\u0301 M. Mambe\u0301, prenant en exemple des puissances e\u0301conomiques comme la France, l\u2019Allemagne et la Chine, ou\u0300 l\u2019enseignement technique absorbe plus de 40 a\u0300 50 % des effectifs d\u2019e\u0301tudiants employe\u0301s dans les entreprises. En comparaison, la Co\u0302te d\u2019Ivoire n\u2019enregistre qu\u2019un taux de 6 %.<\/p>\n<p>Selon lui, l\u2019enseignement technique est le terreau ou\u0300 germe l\u2019avenir des Nations, une discipline qui constitue \u00ab le plus beau mariage entre la pense\u0301e et l\u2019action \u00bb.<\/p>\n<p>Il a souligne\u0301 qu\u2019un jeune issu de l\u2019enseignement technique peut facilement s\u2019inse\u0301rer dans le tissu professionnel en tant qu\u2019employe\u0301, cre\u0301er sa propre entreprise en devenant employeur, ou encore devenir un chercheur capable de transformer le monde gra\u0302ce a\u0300 son travail et a\u0300 sa compre\u0301hension des e\u0301volutions e\u0301conomiques et technologiques.<\/p>\n<p>L\u2019enque\u0302te nationale sur l\u2019emploi de 2019 re\u0301ve\u0300le que 2,3 millions de jeunes Ivoiriens a\u0302ge\u0301s de 16 a\u0300 35 ans ne sont ni en emploi, ni en formation, ni en e\u0301ducation (NEETs). De plus, les jeunes diplo\u0302me\u0301s sans emploi, les jeunes de\u0301scolarise\u0301s et les personnes en situation d\u2019emploi pre\u0301caire repre\u0301sentent une population en que\u0302te d\u2019insertion durable estime\u0301e entre quatre et six millions de personnes.<\/p>\n<p>Pour pallier cette situation, le gouvernement ivoirien a consacre\u0301, depuis 2021, plus de 450 milliards de FCFA au renforcement des capacite\u0301s des jeunes entre autres. A\u0300 ce titre, deux programmes majeurs ont e\u0301te\u0301 initie\u0301s. Il s\u2019agit de l\u2019Acade\u0301mie des talents et l\u2019E\u0301cole de la deuxie\u0300me chance, visant a\u0300 favoriser l\u2019insertion professionnelle et a\u0300 offrir de nouvelles perspectives aux jeunes.<\/p>\n<p><strong>Pour plus d&rsquo;informations et d&rsquo;analyses sur la <span style=\"color: #ff6600\">C\u00f4te d&rsquo;Ivoire<\/span>, suivez <span style=\"color: #ff6600\">Africa-Press<span style=\"color: #ff6600\"><\/span><\/strong><\/p>\n","protected":false},"excerpt":{"rendered":"<p>Africa-Press &#8211; C\u00f4te d&rsquo;Ivoire. Le Premier ministre, Robert Beugre\u0301 Mambe\u0301, a exhorte\u0301, lundi 10 fe\u0301vrier 2025, a\u0300 Abidjan, les jeunes Ivoiriens a\u0300 miser sur la formation technique et professionnelle pour assurer leur avenir, lors de l\u2019ouverture de la premie\u0300re e\u0301dition du Forum international des me\u0301tiers et compe\u0301tences (FIMEC), qui s\u2019ache\u0300ve mardi. \u00ab Je suis venu [&hellip;]<\/p>\n","protected":false},"author":82,"featured_media":94951,"comment_status":"open","ping_status":"closed","sticky":false,"template":"","format":"standard","meta":{"footnotes":""},"categories":[2,10],"tags":[37],"class_list":["post-94952","post","type-post","status-publish","format-standard","has-post-thumbnail","hentry","category-politique","category-toutes-les-actualites","tag-cote-divoire-2"],"yoast_head":"<!-- This site is optimized with the Yoast SEO Premium plugin v26.1 (Yoast SEO v27.0) - https:\/\/yoast.com\/product\/yoast-seo-premium-wordpress\/ -->\n<title>FIMEC 2025: Beugr\u00e9 Mamb\u00e9 incite les jeunes \u00e0 b\u00e2tir leur avenir par la formation technique et professionnelle - C\u00f4te d&#039;Ivoire<\/title>\n<meta name=\"robots\" content=\"index, follow, max-snippet:-1, max-image-preview:large, max-video-preview:-1\" \/>\n<link rel=\"canonical\" href=\"https:\/\/www.africa-press.net\/cotedivoire\/politique\/fimec-2025-beugre-mambe-incite-les-jeunes-a-batir-leur-avenir-par-la-formation-technique-et-professionnelle\" \/>\n<meta property=\"og:locale\" content=\"fr_FR\" \/>\n<meta property=\"og:type\" content=\"article\" \/>\n<meta property=\"og:title\" content=\"FIMEC 2025: Beugr\u00e9 Mamb\u00e9 incite les jeunes \u00e0 b\u00e2tir leur avenir par la formation technique et professionnelle\" \/>\n<meta property=\"og:description\" content=\"Africa-Press &#8211; C\u00f4te d&rsquo;Ivoire. Le Premier ministre, Robert Beugre\u0301 Mambe\u0301, a exhorte\u0301, lundi 10 fe\u0301vrier 2025, a\u0300 Abidjan, les jeunes Ivoiriens a\u0300 miser sur la formation technique et professionnelle pour assurer leur avenir, lors de l\u2019ouverture de la premie\u0300re e\u0301dition du Forum international des me\u0301tiers et compe\u0301tences (FIMEC), qui s\u2019ache\u0300ve mardi. \u00ab Je suis venu [&hellip;]\" \/>\n<meta property=\"og:url\" content=\"https:\/\/www.africa-press.net\/cotedivoire\/politique\/fimec-2025-beugre-mambe-incite-les-jeunes-a-batir-leur-avenir-par-la-formation-technique-et-professionnelle\" \/>\n<meta property=\"og:site_name\" content=\"C\u00f4te d&#039;Ivoire\" \/>\n<meta property=\"article:published_time\" content=\"2025-02-10T14:38:29+00:00\" \/>\n<meta name=\"author\" content=\"cfeditorfr\" \/>\n<meta name=\"twitter:card\" content=\"summary_large_image\" \/>\n<meta name=\"twitter:label1\" content=\"\u00c9crit par\" \/>\n\t<meta name=\"twitter:data1\" content=\"cfeditorfr\" \/>\n\t<meta name=\"twitter:label2\" content=\"Dur\u00e9e de lecture estim\u00e9e\" \/>\n\t<meta name=\"twitter:data2\" content=\"2 minutes\" \/>\n<script type=\"application\/ld+json\" class=\"yoast-schema-graph\">{\"@context\":\"https:\/\/schema.org\",\"@graph\":[{\"@type\":\"Article\",\"@id\":\"https:\/\/www.africa-press.net\/cotedivoire\/politique\/fimec-2025-beugre-mambe-incite-les-jeunes-a-batir-leur-avenir-par-la-formation-technique-et-professionnelle#article\",\"isPartOf\":{\"@id\":\"https:\/\/www.africa-press.net\/cotedivoire\/politique\/fimec-2025-beugre-mambe-incite-les-jeunes-a-batir-leur-avenir-par-la-formation-technique-et-professionnelle\"},\"author\":{\"name\":\"cfeditorfr\",\"@id\":\"https:\/\/www.africa-press.net\/cotedivoire\/#\/schema\/person\/2b1cf3cd81a31e3cd26889ca66d677f1\"},\"headline\":\"FIMEC 2025: Beugr\u00e9 Mamb\u00e9 incite les jeunes \u00e0 b\u00e2tir leur avenir par la formation technique et professionnelle\",\"datePublished\":\"2025-02-10T14:38:29+00:00\",\"mainEntityOfPage\":{\"@id\":\"https:\/\/www.africa-press.net\/cotedivoire\/politique\/fimec-2025-beugre-mambe-incite-les-jeunes-a-batir-leur-avenir-par-la-formation-technique-et-professionnelle\"},\"wordCount\":399,\"commentCount\":0,\"image\":{\"@id\":\"https:\/\/www.africa-press.net\/cotedivoire\/politique\/fimec-2025-beugre-mambe-incite-les-jeunes-a-batir-leur-avenir-par-la-formation-technique-et-professionnelle#primaryimage\"},\"thumbnailUrl\":\"https:\/\/static.africa-press.net\/cote\/sites\/43\/2025\/02\/sm_1739186227.835114.jpg\",\"keywords\":[\"C\u00f4te d'Ivoire\"],\"articleSection\":[\"Politique\",\"Toutes les actualit\u00e9s\"],\"inLanguage\":\"fr-FR\",\"potentialAction\":[{\"@type\":\"CommentAction\",\"name\":\"Comment\",\"target\":[\"https:\/\/www.africa-press.net\/cotedivoire\/politique\/fimec-2025-beugre-mambe-incite-les-jeunes-a-batir-leur-avenir-par-la-formation-technique-et-professionnelle#respond\"]}]},{\"@type\":\"WebPage\",\"@id\":\"https:\/\/www.africa-press.net\/cotedivoire\/politique\/fimec-2025-beugre-mambe-incite-les-jeunes-a-batir-leur-avenir-par-la-formation-technique-et-professionnelle\",\"url\":\"https:\/\/www.africa-press.net\/cotedivoire\/politique\/fimec-2025-beugre-mambe-incite-les-jeunes-a-batir-leur-avenir-par-la-formation-technique-et-professionnelle\",\"name\":\"FIMEC 2025: Beugr\u00e9 Mamb\u00e9 incite les jeunes \u00e0 b\u00e2tir leur avenir par la formation technique et professionnelle - C\u00f4te d&#039;Ivoire\",\"isPartOf\":{\"@id\":\"https:\/\/www.africa-press.net\/cotedivoire\/#website\"},\"primaryImageOfPage\":{\"@id\":\"https:\/\/www.africa-press.net\/cotedivoire\/politique\/fimec-2025-beugre-mambe-incite-les-jeunes-a-batir-leur-avenir-par-la-formation-technique-et-professionnelle#primaryimage\"},\"image\":{\"@id\":\"https:\/\/www.africa-press.net\/cotedivoire\/politique\/fimec-2025-beugre-mambe-incite-les-jeunes-a-batir-leur-avenir-par-la-formation-technique-et-professionnelle#primaryimage\"},\"thumbnailUrl\":\"https:\/\/static.africa-press.net\/cote\/sites\/43\/2025\/02\/sm_1739186227.835114.jpg\",\"datePublished\":\"2025-02-10T14:38:29+00:00\",\"author\":{\"@id\":\"https:\/\/www.africa-press.net\/cotedivoire\/#\/schema\/person\/2b1cf3cd81a31e3cd26889ca66d677f1\"},\"breadcrumb\":{\"@id\":\"https:\/\/www.africa-press.net\/cotedivoire\/politique\/fimec-2025-beugre-mambe-incite-les-jeunes-a-batir-leur-avenir-par-la-formation-technique-et-professionnelle#breadcrumb\"},\"inLanguage\":\"fr-FR\",\"potentialAction\":[{\"@type\":\"ReadAction\",\"target\":[\"https:\/\/www.africa-press.net\/cotedivoire\/politique\/fimec-2025-beugre-mambe-incite-les-jeunes-a-batir-leur-avenir-par-la-formation-technique-et-professionnelle\"]}]},{\"@type\":\"ImageObject\",\"inLanguage\":\"fr-FR\",\"@id\":\"https:\/\/www.africa-press.net\/cotedivoire\/politique\/fimec-2025-beugre-mambe-incite-les-jeunes-a-batir-leur-avenir-par-la-formation-technique-et-professionnelle#primaryimage\",\"url\":\"https:\/\/static.africa-press.net\/cote\/sites\/43\/2025\/02\/sm_1739186227.835114.jpg\",\"contentUrl\":\"https:\/\/static.africa-press.net\/cote\/sites\/43\/2025\/02\/sm_1739186227.835114.jpg\",\"width\":768,\"height\":494,\"caption\":\"FIMEC 2025: Beugr\u00e9 Mamb\u00e9 incite les jeunes \u00e0 b\u00e2tir leur avenir par la formation technique et professionnelle\"},{\"@type\":\"BreadcrumbList\",\"@id\":\"https:\/\/www.africa-press.net\/cotedivoire\/politique\/fimec-2025-beugre-mambe-incite-les-jeunes-a-batir-leur-avenir-par-la-formation-technique-et-professionnelle#breadcrumb\",\"itemListElement\":[{\"@type\":\"ListItem\",\"position\":1,\"name\":\"Accueil\",\"item\":\"https:\/\/www.africa-press.net\/cotedivoire\/\"},{\"@type\":\"ListItem\",\"position\":2,\"name\":\"FIMEC 2025: Beugr\u00e9 Mamb\u00e9 incite les jeunes \u00e0 b\u00e2tir leur avenir par la formation technique et professionnelle\"}]},{\"@type\":\"WebSite\",\"@id\":\"https:\/\/www.africa-press.net\/cotedivoire\/#website\",\"url\":\"https:\/\/www.africa-press.net\/cotedivoire\/\",\"name\":\"C\u00f4te d&#039;Ivoire\",\"description\":\"Just another Africa News Agency Sites site\",\"potentialAction\":[{\"@type\":\"SearchAction\",\"target\":{\"@type\":\"EntryPoint\",\"urlTemplate\":\"https:\/\/www.africa-press.net\/cotedivoire\/?s={search_term_string}\"},\"query-input\":{\"@type\":\"PropertyValueSpecification\",\"valueRequired\":true,\"valueName\":\"search_term_string\"}}],\"inLanguage\":\"fr-FR\"},{\"@type\":\"Person\",\"@id\":\"https:\/\/www.africa-press.net\/cotedivoire\/#\/schema\/person\/2b1cf3cd81a31e3cd26889ca66d677f1\",\"name\":\"cfeditorfr\"}]}<\/script>\n<!-- \/ Yoast SEO Premium plugin. -->","yoast_head_json":{"title":"FIMEC 2025: Beugr\u00e9 Mamb\u00e9 incite les jeunes \u00e0 b\u00e2tir leur avenir par la formation technique et professionnelle - C\u00f4te d&#039;Ivoire","robots":{"index":"index","follow":"follow","max-snippet":"max-snippet:-1","max-image-preview":"max-image-preview:large","max-video-preview":"max-video-preview:-1"},"canonical":"https:\/\/www.africa-press.net\/cotedivoire\/politique\/fimec-2025-beugre-mambe-incite-les-jeunes-a-batir-leur-avenir-par-la-formation-technique-et-professionnelle","og_locale":"fr_FR","og_type":"article","og_title":"FIMEC 2025: Beugr\u00e9 Mamb\u00e9 incite les jeunes \u00e0 b\u00e2tir leur avenir par la formation technique et professionnelle","og_description":"Africa-Press &#8211; C\u00f4te d&rsquo;Ivoire. Le Premier ministre, Robert Beugre\u0301 Mambe\u0301, a exhorte\u0301, lundi 10 fe\u0301vrier 2025, a\u0300 Abidjan, les jeunes Ivoiriens a\u0300 miser sur la formation technique et professionnelle pour assurer leur avenir, lors de l\u2019ouverture de la premie\u0300re e\u0301dition du Forum international des me\u0301tiers et compe\u0301tences (FIMEC), qui s\u2019ache\u0300ve mardi. \u00ab Je suis venu [&hellip;]","og_url":"https:\/\/www.africa-press.net\/cotedivoire\/politique\/fimec-2025-beugre-mambe-incite-les-jeunes-a-batir-leur-avenir-par-la-formation-technique-et-professionnelle","og_site_name":"C\u00f4te d&#039;Ivoire","article_published_time":"2025-02-10T14:38:29+00:00","author":"cfeditorfr","twitter_card":"summary_large_image","twitter_misc":{"\u00c9crit par":"cfeditorfr","Dur\u00e9e de lecture estim\u00e9e":"2 minutes"},"schema":{"@context":"https:\/\/schema.org","@graph":[{"@type":"Article","@id":"https:\/\/www.africa-press.net\/cotedivoire\/politique\/fimec-2025-beugre-mambe-incite-les-jeunes-a-batir-leur-avenir-par-la-formation-technique-et-professionnelle#article","isPartOf":{"@id":"https:\/\/www.africa-press.net\/cotedivoire\/politique\/fimec-2025-beugre-mambe-incite-les-jeunes-a-batir-leur-avenir-par-la-formation-technique-et-professionnelle"},"author":{"name":"cfeditorfr","@id":"https:\/\/www.africa-press.net\/cotedivoire\/#\/schema\/person\/2b1cf3cd81a31e3cd26889ca66d677f1"},"headline":"FIMEC 2025: Beugr\u00e9 Mamb\u00e9 incite les jeunes \u00e0 b\u00e2tir leur avenir par la formation technique et professionnelle","datePublished":"2025-02-10T14:38:29+00:00","mainEntityOfPage":{"@id":"https:\/\/www.africa-press.net\/cotedivoire\/politique\/fimec-2025-beugre-mambe-incite-les-jeunes-a-batir-leur-avenir-par-la-formation-technique-et-professionnelle"},"wordCount":399,"commentCount":0,"image":{"@id":"https:\/\/www.africa-press.net\/cotedivoire\/politique\/fimec-2025-beugre-mambe-incite-les-jeunes-a-batir-leur-avenir-par-la-formation-technique-et-professionnelle#primaryimage"},"thumbnailUrl":"https:\/\/static.africa-press.net\/cote\/sites\/43\/2025\/02\/sm_1739186227.835114.jpg","keywords":["C\u00f4te d'Ivoire"],"articleSection":["Politique","Toutes les actualit\u00e9s"],"inLanguage":"fr-FR","potentialAction":[{"@type":"CommentAction","name":"Comment","target":["https:\/\/www.africa-press.net\/cotedivoire\/politique\/fimec-2025-beugre-mambe-incite-les-jeunes-a-batir-leur-avenir-par-la-formation-technique-et-professionnelle#respond"]}]},{"@type":"WebPage","@id":"https:\/\/www.africa-press.net\/cotedivoire\/politique\/fimec-2025-beugre-mambe-incite-les-jeunes-a-batir-leur-avenir-par-la-formation-technique-et-professionnelle","url":"https:\/\/www.africa-press.net\/cotedivoire\/politique\/fimec-2025-beugre-mambe-incite-les-jeunes-a-batir-leur-avenir-par-la-formation-technique-et-professionnelle","name":"FIMEC 2025: Beugr\u00e9 Mamb\u00e9 incite les jeunes \u00e0 b\u00e2tir leur avenir par la formation technique et professionnelle - C\u00f4te d&#039;Ivoire","isPartOf":{"@id":"https:\/\/www.africa-press.net\/cotedivoire\/#website"},"primaryImageOfPage":{"@id":"https:\/\/www.africa-press.net\/cotedivoire\/politique\/fimec-2025-beugre-mambe-incite-les-jeunes-a-batir-leur-avenir-par-la-formation-technique-et-professionnelle#primaryimage"},"image":{"@id":"https:\/\/www.africa-press.net\/cotedivoire\/politique\/fimec-2025-beugre-mambe-incite-les-jeunes-a-batir-leur-avenir-par-la-formation-technique-et-professionnelle#primaryimage"},"thumbnailUrl":"https:\/\/static.africa-press.net\/cote\/sites\/43\/2025\/02\/sm_1739186227.835114.jpg","datePublished":"2025-02-10T14:38:29+00:00","author":{"@id":"https:\/\/www.africa-press.net\/cotedivoire\/#\/schema\/person\/2b1cf3cd81a31e3cd26889ca66d677f1"},"breadcrumb":{"@id":"https:\/\/www.africa-press.net\/cotedivoire\/politique\/fimec-2025-beugre-mambe-incite-les-jeunes-a-batir-leur-avenir-par-la-formation-technique-et-professionnelle#breadcrumb"},"inLanguage":"fr-FR","potentialAction":[{"@type":"ReadAction","target":["https:\/\/www.africa-press.net\/cotedivoire\/politique\/fimec-2025-beugre-mambe-incite-les-jeunes-a-batir-leur-avenir-par-la-formation-technique-et-professionnelle"]}]},{"@type":"ImageObject","inLanguage":"fr-FR","@id":"https:\/\/www.africa-press.net\/cotedivoire\/politique\/fimec-2025-beugre-mambe-incite-les-jeunes-a-batir-leur-avenir-par-la-formation-technique-et-professionnelle#primaryimage","url":"https:\/\/static.africa-press.net\/cote\/sites\/43\/2025\/02\/sm_1739186227.835114.jpg","contentUrl":"https:\/\/static.africa-press.net\/cote\/sites\/43\/2025\/02\/sm_1739186227.835114.jpg","width":768,"height":494,"caption":"FIMEC 2025: Beugr\u00e9 Mamb\u00e9 incite les jeunes \u00e0 b\u00e2tir leur avenir par la formation technique et professionnelle"},{"@type":"BreadcrumbList","@id":"https:\/\/www.africa-press.net\/cotedivoire\/politique\/fimec-2025-beugre-mambe-incite-les-jeunes-a-batir-leur-avenir-par-la-formation-technique-et-professionnelle#breadcrumb","itemListElement":[{"@type":"ListItem","position":1,"name":"Accueil","item":"https:\/\/www.africa-press.net\/cotedivoire\/"},{"@type":"ListItem","position":2,"name":"FIMEC 2025: Beugr\u00e9 Mamb\u00e9 incite les jeunes \u00e0 b\u00e2tir leur avenir par la formation technique et professionnelle"}]},{"@type":"WebSite","@id":"https:\/\/www.africa-press.net\/cotedivoire\/#website","url":"https:\/\/www.africa-press.net\/cotedivoire\/","name":"C\u00f4te d&#039;Ivoire","description":"Just another Africa News Agency Sites site","potentialAction":[{"@type":"SearchAction","target":{"@type":"EntryPoint","urlTemplate":"https:\/\/www.africa-press.net\/cotedivoire\/?s={search_term_string}"},"query-input":{"@type":"PropertyValueSpecification","valueRequired":true,"valueName":"search_term_string"}}],"inLanguage":"fr-FR"},{"@type":"Person","@id":"https:\/\/www.africa-press.net\/cotedivoire\/#\/schema\/person\/2b1cf3cd81a31e3cd26889ca66d677f1","name":"cfeditorfr"}]}},"_links":{"self":[{"href":"https:\/\/www.africa-press.net\/cotedivoire\/wp-json\/wp\/v2\/posts\/94952","targetHints":{"allow":["GET"]}}],"collection":[{"href":"https:\/\/www.africa-press.net\/cotedivoire\/wp-json\/wp\/v2\/posts"}],"about":[{"href":"https:\/\/www.africa-press.net\/cotedivoire\/wp-json\/wp\/v2\/types\/post"}],"author":[{"embeddable":true,"href":"https:\/\/www.africa-press.net\/cotedivoire\/wp-json\/wp\/v2\/users\/82"}],"replies":[{"embeddable":true,"href":"https:\/\/www.africa-press.net\/cotedivoire\/wp-json\/wp\/v2\/comments?post=94952"}],"version-history":[{"count":0,"href":"https:\/\/www.africa-press.net\/cotedivoire\/wp-json\/wp\/v2\/posts\/94952\/revisions"}],"wp:featuredmedia":[{"embeddable":true,"href":"https:\/\/www.africa-press.net\/cotedivoire\/wp-json\/wp\/v2\/media\/94951"}],"wp:attachment":[{"href":"https:\/\/www.africa-press.net\/cotedivoire\/wp-json\/wp\/v2\/media?parent=94952"}],"wp:term":[{"taxonomy":"category","embeddable":true,"href":"https:\/\/www.africa-press.net\/cotedivoire\/wp-json\/wp\/v2\/categories?post=94952"},{"taxonomy":"post_tag","embeddable":true,"href":"https:\/\/www.africa-press.net\/cotedivoire\/wp-json\/wp\/v2\/tags?post=94952"}],"curies":[{"name":"wp","href":"https:\/\/api.w.org\/{rel}","templated":true}]}}