{"id":94954,"date":"2025-02-11T18:12:47","date_gmt":"2025-02-11T18:12:47","guid":{"rendered":"https:\/\/www.africa-press.net\/cotedivoire\/politique\/troubles-musculo-squelettiques-agir-des-les-premieres-douleurs"},"modified":"2025-02-11T18:12:47","modified_gmt":"2025-02-11T18:12:47","slug":"troubles-musculo-squelettiques-agir-des-les-premieres-douleurs","status":"publish","type":"post","link":"https:\/\/www.africa-press.net\/cotedivoire\/toutes-les-actualites\/troubles-musculo-squelettiques-agir-des-les-premieres-douleurs","title":{"rendered":"Troubles musculo-squelettiques : agir d\u00e8s les premi\u00e8res douleurs"},"content":{"rendered":"<p><span style=\"color: #ff6600\"><strong>Africa-Press &#8211; C\u00f4te d&rsquo;Ivoire. <\/strong><\/span>Certaines activite\u0301s, surtout professionnelles, induisent des postures ou des mouvements qui sollicitent excessivement certaines parties du corps et sont a\u0300 me\u0302me de de\u0301clencher des troubles musculo-squelettiques (TMS). En constante augmentation, les TMS sont la cause majeure des arre\u0302ts de travail dans le cadre des maladies professionnelles. Ils affectent les articulations, les muscles, les nerfs et les tendons et se manifestent par des douleurs et une difficulte\u0301 a\u0300 exercer le mouvement requis: re\u0301pe\u0301tition d&rsquo;un me\u0302me geste, port de charges, torsion, flexion ou extension d&rsquo;une partie du corps.<\/p>\n<p><b>Main et e\u0301paule sont le plus souvent affecte\u0301es<\/b><\/p>\n<p>On pense d&#8217;emble\u0301e a\u0300 la lombalgie, mais c&rsquo;est la main qui est le plus souvent affecte\u0301e (syndrome du canal carpien), suivie de pre\u0300s par l&rsquo;e\u0301paule (syndrome de la coiffe des rotateurs), qui souffre particulie\u0300rement lors des gestes effectue\u0301s avec les bras en hauteur. Les coudes sont e\u0301galement mis a\u0300 mal lors de mouvements des bras re\u0301pe\u0301te\u0301s et intensifs (e\u0301picondylite).<\/p>\n<p>Si la douleur est le premier sympto\u0302me qui doit alerter, le second stade de la maladie correspond a\u0300 une installation de l&rsquo;inflammation, se traduisant par une perte de mobilite\u0301 ou de force et par la fonte musculaire. La prise en charge me\u0301dicale est alors ne\u0301cessaire, au risque que le TMS s&rsquo;aggrave pour devenir chronique, la difficulte\u0301 a\u0300 accomplir une ta\u0302che se transformant de\u0300s lors en incapacite\u0301 totale.<\/p>\n<p><b>S&rsquo;e\u0301chauffer, s&rsquo;e\u0301tirer, faire des pauses, alterner les activite\u0301s<\/b><\/p>\n<p>Afin de pre\u0301venir les TMS, il est tout d&rsquo;abord recommande\u0301 d&rsquo;adopter une position qui ne contraigne pas les muscles sollicite\u0301s: on e\u0301vite donc, si possible, de se contorsionner, on peut aussi s&rsquo;e\u0301chauffer et s&rsquo;e\u0301tirer, faire des pauses ou alterner les activite\u0301s. L&#8217;employeur a e\u0301galement tout inte\u0301re\u0302t a\u0300 adapter l&rsquo;environnement de travail, comme l&rsquo;e\u0301clairage, la tempe\u0301rature ou les e\u0301quipements de protection.<\/p>\n<p><strong>Pour plus d&rsquo;informations et d&rsquo;analyses sur la <span style=\"color: #ff6600\">C\u00f4te d&rsquo;Ivoire<\/span>, suivez <span style=\"color: #ff6600\">Africa-Press<span style=\"color: #ff6600\"><\/span><\/strong><\/p>\n","protected":false},"excerpt":{"rendered":"<p>Africa-Press &#8211; C\u00f4te d&rsquo;Ivoire. Certaines activite\u0301s, surtout professionnelles, induisent des postures ou des mouvements qui sollicitent excessivement certaines parties du corps et sont a\u0300 me\u0302me de de\u0301clencher des troubles musculo-squelettiques (TMS). En constante augmentation, les TMS sont la cause majeure des arre\u0302ts de travail dans le cadre des maladies professionnelles. Ils affectent les articulations, les [&hellip;]<\/p>\n","protected":false},"author":82,"featured_media":94953,"comment_status":"open","ping_status":"closed","sticky":false,"template":"","format":"standard","meta":{"footnotes":""},"categories":[22,10],"tags":[37],"class_list":["post-94954","post","type-post","status-publish","format-standard","has-post-thumbnail","hentry","category-divers","category-toutes-les-actualites","tag-cote-divoire-2"],"yoast_head":"<!-- This site is optimized with the Yoast SEO Premium plugin v26.1 (Yoast SEO v27.0) - https:\/\/yoast.com\/product\/yoast-seo-premium-wordpress\/ -->\n<title>Troubles musculo-squelettiques : agir d\u00e8s les premi\u00e8res douleurs - C\u00f4te d&#039;Ivoire<\/title>\n<meta name=\"robots\" content=\"index, follow, max-snippet:-1, max-image-preview:large, max-video-preview:-1\" \/>\n<link rel=\"canonical\" href=\"https:\/\/www.africa-press.net\/cotedivoire\/politique\/troubles-musculo-squelettiques-agir-des-les-premieres-douleurs\" \/>\n<meta property=\"og:locale\" content=\"fr_FR\" \/>\n<meta property=\"og:type\" content=\"article\" \/>\n<meta property=\"og:title\" content=\"Troubles musculo-squelettiques : agir d\u00e8s les premi\u00e8res douleurs\" \/>\n<meta property=\"og:description\" content=\"Africa-Press &#8211; C\u00f4te d&rsquo;Ivoire. Certaines activite\u0301s, surtout professionnelles, induisent des postures ou des mouvements qui sollicitent excessivement certaines parties du corps et sont a\u0300 me\u0302me de de\u0301clencher des troubles musculo-squelettiques (TMS). En constante augmentation, les TMS sont la cause majeure des arre\u0302ts de travail dans le cadre des maladies professionnelles. Ils affectent les articulations, les [&hellip;]\" \/>\n<meta property=\"og:url\" content=\"https:\/\/www.africa-press.net\/cotedivoire\/politique\/troubles-musculo-squelettiques-agir-des-les-premieres-douleurs\" \/>\n<meta property=\"og:site_name\" content=\"C\u00f4te d&#039;Ivoire\" \/>\n<meta property=\"article:published_time\" content=\"2025-02-11T18:12:47+00:00\" \/>\n<meta name=\"author\" content=\"cfeditorfr\" \/>\n<meta name=\"twitter:card\" content=\"summary_large_image\" \/>\n<meta name=\"twitter:label1\" content=\"\u00c9crit par\" \/>\n\t<meta name=\"twitter:data1\" content=\"cfeditorfr\" \/>\n\t<meta name=\"twitter:label2\" content=\"Dur\u00e9e de lecture estim\u00e9e\" \/>\n\t<meta name=\"twitter:data2\" content=\"2 minutes\" \/>\n<script type=\"application\/ld+json\" class=\"yoast-schema-graph\">{\"@context\":\"https:\/\/schema.org\",\"@graph\":[{\"@type\":\"Article\",\"@id\":\"https:\/\/www.africa-press.net\/cotedivoire\/politique\/troubles-musculo-squelettiques-agir-des-les-premieres-douleurs#article\",\"isPartOf\":{\"@id\":\"https:\/\/www.africa-press.net\/cotedivoire\/politique\/troubles-musculo-squelettiques-agir-des-les-premieres-douleurs\"},\"author\":{\"name\":\"cfeditorfr\",\"@id\":\"https:\/\/www.africa-press.net\/cotedivoire\/#\/schema\/person\/2b1cf3cd81a31e3cd26889ca66d677f1\"},\"headline\":\"Troubles musculo-squelettiques : agir d\u00e8s les premi\u00e8res douleurs\",\"datePublished\":\"2025-02-11T18:12:47+00:00\",\"mainEntityOfPage\":{\"@id\":\"https:\/\/www.africa-press.net\/cotedivoire\/politique\/troubles-musculo-squelettiques-agir-des-les-premieres-douleurs\"},\"wordCount\":374,\"commentCount\":0,\"image\":{\"@id\":\"https:\/\/www.africa-press.net\/cotedivoire\/politique\/troubles-musculo-squelettiques-agir-des-les-premieres-douleurs#primaryimage\"},\"thumbnailUrl\":\"https:\/\/static.africa-press.net\/cote\/sites\/43\/2025\/02\/sm_1739287338.576077.jpg\",\"keywords\":[\"C\u00f4te d'Ivoire\"],\"articleSection\":[\"Divers\",\"Toutes les actualit\u00e9s\"],\"inLanguage\":\"fr-FR\",\"potentialAction\":[{\"@type\":\"CommentAction\",\"name\":\"Comment\",\"target\":[\"https:\/\/www.africa-press.net\/cotedivoire\/politique\/troubles-musculo-squelettiques-agir-des-les-premieres-douleurs#respond\"]}]},{\"@type\":\"WebPage\",\"@id\":\"https:\/\/www.africa-press.net\/cotedivoire\/politique\/troubles-musculo-squelettiques-agir-des-les-premieres-douleurs\",\"url\":\"https:\/\/www.africa-press.net\/cotedivoire\/politique\/troubles-musculo-squelettiques-agir-des-les-premieres-douleurs\",\"name\":\"Troubles musculo-squelettiques : agir d\u00e8s les premi\u00e8res douleurs - C\u00f4te d&#039;Ivoire\",\"isPartOf\":{\"@id\":\"https:\/\/www.africa-press.net\/cotedivoire\/#website\"},\"primaryImageOfPage\":{\"@id\":\"https:\/\/www.africa-press.net\/cotedivoire\/politique\/troubles-musculo-squelettiques-agir-des-les-premieres-douleurs#primaryimage\"},\"image\":{\"@id\":\"https:\/\/www.africa-press.net\/cotedivoire\/politique\/troubles-musculo-squelettiques-agir-des-les-premieres-douleurs#primaryimage\"},\"thumbnailUrl\":\"https:\/\/static.africa-press.net\/cote\/sites\/43\/2025\/02\/sm_1739287338.576077.jpg\",\"datePublished\":\"2025-02-11T18:12:47+00:00\",\"author\":{\"@id\":\"https:\/\/www.africa-press.net\/cotedivoire\/#\/schema\/person\/2b1cf3cd81a31e3cd26889ca66d677f1\"},\"breadcrumb\":{\"@id\":\"https:\/\/www.africa-press.net\/cotedivoire\/politique\/troubles-musculo-squelettiques-agir-des-les-premieres-douleurs#breadcrumb\"},\"inLanguage\":\"fr-FR\",\"potentialAction\":[{\"@type\":\"ReadAction\",\"target\":[\"https:\/\/www.africa-press.net\/cotedivoire\/politique\/troubles-musculo-squelettiques-agir-des-les-premieres-douleurs\"]}]},{\"@type\":\"ImageObject\",\"inLanguage\":\"fr-FR\",\"@id\":\"https:\/\/www.africa-press.net\/cotedivoire\/politique\/troubles-musculo-squelettiques-agir-des-les-premieres-douleurs#primaryimage\",\"url\":\"https:\/\/static.africa-press.net\/cote\/sites\/43\/2025\/02\/sm_1739287338.576077.jpg\",\"contentUrl\":\"https:\/\/static.africa-press.net\/cote\/sites\/43\/2025\/02\/sm_1739287338.576077.jpg\",\"width\":1200,\"height\":900,\"caption\":\"Troubles musculo-squelettiques : agir d\u00e8s les premi\u00e8res douleurs\"},{\"@type\":\"BreadcrumbList\",\"@id\":\"https:\/\/www.africa-press.net\/cotedivoire\/politique\/troubles-musculo-squelettiques-agir-des-les-premieres-douleurs#breadcrumb\",\"itemListElement\":[{\"@type\":\"ListItem\",\"position\":1,\"name\":\"Accueil\",\"item\":\"https:\/\/www.africa-press.net\/cotedivoire\/\"},{\"@type\":\"ListItem\",\"position\":2,\"name\":\"Troubles musculo-squelettiques : agir d\u00e8s les premi\u00e8res douleurs\"}]},{\"@type\":\"WebSite\",\"@id\":\"https:\/\/www.africa-press.net\/cotedivoire\/#website\",\"url\":\"https:\/\/www.africa-press.net\/cotedivoire\/\",\"name\":\"C\u00f4te d&#039;Ivoire\",\"description\":\"Just another Africa News Agency Sites site\",\"potentialAction\":[{\"@type\":\"SearchAction\",\"target\":{\"@type\":\"EntryPoint\",\"urlTemplate\":\"https:\/\/www.africa-press.net\/cotedivoire\/?s={search_term_string}\"},\"query-input\":{\"@type\":\"PropertyValueSpecification\",\"valueRequired\":true,\"valueName\":\"search_term_string\"}}],\"inLanguage\":\"fr-FR\"},{\"@type\":\"Person\",\"@id\":\"https:\/\/www.africa-press.net\/cotedivoire\/#\/schema\/person\/2b1cf3cd81a31e3cd26889ca66d677f1\",\"name\":\"cfeditorfr\"}]}<\/script>\n<!-- \/ Yoast SEO Premium plugin. -->","yoast_head_json":{"title":"Troubles musculo-squelettiques : agir d\u00e8s les premi\u00e8res douleurs - C\u00f4te d&#039;Ivoire","robots":{"index":"index","follow":"follow","max-snippet":"max-snippet:-1","max-image-preview":"max-image-preview:large","max-video-preview":"max-video-preview:-1"},"canonical":"https:\/\/www.africa-press.net\/cotedivoire\/politique\/troubles-musculo-squelettiques-agir-des-les-premieres-douleurs","og_locale":"fr_FR","og_type":"article","og_title":"Troubles musculo-squelettiques : agir d\u00e8s les premi\u00e8res douleurs","og_description":"Africa-Press &#8211; C\u00f4te d&rsquo;Ivoire. Certaines activite\u0301s, surtout professionnelles, induisent des postures ou des mouvements qui sollicitent excessivement certaines parties du corps et sont a\u0300 me\u0302me de de\u0301clencher des troubles musculo-squelettiques (TMS). En constante augmentation, les TMS sont la cause majeure des arre\u0302ts de travail dans le cadre des maladies professionnelles. Ils affectent les articulations, les [&hellip;]","og_url":"https:\/\/www.africa-press.net\/cotedivoire\/politique\/troubles-musculo-squelettiques-agir-des-les-premieres-douleurs","og_site_name":"C\u00f4te d&#039;Ivoire","article_published_time":"2025-02-11T18:12:47+00:00","author":"cfeditorfr","twitter_card":"summary_large_image","twitter_misc":{"\u00c9crit par":"cfeditorfr","Dur\u00e9e de lecture estim\u00e9e":"2 minutes"},"schema":{"@context":"https:\/\/schema.org","@graph":[{"@type":"Article","@id":"https:\/\/www.africa-press.net\/cotedivoire\/politique\/troubles-musculo-squelettiques-agir-des-les-premieres-douleurs#article","isPartOf":{"@id":"https:\/\/www.africa-press.net\/cotedivoire\/politique\/troubles-musculo-squelettiques-agir-des-les-premieres-douleurs"},"author":{"name":"cfeditorfr","@id":"https:\/\/www.africa-press.net\/cotedivoire\/#\/schema\/person\/2b1cf3cd81a31e3cd26889ca66d677f1"},"headline":"Troubles musculo-squelettiques : agir d\u00e8s les premi\u00e8res douleurs","datePublished":"2025-02-11T18:12:47+00:00","mainEntityOfPage":{"@id":"https:\/\/www.africa-press.net\/cotedivoire\/politique\/troubles-musculo-squelettiques-agir-des-les-premieres-douleurs"},"wordCount":374,"commentCount":0,"image":{"@id":"https:\/\/www.africa-press.net\/cotedivoire\/politique\/troubles-musculo-squelettiques-agir-des-les-premieres-douleurs#primaryimage"},"thumbnailUrl":"https:\/\/static.africa-press.net\/cote\/sites\/43\/2025\/02\/sm_1739287338.576077.jpg","keywords":["C\u00f4te d'Ivoire"],"articleSection":["Divers","Toutes les actualit\u00e9s"],"inLanguage":"fr-FR","potentialAction":[{"@type":"CommentAction","name":"Comment","target":["https:\/\/www.africa-press.net\/cotedivoire\/politique\/troubles-musculo-squelettiques-agir-des-les-premieres-douleurs#respond"]}]},{"@type":"WebPage","@id":"https:\/\/www.africa-press.net\/cotedivoire\/politique\/troubles-musculo-squelettiques-agir-des-les-premieres-douleurs","url":"https:\/\/www.africa-press.net\/cotedivoire\/politique\/troubles-musculo-squelettiques-agir-des-les-premieres-douleurs","name":"Troubles musculo-squelettiques : agir d\u00e8s les premi\u00e8res douleurs - C\u00f4te d&#039;Ivoire","isPartOf":{"@id":"https:\/\/www.africa-press.net\/cotedivoire\/#website"},"primaryImageOfPage":{"@id":"https:\/\/www.africa-press.net\/cotedivoire\/politique\/troubles-musculo-squelettiques-agir-des-les-premieres-douleurs#primaryimage"},"image":{"@id":"https:\/\/www.africa-press.net\/cotedivoire\/politique\/troubles-musculo-squelettiques-agir-des-les-premieres-douleurs#primaryimage"},"thumbnailUrl":"https:\/\/static.africa-press.net\/cote\/sites\/43\/2025\/02\/sm_1739287338.576077.jpg","datePublished":"2025-02-11T18:12:47+00:00","author":{"@id":"https:\/\/www.africa-press.net\/cotedivoire\/#\/schema\/person\/2b1cf3cd81a31e3cd26889ca66d677f1"},"breadcrumb":{"@id":"https:\/\/www.africa-press.net\/cotedivoire\/politique\/troubles-musculo-squelettiques-agir-des-les-premieres-douleurs#breadcrumb"},"inLanguage":"fr-FR","potentialAction":[{"@type":"ReadAction","target":["https:\/\/www.africa-press.net\/cotedivoire\/politique\/troubles-musculo-squelettiques-agir-des-les-premieres-douleurs"]}]},{"@type":"ImageObject","inLanguage":"fr-FR","@id":"https:\/\/www.africa-press.net\/cotedivoire\/politique\/troubles-musculo-squelettiques-agir-des-les-premieres-douleurs#primaryimage","url":"https:\/\/static.africa-press.net\/cote\/sites\/43\/2025\/02\/sm_1739287338.576077.jpg","contentUrl":"https:\/\/static.africa-press.net\/cote\/sites\/43\/2025\/02\/sm_1739287338.576077.jpg","width":1200,"height":900,"caption":"Troubles musculo-squelettiques : agir d\u00e8s les premi\u00e8res douleurs"},{"@type":"BreadcrumbList","@id":"https:\/\/www.africa-press.net\/cotedivoire\/politique\/troubles-musculo-squelettiques-agir-des-les-premieres-douleurs#breadcrumb","itemListElement":[{"@type":"ListItem","position":1,"name":"Accueil","item":"https:\/\/www.africa-press.net\/cotedivoire\/"},{"@type":"ListItem","position":2,"name":"Troubles musculo-squelettiques : agir d\u00e8s les premi\u00e8res douleurs"}]},{"@type":"WebSite","@id":"https:\/\/www.africa-press.net\/cotedivoire\/#website","url":"https:\/\/www.africa-press.net\/cotedivoire\/","name":"C\u00f4te d&#039;Ivoire","description":"Just another Africa News Agency Sites site","potentialAction":[{"@type":"SearchAction","target":{"@type":"EntryPoint","urlTemplate":"https:\/\/www.africa-press.net\/cotedivoire\/?s={search_term_string}"},"query-input":{"@type":"PropertyValueSpecification","valueRequired":true,"valueName":"search_term_string"}}],"inLanguage":"fr-FR"},{"@type":"Person","@id":"https:\/\/www.africa-press.net\/cotedivoire\/#\/schema\/person\/2b1cf3cd81a31e3cd26889ca66d677f1","name":"cfeditorfr"}]}},"_links":{"self":[{"href":"https:\/\/www.africa-press.net\/cotedivoire\/wp-json\/wp\/v2\/posts\/94954","targetHints":{"allow":["GET"]}}],"collection":[{"href":"https:\/\/www.africa-press.net\/cotedivoire\/wp-json\/wp\/v2\/posts"}],"about":[{"href":"https:\/\/www.africa-press.net\/cotedivoire\/wp-json\/wp\/v2\/types\/post"}],"author":[{"embeddable":true,"href":"https:\/\/www.africa-press.net\/cotedivoire\/wp-json\/wp\/v2\/users\/82"}],"replies":[{"embeddable":true,"href":"https:\/\/www.africa-press.net\/cotedivoire\/wp-json\/wp\/v2\/comments?post=94954"}],"version-history":[{"count":0,"href":"https:\/\/www.africa-press.net\/cotedivoire\/wp-json\/wp\/v2\/posts\/94954\/revisions"}],"wp:featuredmedia":[{"embeddable":true,"href":"https:\/\/www.africa-press.net\/cotedivoire\/wp-json\/wp\/v2\/media\/94953"}],"wp:attachment":[{"href":"https:\/\/www.africa-press.net\/cotedivoire\/wp-json\/wp\/v2\/media?parent=94954"}],"wp:term":[{"taxonomy":"category","embeddable":true,"href":"https:\/\/www.africa-press.net\/cotedivoire\/wp-json\/wp\/v2\/categories?post=94954"},{"taxonomy":"post_tag","embeddable":true,"href":"https:\/\/www.africa-press.net\/cotedivoire\/wp-json\/wp\/v2\/tags?post=94954"}],"curies":[{"name":"wp","href":"https:\/\/api.w.org\/{rel}","templated":true}]}}