{"id":94957,"date":"2025-02-11T18:13:24","date_gmt":"2025-02-11T18:13:24","guid":{"rendered":"https:\/\/www.africa-press.net\/cotedivoire\/politique\/pourquoi-les-montagnes-seffondrent"},"modified":"2025-02-11T18:13:24","modified_gmt":"2025-02-11T18:13:24","slug":"pourquoi-les-montagnes-seffondrent","status":"publish","type":"post","link":"https:\/\/www.africa-press.net\/cotedivoire\/toutes-les-actualites\/pourquoi-les-montagnes-seffondrent","title":{"rendered":"Pourquoi les montagnes s&rsquo;effondrent"},"content":{"rendered":"<p><span style=\"color: #ff6600\"><strong>Africa-Press &#8211; C\u00f4te d&rsquo;Ivoire. <\/strong><\/span>Les montagnes s&rsquo;effondrent souvent. Quelle est la force a\u0300 l&rsquo;origine de ce phe\u0301nome\u0300ne ?\u00a0\u00bb, nous demande Konate Ibrahim sur notre page Facebook. C&rsquo;est notre Question de la semaine. Merci a\u0300 toutes et tous pour votre participation. Comme nous l&rsquo;expliquions dans un pre\u0301ce\u0301dent article, publie\u0301 en 2018 et intitule\u0301 \u00ab\u00a0<b>Pourquoi les Alpes s\u2019effondrent<\/b>\u00ab\u00a0, les e\u0301croulements en montagne constituent un phe\u0301nome\u0300ne largement naturel a\u0300 l\u2019origine (mais exacerbe\u0301 par le re\u0301chauffement climatique).<\/p>\n<p><b>Sans l&rsquo;e\u0301rosion, le mont Blanc serait aujourd&rsquo;hui haut comme l&rsquo;Everest !<\/b><\/p>\n<p>L\u2019e\u0301rosion est une partie essentielle de la vie des Alpes. L\u2019eau et le vent agissent bien plus rapidement sur les roches que la convergence des plaques tectoniques africaine et europe\u0301enne qui explique la surrection de 1,5 mm par an toujours en cours du massif. \u00ab\u00a0Apre\u0300s les lois de la gravite\u0301, l\u2019eau sous ses diffe\u0301rentes formes (glace, neige) est le second facteur d\u2019e\u0301rosion, de\u0301taille Jean-Louis Mugnier, directeur de recherche CNRS a\u0300 l\u2019Institut des sciences de la Terre (ISTerre) de Gie\u0300res (Ise\u0300re). Le massif du Mont-Blanc perd ainsi chaque anne\u0301e 100 000 m3 de mate\u0301riaux e\u0301vacue\u0301s par la rivie\u0300re Arve vers le Rho\u0302ne, ce qui repre\u0301sente une diminution de l\u2019altitude de 1 mm en moyenne par an.\u00a0\u00bb Sans ce travail de sape, le mont Blanc (4 810 m), point culminant des Alpes, serait aujourd\u2019hui haut&#8230; comme l\u2019Everest (8 848 m).<\/p>\n<p><b>\u00ab\u00a0La gravite\u0301 n\u2019explique pas tout\u00a0\u00bb<\/b><\/p>\n<p>Comment &#8211; de\u0300s lors &#8211; faire la part entre l\u2019action de la nature et l\u2019influence du re\u0301chauffement climatique du\u0302 a\u0300 l\u2019activite\u0301 humaine ? Depuis 2005, Ludovic Ravanel s\u2019y emploie. Cet alpiniste aguerri, membre de la Compagnie des guides de Chamonix, est aussi chercheur CNRS au laboratoire Edytem. Cette double e\u0301tiquette l\u2019a amene\u0301 a\u0300 regarder de tre\u0300s pre\u0300s les roches sur lesquelles il pose les pieds. \u00ab\u00a0Je me suis inte\u0301resse\u0301 aux de\u0301stabilisations de plus de 100 m3 pour montrer que la gravite\u0301 n\u2019explique pas tout, indique le chercheur. La de\u0301gradation du perge\u0301lisol est un e\u0301le\u0301ment essentiel\u00a0\u00bb. Le perge\u0301lisol (ou permafrost), c\u2019est cette couche de sol ou de roche des environnements froids qui ne de\u0301ge\u0300le pas lors de la saison chaude pendant au moins deux anne\u0301es conse\u0301cutives. On le rencontre dans les hautes latitudes comme la Sibe\u0301rie, mais aussi dans les montagnes.<\/p>\n<p>Dans les Alpes, on le trouve en \u00ab\u00a0taches\u00a0\u00bb plus ou moins e\u0301tendues suivant l\u2019exposition des versants au Soleil et la topographie du relief (voir le sche\u0301ma ci-dessous). \u00ab\u00a0Mais on conside\u0300re qu\u2019au-dessus de 3300 m, il est pre\u0301sent partout\u00a0\u00bb, poursuit Ludovic Ravanel. Des tempe\u0301ratures moyennes infe\u0301rieures a\u0300 -10 \u00b0C au c\u0153ur des montagnes indiquent qu\u2019il a par endroits certainement subi plusieurs glaciations et s\u2019est forme\u0301 au moins depuis la dernie\u0300re pe\u0301riode glaciaire, il y a plus de 12.000 ans. Les chercheurs ont commence\u0301 a\u0300 e\u0301tudier ces secteurs a\u0300 partir des anne\u0301es 1990 pour tenter de de\u0301finir ses relations avec les couches neigeuses.<\/p>\n<p>Mais l\u2019e\u0301volution du re\u0301chauffement climatique a amene\u0301 Ludovic Ravanel et ses colle\u0300gues a\u0300 s\u2019inte\u0301resser a\u0300 son impact sur les zones sensibles que sont les parois verticales entourant les glaciers, en contact direct avec l\u2019atmosphe\u0300re et le perge\u0301lisol superficiel couvert d\u2019un manteau neigeux saisonnier. Car, en the\u0301orie, la glace et une tempe\u0301rature ne\u0301gative constante \u00ab\u00a0cimentent\u00a0\u00bb la roche. Que ce liant vienne a\u0300 trop se re\u0301chauffer, et les e\u0301quilibres sont rompus, provoquant de grands effondrements.<\/p>\n<p><img loading=\"lazy\" decoding=\"async\" width=\"645\" height=\"636\" class=\"alignnone wp-image-94955 size-full\" src=\"https:\/\/static.africa-press.net\/cote\/sites\/43\/2025\/02\/sm_1739287420.089181.jpg\" srcset=\"https:\/\/static.africa-press.net\/cote\/sites\/43\/2025\/02\/sm_1739287420.089181.jpg 645w, https:\/\/static.africa-press.net\/cote\/sites\/43\/2025\/02\/sm_1739287420.089181-300x296.jpg 300w\" sizes=\"auto, (max-width: 645px) 100vw, 645px\" \/><\/p>\n<p>La premie\u0300re solution pour \u00ab\u00a0objectiver\u00a0\u00bb ces me\u0301canismes est de courir la montagne pour l\u2019e\u0301quiper de dizaines de capteurs de tempe\u0301rature et d\u2019extensome\u0300tres re\u0301ve\u0301lant l\u2019e\u0301volution des fractures et fissures. Les mesures ont de\u0301bute\u0301 au milieu des anne\u0301es 2000. \u00ab\u00a0Nous avons choisi des sites propices a\u0300 l\u2019observation de la contraction et de la dilatation de la roche et nous relevons les donne\u0301es tous les ans d\u2019aou\u0302t a\u0300 octobre, lorsque les parois ont absorbe\u0301 le maximum de chaleur\u00a0\u00bb, poursuit Ludovic Ravanel. Les chercheurs utilisent e\u0301galement le balayage laser pour de\u0301finir les aspe\u0301rite\u0301s du relief en 3D avec une pre\u0301cision qui permet de mieux appre\u0301hender leurs e\u0301volutions. Ces donne\u0301es, en cours de collecte, ne fourniront cependant des re\u0301sultats significatifs qu\u2019au bout de plusieurs anne\u0301es car les e\u0301volutions sont lentes, disparates et parfois contradictoires. Le \u00ab\u00a0travail\u00a0\u00bb de la roche sous l\u2019effet de la surrection du massif toujours en cours, de l\u2019e\u0301rosion et de la tempe\u0301rature atmosphe\u0301rique restent en effet tre\u0300s mal connu.<\/p>\n<p>Aussi une me\u0301thode plus rapide a-t-elle e\u0301te\u0301 utilise\u0301e pour connai\u0302tre la fre\u0301quence et le volume des e\u0301croulements rocheux: interroger le passe\u0301. La chance d\u2019Edytem, c\u2019est que la fin du \u00ab\u00a0petit a\u0302ge glaciaire\u00a0\u00bb &#8211; la pe\u0301riode climatique froide survenue en Europe et Ame\u0301rique du Nord entre 1300 et 1850 &#8211; a coi\u0308ncide\u0301 avec les de\u0301buts de la photographie. Les chercheurs ont donc fouille\u0301 les fonds d\u2019archives, visite\u0301 les muse\u0301es et sollicite\u0301 les collections prive\u0301es, exploitant les premiers daguerre\u0301otypes de 1849 et compilant ensuite les cliche\u0301s des me\u0302mes parois.<\/p>\n<p><b>Quand la montagne d&rsquo;A\u030akerneset s&rsquo;effondrera et provoquera de gigantesques tsunamis<\/b><\/p>\n<p>Depuis des de\u0301cennies, la montagne d&rsquo;A\u030akerneset, mastodonte mine\u0301ral verdi par la mousse et les arbustes et situe\u0301 a\u0300 l&rsquo;ouest de la Norve\u0300ge, se scinde: son flanc oriental se de\u0301solidarise peu a\u0300 peu, jusqu&rsquo;a\u0300 10 cm par an, et glisse irre\u0301me\u0301diablement. A terme, elle provoquera de grands tsunamis: des vagues de plusieurs dizaines de me\u0300tres de haut, susceptibles de toucher une dizaine de villages en quelques minutes. \u00ab\u00a0Cela peut se produire dans deux ou trois ans ou dans 50 ans, on ne sait pas\u00a0\u00bb, indiquait en aou\u0302t 2024 le ge\u0301ologue Lars Harald Blikra. En raison du danger qu&rsquo;elle repre\u0301sente, A\u030akerneset est sans doute l&rsquo;une des montagnes les plus surveille\u0301es au monde: toute une batterie d&rsquo;instruments, GPS et topographiques a\u0300 sa surface et sondes dans ses entrailles, mesure ses moindres mouvements pour sonner l&rsquo;alarme si ne\u0301cessaire.<\/p>\n<p><b>Le lien entre e\u0301croulements et tempe\u0301rature ve\u0301rifie\u0301<\/b><\/p>\n<p>La se\u0301rie iconographique de la face ouest des Drus (3754 m) s\u2019est ainsi re\u0301ve\u0301le\u0301e remarquablement comple\u0300te. Et elle donne une information pre\u0301cieuse. \u00ab\u00a0Nous avons retrace\u0301 un historique sur trois pe\u0301riodes. De la seconde moitie\u0301 du XIXe sie\u0300cle a\u0300 la premie\u0300re moitie\u0301 du XXe sie\u0300cle, les parois sont reste\u0301es stables. Depuis les anne\u0301es 1950, on a note\u0301 une acce\u0301le\u0301ration des e\u0301croulements. Mais c\u2019est sur les deux dernie\u0300res de\u0301cennies que l\u2019on a constate\u0301 les e\u0301ve\u0301nements les plus importants affectant l\u2019ensemble des aiguilles qui dominent Chamonix et sur les Drus\u00a0\u00bb, de\u0301taille Ludovic Ravanel.<\/p>\n<p>Si huit effondrements de cette paroi verticale de 1000 m ont e\u0301te\u0301 enregistre\u0301s entre 1905 et 2005, les deux derniers ont comple\u0300tement modifie\u0301 l\u2019esthe\u0301tique du monument de granit: en aou\u0302t 2003, 65.000 m3 se sont de\u0301tache\u0301s a\u0300 3375 m d\u2019altitude ; et le 30 juin 2005, le mythique pilier Bonatti, du nom de l\u2019alpiniste italien qui l\u2019a gravi le premier en 1955, s\u2019est effondre\u0301 dans le fracas de 292.000 m3 de roche.<\/p>\n<p>Les chercheurs d\u2019Edytem sont ainsi de\u0301sormais en capacite\u0301 d\u2019e\u0301mettre un double constat: il existe bien une augmentation de la fre\u0301quence des e\u0301croulements de grande ampleur et les volumes emporte\u0301s sont bien plus importants durant les anne\u0301es de canicule (2003 et 2005). Le lien entre e\u0301croulements et tempe\u0301rature est ainsi clairement ve\u0301rifie\u0301. Pis: les simulations d\u2019une hausse des tempe\u0301ratures montrent qu\u2019a\u0300 la fin du sie\u0300cle, le perge\u0301lisol ne sera plus pre\u0301sent qu\u2019au-dessus de 4300 m dans les versants sud et de 3850 m au nord. Une quasi-disparition !<\/p>\n<p><strong>Pour plus d&rsquo;informations et d&rsquo;analyses sur la <span style=\"color: #ff6600\">C\u00f4te d&rsquo;Ivoire<\/span>, suivez <span style=\"color: #ff6600\">Africa-Press<span style=\"color: #ff6600\"><\/span><\/strong><\/p>\n","protected":false},"excerpt":{"rendered":"<p>Africa-Press &#8211; C\u00f4te d&rsquo;Ivoire. Les montagnes s&rsquo;effondrent souvent. Quelle est la force a\u0300 l&rsquo;origine de ce phe\u0301nome\u0300ne ?\u00a0\u00bb, nous demande Konate Ibrahim sur notre page Facebook. C&rsquo;est notre Question de la semaine. Merci a\u0300 toutes et tous pour votre participation. Comme nous l&rsquo;expliquions dans un pre\u0301ce\u0301dent article, publie\u0301 en 2018 et intitule\u0301 \u00ab\u00a0Pourquoi les Alpes [&hellip;]<\/p>\n","protected":false},"author":82,"featured_media":94956,"comment_status":"open","ping_status":"closed","sticky":false,"template":"","format":"standard","meta":{"footnotes":""},"categories":[22,10],"tags":[37],"class_list":["post-94957","post","type-post","status-publish","format-standard","has-post-thumbnail","hentry","category-divers","category-toutes-les-actualites","tag-cote-divoire-2"],"yoast_head":"<!-- This site is optimized with the Yoast SEO Premium plugin v26.1 (Yoast SEO v27.0) - https:\/\/yoast.com\/product\/yoast-seo-premium-wordpress\/ -->\n<title>Pourquoi les montagnes s&#039;effondrent - C\u00f4te d&#039;Ivoire<\/title>\n<meta name=\"robots\" content=\"index, follow, max-snippet:-1, max-image-preview:large, max-video-preview:-1\" \/>\n<link rel=\"canonical\" href=\"https:\/\/www.africa-press.net\/cotedivoire\/politique\/pourquoi-les-montagnes-seffondrent\" \/>\n<meta property=\"og:locale\" content=\"fr_FR\" \/>\n<meta property=\"og:type\" content=\"article\" \/>\n<meta property=\"og:title\" content=\"Pourquoi les montagnes s&#039;effondrent\" \/>\n<meta property=\"og:description\" content=\"Africa-Press &#8211; C\u00f4te d&rsquo;Ivoire. Les montagnes s&rsquo;effondrent souvent. Quelle est la force a\u0300 l&rsquo;origine de ce phe\u0301nome\u0300ne ?\u00a0\u00bb, nous demande Konate Ibrahim sur notre page Facebook. C&rsquo;est notre Question de la semaine. Merci a\u0300 toutes et tous pour votre participation. Comme nous l&rsquo;expliquions dans un pre\u0301ce\u0301dent article, publie\u0301 en 2018 et intitule\u0301 \u00ab\u00a0Pourquoi les Alpes [&hellip;]\" \/>\n<meta property=\"og:url\" content=\"https:\/\/www.africa-press.net\/cotedivoire\/politique\/pourquoi-les-montagnes-seffondrent\" \/>\n<meta property=\"og:site_name\" content=\"C\u00f4te d&#039;Ivoire\" \/>\n<meta property=\"article:published_time\" content=\"2025-02-11T18:13:24+00:00\" \/>\n<meta property=\"og:image\" content=\"https:\/\/static.africa-press.net\/cote\/sites\/43\/2025\/02\/sm_1739287420.089181.jpg\" \/>\n\t<meta property=\"og:image:width\" content=\"645\" \/>\n\t<meta property=\"og:image:height\" content=\"636\" \/>\n\t<meta property=\"og:image:type\" content=\"image\/jpeg\" \/>\n<meta name=\"author\" content=\"cfeditorfr\" \/>\n<meta name=\"twitter:card\" content=\"summary_large_image\" \/>\n<meta name=\"twitter:label1\" content=\"\u00c9crit par\" \/>\n\t<meta name=\"twitter:data1\" content=\"cfeditorfr\" \/>\n\t<meta name=\"twitter:label2\" content=\"Dur\u00e9e de lecture estim\u00e9e\" \/>\n\t<meta name=\"twitter:data2\" content=\"7 minutes\" \/>\n<script type=\"application\/ld+json\" class=\"yoast-schema-graph\">{\"@context\":\"https:\/\/schema.org\",\"@graph\":[{\"@type\":\"Article\",\"@id\":\"https:\/\/www.africa-press.net\/cotedivoire\/politique\/pourquoi-les-montagnes-seffondrent#article\",\"isPartOf\":{\"@id\":\"https:\/\/www.africa-press.net\/cotedivoire\/politique\/pourquoi-les-montagnes-seffondrent\"},\"author\":{\"name\":\"cfeditorfr\",\"@id\":\"https:\/\/www.africa-press.net\/cotedivoire\/#\/schema\/person\/2b1cf3cd81a31e3cd26889ca66d677f1\"},\"headline\":\"Pourquoi les montagnes s&rsquo;effondrent\",\"datePublished\":\"2025-02-11T18:13:24+00:00\",\"mainEntityOfPage\":{\"@id\":\"https:\/\/www.africa-press.net\/cotedivoire\/politique\/pourquoi-les-montagnes-seffondrent\"},\"wordCount\":1397,\"commentCount\":0,\"image\":{\"@id\":\"https:\/\/www.africa-press.net\/cotedivoire\/politique\/pourquoi-les-montagnes-seffondrent#primaryimage\"},\"thumbnailUrl\":\"https:\/\/static.africa-press.net\/cote\/sites\/43\/2025\/02\/sm_1739287423.366599.jpg\",\"keywords\":[\"C\u00f4te d'Ivoire\"],\"articleSection\":[\"Divers\",\"Toutes les actualit\u00e9s\"],\"inLanguage\":\"fr-FR\",\"potentialAction\":[{\"@type\":\"CommentAction\",\"name\":\"Comment\",\"target\":[\"https:\/\/www.africa-press.net\/cotedivoire\/politique\/pourquoi-les-montagnes-seffondrent#respond\"]}]},{\"@type\":\"WebPage\",\"@id\":\"https:\/\/www.africa-press.net\/cotedivoire\/politique\/pourquoi-les-montagnes-seffondrent\",\"url\":\"https:\/\/www.africa-press.net\/cotedivoire\/politique\/pourquoi-les-montagnes-seffondrent\",\"name\":\"Pourquoi les montagnes s'effondrent - C\u00f4te d&#039;Ivoire\",\"isPartOf\":{\"@id\":\"https:\/\/www.africa-press.net\/cotedivoire\/#website\"},\"primaryImageOfPage\":{\"@id\":\"https:\/\/www.africa-press.net\/cotedivoire\/politique\/pourquoi-les-montagnes-seffondrent#primaryimage\"},\"image\":{\"@id\":\"https:\/\/www.africa-press.net\/cotedivoire\/politique\/pourquoi-les-montagnes-seffondrent#primaryimage\"},\"thumbnailUrl\":\"https:\/\/static.africa-press.net\/cote\/sites\/43\/2025\/02\/sm_1739287423.366599.jpg\",\"datePublished\":\"2025-02-11T18:13:24+00:00\",\"author\":{\"@id\":\"https:\/\/www.africa-press.net\/cotedivoire\/#\/schema\/person\/2b1cf3cd81a31e3cd26889ca66d677f1\"},\"breadcrumb\":{\"@id\":\"https:\/\/www.africa-press.net\/cotedivoire\/politique\/pourquoi-les-montagnes-seffondrent#breadcrumb\"},\"inLanguage\":\"fr-FR\",\"potentialAction\":[{\"@type\":\"ReadAction\",\"target\":[\"https:\/\/www.africa-press.net\/cotedivoire\/politique\/pourquoi-les-montagnes-seffondrent\"]}]},{\"@type\":\"ImageObject\",\"inLanguage\":\"fr-FR\",\"@id\":\"https:\/\/www.africa-press.net\/cotedivoire\/politique\/pourquoi-les-montagnes-seffondrent#primaryimage\",\"url\":\"https:\/\/static.africa-press.net\/cote\/sites\/43\/2025\/02\/sm_1739287423.366599.jpg\",\"contentUrl\":\"https:\/\/static.africa-press.net\/cote\/sites\/43\/2025\/02\/sm_1739287423.366599.jpg\",\"width\":1200,\"height\":899,\"caption\":\"Pourquoi les montagnes s'effondrent\"},{\"@type\":\"BreadcrumbList\",\"@id\":\"https:\/\/www.africa-press.net\/cotedivoire\/politique\/pourquoi-les-montagnes-seffondrent#breadcrumb\",\"itemListElement\":[{\"@type\":\"ListItem\",\"position\":1,\"name\":\"Accueil\",\"item\":\"https:\/\/www.africa-press.net\/cotedivoire\/\"},{\"@type\":\"ListItem\",\"position\":2,\"name\":\"Pourquoi les montagnes s&rsquo;effondrent\"}]},{\"@type\":\"WebSite\",\"@id\":\"https:\/\/www.africa-press.net\/cotedivoire\/#website\",\"url\":\"https:\/\/www.africa-press.net\/cotedivoire\/\",\"name\":\"C\u00f4te d&#039;Ivoire\",\"description\":\"Just another Africa News Agency Sites site\",\"potentialAction\":[{\"@type\":\"SearchAction\",\"target\":{\"@type\":\"EntryPoint\",\"urlTemplate\":\"https:\/\/www.africa-press.net\/cotedivoire\/?s={search_term_string}\"},\"query-input\":{\"@type\":\"PropertyValueSpecification\",\"valueRequired\":true,\"valueName\":\"search_term_string\"}}],\"inLanguage\":\"fr-FR\"},{\"@type\":\"Person\",\"@id\":\"https:\/\/www.africa-press.net\/cotedivoire\/#\/schema\/person\/2b1cf3cd81a31e3cd26889ca66d677f1\",\"name\":\"cfeditorfr\"}]}<\/script>\n<!-- \/ Yoast SEO Premium plugin. -->","yoast_head_json":{"title":"Pourquoi les montagnes s'effondrent - C\u00f4te d&#039;Ivoire","robots":{"index":"index","follow":"follow","max-snippet":"max-snippet:-1","max-image-preview":"max-image-preview:large","max-video-preview":"max-video-preview:-1"},"canonical":"https:\/\/www.africa-press.net\/cotedivoire\/politique\/pourquoi-les-montagnes-seffondrent","og_locale":"fr_FR","og_type":"article","og_title":"Pourquoi les montagnes s'effondrent","og_description":"Africa-Press &#8211; C\u00f4te d&rsquo;Ivoire. Les montagnes s&rsquo;effondrent souvent. Quelle est la force a\u0300 l&rsquo;origine de ce phe\u0301nome\u0300ne ?\u00a0\u00bb, nous demande Konate Ibrahim sur notre page Facebook. C&rsquo;est notre Question de la semaine. Merci a\u0300 toutes et tous pour votre participation. Comme nous l&rsquo;expliquions dans un pre\u0301ce\u0301dent article, publie\u0301 en 2018 et intitule\u0301 \u00ab\u00a0Pourquoi les Alpes [&hellip;]","og_url":"https:\/\/www.africa-press.net\/cotedivoire\/politique\/pourquoi-les-montagnes-seffondrent","og_site_name":"C\u00f4te d&#039;Ivoire","article_published_time":"2025-02-11T18:13:24+00:00","og_image":[{"width":645,"height":636,"url":"https:\/\/static.africa-press.net\/cote\/sites\/43\/2025\/02\/sm_1739287420.089181.jpg","type":"image\/jpeg"}],"author":"cfeditorfr","twitter_card":"summary_large_image","twitter_misc":{"\u00c9crit par":"cfeditorfr","Dur\u00e9e de lecture estim\u00e9e":"7 minutes"},"schema":{"@context":"https:\/\/schema.org","@graph":[{"@type":"Article","@id":"https:\/\/www.africa-press.net\/cotedivoire\/politique\/pourquoi-les-montagnes-seffondrent#article","isPartOf":{"@id":"https:\/\/www.africa-press.net\/cotedivoire\/politique\/pourquoi-les-montagnes-seffondrent"},"author":{"name":"cfeditorfr","@id":"https:\/\/www.africa-press.net\/cotedivoire\/#\/schema\/person\/2b1cf3cd81a31e3cd26889ca66d677f1"},"headline":"Pourquoi les montagnes s&rsquo;effondrent","datePublished":"2025-02-11T18:13:24+00:00","mainEntityOfPage":{"@id":"https:\/\/www.africa-press.net\/cotedivoire\/politique\/pourquoi-les-montagnes-seffondrent"},"wordCount":1397,"commentCount":0,"image":{"@id":"https:\/\/www.africa-press.net\/cotedivoire\/politique\/pourquoi-les-montagnes-seffondrent#primaryimage"},"thumbnailUrl":"https:\/\/static.africa-press.net\/cote\/sites\/43\/2025\/02\/sm_1739287423.366599.jpg","keywords":["C\u00f4te d'Ivoire"],"articleSection":["Divers","Toutes les actualit\u00e9s"],"inLanguage":"fr-FR","potentialAction":[{"@type":"CommentAction","name":"Comment","target":["https:\/\/www.africa-press.net\/cotedivoire\/politique\/pourquoi-les-montagnes-seffondrent#respond"]}]},{"@type":"WebPage","@id":"https:\/\/www.africa-press.net\/cotedivoire\/politique\/pourquoi-les-montagnes-seffondrent","url":"https:\/\/www.africa-press.net\/cotedivoire\/politique\/pourquoi-les-montagnes-seffondrent","name":"Pourquoi les montagnes s'effondrent - C\u00f4te d&#039;Ivoire","isPartOf":{"@id":"https:\/\/www.africa-press.net\/cotedivoire\/#website"},"primaryImageOfPage":{"@id":"https:\/\/www.africa-press.net\/cotedivoire\/politique\/pourquoi-les-montagnes-seffondrent#primaryimage"},"image":{"@id":"https:\/\/www.africa-press.net\/cotedivoire\/politique\/pourquoi-les-montagnes-seffondrent#primaryimage"},"thumbnailUrl":"https:\/\/static.africa-press.net\/cote\/sites\/43\/2025\/02\/sm_1739287423.366599.jpg","datePublished":"2025-02-11T18:13:24+00:00","author":{"@id":"https:\/\/www.africa-press.net\/cotedivoire\/#\/schema\/person\/2b1cf3cd81a31e3cd26889ca66d677f1"},"breadcrumb":{"@id":"https:\/\/www.africa-press.net\/cotedivoire\/politique\/pourquoi-les-montagnes-seffondrent#breadcrumb"},"inLanguage":"fr-FR","potentialAction":[{"@type":"ReadAction","target":["https:\/\/www.africa-press.net\/cotedivoire\/politique\/pourquoi-les-montagnes-seffondrent"]}]},{"@type":"ImageObject","inLanguage":"fr-FR","@id":"https:\/\/www.africa-press.net\/cotedivoire\/politique\/pourquoi-les-montagnes-seffondrent#primaryimage","url":"https:\/\/static.africa-press.net\/cote\/sites\/43\/2025\/02\/sm_1739287423.366599.jpg","contentUrl":"https:\/\/static.africa-press.net\/cote\/sites\/43\/2025\/02\/sm_1739287423.366599.jpg","width":1200,"height":899,"caption":"Pourquoi les montagnes s'effondrent"},{"@type":"BreadcrumbList","@id":"https:\/\/www.africa-press.net\/cotedivoire\/politique\/pourquoi-les-montagnes-seffondrent#breadcrumb","itemListElement":[{"@type":"ListItem","position":1,"name":"Accueil","item":"https:\/\/www.africa-press.net\/cotedivoire\/"},{"@type":"ListItem","position":2,"name":"Pourquoi les montagnes s&rsquo;effondrent"}]},{"@type":"WebSite","@id":"https:\/\/www.africa-press.net\/cotedivoire\/#website","url":"https:\/\/www.africa-press.net\/cotedivoire\/","name":"C\u00f4te d&#039;Ivoire","description":"Just another Africa News Agency Sites site","potentialAction":[{"@type":"SearchAction","target":{"@type":"EntryPoint","urlTemplate":"https:\/\/www.africa-press.net\/cotedivoire\/?s={search_term_string}"},"query-input":{"@type":"PropertyValueSpecification","valueRequired":true,"valueName":"search_term_string"}}],"inLanguage":"fr-FR"},{"@type":"Person","@id":"https:\/\/www.africa-press.net\/cotedivoire\/#\/schema\/person\/2b1cf3cd81a31e3cd26889ca66d677f1","name":"cfeditorfr"}]}},"_links":{"self":[{"href":"https:\/\/www.africa-press.net\/cotedivoire\/wp-json\/wp\/v2\/posts\/94957","targetHints":{"allow":["GET"]}}],"collection":[{"href":"https:\/\/www.africa-press.net\/cotedivoire\/wp-json\/wp\/v2\/posts"}],"about":[{"href":"https:\/\/www.africa-press.net\/cotedivoire\/wp-json\/wp\/v2\/types\/post"}],"author":[{"embeddable":true,"href":"https:\/\/www.africa-press.net\/cotedivoire\/wp-json\/wp\/v2\/users\/82"}],"replies":[{"embeddable":true,"href":"https:\/\/www.africa-press.net\/cotedivoire\/wp-json\/wp\/v2\/comments?post=94957"}],"version-history":[{"count":0,"href":"https:\/\/www.africa-press.net\/cotedivoire\/wp-json\/wp\/v2\/posts\/94957\/revisions"}],"wp:featuredmedia":[{"embeddable":true,"href":"https:\/\/www.africa-press.net\/cotedivoire\/wp-json\/wp\/v2\/media\/94956"}],"wp:attachment":[{"href":"https:\/\/www.africa-press.net\/cotedivoire\/wp-json\/wp\/v2\/media?parent=94957"}],"wp:term":[{"taxonomy":"category","embeddable":true,"href":"https:\/\/www.africa-press.net\/cotedivoire\/wp-json\/wp\/v2\/categories?post=94957"},{"taxonomy":"post_tag","embeddable":true,"href":"https:\/\/www.africa-press.net\/cotedivoire\/wp-json\/wp\/v2\/tags?post=94957"}],"curies":[{"name":"wp","href":"https:\/\/api.w.org\/{rel}","templated":true}]}}