{"id":94998,"date":"2025-01-19T00:27:54","date_gmt":"2025-01-19T00:27:54","guid":{"rendered":"https:\/\/www.africa-press.net\/cotedivoire\/politique\/que-cache-lexpansion-silencieuse-de-lallemagne-en-afrique"},"modified":"2025-01-19T00:27:54","modified_gmt":"2025-01-19T00:27:54","slug":"que-cache-lexpansion-silencieuse-de-lallemagne-en-afrique","status":"publish","type":"post","link":"https:\/\/www.africa-press.net\/cotedivoire\/dossiers\/que-cache-lexpansion-silencieuse-de-lallemagne-en-afrique","title":{"rendered":"Que Cache L\u2019Expansion Silencieuse de L\u2019Allemagne en Afrique ?"},"content":{"rendered":"<p><b>Anouar CHENNOUFI<br \/>\n<\/b><\/p>\n<p><span style=\"color: #ff6600\"><strong>Africa-Press &#8211; C\u00f4te d&rsquo;Ivoire. <\/strong><\/span>Pour des raisons ge\u0301ographiques e\u0301videntes, l\u2019Allemagne a eu peu de contacts avec l\u2019Afrique pendant longtemps. Ce phe\u0301nome\u0300ne a e\u0301te\u0301 rede\u0301couvert ces dernie\u0300res anne\u0301es, car le continent est en train de jouer un ro\u0302le ge\u0301opolitique de plus en plus important, tant en termes de migration qu\u2019en nouvelles relations e\u0301conomiques avec le continent, importantes pour l&rsquo;Europe dans son ensemble. Voila\u0300 pourquoi, depuis les anne\u0301es 2000, la re\u0301conciliation avec l\u2019Afrique a commence\u0301 a\u0300 s\u2019e\u0301tablir a\u0300 l\u2019ombre d\u2019une grande partie du \u00ab passe\u0301 colonial \u00bb refoule\u0301.<\/p>\n<p>Bien que cette question concerne son sombre passe\u0301, et qu\u2019il existe e\u0301galement des questions sans re\u0301ponse sur son avenir, et que la rede\u0301couverte de son passe\u0301 colonial s\u2019inscrit dans une strate\u0301gie globale, l\u2019Allemagne s\u2019est de\u0301cide\u0301e finalement a\u0300 investir a\u0300 nouveau sur le territoire africain pour des raisons pluto\u0302t ge\u0301opolitiques.<\/p>\n<p>D\u2019apre\u0300s certains experts, ce changement progressif de l&rsquo;opinion publique allemande s&rsquo;est produit en plusieurs e\u0301tapes, impliquant une prise de conscience croissante parmi la majorite\u0301 des masses e\u0301claire\u0301es et un certain rejet parmi les sections les moins favorise\u0301es. C\u2019est particulie\u0300rement vrai a\u0300 l\u2019Est, ou\u0300 l\u2019expe\u0301rience de l\u2019immigration a e\u0301te\u0301 bien trop bre\u0300ve. La prise de conscience de la chancelie\u0300re \u00ab Angela Merkel \u00bb de l&rsquo;importance de l&rsquo;Afrique a e\u0301te\u0301 alimente\u0301e par la couverture de la crise des re\u0301fugie\u0301s par la te\u0301le\u0301vision allemande, mais aussi par l&rsquo;ide\u0301e d&rsquo;une Union pour la Me\u0301diterrane\u0301e propose\u0301e par le pre\u0301sident franc\u0327ais \u00ab Nicolas Sarkozy \u00bb en 2008. Elle voulait trouver quelque chose qui pourrait contrer la grande puissance de l\u2019Allemagne sur le continent europe\u0301en.<\/p>\n<p>Me\u0302me si cet e\u0301ve\u0301nement n&rsquo;a pas e\u0301te\u0301 imme\u0301diatement perc\u0327u comme fondamental par les acteurs de la socie\u0301te\u0301 allemande, il a mis en e\u0301vidence la faiblesse, voire l&rsquo;absence, d&rsquo;une strate\u0301gie allemande dans les relations avec l&rsquo;Afrique et a appele\u0301 a\u0300 l&rsquo;urgence de de\u0301finir une strate\u0301gie qui soit ade\u0301quate.<\/p>\n<p><b>\u2022 L&rsquo;Allemagne tournant son attention vers l&rsquo;Afrique sous l\u2019ombrelle du \u00ab respect mutuel \u00bb<\/b><\/p>\n<p>Dans ce contexte, et dans un document publie\u0301 le 8 janvier 2025 par le ministe\u0300re fe\u0301de\u0301ral des Affaires e\u0301trange\u0300res, on rele\u0300ve que le gouvernement allemand a expose\u0301 les principales caracte\u0301ristiques de sa politique africaine, soulignant que Berlin souhaite renforcer son influence sur le continent brun, ou\u0300 il suscite de\u0301ja\u0300 beaucoup d\u2019attention, et miser sur la coope\u0301ration face aux nouveaux de\u0301fis mondiaux.<\/p>\n<p>La me\u0302me source rapportait que le gouvernement de la RFA avait publie\u0301 de nouvelles \u00ab orientations de la politique africaine \u00bb, place\u0301es pre\u0301cise\u0301ment sous le the\u0300me \u00ab Construire des partenariats dans un monde en mutation \u00bb.<\/p>\n<p>Ce the\u0300me refle\u0300te plusieurs e\u0301volutions de la politique africaine de Berlin, ou\u0300 l\u2019on peut lire que: L&rsquo;Allemagne a de\u0301fini ses inte\u0301re\u0302ts communs avec ses partenaires africains et a de\u0301clare\u0301 qu&rsquo;elle souhaitait relever avec eux les de\u0301fis mondiaux sur la base d\u2019un \u00ab respect mutuel \u00bb.<\/p>\n<p>Le commissaire du gouvernement fe\u0301de\u0301ral pour l\u2019Afrique, aupre\u0300s du Re\u0301seau national d\u2019information (RND), Christoph Retzlaff, s\u2019est me\u0302me demande\u0301 si:<\/p>\n<p>-\/- L\u2019ide\u0301e fondamentale derrie\u0300re ces lignes directrices n\u2019est pas: \u00ab Que pouvons-nous faire pour l\u2019Afrique ?<\/p>\n<p>-\/- Mais pluto\u0302t: \u00ab Que pouvons-nous faire en Afrique ? \u00bb<\/p>\n<p><b>\u2022 L&rsquo;Afrique \u00ab continent e\u0301tranger a\u0300 l&rsquo;Allemagne \u00bb pendant longtemps<\/b><\/p>\n<p>Il importe de rappeler que la pre\u0301sence allemande dans plusieurs re\u0301gions d&rsquo;Afrique a ve\u0301cu des transformations radicales ces dernie\u0300res anne\u0301es, la dernie\u0300re en date e\u0301tant la demande du gouvernement tchadien de voir l&rsquo;ambassadeur allemand Jan-Christian Gordon Kricke quitter le pays, poste qu\u2019il occupait depuis 2021.<\/p>\n<p>La raison de son renvoi de N\u2019Djamena e\u0301tait son manque de respect pour les pratiques diplomatiques et de son inge\u0301rence excessive dans la gestion des affaires du pays.<\/p>\n<p>Le ministe\u0300re allemand des Affaires e\u0301trange\u0300res a confirme\u0301 que les raisons de l&rsquo;expulsion de l&rsquo;ambassadeur n&rsquo;e\u0301taient pas claires, soulignant qu&rsquo;il tentait de re\u0301soudre les proble\u0300mes avec le gouvernement tchadien. Cet e\u0301ve\u0301nement survenu en avril 2023 constitue l\u2019un des liens directs influant sur l\u2019influence allemande sur le continent africain, qui a commence\u0301 a\u0300 se cristalliser progressivement depuis la fin de la guerre froide au de\u0301but des anne\u0301es 1990.<\/p>\n<p>L\u2019Allemagne a tente\u0301 a\u0300 plusieurs reprises de relancer et d\u2019activer ses relations avec les pays africains en profitant de la pre\u0301sence limite\u0301e de son ancienne pre\u0301sence coloniale sur le continent par rapport a\u0300 d\u2019autres puissances occidentales, notamment la France et la Grande-Bretagne. Le rythme des avance\u0301es allemandes vers l\u2019Afrique s\u2019est conside\u0301rablement acce\u0301le\u0301re\u0301, surtout apre\u0300s le de\u0301but de la guerre russo-ukrainienne, comme d\u2019autres puissances occidentales.<\/p>\n<p>Il s\u2019agit d\u2019une tentative de re\u0301duire les dommages cause\u0301s par cette guerre, notamment ceux lie\u0301s a\u0300 la pe\u0301nurie d\u2019approvisionnement en e\u0301nergie a\u0300 l\u2019e\u0301chelle mondiale. Le ro\u0302le de l\u2019Allemagne en Afrique est de\u0301termine\u0301 par un certain nombre de facteurs de motivation, s\u2019articule autour de nombreuses dimensions qui le re\u0301gissent, et fait face a\u0300 de nombreux de\u0301fis croissants qui l\u2019affectent.<\/p>\n<p><b>\u2022 Facteurs de motivation du ro\u0302le de l\u2019Allemagne en Afrique<\/b><\/p>\n<p>Le ro\u0302le de l\u2019Allemagne sur le continent africain ces dernie\u0300res anne\u0301es aurait e\u0301te\u0301 motive\u0301 par un certain nombre de facteurs de motivation cle\u0301s, dont on peut citer ce qui suit:<\/p>\n<p>1) Be\u0301ne\u0301ficier du poids des votes africains<\/p>\n<p>L\u2019Allemagne, comme d\u2019autres puissances internationales, cherche a\u0300 be\u0301ne\u0301ficier du poids relatif e\u0301leve\u0301 du bloc de vote africain dans les forums internationaux, notamment aux Nations Unies, surtout que l&rsquo;Afrique dispose de 54 voix au sein de son cadre, ce qui constitue un facteur influent pour soutenir les questions et les politiques allemandes e\u0301galement au niveau international et re\u0301gional.<\/p>\n<p>La RFA aurait re\u0301cemment tente\u0301 d\u2019obtenir le soutien de l\u2019Afrique aupre\u0300s des Nations Unies. Cela se fait en soutenant la pre\u0301sence d\u2019une repre\u0301sentation africaine permanente au Conseil de se\u0301curite\u0301 de l\u2019ONU, et c\u2019est peut-e\u0302tre ce qu\u2019a exprime\u0301 l\u2019actuelle ministre allemande des Affaires e\u0301trange\u0300res Annalena Baerbock, en soutenant l\u2019Afrique pour obtenir deux sie\u0300ges permanents au Conseil de se\u0301curite\u0301.<\/p>\n<p>Il s\u2019agirait la\u0300 d\u2019une orientation vers laquelle se sont re\u0301cemment oriente\u0301es e\u0301galement de nombreuses puissances internationales.<\/p>\n<p>2) Maximiser les be\u0301ne\u0301fices tire\u0301s des ressources et du marche\u0301 de consommation<\/p>\n<p>En re\u0301alite\u0301, l\u2019Allemagne souhaite tirer profit de l\u2019immense richesse et de la base de ressources naturelles que posse\u0300de l\u2019Afrique pour conforter son syste\u0300me d\u2019objectifs et d\u2019inte\u0301re\u0302ts e\u0301conomiques, car l&rsquo;Afrique posse\u0300de environ 30 % des re\u0301serves mondiales de richesses mine\u0301rales, environ 40 % de l&rsquo;or mondial et jusqu&rsquo;a\u0300 environ 90 % du chrome et du platine.<\/p>\n<p>Le continent posse\u0300de e\u0301galement les plus grandes re\u0301serves de cobalt, de diamants, de platine et d&rsquo;uranium au monde. En plus de posse\u0301der environ (65 %) des terres arables et environ (10 %) des ressources mondiales en eau douce renouvelables, le continent africain posse\u0300de e\u0301galement le deuxie\u0300me plus grand marche\u0301 de consommation au monde, sachant que sa population est de plus de (1,5) milliard de personnes, et ce nombre devrait doubler pour atteindre (2,5) milliards de personnes d\u2019ici 2050.<\/p>\n<p>3) Trouver une alternative a\u0300 la pe\u0301nurie d&rsquo;approvisionnement e\u0301nerge\u0301tique<\/p>\n<p>L&rsquo;Allemagne &#8211; comme de nombreuses puissances occidentales &#8211; cherche a\u0300 be\u0301ne\u0301ficier de la base de ressources e\u0301nerge\u0301tiques dont l&rsquo;Afrique dispose en grande quantite\u0301, notamment depuis le de\u0301clenchement de la guerre russo-ukrainienne en fin fe\u0301vrier 2022, qui s&rsquo;est accompagne\u0301e d&rsquo;un arre\u0302t des approvisionnements e\u0301nerge\u0301tiques russes en Europe en raison des sanctions occidentales impose\u0301es. Cela a entrai\u0302ne\u0301 l&rsquo;arre\u0302t du flux continu de gaz russe a\u0300 travers le gazoduc Nord Stream, qui passe sous la mer Baltique et mesure environ (1200) kilome\u0300tres de long, et transporte jusqu&rsquo;a\u0300 (55) milliards de me\u0300tres cubes de gaz par an. Il e\u0301tait pre\u0301vu de garantir l\u2019approvisionnement e\u0301nerge\u0301tique de l\u2019Europe pour les 50 prochaines anne\u0301es.<\/p>\n<p>L\u2019Afrique peut re\u0301pondre aux besoins e\u0301nerge\u0301tiques de l\u2019Allemagne et des pays de l\u2019Union europe\u0301enne, d\u2019autant plus qu\u2019elle posse\u0300de environ 8 % des re\u0301serves mondiales de gaz naturel. En 2021, les re\u0301serves totales de gaz naturel en Afrique s\u2019e\u0301levaient a\u0300 plus de (620) billions de pieds-cubes. En outre, au niveau du pe\u0301trole, l\u2019Afrique peut contribuer e\u0301galement a\u0300 re\u0301pondre aux besoins de l\u2019Europe, du fait qu\u2019elle posse\u0300de 12 % des re\u0301serves mondiales de pe\u0301trole. En 2021, les re\u0301serves de pe\u0301trole brut du continent e\u0301taient estime\u0301es a\u0300 environ (125,3) milliards de barils.<\/p>\n<p>4) Re\u0301duire les menaces de l\u2019immigration ille\u0301gale<\/p>\n<p>L\u2019Allemagne souhaite s\u2019attaquer re\u0301gulie\u0300rement aux risques lie\u0301s au phe\u0301nome\u0300ne de l\u2019immigration clandestine, compte tenu de son impact direct sur la se\u0301curite\u0301 nationale de la RFA dans son sens le plus large. C&rsquo;est d\u2019ailleurs le plus grand contributeur au Fonds fiduciaire d&rsquo;urgence europe\u0301en pour l&rsquo;Afrique (EUTF), cre\u0301e\u0301 en 2015, qui vise a\u0300 contro\u0302ler l&rsquo;immigration clandestine vers l&rsquo;Europe, en y contribuant a\u0300 hauteur d\u2019environ un quart a\u0300 son budget.<\/p>\n<p>Cela se fait en allouant environ (316) millions d\u2019euros sous forme de financement gouvernemental des ministe\u0300res des Affaires e\u0301trange\u0300res et du De\u0301veloppement e\u0301conomique et de la Coope\u0301ration internationale au cours de la pe\u0301riode (2016-2021).<\/p>\n<p>A noter que ce fonds visait a\u0300 fournir environ (5) milliards d\u2019euros pour financer des projets d\u2019urgence, afin de s\u2019attaquer aux causes profondes de la migration irre\u0301gulie\u0300re dans les pays d\u2019accueil des re\u0301fugie\u0301s.<\/p>\n<p>D\u2019ailleurs, l&rsquo;Agence allemande de coope\u0301ration internationale (GIZ), est l&rsquo;acteur principal dans la mise en \u0153uvre des projets de ce fonds, sachant qu\u2019il a accorde\u0301 un financement de plus de (800) millions d&rsquo;euros. Ce financement est base\u0301 sur des projets lie\u0301s principalement aux re\u0301gions du Sahel et de l\u2019Afrique du Nord.<\/p>\n<p><b>\u2022 Dimensions gouvernantes, orientations et mouvements du pouvoir allemand a\u0300 l&rsquo;e\u0301gard du continent africain<\/b><\/p>\n<p>1) E\u0301laboration d&rsquo;une nouvelle strate\u0301gie pour l&rsquo;Afrique<\/p>\n<p>Le ministe\u0300re fe\u0301de\u0301ral allemand de la Coope\u0301ration e\u0301conomique et du De\u0301veloppement avait annonce\u0301 cette strate\u0301gie depuis le 23 janvier 2023, dans laquelle il a propose\u0301 de se concentrer sur de nombreux domaines principaux de coope\u0301ration avec les pays africains, notamment le de\u0301veloppement e\u0301conomique durable, l\u2019emploi, la prospe\u0301rite\u0301, la pauvrete\u0301 et la faim, et le renforcement de la protection sociale, la sante\u0301 et la pre\u0301vention des e\u0301pide\u0301mies, la politique de de\u0301veloppement des femmes et d&rsquo;e\u0301galite\u0301 des sexes, l\u2019E\u0301tat de droit, la de\u0301mocratie, les droits de l\u2019homme et la bonne gouvernance, et enfin les questions de paix et de se\u0301curite\u0301.<\/p>\n<p>2) Renforcer les liens au niveau multilate\u0301ral<\/p>\n<p>Cela a e\u0301te\u0301 cristallise\u0301 par le lancement par l&rsquo;Allemagne d&rsquo;un nouveau cadre appele\u0301 \u00ab Pacte du G20 avec l&rsquo;Afrique \u00bb (CwA), conside\u0301re\u0301 comme une initiative multilate\u0301rale et une plateforme de dialogue entre le G20 et les pays africains.<\/p>\n<p>Douze pays ont rejoint l\u2019initiative, a\u0300 savoir: Be\u0301nin, Burkina Faso, Co\u0302te d\u2019Ivoire, Egypte, Ethiopie, Ghana, Guine\u0301e, Maroc, Rwanda, Se\u0301ne\u0301gal, Togo et Tunisie.<\/p>\n<p>3) Renforcer les liens e\u0301conomiques a\u0300 diffe\u0301rents niveaux<\/p>\n<p>Cela constitue l\u2019un des points de l\u2019action allemande envers l\u2019Afrique. Au niveau des e\u0301changes inter-marche\u0301s, son volume a augmente\u0301, et l\u2019Allemagne est ainsi l\u2019un des plus grands investisseurs du continent, me\u0302me si elle investit encore deux fois moins que la France, qui est le plus grand investisseur de l\u2019UE sur le continent africain.<\/p>\n<p>C\u2019est pourquoi l&rsquo;Allemagne cherche a\u0300 augmenter le volume de ses investissements en Afrique au cours de la pe\u0301riode a\u0300 venir, et cela a e\u0301te\u0301 annonce\u0301 par le chancelier allemand Olaf Scholz, qui a souligne\u0301 qu\u2019il est pre\u0301vu d\u2019investir environ (20) milliards d\u2019euros par an en Afrique pour cre\u0301er des incitations aux investissements prive\u0301s, sachant que l\u2019Allemagne entretient des liens e\u0301conomiques e\u0301troits avec de nombreux pays africains.<\/p>\n<p>4) Fournir de nombreuses aides au de\u0301veloppement<\/p>\n<p>Il importer de souligner que le gouvernement allemand a e\u0301tendu son aide humanitaire en Afrique au cours des dernie\u0300res anne\u0301es, et a fourni environ (564) millions d\u2019euros a\u0300 l\u2019Afrique en 2021, et a fourni (20) millions d\u2019euros a\u0300 l\u2019Organisation des Nations Unies pour l\u2019alimentation et l\u2019agriculture (FAO) depuis fin 2020 ; Cette aide visait a\u0300 garantir que les personnes et les animaux dans les zones particulie\u0300rement expose\u0301es au risque de faim en Afrique de l&rsquo;Est rec\u0327oivent une assistance rapide. Cette subvention a permis de fournir a\u0300 plus de (50) mille personnes le fourrage ne\u0301cessaire a\u0300 l&rsquo;e\u0301levage du be\u0301tail et de verser des transferts d&rsquo;argent a\u0300 environ (15) des milliers de familles au Kenya.<\/p>\n<p>De plus, l\u2019Allemagne est conside\u0301re\u0301e ge\u0301ne\u0301ralement le deuxie\u0300me pays donateur mondial dans le domaine de la coope\u0301ration au de\u0301veloppement. La valeur de cette aide s&rsquo;est e\u0301leve\u0301e a\u0300 (32,2) milliards de dollars, ce qui e\u0301quivaut a\u0300 environ (0,7%) de son revenu national brut, derrie\u0300re les E\u0301tats-Unis (42,3 milliards de dollars), selon les statistiques de l&rsquo;Organisation de coope\u0301ration et de de\u0301veloppement e\u0301conomiques, pre\u0301ce\u0301dant le Japon (17,6 milliards de dollars) et le Royaume-Uni (15,8 milliards de dollars).<\/p>\n<p>Cette aide est destine\u0301e principalement aux pays africains dans des domaines tels que les re\u0301fugie\u0301s, l\u2019aide humanitaire, l\u2019e\u0301ducation, l\u2019e\u0301nergie, la gouvernance, la socie\u0301te\u0301 civile, l\u2019agriculture, la sante\u0301, l\u2019eau, la paix et la se\u0301curite\u0301, l\u2019industrie et l\u2019exploitation minie\u0300re, ainsi que le commerce et le soutien au budget public.<\/p>\n<p>5) Soutenir les efforts de maintien de la paix en Afrique surtout dans les pays du Sahel<\/p>\n<p>L\u2019Allemagne a participe\u0301 a\u0300 trois missions de maintien de la paix de l\u2019ONU, principalement en Afrique. Il s&rsquo;agit de:<\/p>\n<p>-\/- la Mission des Nations Unies au Sahara occidental (MINURSO) avec (3) e\u0301le\u0301ments,<\/p>\n<p>-\/- la Mission multidimensionnelle inte\u0301gre\u0301e des Nations Unies pour la stabilisation au Mali (MINUSMA) avec (601) e\u0301le\u0301ments,<\/p>\n<p>-\/- et la Mission des Nations Unies au Soudan du Sud (MINUSS) avec (11) e\u0301le\u0301ments,<\/p>\n<p>-\/- en plus de sa participation dans le cadre de la Mission d\u2019assistance des Nations Unies en Somalie (UNSOM) avec une seule composante.<\/p>\n<p>-\/- l\u2019Allemagne participe e\u0301galement au cadre de la \u00ab Mission de formation de l\u2019Union europe\u0301enne au Mali et au Niger \u00bb (EUTM), mais elle a re\u0301duit sa participation d\u2019environ (600) e\u0301le\u0301ments a\u0300 (300) e\u0301le\u0301ments apre\u0300s que l\u2019Union europe\u0301enne a de\u0301cide\u0301 de re\u0301duire le nombre d\u2019e\u0301le\u0301ments cle\u0301s participer a\u0300 des formations et a\u0300 un renforcement des capacite\u0301s de manie\u0300re temporaire et progressive.<\/p>\n<p><b>\u2022 Quand l\u2019Allemagne s\u2019engage en Afrique<\/b><\/p>\n<p>Le gouvernement de la Re\u0301publique fe\u0301de\u0301rale d\u2019Allemagne s\u2019est re\u0301cemment engage\u0301 a\u0300 fournir 95 millions d\u2019euros entre 2023 et 2027 pour renforcer la re\u0301silience socio-e\u0301conomique de huit millions de femmes, d\u2019hommes et d\u2019enfants dans cinq pays sahe\u0301liens d\u2019Afrique de l\u2019Ouest. Ce don permettra a\u0300 l\u2019Agence allemande de coope\u0301ration internationale (GIZ), au Fonds des Nations Unies pour l&rsquo;enfance (UNICEF) et au Programme alimentaire mondial (PAM) de partager et d&rsquo;e\u0301largir leurs efforts et leur expertise. Elles se comple\u0300tent dans la mise en \u0153uvre de l\u2019Initiative \u00ab Sahel \u00bb. Le Partenariat pour la re\u0301silience (2023-2027) ciblera ainsi les personnes les plus vulne\u0301rables et les plus touche\u0301es par le climat au \u00ab Burkina Faso, au Tchad, au Mali, en Mauritanie et au Niger \u00bb.<\/p>\n<p>La re\u0301gion du Sahel reste l\u2019une des re\u0301gions structurellement les plus fragiles du continent africain. Elle est affecte\u0301e par des phe\u0301nome\u0300nes me\u0301te\u0301orologiques extre\u0302mes tels que les se\u0301cheresses et les inondations, et se caracte\u0301rise e\u0301galement par des disparite\u0301s e\u0301conomiques croissantes, une instabilite\u0301 politique et des conflits violents. La crise climatique contribue donc a\u0300 acce\u0301le\u0301rer la de\u0301sertification et l\u2019e\u0301rosion des sols, et ces vulne\u0301rabilite\u0301s se traduisent par des crises alimentaires re\u0301currentes dont l&rsquo;ampleur et la gravite\u0301 continuent de croi\u0302tre.<\/p>\n<p>S&rsquo;appuyant sur les re\u0301sultats du programme de re\u0301silience finance\u0301 par l&rsquo;Allemagne, le BMZ, la GIZ, le PAM et l&rsquo;UNICEF e\u0301tabliront un partenariat strate\u0301gique pour renforcer la re\u0301silience dans la re\u0301gion du Sahel dans le cadre de l&rsquo;initiative conjointe de l&rsquo;Alliance du Sahel.<\/p>\n<p>\u00ab L\u2019aide humanitaire ne peut jamais e\u0302tre une entreprise a\u0300 long terme. Nous devons nous concentrer sur le de\u0301veloppement et pre\u0301parer rapidement l\u2019avenir.<\/p>\n<p>\u00ab C\u2019est notre conviction \u00bb, a de\u0301clare\u0301 Petra Warneke, Directrice ge\u0301ne\u0301rale du de\u0301partement Afrique de la GIZ.<\/p>\n<p>En re\u0301sume\u0301, le ro\u0302le futur de l\u2019Allemagne en Afrique sera probablement influence\u0301 par l\u2019influence croissante de la Russie et de la Chine dans de nombreuses sphe\u0300res d\u2019influence occidentales, en particulier compte tenu de l\u2019intensification de la concurrence internationale sur le continent.<\/p>\n<p>Les conse\u0301quences persistantes de la guerre entre la Russie et l\u2019Ukraine pourraient forcer l\u2019Allemagne a\u0300 mettre en \u0153uvre les termes d\u2019une nouvelle strate\u0301gie, de\u0301ja\u0300 annonce\u0301e plus to\u0302t, et il s\u2019agira notamment de renforcer la coope\u0301ration avec les institutions africaines, de soutenir les initiatives continentales, notamment la Zone de libre-e\u0301change continentale africaine, de former de nouvelles alliances strate\u0301giques avec les pays africains et de de\u0301velopper des instruments de financement innovants, en renforc\u0327ant la participation du secteur prive\u0301 et en e\u0301tablissant et en e\u0301largissant des partenariats multilate\u0301raux avec diverses parties prenantes, notamment la socie\u0301te\u0301 civile.<\/p>\n<p><strong>Pour plus d&rsquo;informations et d&rsquo;analyses sur la <span style=\"color: #ff6600\">C\u00f4te d&rsquo;Ivoire<\/span>, suivez <span style=\"color: #ff6600\">Africa-Press<span style=\"color: #ff6600\"><\/span><\/strong><\/p>\n","protected":false},"excerpt":{"rendered":"<p>Anouar CHENNOUFI Africa-Press &#8211; C\u00f4te d&rsquo;Ivoire. Pour des raisons ge\u0301ographiques e\u0301videntes, l\u2019Allemagne a eu peu de contacts avec l\u2019Afrique pendant longtemps. Ce phe\u0301nome\u0300ne a e\u0301te\u0301 rede\u0301couvert ces dernie\u0300res anne\u0301es, car le continent est en train de jouer un ro\u0302le ge\u0301opolitique de plus en plus important, tant en termes de migration qu\u2019en nouvelles relations e\u0301conomiques avec [&hellip;]<\/p>\n","protected":false},"author":82,"featured_media":94997,"comment_status":"open","ping_status":"closed","sticky":false,"template":"","format":"standard","meta":{"footnotes":""},"categories":[7,10],"tags":[37],"class_list":["post-94998","post","type-post","status-publish","format-standard","has-post-thumbnail","hentry","category-dossiers","category-toutes-les-actualites","tag-cote-divoire-2"],"yoast_head":"<!-- This site is optimized with the Yoast SEO Premium plugin v26.1 (Yoast SEO v27.0) - https:\/\/yoast.com\/product\/yoast-seo-premium-wordpress\/ -->\n<title>Que Cache L\u2019Expansion Silencieuse de L\u2019Allemagne en Afrique ? - C\u00f4te d&#039;Ivoire<\/title>\n<meta name=\"robots\" content=\"index, follow, max-snippet:-1, max-image-preview:large, max-video-preview:-1\" \/>\n<link rel=\"canonical\" href=\"https:\/\/www.africa-press.net\/cotedivoire\/politique\/que-cache-lexpansion-silencieuse-de-lallemagne-en-afrique\" \/>\n<meta property=\"og:locale\" content=\"fr_FR\" \/>\n<meta property=\"og:type\" content=\"article\" \/>\n<meta property=\"og:title\" content=\"Que Cache L\u2019Expansion Silencieuse de L\u2019Allemagne en Afrique ?\" \/>\n<meta property=\"og:description\" content=\"Anouar CHENNOUFI Africa-Press &#8211; C\u00f4te d&rsquo;Ivoire. Pour des raisons ge\u0301ographiques e\u0301videntes, l\u2019Allemagne a eu peu de contacts avec l\u2019Afrique pendant longtemps. Ce phe\u0301nome\u0300ne a e\u0301te\u0301 rede\u0301couvert ces dernie\u0300res anne\u0301es, car le continent est en train de jouer un ro\u0302le ge\u0301opolitique de plus en plus important, tant en termes de migration qu\u2019en nouvelles relations e\u0301conomiques avec [&hellip;]\" \/>\n<meta property=\"og:url\" content=\"https:\/\/www.africa-press.net\/cotedivoire\/politique\/que-cache-lexpansion-silencieuse-de-lallemagne-en-afrique\" \/>\n<meta property=\"og:site_name\" content=\"C\u00f4te d&#039;Ivoire\" \/>\n<meta property=\"article:published_time\" content=\"2025-01-19T00:27:54+00:00\" \/>\n<meta name=\"author\" content=\"cfeditorfr\" \/>\n<meta name=\"twitter:card\" content=\"summary_large_image\" \/>\n<meta name=\"twitter:label1\" content=\"\u00c9crit par\" \/>\n\t<meta name=\"twitter:data1\" content=\"cfeditorfr\" \/>\n\t<meta name=\"twitter:label2\" content=\"Dur\u00e9e de lecture estim\u00e9e\" \/>\n\t<meta name=\"twitter:data2\" content=\"16 minutes\" \/>\n<script type=\"application\/ld+json\" class=\"yoast-schema-graph\">{\"@context\":\"https:\/\/schema.org\",\"@graph\":[{\"@type\":\"Article\",\"@id\":\"https:\/\/www.africa-press.net\/cotedivoire\/politique\/que-cache-lexpansion-silencieuse-de-lallemagne-en-afrique#article\",\"isPartOf\":{\"@id\":\"https:\/\/www.africa-press.net\/cotedivoire\/politique\/que-cache-lexpansion-silencieuse-de-lallemagne-en-afrique\"},\"author\":{\"name\":\"cfeditorfr\",\"@id\":\"https:\/\/www.africa-press.net\/cotedivoire\/#\/schema\/person\/2b1cf3cd81a31e3cd26889ca66d677f1\"},\"headline\":\"Que Cache L\u2019Expansion Silencieuse de L\u2019Allemagne en Afrique ?\",\"datePublished\":\"2025-01-19T00:27:54+00:00\",\"mainEntityOfPage\":{\"@id\":\"https:\/\/www.africa-press.net\/cotedivoire\/politique\/que-cache-lexpansion-silencieuse-de-lallemagne-en-afrique\"},\"wordCount\":3180,\"commentCount\":0,\"image\":{\"@id\":\"https:\/\/www.africa-press.net\/cotedivoire\/politique\/que-cache-lexpansion-silencieuse-de-lallemagne-en-afrique#primaryimage\"},\"thumbnailUrl\":\"https:\/\/static.africa-press.net\/cote\/sites\/43\/2025\/02\/sm_1739328817.713359.jpg\",\"keywords\":[\"C\u00f4te d'Ivoire\"],\"articleSection\":[\"Dossiers\",\"Toutes les actualit\u00e9s\"],\"inLanguage\":\"fr-FR\",\"potentialAction\":[{\"@type\":\"CommentAction\",\"name\":\"Comment\",\"target\":[\"https:\/\/www.africa-press.net\/cotedivoire\/politique\/que-cache-lexpansion-silencieuse-de-lallemagne-en-afrique#respond\"]}]},{\"@type\":\"WebPage\",\"@id\":\"https:\/\/www.africa-press.net\/cotedivoire\/politique\/que-cache-lexpansion-silencieuse-de-lallemagne-en-afrique\",\"url\":\"https:\/\/www.africa-press.net\/cotedivoire\/politique\/que-cache-lexpansion-silencieuse-de-lallemagne-en-afrique\",\"name\":\"Que Cache L\u2019Expansion Silencieuse de L\u2019Allemagne en Afrique ? - C\u00f4te d&#039;Ivoire\",\"isPartOf\":{\"@id\":\"https:\/\/www.africa-press.net\/cotedivoire\/#website\"},\"primaryImageOfPage\":{\"@id\":\"https:\/\/www.africa-press.net\/cotedivoire\/politique\/que-cache-lexpansion-silencieuse-de-lallemagne-en-afrique#primaryimage\"},\"image\":{\"@id\":\"https:\/\/www.africa-press.net\/cotedivoire\/politique\/que-cache-lexpansion-silencieuse-de-lallemagne-en-afrique#primaryimage\"},\"thumbnailUrl\":\"https:\/\/static.africa-press.net\/cote\/sites\/43\/2025\/02\/sm_1739328817.713359.jpg\",\"datePublished\":\"2025-01-19T00:27:54+00:00\",\"author\":{\"@id\":\"https:\/\/www.africa-press.net\/cotedivoire\/#\/schema\/person\/2b1cf3cd81a31e3cd26889ca66d677f1\"},\"breadcrumb\":{\"@id\":\"https:\/\/www.africa-press.net\/cotedivoire\/politique\/que-cache-lexpansion-silencieuse-de-lallemagne-en-afrique#breadcrumb\"},\"inLanguage\":\"fr-FR\",\"potentialAction\":[{\"@type\":\"ReadAction\",\"target\":[\"https:\/\/www.africa-press.net\/cotedivoire\/politique\/que-cache-lexpansion-silencieuse-de-lallemagne-en-afrique\"]}]},{\"@type\":\"ImageObject\",\"inLanguage\":\"fr-FR\",\"@id\":\"https:\/\/www.africa-press.net\/cotedivoire\/politique\/que-cache-lexpansion-silencieuse-de-lallemagne-en-afrique#primaryimage\",\"url\":\"https:\/\/static.africa-press.net\/cote\/sites\/43\/2025\/02\/sm_1739328817.713359.jpg\",\"contentUrl\":\"https:\/\/static.africa-press.net\/cote\/sites\/43\/2025\/02\/sm_1739328817.713359.jpg\",\"width\":1280,\"height\":720,\"caption\":\"Que Cache L\u2019Expansion Silencieuse de L\u2019Allemagne en Afrique ?\"},{\"@type\":\"BreadcrumbList\",\"@id\":\"https:\/\/www.africa-press.net\/cotedivoire\/politique\/que-cache-lexpansion-silencieuse-de-lallemagne-en-afrique#breadcrumb\",\"itemListElement\":[{\"@type\":\"ListItem\",\"position\":1,\"name\":\"Accueil\",\"item\":\"https:\/\/www.africa-press.net\/cotedivoire\/\"},{\"@type\":\"ListItem\",\"position\":2,\"name\":\"Que Cache L\u2019Expansion Silencieuse de L\u2019Allemagne en Afrique ?\"}]},{\"@type\":\"WebSite\",\"@id\":\"https:\/\/www.africa-press.net\/cotedivoire\/#website\",\"url\":\"https:\/\/www.africa-press.net\/cotedivoire\/\",\"name\":\"C\u00f4te d&#039;Ivoire\",\"description\":\"Just another Africa News Agency Sites site\",\"potentialAction\":[{\"@type\":\"SearchAction\",\"target\":{\"@type\":\"EntryPoint\",\"urlTemplate\":\"https:\/\/www.africa-press.net\/cotedivoire\/?s={search_term_string}\"},\"query-input\":{\"@type\":\"PropertyValueSpecification\",\"valueRequired\":true,\"valueName\":\"search_term_string\"}}],\"inLanguage\":\"fr-FR\"},{\"@type\":\"Person\",\"@id\":\"https:\/\/www.africa-press.net\/cotedivoire\/#\/schema\/person\/2b1cf3cd81a31e3cd26889ca66d677f1\",\"name\":\"cfeditorfr\"}]}<\/script>\n<!-- \/ Yoast SEO Premium plugin. -->","yoast_head_json":{"title":"Que Cache L\u2019Expansion Silencieuse de L\u2019Allemagne en Afrique ? - C\u00f4te d&#039;Ivoire","robots":{"index":"index","follow":"follow","max-snippet":"max-snippet:-1","max-image-preview":"max-image-preview:large","max-video-preview":"max-video-preview:-1"},"canonical":"https:\/\/www.africa-press.net\/cotedivoire\/politique\/que-cache-lexpansion-silencieuse-de-lallemagne-en-afrique","og_locale":"fr_FR","og_type":"article","og_title":"Que Cache L\u2019Expansion Silencieuse de L\u2019Allemagne en Afrique ?","og_description":"Anouar CHENNOUFI Africa-Press &#8211; C\u00f4te d&rsquo;Ivoire. Pour des raisons ge\u0301ographiques e\u0301videntes, l\u2019Allemagne a eu peu de contacts avec l\u2019Afrique pendant longtemps. Ce phe\u0301nome\u0300ne a e\u0301te\u0301 rede\u0301couvert ces dernie\u0300res anne\u0301es, car le continent est en train de jouer un ro\u0302le ge\u0301opolitique de plus en plus important, tant en termes de migration qu\u2019en nouvelles relations e\u0301conomiques avec [&hellip;]","og_url":"https:\/\/www.africa-press.net\/cotedivoire\/politique\/que-cache-lexpansion-silencieuse-de-lallemagne-en-afrique","og_site_name":"C\u00f4te d&#039;Ivoire","article_published_time":"2025-01-19T00:27:54+00:00","author":"cfeditorfr","twitter_card":"summary_large_image","twitter_misc":{"\u00c9crit par":"cfeditorfr","Dur\u00e9e de lecture estim\u00e9e":"16 minutes"},"schema":{"@context":"https:\/\/schema.org","@graph":[{"@type":"Article","@id":"https:\/\/www.africa-press.net\/cotedivoire\/politique\/que-cache-lexpansion-silencieuse-de-lallemagne-en-afrique#article","isPartOf":{"@id":"https:\/\/www.africa-press.net\/cotedivoire\/politique\/que-cache-lexpansion-silencieuse-de-lallemagne-en-afrique"},"author":{"name":"cfeditorfr","@id":"https:\/\/www.africa-press.net\/cotedivoire\/#\/schema\/person\/2b1cf3cd81a31e3cd26889ca66d677f1"},"headline":"Que Cache L\u2019Expansion Silencieuse de L\u2019Allemagne en Afrique ?","datePublished":"2025-01-19T00:27:54+00:00","mainEntityOfPage":{"@id":"https:\/\/www.africa-press.net\/cotedivoire\/politique\/que-cache-lexpansion-silencieuse-de-lallemagne-en-afrique"},"wordCount":3180,"commentCount":0,"image":{"@id":"https:\/\/www.africa-press.net\/cotedivoire\/politique\/que-cache-lexpansion-silencieuse-de-lallemagne-en-afrique#primaryimage"},"thumbnailUrl":"https:\/\/static.africa-press.net\/cote\/sites\/43\/2025\/02\/sm_1739328817.713359.jpg","keywords":["C\u00f4te d'Ivoire"],"articleSection":["Dossiers","Toutes les actualit\u00e9s"],"inLanguage":"fr-FR","potentialAction":[{"@type":"CommentAction","name":"Comment","target":["https:\/\/www.africa-press.net\/cotedivoire\/politique\/que-cache-lexpansion-silencieuse-de-lallemagne-en-afrique#respond"]}]},{"@type":"WebPage","@id":"https:\/\/www.africa-press.net\/cotedivoire\/politique\/que-cache-lexpansion-silencieuse-de-lallemagne-en-afrique","url":"https:\/\/www.africa-press.net\/cotedivoire\/politique\/que-cache-lexpansion-silencieuse-de-lallemagne-en-afrique","name":"Que Cache L\u2019Expansion Silencieuse de L\u2019Allemagne en Afrique ? - C\u00f4te d&#039;Ivoire","isPartOf":{"@id":"https:\/\/www.africa-press.net\/cotedivoire\/#website"},"primaryImageOfPage":{"@id":"https:\/\/www.africa-press.net\/cotedivoire\/politique\/que-cache-lexpansion-silencieuse-de-lallemagne-en-afrique#primaryimage"},"image":{"@id":"https:\/\/www.africa-press.net\/cotedivoire\/politique\/que-cache-lexpansion-silencieuse-de-lallemagne-en-afrique#primaryimage"},"thumbnailUrl":"https:\/\/static.africa-press.net\/cote\/sites\/43\/2025\/02\/sm_1739328817.713359.jpg","datePublished":"2025-01-19T00:27:54+00:00","author":{"@id":"https:\/\/www.africa-press.net\/cotedivoire\/#\/schema\/person\/2b1cf3cd81a31e3cd26889ca66d677f1"},"breadcrumb":{"@id":"https:\/\/www.africa-press.net\/cotedivoire\/politique\/que-cache-lexpansion-silencieuse-de-lallemagne-en-afrique#breadcrumb"},"inLanguage":"fr-FR","potentialAction":[{"@type":"ReadAction","target":["https:\/\/www.africa-press.net\/cotedivoire\/politique\/que-cache-lexpansion-silencieuse-de-lallemagne-en-afrique"]}]},{"@type":"ImageObject","inLanguage":"fr-FR","@id":"https:\/\/www.africa-press.net\/cotedivoire\/politique\/que-cache-lexpansion-silencieuse-de-lallemagne-en-afrique#primaryimage","url":"https:\/\/static.africa-press.net\/cote\/sites\/43\/2025\/02\/sm_1739328817.713359.jpg","contentUrl":"https:\/\/static.africa-press.net\/cote\/sites\/43\/2025\/02\/sm_1739328817.713359.jpg","width":1280,"height":720,"caption":"Que Cache L\u2019Expansion Silencieuse de L\u2019Allemagne en Afrique ?"},{"@type":"BreadcrumbList","@id":"https:\/\/www.africa-press.net\/cotedivoire\/politique\/que-cache-lexpansion-silencieuse-de-lallemagne-en-afrique#breadcrumb","itemListElement":[{"@type":"ListItem","position":1,"name":"Accueil","item":"https:\/\/www.africa-press.net\/cotedivoire\/"},{"@type":"ListItem","position":2,"name":"Que Cache L\u2019Expansion Silencieuse de L\u2019Allemagne en Afrique ?"}]},{"@type":"WebSite","@id":"https:\/\/www.africa-press.net\/cotedivoire\/#website","url":"https:\/\/www.africa-press.net\/cotedivoire\/","name":"C\u00f4te d&#039;Ivoire","description":"Just another Africa News Agency Sites site","potentialAction":[{"@type":"SearchAction","target":{"@type":"EntryPoint","urlTemplate":"https:\/\/www.africa-press.net\/cotedivoire\/?s={search_term_string}"},"query-input":{"@type":"PropertyValueSpecification","valueRequired":true,"valueName":"search_term_string"}}],"inLanguage":"fr-FR"},{"@type":"Person","@id":"https:\/\/www.africa-press.net\/cotedivoire\/#\/schema\/person\/2b1cf3cd81a31e3cd26889ca66d677f1","name":"cfeditorfr"}]}},"_links":{"self":[{"href":"https:\/\/www.africa-press.net\/cotedivoire\/wp-json\/wp\/v2\/posts\/94998","targetHints":{"allow":["GET"]}}],"collection":[{"href":"https:\/\/www.africa-press.net\/cotedivoire\/wp-json\/wp\/v2\/posts"}],"about":[{"href":"https:\/\/www.africa-press.net\/cotedivoire\/wp-json\/wp\/v2\/types\/post"}],"author":[{"embeddable":true,"href":"https:\/\/www.africa-press.net\/cotedivoire\/wp-json\/wp\/v2\/users\/82"}],"replies":[{"embeddable":true,"href":"https:\/\/www.africa-press.net\/cotedivoire\/wp-json\/wp\/v2\/comments?post=94998"}],"version-history":[{"count":0,"href":"https:\/\/www.africa-press.net\/cotedivoire\/wp-json\/wp\/v2\/posts\/94998\/revisions"}],"wp:featuredmedia":[{"embeddable":true,"href":"https:\/\/www.africa-press.net\/cotedivoire\/wp-json\/wp\/v2\/media\/94997"}],"wp:attachment":[{"href":"https:\/\/www.africa-press.net\/cotedivoire\/wp-json\/wp\/v2\/media?parent=94998"}],"wp:term":[{"taxonomy":"category","embeddable":true,"href":"https:\/\/www.africa-press.net\/cotedivoire\/wp-json\/wp\/v2\/categories?post=94998"},{"taxonomy":"post_tag","embeddable":true,"href":"https:\/\/www.africa-press.net\/cotedivoire\/wp-json\/wp\/v2\/tags?post=94998"}],"curies":[{"name":"wp","href":"https:\/\/api.w.org\/{rel}","templated":true}]}}