{"id":95004,"date":"2025-02-12T17:51:30","date_gmt":"2025-02-12T17:51:30","guid":{"rendered":"https:\/\/www.africa-press.net\/cotedivoire\/politique\/synapses-quand-lia-ouvre-le-champ-des-possibles-aux-journalistes-et-aux-medias"},"modified":"2025-02-12T17:51:30","modified_gmt":"2025-02-12T17:51:30","slug":"synapses-quand-lia-ouvre-le-champ-des-possibles-aux-journalistes-et-aux-medias","status":"publish","type":"post","link":"https:\/\/www.africa-press.net\/cotedivoire\/toutes-les-actualites\/synapses-quand-lia-ouvre-le-champ-des-possibles-aux-journalistes-et-aux-medias","title":{"rendered":"Synapses : quand l&rsquo;IA ouvre le champ des possibles aux journalistes et aux m\u00e9dias"},"content":{"rendered":"<p><span style=\"color: #ff6600\"><strong>Africa-Press &#8211; C\u00f4te d&rsquo;Ivoire. <\/strong><\/span>Pour une structure de recherche naissante en intelligence artificielle (IA), avoir d\u2019emble\u0301e acce\u0300s, par contrat, a\u0300 125 ans d\u2019archives cumulant plus de 100 millions de documents dont 38 millions de photos et 48 millions d\u2019articles, c\u2019est un bon de\u0301but. C\u2019est ce dont va be\u0301ne\u0301ficier le laboratoire Synapses, pre\u0301sente\u0301 mi-janvier 2025 et associant le CNRS, l\u2019universite\u0301 de Rennes et le quotidien re\u0301gional Ouest-France.<\/p>\n<p>L\u2019initiative, soutenue financie\u0300rement dans sa partie acade\u0301mique a\u0300 hauteur de 360.000 euros par l\u2019Agence nationale de la recherche, est focalise\u0301e sur l\u2019usage de l\u2019intelligence artificielle dans l\u2019analyse d\u2019archives pour le travail des re\u0301dacteurs et des documentalistes du journal. \u00ab\u00a0Il ne s\u2019agit surtout pas de faire des outils de ge\u0301ne\u0301ration automatique d&rsquo;articles\u00a0\u00bb, pre\u0301cise d\u2019emble\u0301e Laurent Amsaleg, directeur de recherche au CNRS. Ce dernier codirige Synapses avec Michel Le Nouy, responsable de l&rsquo;e\u0301quipe Banque de Contenus (le syste\u0300me d\u2019information e\u0301ditorial) de Ouest-France.<\/p>\n<p><b>De\u0301velopper des prototypes<\/b><\/p>\n<p>Ce projet de quatre ans et demi rele\u0300ve avant tout de la recherche fondamentale et n\u2019a pas non plus vocation a\u0300 fournir un logiciel pre\u0302t a\u0300 l\u2019emploi pour le journal. \u00ab\u00a0Nous allons montrer les possibilite\u0301s, ce qui marche, ce qui ne marche pas, nous mettrons au point des prototypes mais ensuite, ce sera leur travail, chez Ouest-France, d\u2019en faire ou non quelque chose qui inte\u0301grera leur chai\u0302ne de production\u00a0\u00bb, explique Laurent Amsaleg.<\/p>\n<p>Trois sujets principaux sont d\u2019ores et de\u0301ja\u0300 arre\u0302te\u0301s. D&rsquo;abord l\u2019analyse automatique de photos pour faciliter la recherche dans les archives, par the\u0300me, par lieu, par tranche temporelle, le tout adapte\u0301 au travail journalistique. \u00ab\u00a0Si j\u2019analyse automatiquement des images datant des anne\u0301es 30, 40, 50 dans Ouest-France, je n\u2019y trouverai pas de te\u0301le\u0301phones portables mais beaucoup plus de calvaires, de petites e\u0301glises, de petites chapelles. Or, un de\u0301tecteur de chapelles, cela n\u2019existe pas\u00a0\u00bb, re\u0301sume le chercheur.<\/p>\n<p><b>Les proble\u0300mes de diachronie<\/b><\/p>\n<p>Le deuxie\u0300me chantier concerne l\u2019analyse des articles du quotidien. La\u0300 encore, les technologies existantes sont incapables d\u2019ope\u0301rer des recherches en tenant compte d\u2019un style journalistique particulier (celui de Ouest-France) qui, en outre, a e\u0301volue\u0301 au fil du temps. \u00ab\u00a0S\u2019y ajoute des proble\u0300mes de diachronie, c\u2019est-a\u0300-dire d\u2019e\u0301volution du sens des mots: le sens du mot \u2018famille\u2019 en 2025, par exemple, n&rsquo;est pas le me\u0302me qu&rsquo;en 1930.\u00a0\u00bb Les noms des lieux ou la ge\u0301ographie ont change\u0301, la notion de communaute\u0301 de communes n\u2019existait pas au-dela\u0300 d\u2019une certaine e\u0301poque, etc.<\/p>\n<p>L\u2019ide\u0301e serait de faire en sorte que la technologie tienne compte du contexte dans lequel un article a e\u0301te\u0301 e\u0301crit, ce qui n\u2019est pas du tout une pre\u0301occupation de socie\u0301te\u0301s comme Google, OpenAI ou DeepseekAI.<\/p>\n<p>Ouest-France et le CNRS sont aussi tombe\u0301s d\u2019accord sur un axe de recherche autour de la visualisation d\u2019informations complexes, ou\u0300 il existe des connexions entre des donne\u0301es. \u00ab\u00a0L\u2019exemple-type est celui des Panama Papers (en 2016, ndlr): on y trouve des paradis fiscaux, des flux financiers, des socie\u0301te\u0301s e\u0301crans, des personnages cle\u0301s, des relations qui e\u0301voluent dans le temps&#8230; Aucun outil n&rsquo;existe pour faciliter la visualisation de ce type d&rsquo;information.\u00a0\u00bb A l\u2019e\u0301poque, le consortium international de journalistes qui avait travaille\u0301 sur cette affaire avaient be\u0301ne\u0301ficie\u0301 de logiciels existants parame\u0301tre\u0301s par leurs e\u0301diteurs pour les besoins du sujet (lire Sciences et Avenir, n\u00b0831, mai 2016). Le laboratoire Synapses, lui, compte de\u0301velopper des technologies utilisables quel que soit le the\u0300me.<\/p>\n<p><b>Partenariats avec OpenAI et Mistral<\/b><\/p>\n<p>D\u2019autres me\u0301dias ont de\u0301ja\u0300 noue\u0301 des partenariats autour des technologies d\u2019intelligence artificielle, mettant eux aussi leurs archives a\u0300 disposition: Le Monde avec OpenAI, l\u2019AFP avec Mistral AI. Mais il y est moins question de recherche fondamentale a\u0300 destination des journalistes que d\u2019ame\u0301liorer les contenus ge\u0301ne\u0301re\u0301s par les agents conversationnels des deux prestataires.<\/p>\n<p>Il reste que les chercheurs de Synapses ne s\u2019interdisent pas d\u2019utiliser des briques technologiques de ge\u0301ants du nume\u0301rique, au me\u0302me titre que des programmes open source. \u00ab\u00a0Il serait de\u0301raisonnable de ne pas se servir de ce qui existe, et qui est extraordinairement puissant, estime Laurent Amsaleg. Mais on veut comprendre comment cela marche, ce que cela permet de faire, ce que cela ne permet pas. On ne peut pas utiliser ces technologies de manie\u0300re comple\u0300tement aveugle.\u00a0\u00bb<\/p>\n<p><strong>Pour plus d&rsquo;informations et d&rsquo;analyses sur la <span style=\"color: #ff6600\">C\u00f4te d&rsquo;Ivoire<\/span>, suivez <span style=\"color: #ff6600\">Africa-Press<span style=\"color: #ff6600\"><\/span><\/strong><\/p>\n","protected":false},"excerpt":{"rendered":"<p>Africa-Press &#8211; C\u00f4te d&rsquo;Ivoire. Pour une structure de recherche naissante en intelligence artificielle (IA), avoir d\u2019emble\u0301e acce\u0300s, par contrat, a\u0300 125 ans d\u2019archives cumulant plus de 100 millions de documents dont 38 millions de photos et 48 millions d\u2019articles, c\u2019est un bon de\u0301but. C\u2019est ce dont va be\u0301ne\u0301ficier le laboratoire Synapses, pre\u0301sente\u0301 mi-janvier 2025 et [&hellip;]<\/p>\n","protected":false},"author":82,"featured_media":95003,"comment_status":"open","ping_status":"closed","sticky":false,"template":"","format":"standard","meta":{"footnotes":""},"categories":[22,10],"tags":[37],"class_list":["post-95004","post","type-post","status-publish","format-standard","has-post-thumbnail","hentry","category-divers","category-toutes-les-actualites","tag-cote-divoire-2"],"yoast_head":"<!-- This site is optimized with the Yoast SEO Premium plugin v26.1 (Yoast SEO v27.0) - https:\/\/yoast.com\/product\/yoast-seo-premium-wordpress\/ -->\n<title>Synapses : quand l&#039;IA ouvre le champ des possibles aux journalistes et aux m\u00e9dias - C\u00f4te d&#039;Ivoire<\/title>\n<meta name=\"robots\" content=\"index, follow, max-snippet:-1, max-image-preview:large, max-video-preview:-1\" \/>\n<link rel=\"canonical\" href=\"https:\/\/www.africa-press.net\/cotedivoire\/politique\/synapses-quand-lia-ouvre-le-champ-des-possibles-aux-journalistes-et-aux-medias\" \/>\n<meta property=\"og:locale\" content=\"fr_FR\" \/>\n<meta property=\"og:type\" content=\"article\" \/>\n<meta property=\"og:title\" content=\"Synapses : quand l&#039;IA ouvre le champ des possibles aux journalistes et aux m\u00e9dias\" \/>\n<meta property=\"og:description\" content=\"Africa-Press &#8211; C\u00f4te d&rsquo;Ivoire. Pour une structure de recherche naissante en intelligence artificielle (IA), avoir d\u2019emble\u0301e acce\u0300s, par contrat, a\u0300 125 ans d\u2019archives cumulant plus de 100 millions de documents dont 38 millions de photos et 48 millions d\u2019articles, c\u2019est un bon de\u0301but. C\u2019est ce dont va be\u0301ne\u0301ficier le laboratoire Synapses, pre\u0301sente\u0301 mi-janvier 2025 et [&hellip;]\" \/>\n<meta property=\"og:url\" content=\"https:\/\/www.africa-press.net\/cotedivoire\/politique\/synapses-quand-lia-ouvre-le-champ-des-possibles-aux-journalistes-et-aux-medias\" \/>\n<meta property=\"og:site_name\" content=\"C\u00f4te d&#039;Ivoire\" \/>\n<meta property=\"article:published_time\" content=\"2025-02-12T17:51:30+00:00\" \/>\n<meta name=\"author\" content=\"cfeditorfr\" \/>\n<meta name=\"twitter:card\" content=\"summary_large_image\" \/>\n<meta name=\"twitter:label1\" content=\"\u00c9crit par\" \/>\n\t<meta name=\"twitter:data1\" content=\"cfeditorfr\" \/>\n\t<meta name=\"twitter:label2\" content=\"Dur\u00e9e de lecture estim\u00e9e\" \/>\n\t<meta name=\"twitter:data2\" content=\"4 minutes\" \/>\n<script type=\"application\/ld+json\" class=\"yoast-schema-graph\">{\"@context\":\"https:\/\/schema.org\",\"@graph\":[{\"@type\":\"Article\",\"@id\":\"https:\/\/www.africa-press.net\/cotedivoire\/politique\/synapses-quand-lia-ouvre-le-champ-des-possibles-aux-journalistes-et-aux-medias#article\",\"isPartOf\":{\"@id\":\"https:\/\/www.africa-press.net\/cotedivoire\/politique\/synapses-quand-lia-ouvre-le-champ-des-possibles-aux-journalistes-et-aux-medias\"},\"author\":{\"name\":\"cfeditorfr\",\"@id\":\"https:\/\/www.africa-press.net\/cotedivoire\/#\/schema\/person\/2b1cf3cd81a31e3cd26889ca66d677f1\"},\"headline\":\"Synapses : quand l&rsquo;IA ouvre le champ des possibles aux journalistes et aux m\u00e9dias\",\"datePublished\":\"2025-02-12T17:51:30+00:00\",\"mainEntityOfPage\":{\"@id\":\"https:\/\/www.africa-press.net\/cotedivoire\/politique\/synapses-quand-lia-ouvre-le-champ-des-possibles-aux-journalistes-et-aux-medias\"},\"wordCount\":818,\"commentCount\":0,\"image\":{\"@id\":\"https:\/\/www.africa-press.net\/cotedivoire\/politique\/synapses-quand-lia-ouvre-le-champ-des-possibles-aux-journalistes-et-aux-medias#primaryimage\"},\"thumbnailUrl\":\"https:\/\/static.africa-press.net\/cote\/sites\/43\/2025\/02\/sm_1739373429.386136.jpg\",\"keywords\":[\"C\u00f4te d'Ivoire\"],\"articleSection\":[\"Divers\",\"Toutes les actualit\u00e9s\"],\"inLanguage\":\"fr-FR\",\"potentialAction\":[{\"@type\":\"CommentAction\",\"name\":\"Comment\",\"target\":[\"https:\/\/www.africa-press.net\/cotedivoire\/politique\/synapses-quand-lia-ouvre-le-champ-des-possibles-aux-journalistes-et-aux-medias#respond\"]}]},{\"@type\":\"WebPage\",\"@id\":\"https:\/\/www.africa-press.net\/cotedivoire\/politique\/synapses-quand-lia-ouvre-le-champ-des-possibles-aux-journalistes-et-aux-medias\",\"url\":\"https:\/\/www.africa-press.net\/cotedivoire\/politique\/synapses-quand-lia-ouvre-le-champ-des-possibles-aux-journalistes-et-aux-medias\",\"name\":\"Synapses : quand l'IA ouvre le champ des possibles aux journalistes et aux m\u00e9dias - C\u00f4te d&#039;Ivoire\",\"isPartOf\":{\"@id\":\"https:\/\/www.africa-press.net\/cotedivoire\/#website\"},\"primaryImageOfPage\":{\"@id\":\"https:\/\/www.africa-press.net\/cotedivoire\/politique\/synapses-quand-lia-ouvre-le-champ-des-possibles-aux-journalistes-et-aux-medias#primaryimage\"},\"image\":{\"@id\":\"https:\/\/www.africa-press.net\/cotedivoire\/politique\/synapses-quand-lia-ouvre-le-champ-des-possibles-aux-journalistes-et-aux-medias#primaryimage\"},\"thumbnailUrl\":\"https:\/\/static.africa-press.net\/cote\/sites\/43\/2025\/02\/sm_1739373429.386136.jpg\",\"datePublished\":\"2025-02-12T17:51:30+00:00\",\"author\":{\"@id\":\"https:\/\/www.africa-press.net\/cotedivoire\/#\/schema\/person\/2b1cf3cd81a31e3cd26889ca66d677f1\"},\"breadcrumb\":{\"@id\":\"https:\/\/www.africa-press.net\/cotedivoire\/politique\/synapses-quand-lia-ouvre-le-champ-des-possibles-aux-journalistes-et-aux-medias#breadcrumb\"},\"inLanguage\":\"fr-FR\",\"potentialAction\":[{\"@type\":\"ReadAction\",\"target\":[\"https:\/\/www.africa-press.net\/cotedivoire\/politique\/synapses-quand-lia-ouvre-le-champ-des-possibles-aux-journalistes-et-aux-medias\"]}]},{\"@type\":\"ImageObject\",\"inLanguage\":\"fr-FR\",\"@id\":\"https:\/\/www.africa-press.net\/cotedivoire\/politique\/synapses-quand-lia-ouvre-le-champ-des-possibles-aux-journalistes-et-aux-medias#primaryimage\",\"url\":\"https:\/\/static.africa-press.net\/cote\/sites\/43\/2025\/02\/sm_1739373429.386136.jpg\",\"contentUrl\":\"https:\/\/static.africa-press.net\/cote\/sites\/43\/2025\/02\/sm_1739373429.386136.jpg\",\"width\":1200,\"height\":899,\"caption\":\"Synapses : quand l'IA ouvre le champ des possibles aux journalistes et aux m\u00e9dias\"},{\"@type\":\"BreadcrumbList\",\"@id\":\"https:\/\/www.africa-press.net\/cotedivoire\/politique\/synapses-quand-lia-ouvre-le-champ-des-possibles-aux-journalistes-et-aux-medias#breadcrumb\",\"itemListElement\":[{\"@type\":\"ListItem\",\"position\":1,\"name\":\"Accueil\",\"item\":\"https:\/\/www.africa-press.net\/cotedivoire\/\"},{\"@type\":\"ListItem\",\"position\":2,\"name\":\"Synapses : quand l&rsquo;IA ouvre le champ des possibles aux journalistes et aux m\u00e9dias\"}]},{\"@type\":\"WebSite\",\"@id\":\"https:\/\/www.africa-press.net\/cotedivoire\/#website\",\"url\":\"https:\/\/www.africa-press.net\/cotedivoire\/\",\"name\":\"C\u00f4te d&#039;Ivoire\",\"description\":\"Just another Africa News Agency Sites site\",\"potentialAction\":[{\"@type\":\"SearchAction\",\"target\":{\"@type\":\"EntryPoint\",\"urlTemplate\":\"https:\/\/www.africa-press.net\/cotedivoire\/?s={search_term_string}\"},\"query-input\":{\"@type\":\"PropertyValueSpecification\",\"valueRequired\":true,\"valueName\":\"search_term_string\"}}],\"inLanguage\":\"fr-FR\"},{\"@type\":\"Person\",\"@id\":\"https:\/\/www.africa-press.net\/cotedivoire\/#\/schema\/person\/2b1cf3cd81a31e3cd26889ca66d677f1\",\"name\":\"cfeditorfr\"}]}<\/script>\n<!-- \/ Yoast SEO Premium plugin. -->","yoast_head_json":{"title":"Synapses : quand l'IA ouvre le champ des possibles aux journalistes et aux m\u00e9dias - C\u00f4te d&#039;Ivoire","robots":{"index":"index","follow":"follow","max-snippet":"max-snippet:-1","max-image-preview":"max-image-preview:large","max-video-preview":"max-video-preview:-1"},"canonical":"https:\/\/www.africa-press.net\/cotedivoire\/politique\/synapses-quand-lia-ouvre-le-champ-des-possibles-aux-journalistes-et-aux-medias","og_locale":"fr_FR","og_type":"article","og_title":"Synapses : quand l'IA ouvre le champ des possibles aux journalistes et aux m\u00e9dias","og_description":"Africa-Press &#8211; C\u00f4te d&rsquo;Ivoire. Pour une structure de recherche naissante en intelligence artificielle (IA), avoir d\u2019emble\u0301e acce\u0300s, par contrat, a\u0300 125 ans d\u2019archives cumulant plus de 100 millions de documents dont 38 millions de photos et 48 millions d\u2019articles, c\u2019est un bon de\u0301but. C\u2019est ce dont va be\u0301ne\u0301ficier le laboratoire Synapses, pre\u0301sente\u0301 mi-janvier 2025 et [&hellip;]","og_url":"https:\/\/www.africa-press.net\/cotedivoire\/politique\/synapses-quand-lia-ouvre-le-champ-des-possibles-aux-journalistes-et-aux-medias","og_site_name":"C\u00f4te d&#039;Ivoire","article_published_time":"2025-02-12T17:51:30+00:00","author":"cfeditorfr","twitter_card":"summary_large_image","twitter_misc":{"\u00c9crit par":"cfeditorfr","Dur\u00e9e de lecture estim\u00e9e":"4 minutes"},"schema":{"@context":"https:\/\/schema.org","@graph":[{"@type":"Article","@id":"https:\/\/www.africa-press.net\/cotedivoire\/politique\/synapses-quand-lia-ouvre-le-champ-des-possibles-aux-journalistes-et-aux-medias#article","isPartOf":{"@id":"https:\/\/www.africa-press.net\/cotedivoire\/politique\/synapses-quand-lia-ouvre-le-champ-des-possibles-aux-journalistes-et-aux-medias"},"author":{"name":"cfeditorfr","@id":"https:\/\/www.africa-press.net\/cotedivoire\/#\/schema\/person\/2b1cf3cd81a31e3cd26889ca66d677f1"},"headline":"Synapses : quand l&rsquo;IA ouvre le champ des possibles aux journalistes et aux m\u00e9dias","datePublished":"2025-02-12T17:51:30+00:00","mainEntityOfPage":{"@id":"https:\/\/www.africa-press.net\/cotedivoire\/politique\/synapses-quand-lia-ouvre-le-champ-des-possibles-aux-journalistes-et-aux-medias"},"wordCount":818,"commentCount":0,"image":{"@id":"https:\/\/www.africa-press.net\/cotedivoire\/politique\/synapses-quand-lia-ouvre-le-champ-des-possibles-aux-journalistes-et-aux-medias#primaryimage"},"thumbnailUrl":"https:\/\/static.africa-press.net\/cote\/sites\/43\/2025\/02\/sm_1739373429.386136.jpg","keywords":["C\u00f4te d'Ivoire"],"articleSection":["Divers","Toutes les actualit\u00e9s"],"inLanguage":"fr-FR","potentialAction":[{"@type":"CommentAction","name":"Comment","target":["https:\/\/www.africa-press.net\/cotedivoire\/politique\/synapses-quand-lia-ouvre-le-champ-des-possibles-aux-journalistes-et-aux-medias#respond"]}]},{"@type":"WebPage","@id":"https:\/\/www.africa-press.net\/cotedivoire\/politique\/synapses-quand-lia-ouvre-le-champ-des-possibles-aux-journalistes-et-aux-medias","url":"https:\/\/www.africa-press.net\/cotedivoire\/politique\/synapses-quand-lia-ouvre-le-champ-des-possibles-aux-journalistes-et-aux-medias","name":"Synapses : quand l'IA ouvre le champ des possibles aux journalistes et aux m\u00e9dias - C\u00f4te d&#039;Ivoire","isPartOf":{"@id":"https:\/\/www.africa-press.net\/cotedivoire\/#website"},"primaryImageOfPage":{"@id":"https:\/\/www.africa-press.net\/cotedivoire\/politique\/synapses-quand-lia-ouvre-le-champ-des-possibles-aux-journalistes-et-aux-medias#primaryimage"},"image":{"@id":"https:\/\/www.africa-press.net\/cotedivoire\/politique\/synapses-quand-lia-ouvre-le-champ-des-possibles-aux-journalistes-et-aux-medias#primaryimage"},"thumbnailUrl":"https:\/\/static.africa-press.net\/cote\/sites\/43\/2025\/02\/sm_1739373429.386136.jpg","datePublished":"2025-02-12T17:51:30+00:00","author":{"@id":"https:\/\/www.africa-press.net\/cotedivoire\/#\/schema\/person\/2b1cf3cd81a31e3cd26889ca66d677f1"},"breadcrumb":{"@id":"https:\/\/www.africa-press.net\/cotedivoire\/politique\/synapses-quand-lia-ouvre-le-champ-des-possibles-aux-journalistes-et-aux-medias#breadcrumb"},"inLanguage":"fr-FR","potentialAction":[{"@type":"ReadAction","target":["https:\/\/www.africa-press.net\/cotedivoire\/politique\/synapses-quand-lia-ouvre-le-champ-des-possibles-aux-journalistes-et-aux-medias"]}]},{"@type":"ImageObject","inLanguage":"fr-FR","@id":"https:\/\/www.africa-press.net\/cotedivoire\/politique\/synapses-quand-lia-ouvre-le-champ-des-possibles-aux-journalistes-et-aux-medias#primaryimage","url":"https:\/\/static.africa-press.net\/cote\/sites\/43\/2025\/02\/sm_1739373429.386136.jpg","contentUrl":"https:\/\/static.africa-press.net\/cote\/sites\/43\/2025\/02\/sm_1739373429.386136.jpg","width":1200,"height":899,"caption":"Synapses : quand l'IA ouvre le champ des possibles aux journalistes et aux m\u00e9dias"},{"@type":"BreadcrumbList","@id":"https:\/\/www.africa-press.net\/cotedivoire\/politique\/synapses-quand-lia-ouvre-le-champ-des-possibles-aux-journalistes-et-aux-medias#breadcrumb","itemListElement":[{"@type":"ListItem","position":1,"name":"Accueil","item":"https:\/\/www.africa-press.net\/cotedivoire\/"},{"@type":"ListItem","position":2,"name":"Synapses : quand l&rsquo;IA ouvre le champ des possibles aux journalistes et aux m\u00e9dias"}]},{"@type":"WebSite","@id":"https:\/\/www.africa-press.net\/cotedivoire\/#website","url":"https:\/\/www.africa-press.net\/cotedivoire\/","name":"C\u00f4te d&#039;Ivoire","description":"Just another Africa News Agency Sites site","potentialAction":[{"@type":"SearchAction","target":{"@type":"EntryPoint","urlTemplate":"https:\/\/www.africa-press.net\/cotedivoire\/?s={search_term_string}"},"query-input":{"@type":"PropertyValueSpecification","valueRequired":true,"valueName":"search_term_string"}}],"inLanguage":"fr-FR"},{"@type":"Person","@id":"https:\/\/www.africa-press.net\/cotedivoire\/#\/schema\/person\/2b1cf3cd81a31e3cd26889ca66d677f1","name":"cfeditorfr"}]}},"_links":{"self":[{"href":"https:\/\/www.africa-press.net\/cotedivoire\/wp-json\/wp\/v2\/posts\/95004","targetHints":{"allow":["GET"]}}],"collection":[{"href":"https:\/\/www.africa-press.net\/cotedivoire\/wp-json\/wp\/v2\/posts"}],"about":[{"href":"https:\/\/www.africa-press.net\/cotedivoire\/wp-json\/wp\/v2\/types\/post"}],"author":[{"embeddable":true,"href":"https:\/\/www.africa-press.net\/cotedivoire\/wp-json\/wp\/v2\/users\/82"}],"replies":[{"embeddable":true,"href":"https:\/\/www.africa-press.net\/cotedivoire\/wp-json\/wp\/v2\/comments?post=95004"}],"version-history":[{"count":0,"href":"https:\/\/www.africa-press.net\/cotedivoire\/wp-json\/wp\/v2\/posts\/95004\/revisions"}],"wp:featuredmedia":[{"embeddable":true,"href":"https:\/\/www.africa-press.net\/cotedivoire\/wp-json\/wp\/v2\/media\/95003"}],"wp:attachment":[{"href":"https:\/\/www.africa-press.net\/cotedivoire\/wp-json\/wp\/v2\/media?parent=95004"}],"wp:term":[{"taxonomy":"category","embeddable":true,"href":"https:\/\/www.africa-press.net\/cotedivoire\/wp-json\/wp\/v2\/categories?post=95004"},{"taxonomy":"post_tag","embeddable":true,"href":"https:\/\/www.africa-press.net\/cotedivoire\/wp-json\/wp\/v2\/tags?post=95004"}],"curies":[{"name":"wp","href":"https:\/\/api.w.org\/{rel}","templated":true}]}}