{"id":95008,"date":"2025-02-12T17:51:52","date_gmt":"2025-02-12T17:51:52","guid":{"rendered":"https:\/\/www.africa-press.net\/cotedivoire\/politique\/climat-le-monde-est-entre-dans-une-periode-de-rechauffement-de-plus-de-15c-a-long-terme-selon-des-scientifiques"},"modified":"2025-02-12T17:51:52","modified_gmt":"2025-02-12T17:51:52","slug":"climat-le-monde-est-entre-dans-une-periode-de-rechauffement-de-plus-de-15c-a-long-terme-selon-des-scientifiques","status":"publish","type":"post","link":"https:\/\/www.africa-press.net\/cotedivoire\/toutes-les-actualites\/climat-le-monde-est-entre-dans-une-periode-de-rechauffement-de-plus-de-15c-a-long-terme-selon-des-scientifiques","title":{"rendered":"Climat : le monde est entr\u00e9 dans une p\u00e9riode de r\u00e9chauffement de plus de 1,5\u00b0C \u00e0 long terme, selon des scientifiques"},"content":{"rendered":"<p><span style=\"color: #ff6600\"><strong>Africa-Press &#8211; C\u00f4te d&rsquo;Ivoire. <\/strong><\/span>La plane\u0300te a de\u0301ja\u0300 connu, en 2024, une anne\u0301e au-dessus de 1,5\u00b0C de re\u0301chauffement. Mais ce seuil fixe\u0301 par l&rsquo;accord de Paris va-t-il pour autant e\u0302tre franchi durablement? C&rsquo;est probable car les tempe\u0301ratures re\u0301centes s&rsquo;inscrivent dans une tendance de long terme, selon deux e\u0301tudes publie\u0301es lundi.<\/p>\n<p>Des chercheurs sugge\u0300rent ainsi, dans des articles publie\u0301s simultane\u0301ment dans la revue Nature climate change, que nous pourrions e\u0302tre entre\u0301s dans une pe\u0301riode de plusieurs de\u0301cennies au-dessus de 1,5\u00b0C.<\/p>\n<p>2024 a e\u0301te\u0301 la premie\u0300re anne\u0301e calendaire au-dessus de ce niveau de re\u0301chauffement, avec une tempe\u0301rature moyenne a\u0300 la surface de la plane\u0300te supe\u0301rieure de 1,55\u00b0C a\u0300 la moyenne de la pe\u0301riode 1850-1900, selon une analyse de l&rsquo;Organisation me\u0301te\u0301orologique mondiale (OMM), se basant sur six grandes bases de donne\u0301es internationales.<\/p>\n<p>Avant cela, une se\u0301rie de douze mois conse\u0301cutifs au-dessus de ce seuil avait de\u0301ja\u0300 e\u0301te\u0301 constate\u0301e de\u0300s juin 2024 par l&rsquo;observatoire europe\u0301en Copernicus.<\/p>\n<p>\u00ab\u00a0Une seule anne\u0301e a\u0300 plus de 1,5\u00b0C ne signifie pas que nous avons e\u0301choue\u0301 a\u0300 atteindre les objectifs de tempe\u0301rature a\u0300 long terme de l&rsquo;accord de Paris, lesquels portent sur des de\u0301cennies\u00a0\u00bb, a toutefois rappele\u0301 la secre\u0301taire ge\u0301ne\u0301rale de l&rsquo;OMM, Celeste Saulo, reprenant le message de prudence habituel des grandes agences climatiques.<\/p>\n<p>&#8211; \u00ab\u00a0alerte pre\u0301coce\u00a0\u00bb &#8211;<\/p>\n<p>L&rsquo;accord historique de 2015 ambitionne de maintenir le re\u0301chauffement bien en dessous de 2\u00b0C et de poursuivre les efforts pour le limiter a\u0300 1,5\u00b0C.<\/p>\n<p>Mais ces tempe\u0301ratures font re\u0301fe\u0301rence a\u0300 une moyenne climatique &#8211; typiquement sur 20 ans &#8211; permettant de lisser la variabilite\u0301 des tempe\u0301ratures d&rsquo;une anne\u0301e sur l&rsquo;autre. Selon cette de\u0301finition, le re\u0301chauffement actuel se situe autour de 1,3\u00b0C.<\/p>\n<p><img loading=\"lazy\" decoding=\"async\" width=\"730\" height=\"768\" class=\"alignnone wp-image-95005 size-full\" src=\"https:\/\/static.africa-press.net\/cote\/sites\/43\/2025\/02\/sm_1739373521.680669.jpg\" srcset=\"https:\/\/static.africa-press.net\/cote\/sites\/43\/2025\/02\/sm_1739373521.680669.jpg 730w, https:\/\/static.africa-press.net\/cote\/sites\/43\/2025\/02\/sm_1739373521.680669-285x300.jpg 285w\" sizes=\"auto, (max-width: 730px) 100vw, 730px\" \/><\/p>\n<p>Dans les deux e\u0301tudes, les chercheurs se demandent malgre\u0301 tout si le franchissement du seuil de 1,5\u00b0C sur une anne\u0301e ne repre\u0301sente pas une \u00ab\u00a0alerte pre\u0301coce\u00a0\u00bb indiquant que la limite de long terme est de\u0301ja\u0300 en voie d&rsquo;e\u0302tre franchie.<\/p>\n<p>Une e\u0301quipe base\u0301e en Allemagne et en Autriche s&rsquo;est penche\u0301e sur la question en combinant des donne\u0301es d&rsquo;observation et des mode\u0301lisations.<\/p>\n<p>Les scientifiques constatent que depuis le de\u0301but du re\u0301chauffement climatique, une fois qu&rsquo;une anne\u0301e a de\u0301passe\u0301 certains paliers d&rsquo;augmentation des tempe\u0301ratures moyennes, elles s&rsquo;inscrivent sur deux de\u0301cennies a\u0300 ce niveau.<\/p>\n<p>Ce mode\u0300le, si on l&rsquo;extrapole au seuil de 1,5\u00b0C, sugge\u0300re que la pe\u0301riode de 20 ans au-dessus de cette tempe\u0301rature \u00ab\u00a0a de\u0301ja\u0300 commence\u0301 et que les effets attendus a\u0300 1,5\u00b0C de re\u0301chauffement vont commencer a\u0300 e\u0301merger\u00a0\u00bb, e\u0301crivent les auteurs. \u00ab\u00a0A moins que des baisses ambitieuses des e\u0301missions soient mises en \u0153uvre\u00a0\u00bb, soulignent-ils.<\/p>\n<p>&#8211; \u00ab\u00a0nouvelle e\u0300re\u00a0\u00bb &#8211;<\/p>\n<p>Mais attention, le monde n&rsquo;en est encore qu&rsquo;au de\u0301but de cette pe\u0301riode: il faudra probablement attendre son milieu, donc d&rsquo;ici une dizaine d&rsquo;anne\u0301es, pour e\u0301tablir que le re\u0301chauffement moyen a de\u0301passe\u0301 1,5\u00b0C sur deux de\u0301cennies.<\/p>\n<p>Cette estimation est cohe\u0301rente avec celle des scientifiques du Giec, les experts mandate\u0301s par l&rsquo;ONU, qui pre\u0301voient qu&rsquo;il y a une chance sur deux de constater de\u0300s 2030-2035 que le climat est re\u0301chauffe\u0301 de 1,5\u00b0C en moyenne.<\/p>\n<p><img loading=\"lazy\" decoding=\"async\" width=\"768\" height=\"564\" class=\"alignnone wp-image-95006 size-full\" src=\"https:\/\/static.africa-press.net\/cote\/sites\/43\/2025\/02\/sm_1739373525.136513.jpg\" srcset=\"https:\/\/static.africa-press.net\/cote\/sites\/43\/2025\/02\/sm_1739373525.136513.jpg 768w, https:\/\/static.africa-press.net\/cote\/sites\/43\/2025\/02\/sm_1739373525.136513-300x220.jpg 300w, https:\/\/static.africa-press.net\/cote\/sites\/43\/2025\/02\/sm_1739373525.136513-80x60.jpg 80w\" sizes=\"auto, (max-width: 768px) 100vw, 768px\" \/><\/p>\n<p>La deuxie\u0300me e\u0301tude publie\u0301e lundi utilise une me\u0301thodologie et des pe\u0301riodes de re\u0301fe\u0301rence le\u0301ge\u0300rement diffe\u0301rentes mais pour une conclusion comparable.<\/p>\n<p>\u00ab\u00a0Si l&rsquo;anomalie de 1,5\u00b0C continue au-dela\u0300 de 18 mois conse\u0301cutifs, il est quasiment certain que le seuil de l&rsquo;accord de Paris sera franchi\u00a0\u00bb, me\u0302me dans un sce\u0301nario d&rsquo;e\u0301missions de gaz a\u0300 effet de serre interme\u0301diaire (sce\u0301nario dit \u00ab\u00a0SSP 2-4.5\u00a0\u00bb du Giec), pre\u0301cise Alex Cannon, du ministe\u0300re canadien de l&rsquo;Environnement et du changement climatique.<\/p>\n<p>Les scientifiques soulignent l&rsquo;importance de contenir le plus possible le re\u0301chauffement climatique, chaque fraction de degre\u0301 supple\u0301mentaire entrai\u0302nant plus de risques comme les vagues de chaleur ou la destruction de la vie marine.<\/p>\n<p>Contenir le re\u0301chauffement a\u0300 1,5\u00b0C pluto\u0302t qu&rsquo;a\u0300 2\u00b0C permettrait ainsi de limiter significativement ses conse\u0301quences les plus catastrophiques, selon le Giec.<\/p>\n<p>\u00ab\u00a0A moins d&rsquo;entreprendre des mesures urgentes, on ne se souviendra pas de 2024 comme d&rsquo;une anomalie mais comme le de\u0301but d&rsquo;une nouvelle e\u0300re climatique, caracte\u0301rise\u0301e par des risques croissants\u00a0\u00bb, a commente\u0301 pour l&rsquo;AFP William Ripple, professeur a\u0300 l&rsquo;universite\u0301 d&rsquo;Oregon, qui n&rsquo;a pas participe\u0301 aux e\u0301tudes.<\/p>\n<p><strong>Pour plus d&rsquo;informations et d&rsquo;analyses sur la <span style=\"color: #ff6600\">C\u00f4te d&rsquo;Ivoire<\/span>, suivez <span style=\"color: #ff6600\">Africa-Press<span style=\"color: #ff6600\"><\/span><\/strong><\/p>\n","protected":false},"excerpt":{"rendered":"<p>Africa-Press &#8211; C\u00f4te d&rsquo;Ivoire. La plane\u0300te a de\u0301ja\u0300 connu, en 2024, une anne\u0301e au-dessus de 1,5\u00b0C de re\u0301chauffement. Mais ce seuil fixe\u0301 par l&rsquo;accord de Paris va-t-il pour autant e\u0302tre franchi durablement? C&rsquo;est probable car les tempe\u0301ratures re\u0301centes s&rsquo;inscrivent dans une tendance de long terme, selon deux e\u0301tudes publie\u0301es lundi. Des chercheurs sugge\u0300rent ainsi, dans [&hellip;]<\/p>\n","protected":false},"author":82,"featured_media":95007,"comment_status":"open","ping_status":"closed","sticky":false,"template":"","format":"standard","meta":{"footnotes":""},"categories":[22,10],"tags":[37],"class_list":["post-95008","post","type-post","status-publish","format-standard","has-post-thumbnail","hentry","category-divers","category-toutes-les-actualites","tag-cote-divoire-2"],"yoast_head":"<!-- This site is optimized with the Yoast SEO Premium plugin v26.1 (Yoast SEO v27.0) - https:\/\/yoast.com\/product\/yoast-seo-premium-wordpress\/ -->\n<title>Climat : le monde est entr\u00e9 dans une p\u00e9riode de r\u00e9chauffement de plus de 1,5\u00b0C \u00e0 long terme, selon des scientifiques - C\u00f4te d&#039;Ivoire<\/title>\n<meta name=\"robots\" content=\"index, follow, max-snippet:-1, max-image-preview:large, max-video-preview:-1\" \/>\n<link rel=\"canonical\" href=\"https:\/\/www.africa-press.net\/cotedivoire\/politique\/climat-le-monde-est-entre-dans-une-periode-de-rechauffement-de-plus-de-15c-a-long-terme-selon-des-scientifiques\" \/>\n<meta property=\"og:locale\" content=\"fr_FR\" \/>\n<meta property=\"og:type\" content=\"article\" \/>\n<meta property=\"og:title\" content=\"Climat : le monde est entr\u00e9 dans une p\u00e9riode de r\u00e9chauffement de plus de 1,5\u00b0C \u00e0 long terme, selon des scientifiques\" \/>\n<meta property=\"og:description\" content=\"Africa-Press &#8211; C\u00f4te d&rsquo;Ivoire. La plane\u0300te a de\u0301ja\u0300 connu, en 2024, une anne\u0301e au-dessus de 1,5\u00b0C de re\u0301chauffement. Mais ce seuil fixe\u0301 par l&rsquo;accord de Paris va-t-il pour autant e\u0302tre franchi durablement? C&rsquo;est probable car les tempe\u0301ratures re\u0301centes s&rsquo;inscrivent dans une tendance de long terme, selon deux e\u0301tudes publie\u0301es lundi. Des chercheurs sugge\u0300rent ainsi, dans [&hellip;]\" \/>\n<meta property=\"og:url\" content=\"https:\/\/www.africa-press.net\/cotedivoire\/politique\/climat-le-monde-est-entre-dans-une-periode-de-rechauffement-de-plus-de-15c-a-long-terme-selon-des-scientifiques\" \/>\n<meta property=\"og:site_name\" content=\"C\u00f4te d&#039;Ivoire\" \/>\n<meta property=\"article:published_time\" content=\"2025-02-12T17:51:52+00:00\" \/>\n<meta property=\"og:image\" content=\"https:\/\/static.africa-press.net\/cote\/sites\/43\/2025\/02\/sm_1739373521.680669.jpg\" \/>\n\t<meta property=\"og:image:width\" content=\"730\" \/>\n\t<meta property=\"og:image:height\" content=\"768\" \/>\n\t<meta property=\"og:image:type\" content=\"image\/jpeg\" \/>\n<meta name=\"author\" content=\"cfeditorfr\" \/>\n<meta name=\"twitter:card\" content=\"summary_large_image\" \/>\n<meta name=\"twitter:label1\" content=\"\u00c9crit par\" \/>\n\t<meta name=\"twitter:data1\" content=\"cfeditorfr\" \/>\n\t<meta name=\"twitter:label2\" content=\"Dur\u00e9e de lecture estim\u00e9e\" \/>\n\t<meta name=\"twitter:data2\" content=\"4 minutes\" \/>\n<script type=\"application\/ld+json\" class=\"yoast-schema-graph\">{\"@context\":\"https:\/\/schema.org\",\"@graph\":[{\"@type\":\"Article\",\"@id\":\"https:\/\/www.africa-press.net\/cotedivoire\/politique\/climat-le-monde-est-entre-dans-une-periode-de-rechauffement-de-plus-de-15c-a-long-terme-selon-des-scientifiques#article\",\"isPartOf\":{\"@id\":\"https:\/\/www.africa-press.net\/cotedivoire\/politique\/climat-le-monde-est-entre-dans-une-periode-de-rechauffement-de-plus-de-15c-a-long-terme-selon-des-scientifiques\"},\"author\":{\"name\":\"cfeditorfr\",\"@id\":\"https:\/\/www.africa-press.net\/cotedivoire\/#\/schema\/person\/2b1cf3cd81a31e3cd26889ca66d677f1\"},\"headline\":\"Climat : le monde est entr\u00e9 dans une p\u00e9riode de r\u00e9chauffement de plus de 1,5\u00b0C \u00e0 long terme, selon des scientifiques\",\"datePublished\":\"2025-02-12T17:51:52+00:00\",\"mainEntityOfPage\":{\"@id\":\"https:\/\/www.africa-press.net\/cotedivoire\/politique\/climat-le-monde-est-entre-dans-une-periode-de-rechauffement-de-plus-de-15c-a-long-terme-selon-des-scientifiques\"},\"wordCount\":843,\"commentCount\":0,\"image\":{\"@id\":\"https:\/\/www.africa-press.net\/cotedivoire\/politique\/climat-le-monde-est-entre-dans-une-periode-de-rechauffement-de-plus-de-15c-a-long-terme-selon-des-scientifiques#primaryimage\"},\"thumbnailUrl\":\"https:\/\/static.africa-press.net\/cote\/sites\/43\/2025\/02\/sm_1739373528.390684.jpg\",\"keywords\":[\"C\u00f4te d'Ivoire\"],\"articleSection\":[\"Divers\",\"Toutes les actualit\u00e9s\"],\"inLanguage\":\"fr-FR\",\"potentialAction\":[{\"@type\":\"CommentAction\",\"name\":\"Comment\",\"target\":[\"https:\/\/www.africa-press.net\/cotedivoire\/politique\/climat-le-monde-est-entre-dans-une-periode-de-rechauffement-de-plus-de-15c-a-long-terme-selon-des-scientifiques#respond\"]}]},{\"@type\":\"WebPage\",\"@id\":\"https:\/\/www.africa-press.net\/cotedivoire\/politique\/climat-le-monde-est-entre-dans-une-periode-de-rechauffement-de-plus-de-15c-a-long-terme-selon-des-scientifiques\",\"url\":\"https:\/\/www.africa-press.net\/cotedivoire\/politique\/climat-le-monde-est-entre-dans-une-periode-de-rechauffement-de-plus-de-15c-a-long-terme-selon-des-scientifiques\",\"name\":\"Climat : le monde est entr\u00e9 dans une p\u00e9riode de r\u00e9chauffement de plus de 1,5\u00b0C \u00e0 long terme, selon des scientifiques - C\u00f4te d&#039;Ivoire\",\"isPartOf\":{\"@id\":\"https:\/\/www.africa-press.net\/cotedivoire\/#website\"},\"primaryImageOfPage\":{\"@id\":\"https:\/\/www.africa-press.net\/cotedivoire\/politique\/climat-le-monde-est-entre-dans-une-periode-de-rechauffement-de-plus-de-15c-a-long-terme-selon-des-scientifiques#primaryimage\"},\"image\":{\"@id\":\"https:\/\/www.africa-press.net\/cotedivoire\/politique\/climat-le-monde-est-entre-dans-une-periode-de-rechauffement-de-plus-de-15c-a-long-terme-selon-des-scientifiques#primaryimage\"},\"thumbnailUrl\":\"https:\/\/static.africa-press.net\/cote\/sites\/43\/2025\/02\/sm_1739373528.390684.jpg\",\"datePublished\":\"2025-02-12T17:51:52+00:00\",\"author\":{\"@id\":\"https:\/\/www.africa-press.net\/cotedivoire\/#\/schema\/person\/2b1cf3cd81a31e3cd26889ca66d677f1\"},\"breadcrumb\":{\"@id\":\"https:\/\/www.africa-press.net\/cotedivoire\/politique\/climat-le-monde-est-entre-dans-une-periode-de-rechauffement-de-plus-de-15c-a-long-terme-selon-des-scientifiques#breadcrumb\"},\"inLanguage\":\"fr-FR\",\"potentialAction\":[{\"@type\":\"ReadAction\",\"target\":[\"https:\/\/www.africa-press.net\/cotedivoire\/politique\/climat-le-monde-est-entre-dans-une-periode-de-rechauffement-de-plus-de-15c-a-long-terme-selon-des-scientifiques\"]}]},{\"@type\":\"ImageObject\",\"inLanguage\":\"fr-FR\",\"@id\":\"https:\/\/www.africa-press.net\/cotedivoire\/politique\/climat-le-monde-est-entre-dans-une-periode-de-rechauffement-de-plus-de-15c-a-long-terme-selon-des-scientifiques#primaryimage\",\"url\":\"https:\/\/static.africa-press.net\/cote\/sites\/43\/2025\/02\/sm_1739373528.390684.jpg\",\"contentUrl\":\"https:\/\/static.africa-press.net\/cote\/sites\/43\/2025\/02\/sm_1739373528.390684.jpg\",\"width\":1200,\"height\":900,\"caption\":\"Climat : le monde est entr\u00e9 dans une p\u00e9riode de r\u00e9chauffement de plus de 1,5\u00b0C \u00e0 long terme, selon des scientifiques\"},{\"@type\":\"BreadcrumbList\",\"@id\":\"https:\/\/www.africa-press.net\/cotedivoire\/politique\/climat-le-monde-est-entre-dans-une-periode-de-rechauffement-de-plus-de-15c-a-long-terme-selon-des-scientifiques#breadcrumb\",\"itemListElement\":[{\"@type\":\"ListItem\",\"position\":1,\"name\":\"Accueil\",\"item\":\"https:\/\/www.africa-press.net\/cotedivoire\/\"},{\"@type\":\"ListItem\",\"position\":2,\"name\":\"Climat : le monde est entr\u00e9 dans une p\u00e9riode de r\u00e9chauffement de plus de 1,5\u00b0C \u00e0 long terme, selon des scientifiques\"}]},{\"@type\":\"WebSite\",\"@id\":\"https:\/\/www.africa-press.net\/cotedivoire\/#website\",\"url\":\"https:\/\/www.africa-press.net\/cotedivoire\/\",\"name\":\"C\u00f4te d&#039;Ivoire\",\"description\":\"Just another Africa News Agency Sites site\",\"potentialAction\":[{\"@type\":\"SearchAction\",\"target\":{\"@type\":\"EntryPoint\",\"urlTemplate\":\"https:\/\/www.africa-press.net\/cotedivoire\/?s={search_term_string}\"},\"query-input\":{\"@type\":\"PropertyValueSpecification\",\"valueRequired\":true,\"valueName\":\"search_term_string\"}}],\"inLanguage\":\"fr-FR\"},{\"@type\":\"Person\",\"@id\":\"https:\/\/www.africa-press.net\/cotedivoire\/#\/schema\/person\/2b1cf3cd81a31e3cd26889ca66d677f1\",\"name\":\"cfeditorfr\"}]}<\/script>\n<!-- \/ Yoast SEO Premium plugin. -->","yoast_head_json":{"title":"Climat : le monde est entr\u00e9 dans une p\u00e9riode de r\u00e9chauffement de plus de 1,5\u00b0C \u00e0 long terme, selon des scientifiques - C\u00f4te d&#039;Ivoire","robots":{"index":"index","follow":"follow","max-snippet":"max-snippet:-1","max-image-preview":"max-image-preview:large","max-video-preview":"max-video-preview:-1"},"canonical":"https:\/\/www.africa-press.net\/cotedivoire\/politique\/climat-le-monde-est-entre-dans-une-periode-de-rechauffement-de-plus-de-15c-a-long-terme-selon-des-scientifiques","og_locale":"fr_FR","og_type":"article","og_title":"Climat : le monde est entr\u00e9 dans une p\u00e9riode de r\u00e9chauffement de plus de 1,5\u00b0C \u00e0 long terme, selon des scientifiques","og_description":"Africa-Press &#8211; C\u00f4te d&rsquo;Ivoire. La plane\u0300te a de\u0301ja\u0300 connu, en 2024, une anne\u0301e au-dessus de 1,5\u00b0C de re\u0301chauffement. Mais ce seuil fixe\u0301 par l&rsquo;accord de Paris va-t-il pour autant e\u0302tre franchi durablement? C&rsquo;est probable car les tempe\u0301ratures re\u0301centes s&rsquo;inscrivent dans une tendance de long terme, selon deux e\u0301tudes publie\u0301es lundi. Des chercheurs sugge\u0300rent ainsi, dans [&hellip;]","og_url":"https:\/\/www.africa-press.net\/cotedivoire\/politique\/climat-le-monde-est-entre-dans-une-periode-de-rechauffement-de-plus-de-15c-a-long-terme-selon-des-scientifiques","og_site_name":"C\u00f4te d&#039;Ivoire","article_published_time":"2025-02-12T17:51:52+00:00","og_image":[{"width":730,"height":768,"url":"https:\/\/static.africa-press.net\/cote\/sites\/43\/2025\/02\/sm_1739373521.680669.jpg","type":"image\/jpeg"}],"author":"cfeditorfr","twitter_card":"summary_large_image","twitter_misc":{"\u00c9crit par":"cfeditorfr","Dur\u00e9e de lecture estim\u00e9e":"4 minutes"},"schema":{"@context":"https:\/\/schema.org","@graph":[{"@type":"Article","@id":"https:\/\/www.africa-press.net\/cotedivoire\/politique\/climat-le-monde-est-entre-dans-une-periode-de-rechauffement-de-plus-de-15c-a-long-terme-selon-des-scientifiques#article","isPartOf":{"@id":"https:\/\/www.africa-press.net\/cotedivoire\/politique\/climat-le-monde-est-entre-dans-une-periode-de-rechauffement-de-plus-de-15c-a-long-terme-selon-des-scientifiques"},"author":{"name":"cfeditorfr","@id":"https:\/\/www.africa-press.net\/cotedivoire\/#\/schema\/person\/2b1cf3cd81a31e3cd26889ca66d677f1"},"headline":"Climat : le monde est entr\u00e9 dans une p\u00e9riode de r\u00e9chauffement de plus de 1,5\u00b0C \u00e0 long terme, selon des scientifiques","datePublished":"2025-02-12T17:51:52+00:00","mainEntityOfPage":{"@id":"https:\/\/www.africa-press.net\/cotedivoire\/politique\/climat-le-monde-est-entre-dans-une-periode-de-rechauffement-de-plus-de-15c-a-long-terme-selon-des-scientifiques"},"wordCount":843,"commentCount":0,"image":{"@id":"https:\/\/www.africa-press.net\/cotedivoire\/politique\/climat-le-monde-est-entre-dans-une-periode-de-rechauffement-de-plus-de-15c-a-long-terme-selon-des-scientifiques#primaryimage"},"thumbnailUrl":"https:\/\/static.africa-press.net\/cote\/sites\/43\/2025\/02\/sm_1739373528.390684.jpg","keywords":["C\u00f4te d'Ivoire"],"articleSection":["Divers","Toutes les actualit\u00e9s"],"inLanguage":"fr-FR","potentialAction":[{"@type":"CommentAction","name":"Comment","target":["https:\/\/www.africa-press.net\/cotedivoire\/politique\/climat-le-monde-est-entre-dans-une-periode-de-rechauffement-de-plus-de-15c-a-long-terme-selon-des-scientifiques#respond"]}]},{"@type":"WebPage","@id":"https:\/\/www.africa-press.net\/cotedivoire\/politique\/climat-le-monde-est-entre-dans-une-periode-de-rechauffement-de-plus-de-15c-a-long-terme-selon-des-scientifiques","url":"https:\/\/www.africa-press.net\/cotedivoire\/politique\/climat-le-monde-est-entre-dans-une-periode-de-rechauffement-de-plus-de-15c-a-long-terme-selon-des-scientifiques","name":"Climat : le monde est entr\u00e9 dans une p\u00e9riode de r\u00e9chauffement de plus de 1,5\u00b0C \u00e0 long terme, selon des scientifiques - C\u00f4te d&#039;Ivoire","isPartOf":{"@id":"https:\/\/www.africa-press.net\/cotedivoire\/#website"},"primaryImageOfPage":{"@id":"https:\/\/www.africa-press.net\/cotedivoire\/politique\/climat-le-monde-est-entre-dans-une-periode-de-rechauffement-de-plus-de-15c-a-long-terme-selon-des-scientifiques#primaryimage"},"image":{"@id":"https:\/\/www.africa-press.net\/cotedivoire\/politique\/climat-le-monde-est-entre-dans-une-periode-de-rechauffement-de-plus-de-15c-a-long-terme-selon-des-scientifiques#primaryimage"},"thumbnailUrl":"https:\/\/static.africa-press.net\/cote\/sites\/43\/2025\/02\/sm_1739373528.390684.jpg","datePublished":"2025-02-12T17:51:52+00:00","author":{"@id":"https:\/\/www.africa-press.net\/cotedivoire\/#\/schema\/person\/2b1cf3cd81a31e3cd26889ca66d677f1"},"breadcrumb":{"@id":"https:\/\/www.africa-press.net\/cotedivoire\/politique\/climat-le-monde-est-entre-dans-une-periode-de-rechauffement-de-plus-de-15c-a-long-terme-selon-des-scientifiques#breadcrumb"},"inLanguage":"fr-FR","potentialAction":[{"@type":"ReadAction","target":["https:\/\/www.africa-press.net\/cotedivoire\/politique\/climat-le-monde-est-entre-dans-une-periode-de-rechauffement-de-plus-de-15c-a-long-terme-selon-des-scientifiques"]}]},{"@type":"ImageObject","inLanguage":"fr-FR","@id":"https:\/\/www.africa-press.net\/cotedivoire\/politique\/climat-le-monde-est-entre-dans-une-periode-de-rechauffement-de-plus-de-15c-a-long-terme-selon-des-scientifiques#primaryimage","url":"https:\/\/static.africa-press.net\/cote\/sites\/43\/2025\/02\/sm_1739373528.390684.jpg","contentUrl":"https:\/\/static.africa-press.net\/cote\/sites\/43\/2025\/02\/sm_1739373528.390684.jpg","width":1200,"height":900,"caption":"Climat : le monde est entr\u00e9 dans une p\u00e9riode de r\u00e9chauffement de plus de 1,5\u00b0C \u00e0 long terme, selon des scientifiques"},{"@type":"BreadcrumbList","@id":"https:\/\/www.africa-press.net\/cotedivoire\/politique\/climat-le-monde-est-entre-dans-une-periode-de-rechauffement-de-plus-de-15c-a-long-terme-selon-des-scientifiques#breadcrumb","itemListElement":[{"@type":"ListItem","position":1,"name":"Accueil","item":"https:\/\/www.africa-press.net\/cotedivoire\/"},{"@type":"ListItem","position":2,"name":"Climat : le monde est entr\u00e9 dans une p\u00e9riode de r\u00e9chauffement de plus de 1,5\u00b0C \u00e0 long terme, selon des scientifiques"}]},{"@type":"WebSite","@id":"https:\/\/www.africa-press.net\/cotedivoire\/#website","url":"https:\/\/www.africa-press.net\/cotedivoire\/","name":"C\u00f4te d&#039;Ivoire","description":"Just another Africa News Agency Sites site","potentialAction":[{"@type":"SearchAction","target":{"@type":"EntryPoint","urlTemplate":"https:\/\/www.africa-press.net\/cotedivoire\/?s={search_term_string}"},"query-input":{"@type":"PropertyValueSpecification","valueRequired":true,"valueName":"search_term_string"}}],"inLanguage":"fr-FR"},{"@type":"Person","@id":"https:\/\/www.africa-press.net\/cotedivoire\/#\/schema\/person\/2b1cf3cd81a31e3cd26889ca66d677f1","name":"cfeditorfr"}]}},"_links":{"self":[{"href":"https:\/\/www.africa-press.net\/cotedivoire\/wp-json\/wp\/v2\/posts\/95008","targetHints":{"allow":["GET"]}}],"collection":[{"href":"https:\/\/www.africa-press.net\/cotedivoire\/wp-json\/wp\/v2\/posts"}],"about":[{"href":"https:\/\/www.africa-press.net\/cotedivoire\/wp-json\/wp\/v2\/types\/post"}],"author":[{"embeddable":true,"href":"https:\/\/www.africa-press.net\/cotedivoire\/wp-json\/wp\/v2\/users\/82"}],"replies":[{"embeddable":true,"href":"https:\/\/www.africa-press.net\/cotedivoire\/wp-json\/wp\/v2\/comments?post=95008"}],"version-history":[{"count":0,"href":"https:\/\/www.africa-press.net\/cotedivoire\/wp-json\/wp\/v2\/posts\/95008\/revisions"}],"wp:featuredmedia":[{"embeddable":true,"href":"https:\/\/www.africa-press.net\/cotedivoire\/wp-json\/wp\/v2\/media\/95007"}],"wp:attachment":[{"href":"https:\/\/www.africa-press.net\/cotedivoire\/wp-json\/wp\/v2\/media?parent=95008"}],"wp:term":[{"taxonomy":"category","embeddable":true,"href":"https:\/\/www.africa-press.net\/cotedivoire\/wp-json\/wp\/v2\/categories?post=95008"},{"taxonomy":"post_tag","embeddable":true,"href":"https:\/\/www.africa-press.net\/cotedivoire\/wp-json\/wp\/v2\/tags?post=95008"}],"curies":[{"name":"wp","href":"https:\/\/api.w.org\/{rel}","templated":true}]}}