{"id":95019,"date":"2025-02-12T17:56:49","date_gmt":"2025-02-12T17:56:49","guid":{"rendered":"https:\/\/www.africa-press.net\/cotedivoire\/politique\/ministere-des-sports-adama-doumbia-nouveau-dg-de-loissu-a-pris-fonction-ses-premiers-mots"},"modified":"2025-02-12T17:56:49","modified_gmt":"2025-02-12T17:56:49","slug":"ministere-des-sports-adama-doumbia-nouveau-dg-de-loissu-a-pris-fonction-ses-premiers-mots","status":"publish","type":"post","link":"https:\/\/www.africa-press.net\/cotedivoire\/sports\/ministere-des-sports-adama-doumbia-nouveau-dg-de-loissu-a-pris-fonction-ses-premiers-mots","title":{"rendered":"Minist\u00e8re des Sports, Adama Doumbia nouveau DG de l&rsquo;OISSU a pris fonction, ses premiers mots"},"content":{"rendered":"<p><span style=\"color: #ff6600\"><strong>Africa-Press &#8211; C\u00f4te d&rsquo;Ivoire. <\/strong><\/span>L\u2019office ivoirien des sports scolaires et universitaires (OISSU) a un nouveau Directeur Ge\u0301ne\u0301ral: Il s\u2019agit de M. Adama Doumbia. Il remplace a\u0300 ce poste M. Gbettie\u0301 Danho admis a\u0300 faire valoir ses droits a\u0300 la retraite.<\/p>\n<p>Le Nouveau DG de l\u2019OISSU a pris fonction, mardi 11 fe\u0301vrier 2025, au sie\u0300ge de l\u2019institution a\u0300 Abidjan-Cocody.<\/p>\n<p>A cette occasion, il a exprime\u0301 son v\u0153u de compter sur la de\u0301termination de chacun de ses collaborateurs pour relever les de\u0301fis de l\u2019institution.<\/p>\n<p>\u00ab Je voudrais dire a\u0300 l\u2019ensemble du personnel que l\u2019administration est une continuite\u0301. Nous entendons donc poursuivre l\u2019\u0153uvre qui a e\u0301te\u0301 entame\u0301e par nos pre\u0301de\u0301cesseurs et ensemble, relever ces de\u0301fis. Je sais pouvoir compter sur la loyaute\u0301 de chacun d\u2019entre vous. Je sais pouvoir compter sur la de\u0301termination de chacun de vous. Je sais pouvoir compter sur le sens e\u0301leve\u0301 du respect de la chose publique de chacun d\u2019entre vous \u00bb, a requis M. Doumbia.<\/p>\n<p>Selon M. Doumbia, l\u2019OISSU a contribue\u0301 a\u0300 l\u2019essor du sport ivoirien et il revient aux agents qui animent a\u0300 cette direction d\u2019agir \u00ab avec efficacite\u0301 \u00bb dans l\u2019accomplissement des missions qui leur sont assigne\u0301es afin que le sport scolaire et universitaire continue d\u2019aller de l\u2019avant.<\/p>\n<p>\u00ab Plusieurs d\u2019entre nous se sont re\u0301ve\u0301le\u0301s a\u0300 la nation gra\u0302ce aux compe\u0301titions de l\u2019OISSU. Nous n\u2019avons pas inte\u0301re\u0302t a\u0300 faillir. Nous n\u2019avons pas inte\u0301re\u0302t a\u0300 laisser mourir ce pre\u0301cieux bien que nous ont laisse\u0301 nos pre\u0301de\u0301cesseurs \u00bb, a prie\u0301 le nouveau patron de l\u2019OISSU, remerciant le DG sortant, Gbettie\u0301 Danho pour le dynamisme insuffle\u0301 a\u0300 l\u2019office \u00ab en si peu de temps \u00bb.<\/p>\n<p>Adama Doumbia a exprime\u0301 sa gratitude au ministre de\u0301le\u0301gue\u0301 aupre\u0300s du Premier ministre charge\u0301 des Sports et du Cadre de vie, Silas Metch, pour le choix porte\u0301 sur sa personne et le Premier ministre, Robert Beugre\u0301 Mambe\u0301 pour avoir autorise\u0301 sa nomination.<\/p>\n<p>Notons que, le bilan de la saison e\u0301coule\u0301e a vu la participation de 97921 licencie\u0301s a\u0300 savoir 95 000 pour le primaire et le secondaire et 2921 pour le supe\u0301rieur, 2876 e\u0301tablissements engage\u0301s, 5675 Associations sportives d\u2019e\u0301tablissement (ASE) mises en place, 212 athle\u0300tes de\u0301tecte\u0301s pour 101 se\u0301lectionne\u0301s et pre\u0302ts pour le prochain championnat panafricain de football de la Confe\u0301de\u0301ration africaine de football (CAF) auquel la Co\u0302te d&rsquo;Ivoire est invite\u0301e en 2025.<\/p>\n<p><strong>Pour plus d&rsquo;informations et d&rsquo;analyses sur la <span style=\"color: #ff6600\">C\u00f4te d&rsquo;Ivoire<\/span>, suivez <span style=\"color: #ff6600\">Africa-Press<span style=\"color: #ff6600\"><\/span><\/strong><\/p>\n","protected":false},"excerpt":{"rendered":"<p>Africa-Press &#8211; C\u00f4te d&rsquo;Ivoire. L\u2019office ivoirien des sports scolaires et universitaires (OISSU) a un nouveau Directeur Ge\u0301ne\u0301ral: Il s\u2019agit de M. Adama Doumbia. Il remplace a\u0300 ce poste M. Gbettie\u0301 Danho admis a\u0300 faire valoir ses droits a\u0300 la retraite. Le Nouveau DG de l\u2019OISSU a pris fonction, mardi 11 fe\u0301vrier 2025, au sie\u0300ge de [&hellip;]<\/p>\n","protected":false},"author":82,"featured_media":95018,"comment_status":"open","ping_status":"closed","sticky":false,"template":"","format":"standard","meta":{"footnotes":""},"categories":[6,10],"tags":[16735,2399,37,16734,4748],"class_list":["post-95019","post","type-post","status-publish","format-standard","has-post-thumbnail","hentry","category-sports","category-toutes-les-actualites","tag-adama-doumbia","tag-beugre-mambe","tag-cote-divoire-2","tag-gbettie-danho","tag-oissu"],"yoast_head":"<!-- This site is optimized with the Yoast SEO Premium plugin v26.1 (Yoast SEO v27.0) - https:\/\/yoast.com\/product\/yoast-seo-premium-wordpress\/ -->\n<title>Minist\u00e8re des Sports, Adama Doumbia nouveau DG de l&#039;OISSU a pris fonction, ses premiers mots - C\u00f4te d&#039;Ivoire<\/title>\n<meta name=\"robots\" content=\"index, follow, max-snippet:-1, max-image-preview:large, max-video-preview:-1\" \/>\n<link rel=\"canonical\" href=\"https:\/\/www.africa-press.net\/cotedivoire\/politique\/ministere-des-sports-adama-doumbia-nouveau-dg-de-loissu-a-pris-fonction-ses-premiers-mots\" \/>\n<meta property=\"og:locale\" content=\"fr_FR\" \/>\n<meta property=\"og:type\" content=\"article\" \/>\n<meta property=\"og:title\" content=\"Minist\u00e8re des Sports, Adama Doumbia nouveau DG de l&#039;OISSU a pris fonction, ses premiers mots\" \/>\n<meta property=\"og:description\" content=\"Africa-Press &#8211; C\u00f4te d&rsquo;Ivoire. L\u2019office ivoirien des sports scolaires et universitaires (OISSU) a un nouveau Directeur Ge\u0301ne\u0301ral: Il s\u2019agit de M. Adama Doumbia. Il remplace a\u0300 ce poste M. Gbettie\u0301 Danho admis a\u0300 faire valoir ses droits a\u0300 la retraite. Le Nouveau DG de l\u2019OISSU a pris fonction, mardi 11 fe\u0301vrier 2025, au sie\u0300ge de [&hellip;]\" \/>\n<meta property=\"og:url\" content=\"https:\/\/www.africa-press.net\/cotedivoire\/politique\/ministere-des-sports-adama-doumbia-nouveau-dg-de-loissu-a-pris-fonction-ses-premiers-mots\" \/>\n<meta property=\"og:site_name\" content=\"C\u00f4te d&#039;Ivoire\" \/>\n<meta property=\"article:published_time\" content=\"2025-02-12T17:56:49+00:00\" \/>\n<meta name=\"author\" content=\"cfeditorfr\" \/>\n<meta name=\"twitter:card\" content=\"summary_large_image\" \/>\n<meta name=\"twitter:label1\" content=\"\u00c9crit par\" \/>\n\t<meta name=\"twitter:data1\" content=\"cfeditorfr\" \/>\n\t<meta name=\"twitter:label2\" content=\"Dur\u00e9e de lecture estim\u00e9e\" \/>\n\t<meta name=\"twitter:data2\" content=\"2 minutes\" \/>\n<script type=\"application\/ld+json\" class=\"yoast-schema-graph\">{\"@context\":\"https:\/\/schema.org\",\"@graph\":[{\"@type\":\"Article\",\"@id\":\"https:\/\/www.africa-press.net\/cotedivoire\/politique\/ministere-des-sports-adama-doumbia-nouveau-dg-de-loissu-a-pris-fonction-ses-premiers-mots#article\",\"isPartOf\":{\"@id\":\"https:\/\/www.africa-press.net\/cotedivoire\/politique\/ministere-des-sports-adama-doumbia-nouveau-dg-de-loissu-a-pris-fonction-ses-premiers-mots\"},\"author\":{\"name\":\"cfeditorfr\",\"@id\":\"https:\/\/www.africa-press.net\/cotedivoire\/#\/schema\/person\/2b1cf3cd81a31e3cd26889ca66d677f1\"},\"headline\":\"Minist\u00e8re des Sports, Adama Doumbia nouveau DG de l&rsquo;OISSU a pris fonction, ses premiers mots\",\"datePublished\":\"2025-02-12T17:56:49+00:00\",\"mainEntityOfPage\":{\"@id\":\"https:\/\/www.africa-press.net\/cotedivoire\/politique\/ministere-des-sports-adama-doumbia-nouveau-dg-de-loissu-a-pris-fonction-ses-premiers-mots\"},\"wordCount\":465,\"commentCount\":0,\"image\":{\"@id\":\"https:\/\/www.africa-press.net\/cotedivoire\/politique\/ministere-des-sports-adama-doumbia-nouveau-dg-de-loissu-a-pris-fonction-ses-premiers-mots#primaryimage\"},\"thumbnailUrl\":\"https:\/\/static.africa-press.net\/cote\/sites\/43\/2025\/02\/sm_1739373700.138015.jpg\",\"keywords\":[\"Adama Doumbia\",\"Beugr\u00e9 Mamb\u00e9\",\"C\u00f4te d'Ivoire\",\"Gbetti\u00e9 Danho\",\"OISSU\"],\"articleSection\":[\"Sports\",\"Toutes les actualit\u00e9s\"],\"inLanguage\":\"fr-FR\",\"potentialAction\":[{\"@type\":\"CommentAction\",\"name\":\"Comment\",\"target\":[\"https:\/\/www.africa-press.net\/cotedivoire\/politique\/ministere-des-sports-adama-doumbia-nouveau-dg-de-loissu-a-pris-fonction-ses-premiers-mots#respond\"]}]},{\"@type\":\"WebPage\",\"@id\":\"https:\/\/www.africa-press.net\/cotedivoire\/politique\/ministere-des-sports-adama-doumbia-nouveau-dg-de-loissu-a-pris-fonction-ses-premiers-mots\",\"url\":\"https:\/\/www.africa-press.net\/cotedivoire\/politique\/ministere-des-sports-adama-doumbia-nouveau-dg-de-loissu-a-pris-fonction-ses-premiers-mots\",\"name\":\"Minist\u00e8re des Sports, Adama Doumbia nouveau DG de l'OISSU a pris fonction, ses premiers mots - C\u00f4te d&#039;Ivoire\",\"isPartOf\":{\"@id\":\"https:\/\/www.africa-press.net\/cotedivoire\/#website\"},\"primaryImageOfPage\":{\"@id\":\"https:\/\/www.africa-press.net\/cotedivoire\/politique\/ministere-des-sports-adama-doumbia-nouveau-dg-de-loissu-a-pris-fonction-ses-premiers-mots#primaryimage\"},\"image\":{\"@id\":\"https:\/\/www.africa-press.net\/cotedivoire\/politique\/ministere-des-sports-adama-doumbia-nouveau-dg-de-loissu-a-pris-fonction-ses-premiers-mots#primaryimage\"},\"thumbnailUrl\":\"https:\/\/static.africa-press.net\/cote\/sites\/43\/2025\/02\/sm_1739373700.138015.jpg\",\"datePublished\":\"2025-02-12T17:56:49+00:00\",\"author\":{\"@id\":\"https:\/\/www.africa-press.net\/cotedivoire\/#\/schema\/person\/2b1cf3cd81a31e3cd26889ca66d677f1\"},\"breadcrumb\":{\"@id\":\"https:\/\/www.africa-press.net\/cotedivoire\/politique\/ministere-des-sports-adama-doumbia-nouveau-dg-de-loissu-a-pris-fonction-ses-premiers-mots#breadcrumb\"},\"inLanguage\":\"fr-FR\",\"potentialAction\":[{\"@type\":\"ReadAction\",\"target\":[\"https:\/\/www.africa-press.net\/cotedivoire\/politique\/ministere-des-sports-adama-doumbia-nouveau-dg-de-loissu-a-pris-fonction-ses-premiers-mots\"]}]},{\"@type\":\"ImageObject\",\"inLanguage\":\"fr-FR\",\"@id\":\"https:\/\/www.africa-press.net\/cotedivoire\/politique\/ministere-des-sports-adama-doumbia-nouveau-dg-de-loissu-a-pris-fonction-ses-premiers-mots#primaryimage\",\"url\":\"https:\/\/static.africa-press.net\/cote\/sites\/43\/2025\/02\/sm_1739373700.138015.jpg\",\"contentUrl\":\"https:\/\/static.africa-press.net\/cote\/sites\/43\/2025\/02\/sm_1739373700.138015.jpg\",\"width\":720,\"height\":424,\"caption\":\"Minist\u00e8re des Sports, Adama Doumbia nouveau DG de l'OISSU a pris fonction, ses premiers mots\"},{\"@type\":\"BreadcrumbList\",\"@id\":\"https:\/\/www.africa-press.net\/cotedivoire\/politique\/ministere-des-sports-adama-doumbia-nouveau-dg-de-loissu-a-pris-fonction-ses-premiers-mots#breadcrumb\",\"itemListElement\":[{\"@type\":\"ListItem\",\"position\":1,\"name\":\"Accueil\",\"item\":\"https:\/\/www.africa-press.net\/cotedivoire\/\"},{\"@type\":\"ListItem\",\"position\":2,\"name\":\"Minist\u00e8re des Sports, Adama Doumbia nouveau DG de l&rsquo;OISSU a pris fonction, ses premiers mots\"}]},{\"@type\":\"WebSite\",\"@id\":\"https:\/\/www.africa-press.net\/cotedivoire\/#website\",\"url\":\"https:\/\/www.africa-press.net\/cotedivoire\/\",\"name\":\"C\u00f4te d&#039;Ivoire\",\"description\":\"Just another Africa News Agency Sites site\",\"potentialAction\":[{\"@type\":\"SearchAction\",\"target\":{\"@type\":\"EntryPoint\",\"urlTemplate\":\"https:\/\/www.africa-press.net\/cotedivoire\/?s={search_term_string}\"},\"query-input\":{\"@type\":\"PropertyValueSpecification\",\"valueRequired\":true,\"valueName\":\"search_term_string\"}}],\"inLanguage\":\"fr-FR\"},{\"@type\":\"Person\",\"@id\":\"https:\/\/www.africa-press.net\/cotedivoire\/#\/schema\/person\/2b1cf3cd81a31e3cd26889ca66d677f1\",\"name\":\"cfeditorfr\"}]}<\/script>\n<!-- \/ Yoast SEO Premium plugin. -->","yoast_head_json":{"title":"Minist\u00e8re des Sports, Adama Doumbia nouveau DG de l'OISSU a pris fonction, ses premiers mots - C\u00f4te d&#039;Ivoire","robots":{"index":"index","follow":"follow","max-snippet":"max-snippet:-1","max-image-preview":"max-image-preview:large","max-video-preview":"max-video-preview:-1"},"canonical":"https:\/\/www.africa-press.net\/cotedivoire\/politique\/ministere-des-sports-adama-doumbia-nouveau-dg-de-loissu-a-pris-fonction-ses-premiers-mots","og_locale":"fr_FR","og_type":"article","og_title":"Minist\u00e8re des Sports, Adama Doumbia nouveau DG de l'OISSU a pris fonction, ses premiers mots","og_description":"Africa-Press &#8211; C\u00f4te d&rsquo;Ivoire. L\u2019office ivoirien des sports scolaires et universitaires (OISSU) a un nouveau Directeur Ge\u0301ne\u0301ral: Il s\u2019agit de M. Adama Doumbia. Il remplace a\u0300 ce poste M. Gbettie\u0301 Danho admis a\u0300 faire valoir ses droits a\u0300 la retraite. Le Nouveau DG de l\u2019OISSU a pris fonction, mardi 11 fe\u0301vrier 2025, au sie\u0300ge de [&hellip;]","og_url":"https:\/\/www.africa-press.net\/cotedivoire\/politique\/ministere-des-sports-adama-doumbia-nouveau-dg-de-loissu-a-pris-fonction-ses-premiers-mots","og_site_name":"C\u00f4te d&#039;Ivoire","article_published_time":"2025-02-12T17:56:49+00:00","author":"cfeditorfr","twitter_card":"summary_large_image","twitter_misc":{"\u00c9crit par":"cfeditorfr","Dur\u00e9e de lecture estim\u00e9e":"2 minutes"},"schema":{"@context":"https:\/\/schema.org","@graph":[{"@type":"Article","@id":"https:\/\/www.africa-press.net\/cotedivoire\/politique\/ministere-des-sports-adama-doumbia-nouveau-dg-de-loissu-a-pris-fonction-ses-premiers-mots#article","isPartOf":{"@id":"https:\/\/www.africa-press.net\/cotedivoire\/politique\/ministere-des-sports-adama-doumbia-nouveau-dg-de-loissu-a-pris-fonction-ses-premiers-mots"},"author":{"name":"cfeditorfr","@id":"https:\/\/www.africa-press.net\/cotedivoire\/#\/schema\/person\/2b1cf3cd81a31e3cd26889ca66d677f1"},"headline":"Minist\u00e8re des Sports, Adama Doumbia nouveau DG de l&rsquo;OISSU a pris fonction, ses premiers mots","datePublished":"2025-02-12T17:56:49+00:00","mainEntityOfPage":{"@id":"https:\/\/www.africa-press.net\/cotedivoire\/politique\/ministere-des-sports-adama-doumbia-nouveau-dg-de-loissu-a-pris-fonction-ses-premiers-mots"},"wordCount":465,"commentCount":0,"image":{"@id":"https:\/\/www.africa-press.net\/cotedivoire\/politique\/ministere-des-sports-adama-doumbia-nouveau-dg-de-loissu-a-pris-fonction-ses-premiers-mots#primaryimage"},"thumbnailUrl":"https:\/\/static.africa-press.net\/cote\/sites\/43\/2025\/02\/sm_1739373700.138015.jpg","keywords":["Adama Doumbia","Beugr\u00e9 Mamb\u00e9","C\u00f4te d'Ivoire","Gbetti\u00e9 Danho","OISSU"],"articleSection":["Sports","Toutes les actualit\u00e9s"],"inLanguage":"fr-FR","potentialAction":[{"@type":"CommentAction","name":"Comment","target":["https:\/\/www.africa-press.net\/cotedivoire\/politique\/ministere-des-sports-adama-doumbia-nouveau-dg-de-loissu-a-pris-fonction-ses-premiers-mots#respond"]}]},{"@type":"WebPage","@id":"https:\/\/www.africa-press.net\/cotedivoire\/politique\/ministere-des-sports-adama-doumbia-nouveau-dg-de-loissu-a-pris-fonction-ses-premiers-mots","url":"https:\/\/www.africa-press.net\/cotedivoire\/politique\/ministere-des-sports-adama-doumbia-nouveau-dg-de-loissu-a-pris-fonction-ses-premiers-mots","name":"Minist\u00e8re des Sports, Adama Doumbia nouveau DG de l'OISSU a pris fonction, ses premiers mots - C\u00f4te d&#039;Ivoire","isPartOf":{"@id":"https:\/\/www.africa-press.net\/cotedivoire\/#website"},"primaryImageOfPage":{"@id":"https:\/\/www.africa-press.net\/cotedivoire\/politique\/ministere-des-sports-adama-doumbia-nouveau-dg-de-loissu-a-pris-fonction-ses-premiers-mots#primaryimage"},"image":{"@id":"https:\/\/www.africa-press.net\/cotedivoire\/politique\/ministere-des-sports-adama-doumbia-nouveau-dg-de-loissu-a-pris-fonction-ses-premiers-mots#primaryimage"},"thumbnailUrl":"https:\/\/static.africa-press.net\/cote\/sites\/43\/2025\/02\/sm_1739373700.138015.jpg","datePublished":"2025-02-12T17:56:49+00:00","author":{"@id":"https:\/\/www.africa-press.net\/cotedivoire\/#\/schema\/person\/2b1cf3cd81a31e3cd26889ca66d677f1"},"breadcrumb":{"@id":"https:\/\/www.africa-press.net\/cotedivoire\/politique\/ministere-des-sports-adama-doumbia-nouveau-dg-de-loissu-a-pris-fonction-ses-premiers-mots#breadcrumb"},"inLanguage":"fr-FR","potentialAction":[{"@type":"ReadAction","target":["https:\/\/www.africa-press.net\/cotedivoire\/politique\/ministere-des-sports-adama-doumbia-nouveau-dg-de-loissu-a-pris-fonction-ses-premiers-mots"]}]},{"@type":"ImageObject","inLanguage":"fr-FR","@id":"https:\/\/www.africa-press.net\/cotedivoire\/politique\/ministere-des-sports-adama-doumbia-nouveau-dg-de-loissu-a-pris-fonction-ses-premiers-mots#primaryimage","url":"https:\/\/static.africa-press.net\/cote\/sites\/43\/2025\/02\/sm_1739373700.138015.jpg","contentUrl":"https:\/\/static.africa-press.net\/cote\/sites\/43\/2025\/02\/sm_1739373700.138015.jpg","width":720,"height":424,"caption":"Minist\u00e8re des Sports, Adama Doumbia nouveau DG de l'OISSU a pris fonction, ses premiers mots"},{"@type":"BreadcrumbList","@id":"https:\/\/www.africa-press.net\/cotedivoire\/politique\/ministere-des-sports-adama-doumbia-nouveau-dg-de-loissu-a-pris-fonction-ses-premiers-mots#breadcrumb","itemListElement":[{"@type":"ListItem","position":1,"name":"Accueil","item":"https:\/\/www.africa-press.net\/cotedivoire\/"},{"@type":"ListItem","position":2,"name":"Minist\u00e8re des Sports, Adama Doumbia nouveau DG de l&rsquo;OISSU a pris fonction, ses premiers mots"}]},{"@type":"WebSite","@id":"https:\/\/www.africa-press.net\/cotedivoire\/#website","url":"https:\/\/www.africa-press.net\/cotedivoire\/","name":"C\u00f4te d&#039;Ivoire","description":"Just another Africa News Agency Sites site","potentialAction":[{"@type":"SearchAction","target":{"@type":"EntryPoint","urlTemplate":"https:\/\/www.africa-press.net\/cotedivoire\/?s={search_term_string}"},"query-input":{"@type":"PropertyValueSpecification","valueRequired":true,"valueName":"search_term_string"}}],"inLanguage":"fr-FR"},{"@type":"Person","@id":"https:\/\/www.africa-press.net\/cotedivoire\/#\/schema\/person\/2b1cf3cd81a31e3cd26889ca66d677f1","name":"cfeditorfr"}]}},"_links":{"self":[{"href":"https:\/\/www.africa-press.net\/cotedivoire\/wp-json\/wp\/v2\/posts\/95019","targetHints":{"allow":["GET"]}}],"collection":[{"href":"https:\/\/www.africa-press.net\/cotedivoire\/wp-json\/wp\/v2\/posts"}],"about":[{"href":"https:\/\/www.africa-press.net\/cotedivoire\/wp-json\/wp\/v2\/types\/post"}],"author":[{"embeddable":true,"href":"https:\/\/www.africa-press.net\/cotedivoire\/wp-json\/wp\/v2\/users\/82"}],"replies":[{"embeddable":true,"href":"https:\/\/www.africa-press.net\/cotedivoire\/wp-json\/wp\/v2\/comments?post=95019"}],"version-history":[{"count":0,"href":"https:\/\/www.africa-press.net\/cotedivoire\/wp-json\/wp\/v2\/posts\/95019\/revisions"}],"wp:featuredmedia":[{"embeddable":true,"href":"https:\/\/www.africa-press.net\/cotedivoire\/wp-json\/wp\/v2\/media\/95018"}],"wp:attachment":[{"href":"https:\/\/www.africa-press.net\/cotedivoire\/wp-json\/wp\/v2\/media?parent=95019"}],"wp:term":[{"taxonomy":"category","embeddable":true,"href":"https:\/\/www.africa-press.net\/cotedivoire\/wp-json\/wp\/v2\/categories?post=95019"},{"taxonomy":"post_tag","embeddable":true,"href":"https:\/\/www.africa-press.net\/cotedivoire\/wp-json\/wp\/v2\/tags?post=95019"}],"curies":[{"name":"wp","href":"https:\/\/api.w.org\/{rel}","templated":true}]}}