{"id":95023,"date":"2025-02-12T17:57:38","date_gmt":"2025-02-12T17:57:38","guid":{"rendered":"https:\/\/www.africa-press.net\/cotedivoire\/politique\/presidentielle-2025-bacongo-aborde-la-publication-de-la-liste-electorale-provisoire-avec-les-conseillers-regionaux-du-rhdp"},"modified":"2025-02-12T17:57:38","modified_gmt":"2025-02-12T17:57:38","slug":"presidentielle-2025-bacongo-aborde-la-publication-de-la-liste-electorale-provisoire-avec-les-conseillers-regionaux-du-rhdp","status":"publish","type":"post","link":"https:\/\/www.africa-press.net\/cotedivoire\/politique\/presidentielle-2025-bacongo-aborde-la-publication-de-la-liste-electorale-provisoire-avec-les-conseillers-regionaux-du-rhdp","title":{"rendered":"Pr\u00e9sidentielle 2025, Bacongo aborde la publication de la liste \u00e9lectorale provisoire avec les Conseillers R\u00e9gionaux du RHDP"},"content":{"rendered":"<p><span style=\"color: #ff6600\"><strong>Africa-Press &#8211; C\u00f4te d&rsquo;Ivoire. <\/strong><\/span>Apre\u0300s les De\u0301pute\u0301s et les Se\u0301nateurs, le Secre\u0301taire Exe\u0301cutif du Rassemblement des Houphoue\u0308tistes pour la De\u0301mocratie et la Paix (RHDP), Ibrahim Cisse\u0301 Bacongo, a rencontre\u0301, mardi 11 fe\u0301vrier 2025, a\u0300 Abidjan-Cocody, les Conseillers Re\u0301gionaux issus de son parti.<\/p>\n<p>Selon le Ministre-Gouverneur du District Autonome d\u2019Abidjan (DAA) qui relaie l\u2019information via son compte officiel , \u00ab cette rencontre a e\u0301te\u0301 l\u2019occasion d\u2019aborder des sujets essentiels lie\u0301s a\u0300 la vie de notre parti, a\u0300 l\u2019actualite\u0301 politique nationale et aux pre\u0301paratifs des prochaines e\u0301che\u0301ances e\u0301lectorales.<\/p>\n<p>\u00ab J\u2019ai notamment partage\u0301 des informations cle\u0301s sur l\u2019organisation d\u2019un Colloque international sur le panafricanisme, la publication de la liste e\u0301lectorale provisoire, ainsi qu\u2019une tourne\u0301e nationale pour renforcer nos liens avec les militants \u00bb, fait-il savoir, avant de souligner avoir e\u0301voque\u0301 avec ses ho\u0302tes de \u00ab la tenue prochaine de deux re\u0301unions internationales a\u0300 Abidjan et e\u0301change\u0301 sur les de\u0301fis a\u0300 venir et les strate\u0301gies a\u0300 adopter pour consolider la dynamique de victoire. \u00bb<\/p>\n<p>Au nom des Pre\u0301sidents des Conseils Re\u0301gionaux, le Ministre Bouake\u0301 Fofana a salue\u0301 cette initiative et re\u0301affirme\u0301 le soutien total des populations a\u0300 la candidature du Pre\u0301sident Alassane Ouattara.<\/p>\n<p>\u00ab Il a souligne\u0301 la qualite\u0301 des e\u0301changes et notre engagement commun pour la cohe\u0301sion et le triomphe du RHDP \u00bb, rapporte le Secre\u0301taire Exe\u0301cutif du RHDP.<\/p>\n<p>Bacongo dit avoir conclu cette rencontre en insistant sur la ne\u0301cessite\u0301 de l\u2019unite\u0301, de la mobilisation et de la vigilance dans les mois a\u0300 venir. Il annonce la poursuite des concertations ce mercredi 12 fe\u0301vrier 2025, avec une rencontre pre\u0301vue entre lui et les maires du RHDP.<\/p>\n<p>\u00ab Ensemble, dans un esprit de solidarite\u0301 renouvele\u0301e, nous continuerons a\u0300 \u0153uvrer pour le progre\u0300s et la stabilite\u0301 de notre nation \u00bb, lance-t-il.\r\n                <style type=\"text\/css\">\r\n                    \r\n                    #td_uid_1_69eda3d995f59  .td-doubleSlider-2 .td-item1 {\r\n                        background: url(https:\/\/static.africa-press.net\/cote\/sites\/43\/2025\/02\/sm_1739373711.834635-80x60.jpg) 0 0 no-repeat;\r\n                    }\r\n                    #td_uid_1_69eda3d995f59  .td-doubleSlider-2 .td-item2 {\r\n                        background: url(https:\/\/static.africa-press.net\/cote\/sites\/43\/2025\/02\/sm_1739373715.581452-80x60.jpg) 0 0 no-repeat;\r\n                    }\r\n                <\/style>\r\n\r\n                <div id=\"td_uid_1_69eda3d995f59\" class=\"td-gallery td-slide-on-2-columns\">\r\n                    <div class=\"post_td_gallery\">\r\n                        <div class=\"td-gallery-slide-top\">\r\n                           <div class=\"td-gallery-title\"><\/div>\r\n\r\n                            <div class=\"td-gallery-controls-wrapper\">\r\n                                <div class=\"td-gallery-slide-count\"><span class=\"td-gallery-slide-item-focus\">1<\/span> de 2<\/div>\r\n                                <div class=\"td-gallery-slide-prev-next-but\">\r\n                                    <i class = \"td-icon-left doubleSliderPrevButton\"><\/i>\r\n                                    <i class = \"td-icon-right doubleSliderNextButton\"><\/i>\r\n                                <\/div>\r\n                            <\/div>\r\n                        <\/div>\r\n\r\n                        <div class = \"td-doubleSlider-1 \">\r\n                            <div class = \"td-slider\">\r\n                                \r\n                    <div class = \"td-slide-item td-item1\">\r\n                        <figure class=\"td-slide-galery-figure td-slide-popup-gallery\">\r\n                            <a class=\"slide-gallery-image-link\" href=\"https:\/\/static.africa-press.net\/cote\/sites\/43\/2025\/02\/sm_1739373711.834635.jpg\" title=\"sm_1739373711.834635\"  data-caption=\"\"  data-description=\"\">\r\n                                <img decoding=\"async\" src=\"https:\/\/static.africa-press.net\/cote\/sites\/43\/2025\/02\/sm_1739373711.834635.jpg\" srcset=\"https:\/\/static.africa-press.net\/cote\/sites\/43\/2025\/02\/sm_1739373711.834635.jpg 1000w, https:\/\/static.africa-press.net\/cote\/sites\/43\/2025\/02\/sm_1739373711.834635-300x200.jpg 300w, https:\/\/static.africa-press.net\/cote\/sites\/43\/2025\/02\/sm_1739373711.834635-768x512.jpg 768w\" sizes=\"(max-width: 1000px) 100vw, 1000px\" alt=\"\">\r\n                            <\/a>\r\n                            \r\n                        <\/figure>\r\n                    <\/div>\r\n                    <div class = \"td-slide-item td-item2\">\r\n                        <figure class=\"td-slide-galery-figure td-slide-popup-gallery\">\r\n                            <a class=\"slide-gallery-image-link\" href=\"https:\/\/static.africa-press.net\/cote\/sites\/43\/2025\/02\/sm_1739373715.581452.jpg\" title=\"sm_1739373715.581452\"  data-caption=\"\"  data-description=\"\">\r\n                                <img decoding=\"async\" src=\"https:\/\/static.africa-press.net\/cote\/sites\/43\/2025\/02\/sm_1739373715.581452.jpg\" srcset=\"https:\/\/static.africa-press.net\/cote\/sites\/43\/2025\/02\/sm_1739373715.581452.jpg 1000w, https:\/\/static.africa-press.net\/cote\/sites\/43\/2025\/02\/sm_1739373715.581452-300x200.jpg 300w, https:\/\/static.africa-press.net\/cote\/sites\/43\/2025\/02\/sm_1739373715.581452-768x512.jpg 768w\" sizes=\"(max-width: 1000px) 100vw, 1000px\" alt=\"\">\r\n                            <\/a>\r\n                            \r\n                        <\/figure>\r\n                    <\/div>\r\n                            <\/div>\r\n                        <\/div>\r\n\r\n                        <div class = \"td-doubleSlider-2\">\r\n                            <div class = \"td-slider\">\r\n                                \r\n                    <div class = \"td-button td-item1\">\r\n                        <div class = \"td-border\"><\/div>\r\n                    <\/div>\r\n                    <div class = \"td-button td-item2\">\r\n                        <div class = \"td-border\"><\/div>\r\n                    <\/div>\r\n                            <\/div>\r\n                        <\/div>\r\n\r\n                    <\/div>\r\n\r\n                <\/div>\r\n                <\/p>\n<p><strong>Pour plus d&rsquo;informations et d&rsquo;analyses sur la <span style=\"color: #ff6600\">C\u00f4te d&rsquo;Ivoire<\/span>, suivez <span style=\"color: #ff6600\">Africa-Press<span style=\"color: #ff6600\"><\/span><\/strong><\/p>\n","protected":false},"excerpt":{"rendered":"<p>Africa-Press &#8211; C\u00f4te d&rsquo;Ivoire. Apre\u0300s les De\u0301pute\u0301s et les Se\u0301nateurs, le Secre\u0301taire Exe\u0301cutif du Rassemblement des Houphoue\u0308tistes pour la De\u0301mocratie et la Paix (RHDP), Ibrahim Cisse\u0301 Bacongo, a rencontre\u0301, mardi 11 fe\u0301vrier 2025, a\u0300 Abidjan-Cocody, les Conseillers Re\u0301gionaux issus de son parti. Selon le Ministre-Gouverneur du District Autonome d\u2019Abidjan (DAA) qui relaie l\u2019information via son [&hellip;]<\/p>\n","protected":false},"author":82,"featured_media":95022,"comment_status":"open","ping_status":"closed","sticky":false,"template":"","format":"standard","meta":{"footnotes":""},"categories":[8,2,20,10],"tags":[38,951,16736,37,2734,371],"class_list":["post-95023","post","type-post","status-publish","format-standard","has-post-thumbnail","hentry","category-photo","category-politique","category-top-nouvelles","category-toutes-les-actualites","tag-alassane-ouattara","tag-cisse-bacongo","tag-conseillers-regionaux","tag-cote-divoire-2","tag-liste-electorale","tag-rhdp"],"yoast_head":"<!-- This site is optimized with the Yoast SEO Premium plugin v26.1 (Yoast SEO v27.0) - https:\/\/yoast.com\/product\/yoast-seo-premium-wordpress\/ -->\n<title>Pr\u00e9sidentielle 2025, Bacongo aborde la publication de la liste \u00e9lectorale provisoire avec les Conseillers R\u00e9gionaux du RHDP - C\u00f4te d&#039;Ivoire<\/title>\n<meta name=\"robots\" content=\"index, follow, max-snippet:-1, max-image-preview:large, max-video-preview:-1\" \/>\n<link rel=\"canonical\" href=\"https:\/\/www.africa-press.net\/cotedivoire\/politique\/presidentielle-2025-bacongo-aborde-la-publication-de-la-liste-electorale-provisoire-avec-les-conseillers-regionaux-du-rhdp\" \/>\n<meta property=\"og:locale\" content=\"fr_FR\" \/>\n<meta property=\"og:type\" content=\"article\" \/>\n<meta property=\"og:title\" content=\"Pr\u00e9sidentielle 2025, Bacongo aborde la publication de la liste \u00e9lectorale provisoire avec les Conseillers R\u00e9gionaux du RHDP\" \/>\n<meta property=\"og:description\" content=\"Africa-Press &#8211; C\u00f4te d&rsquo;Ivoire. Apre\u0300s les De\u0301pute\u0301s et les Se\u0301nateurs, le Secre\u0301taire Exe\u0301cutif du Rassemblement des Houphoue\u0308tistes pour la De\u0301mocratie et la Paix (RHDP), Ibrahim Cisse\u0301 Bacongo, a rencontre\u0301, mardi 11 fe\u0301vrier 2025, a\u0300 Abidjan-Cocody, les Conseillers Re\u0301gionaux issus de son parti. Selon le Ministre-Gouverneur du District Autonome d\u2019Abidjan (DAA) qui relaie l\u2019information via son [&hellip;]\" \/>\n<meta property=\"og:url\" content=\"https:\/\/www.africa-press.net\/cotedivoire\/politique\/presidentielle-2025-bacongo-aborde-la-publication-de-la-liste-electorale-provisoire-avec-les-conseillers-regionaux-du-rhdp\" \/>\n<meta property=\"og:site_name\" content=\"C\u00f4te d&#039;Ivoire\" \/>\n<meta property=\"article:published_time\" content=\"2025-02-12T17:57:38+00:00\" \/>\n<meta property=\"og:image\" content=\"https:\/\/static.africa-press.net\/cote\/sites\/43\/2025\/02\/sm_1739373711.834635.jpg\" \/>\n<meta name=\"author\" content=\"cfeditorfr\" \/>\n<meta name=\"twitter:card\" content=\"summary_large_image\" \/>\n<meta name=\"twitter:label1\" content=\"\u00c9crit par\" \/>\n\t<meta name=\"twitter:data1\" content=\"cfeditorfr\" \/>\n\t<meta name=\"twitter:label2\" content=\"Dur\u00e9e de lecture estim\u00e9e\" \/>\n\t<meta name=\"twitter:data2\" content=\"2 minutes\" \/>\n<script type=\"application\/ld+json\" class=\"yoast-schema-graph\">{\"@context\":\"https:\/\/schema.org\",\"@graph\":[{\"@type\":\"Article\",\"@id\":\"https:\/\/www.africa-press.net\/cotedivoire\/politique\/presidentielle-2025-bacongo-aborde-la-publication-de-la-liste-electorale-provisoire-avec-les-conseillers-regionaux-du-rhdp#article\",\"isPartOf\":{\"@id\":\"https:\/\/www.africa-press.net\/cotedivoire\/politique\/presidentielle-2025-bacongo-aborde-la-publication-de-la-liste-electorale-provisoire-avec-les-conseillers-regionaux-du-rhdp\"},\"author\":{\"name\":\"cfeditorfr\",\"@id\":\"https:\/\/www.africa-press.net\/cotedivoire\/#\/schema\/person\/2b1cf3cd81a31e3cd26889ca66d677f1\"},\"headline\":\"Pr\u00e9sidentielle 2025, Bacongo aborde la publication de la liste \u00e9lectorale provisoire avec les Conseillers R\u00e9gionaux du RHDP\",\"datePublished\":\"2025-02-12T17:57:38+00:00\",\"mainEntityOfPage\":{\"@id\":\"https:\/\/www.africa-press.net\/cotedivoire\/politique\/presidentielle-2025-bacongo-aborde-la-publication-de-la-liste-electorale-provisoire-avec-les-conseillers-regionaux-du-rhdp\"},\"wordCount\":365,\"commentCount\":0,\"image\":{\"@id\":\"https:\/\/www.africa-press.net\/cotedivoire\/politique\/presidentielle-2025-bacongo-aborde-la-publication-de-la-liste-electorale-provisoire-avec-les-conseillers-regionaux-du-rhdp#primaryimage\"},\"thumbnailUrl\":\"https:\/\/static.africa-press.net\/cote\/sites\/43\/2025\/02\/sm_1739373719.203174.jpg\",\"keywords\":[\"Alassane Ouattara\",\"Ciss\u00e9 Bacongo\",\"Conseillers R\u00e9gionaux\",\"C\u00f4te d'Ivoire\",\"liste \u00e9lectorale\",\"RHDP\"],\"articleSection\":[\"Photo\",\"Politique\",\"Top Nouvelles\",\"Toutes les actualit\u00e9s\"],\"inLanguage\":\"fr-FR\",\"potentialAction\":[{\"@type\":\"CommentAction\",\"name\":\"Comment\",\"target\":[\"https:\/\/www.africa-press.net\/cotedivoire\/politique\/presidentielle-2025-bacongo-aborde-la-publication-de-la-liste-electorale-provisoire-avec-les-conseillers-regionaux-du-rhdp#respond\"]}]},{\"@type\":\"WebPage\",\"@id\":\"https:\/\/www.africa-press.net\/cotedivoire\/politique\/presidentielle-2025-bacongo-aborde-la-publication-de-la-liste-electorale-provisoire-avec-les-conseillers-regionaux-du-rhdp\",\"url\":\"https:\/\/www.africa-press.net\/cotedivoire\/politique\/presidentielle-2025-bacongo-aborde-la-publication-de-la-liste-electorale-provisoire-avec-les-conseillers-regionaux-du-rhdp\",\"name\":\"Pr\u00e9sidentielle 2025, Bacongo aborde la publication de la liste \u00e9lectorale provisoire avec les Conseillers R\u00e9gionaux du RHDP - C\u00f4te d&#039;Ivoire\",\"isPartOf\":{\"@id\":\"https:\/\/www.africa-press.net\/cotedivoire\/#website\"},\"primaryImageOfPage\":{\"@id\":\"https:\/\/www.africa-press.net\/cotedivoire\/politique\/presidentielle-2025-bacongo-aborde-la-publication-de-la-liste-electorale-provisoire-avec-les-conseillers-regionaux-du-rhdp#primaryimage\"},\"image\":{\"@id\":\"https:\/\/www.africa-press.net\/cotedivoire\/politique\/presidentielle-2025-bacongo-aborde-la-publication-de-la-liste-electorale-provisoire-avec-les-conseillers-regionaux-du-rhdp#primaryimage\"},\"thumbnailUrl\":\"https:\/\/static.africa-press.net\/cote\/sites\/43\/2025\/02\/sm_1739373719.203174.jpg\",\"datePublished\":\"2025-02-12T17:57:38+00:00\",\"author\":{\"@id\":\"https:\/\/www.africa-press.net\/cotedivoire\/#\/schema\/person\/2b1cf3cd81a31e3cd26889ca66d677f1\"},\"breadcrumb\":{\"@id\":\"https:\/\/www.africa-press.net\/cotedivoire\/politique\/presidentielle-2025-bacongo-aborde-la-publication-de-la-liste-electorale-provisoire-avec-les-conseillers-regionaux-du-rhdp#breadcrumb\"},\"inLanguage\":\"fr-FR\",\"potentialAction\":[{\"@type\":\"ReadAction\",\"target\":[\"https:\/\/www.africa-press.net\/cotedivoire\/politique\/presidentielle-2025-bacongo-aborde-la-publication-de-la-liste-electorale-provisoire-avec-les-conseillers-regionaux-du-rhdp\"]}]},{\"@type\":\"ImageObject\",\"inLanguage\":\"fr-FR\",\"@id\":\"https:\/\/www.africa-press.net\/cotedivoire\/politique\/presidentielle-2025-bacongo-aborde-la-publication-de-la-liste-electorale-provisoire-avec-les-conseillers-regionaux-du-rhdp#primaryimage\",\"url\":\"https:\/\/static.africa-press.net\/cote\/sites\/43\/2025\/02\/sm_1739373719.203174.jpg\",\"contentUrl\":\"https:\/\/static.africa-press.net\/cote\/sites\/43\/2025\/02\/sm_1739373719.203174.jpg\",\"width\":720,\"height\":355,\"caption\":\"Pr\u00e9sidentielle 2025, Bacongo aborde la publication de la liste \u00e9lectorale provisoire avec les Conseillers R\u00e9gionaux du RHDP\"},{\"@type\":\"BreadcrumbList\",\"@id\":\"https:\/\/www.africa-press.net\/cotedivoire\/politique\/presidentielle-2025-bacongo-aborde-la-publication-de-la-liste-electorale-provisoire-avec-les-conseillers-regionaux-du-rhdp#breadcrumb\",\"itemListElement\":[{\"@type\":\"ListItem\",\"position\":1,\"name\":\"Accueil\",\"item\":\"https:\/\/www.africa-press.net\/cotedivoire\/\"},{\"@type\":\"ListItem\",\"position\":2,\"name\":\"Pr\u00e9sidentielle 2025, Bacongo aborde la publication de la liste \u00e9lectorale provisoire avec les Conseillers R\u00e9gionaux du RHDP\"}]},{\"@type\":\"WebSite\",\"@id\":\"https:\/\/www.africa-press.net\/cotedivoire\/#website\",\"url\":\"https:\/\/www.africa-press.net\/cotedivoire\/\",\"name\":\"C\u00f4te d&#039;Ivoire\",\"description\":\"Just another Africa News Agency Sites site\",\"potentialAction\":[{\"@type\":\"SearchAction\",\"target\":{\"@type\":\"EntryPoint\",\"urlTemplate\":\"https:\/\/www.africa-press.net\/cotedivoire\/?s={search_term_string}\"},\"query-input\":{\"@type\":\"PropertyValueSpecification\",\"valueRequired\":true,\"valueName\":\"search_term_string\"}}],\"inLanguage\":\"fr-FR\"},{\"@type\":\"Person\",\"@id\":\"https:\/\/www.africa-press.net\/cotedivoire\/#\/schema\/person\/2b1cf3cd81a31e3cd26889ca66d677f1\",\"name\":\"cfeditorfr\"}]}<\/script>\n<!-- \/ Yoast SEO Premium plugin. -->","yoast_head_json":{"title":"Pr\u00e9sidentielle 2025, Bacongo aborde la publication de la liste \u00e9lectorale provisoire avec les Conseillers R\u00e9gionaux du RHDP - C\u00f4te d&#039;Ivoire","robots":{"index":"index","follow":"follow","max-snippet":"max-snippet:-1","max-image-preview":"max-image-preview:large","max-video-preview":"max-video-preview:-1"},"canonical":"https:\/\/www.africa-press.net\/cotedivoire\/politique\/presidentielle-2025-bacongo-aborde-la-publication-de-la-liste-electorale-provisoire-avec-les-conseillers-regionaux-du-rhdp","og_locale":"fr_FR","og_type":"article","og_title":"Pr\u00e9sidentielle 2025, Bacongo aborde la publication de la liste \u00e9lectorale provisoire avec les Conseillers R\u00e9gionaux du RHDP","og_description":"Africa-Press &#8211; C\u00f4te d&rsquo;Ivoire. Apre\u0300s les De\u0301pute\u0301s et les Se\u0301nateurs, le Secre\u0301taire Exe\u0301cutif du Rassemblement des Houphoue\u0308tistes pour la De\u0301mocratie et la Paix (RHDP), Ibrahim Cisse\u0301 Bacongo, a rencontre\u0301, mardi 11 fe\u0301vrier 2025, a\u0300 Abidjan-Cocody, les Conseillers Re\u0301gionaux issus de son parti. Selon le Ministre-Gouverneur du District Autonome d\u2019Abidjan (DAA) qui relaie l\u2019information via son [&hellip;]","og_url":"https:\/\/www.africa-press.net\/cotedivoire\/politique\/presidentielle-2025-bacongo-aborde-la-publication-de-la-liste-electorale-provisoire-avec-les-conseillers-regionaux-du-rhdp","og_site_name":"C\u00f4te d&#039;Ivoire","article_published_time":"2025-02-12T17:57:38+00:00","og_image":[{"url":"https:\/\/static.africa-press.net\/cote\/sites\/43\/2025\/02\/sm_1739373711.834635.jpg","type":"","width":"","height":""}],"author":"cfeditorfr","twitter_card":"summary_large_image","twitter_misc":{"\u00c9crit par":"cfeditorfr","Dur\u00e9e de lecture estim\u00e9e":"2 minutes"},"schema":{"@context":"https:\/\/schema.org","@graph":[{"@type":"Article","@id":"https:\/\/www.africa-press.net\/cotedivoire\/politique\/presidentielle-2025-bacongo-aborde-la-publication-de-la-liste-electorale-provisoire-avec-les-conseillers-regionaux-du-rhdp#article","isPartOf":{"@id":"https:\/\/www.africa-press.net\/cotedivoire\/politique\/presidentielle-2025-bacongo-aborde-la-publication-de-la-liste-electorale-provisoire-avec-les-conseillers-regionaux-du-rhdp"},"author":{"name":"cfeditorfr","@id":"https:\/\/www.africa-press.net\/cotedivoire\/#\/schema\/person\/2b1cf3cd81a31e3cd26889ca66d677f1"},"headline":"Pr\u00e9sidentielle 2025, Bacongo aborde la publication de la liste \u00e9lectorale provisoire avec les Conseillers R\u00e9gionaux du RHDP","datePublished":"2025-02-12T17:57:38+00:00","mainEntityOfPage":{"@id":"https:\/\/www.africa-press.net\/cotedivoire\/politique\/presidentielle-2025-bacongo-aborde-la-publication-de-la-liste-electorale-provisoire-avec-les-conseillers-regionaux-du-rhdp"},"wordCount":365,"commentCount":0,"image":{"@id":"https:\/\/www.africa-press.net\/cotedivoire\/politique\/presidentielle-2025-bacongo-aborde-la-publication-de-la-liste-electorale-provisoire-avec-les-conseillers-regionaux-du-rhdp#primaryimage"},"thumbnailUrl":"https:\/\/static.africa-press.net\/cote\/sites\/43\/2025\/02\/sm_1739373719.203174.jpg","keywords":["Alassane Ouattara","Ciss\u00e9 Bacongo","Conseillers R\u00e9gionaux","C\u00f4te d'Ivoire","liste \u00e9lectorale","RHDP"],"articleSection":["Photo","Politique","Top Nouvelles","Toutes les actualit\u00e9s"],"inLanguage":"fr-FR","potentialAction":[{"@type":"CommentAction","name":"Comment","target":["https:\/\/www.africa-press.net\/cotedivoire\/politique\/presidentielle-2025-bacongo-aborde-la-publication-de-la-liste-electorale-provisoire-avec-les-conseillers-regionaux-du-rhdp#respond"]}]},{"@type":"WebPage","@id":"https:\/\/www.africa-press.net\/cotedivoire\/politique\/presidentielle-2025-bacongo-aborde-la-publication-de-la-liste-electorale-provisoire-avec-les-conseillers-regionaux-du-rhdp","url":"https:\/\/www.africa-press.net\/cotedivoire\/politique\/presidentielle-2025-bacongo-aborde-la-publication-de-la-liste-electorale-provisoire-avec-les-conseillers-regionaux-du-rhdp","name":"Pr\u00e9sidentielle 2025, Bacongo aborde la publication de la liste \u00e9lectorale provisoire avec les Conseillers R\u00e9gionaux du RHDP - C\u00f4te d&#039;Ivoire","isPartOf":{"@id":"https:\/\/www.africa-press.net\/cotedivoire\/#website"},"primaryImageOfPage":{"@id":"https:\/\/www.africa-press.net\/cotedivoire\/politique\/presidentielle-2025-bacongo-aborde-la-publication-de-la-liste-electorale-provisoire-avec-les-conseillers-regionaux-du-rhdp#primaryimage"},"image":{"@id":"https:\/\/www.africa-press.net\/cotedivoire\/politique\/presidentielle-2025-bacongo-aborde-la-publication-de-la-liste-electorale-provisoire-avec-les-conseillers-regionaux-du-rhdp#primaryimage"},"thumbnailUrl":"https:\/\/static.africa-press.net\/cote\/sites\/43\/2025\/02\/sm_1739373719.203174.jpg","datePublished":"2025-02-12T17:57:38+00:00","author":{"@id":"https:\/\/www.africa-press.net\/cotedivoire\/#\/schema\/person\/2b1cf3cd81a31e3cd26889ca66d677f1"},"breadcrumb":{"@id":"https:\/\/www.africa-press.net\/cotedivoire\/politique\/presidentielle-2025-bacongo-aborde-la-publication-de-la-liste-electorale-provisoire-avec-les-conseillers-regionaux-du-rhdp#breadcrumb"},"inLanguage":"fr-FR","potentialAction":[{"@type":"ReadAction","target":["https:\/\/www.africa-press.net\/cotedivoire\/politique\/presidentielle-2025-bacongo-aborde-la-publication-de-la-liste-electorale-provisoire-avec-les-conseillers-regionaux-du-rhdp"]}]},{"@type":"ImageObject","inLanguage":"fr-FR","@id":"https:\/\/www.africa-press.net\/cotedivoire\/politique\/presidentielle-2025-bacongo-aborde-la-publication-de-la-liste-electorale-provisoire-avec-les-conseillers-regionaux-du-rhdp#primaryimage","url":"https:\/\/static.africa-press.net\/cote\/sites\/43\/2025\/02\/sm_1739373719.203174.jpg","contentUrl":"https:\/\/static.africa-press.net\/cote\/sites\/43\/2025\/02\/sm_1739373719.203174.jpg","width":720,"height":355,"caption":"Pr\u00e9sidentielle 2025, Bacongo aborde la publication de la liste \u00e9lectorale provisoire avec les Conseillers R\u00e9gionaux du RHDP"},{"@type":"BreadcrumbList","@id":"https:\/\/www.africa-press.net\/cotedivoire\/politique\/presidentielle-2025-bacongo-aborde-la-publication-de-la-liste-electorale-provisoire-avec-les-conseillers-regionaux-du-rhdp#breadcrumb","itemListElement":[{"@type":"ListItem","position":1,"name":"Accueil","item":"https:\/\/www.africa-press.net\/cotedivoire\/"},{"@type":"ListItem","position":2,"name":"Pr\u00e9sidentielle 2025, Bacongo aborde la publication de la liste \u00e9lectorale provisoire avec les Conseillers R\u00e9gionaux du RHDP"}]},{"@type":"WebSite","@id":"https:\/\/www.africa-press.net\/cotedivoire\/#website","url":"https:\/\/www.africa-press.net\/cotedivoire\/","name":"C\u00f4te d&#039;Ivoire","description":"Just another Africa News Agency Sites site","potentialAction":[{"@type":"SearchAction","target":{"@type":"EntryPoint","urlTemplate":"https:\/\/www.africa-press.net\/cotedivoire\/?s={search_term_string}"},"query-input":{"@type":"PropertyValueSpecification","valueRequired":true,"valueName":"search_term_string"}}],"inLanguage":"fr-FR"},{"@type":"Person","@id":"https:\/\/www.africa-press.net\/cotedivoire\/#\/schema\/person\/2b1cf3cd81a31e3cd26889ca66d677f1","name":"cfeditorfr"}]}},"_links":{"self":[{"href":"https:\/\/www.africa-press.net\/cotedivoire\/wp-json\/wp\/v2\/posts\/95023","targetHints":{"allow":["GET"]}}],"collection":[{"href":"https:\/\/www.africa-press.net\/cotedivoire\/wp-json\/wp\/v2\/posts"}],"about":[{"href":"https:\/\/www.africa-press.net\/cotedivoire\/wp-json\/wp\/v2\/types\/post"}],"author":[{"embeddable":true,"href":"https:\/\/www.africa-press.net\/cotedivoire\/wp-json\/wp\/v2\/users\/82"}],"replies":[{"embeddable":true,"href":"https:\/\/www.africa-press.net\/cotedivoire\/wp-json\/wp\/v2\/comments?post=95023"}],"version-history":[{"count":0,"href":"https:\/\/www.africa-press.net\/cotedivoire\/wp-json\/wp\/v2\/posts\/95023\/revisions"}],"wp:featuredmedia":[{"embeddable":true,"href":"https:\/\/www.africa-press.net\/cotedivoire\/wp-json\/wp\/v2\/media\/95022"}],"wp:attachment":[{"href":"https:\/\/www.africa-press.net\/cotedivoire\/wp-json\/wp\/v2\/media?parent=95023"}],"wp:term":[{"taxonomy":"category","embeddable":true,"href":"https:\/\/www.africa-press.net\/cotedivoire\/wp-json\/wp\/v2\/categories?post=95023"},{"taxonomy":"post_tag","embeddable":true,"href":"https:\/\/www.africa-press.net\/cotedivoire\/wp-json\/wp\/v2\/tags?post=95023"}],"curies":[{"name":"wp","href":"https:\/\/api.w.org\/{rel}","templated":true}]}}