{"id":9507,"date":"2021-06-28T17:09:49","date_gmt":"2021-06-28T17:09:49","guid":{"rendered":"https:\/\/www.africa-press.net\/cotedivoire\/?p=9507"},"modified":"2021-06-28T17:54:30","modified_gmt":"2021-06-28T17:54:30","slug":"en-cote-divoire-accueil-triomphal-pour-laurent-gbagbo-dans-son-village-natal-de-mama","status":"publish","type":"post","link":"https:\/\/www.africa-press.net\/cotedivoire\/politique\/en-cote-divoire-accueil-triomphal-pour-laurent-gbagbo-dans-son-village-natal-de-mama","title":{"rendered":"accueil triomphal pour Laurent Gbagbo dans son village natal de Mama"},"content":{"rendered":"<p><span style=\"color: #ff6600\"><strong><a href=\"https:\/\/www.africa-press.net\/\">Africa-Press<\/a> &#8211; <a href=\"https:\/\/www.africa-press.net\/cotedivoire\">C\u00f4te d&rsquo;Ivoire<\/a>. <\/strong><\/span>Plusieurs milliers de personnes ont r\u00e9serv\u00e9 dimanche 27 juin un accueil triomphal \u00e0 l\u2019ancien pr\u00e9sident Laurent Gbagbo dans son village natal de Mama (centre-ouest de la C\u00f4te d\u2019Ivoire), dix jours apr\u00e8s son retour \u00e0 Abidjan \u00e0 la suite de son acquittement d\u00e9finitif par la justice internationale.<\/p>\n<p>Sous les hurlements de joie, les \u00ab hourras ! \u00bb et les mains lev\u00e9es faisant le V de la victoire, Laurent Gbagbo est arriv\u00e9 \u00e0 Mama \u00e0 la tomb\u00e9e de la nuit en provenance d\u2019Abidjan qu\u2019il avait quitt\u00e9 par la route \u00e0 la mi-journ\u00e9e.<\/p>\n<p>D\u00e8s sa descente de voiture, l\u2019ex-pr\u00e9sident, v\u00eatu d\u2019une chemise blanche et souriant, a pris un bain de foule. Il a remerci\u00e9 les gens \u00ab d\u2019\u00eatre venus si nombreux \u00bb. \u00ab Dix ans [d\u2019absence], c\u2019est beaucoup. Demain [lundi], je vais vous donner des nouvelles \u00bb, a-t-il ajout\u00e9.<\/p>\n<p><b>\u00ab Je l\u2019ai vu, \u00e7a suffit pour moi ! \u00bb<\/b><\/p>\n<p>, crie un jeune en transe. Malgr\u00e9 le coucher du soleil, l\u2019annonce de son arriv\u00e9e a continu\u00e9 \u00e0 attirer vers Mama des centaines de personnes venues des villages environnants, a constat\u00e9 un journaliste de l\u2019AFP.<\/p>\n<p><b>\u00ab Le retour de l\u2019enfant prodige \u00bb<\/b><\/p>\n<p>Pour se rendre dans la r\u00e9gion du centre-ouest de Gagnoa o\u00f9 se trouve le village, Laurent Gbagbo est pass\u00e9 par la capitale Yamoussoukro. Avant d\u2019arriver \u00e0 Mama, il est all\u00e9 \u00e0 Blouzon, localit\u00e9 proche, se recueillir sur la tombe de sa m\u00e8re Marguerite Gad\u00f4, d\u00e9c\u00e9d\u00e9e en 2014 alors qu\u2019il \u00e9tait incarc\u00e9r\u00e9 \u00e0 la prison de la Cour p\u00e9nale internationale (CPI).<\/p>\n<p>Entre Yamoussoukro et Mama, son cort\u00e8ge a \u00e9t\u00e9 ralenti \u00e0 plusieurs reprises par une foule enthousiaste venue l\u2019acclamer, ce qui explique son arriv\u00e9e tardive dans son village. D\u00e8s l\u2019aube, l\u2019art\u00e8re principale de Mama a \u00e9t\u00e9 le th\u00e9\u00e2tre d\u2019un ballet incessant de cars, de motos et de voitures particuli\u00e8res remplis de partisans de l\u2019ancien pr\u00e9sident venus assister \u00e0 son retour dans son village.<\/p>\n<p><b>\u00ab Je ne pouvais rater un tel \u00e9v\u00e9nement, le retour de l\u2019enfant prodige \u00bb<\/b><\/p>\n<p>, lance un vieil homme portant une tenue en pagne, descendant d\u2019un autocar. \u00ab \u00c7a fait dix ans qu\u2019il n\u2019a plus mis pied dans son village \u00bb et \u00ab personne ne veut rater \u00e7a \u00bb, s\u2019exclame Eric L\u00e9gr\u00e9 Gbagbo, un jeune homme affirmant porter le m\u00eame nom que l\u2019ancien chef de l\u2019Etat.<\/p>\n<p>Les forces de l\u2019ordre \u00e9taient pr\u00e9sentes, mais se faisaient discr\u00e8tes. Entre Gagnoa et de Mama, distants de 5 kilom\u00e8tres, le service d\u2019ordre \u00e9tait assur\u00e9 par la jeunesse du village qui fouillait v\u00e9hicules et passagers \u00e0 des barrages.<\/p>\n<p><b>Le divorce d\u2019avec Simone<\/b><\/p>\n<p>Avant son arriv\u00e9e au village, l\u2019annonce de la demande de divorce de l\u2019ex-pr\u00e9sident d\u2019avec son \u00e9pouse Simone, avec laquelle il a form\u00e9 un redoutable tandem au pouvoir pendant dix ans jusqu\u2019\u00e0 leur arrestation en 2011, \u00e9tait au c\u0153ur de toutes les discussions.<\/p>\n<p>A peine rentr\u00e9 \u00e0 Abidjan, Laurent Gbagbo a demand\u00e9 le divorce \u00ab en raison du refus r\u00e9it\u00e9r\u00e9 depuis des ann\u00e9es de dame Simone Ehivet de consentir \u00e0 une s\u00e9paration amiable \u00bb. Ils sont mari\u00e9s depuis 1989 et ont eu deux filles ensemble. \u00ab Nous ne sommes pas d\u2019accord avec sa d\u00e9cision, Simone est notre maman \u00bb, explique Ouraga Dj\u00e9dj\u00e9, jeune habitant de Mama, en compagnie de son \u00e9pouse enceinte.<\/p>\n<p>Avec une dizaine de ses camarades install\u00e9s dans une gargote, Ouraga commentait cette actualit\u00e9 qui a passionn\u00e9 tout le pays, juste apr\u00e8s le retour de Laurent Gbagbo le 17 juin \u00e0 Abidjan. Ce retour avait \u00e9t\u00e9 marqu\u00e9 par de nombreux incidents entre ses partisans qui voulaient l\u2019accueillir pr\u00e8s de l\u2019a\u00e9roport et les forces de l\u2019ordre.<\/p>\n<p>Laurent Gbagbo, au pouvoir depuis 2000, avait \u00e9t\u00e9 arr\u00eat\u00e9 en avril 2011 \u00e0 Abidjan, puis transf\u00e9r\u00e9 sept mois plus tard \u00e0 la CPI de La Haye, o\u00f9 il \u00e9tait accus\u00e9 notamment de crimes contre l\u2019humanit\u00e9, pour les violences commises \u00e0 la suite de la pr\u00e9sidentielle de fin 2010.<\/p>\n<p>Le refus de M. Gbagbo de reconna\u00eetre sa d\u00e9faite face \u00e0 Alassane Ouattara avait provoqu\u00e9 une crise post-\u00e9lectorale sanglante ayant fait quelque 3 000 morts. R\u00e9\u00e9lu en octobre 2020 pour un troisi\u00e8me mandat controvers\u00e9, M. Ouattara a donn\u00e9 son feu vert au retour de Laurent Gbagbo quelques jours apr\u00e8s son acquittement par la CPI.<\/p>\n","protected":false},"excerpt":{"rendered":"<p>Africa-Press &#8211; C\u00f4te d&rsquo;Ivoire. Plusieurs milliers de personnes ont r\u00e9serv\u00e9 dimanche 27 juin un accueil triomphal \u00e0 l\u2019ancien pr\u00e9sident Laurent Gbagbo dans son village natal de Mama (centre-ouest de la C\u00f4te d\u2019Ivoire), dix jours apr\u00e8s son retour \u00e0 Abidjan \u00e0 la suite de son acquittement d\u00e9finitif par la justice internationale. Sous les hurlements de joie, [&hellip;]<\/p>\n","protected":false},"author":82,"featured_media":9506,"comment_status":"open","ping_status":"closed","sticky":false,"template":"","format":"standard","meta":{"footnotes":""},"categories":[11,2,10],"tags":[56,63,29],"class_list":["post-9507","post","type-post","status-publish","format-standard","has-post-thumbnail","hentry","category-homepage-french","category-politique","category-toutes-les-actualites","tag-africa-press","tag-africa-press-cote-divoire","tag-cote-divoire"],"yoast_head":"<!-- This site is optimized with the Yoast SEO Premium plugin v26.1 (Yoast SEO v27.0) - https:\/\/yoast.com\/product\/yoast-seo-premium-wordpress\/ -->\n<title>accueil triomphal pour Laurent Gbagbo dans son village natal de Mama - C\u00f4te d&#039;Ivoire<\/title>\n<meta name=\"description\" content=\"Plusieurs milliers de personnes ont r\u00e9serv\u00e9 dimanche 27 juin un accueil triomphal \u00e0 l\u2019ancien pr\u00e9sident Laurent Gbagbo da ...\" \/>\n<meta name=\"robots\" content=\"index, follow, max-snippet:-1, max-image-preview:large, max-video-preview:-1\" \/>\n<link rel=\"canonical\" href=\"https:\/\/www.africa-press.net\/cotedivoire\/politique\/en-cote-divoire-accueil-triomphal-pour-laurent-gbagbo-dans-son-village-natal-de-mama\" \/>\n<meta property=\"og:locale\" content=\"fr_FR\" \/>\n<meta property=\"og:type\" content=\"article\" \/>\n<meta property=\"og:title\" content=\"accueil triomphal pour Laurent Gbagbo dans son village natal de Mama\" \/>\n<meta property=\"og:description\" content=\"Plusieurs milliers de personnes ont r\u00e9serv\u00e9 dimanche 27 juin un accueil triomphal \u00e0 l\u2019ancien pr\u00e9sident Laurent Gbagbo da ...\" \/>\n<meta property=\"og:url\" content=\"https:\/\/www.africa-press.net\/cotedivoire\/politique\/en-cote-divoire-accueil-triomphal-pour-laurent-gbagbo-dans-son-village-natal-de-mama\" \/>\n<meta property=\"og:site_name\" content=\"C\u00f4te d&#039;Ivoire\" \/>\n<meta property=\"article:published_time\" content=\"2021-06-28T17:09:49+00:00\" \/>\n<meta property=\"article:modified_time\" content=\"2021-06-28T17:54:30+00:00\" \/>\n<meta property=\"og:image\" content=\"https:\/\/static.africa-press.net\/cote\/sites\/43\/2021\/06\/img-60da015e6b17b.jpg\" \/>\n\t<meta property=\"og:image:width\" content=\"1440\" \/>\n\t<meta property=\"og:image:height\" content=\"720\" \/>\n\t<meta property=\"og:image:type\" content=\"image\/jpeg\" \/>\n<meta name=\"author\" content=\"cfeditorfr\" \/>\n<meta name=\"twitter:card\" content=\"summary_large_image\" \/>\n<meta name=\"twitter:label1\" content=\"\u00c9crit par\" \/>\n\t<meta name=\"twitter:data1\" content=\"cfeditorfr\" \/>\n\t<meta name=\"twitter:label2\" content=\"Dur\u00e9e de lecture estim\u00e9e\" \/>\n\t<meta name=\"twitter:data2\" content=\"4 minutes\" \/>\n<script type=\"application\/ld+json\" class=\"yoast-schema-graph\">{\"@context\":\"https:\/\/schema.org\",\"@graph\":[{\"@type\":\"Article\",\"@id\":\"https:\/\/www.africa-press.net\/cotedivoire\/politique\/en-cote-divoire-accueil-triomphal-pour-laurent-gbagbo-dans-son-village-natal-de-mama#article\",\"isPartOf\":{\"@id\":\"https:\/\/www.africa-press.net\/cotedivoire\/politique\/en-cote-divoire-accueil-triomphal-pour-laurent-gbagbo-dans-son-village-natal-de-mama\"},\"author\":{\"name\":\"cfeditorfr\",\"@id\":\"https:\/\/www.africa-press.net\/cotedivoire\/#\/schema\/person\/2b1cf3cd81a31e3cd26889ca66d677f1\"},\"headline\":\"accueil triomphal pour Laurent Gbagbo dans son village natal de Mama\",\"datePublished\":\"2021-06-28T17:09:49+00:00\",\"dateModified\":\"2021-06-28T17:54:30+00:00\",\"mainEntityOfPage\":{\"@id\":\"https:\/\/www.africa-press.net\/cotedivoire\/politique\/en-cote-divoire-accueil-triomphal-pour-laurent-gbagbo-dans-son-village-natal-de-mama\"},\"wordCount\":740,\"commentCount\":0,\"image\":{\"@id\":\"https:\/\/www.africa-press.net\/cotedivoire\/politique\/en-cote-divoire-accueil-triomphal-pour-laurent-gbagbo-dans-son-village-natal-de-mama#primaryimage\"},\"thumbnailUrl\":\"https:\/\/static.africa-press.net\/cote\/sites\/43\/2021\/06\/img-60da015e6b17b.jpg\",\"keywords\":[\"Africa Press\",\"Africa Press-C\u00f4te d'Ivoire\",\"C\u00d4TE D'IVOIRE\"],\"articleSection\":[\"homepage-french\",\"Politique\",\"Toutes les actualit\u00e9s\"],\"inLanguage\":\"fr-FR\",\"potentialAction\":[{\"@type\":\"CommentAction\",\"name\":\"Comment\",\"target\":[\"https:\/\/www.africa-press.net\/cotedivoire\/politique\/en-cote-divoire-accueil-triomphal-pour-laurent-gbagbo-dans-son-village-natal-de-mama#respond\"]}]},{\"@type\":\"WebPage\",\"@id\":\"https:\/\/www.africa-press.net\/cotedivoire\/politique\/en-cote-divoire-accueil-triomphal-pour-laurent-gbagbo-dans-son-village-natal-de-mama\",\"url\":\"https:\/\/www.africa-press.net\/cotedivoire\/politique\/en-cote-divoire-accueil-triomphal-pour-laurent-gbagbo-dans-son-village-natal-de-mama\",\"name\":\"accueil triomphal pour Laurent Gbagbo dans son village natal de Mama - C\u00f4te d&#039;Ivoire\",\"isPartOf\":{\"@id\":\"https:\/\/www.africa-press.net\/cotedivoire\/#website\"},\"primaryImageOfPage\":{\"@id\":\"https:\/\/www.africa-press.net\/cotedivoire\/politique\/en-cote-divoire-accueil-triomphal-pour-laurent-gbagbo-dans-son-village-natal-de-mama#primaryimage\"},\"image\":{\"@id\":\"https:\/\/www.africa-press.net\/cotedivoire\/politique\/en-cote-divoire-accueil-triomphal-pour-laurent-gbagbo-dans-son-village-natal-de-mama#primaryimage\"},\"thumbnailUrl\":\"https:\/\/static.africa-press.net\/cote\/sites\/43\/2021\/06\/img-60da015e6b17b.jpg\",\"datePublished\":\"2021-06-28T17:09:49+00:00\",\"dateModified\":\"2021-06-28T17:54:30+00:00\",\"author\":{\"@id\":\"https:\/\/www.africa-press.net\/cotedivoire\/#\/schema\/person\/2b1cf3cd81a31e3cd26889ca66d677f1\"},\"description\":\"Plusieurs milliers de personnes ont r\u00e9serv\u00e9 dimanche 27 juin un accueil triomphal \u00e0 l\u2019ancien pr\u00e9sident Laurent Gbagbo da ...\",\"breadcrumb\":{\"@id\":\"https:\/\/www.africa-press.net\/cotedivoire\/politique\/en-cote-divoire-accueil-triomphal-pour-laurent-gbagbo-dans-son-village-natal-de-mama#breadcrumb\"},\"inLanguage\":\"fr-FR\",\"potentialAction\":[{\"@type\":\"ReadAction\",\"target\":[\"https:\/\/www.africa-press.net\/cotedivoire\/politique\/en-cote-divoire-accueil-triomphal-pour-laurent-gbagbo-dans-son-village-natal-de-mama\"]}]},{\"@type\":\"ImageObject\",\"inLanguage\":\"fr-FR\",\"@id\":\"https:\/\/www.africa-press.net\/cotedivoire\/politique\/en-cote-divoire-accueil-triomphal-pour-laurent-gbagbo-dans-son-village-natal-de-mama#primaryimage\",\"url\":\"https:\/\/static.africa-press.net\/cote\/sites\/43\/2021\/06\/img-60da015e6b17b.jpg\",\"contentUrl\":\"https:\/\/static.africa-press.net\/cote\/sites\/43\/2021\/06\/img-60da015e6b17b.jpg\",\"width\":1440,\"height\":720,\"caption\":\"En C\u00f4te d\u2019Ivoire, accueil triomphal pour Laurent Gbagbo dans son village natal de Mama\"},{\"@type\":\"BreadcrumbList\",\"@id\":\"https:\/\/www.africa-press.net\/cotedivoire\/politique\/en-cote-divoire-accueil-triomphal-pour-laurent-gbagbo-dans-son-village-natal-de-mama#breadcrumb\",\"itemListElement\":[{\"@type\":\"ListItem\",\"position\":1,\"name\":\"Accueil\",\"item\":\"https:\/\/www.africa-press.net\/cotedivoire\/\"},{\"@type\":\"ListItem\",\"position\":2,\"name\":\"accueil triomphal pour Laurent Gbagbo dans son village natal de Mama\"}]},{\"@type\":\"WebSite\",\"@id\":\"https:\/\/www.africa-press.net\/cotedivoire\/#website\",\"url\":\"https:\/\/www.africa-press.net\/cotedivoire\/\",\"name\":\"C\u00f4te d&#039;Ivoire\",\"description\":\"Just another Africa News Agency Sites site\",\"potentialAction\":[{\"@type\":\"SearchAction\",\"target\":{\"@type\":\"EntryPoint\",\"urlTemplate\":\"https:\/\/www.africa-press.net\/cotedivoire\/?s={search_term_string}\"},\"query-input\":{\"@type\":\"PropertyValueSpecification\",\"valueRequired\":true,\"valueName\":\"search_term_string\"}}],\"inLanguage\":\"fr-FR\"},{\"@type\":\"Person\",\"@id\":\"https:\/\/www.africa-press.net\/cotedivoire\/#\/schema\/person\/2b1cf3cd81a31e3cd26889ca66d677f1\",\"name\":\"cfeditorfr\"}]}<\/script>\n<!-- \/ Yoast SEO Premium plugin. -->","yoast_head_json":{"title":"accueil triomphal pour Laurent Gbagbo dans son village natal de Mama - C\u00f4te d&#039;Ivoire","description":"Plusieurs milliers de personnes ont r\u00e9serv\u00e9 dimanche 27 juin un accueil triomphal \u00e0 l\u2019ancien pr\u00e9sident Laurent Gbagbo da ...","robots":{"index":"index","follow":"follow","max-snippet":"max-snippet:-1","max-image-preview":"max-image-preview:large","max-video-preview":"max-video-preview:-1"},"canonical":"https:\/\/www.africa-press.net\/cotedivoire\/politique\/en-cote-divoire-accueil-triomphal-pour-laurent-gbagbo-dans-son-village-natal-de-mama","og_locale":"fr_FR","og_type":"article","og_title":"accueil triomphal pour Laurent Gbagbo dans son village natal de Mama","og_description":"Plusieurs milliers de personnes ont r\u00e9serv\u00e9 dimanche 27 juin un accueil triomphal \u00e0 l\u2019ancien pr\u00e9sident Laurent Gbagbo da ...","og_url":"https:\/\/www.africa-press.net\/cotedivoire\/politique\/en-cote-divoire-accueil-triomphal-pour-laurent-gbagbo-dans-son-village-natal-de-mama","og_site_name":"C\u00f4te d&#039;Ivoire","article_published_time":"2021-06-28T17:09:49+00:00","article_modified_time":"2021-06-28T17:54:30+00:00","og_image":[{"width":1440,"height":720,"url":"https:\/\/static.africa-press.net\/cote\/sites\/43\/2021\/06\/img-60da015e6b17b.jpg","type":"image\/jpeg"}],"author":"cfeditorfr","twitter_card":"summary_large_image","twitter_misc":{"\u00c9crit par":"cfeditorfr","Dur\u00e9e de lecture estim\u00e9e":"4 minutes"},"schema":{"@context":"https:\/\/schema.org","@graph":[{"@type":"Article","@id":"https:\/\/www.africa-press.net\/cotedivoire\/politique\/en-cote-divoire-accueil-triomphal-pour-laurent-gbagbo-dans-son-village-natal-de-mama#article","isPartOf":{"@id":"https:\/\/www.africa-press.net\/cotedivoire\/politique\/en-cote-divoire-accueil-triomphal-pour-laurent-gbagbo-dans-son-village-natal-de-mama"},"author":{"name":"cfeditorfr","@id":"https:\/\/www.africa-press.net\/cotedivoire\/#\/schema\/person\/2b1cf3cd81a31e3cd26889ca66d677f1"},"headline":"accueil triomphal pour Laurent Gbagbo dans son village natal de Mama","datePublished":"2021-06-28T17:09:49+00:00","dateModified":"2021-06-28T17:54:30+00:00","mainEntityOfPage":{"@id":"https:\/\/www.africa-press.net\/cotedivoire\/politique\/en-cote-divoire-accueil-triomphal-pour-laurent-gbagbo-dans-son-village-natal-de-mama"},"wordCount":740,"commentCount":0,"image":{"@id":"https:\/\/www.africa-press.net\/cotedivoire\/politique\/en-cote-divoire-accueil-triomphal-pour-laurent-gbagbo-dans-son-village-natal-de-mama#primaryimage"},"thumbnailUrl":"https:\/\/static.africa-press.net\/cote\/sites\/43\/2021\/06\/img-60da015e6b17b.jpg","keywords":["Africa Press","Africa Press-C\u00f4te d'Ivoire","C\u00d4TE D'IVOIRE"],"articleSection":["homepage-french","Politique","Toutes les actualit\u00e9s"],"inLanguage":"fr-FR","potentialAction":[{"@type":"CommentAction","name":"Comment","target":["https:\/\/www.africa-press.net\/cotedivoire\/politique\/en-cote-divoire-accueil-triomphal-pour-laurent-gbagbo-dans-son-village-natal-de-mama#respond"]}]},{"@type":"WebPage","@id":"https:\/\/www.africa-press.net\/cotedivoire\/politique\/en-cote-divoire-accueil-triomphal-pour-laurent-gbagbo-dans-son-village-natal-de-mama","url":"https:\/\/www.africa-press.net\/cotedivoire\/politique\/en-cote-divoire-accueil-triomphal-pour-laurent-gbagbo-dans-son-village-natal-de-mama","name":"accueil triomphal pour Laurent Gbagbo dans son village natal de Mama - C\u00f4te d&#039;Ivoire","isPartOf":{"@id":"https:\/\/www.africa-press.net\/cotedivoire\/#website"},"primaryImageOfPage":{"@id":"https:\/\/www.africa-press.net\/cotedivoire\/politique\/en-cote-divoire-accueil-triomphal-pour-laurent-gbagbo-dans-son-village-natal-de-mama#primaryimage"},"image":{"@id":"https:\/\/www.africa-press.net\/cotedivoire\/politique\/en-cote-divoire-accueil-triomphal-pour-laurent-gbagbo-dans-son-village-natal-de-mama#primaryimage"},"thumbnailUrl":"https:\/\/static.africa-press.net\/cote\/sites\/43\/2021\/06\/img-60da015e6b17b.jpg","datePublished":"2021-06-28T17:09:49+00:00","dateModified":"2021-06-28T17:54:30+00:00","author":{"@id":"https:\/\/www.africa-press.net\/cotedivoire\/#\/schema\/person\/2b1cf3cd81a31e3cd26889ca66d677f1"},"description":"Plusieurs milliers de personnes ont r\u00e9serv\u00e9 dimanche 27 juin un accueil triomphal \u00e0 l\u2019ancien pr\u00e9sident Laurent Gbagbo da ...","breadcrumb":{"@id":"https:\/\/www.africa-press.net\/cotedivoire\/politique\/en-cote-divoire-accueil-triomphal-pour-laurent-gbagbo-dans-son-village-natal-de-mama#breadcrumb"},"inLanguage":"fr-FR","potentialAction":[{"@type":"ReadAction","target":["https:\/\/www.africa-press.net\/cotedivoire\/politique\/en-cote-divoire-accueil-triomphal-pour-laurent-gbagbo-dans-son-village-natal-de-mama"]}]},{"@type":"ImageObject","inLanguage":"fr-FR","@id":"https:\/\/www.africa-press.net\/cotedivoire\/politique\/en-cote-divoire-accueil-triomphal-pour-laurent-gbagbo-dans-son-village-natal-de-mama#primaryimage","url":"https:\/\/static.africa-press.net\/cote\/sites\/43\/2021\/06\/img-60da015e6b17b.jpg","contentUrl":"https:\/\/static.africa-press.net\/cote\/sites\/43\/2021\/06\/img-60da015e6b17b.jpg","width":1440,"height":720,"caption":"En C\u00f4te d\u2019Ivoire, accueil triomphal pour Laurent Gbagbo dans son village natal de Mama"},{"@type":"BreadcrumbList","@id":"https:\/\/www.africa-press.net\/cotedivoire\/politique\/en-cote-divoire-accueil-triomphal-pour-laurent-gbagbo-dans-son-village-natal-de-mama#breadcrumb","itemListElement":[{"@type":"ListItem","position":1,"name":"Accueil","item":"https:\/\/www.africa-press.net\/cotedivoire\/"},{"@type":"ListItem","position":2,"name":"accueil triomphal pour Laurent Gbagbo dans son village natal de Mama"}]},{"@type":"WebSite","@id":"https:\/\/www.africa-press.net\/cotedivoire\/#website","url":"https:\/\/www.africa-press.net\/cotedivoire\/","name":"C\u00f4te d&#039;Ivoire","description":"Just another Africa News Agency Sites site","potentialAction":[{"@type":"SearchAction","target":{"@type":"EntryPoint","urlTemplate":"https:\/\/www.africa-press.net\/cotedivoire\/?s={search_term_string}"},"query-input":{"@type":"PropertyValueSpecification","valueRequired":true,"valueName":"search_term_string"}}],"inLanguage":"fr-FR"},{"@type":"Person","@id":"https:\/\/www.africa-press.net\/cotedivoire\/#\/schema\/person\/2b1cf3cd81a31e3cd26889ca66d677f1","name":"cfeditorfr"}]}},"_links":{"self":[{"href":"https:\/\/www.africa-press.net\/cotedivoire\/wp-json\/wp\/v2\/posts\/9507","targetHints":{"allow":["GET"]}}],"collection":[{"href":"https:\/\/www.africa-press.net\/cotedivoire\/wp-json\/wp\/v2\/posts"}],"about":[{"href":"https:\/\/www.africa-press.net\/cotedivoire\/wp-json\/wp\/v2\/types\/post"}],"author":[{"embeddable":true,"href":"https:\/\/www.africa-press.net\/cotedivoire\/wp-json\/wp\/v2\/users\/82"}],"replies":[{"embeddable":true,"href":"https:\/\/www.africa-press.net\/cotedivoire\/wp-json\/wp\/v2\/comments?post=9507"}],"version-history":[{"count":0,"href":"https:\/\/www.africa-press.net\/cotedivoire\/wp-json\/wp\/v2\/posts\/9507\/revisions"}],"wp:featuredmedia":[{"embeddable":true,"href":"https:\/\/www.africa-press.net\/cotedivoire\/wp-json\/wp\/v2\/media\/9506"}],"wp:attachment":[{"href":"https:\/\/www.africa-press.net\/cotedivoire\/wp-json\/wp\/v2\/media?parent=9507"}],"wp:term":[{"taxonomy":"category","embeddable":true,"href":"https:\/\/www.africa-press.net\/cotedivoire\/wp-json\/wp\/v2\/categories?post=9507"},{"taxonomy":"post_tag","embeddable":true,"href":"https:\/\/www.africa-press.net\/cotedivoire\/wp-json\/wp\/v2\/tags?post=9507"}],"curies":[{"name":"wp","href":"https:\/\/api.w.org\/{rel}","templated":true}]}}