{"id":95076,"date":"2025-02-13T16:57:54","date_gmt":"2025-02-13T16:57:54","guid":{"rendered":"https:\/\/www.africa-press.net\/cotedivoire\/politique\/lutte-contre-le-blanchiment-des-capitaux-le-gouvernement-cree-le-groupe-de-surveillance-financiere-tout-sur-son-role"},"modified":"2025-02-13T16:57:54","modified_gmt":"2025-02-13T16:57:54","slug":"lutte-contre-le-blanchiment-des-capitaux-le-gouvernement-cree-le-groupe-de-surveillance-financiere-tout-sur-son-role","status":"publish","type":"post","link":"https:\/\/www.africa-press.net\/cotedivoire\/economie\/lutte-contre-le-blanchiment-des-capitaux-le-gouvernement-cree-le-groupe-de-surveillance-financiere-tout-sur-son-role","title":{"rendered":"Lutte contre le blanchiment des capitaux, le gouvernement cr\u00e9e le Groupe de Surveillance Financi\u00e8re, tout sur son r\u00f4le"},"content":{"rendered":"<p><span style=\"color: #ff6600\"><strong>Africa-Press &#8211; C\u00f4te d&rsquo;Ivoire. <\/strong><\/span>Lors de la re\u0301union du Conseil des Ministres tenue ce mercredi 12 fe\u0301vrier 2025 au Palais pre\u0301sidentiel, un de\u0301cret modifiant l\u2019organisation du Ministe\u0300re des Finances et du Budget a e\u0301te\u0301 adopte\u0301.<\/p>\n<p>Cette re\u0301vision vise a\u0300 renforcer la lutte contre le blanchiment des capitaux et le financement du terrorisme, conforme\u0301ment aux dispositions de l\u2019ordonnance n\u00b02022-237 du 30 mars 2022. Ce de\u0301cret introduit la cre\u0301ation du Groupe de Surveillance Financie\u0300re (GSF), un nouvel organe au sein du Ministe\u0300re, dont la mission principale est d&rsquo;assurer un contro\u0302le rigoureux des entite\u0301s soumises a\u0300 la re\u0301glementation, tout en veillant a\u0300 l\u2019application des sanctions administratives relevant de la Direction Ge\u0301ne\u0301rale des Douanes.<\/p>\n<p>Le GSF aura ainsi pour ro\u0302le de structurer et de ge\u0301rer les contro\u0302les financiers, un pilier essentiel dans la mise en \u0153uvre des autorite\u0301s de re\u0301gulation et de sanction en matie\u0300re de lutte contre le blanchiment de capitaux et le financement du terrorisme. Cette initiative s&rsquo;inscrit dans le cadre de l&rsquo;engagement du gouvernement a\u0300 renforcer la se\u0301curite\u0301 financie\u0300re du pays en alignant ses me\u0301canismes de contro\u0302le avec les normes internationales.<\/p>\n<p>En paralle\u0300le, le Conseil a souligne\u0301 l&rsquo;importance de la de\u0301mate\u0301rialisation des marche\u0301s publics. Cette e\u0301volution nume\u0301rique, combine\u0301e a\u0300 la certification de la Direction Ge\u0301ne\u0301rale des Marche\u0301s Publics a\u0300 la norme ISO 9001, impose un re\u0301ame\u0301nagement de plusieurs services pour une meilleure gestion du Syste\u0300me Inte\u0301gre\u0301 de Gestion des Ope\u0301rations des Marche\u0301s Publics (SIGOMAP). Cette re\u0301organisation vise a\u0300 simplifier et se\u0301curiser les processus lie\u0301s aux marche\u0301s publics, en garantissant plus de transparence et d&rsquo;efficacite\u0301.<\/p>\n<p>Le de\u0301cret adopte\u0301 aujourd\u2019hui marque donc une e\u0301tape importante dans la mise en \u0153uvre des re\u0301formes visant a\u0300 moderniser l\u2019administration publique et a\u0300 lutter de manie\u0300re plus effective contre les activite\u0301s financie\u0300res ille\u0301gales.<\/p>\n<p><strong>Pour plus d&rsquo;informations et d&rsquo;analyses sur la <span style=\"color: #ff6600\">C\u00f4te d&rsquo;Ivoire<\/span>, suivez <span style=\"color: #ff6600\">Africa-Press<span style=\"color: #ff6600\"><\/span><\/strong><\/p>\n","protected":false},"excerpt":{"rendered":"<p>Africa-Press &#8211; C\u00f4te d&rsquo;Ivoire. Lors de la re\u0301union du Conseil des Ministres tenue ce mercredi 12 fe\u0301vrier 2025 au Palais pre\u0301sidentiel, un de\u0301cret modifiant l\u2019organisation du Ministe\u0300re des Finances et du Budget a e\u0301te\u0301 adopte\u0301. Cette re\u0301vision vise a\u0300 renforcer la lutte contre le blanchiment des capitaux et le financement du terrorisme, conforme\u0301ment aux dispositions [&hellip;]<\/p>\n","protected":false},"author":82,"featured_media":95075,"comment_status":"open","ping_status":"closed","sticky":false,"template":"","format":"standard","meta":{"footnotes":""},"categories":[3,10],"tags":[37,1746,10836],"class_list":["post-95076","post","type-post","status-publish","format-standard","has-post-thumbnail","hentry","category-economie","category-toutes-les-actualites","tag-cote-divoire-2","tag-decret","tag-sigomap"],"yoast_head":"<!-- This site is optimized with the Yoast SEO Premium plugin v26.1 (Yoast SEO v27.0) - https:\/\/yoast.com\/product\/yoast-seo-premium-wordpress\/ -->\n<title>Lutte contre le blanchiment des capitaux, le gouvernement cr\u00e9e le Groupe de Surveillance Financi\u00e8re, tout sur son r\u00f4le - C\u00f4te d&#039;Ivoire<\/title>\n<meta name=\"robots\" content=\"index, follow, max-snippet:-1, max-image-preview:large, max-video-preview:-1\" \/>\n<link rel=\"canonical\" href=\"https:\/\/www.africa-press.net\/cotedivoire\/politique\/lutte-contre-le-blanchiment-des-capitaux-le-gouvernement-cree-le-groupe-de-surveillance-financiere-tout-sur-son-role\" \/>\n<meta property=\"og:locale\" content=\"fr_FR\" \/>\n<meta property=\"og:type\" content=\"article\" \/>\n<meta property=\"og:title\" content=\"Lutte contre le blanchiment des capitaux, le gouvernement cr\u00e9e le Groupe de Surveillance Financi\u00e8re, tout sur son r\u00f4le\" \/>\n<meta property=\"og:description\" content=\"Africa-Press &#8211; C\u00f4te d&rsquo;Ivoire. Lors de la re\u0301union du Conseil des Ministres tenue ce mercredi 12 fe\u0301vrier 2025 au Palais pre\u0301sidentiel, un de\u0301cret modifiant l\u2019organisation du Ministe\u0300re des Finances et du Budget a e\u0301te\u0301 adopte\u0301. Cette re\u0301vision vise a\u0300 renforcer la lutte contre le blanchiment des capitaux et le financement du terrorisme, conforme\u0301ment aux dispositions [&hellip;]\" \/>\n<meta property=\"og:url\" content=\"https:\/\/www.africa-press.net\/cotedivoire\/politique\/lutte-contre-le-blanchiment-des-capitaux-le-gouvernement-cree-le-groupe-de-surveillance-financiere-tout-sur-son-role\" \/>\n<meta property=\"og:site_name\" content=\"C\u00f4te d&#039;Ivoire\" \/>\n<meta property=\"article:published_time\" content=\"2025-02-13T16:57:54+00:00\" \/>\n<meta name=\"author\" content=\"cfeditorfr\" \/>\n<meta name=\"twitter:card\" content=\"summary_large_image\" \/>\n<meta name=\"twitter:label1\" content=\"\u00c9crit par\" \/>\n\t<meta name=\"twitter:data1\" content=\"cfeditorfr\" \/>\n\t<meta name=\"twitter:label2\" content=\"Dur\u00e9e de lecture estim\u00e9e\" \/>\n\t<meta name=\"twitter:data2\" content=\"2 minutes\" \/>\n<script type=\"application\/ld+json\" class=\"yoast-schema-graph\">{\"@context\":\"https:\/\/schema.org\",\"@graph\":[{\"@type\":\"Article\",\"@id\":\"https:\/\/www.africa-press.net\/cotedivoire\/politique\/lutte-contre-le-blanchiment-des-capitaux-le-gouvernement-cree-le-groupe-de-surveillance-financiere-tout-sur-son-role#article\",\"isPartOf\":{\"@id\":\"https:\/\/www.africa-press.net\/cotedivoire\/politique\/lutte-contre-le-blanchiment-des-capitaux-le-gouvernement-cree-le-groupe-de-surveillance-financiere-tout-sur-son-role\"},\"author\":{\"name\":\"cfeditorfr\",\"@id\":\"https:\/\/www.africa-press.net\/cotedivoire\/#\/schema\/person\/2b1cf3cd81a31e3cd26889ca66d677f1\"},\"headline\":\"Lutte contre le blanchiment des capitaux, le gouvernement cr\u00e9e le Groupe de Surveillance Financi\u00e8re, tout sur son r\u00f4le\",\"datePublished\":\"2025-02-13T16:57:54+00:00\",\"mainEntityOfPage\":{\"@id\":\"https:\/\/www.africa-press.net\/cotedivoire\/politique\/lutte-contre-le-blanchiment-des-capitaux-le-gouvernement-cree-le-groupe-de-surveillance-financiere-tout-sur-son-role\"},\"wordCount\":384,\"commentCount\":0,\"image\":{\"@id\":\"https:\/\/www.africa-press.net\/cotedivoire\/politique\/lutte-contre-le-blanchiment-des-capitaux-le-gouvernement-cree-le-groupe-de-surveillance-financiere-tout-sur-son-role#primaryimage\"},\"thumbnailUrl\":\"https:\/\/static.africa-press.net\/cote\/sites\/43\/2025\/02\/sm_1739456536.78648.jpg\",\"keywords\":[\"C\u00f4te d'Ivoire\",\"d\u00e9cret\",\"SIGOMAP\"],\"articleSection\":[\"\u00c9conomie\",\"Toutes les actualit\u00e9s\"],\"inLanguage\":\"fr-FR\",\"potentialAction\":[{\"@type\":\"CommentAction\",\"name\":\"Comment\",\"target\":[\"https:\/\/www.africa-press.net\/cotedivoire\/politique\/lutte-contre-le-blanchiment-des-capitaux-le-gouvernement-cree-le-groupe-de-surveillance-financiere-tout-sur-son-role#respond\"]}]},{\"@type\":\"WebPage\",\"@id\":\"https:\/\/www.africa-press.net\/cotedivoire\/politique\/lutte-contre-le-blanchiment-des-capitaux-le-gouvernement-cree-le-groupe-de-surveillance-financiere-tout-sur-son-role\",\"url\":\"https:\/\/www.africa-press.net\/cotedivoire\/politique\/lutte-contre-le-blanchiment-des-capitaux-le-gouvernement-cree-le-groupe-de-surveillance-financiere-tout-sur-son-role\",\"name\":\"Lutte contre le blanchiment des capitaux, le gouvernement cr\u00e9e le Groupe de Surveillance Financi\u00e8re, tout sur son r\u00f4le - C\u00f4te d&#039;Ivoire\",\"isPartOf\":{\"@id\":\"https:\/\/www.africa-press.net\/cotedivoire\/#website\"},\"primaryImageOfPage\":{\"@id\":\"https:\/\/www.africa-press.net\/cotedivoire\/politique\/lutte-contre-le-blanchiment-des-capitaux-le-gouvernement-cree-le-groupe-de-surveillance-financiere-tout-sur-son-role#primaryimage\"},\"image\":{\"@id\":\"https:\/\/www.africa-press.net\/cotedivoire\/politique\/lutte-contre-le-blanchiment-des-capitaux-le-gouvernement-cree-le-groupe-de-surveillance-financiere-tout-sur-son-role#primaryimage\"},\"thumbnailUrl\":\"https:\/\/static.africa-press.net\/cote\/sites\/43\/2025\/02\/sm_1739456536.78648.jpg\",\"datePublished\":\"2025-02-13T16:57:54+00:00\",\"author\":{\"@id\":\"https:\/\/www.africa-press.net\/cotedivoire\/#\/schema\/person\/2b1cf3cd81a31e3cd26889ca66d677f1\"},\"breadcrumb\":{\"@id\":\"https:\/\/www.africa-press.net\/cotedivoire\/politique\/lutte-contre-le-blanchiment-des-capitaux-le-gouvernement-cree-le-groupe-de-surveillance-financiere-tout-sur-son-role#breadcrumb\"},\"inLanguage\":\"fr-FR\",\"potentialAction\":[{\"@type\":\"ReadAction\",\"target\":[\"https:\/\/www.africa-press.net\/cotedivoire\/politique\/lutte-contre-le-blanchiment-des-capitaux-le-gouvernement-cree-le-groupe-de-surveillance-financiere-tout-sur-son-role\"]}]},{\"@type\":\"ImageObject\",\"inLanguage\":\"fr-FR\",\"@id\":\"https:\/\/www.africa-press.net\/cotedivoire\/politique\/lutte-contre-le-blanchiment-des-capitaux-le-gouvernement-cree-le-groupe-de-surveillance-financiere-tout-sur-son-role#primaryimage\",\"url\":\"https:\/\/static.africa-press.net\/cote\/sites\/43\/2025\/02\/sm_1739456536.78648.jpg\",\"contentUrl\":\"https:\/\/static.africa-press.net\/cote\/sites\/43\/2025\/02\/sm_1739456536.78648.jpg\",\"width\":720,\"height\":405,\"caption\":\"Lutte contre le blanchiment des capitaux, le gouvernement cr\u00e9e le Groupe de Surveillance Financi\u00e8re, tout sur son r\u00f4le\"},{\"@type\":\"BreadcrumbList\",\"@id\":\"https:\/\/www.africa-press.net\/cotedivoire\/politique\/lutte-contre-le-blanchiment-des-capitaux-le-gouvernement-cree-le-groupe-de-surveillance-financiere-tout-sur-son-role#breadcrumb\",\"itemListElement\":[{\"@type\":\"ListItem\",\"position\":1,\"name\":\"Accueil\",\"item\":\"https:\/\/www.africa-press.net\/cotedivoire\/\"},{\"@type\":\"ListItem\",\"position\":2,\"name\":\"Lutte contre le blanchiment des capitaux, le gouvernement cr\u00e9e le Groupe de Surveillance Financi\u00e8re, tout sur son r\u00f4le\"}]},{\"@type\":\"WebSite\",\"@id\":\"https:\/\/www.africa-press.net\/cotedivoire\/#website\",\"url\":\"https:\/\/www.africa-press.net\/cotedivoire\/\",\"name\":\"C\u00f4te d&#039;Ivoire\",\"description\":\"Just another Africa News Agency Sites site\",\"potentialAction\":[{\"@type\":\"SearchAction\",\"target\":{\"@type\":\"EntryPoint\",\"urlTemplate\":\"https:\/\/www.africa-press.net\/cotedivoire\/?s={search_term_string}\"},\"query-input\":{\"@type\":\"PropertyValueSpecification\",\"valueRequired\":true,\"valueName\":\"search_term_string\"}}],\"inLanguage\":\"fr-FR\"},{\"@type\":\"Person\",\"@id\":\"https:\/\/www.africa-press.net\/cotedivoire\/#\/schema\/person\/2b1cf3cd81a31e3cd26889ca66d677f1\",\"name\":\"cfeditorfr\"}]}<\/script>\n<!-- \/ Yoast SEO Premium plugin. -->","yoast_head_json":{"title":"Lutte contre le blanchiment des capitaux, le gouvernement cr\u00e9e le Groupe de Surveillance Financi\u00e8re, tout sur son r\u00f4le - C\u00f4te d&#039;Ivoire","robots":{"index":"index","follow":"follow","max-snippet":"max-snippet:-1","max-image-preview":"max-image-preview:large","max-video-preview":"max-video-preview:-1"},"canonical":"https:\/\/www.africa-press.net\/cotedivoire\/politique\/lutte-contre-le-blanchiment-des-capitaux-le-gouvernement-cree-le-groupe-de-surveillance-financiere-tout-sur-son-role","og_locale":"fr_FR","og_type":"article","og_title":"Lutte contre le blanchiment des capitaux, le gouvernement cr\u00e9e le Groupe de Surveillance Financi\u00e8re, tout sur son r\u00f4le","og_description":"Africa-Press &#8211; C\u00f4te d&rsquo;Ivoire. Lors de la re\u0301union du Conseil des Ministres tenue ce mercredi 12 fe\u0301vrier 2025 au Palais pre\u0301sidentiel, un de\u0301cret modifiant l\u2019organisation du Ministe\u0300re des Finances et du Budget a e\u0301te\u0301 adopte\u0301. Cette re\u0301vision vise a\u0300 renforcer la lutte contre le blanchiment des capitaux et le financement du terrorisme, conforme\u0301ment aux dispositions [&hellip;]","og_url":"https:\/\/www.africa-press.net\/cotedivoire\/politique\/lutte-contre-le-blanchiment-des-capitaux-le-gouvernement-cree-le-groupe-de-surveillance-financiere-tout-sur-son-role","og_site_name":"C\u00f4te d&#039;Ivoire","article_published_time":"2025-02-13T16:57:54+00:00","author":"cfeditorfr","twitter_card":"summary_large_image","twitter_misc":{"\u00c9crit par":"cfeditorfr","Dur\u00e9e de lecture estim\u00e9e":"2 minutes"},"schema":{"@context":"https:\/\/schema.org","@graph":[{"@type":"Article","@id":"https:\/\/www.africa-press.net\/cotedivoire\/politique\/lutte-contre-le-blanchiment-des-capitaux-le-gouvernement-cree-le-groupe-de-surveillance-financiere-tout-sur-son-role#article","isPartOf":{"@id":"https:\/\/www.africa-press.net\/cotedivoire\/politique\/lutte-contre-le-blanchiment-des-capitaux-le-gouvernement-cree-le-groupe-de-surveillance-financiere-tout-sur-son-role"},"author":{"name":"cfeditorfr","@id":"https:\/\/www.africa-press.net\/cotedivoire\/#\/schema\/person\/2b1cf3cd81a31e3cd26889ca66d677f1"},"headline":"Lutte contre le blanchiment des capitaux, le gouvernement cr\u00e9e le Groupe de Surveillance Financi\u00e8re, tout sur son r\u00f4le","datePublished":"2025-02-13T16:57:54+00:00","mainEntityOfPage":{"@id":"https:\/\/www.africa-press.net\/cotedivoire\/politique\/lutte-contre-le-blanchiment-des-capitaux-le-gouvernement-cree-le-groupe-de-surveillance-financiere-tout-sur-son-role"},"wordCount":384,"commentCount":0,"image":{"@id":"https:\/\/www.africa-press.net\/cotedivoire\/politique\/lutte-contre-le-blanchiment-des-capitaux-le-gouvernement-cree-le-groupe-de-surveillance-financiere-tout-sur-son-role#primaryimage"},"thumbnailUrl":"https:\/\/static.africa-press.net\/cote\/sites\/43\/2025\/02\/sm_1739456536.78648.jpg","keywords":["C\u00f4te d'Ivoire","d\u00e9cret","SIGOMAP"],"articleSection":["\u00c9conomie","Toutes les actualit\u00e9s"],"inLanguage":"fr-FR","potentialAction":[{"@type":"CommentAction","name":"Comment","target":["https:\/\/www.africa-press.net\/cotedivoire\/politique\/lutte-contre-le-blanchiment-des-capitaux-le-gouvernement-cree-le-groupe-de-surveillance-financiere-tout-sur-son-role#respond"]}]},{"@type":"WebPage","@id":"https:\/\/www.africa-press.net\/cotedivoire\/politique\/lutte-contre-le-blanchiment-des-capitaux-le-gouvernement-cree-le-groupe-de-surveillance-financiere-tout-sur-son-role","url":"https:\/\/www.africa-press.net\/cotedivoire\/politique\/lutte-contre-le-blanchiment-des-capitaux-le-gouvernement-cree-le-groupe-de-surveillance-financiere-tout-sur-son-role","name":"Lutte contre le blanchiment des capitaux, le gouvernement cr\u00e9e le Groupe de Surveillance Financi\u00e8re, tout sur son r\u00f4le - C\u00f4te d&#039;Ivoire","isPartOf":{"@id":"https:\/\/www.africa-press.net\/cotedivoire\/#website"},"primaryImageOfPage":{"@id":"https:\/\/www.africa-press.net\/cotedivoire\/politique\/lutte-contre-le-blanchiment-des-capitaux-le-gouvernement-cree-le-groupe-de-surveillance-financiere-tout-sur-son-role#primaryimage"},"image":{"@id":"https:\/\/www.africa-press.net\/cotedivoire\/politique\/lutte-contre-le-blanchiment-des-capitaux-le-gouvernement-cree-le-groupe-de-surveillance-financiere-tout-sur-son-role#primaryimage"},"thumbnailUrl":"https:\/\/static.africa-press.net\/cote\/sites\/43\/2025\/02\/sm_1739456536.78648.jpg","datePublished":"2025-02-13T16:57:54+00:00","author":{"@id":"https:\/\/www.africa-press.net\/cotedivoire\/#\/schema\/person\/2b1cf3cd81a31e3cd26889ca66d677f1"},"breadcrumb":{"@id":"https:\/\/www.africa-press.net\/cotedivoire\/politique\/lutte-contre-le-blanchiment-des-capitaux-le-gouvernement-cree-le-groupe-de-surveillance-financiere-tout-sur-son-role#breadcrumb"},"inLanguage":"fr-FR","potentialAction":[{"@type":"ReadAction","target":["https:\/\/www.africa-press.net\/cotedivoire\/politique\/lutte-contre-le-blanchiment-des-capitaux-le-gouvernement-cree-le-groupe-de-surveillance-financiere-tout-sur-son-role"]}]},{"@type":"ImageObject","inLanguage":"fr-FR","@id":"https:\/\/www.africa-press.net\/cotedivoire\/politique\/lutte-contre-le-blanchiment-des-capitaux-le-gouvernement-cree-le-groupe-de-surveillance-financiere-tout-sur-son-role#primaryimage","url":"https:\/\/static.africa-press.net\/cote\/sites\/43\/2025\/02\/sm_1739456536.78648.jpg","contentUrl":"https:\/\/static.africa-press.net\/cote\/sites\/43\/2025\/02\/sm_1739456536.78648.jpg","width":720,"height":405,"caption":"Lutte contre le blanchiment des capitaux, le gouvernement cr\u00e9e le Groupe de Surveillance Financi\u00e8re, tout sur son r\u00f4le"},{"@type":"BreadcrumbList","@id":"https:\/\/www.africa-press.net\/cotedivoire\/politique\/lutte-contre-le-blanchiment-des-capitaux-le-gouvernement-cree-le-groupe-de-surveillance-financiere-tout-sur-son-role#breadcrumb","itemListElement":[{"@type":"ListItem","position":1,"name":"Accueil","item":"https:\/\/www.africa-press.net\/cotedivoire\/"},{"@type":"ListItem","position":2,"name":"Lutte contre le blanchiment des capitaux, le gouvernement cr\u00e9e le Groupe de Surveillance Financi\u00e8re, tout sur son r\u00f4le"}]},{"@type":"WebSite","@id":"https:\/\/www.africa-press.net\/cotedivoire\/#website","url":"https:\/\/www.africa-press.net\/cotedivoire\/","name":"C\u00f4te d&#039;Ivoire","description":"Just another Africa News Agency Sites site","potentialAction":[{"@type":"SearchAction","target":{"@type":"EntryPoint","urlTemplate":"https:\/\/www.africa-press.net\/cotedivoire\/?s={search_term_string}"},"query-input":{"@type":"PropertyValueSpecification","valueRequired":true,"valueName":"search_term_string"}}],"inLanguage":"fr-FR"},{"@type":"Person","@id":"https:\/\/www.africa-press.net\/cotedivoire\/#\/schema\/person\/2b1cf3cd81a31e3cd26889ca66d677f1","name":"cfeditorfr"}]}},"_links":{"self":[{"href":"https:\/\/www.africa-press.net\/cotedivoire\/wp-json\/wp\/v2\/posts\/95076","targetHints":{"allow":["GET"]}}],"collection":[{"href":"https:\/\/www.africa-press.net\/cotedivoire\/wp-json\/wp\/v2\/posts"}],"about":[{"href":"https:\/\/www.africa-press.net\/cotedivoire\/wp-json\/wp\/v2\/types\/post"}],"author":[{"embeddable":true,"href":"https:\/\/www.africa-press.net\/cotedivoire\/wp-json\/wp\/v2\/users\/82"}],"replies":[{"embeddable":true,"href":"https:\/\/www.africa-press.net\/cotedivoire\/wp-json\/wp\/v2\/comments?post=95076"}],"version-history":[{"count":0,"href":"https:\/\/www.africa-press.net\/cotedivoire\/wp-json\/wp\/v2\/posts\/95076\/revisions"}],"wp:featuredmedia":[{"embeddable":true,"href":"https:\/\/www.africa-press.net\/cotedivoire\/wp-json\/wp\/v2\/media\/95075"}],"wp:attachment":[{"href":"https:\/\/www.africa-press.net\/cotedivoire\/wp-json\/wp\/v2\/media?parent=95076"}],"wp:term":[{"taxonomy":"category","embeddable":true,"href":"https:\/\/www.africa-press.net\/cotedivoire\/wp-json\/wp\/v2\/categories?post=95076"},{"taxonomy":"post_tag","embeddable":true,"href":"https:\/\/www.africa-press.net\/cotedivoire\/wp-json\/wp\/v2\/tags?post=95076"}],"curies":[{"name":"wp","href":"https:\/\/api.w.org\/{rel}","templated":true}]}}