{"id":95090,"date":"2025-02-13T17:10:51","date_gmt":"2025-02-13T17:10:51","guid":{"rendered":"https:\/\/www.africa-press.net\/cotedivoire\/politique\/trois-cadres-du-ppa-ci-condamnes-a-de-lourdes-peines-le-parti-de-gbagbo-denonce-une-instrumentalisation-politique-de-la-justice"},"modified":"2025-02-13T17:10:51","modified_gmt":"2025-02-13T17:10:51","slug":"trois-cadres-du-ppa-ci-condamnes-a-de-lourdes-peines-le-parti-de-gbagbo-denonce-une-instrumentalisation-politique-de-la-justice","status":"publish","type":"post","link":"https:\/\/www.africa-press.net\/cotedivoire\/politique\/trois-cadres-du-ppa-ci-condamnes-a-de-lourdes-peines-le-parti-de-gbagbo-denonce-une-instrumentalisation-politique-de-la-justice","title":{"rendered":"Trois cadres du PPA-CI condamn\u00e9s \u00e0 de lourdes peines, le parti de Gbagbo d\u00e9nonce une instrumentalisation politique de la justice"},"content":{"rendered":"<p><span style=\"color: #ff6600\"><strong>Africa-Press &#8211; C\u00f4te d&rsquo;Ivoire. <\/strong><\/span>La justice ivoirienne a rendu hier mercredi 12 fe\u0301vrier 2025, un verdict a\u0300 l\u2019encontre de trois cadres du Parti des Peuples Africains \u2013 Co\u0302te d\u2019Ivoire (PPA-CI).<\/p>\n<p>Messieurs Damana Adia Pickass, 2e\u0300me Vice-pre\u0301sident du Conseil strate\u0301gique et politique (CSP), Banouakou Koua Justin, Secre\u0301taire ge\u0301ne\u0301ral adjoint, et Ikpo Lagui, membre du bureau de la fe\u0301de\u0301ration de Yopougon, ont e\u0301te\u0301 condamne\u0301s a\u0300 dix ans d\u2019emprisonnement ferme, cinq ans de privation de droits civils et politiques pour le premier, et cinq ans d\u2019interdiction de parai\u0302tre en certains lieux du territoire national pour les trois personnalite\u0301s.<\/p>\n<p>Ces condamnations, qui interviennent apre\u0300s des anne\u0301es de proce\u0301dures judiciaires, sont perc\u0327ues par le PPA-CI comme une man\u0153uvre politique visant a\u0300 affaiblir le parti et son leader, l\u2019ancien pre\u0301sident Laurent Gbagbo.<\/p>\n<p>Les accusations porte\u0301es contre ces cadres du PPA-CI sont familie\u0300res: atteinte a\u0300 la de\u0301fense nationale, atteinte a\u0300 la su\u0302rete\u0301 de l\u2019E\u0301tat, entre autres. Ces chefs d\u2019inculpation, souvent invoque\u0301s contre les proches de Laurent Gbagbo depuis son renversement en avril 2011, sont de\u0301nonce\u0301s par le parti comme e\u0301tant des pre\u0301textes pour justifier une perse\u0301cution judiciaire syste\u0301matique.<\/p>\n<p>Pour le PPA-CI, ces condamnations ne sont que la continuation d\u2019une strate\u0301gie visant a\u0300 e\u0301liminer toute opposition cre\u0301dible a\u0300 l\u2019approche de l\u2019e\u0301lection pre\u0301sidentielle d\u2019octobre 2025, pour laquelle Laurent Gbagbo a e\u0301te\u0301 de\u0301signe\u0301 candidat.<\/p>\n<p>Dans une de\u0301claration rendue publique ce jeudi 13 fe\u0301vrier 2025, le PPA-CI a vivement condamne\u0301 ce qu\u2019il qualifie d\u2019\u00ab instrumentalisation outrancie\u0300re de la justice ivoirienne \u00bb.<\/p>\n<p>Le parti accuse le re\u0301gime du Rassemblement des Houphoue\u0308tistes pour la De\u0301mocratie et la Paix (RHDP) d\u2019utiliser les institutions judiciaires comme un outil de re\u0301pression politique, re\u0301duisant les magistrats a\u0300 de simples exe\u0301cutants de de\u0301cisions prises en haut lieu. \u00ab Ces parodies de proce\u0300s ne servent qu\u2019a\u0300 infantiliser la justice et a\u0300 intimider nos militants \u00bb, a de\u0301clare\u0301 un porte-parole du parti, Jean Tcheide\u0301 Gervais.<\/p>\n<p>Le PPA-CI a e\u0301galement re\u0301affirme\u0301 sa de\u0301termination a\u0300 poursuivre son combat pour une Co\u0302te d\u2019Ivoire re\u0301concilie\u0301e, de\u0301mocratique et souveraine. Le parti refuse de se laisser intimider par ce qu\u2019il conside\u0300re comme des man\u0153uvres de harce\u0300lement et de perse\u0301cution orchestre\u0301es par le pouvoir en place. \u00ab Nous ne ce\u0301derons pas a\u0300 la pression. Notre engagement en faveur de la de\u0301mocratie et de la paix reste intact \u00bb, a-t-il martele\u0301.<\/p>\n<p>Par ailleurs, le PPA-CI a alerte\u0301 l\u2019opinion publique nationale et internationale sur les risques que ces condamnations font peser sur la stabilite\u0301 du pays. Le parti estime que le re\u0301gime RHDP, par ses actions, met en pe\u0301ril la paix en Co\u0302te d\u2019Ivoire. \u00ab Le pouvoir actuel porte l\u2019entie\u0300re responsabilite\u0301 de toute crise qui pourrait survenir. Leur volonte\u0301 manifeste de museler l\u2019opposition, en l\u2019occurrence le PPA-CI, est une menace directe pour la de\u0301mocratie et la stabilite\u0301 de notre pays \u00bb, a-t-il averti.<\/p>\n<p>Enfin, le PPA-CI a appele\u0301 a\u0300 des discussions politiques responsables entre les diffe\u0301rents acteurs concerne\u0301s, soulignant que la que\u0302te d\u2019e\u0301lections apaise\u0301es en 2025 ne\u0301cessite un dialogue inclusif et transparent. \u00ab La de\u0301mocratie ne se construit pas dans la re\u0301pression et l\u2019exclusion, mais dans le dialogue et le respect des droits de tous \u00bb, a conclu le parti.<\/p>\n<p>Cette affaire, qui s\u2019inscrit dans un contexte politique tendu a\u0300 l\u2019approche des e\u0301lections pre\u0301sidentielles, risque de polariser davantage le paysage politique ivoirien.<\/p>\n<p><strong>Pour plus d&rsquo;informations et d&rsquo;analyses sur la <span style=\"color: #ff6600\">C\u00f4te d&rsquo;Ivoire<\/span>, suivez <span style=\"color: #ff6600\">Africa-Press<span style=\"color: #ff6600\"><\/span><\/strong><\/p>\n","protected":false},"excerpt":{"rendered":"<p>Africa-Press &#8211; C\u00f4te d&rsquo;Ivoire. La justice ivoirienne a rendu hier mercredi 12 fe\u0301vrier 2025, un verdict a\u0300 l\u2019encontre de trois cadres du Parti des Peuples Africains \u2013 Co\u0302te d\u2019Ivoire (PPA-CI). Messieurs Damana Adia Pickass, 2e\u0300me Vice-pre\u0301sident du Conseil strate\u0301gique et politique (CSP), Banouakou Koua Justin, Secre\u0301taire ge\u0301ne\u0301ral adjoint, et Ikpo Lagui, membre du bureau de [&hellip;]<\/p>\n","protected":false},"author":82,"featured_media":95089,"comment_status":"open","ping_status":"closed","sticky":false,"template":"","format":"standard","meta":{"footnotes":""},"categories":[2,20,10],"tags":[37,1209,320,55,16779,10655,1233,1952,371],"class_list":["post-95090","post","type-post","status-publish","format-standard","has-post-thumbnail","hentry","category-politique","category-top-nouvelles","category-toutes-les-actualites","tag-cote-divoire-2","tag-damana","tag-gbagbo","tag-justice","tag-justin","tag-koua","tag-pickass","tag-ppa-ci","tag-rhdp"],"yoast_head":"<!-- This site is optimized with the Yoast SEO Premium plugin v26.1 (Yoast SEO v27.0) - https:\/\/yoast.com\/product\/yoast-seo-premium-wordpress\/ -->\n<title>Trois cadres du PPA-CI condamn\u00e9s \u00e0 de lourdes peines, le parti de Gbagbo d\u00e9nonce une instrumentalisation politique de la justice - C\u00f4te d&#039;Ivoire<\/title>\n<meta name=\"robots\" content=\"index, follow, max-snippet:-1, max-image-preview:large, max-video-preview:-1\" \/>\n<link rel=\"canonical\" href=\"https:\/\/www.africa-press.net\/cotedivoire\/politique\/trois-cadres-du-ppa-ci-condamnes-a-de-lourdes-peines-le-parti-de-gbagbo-denonce-une-instrumentalisation-politique-de-la-justice\" \/>\n<meta property=\"og:locale\" content=\"fr_FR\" \/>\n<meta property=\"og:type\" content=\"article\" \/>\n<meta property=\"og:title\" content=\"Trois cadres du PPA-CI condamn\u00e9s \u00e0 de lourdes peines, le parti de Gbagbo d\u00e9nonce une instrumentalisation politique de la justice\" \/>\n<meta property=\"og:description\" content=\"Africa-Press &#8211; C\u00f4te d&rsquo;Ivoire. La justice ivoirienne a rendu hier mercredi 12 fe\u0301vrier 2025, un verdict a\u0300 l\u2019encontre de trois cadres du Parti des Peuples Africains \u2013 Co\u0302te d\u2019Ivoire (PPA-CI). Messieurs Damana Adia Pickass, 2e\u0300me Vice-pre\u0301sident du Conseil strate\u0301gique et politique (CSP), Banouakou Koua Justin, Secre\u0301taire ge\u0301ne\u0301ral adjoint, et Ikpo Lagui, membre du bureau de [&hellip;]\" \/>\n<meta property=\"og:url\" content=\"https:\/\/www.africa-press.net\/cotedivoire\/politique\/trois-cadres-du-ppa-ci-condamnes-a-de-lourdes-peines-le-parti-de-gbagbo-denonce-une-instrumentalisation-politique-de-la-justice\" \/>\n<meta property=\"og:site_name\" content=\"C\u00f4te d&#039;Ivoire\" \/>\n<meta property=\"article:published_time\" content=\"2025-02-13T17:10:51+00:00\" \/>\n<meta name=\"author\" content=\"cfeditorfr\" \/>\n<meta name=\"twitter:card\" content=\"summary_large_image\" \/>\n<meta name=\"twitter:label1\" content=\"\u00c9crit par\" \/>\n\t<meta name=\"twitter:data1\" content=\"cfeditorfr\" \/>\n\t<meta name=\"twitter:label2\" content=\"Dur\u00e9e de lecture estim\u00e9e\" \/>\n\t<meta name=\"twitter:data2\" content=\"3 minutes\" \/>\n<script type=\"application\/ld+json\" class=\"yoast-schema-graph\">{\"@context\":\"https:\/\/schema.org\",\"@graph\":[{\"@type\":\"Article\",\"@id\":\"https:\/\/www.africa-press.net\/cotedivoire\/politique\/trois-cadres-du-ppa-ci-condamnes-a-de-lourdes-peines-le-parti-de-gbagbo-denonce-une-instrumentalisation-politique-de-la-justice#article\",\"isPartOf\":{\"@id\":\"https:\/\/www.africa-press.net\/cotedivoire\/politique\/trois-cadres-du-ppa-ci-condamnes-a-de-lourdes-peines-le-parti-de-gbagbo-denonce-une-instrumentalisation-politique-de-la-justice\"},\"author\":{\"name\":\"cfeditorfr\",\"@id\":\"https:\/\/www.africa-press.net\/cotedivoire\/#\/schema\/person\/2b1cf3cd81a31e3cd26889ca66d677f1\"},\"headline\":\"Trois cadres du PPA-CI condamn\u00e9s \u00e0 de lourdes peines, le parti de Gbagbo d\u00e9nonce une instrumentalisation politique de la justice\",\"datePublished\":\"2025-02-13T17:10:51+00:00\",\"mainEntityOfPage\":{\"@id\":\"https:\/\/www.africa-press.net\/cotedivoire\/politique\/trois-cadres-du-ppa-ci-condamnes-a-de-lourdes-peines-le-parti-de-gbagbo-denonce-une-instrumentalisation-politique-de-la-justice\"},\"wordCount\":659,\"commentCount\":0,\"image\":{\"@id\":\"https:\/\/www.africa-press.net\/cotedivoire\/politique\/trois-cadres-du-ppa-ci-condamnes-a-de-lourdes-peines-le-parti-de-gbagbo-denonce-une-instrumentalisation-politique-de-la-justice#primaryimage\"},\"thumbnailUrl\":\"https:\/\/static.africa-press.net\/cote\/sites\/43\/2025\/02\/sm_1739456627.199681.jpg\",\"keywords\":[\"C\u00f4te d'Ivoire\",\"Damana\",\"Gbagbo\",\"Justice\",\"Justin\",\"Koua\",\"Pickass\",\"PPA-CI\",\"RHDP\"],\"articleSection\":[\"Politique\",\"Top Nouvelles\",\"Toutes les actualit\u00e9s\"],\"inLanguage\":\"fr-FR\",\"potentialAction\":[{\"@type\":\"CommentAction\",\"name\":\"Comment\",\"target\":[\"https:\/\/www.africa-press.net\/cotedivoire\/politique\/trois-cadres-du-ppa-ci-condamnes-a-de-lourdes-peines-le-parti-de-gbagbo-denonce-une-instrumentalisation-politique-de-la-justice#respond\"]}]},{\"@type\":\"WebPage\",\"@id\":\"https:\/\/www.africa-press.net\/cotedivoire\/politique\/trois-cadres-du-ppa-ci-condamnes-a-de-lourdes-peines-le-parti-de-gbagbo-denonce-une-instrumentalisation-politique-de-la-justice\",\"url\":\"https:\/\/www.africa-press.net\/cotedivoire\/politique\/trois-cadres-du-ppa-ci-condamnes-a-de-lourdes-peines-le-parti-de-gbagbo-denonce-une-instrumentalisation-politique-de-la-justice\",\"name\":\"Trois cadres du PPA-CI condamn\u00e9s \u00e0 de lourdes peines, le parti de Gbagbo d\u00e9nonce une instrumentalisation politique de la justice - C\u00f4te d&#039;Ivoire\",\"isPartOf\":{\"@id\":\"https:\/\/www.africa-press.net\/cotedivoire\/#website\"},\"primaryImageOfPage\":{\"@id\":\"https:\/\/www.africa-press.net\/cotedivoire\/politique\/trois-cadres-du-ppa-ci-condamnes-a-de-lourdes-peines-le-parti-de-gbagbo-denonce-une-instrumentalisation-politique-de-la-justice#primaryimage\"},\"image\":{\"@id\":\"https:\/\/www.africa-press.net\/cotedivoire\/politique\/trois-cadres-du-ppa-ci-condamnes-a-de-lourdes-peines-le-parti-de-gbagbo-denonce-une-instrumentalisation-politique-de-la-justice#primaryimage\"},\"thumbnailUrl\":\"https:\/\/static.africa-press.net\/cote\/sites\/43\/2025\/02\/sm_1739456627.199681.jpg\",\"datePublished\":\"2025-02-13T17:10:51+00:00\",\"author\":{\"@id\":\"https:\/\/www.africa-press.net\/cotedivoire\/#\/schema\/person\/2b1cf3cd81a31e3cd26889ca66d677f1\"},\"breadcrumb\":{\"@id\":\"https:\/\/www.africa-press.net\/cotedivoire\/politique\/trois-cadres-du-ppa-ci-condamnes-a-de-lourdes-peines-le-parti-de-gbagbo-denonce-une-instrumentalisation-politique-de-la-justice#breadcrumb\"},\"inLanguage\":\"fr-FR\",\"potentialAction\":[{\"@type\":\"ReadAction\",\"target\":[\"https:\/\/www.africa-press.net\/cotedivoire\/politique\/trois-cadres-du-ppa-ci-condamnes-a-de-lourdes-peines-le-parti-de-gbagbo-denonce-une-instrumentalisation-politique-de-la-justice\"]}]},{\"@type\":\"ImageObject\",\"inLanguage\":\"fr-FR\",\"@id\":\"https:\/\/www.africa-press.net\/cotedivoire\/politique\/trois-cadres-du-ppa-ci-condamnes-a-de-lourdes-peines-le-parti-de-gbagbo-denonce-une-instrumentalisation-politique-de-la-justice#primaryimage\",\"url\":\"https:\/\/static.africa-press.net\/cote\/sites\/43\/2025\/02\/sm_1739456627.199681.jpg\",\"contentUrl\":\"https:\/\/static.africa-press.net\/cote\/sites\/43\/2025\/02\/sm_1739456627.199681.jpg\",\"width\":720,\"height\":348,\"caption\":\"Trois cadres du PPA-CI condamn\u00e9s \u00e0 de lourdes peines, le parti de Gbagbo d\u00e9nonce une instrumentalisation politique de la justice\"},{\"@type\":\"BreadcrumbList\",\"@id\":\"https:\/\/www.africa-press.net\/cotedivoire\/politique\/trois-cadres-du-ppa-ci-condamnes-a-de-lourdes-peines-le-parti-de-gbagbo-denonce-une-instrumentalisation-politique-de-la-justice#breadcrumb\",\"itemListElement\":[{\"@type\":\"ListItem\",\"position\":1,\"name\":\"Accueil\",\"item\":\"https:\/\/www.africa-press.net\/cotedivoire\/\"},{\"@type\":\"ListItem\",\"position\":2,\"name\":\"Trois cadres du PPA-CI condamn\u00e9s \u00e0 de lourdes peines, le parti de Gbagbo d\u00e9nonce une instrumentalisation politique de la justice\"}]},{\"@type\":\"WebSite\",\"@id\":\"https:\/\/www.africa-press.net\/cotedivoire\/#website\",\"url\":\"https:\/\/www.africa-press.net\/cotedivoire\/\",\"name\":\"C\u00f4te d&#039;Ivoire\",\"description\":\"Just another Africa News Agency Sites site\",\"potentialAction\":[{\"@type\":\"SearchAction\",\"target\":{\"@type\":\"EntryPoint\",\"urlTemplate\":\"https:\/\/www.africa-press.net\/cotedivoire\/?s={search_term_string}\"},\"query-input\":{\"@type\":\"PropertyValueSpecification\",\"valueRequired\":true,\"valueName\":\"search_term_string\"}}],\"inLanguage\":\"fr-FR\"},{\"@type\":\"Person\",\"@id\":\"https:\/\/www.africa-press.net\/cotedivoire\/#\/schema\/person\/2b1cf3cd81a31e3cd26889ca66d677f1\",\"name\":\"cfeditorfr\"}]}<\/script>\n<!-- \/ Yoast SEO Premium plugin. -->","yoast_head_json":{"title":"Trois cadres du PPA-CI condamn\u00e9s \u00e0 de lourdes peines, le parti de Gbagbo d\u00e9nonce une instrumentalisation politique de la justice - C\u00f4te d&#039;Ivoire","robots":{"index":"index","follow":"follow","max-snippet":"max-snippet:-1","max-image-preview":"max-image-preview:large","max-video-preview":"max-video-preview:-1"},"canonical":"https:\/\/www.africa-press.net\/cotedivoire\/politique\/trois-cadres-du-ppa-ci-condamnes-a-de-lourdes-peines-le-parti-de-gbagbo-denonce-une-instrumentalisation-politique-de-la-justice","og_locale":"fr_FR","og_type":"article","og_title":"Trois cadres du PPA-CI condamn\u00e9s \u00e0 de lourdes peines, le parti de Gbagbo d\u00e9nonce une instrumentalisation politique de la justice","og_description":"Africa-Press &#8211; C\u00f4te d&rsquo;Ivoire. La justice ivoirienne a rendu hier mercredi 12 fe\u0301vrier 2025, un verdict a\u0300 l\u2019encontre de trois cadres du Parti des Peuples Africains \u2013 Co\u0302te d\u2019Ivoire (PPA-CI). Messieurs Damana Adia Pickass, 2e\u0300me Vice-pre\u0301sident du Conseil strate\u0301gique et politique (CSP), Banouakou Koua Justin, Secre\u0301taire ge\u0301ne\u0301ral adjoint, et Ikpo Lagui, membre du bureau de [&hellip;]","og_url":"https:\/\/www.africa-press.net\/cotedivoire\/politique\/trois-cadres-du-ppa-ci-condamnes-a-de-lourdes-peines-le-parti-de-gbagbo-denonce-une-instrumentalisation-politique-de-la-justice","og_site_name":"C\u00f4te d&#039;Ivoire","article_published_time":"2025-02-13T17:10:51+00:00","author":"cfeditorfr","twitter_card":"summary_large_image","twitter_misc":{"\u00c9crit par":"cfeditorfr","Dur\u00e9e de lecture estim\u00e9e":"3 minutes"},"schema":{"@context":"https:\/\/schema.org","@graph":[{"@type":"Article","@id":"https:\/\/www.africa-press.net\/cotedivoire\/politique\/trois-cadres-du-ppa-ci-condamnes-a-de-lourdes-peines-le-parti-de-gbagbo-denonce-une-instrumentalisation-politique-de-la-justice#article","isPartOf":{"@id":"https:\/\/www.africa-press.net\/cotedivoire\/politique\/trois-cadres-du-ppa-ci-condamnes-a-de-lourdes-peines-le-parti-de-gbagbo-denonce-une-instrumentalisation-politique-de-la-justice"},"author":{"name":"cfeditorfr","@id":"https:\/\/www.africa-press.net\/cotedivoire\/#\/schema\/person\/2b1cf3cd81a31e3cd26889ca66d677f1"},"headline":"Trois cadres du PPA-CI condamn\u00e9s \u00e0 de lourdes peines, le parti de Gbagbo d\u00e9nonce une instrumentalisation politique de la justice","datePublished":"2025-02-13T17:10:51+00:00","mainEntityOfPage":{"@id":"https:\/\/www.africa-press.net\/cotedivoire\/politique\/trois-cadres-du-ppa-ci-condamnes-a-de-lourdes-peines-le-parti-de-gbagbo-denonce-une-instrumentalisation-politique-de-la-justice"},"wordCount":659,"commentCount":0,"image":{"@id":"https:\/\/www.africa-press.net\/cotedivoire\/politique\/trois-cadres-du-ppa-ci-condamnes-a-de-lourdes-peines-le-parti-de-gbagbo-denonce-une-instrumentalisation-politique-de-la-justice#primaryimage"},"thumbnailUrl":"https:\/\/static.africa-press.net\/cote\/sites\/43\/2025\/02\/sm_1739456627.199681.jpg","keywords":["C\u00f4te d'Ivoire","Damana","Gbagbo","Justice","Justin","Koua","Pickass","PPA-CI","RHDP"],"articleSection":["Politique","Top Nouvelles","Toutes les actualit\u00e9s"],"inLanguage":"fr-FR","potentialAction":[{"@type":"CommentAction","name":"Comment","target":["https:\/\/www.africa-press.net\/cotedivoire\/politique\/trois-cadres-du-ppa-ci-condamnes-a-de-lourdes-peines-le-parti-de-gbagbo-denonce-une-instrumentalisation-politique-de-la-justice#respond"]}]},{"@type":"WebPage","@id":"https:\/\/www.africa-press.net\/cotedivoire\/politique\/trois-cadres-du-ppa-ci-condamnes-a-de-lourdes-peines-le-parti-de-gbagbo-denonce-une-instrumentalisation-politique-de-la-justice","url":"https:\/\/www.africa-press.net\/cotedivoire\/politique\/trois-cadres-du-ppa-ci-condamnes-a-de-lourdes-peines-le-parti-de-gbagbo-denonce-une-instrumentalisation-politique-de-la-justice","name":"Trois cadres du PPA-CI condamn\u00e9s \u00e0 de lourdes peines, le parti de Gbagbo d\u00e9nonce une instrumentalisation politique de la justice - C\u00f4te d&#039;Ivoire","isPartOf":{"@id":"https:\/\/www.africa-press.net\/cotedivoire\/#website"},"primaryImageOfPage":{"@id":"https:\/\/www.africa-press.net\/cotedivoire\/politique\/trois-cadres-du-ppa-ci-condamnes-a-de-lourdes-peines-le-parti-de-gbagbo-denonce-une-instrumentalisation-politique-de-la-justice#primaryimage"},"image":{"@id":"https:\/\/www.africa-press.net\/cotedivoire\/politique\/trois-cadres-du-ppa-ci-condamnes-a-de-lourdes-peines-le-parti-de-gbagbo-denonce-une-instrumentalisation-politique-de-la-justice#primaryimage"},"thumbnailUrl":"https:\/\/static.africa-press.net\/cote\/sites\/43\/2025\/02\/sm_1739456627.199681.jpg","datePublished":"2025-02-13T17:10:51+00:00","author":{"@id":"https:\/\/www.africa-press.net\/cotedivoire\/#\/schema\/person\/2b1cf3cd81a31e3cd26889ca66d677f1"},"breadcrumb":{"@id":"https:\/\/www.africa-press.net\/cotedivoire\/politique\/trois-cadres-du-ppa-ci-condamnes-a-de-lourdes-peines-le-parti-de-gbagbo-denonce-une-instrumentalisation-politique-de-la-justice#breadcrumb"},"inLanguage":"fr-FR","potentialAction":[{"@type":"ReadAction","target":["https:\/\/www.africa-press.net\/cotedivoire\/politique\/trois-cadres-du-ppa-ci-condamnes-a-de-lourdes-peines-le-parti-de-gbagbo-denonce-une-instrumentalisation-politique-de-la-justice"]}]},{"@type":"ImageObject","inLanguage":"fr-FR","@id":"https:\/\/www.africa-press.net\/cotedivoire\/politique\/trois-cadres-du-ppa-ci-condamnes-a-de-lourdes-peines-le-parti-de-gbagbo-denonce-une-instrumentalisation-politique-de-la-justice#primaryimage","url":"https:\/\/static.africa-press.net\/cote\/sites\/43\/2025\/02\/sm_1739456627.199681.jpg","contentUrl":"https:\/\/static.africa-press.net\/cote\/sites\/43\/2025\/02\/sm_1739456627.199681.jpg","width":720,"height":348,"caption":"Trois cadres du PPA-CI condamn\u00e9s \u00e0 de lourdes peines, le parti de Gbagbo d\u00e9nonce une instrumentalisation politique de la justice"},{"@type":"BreadcrumbList","@id":"https:\/\/www.africa-press.net\/cotedivoire\/politique\/trois-cadres-du-ppa-ci-condamnes-a-de-lourdes-peines-le-parti-de-gbagbo-denonce-une-instrumentalisation-politique-de-la-justice#breadcrumb","itemListElement":[{"@type":"ListItem","position":1,"name":"Accueil","item":"https:\/\/www.africa-press.net\/cotedivoire\/"},{"@type":"ListItem","position":2,"name":"Trois cadres du PPA-CI condamn\u00e9s \u00e0 de lourdes peines, le parti de Gbagbo d\u00e9nonce une instrumentalisation politique de la justice"}]},{"@type":"WebSite","@id":"https:\/\/www.africa-press.net\/cotedivoire\/#website","url":"https:\/\/www.africa-press.net\/cotedivoire\/","name":"C\u00f4te d&#039;Ivoire","description":"Just another Africa News Agency Sites site","potentialAction":[{"@type":"SearchAction","target":{"@type":"EntryPoint","urlTemplate":"https:\/\/www.africa-press.net\/cotedivoire\/?s={search_term_string}"},"query-input":{"@type":"PropertyValueSpecification","valueRequired":true,"valueName":"search_term_string"}}],"inLanguage":"fr-FR"},{"@type":"Person","@id":"https:\/\/www.africa-press.net\/cotedivoire\/#\/schema\/person\/2b1cf3cd81a31e3cd26889ca66d677f1","name":"cfeditorfr"}]}},"_links":{"self":[{"href":"https:\/\/www.africa-press.net\/cotedivoire\/wp-json\/wp\/v2\/posts\/95090","targetHints":{"allow":["GET"]}}],"collection":[{"href":"https:\/\/www.africa-press.net\/cotedivoire\/wp-json\/wp\/v2\/posts"}],"about":[{"href":"https:\/\/www.africa-press.net\/cotedivoire\/wp-json\/wp\/v2\/types\/post"}],"author":[{"embeddable":true,"href":"https:\/\/www.africa-press.net\/cotedivoire\/wp-json\/wp\/v2\/users\/82"}],"replies":[{"embeddable":true,"href":"https:\/\/www.africa-press.net\/cotedivoire\/wp-json\/wp\/v2\/comments?post=95090"}],"version-history":[{"count":0,"href":"https:\/\/www.africa-press.net\/cotedivoire\/wp-json\/wp\/v2\/posts\/95090\/revisions"}],"wp:featuredmedia":[{"embeddable":true,"href":"https:\/\/www.africa-press.net\/cotedivoire\/wp-json\/wp\/v2\/media\/95089"}],"wp:attachment":[{"href":"https:\/\/www.africa-press.net\/cotedivoire\/wp-json\/wp\/v2\/media?parent=95090"}],"wp:term":[{"taxonomy":"category","embeddable":true,"href":"https:\/\/www.africa-press.net\/cotedivoire\/wp-json\/wp\/v2\/categories?post=95090"},{"taxonomy":"post_tag","embeddable":true,"href":"https:\/\/www.africa-press.net\/cotedivoire\/wp-json\/wp\/v2\/tags?post=95090"}],"curies":[{"name":"wp","href":"https:\/\/api.w.org\/{rel}","templated":true}]}}