{"id":9513,"date":"2021-06-28T17:23:39","date_gmt":"2021-06-28T17:23:39","guid":{"rendered":"https:\/\/www.africa-press.net\/cotedivoire\/?p=9513"},"modified":"2021-06-28T17:54:55","modified_gmt":"2021-06-28T17:54:55","slug":"a-dakar-macky-le-monarque-cree-encore-le-tolle-general-autour-dun-de-projet-de-loi-polemique-contre-le-terrorisme","status":"publish","type":"post","link":"https:\/\/www.africa-press.net\/cotedivoire\/politique\/a-dakar-macky-le-monarque-cree-encore-le-tolle-general-autour-dun-de-projet-de-loi-polemique-contre-le-terrorisme","title":{"rendered":"\u00c0 Dakar Macky \u00ab\u00a0le monarque\u00a0\u00bb cr\u00e9e encore le toll\u00e9 g\u00e9n\u00e9ral autour d\u2019un de projet de loi \u00abpol\u00e9mique\u00bb contre le terrorisme"},"content":{"rendered":"<p><span style=\"color: #ff6600\"><strong><a href=\"https:\/\/www.africa-press.net\/\">Africa-Press<\/a> &#8211; <a href=\"https:\/\/www.africa-press.net\/cotedivoire\">C\u00f4te d&rsquo;Ivoire<\/a>.\u00a0<\/strong> <\/span><b>Le pr\u00e9sident Macky Sall est accus\u00e9 par ses adversaires politiques d\u2019user de tous les moyens possibles pour briguer un troisi\u00e8me mandat.<\/b><\/p>\n<p>Au S\u00e9n\u00e9gal, les contestations de l\u2019opposition parlementaire au sujet des textes portant modification du Code p\u00e9nal et du Code de proc\u00e9dure p\u00e9nale n\u2019en ont pas emp\u00each\u00e9 l\u2019adoption, ce vendredi 25 juin, par l\u2019Assembl\u00e9e nationale. Le projet de loi a \u00e9t\u00e9 finalement vot\u00e9 avec 70 voix pour, et 11 contre.<\/p>\n<p>Cette loi a fini de d\u00e9frayer la chronique au S\u00e9n\u00e9gal. Elle est sur toutes les l\u00e8vres de Fongol\u00e9mie, au fin fond du S\u00e9n\u00e9gal, aux quartiers les plus hupp\u00e9s de Dakar. La question fondamentale qui revient est de savoir pourquoi le pr\u00e9sident Macky Sall veut \u00ab imposer cette loi pol\u00e9mique \u00bb.<\/p>\n<p>R\u00e9agissant \u00e0 l\u2019h\u00e9micycle, le ministre de la Justice, Malick Sall, est formel : le texte r\u00e8gle les probl\u00e8mes de fuites de capitaux et du financement du terrorisme. Le GAFI (organisme charg\u00e9 dans le monde entier de veiller et de superviser la lutte contre les blanchiments des capitaux et le financement du terrorisme), souligne-t-il, a recommand\u00e9 au S\u00e9n\u00e9gal d\u2019adopter cette loi au risque de placer le pays dans sa liste rouge. \u00ab La date limite pour l\u2019ex\u00e9cution des dispositions \u00e9tait fix\u00e9e en janvier 2021. Nous avons eu du retard. Si nous laissons passer, le S\u00e9n\u00e9gal sera class\u00e9 dans une liste rouge \u00bb, a-t-il expliqu\u00e9.<\/p>\n<p>Mais cette th\u00e8se n\u2019a pas de quoi convaincre les d\u00e9tracteurs du chef de l\u2019Etat. Ils estiment que la nouvelle loi, sous pr\u00e9texte de lutte contre le terrorisme, n\u2019est qu\u2019une machination visant \u00e0 restreindre la libert\u00e9 de manifester dans le pays. En effet, selon l\u2019opposition parlementaire, les modifications apport\u00e9es visent fondamentalement \u00e0 assimiler l\u2019exercice du droit de manifester au terrorisme.<\/p>\n<p>S\u2019exprimant sur le sujet, Ousmane Sonko \u2013 l\u2019opposant le plus en vue actuellement dans le pays \u2013 est all\u00e9 plus loin. Selon l\u2019opposant, Macky Sall veut jouer sur la sensibilit\u00e9 de la communaut\u00e9 internationale, en brandissant le terrorisme pour emp\u00eacher les manifestations au S\u00e9n\u00e9gal. Le candidat arriv\u00e9 3e \u00e0 la pr\u00e9sidentielle de 2019 avec 15,67 % se dit convaincu que le pr\u00e9sident veut faire du forcing pour imposer son troisi\u00e8me mandat. C\u2019est dans cette optique, souligne-t-il, que le pr\u00e9sident tente de museler ses adversaires politiques. \u00ab Mais qu\u2019il sache que les S\u00e9n\u00e9galais ne sont pas dupes et ont compris son jeu politique \u00bb, ajoute l\u2019opposant.<\/p>\n<p><b>Thierno Bocoum,<\/b><\/p>\n<p>pr\u00e9sident du mouvement L\u2019Alliance g\u00e9n\u00e9rationnelle pour les int\u00e9r\u00eats de la R\u00e9publique (Agir), est \u00e9galement mont\u00e9 au cr\u00e9neau, indiquant que cette loi ne vise qu\u2019\u00e0 terroriser les leaders politiques et d\u2019opinions. \u00ab Nous ne sommes pas dans une monarchie, nous avons le droit de nous exprimer \u00bb, s\u2019est-il \u00e9cri\u00e9.<\/p>\n<p>Le pr\u00e9sident Macky Sall est accus\u00e9 par ses adversaires politiques d\u2019user de tous les moyens possibles pour briguer un troisi\u00e8me mandat. D\u2019ailleurs, sa r\u00e9cente tourn\u00e9e \u00e9conomique a \u00e9t\u00e9 qualifi\u00e9e de \u00ab tourn\u00e9e politique \u00bb ou l\u2019homme fort de Dakar cherchait \u00e0 courtiser les populations.<\/p>\n<p>Pour rappel, le S\u00e9n\u00e9gal avait connu des \u00e9meutes meurtri\u00e8res suite \u00e0 l\u2019arrestation du principal opposant Ousmane Sonko, le 3 mars 2021, pour affaire de viol pr\u00e9sum\u00e9. Le r\u00e9gime avait alors accus\u00e9 des \u00ab nervis \u00bb ainsi que des \u00ab terroristes \u00bb financ\u00e9s par l\u2019ext\u00e9rieur de vouloir mettre le pays \u00e0 feu et \u00e0 sang. Sur ce, les autorit\u00e9s s\u00e9n\u00e9galaises avaient \u00e9mis leur souhait de corser la loi p\u00e9nale pour non seulement punir les \u00ab d\u00e9linquants \u00bb, mais \u00e9galement \u00e9viter de tels sc\u00e9narios.<\/p>\n<p>&nbsp;<\/p>\n","protected":false},"excerpt":{"rendered":"<p>Africa-Press &#8211; C\u00f4te d&rsquo;Ivoire.\u00a0 Le pr\u00e9sident Macky Sall est accus\u00e9 par ses adversaires politiques d\u2019user de tous les moyens possibles pour briguer un troisi\u00e8me mandat. Au S\u00e9n\u00e9gal, les contestations de l\u2019opposition parlementaire au sujet des textes portant modification du Code p\u00e9nal et du Code de proc\u00e9dure p\u00e9nale n\u2019en ont pas emp\u00each\u00e9 l\u2019adoption, ce vendredi 25 [&hellip;]<\/p>\n","protected":false},"author":82,"featured_media":9512,"comment_status":"open","ping_status":"closed","sticky":false,"template":"","format":"standard","meta":{"footnotes":""},"categories":[11,2,10],"tags":[56,63,29],"class_list":["post-9513","post","type-post","status-publish","format-standard","has-post-thumbnail","hentry","category-homepage-french","category-politique","category-toutes-les-actualites","tag-africa-press","tag-africa-press-cote-divoire","tag-cote-divoire"],"yoast_head":"<!-- This site is optimized with the Yoast SEO Premium plugin v26.1 (Yoast SEO v27.0) - https:\/\/yoast.com\/product\/yoast-seo-premium-wordpress\/ -->\n<title>\u00c0 Dakar Macky \u00ab\u00a0le monarque\u00a0\u00bb cr\u00e9e encore le toll\u00e9 g\u00e9n\u00e9ral autour d\u2019un de projet de loi \u00abpol\u00e9mique\u00bb contre le terrorisme - C\u00f4te d&#039;Ivoire<\/title>\n<meta name=\"description\" content=\"Par Ibrahima jr Dia Le pr\u00e9sident Macky Sall est accus\u00e9 par ses adversaires politiques d\u2019user de tous les moyens poss ...\" \/>\n<meta name=\"robots\" content=\"index, follow, max-snippet:-1, max-image-preview:large, max-video-preview:-1\" \/>\n<link rel=\"canonical\" href=\"https:\/\/www.africa-press.net\/cotedivoire\/politique\/a-dakar-macky-le-monarque-cree-encore-le-tolle-general-autour-dun-de-projet-de-loi-polemique-contre-le-terrorisme\" \/>\n<meta property=\"og:locale\" content=\"fr_FR\" \/>\n<meta property=\"og:type\" content=\"article\" \/>\n<meta property=\"og:title\" content=\"\u00c0 Dakar Macky \u00ab\u00a0le monarque\u00a0\u00bb cr\u00e9e encore le toll\u00e9 g\u00e9n\u00e9ral autour d\u2019un de projet de loi \u00abpol\u00e9mique\u00bb contre le terrorisme\" \/>\n<meta property=\"og:description\" content=\"Par Ibrahima jr Dia Le pr\u00e9sident Macky Sall est accus\u00e9 par ses adversaires politiques d\u2019user de tous les moyens poss ...\" \/>\n<meta property=\"og:url\" content=\"https:\/\/www.africa-press.net\/cotedivoire\/politique\/a-dakar-macky-le-monarque-cree-encore-le-tolle-general-autour-dun-de-projet-de-loi-polemique-contre-le-terrorisme\" \/>\n<meta property=\"og:site_name\" content=\"C\u00f4te d&#039;Ivoire\" \/>\n<meta property=\"article:published_time\" content=\"2021-06-28T17:23:39+00:00\" \/>\n<meta property=\"article:modified_time\" content=\"2021-06-28T17:54:55+00:00\" \/>\n<meta property=\"og:image\" content=\"https:\/\/static.africa-press.net\/cote\/sites\/43\/2021\/06\/img-60da01cd4ebc5.jpg\" \/>\n\t<meta property=\"og:image:width\" content=\"720\" \/>\n\t<meta property=\"og:image:height\" content=\"472\" \/>\n\t<meta property=\"og:image:type\" content=\"image\/jpeg\" \/>\n<meta name=\"author\" content=\"cfeditorfr\" \/>\n<meta name=\"twitter:card\" content=\"summary_large_image\" \/>\n<meta name=\"twitter:label1\" content=\"\u00c9crit par\" \/>\n\t<meta name=\"twitter:data1\" content=\"cfeditorfr\" \/>\n\t<meta name=\"twitter:label2\" content=\"Dur\u00e9e de lecture estim\u00e9e\" \/>\n\t<meta name=\"twitter:data2\" content=\"3 minutes\" \/>\n<script type=\"application\/ld+json\" class=\"yoast-schema-graph\">{\"@context\":\"https:\/\/schema.org\",\"@graph\":[{\"@type\":\"Article\",\"@id\":\"https:\/\/www.africa-press.net\/cotedivoire\/politique\/a-dakar-macky-le-monarque-cree-encore-le-tolle-general-autour-dun-de-projet-de-loi-polemique-contre-le-terrorisme#article\",\"isPartOf\":{\"@id\":\"https:\/\/www.africa-press.net\/cotedivoire\/politique\/a-dakar-macky-le-monarque-cree-encore-le-tolle-general-autour-dun-de-projet-de-loi-polemique-contre-le-terrorisme\"},\"author\":{\"name\":\"cfeditorfr\",\"@id\":\"https:\/\/www.africa-press.net\/cotedivoire\/#\/schema\/person\/2b1cf3cd81a31e3cd26889ca66d677f1\"},\"headline\":\"\u00c0 Dakar Macky \u00ab\u00a0le monarque\u00a0\u00bb cr\u00e9e encore le toll\u00e9 g\u00e9n\u00e9ral autour d\u2019un de projet de loi \u00abpol\u00e9mique\u00bb contre le terrorisme\",\"datePublished\":\"2021-06-28T17:23:39+00:00\",\"dateModified\":\"2021-06-28T17:54:55+00:00\",\"mainEntityOfPage\":{\"@id\":\"https:\/\/www.africa-press.net\/cotedivoire\/politique\/a-dakar-macky-le-monarque-cree-encore-le-tolle-general-autour-dun-de-projet-de-loi-polemique-contre-le-terrorisme\"},\"wordCount\":654,\"commentCount\":0,\"image\":{\"@id\":\"https:\/\/www.africa-press.net\/cotedivoire\/politique\/a-dakar-macky-le-monarque-cree-encore-le-tolle-general-autour-dun-de-projet-de-loi-polemique-contre-le-terrorisme#primaryimage\"},\"thumbnailUrl\":\"https:\/\/static.africa-press.net\/cote\/sites\/43\/2021\/06\/img-60da01cd4ebc5.jpg\",\"keywords\":[\"Africa Press\",\"Africa Press-C\u00f4te d'Ivoire\",\"C\u00d4TE D'IVOIRE\"],\"articleSection\":[\"homepage-french\",\"Politique\",\"Toutes les actualit\u00e9s\"],\"inLanguage\":\"fr-FR\",\"potentialAction\":[{\"@type\":\"CommentAction\",\"name\":\"Comment\",\"target\":[\"https:\/\/www.africa-press.net\/cotedivoire\/politique\/a-dakar-macky-le-monarque-cree-encore-le-tolle-general-autour-dun-de-projet-de-loi-polemique-contre-le-terrorisme#respond\"]}]},{\"@type\":\"WebPage\",\"@id\":\"https:\/\/www.africa-press.net\/cotedivoire\/politique\/a-dakar-macky-le-monarque-cree-encore-le-tolle-general-autour-dun-de-projet-de-loi-polemique-contre-le-terrorisme\",\"url\":\"https:\/\/www.africa-press.net\/cotedivoire\/politique\/a-dakar-macky-le-monarque-cree-encore-le-tolle-general-autour-dun-de-projet-de-loi-polemique-contre-le-terrorisme\",\"name\":\"\u00c0 Dakar Macky \u00ab\u00a0le monarque\u00a0\u00bb cr\u00e9e encore le toll\u00e9 g\u00e9n\u00e9ral autour d\u2019un de projet de loi \u00abpol\u00e9mique\u00bb contre le terrorisme - C\u00f4te d&#039;Ivoire\",\"isPartOf\":{\"@id\":\"https:\/\/www.africa-press.net\/cotedivoire\/#website\"},\"primaryImageOfPage\":{\"@id\":\"https:\/\/www.africa-press.net\/cotedivoire\/politique\/a-dakar-macky-le-monarque-cree-encore-le-tolle-general-autour-dun-de-projet-de-loi-polemique-contre-le-terrorisme#primaryimage\"},\"image\":{\"@id\":\"https:\/\/www.africa-press.net\/cotedivoire\/politique\/a-dakar-macky-le-monarque-cree-encore-le-tolle-general-autour-dun-de-projet-de-loi-polemique-contre-le-terrorisme#primaryimage\"},\"thumbnailUrl\":\"https:\/\/static.africa-press.net\/cote\/sites\/43\/2021\/06\/img-60da01cd4ebc5.jpg\",\"datePublished\":\"2021-06-28T17:23:39+00:00\",\"dateModified\":\"2021-06-28T17:54:55+00:00\",\"author\":{\"@id\":\"https:\/\/www.africa-press.net\/cotedivoire\/#\/schema\/person\/2b1cf3cd81a31e3cd26889ca66d677f1\"},\"description\":\"Par Ibrahima jr Dia Le pr\u00e9sident Macky Sall est accus\u00e9 par ses adversaires politiques d\u2019user de tous les moyens poss ...\",\"breadcrumb\":{\"@id\":\"https:\/\/www.africa-press.net\/cotedivoire\/politique\/a-dakar-macky-le-monarque-cree-encore-le-tolle-general-autour-dun-de-projet-de-loi-polemique-contre-le-terrorisme#breadcrumb\"},\"inLanguage\":\"fr-FR\",\"potentialAction\":[{\"@type\":\"ReadAction\",\"target\":[\"https:\/\/www.africa-press.net\/cotedivoire\/politique\/a-dakar-macky-le-monarque-cree-encore-le-tolle-general-autour-dun-de-projet-de-loi-polemique-contre-le-terrorisme\"]}]},{\"@type\":\"ImageObject\",\"inLanguage\":\"fr-FR\",\"@id\":\"https:\/\/www.africa-press.net\/cotedivoire\/politique\/a-dakar-macky-le-monarque-cree-encore-le-tolle-general-autour-dun-de-projet-de-loi-polemique-contre-le-terrorisme#primaryimage\",\"url\":\"https:\/\/static.africa-press.net\/cote\/sites\/43\/2021\/06\/img-60da01cd4ebc5.jpg\",\"contentUrl\":\"https:\/\/static.africa-press.net\/cote\/sites\/43\/2021\/06\/img-60da01cd4ebc5.jpg\",\"width\":720,\"height\":472,\"caption\":\"\u00c0 Dakar Macky \u00ab\u00a0le monarque\u00a0\u00bb cr\u00e9e encore le toll\u00e9 g\u00e9n\u00e9ral autour d\u2019un de projet de loi \u00abpol\u00e9mique\u00bb contre le terrorisme\"},{\"@type\":\"BreadcrumbList\",\"@id\":\"https:\/\/www.africa-press.net\/cotedivoire\/politique\/a-dakar-macky-le-monarque-cree-encore-le-tolle-general-autour-dun-de-projet-de-loi-polemique-contre-le-terrorisme#breadcrumb\",\"itemListElement\":[{\"@type\":\"ListItem\",\"position\":1,\"name\":\"Accueil\",\"item\":\"https:\/\/www.africa-press.net\/cotedivoire\/\"},{\"@type\":\"ListItem\",\"position\":2,\"name\":\"\u00c0 Dakar Macky \u00ab\u00a0le monarque\u00a0\u00bb cr\u00e9e encore le toll\u00e9 g\u00e9n\u00e9ral autour d\u2019un de projet de loi \u00abpol\u00e9mique\u00bb contre le terrorisme\"}]},{\"@type\":\"WebSite\",\"@id\":\"https:\/\/www.africa-press.net\/cotedivoire\/#website\",\"url\":\"https:\/\/www.africa-press.net\/cotedivoire\/\",\"name\":\"C\u00f4te d&#039;Ivoire\",\"description\":\"Just another Africa News Agency Sites site\",\"potentialAction\":[{\"@type\":\"SearchAction\",\"target\":{\"@type\":\"EntryPoint\",\"urlTemplate\":\"https:\/\/www.africa-press.net\/cotedivoire\/?s={search_term_string}\"},\"query-input\":{\"@type\":\"PropertyValueSpecification\",\"valueRequired\":true,\"valueName\":\"search_term_string\"}}],\"inLanguage\":\"fr-FR\"},{\"@type\":\"Person\",\"@id\":\"https:\/\/www.africa-press.net\/cotedivoire\/#\/schema\/person\/2b1cf3cd81a31e3cd26889ca66d677f1\",\"name\":\"cfeditorfr\"}]}<\/script>\n<!-- \/ Yoast SEO Premium plugin. -->","yoast_head_json":{"title":"\u00c0 Dakar Macky \u00ab\u00a0le monarque\u00a0\u00bb cr\u00e9e encore le toll\u00e9 g\u00e9n\u00e9ral autour d\u2019un de projet de loi \u00abpol\u00e9mique\u00bb contre le terrorisme - C\u00f4te d&#039;Ivoire","description":"Par Ibrahima jr Dia Le pr\u00e9sident Macky Sall est accus\u00e9 par ses adversaires politiques d\u2019user de tous les moyens poss ...","robots":{"index":"index","follow":"follow","max-snippet":"max-snippet:-1","max-image-preview":"max-image-preview:large","max-video-preview":"max-video-preview:-1"},"canonical":"https:\/\/www.africa-press.net\/cotedivoire\/politique\/a-dakar-macky-le-monarque-cree-encore-le-tolle-general-autour-dun-de-projet-de-loi-polemique-contre-le-terrorisme","og_locale":"fr_FR","og_type":"article","og_title":"\u00c0 Dakar Macky \u00ab\u00a0le monarque\u00a0\u00bb cr\u00e9e encore le toll\u00e9 g\u00e9n\u00e9ral autour d\u2019un de projet de loi \u00abpol\u00e9mique\u00bb contre le terrorisme","og_description":"Par Ibrahima jr Dia Le pr\u00e9sident Macky Sall est accus\u00e9 par ses adversaires politiques d\u2019user de tous les moyens poss ...","og_url":"https:\/\/www.africa-press.net\/cotedivoire\/politique\/a-dakar-macky-le-monarque-cree-encore-le-tolle-general-autour-dun-de-projet-de-loi-polemique-contre-le-terrorisme","og_site_name":"C\u00f4te d&#039;Ivoire","article_published_time":"2021-06-28T17:23:39+00:00","article_modified_time":"2021-06-28T17:54:55+00:00","og_image":[{"width":720,"height":472,"url":"https:\/\/static.africa-press.net\/cote\/sites\/43\/2021\/06\/img-60da01cd4ebc5.jpg","type":"image\/jpeg"}],"author":"cfeditorfr","twitter_card":"summary_large_image","twitter_misc":{"\u00c9crit par":"cfeditorfr","Dur\u00e9e de lecture estim\u00e9e":"3 minutes"},"schema":{"@context":"https:\/\/schema.org","@graph":[{"@type":"Article","@id":"https:\/\/www.africa-press.net\/cotedivoire\/politique\/a-dakar-macky-le-monarque-cree-encore-le-tolle-general-autour-dun-de-projet-de-loi-polemique-contre-le-terrorisme#article","isPartOf":{"@id":"https:\/\/www.africa-press.net\/cotedivoire\/politique\/a-dakar-macky-le-monarque-cree-encore-le-tolle-general-autour-dun-de-projet-de-loi-polemique-contre-le-terrorisme"},"author":{"name":"cfeditorfr","@id":"https:\/\/www.africa-press.net\/cotedivoire\/#\/schema\/person\/2b1cf3cd81a31e3cd26889ca66d677f1"},"headline":"\u00c0 Dakar Macky \u00ab\u00a0le monarque\u00a0\u00bb cr\u00e9e encore le toll\u00e9 g\u00e9n\u00e9ral autour d\u2019un de projet de loi \u00abpol\u00e9mique\u00bb contre le terrorisme","datePublished":"2021-06-28T17:23:39+00:00","dateModified":"2021-06-28T17:54:55+00:00","mainEntityOfPage":{"@id":"https:\/\/www.africa-press.net\/cotedivoire\/politique\/a-dakar-macky-le-monarque-cree-encore-le-tolle-general-autour-dun-de-projet-de-loi-polemique-contre-le-terrorisme"},"wordCount":654,"commentCount":0,"image":{"@id":"https:\/\/www.africa-press.net\/cotedivoire\/politique\/a-dakar-macky-le-monarque-cree-encore-le-tolle-general-autour-dun-de-projet-de-loi-polemique-contre-le-terrorisme#primaryimage"},"thumbnailUrl":"https:\/\/static.africa-press.net\/cote\/sites\/43\/2021\/06\/img-60da01cd4ebc5.jpg","keywords":["Africa Press","Africa Press-C\u00f4te d'Ivoire","C\u00d4TE D'IVOIRE"],"articleSection":["homepage-french","Politique","Toutes les actualit\u00e9s"],"inLanguage":"fr-FR","potentialAction":[{"@type":"CommentAction","name":"Comment","target":["https:\/\/www.africa-press.net\/cotedivoire\/politique\/a-dakar-macky-le-monarque-cree-encore-le-tolle-general-autour-dun-de-projet-de-loi-polemique-contre-le-terrorisme#respond"]}]},{"@type":"WebPage","@id":"https:\/\/www.africa-press.net\/cotedivoire\/politique\/a-dakar-macky-le-monarque-cree-encore-le-tolle-general-autour-dun-de-projet-de-loi-polemique-contre-le-terrorisme","url":"https:\/\/www.africa-press.net\/cotedivoire\/politique\/a-dakar-macky-le-monarque-cree-encore-le-tolle-general-autour-dun-de-projet-de-loi-polemique-contre-le-terrorisme","name":"\u00c0 Dakar Macky \u00ab\u00a0le monarque\u00a0\u00bb cr\u00e9e encore le toll\u00e9 g\u00e9n\u00e9ral autour d\u2019un de projet de loi \u00abpol\u00e9mique\u00bb contre le terrorisme - C\u00f4te d&#039;Ivoire","isPartOf":{"@id":"https:\/\/www.africa-press.net\/cotedivoire\/#website"},"primaryImageOfPage":{"@id":"https:\/\/www.africa-press.net\/cotedivoire\/politique\/a-dakar-macky-le-monarque-cree-encore-le-tolle-general-autour-dun-de-projet-de-loi-polemique-contre-le-terrorisme#primaryimage"},"image":{"@id":"https:\/\/www.africa-press.net\/cotedivoire\/politique\/a-dakar-macky-le-monarque-cree-encore-le-tolle-general-autour-dun-de-projet-de-loi-polemique-contre-le-terrorisme#primaryimage"},"thumbnailUrl":"https:\/\/static.africa-press.net\/cote\/sites\/43\/2021\/06\/img-60da01cd4ebc5.jpg","datePublished":"2021-06-28T17:23:39+00:00","dateModified":"2021-06-28T17:54:55+00:00","author":{"@id":"https:\/\/www.africa-press.net\/cotedivoire\/#\/schema\/person\/2b1cf3cd81a31e3cd26889ca66d677f1"},"description":"Par Ibrahima jr Dia Le pr\u00e9sident Macky Sall est accus\u00e9 par ses adversaires politiques d\u2019user de tous les moyens poss ...","breadcrumb":{"@id":"https:\/\/www.africa-press.net\/cotedivoire\/politique\/a-dakar-macky-le-monarque-cree-encore-le-tolle-general-autour-dun-de-projet-de-loi-polemique-contre-le-terrorisme#breadcrumb"},"inLanguage":"fr-FR","potentialAction":[{"@type":"ReadAction","target":["https:\/\/www.africa-press.net\/cotedivoire\/politique\/a-dakar-macky-le-monarque-cree-encore-le-tolle-general-autour-dun-de-projet-de-loi-polemique-contre-le-terrorisme"]}]},{"@type":"ImageObject","inLanguage":"fr-FR","@id":"https:\/\/www.africa-press.net\/cotedivoire\/politique\/a-dakar-macky-le-monarque-cree-encore-le-tolle-general-autour-dun-de-projet-de-loi-polemique-contre-le-terrorisme#primaryimage","url":"https:\/\/static.africa-press.net\/cote\/sites\/43\/2021\/06\/img-60da01cd4ebc5.jpg","contentUrl":"https:\/\/static.africa-press.net\/cote\/sites\/43\/2021\/06\/img-60da01cd4ebc5.jpg","width":720,"height":472,"caption":"\u00c0 Dakar Macky \u00ab\u00a0le monarque\u00a0\u00bb cr\u00e9e encore le toll\u00e9 g\u00e9n\u00e9ral autour d\u2019un de projet de loi \u00abpol\u00e9mique\u00bb contre le terrorisme"},{"@type":"BreadcrumbList","@id":"https:\/\/www.africa-press.net\/cotedivoire\/politique\/a-dakar-macky-le-monarque-cree-encore-le-tolle-general-autour-dun-de-projet-de-loi-polemique-contre-le-terrorisme#breadcrumb","itemListElement":[{"@type":"ListItem","position":1,"name":"Accueil","item":"https:\/\/www.africa-press.net\/cotedivoire\/"},{"@type":"ListItem","position":2,"name":"\u00c0 Dakar Macky \u00ab\u00a0le monarque\u00a0\u00bb cr\u00e9e encore le toll\u00e9 g\u00e9n\u00e9ral autour d\u2019un de projet de loi \u00abpol\u00e9mique\u00bb contre le terrorisme"}]},{"@type":"WebSite","@id":"https:\/\/www.africa-press.net\/cotedivoire\/#website","url":"https:\/\/www.africa-press.net\/cotedivoire\/","name":"C\u00f4te d&#039;Ivoire","description":"Just another Africa News Agency Sites site","potentialAction":[{"@type":"SearchAction","target":{"@type":"EntryPoint","urlTemplate":"https:\/\/www.africa-press.net\/cotedivoire\/?s={search_term_string}"},"query-input":{"@type":"PropertyValueSpecification","valueRequired":true,"valueName":"search_term_string"}}],"inLanguage":"fr-FR"},{"@type":"Person","@id":"https:\/\/www.africa-press.net\/cotedivoire\/#\/schema\/person\/2b1cf3cd81a31e3cd26889ca66d677f1","name":"cfeditorfr"}]}},"_links":{"self":[{"href":"https:\/\/www.africa-press.net\/cotedivoire\/wp-json\/wp\/v2\/posts\/9513","targetHints":{"allow":["GET"]}}],"collection":[{"href":"https:\/\/www.africa-press.net\/cotedivoire\/wp-json\/wp\/v2\/posts"}],"about":[{"href":"https:\/\/www.africa-press.net\/cotedivoire\/wp-json\/wp\/v2\/types\/post"}],"author":[{"embeddable":true,"href":"https:\/\/www.africa-press.net\/cotedivoire\/wp-json\/wp\/v2\/users\/82"}],"replies":[{"embeddable":true,"href":"https:\/\/www.africa-press.net\/cotedivoire\/wp-json\/wp\/v2\/comments?post=9513"}],"version-history":[{"count":0,"href":"https:\/\/www.africa-press.net\/cotedivoire\/wp-json\/wp\/v2\/posts\/9513\/revisions"}],"wp:featuredmedia":[{"embeddable":true,"href":"https:\/\/www.africa-press.net\/cotedivoire\/wp-json\/wp\/v2\/media\/9512"}],"wp:attachment":[{"href":"https:\/\/www.africa-press.net\/cotedivoire\/wp-json\/wp\/v2\/media?parent=9513"}],"wp:term":[{"taxonomy":"category","embeddable":true,"href":"https:\/\/www.africa-press.net\/cotedivoire\/wp-json\/wp\/v2\/categories?post=9513"},{"taxonomy":"post_tag","embeddable":true,"href":"https:\/\/www.africa-press.net\/cotedivoire\/wp-json\/wp\/v2\/tags?post=9513"}],"curies":[{"name":"wp","href":"https:\/\/api.w.org\/{rel}","templated":true}]}}