{"id":9519,"date":"2021-06-28T17:38:09","date_gmt":"2021-06-28T17:38:09","guid":{"rendered":"https:\/\/www.africa-press.net\/cotedivoire\/?p=9519"},"modified":"2021-06-28T17:55:18","modified_gmt":"2021-06-28T17:55:18","slug":"cote-divoire-visite-de-belmonde-dogo-a-kafolo-les-autres-ministres-devraient-lui-emboiter-le-pas","status":"publish","type":"post","link":"https:\/\/www.africa-press.net\/cotedivoire\/politique\/cote-divoire-visite-de-belmonde-dogo-a-kafolo-les-autres-ministres-devraient-lui-emboiter-le-pas","title":{"rendered":"Visite de Belmonde Dogo \u00e0 Kafolo, les autres ministres devraient lui embo\u00eeter le pas !"},"content":{"rendered":"<p><span style=\"color: #ff6600\"><strong><a href=\"https:\/\/www.africa-press.net\/\">Africa-Press<\/a> &#8211; <a href=\"https:\/\/www.africa-press.net\/cotedivoire\">C\u00f4te d&rsquo;Ivoire<\/a>. <\/strong><\/span>Il fallait le faire. Aller dans ce qui est d\u00e9sormais, l\u2019antre du terrorisme en C\u00f4te d\u2019Ivoire \u2013 Kafolo (Bouna) et Tehini (Boundiali). La ministre de la Solidarit\u00e9 et de la lutte contre la pauvret\u00e9 s\u2019y est rendue pour apporter la compassion du gouvernement et de tous les ivoiriens aux populations de cette contr\u00e9e du pays. Mme Belmonde Dogo \u00e9tait accompagn\u00e9e par le ministre de la Communication et porte-parole du gouvernement M. Amadou Coulibaly.<\/p>\n<p>C\u2019est cette C\u00f4te d\u2019Ivoire Solidaire vant\u00e9e par le pr\u00e9sident de la R\u00e9publique SEM Alassane Ouattara que nous voulons voir et que nous aimons.<\/p>\n<p>A Kafolo comme \u00e0 Tehini, les populations ne se sont pas senties abandonn\u00e9es. Elles ont pu voir et sentir la Solidarit\u00e9. Le gouvernement est \u00e0 leur c\u00f4t\u00e9 et il ne les abandonnera pas. En plus des mots profonds et forts, l\u2019\u00e9missaire de la \u00ab C\u00f4te d\u2019Ivoire Solidaire \u00bb a \u00e9t\u00e9 agr\u00e9ablement surprise par la force de caract\u00e8re des populations qui continuent de vivre en d\u00e9pit de la menace des \u00ab fous de Dieu \u00bb.<\/p>\n<p>A kafolo et \u00e0 Tehini, des ivoiriens sont tomb\u00e9s sous les balles des terroristes. Les soldats ivoiriens qui d\u00e9fendent nuit et jour chaque m\u00e8tre carr\u00e9 se battent bien et rassurent les populations.<\/p>\n<p>Le jeudi 24 juin dernier, cinq d\u2019entre eux tomb\u00e9s \u00e0 Togolokaye, ont re\u00e7u les honneurs de la nation \u00e0 la place d\u2019arme G\u00e9n\u00e9ral Ouattara Thomas d\u2019Aquin du camp Gali\u00e9ni. Ils sont tomb\u00e9s pour que nous puissions vivre dans la C\u00f4te d\u2019Ivoire de la mosa\u00efque. Mais le combat continue.<\/p>\n<p>Trop souvent, en \u00e9voquant ces zones sous influence terroriste, nous oublions le traumatisme et la psychose que vivent les populations. En bravant la peur et en d\u00e9fiant la psychose cr\u00e9\u00e9es par les \u00ab fous de dieu \u00bb, le gouvernement a redonn\u00e9 espoir aux populations.<\/p>\n<p>Des actions de certains membres du gouvernement comme ceux en charge de la jeunesse, de l\u2019agriculture et des ressources halieutiques etc devraient embo\u00eeter le pas. Quand on sait que le terrorisme prosp\u00e8re sur la pauvret\u00e9, les fractures sociales et l\u2019absence de l\u2019Etat. La guerre contre le terrorisme se gagne en l\u2019attaquant de mani\u00e8re holistique et non uniquement sur la base militaire. Nous le pouvons ! Ensemble.<\/p>\n<p>&nbsp;<\/p>\n","protected":false},"excerpt":{"rendered":"<p>Africa-Press &#8211; C\u00f4te d&rsquo;Ivoire. Il fallait le faire. Aller dans ce qui est d\u00e9sormais, l\u2019antre du terrorisme en C\u00f4te d\u2019Ivoire \u2013 Kafolo (Bouna) et Tehini (Boundiali). La ministre de la Solidarit\u00e9 et de la lutte contre la pauvret\u00e9 s\u2019y est rendue pour apporter la compassion du gouvernement et de tous les ivoiriens aux populations de [&hellip;]<\/p>\n","protected":false},"author":82,"featured_media":9518,"comment_status":"open","ping_status":"closed","sticky":false,"template":"","format":"standard","meta":{"footnotes":""},"categories":[11,2,10],"tags":[56,63,29],"class_list":["post-9519","post","type-post","status-publish","format-standard","has-post-thumbnail","hentry","category-homepage-french","category-politique","category-toutes-les-actualites","tag-africa-press","tag-africa-press-cote-divoire","tag-cote-divoire"],"yoast_head":"<!-- This site is optimized with the Yoast SEO Premium plugin v26.1 (Yoast SEO v27.0) - https:\/\/yoast.com\/product\/yoast-seo-premium-wordpress\/ -->\n<title>Visite de Belmonde Dogo \u00e0 Kafolo, les autres ministres devraient lui embo\u00eeter le pas ! - C\u00f4te d&#039;Ivoire<\/title>\n<meta name=\"description\" content=\"Il fallait le faire. Aller dans ce qui est d\u00e9sormais, l\u2019antre du terrorisme en C\u00f4te d\u2019Ivoire \u2013 Kafolo (Bouna) et Tehini ...\" \/>\n<meta name=\"robots\" content=\"index, follow, max-snippet:-1, max-image-preview:large, max-video-preview:-1\" \/>\n<link rel=\"canonical\" href=\"https:\/\/www.africa-press.net\/cotedivoire\/politique\/cote-divoire-visite-de-belmonde-dogo-a-kafolo-les-autres-ministres-devraient-lui-emboiter-le-pas\" \/>\n<meta property=\"og:locale\" content=\"fr_FR\" \/>\n<meta property=\"og:type\" content=\"article\" \/>\n<meta property=\"og:title\" content=\"Visite de Belmonde Dogo \u00e0 Kafolo, les autres ministres devraient lui embo\u00eeter le pas !\" \/>\n<meta property=\"og:description\" content=\"Il fallait le faire. Aller dans ce qui est d\u00e9sormais, l\u2019antre du terrorisme en C\u00f4te d\u2019Ivoire \u2013 Kafolo (Bouna) et Tehini ...\" \/>\n<meta property=\"og:url\" content=\"https:\/\/www.africa-press.net\/cotedivoire\/politique\/cote-divoire-visite-de-belmonde-dogo-a-kafolo-les-autres-ministres-devraient-lui-emboiter-le-pas\" \/>\n<meta property=\"og:site_name\" content=\"C\u00f4te d&#039;Ivoire\" \/>\n<meta property=\"article:published_time\" content=\"2021-06-28T17:38:09+00:00\" \/>\n<meta property=\"article:modified_time\" content=\"2021-06-28T17:55:18+00:00\" \/>\n<meta property=\"og:image\" content=\"https:\/\/static.africa-press.net\/cote\/sites\/43\/2021\/06\/img-60da02243b4cd.jpg\" \/>\n\t<meta property=\"og:image:width\" content=\"1080\" \/>\n\t<meta property=\"og:image:height\" content=\"720\" \/>\n\t<meta property=\"og:image:type\" content=\"image\/jpeg\" \/>\n<meta name=\"author\" content=\"cfeditorfr\" \/>\n<meta name=\"twitter:card\" content=\"summary_large_image\" \/>\n<meta name=\"twitter:label1\" content=\"\u00c9crit par\" \/>\n\t<meta name=\"twitter:data1\" content=\"cfeditorfr\" \/>\n\t<meta name=\"twitter:label2\" content=\"Dur\u00e9e de lecture estim\u00e9e\" \/>\n\t<meta name=\"twitter:data2\" content=\"2 minutes\" \/>\n<script type=\"application\/ld+json\" class=\"yoast-schema-graph\">{\"@context\":\"https:\/\/schema.org\",\"@graph\":[{\"@type\":\"Article\",\"@id\":\"https:\/\/www.africa-press.net\/cotedivoire\/politique\/cote-divoire-visite-de-belmonde-dogo-a-kafolo-les-autres-ministres-devraient-lui-emboiter-le-pas#article\",\"isPartOf\":{\"@id\":\"https:\/\/www.africa-press.net\/cotedivoire\/politique\/cote-divoire-visite-de-belmonde-dogo-a-kafolo-les-autres-ministres-devraient-lui-emboiter-le-pas\"},\"author\":{\"name\":\"cfeditorfr\",\"@id\":\"https:\/\/www.africa-press.net\/cotedivoire\/#\/schema\/person\/2b1cf3cd81a31e3cd26889ca66d677f1\"},\"headline\":\"Visite de Belmonde Dogo \u00e0 Kafolo, les autres ministres devraient lui embo\u00eeter le pas !\",\"datePublished\":\"2021-06-28T17:38:09+00:00\",\"dateModified\":\"2021-06-28T17:55:18+00:00\",\"mainEntityOfPage\":{\"@id\":\"https:\/\/www.africa-press.net\/cotedivoire\/politique\/cote-divoire-visite-de-belmonde-dogo-a-kafolo-les-autres-ministres-devraient-lui-emboiter-le-pas\"},\"wordCount\":412,\"commentCount\":0,\"image\":{\"@id\":\"https:\/\/www.africa-press.net\/cotedivoire\/politique\/cote-divoire-visite-de-belmonde-dogo-a-kafolo-les-autres-ministres-devraient-lui-emboiter-le-pas#primaryimage\"},\"thumbnailUrl\":\"https:\/\/static.africa-press.net\/cote\/sites\/43\/2021\/06\/img-60da02243b4cd.jpg\",\"keywords\":[\"Africa Press\",\"Africa Press-C\u00f4te d'Ivoire\",\"C\u00d4TE D'IVOIRE\"],\"articleSection\":[\"homepage-french\",\"Politique\",\"Toutes les actualit\u00e9s\"],\"inLanguage\":\"fr-FR\",\"potentialAction\":[{\"@type\":\"CommentAction\",\"name\":\"Comment\",\"target\":[\"https:\/\/www.africa-press.net\/cotedivoire\/politique\/cote-divoire-visite-de-belmonde-dogo-a-kafolo-les-autres-ministres-devraient-lui-emboiter-le-pas#respond\"]}]},{\"@type\":\"WebPage\",\"@id\":\"https:\/\/www.africa-press.net\/cotedivoire\/politique\/cote-divoire-visite-de-belmonde-dogo-a-kafolo-les-autres-ministres-devraient-lui-emboiter-le-pas\",\"url\":\"https:\/\/www.africa-press.net\/cotedivoire\/politique\/cote-divoire-visite-de-belmonde-dogo-a-kafolo-les-autres-ministres-devraient-lui-emboiter-le-pas\",\"name\":\"Visite de Belmonde Dogo \u00e0 Kafolo, les autres ministres devraient lui embo\u00eeter le pas ! - C\u00f4te d&#039;Ivoire\",\"isPartOf\":{\"@id\":\"https:\/\/www.africa-press.net\/cotedivoire\/#website\"},\"primaryImageOfPage\":{\"@id\":\"https:\/\/www.africa-press.net\/cotedivoire\/politique\/cote-divoire-visite-de-belmonde-dogo-a-kafolo-les-autres-ministres-devraient-lui-emboiter-le-pas#primaryimage\"},\"image\":{\"@id\":\"https:\/\/www.africa-press.net\/cotedivoire\/politique\/cote-divoire-visite-de-belmonde-dogo-a-kafolo-les-autres-ministres-devraient-lui-emboiter-le-pas#primaryimage\"},\"thumbnailUrl\":\"https:\/\/static.africa-press.net\/cote\/sites\/43\/2021\/06\/img-60da02243b4cd.jpg\",\"datePublished\":\"2021-06-28T17:38:09+00:00\",\"dateModified\":\"2021-06-28T17:55:18+00:00\",\"author\":{\"@id\":\"https:\/\/www.africa-press.net\/cotedivoire\/#\/schema\/person\/2b1cf3cd81a31e3cd26889ca66d677f1\"},\"description\":\"Il fallait le faire. Aller dans ce qui est d\u00e9sormais, l\u2019antre du terrorisme en C\u00f4te d\u2019Ivoire \u2013 Kafolo (Bouna) et Tehini ...\",\"breadcrumb\":{\"@id\":\"https:\/\/www.africa-press.net\/cotedivoire\/politique\/cote-divoire-visite-de-belmonde-dogo-a-kafolo-les-autres-ministres-devraient-lui-emboiter-le-pas#breadcrumb\"},\"inLanguage\":\"fr-FR\",\"potentialAction\":[{\"@type\":\"ReadAction\",\"target\":[\"https:\/\/www.africa-press.net\/cotedivoire\/politique\/cote-divoire-visite-de-belmonde-dogo-a-kafolo-les-autres-ministres-devraient-lui-emboiter-le-pas\"]}]},{\"@type\":\"ImageObject\",\"inLanguage\":\"fr-FR\",\"@id\":\"https:\/\/www.africa-press.net\/cotedivoire\/politique\/cote-divoire-visite-de-belmonde-dogo-a-kafolo-les-autres-ministres-devraient-lui-emboiter-le-pas#primaryimage\",\"url\":\"https:\/\/static.africa-press.net\/cote\/sites\/43\/2021\/06\/img-60da02243b4cd.jpg\",\"contentUrl\":\"https:\/\/static.africa-press.net\/cote\/sites\/43\/2021\/06\/img-60da02243b4cd.jpg\",\"width\":1080,\"height\":720,\"caption\":\"C\u00f4te-d\u2019Ivoire: Visite de Belmonde Dogo \u00e0 Kafolo, les autres ministres devraient lui embo\u00eeter le pas !\"},{\"@type\":\"BreadcrumbList\",\"@id\":\"https:\/\/www.africa-press.net\/cotedivoire\/politique\/cote-divoire-visite-de-belmonde-dogo-a-kafolo-les-autres-ministres-devraient-lui-emboiter-le-pas#breadcrumb\",\"itemListElement\":[{\"@type\":\"ListItem\",\"position\":1,\"name\":\"Accueil\",\"item\":\"https:\/\/www.africa-press.net\/cotedivoire\/\"},{\"@type\":\"ListItem\",\"position\":2,\"name\":\"Visite de Belmonde Dogo \u00e0 Kafolo, les autres ministres devraient lui embo\u00eeter le pas !\"}]},{\"@type\":\"WebSite\",\"@id\":\"https:\/\/www.africa-press.net\/cotedivoire\/#website\",\"url\":\"https:\/\/www.africa-press.net\/cotedivoire\/\",\"name\":\"C\u00f4te d&#039;Ivoire\",\"description\":\"Just another Africa News Agency Sites site\",\"potentialAction\":[{\"@type\":\"SearchAction\",\"target\":{\"@type\":\"EntryPoint\",\"urlTemplate\":\"https:\/\/www.africa-press.net\/cotedivoire\/?s={search_term_string}\"},\"query-input\":{\"@type\":\"PropertyValueSpecification\",\"valueRequired\":true,\"valueName\":\"search_term_string\"}}],\"inLanguage\":\"fr-FR\"},{\"@type\":\"Person\",\"@id\":\"https:\/\/www.africa-press.net\/cotedivoire\/#\/schema\/person\/2b1cf3cd81a31e3cd26889ca66d677f1\",\"name\":\"cfeditorfr\"}]}<\/script>\n<!-- \/ Yoast SEO Premium plugin. -->","yoast_head_json":{"title":"Visite de Belmonde Dogo \u00e0 Kafolo, les autres ministres devraient lui embo\u00eeter le pas ! - C\u00f4te d&#039;Ivoire","description":"Il fallait le faire. Aller dans ce qui est d\u00e9sormais, l\u2019antre du terrorisme en C\u00f4te d\u2019Ivoire \u2013 Kafolo (Bouna) et Tehini ...","robots":{"index":"index","follow":"follow","max-snippet":"max-snippet:-1","max-image-preview":"max-image-preview:large","max-video-preview":"max-video-preview:-1"},"canonical":"https:\/\/www.africa-press.net\/cotedivoire\/politique\/cote-divoire-visite-de-belmonde-dogo-a-kafolo-les-autres-ministres-devraient-lui-emboiter-le-pas","og_locale":"fr_FR","og_type":"article","og_title":"Visite de Belmonde Dogo \u00e0 Kafolo, les autres ministres devraient lui embo\u00eeter le pas !","og_description":"Il fallait le faire. Aller dans ce qui est d\u00e9sormais, l\u2019antre du terrorisme en C\u00f4te d\u2019Ivoire \u2013 Kafolo (Bouna) et Tehini ...","og_url":"https:\/\/www.africa-press.net\/cotedivoire\/politique\/cote-divoire-visite-de-belmonde-dogo-a-kafolo-les-autres-ministres-devraient-lui-emboiter-le-pas","og_site_name":"C\u00f4te d&#039;Ivoire","article_published_time":"2021-06-28T17:38:09+00:00","article_modified_time":"2021-06-28T17:55:18+00:00","og_image":[{"width":1080,"height":720,"url":"https:\/\/static.africa-press.net\/cote\/sites\/43\/2021\/06\/img-60da02243b4cd.jpg","type":"image\/jpeg"}],"author":"cfeditorfr","twitter_card":"summary_large_image","twitter_misc":{"\u00c9crit par":"cfeditorfr","Dur\u00e9e de lecture estim\u00e9e":"2 minutes"},"schema":{"@context":"https:\/\/schema.org","@graph":[{"@type":"Article","@id":"https:\/\/www.africa-press.net\/cotedivoire\/politique\/cote-divoire-visite-de-belmonde-dogo-a-kafolo-les-autres-ministres-devraient-lui-emboiter-le-pas#article","isPartOf":{"@id":"https:\/\/www.africa-press.net\/cotedivoire\/politique\/cote-divoire-visite-de-belmonde-dogo-a-kafolo-les-autres-ministres-devraient-lui-emboiter-le-pas"},"author":{"name":"cfeditorfr","@id":"https:\/\/www.africa-press.net\/cotedivoire\/#\/schema\/person\/2b1cf3cd81a31e3cd26889ca66d677f1"},"headline":"Visite de Belmonde Dogo \u00e0 Kafolo, les autres ministres devraient lui embo\u00eeter le pas !","datePublished":"2021-06-28T17:38:09+00:00","dateModified":"2021-06-28T17:55:18+00:00","mainEntityOfPage":{"@id":"https:\/\/www.africa-press.net\/cotedivoire\/politique\/cote-divoire-visite-de-belmonde-dogo-a-kafolo-les-autres-ministres-devraient-lui-emboiter-le-pas"},"wordCount":412,"commentCount":0,"image":{"@id":"https:\/\/www.africa-press.net\/cotedivoire\/politique\/cote-divoire-visite-de-belmonde-dogo-a-kafolo-les-autres-ministres-devraient-lui-emboiter-le-pas#primaryimage"},"thumbnailUrl":"https:\/\/static.africa-press.net\/cote\/sites\/43\/2021\/06\/img-60da02243b4cd.jpg","keywords":["Africa Press","Africa Press-C\u00f4te d'Ivoire","C\u00d4TE D'IVOIRE"],"articleSection":["homepage-french","Politique","Toutes les actualit\u00e9s"],"inLanguage":"fr-FR","potentialAction":[{"@type":"CommentAction","name":"Comment","target":["https:\/\/www.africa-press.net\/cotedivoire\/politique\/cote-divoire-visite-de-belmonde-dogo-a-kafolo-les-autres-ministres-devraient-lui-emboiter-le-pas#respond"]}]},{"@type":"WebPage","@id":"https:\/\/www.africa-press.net\/cotedivoire\/politique\/cote-divoire-visite-de-belmonde-dogo-a-kafolo-les-autres-ministres-devraient-lui-emboiter-le-pas","url":"https:\/\/www.africa-press.net\/cotedivoire\/politique\/cote-divoire-visite-de-belmonde-dogo-a-kafolo-les-autres-ministres-devraient-lui-emboiter-le-pas","name":"Visite de Belmonde Dogo \u00e0 Kafolo, les autres ministres devraient lui embo\u00eeter le pas ! - C\u00f4te d&#039;Ivoire","isPartOf":{"@id":"https:\/\/www.africa-press.net\/cotedivoire\/#website"},"primaryImageOfPage":{"@id":"https:\/\/www.africa-press.net\/cotedivoire\/politique\/cote-divoire-visite-de-belmonde-dogo-a-kafolo-les-autres-ministres-devraient-lui-emboiter-le-pas#primaryimage"},"image":{"@id":"https:\/\/www.africa-press.net\/cotedivoire\/politique\/cote-divoire-visite-de-belmonde-dogo-a-kafolo-les-autres-ministres-devraient-lui-emboiter-le-pas#primaryimage"},"thumbnailUrl":"https:\/\/static.africa-press.net\/cote\/sites\/43\/2021\/06\/img-60da02243b4cd.jpg","datePublished":"2021-06-28T17:38:09+00:00","dateModified":"2021-06-28T17:55:18+00:00","author":{"@id":"https:\/\/www.africa-press.net\/cotedivoire\/#\/schema\/person\/2b1cf3cd81a31e3cd26889ca66d677f1"},"description":"Il fallait le faire. Aller dans ce qui est d\u00e9sormais, l\u2019antre du terrorisme en C\u00f4te d\u2019Ivoire \u2013 Kafolo (Bouna) et Tehini ...","breadcrumb":{"@id":"https:\/\/www.africa-press.net\/cotedivoire\/politique\/cote-divoire-visite-de-belmonde-dogo-a-kafolo-les-autres-ministres-devraient-lui-emboiter-le-pas#breadcrumb"},"inLanguage":"fr-FR","potentialAction":[{"@type":"ReadAction","target":["https:\/\/www.africa-press.net\/cotedivoire\/politique\/cote-divoire-visite-de-belmonde-dogo-a-kafolo-les-autres-ministres-devraient-lui-emboiter-le-pas"]}]},{"@type":"ImageObject","inLanguage":"fr-FR","@id":"https:\/\/www.africa-press.net\/cotedivoire\/politique\/cote-divoire-visite-de-belmonde-dogo-a-kafolo-les-autres-ministres-devraient-lui-emboiter-le-pas#primaryimage","url":"https:\/\/static.africa-press.net\/cote\/sites\/43\/2021\/06\/img-60da02243b4cd.jpg","contentUrl":"https:\/\/static.africa-press.net\/cote\/sites\/43\/2021\/06\/img-60da02243b4cd.jpg","width":1080,"height":720,"caption":"C\u00f4te-d\u2019Ivoire: Visite de Belmonde Dogo \u00e0 Kafolo, les autres ministres devraient lui embo\u00eeter le pas !"},{"@type":"BreadcrumbList","@id":"https:\/\/www.africa-press.net\/cotedivoire\/politique\/cote-divoire-visite-de-belmonde-dogo-a-kafolo-les-autres-ministres-devraient-lui-emboiter-le-pas#breadcrumb","itemListElement":[{"@type":"ListItem","position":1,"name":"Accueil","item":"https:\/\/www.africa-press.net\/cotedivoire\/"},{"@type":"ListItem","position":2,"name":"Visite de Belmonde Dogo \u00e0 Kafolo, les autres ministres devraient lui embo\u00eeter le pas !"}]},{"@type":"WebSite","@id":"https:\/\/www.africa-press.net\/cotedivoire\/#website","url":"https:\/\/www.africa-press.net\/cotedivoire\/","name":"C\u00f4te d&#039;Ivoire","description":"Just another Africa News Agency Sites site","potentialAction":[{"@type":"SearchAction","target":{"@type":"EntryPoint","urlTemplate":"https:\/\/www.africa-press.net\/cotedivoire\/?s={search_term_string}"},"query-input":{"@type":"PropertyValueSpecification","valueRequired":true,"valueName":"search_term_string"}}],"inLanguage":"fr-FR"},{"@type":"Person","@id":"https:\/\/www.africa-press.net\/cotedivoire\/#\/schema\/person\/2b1cf3cd81a31e3cd26889ca66d677f1","name":"cfeditorfr"}]}},"_links":{"self":[{"href":"https:\/\/www.africa-press.net\/cotedivoire\/wp-json\/wp\/v2\/posts\/9519","targetHints":{"allow":["GET"]}}],"collection":[{"href":"https:\/\/www.africa-press.net\/cotedivoire\/wp-json\/wp\/v2\/posts"}],"about":[{"href":"https:\/\/www.africa-press.net\/cotedivoire\/wp-json\/wp\/v2\/types\/post"}],"author":[{"embeddable":true,"href":"https:\/\/www.africa-press.net\/cotedivoire\/wp-json\/wp\/v2\/users\/82"}],"replies":[{"embeddable":true,"href":"https:\/\/www.africa-press.net\/cotedivoire\/wp-json\/wp\/v2\/comments?post=9519"}],"version-history":[{"count":0,"href":"https:\/\/www.africa-press.net\/cotedivoire\/wp-json\/wp\/v2\/posts\/9519\/revisions"}],"wp:featuredmedia":[{"embeddable":true,"href":"https:\/\/www.africa-press.net\/cotedivoire\/wp-json\/wp\/v2\/media\/9518"}],"wp:attachment":[{"href":"https:\/\/www.africa-press.net\/cotedivoire\/wp-json\/wp\/v2\/media?parent=9519"}],"wp:term":[{"taxonomy":"category","embeddable":true,"href":"https:\/\/www.africa-press.net\/cotedivoire\/wp-json\/wp\/v2\/categories?post=9519"},{"taxonomy":"post_tag","embeddable":true,"href":"https:\/\/www.africa-press.net\/cotedivoire\/wp-json\/wp\/v2\/tags?post=9519"}],"curies":[{"name":"wp","href":"https:\/\/api.w.org\/{rel}","templated":true}]}}