{"id":95238,"date":"2025-02-17T13:18:08","date_gmt":"2025-02-17T13:18:08","guid":{"rendered":"https:\/\/www.africa-press.net\/cotedivoire\/politique\/amadou-coulibaly-a-linvestiture-de-lainv-a-korhogo-aucune-voix-ne-doit-nous-echapper-aux-prochaines-elections"},"modified":"2025-03-25T19:09:13","modified_gmt":"2025-03-25T19:09:13","slug":"amadou-coulibaly-a-linvestiture-de-lainv-a-korhogo-aucune-voix-ne-doit-nous-echapper-aux-prochaines-elections","status":"publish","type":"post","link":"https:\/\/www.africa-press.net\/cotedivoire\/politique\/amadou-coulibaly-a-linvestiture-de-lainv-a-korhogo-aucune-voix-ne-doit-nous-echapper-aux-prochaines-elections","title":{"rendered":"Amadou Coulibaly \u00e0 l&rsquo;investiture de l&rsquo;AINV \u00e0 Korhogo : \u00ab Aucune voix ne doit nous \u00e9chapper aux prochaines \u00e9lections \u00bb"},"content":{"rendered":"<p><span style=\"color: #ff6600\"><strong>Africa-Press &#8211; C\u00f4te d&rsquo;Ivoire. <\/strong><\/span>L&rsquo;Alliance Ivoirienne pour une Nouvelle Vision (AINV), un mouvement politique affilie\u0301 au Rassemblement des Houphoue\u0301tistes pour la De\u0301mocratie et la Paix (RHDP), a e\u0301te\u0301 officiellement lance\u0301e lors de son Assemble\u0301e ge\u0301ne\u0301rale constitutive, les 14 et 15 fe\u0301vrier 2025 a\u0300 Korhogo.<\/p>\n<p>Le candidat unique, Karim Koulibaly, a e\u0301te\u0301 e\u0301lu a\u0300 l\u2019unanimite\u0301 le 14 fe\u0301vrier, suite au retrait de la candidature de Kana Soro, lors d\u2019une re\u0301union qui s&rsquo;est tenue au Centre culturel Womiengnon de la ville.<\/p>\n<p>Le samedi 15 fe\u0301vrier, une ce\u0301re\u0301monie d\u2019investiture a eu lieu a\u0300 l\u2019Ho\u0302tel Printemps Mont Korhogo. A\u0300 cette occasion, le ministre de la Communication, Amadou Coulibaly, a pris la parole pour encourager les membres de l&rsquo;AINV a\u0300 \u0153uvrer pour la paix et la cohe\u0301sion nationale.<\/p>\n<p>Selon lui, l&rsquo;absence de cohe\u0301sion a contribue\u0301 a\u0300 l\u2019instabilite\u0301 et aux crises que le pays a traverse\u0301es. Il a e\u0301galement salue\u0301 la naissance de l&rsquo;AINV et a exhorte\u0301 ses membres a\u0300 de\u0301fendre le bilan du pre\u0301sident Alassane Ouattara, a\u0300 l&rsquo;instar des actions de de\u0301veloppement entreprises sous son leadership, et a\u0300 contribuer activement a\u0300 sa re\u0301e\u0301lection lors des e\u0301lections pre\u0301vues pour le 25 octobre 2025.<\/p>\n<p>\u00ab Aucune de nos voix ne doit nous e\u0301chapper aux prochaines e\u0301lections \u00bb, a insiste\u0301 Amadou Coulibaly, soulignant l&rsquo;importance d\u2019une majorite\u0301 e\u0301crasante en faveur du pre\u0301sident Ouattara.<\/p>\n<p>Le ministre a e\u0301galement mis en avant les re\u0301alisations de l&rsquo;actuel gouvernement, citant notamment la construction d&rsquo;e\u0301coles de proximite\u0301, l&rsquo;ame\u0301lioration des infrastructures de sante\u0301, l\u2019e\u0301lectrification du pays a\u0300 plus de 80%, et la modernisation du re\u0301seau routier.<\/p>\n<p>Avant l\u2019arrive\u0301e d&rsquo;Amadou Coulibaly, le pre\u0301sident de l&rsquo;AINV, Karim Koulibaly, a e\u0301te\u0301 officiellement investi par son repre\u0301sentant, Ge\u0301de\u0301on Coulibaly, et par le porte-parole du De\u0301pute\u0301 de Sirasso, Kanigui Mamadou Soro. Le pre\u0301sident du comite\u0301 d\u2019organisation, Ye\u0301o Klotielema, a exprime\u0301 sa gratitude aux invite\u0301s et aux membres pour leur forte mobilisation.<\/p>\n<p>Dans son discours inaugural, Karim Koulibaly a de\u0301crit l\u2019AINV comme un mouvement re\u0301publicain, pacifique et de\u0301termine\u0301 a\u0300 de\u0301fendre les institutions de la Re\u0301publique et les acquis du pouvoir.<\/p>\n<p>Il a e\u0301galement souligne\u0301 le choix strate\u0301gique de Korhogo pour l\u2019investiture, soulignant que cette ville symbolise l\u2019he\u0301ritage et la victoire, et que \u00ab celui qui a le Nord a tout gagne\u0301 \u00bb.<\/p>\n<p>Le pre\u0301sident du mouvement a exprime\u0301 sa fierte\u0301 de voir la Co\u0302te d&rsquo;Ivoire, autrefois fragile, se transformer en un pays e\u0301mergent gra\u0302ce aux nombreuses infrastructures et re\u0301formes entreprises sous le leadership du pre\u0301sident Ouattara, comme les e\u0301changeurs, les nouvelles universite\u0301s, les centres hospitaliers de re\u0301fe\u0301rence et la modernisation de la ville d\u2019Abidjan.<\/p>\n<p>Karim Koulibaly a e\u0301galement fait un appel fort en faveur de la candidature d\u2019Alassane Ouattara pour un troisie\u0300me mandat: \u00ab Nous demandons la candidature du pre\u0301sident Alassane Ouattara \u00bb, a-t-il de\u0301clare\u0301, sous un tonnerre d\u2019applaudissements.<\/p>\n<p>Il a insiste\u0301 sur la stabilite\u0301 du pays depuis l\u2019arrive\u0301e de Ouattara a\u0300 la te\u0302te de l\u2019E\u0301tat et a encourage\u0301 les Ivoiriens a\u0300 adopter un changement de mentalite\u0301 pour un avenir prospe\u0300re.<\/p>\n<p>Outre le pre\u0301sident Karim Koulibaly, deux autres membres, Kone\u0301 Katienedjo Kassoum et Zie\u0301 Michel Coulibaly, ont e\u0301te\u0301 e\u0301lus au poste de Commissaires aux comptes lors de l&rsquo;Assemble\u0301e ge\u0301ne\u0301rale constitutive.<\/p>\n<p>Le mouvement AINV a ainsi marque\u0301 un tournant en s&rsquo;engageant re\u0301solument aux co\u0302te\u0301s du RHDP et de toutes les forces politiques favorables a\u0300 la stabilite\u0301 et au de\u0301veloppement du pays.<\/p>\n<p><strong>Pour plus d&rsquo;informations et d&rsquo;analyses sur la <span style=\"color: #ff6600\">C\u00f4te d&rsquo;Ivoire<\/span>, suivez <span style=\"color: #ff6600\">Africa-Press<\/span><\/strong><\/p>\n","protected":false},"excerpt":{"rendered":"<p>Africa-Press &#8211; C\u00f4te d&rsquo;Ivoire. L&rsquo;Alliance Ivoirienne pour une Nouvelle Vision (AINV), un mouvement politique affilie\u0301 au Rassemblement des Houphoue\u0301tistes pour la De\u0301mocratie et la Paix (RHDP), a e\u0301te\u0301 officiellement lance\u0301e lors de son Assemble\u0301e ge\u0301ne\u0301rale constitutive, les 14 et 15 fe\u0301vrier 2025 a\u0300 Korhogo. Le candidat unique, Karim Koulibaly, a e\u0301te\u0301 e\u0301lu a\u0300 l\u2019unanimite\u0301 le [&hellip;]<\/p>\n","protected":false},"author":82,"featured_media":95237,"comment_status":"open","ping_status":"closed","sticky":false,"template":"","format":"standard","meta":{"footnotes":""},"categories":[2,10],"tags":[16814,38,456,745,29,953,3558,586,1780,15079],"class_list":["post-95238","post","type-post","status-publish","format-standard","has-post-thumbnail","hentry","category-politique","category-toutes-les-actualites","tag-ainv","tag-alassane-ouattara","tag-amadou-coulibaly","tag-candidature","tag-cote-divoire","tag-echangeur","tag-election","tag-ivoirien","tag-korhogo","tag-voix"],"yoast_head":"<!-- This site is optimized with the Yoast SEO Premium plugin v26.1 (Yoast SEO v27.0) - https:\/\/yoast.com\/product\/yoast-seo-premium-wordpress\/ -->\n<title>Amadou Coulibaly \u00e0 l&#039;investiture de l&#039;AINV \u00e0 Korhogo : \u00ab Aucune voix ne doit nous \u00e9chapper aux prochaines \u00e9lections \u00bb - C\u00f4te d&#039;Ivoire<\/title>\n<meta name=\"description\" content=\"L&#039;Alliance Ivoirienne pour une Nouvelle Vision (AINV), un mouvement politique affilie\u0301 au Rassemblement des Houphoue\u0301tis ...\" \/>\n<meta name=\"robots\" content=\"index, follow, max-snippet:-1, max-image-preview:large, max-video-preview:-1\" \/>\n<link rel=\"canonical\" href=\"https:\/\/www.africa-press.net\/cotedivoire\/politique\/amadou-coulibaly-a-linvestiture-de-lainv-a-korhogo-aucune-voix-ne-doit-nous-echapper-aux-prochaines-elections\" \/>\n<meta property=\"og:locale\" content=\"fr_FR\" \/>\n<meta property=\"og:type\" content=\"article\" \/>\n<meta property=\"og:title\" content=\"Amadou Coulibaly \u00e0 l&#039;investiture de l&#039;AINV \u00e0 Korhogo : \u00ab Aucune voix ne doit nous \u00e9chapper aux prochaines \u00e9lections \u00bb\" \/>\n<meta property=\"og:description\" content=\"L&#039;Alliance Ivoirienne pour une Nouvelle Vision (AINV), un mouvement politique affilie\u0301 au Rassemblement des Houphoue\u0301tis ...\" \/>\n<meta property=\"og:url\" content=\"https:\/\/www.africa-press.net\/cotedivoire\/politique\/amadou-coulibaly-a-linvestiture-de-lainv-a-korhogo-aucune-voix-ne-doit-nous-echapper-aux-prochaines-elections\" \/>\n<meta property=\"og:site_name\" content=\"C\u00f4te d&#039;Ivoire\" \/>\n<meta property=\"article:published_time\" content=\"2025-02-17T13:18:08+00:00\" \/>\n<meta property=\"article:modified_time\" content=\"2025-03-25T19:09:13+00:00\" \/>\n<meta property=\"og:image\" content=\"https:\/\/static.africa-press.net\/cote\/sites\/43\/2025\/02\/sm_1739787468.390642.jpg\" \/>\n\t<meta property=\"og:image:width\" content=\"720\" \/>\n\t<meta property=\"og:image:height\" content=\"480\" \/>\n\t<meta property=\"og:image:type\" content=\"image\/jpeg\" \/>\n<meta name=\"author\" content=\"cfeditorfr\" \/>\n<meta name=\"twitter:card\" content=\"summary_large_image\" \/>\n<meta name=\"twitter:label1\" content=\"\u00c9crit par\" \/>\n\t<meta name=\"twitter:data1\" content=\"cfeditorfr\" \/>\n\t<meta name=\"twitter:label2\" content=\"Dur\u00e9e de lecture estim\u00e9e\" \/>\n\t<meta name=\"twitter:data2\" content=\"3 minutes\" \/>\n<script type=\"application\/ld+json\" class=\"yoast-schema-graph\">{\"@context\":\"https:\/\/schema.org\",\"@graph\":[{\"@type\":\"Article\",\"@id\":\"https:\/\/www.africa-press.net\/cotedivoire\/politique\/amadou-coulibaly-a-linvestiture-de-lainv-a-korhogo-aucune-voix-ne-doit-nous-echapper-aux-prochaines-elections#article\",\"isPartOf\":{\"@id\":\"https:\/\/www.africa-press.net\/cotedivoire\/politique\/amadou-coulibaly-a-linvestiture-de-lainv-a-korhogo-aucune-voix-ne-doit-nous-echapper-aux-prochaines-elections\"},\"author\":{\"name\":\"cfeditorfr\",\"@id\":\"https:\/\/www.africa-press.net\/cotedivoire\/#\/schema\/person\/2b1cf3cd81a31e3cd26889ca66d677f1\"},\"headline\":\"Amadou Coulibaly \u00e0 l&rsquo;investiture de l&rsquo;AINV \u00e0 Korhogo : \u00ab Aucune voix ne doit nous \u00e9chapper aux prochaines \u00e9lections \u00bb\",\"datePublished\":\"2025-02-17T13:18:08+00:00\",\"dateModified\":\"2025-03-25T19:09:13+00:00\",\"mainEntityOfPage\":{\"@id\":\"https:\/\/www.africa-press.net\/cotedivoire\/politique\/amadou-coulibaly-a-linvestiture-de-lainv-a-korhogo-aucune-voix-ne-doit-nous-echapper-aux-prochaines-elections\"},\"wordCount\":674,\"commentCount\":0,\"image\":{\"@id\":\"https:\/\/www.africa-press.net\/cotedivoire\/politique\/amadou-coulibaly-a-linvestiture-de-lainv-a-korhogo-aucune-voix-ne-doit-nous-echapper-aux-prochaines-elections#primaryimage\"},\"thumbnailUrl\":\"https:\/\/static.africa-press.net\/cote\/sites\/43\/2025\/02\/sm_1739787468.390642.jpg\",\"keywords\":[\"AINV\",\"Alassane Ouattara\",\"Amadou Coulibaly\",\"candidature\",\"C\u00d4TE D'IVOIRE\",\"\u00e9changeur\",\"\u00e9lection\",\"ivoirien\",\"Korhogo\",\"voix\"],\"articleSection\":[\"Politique\",\"Toutes les actualit\u00e9s\"],\"inLanguage\":\"fr-FR\",\"potentialAction\":[{\"@type\":\"CommentAction\",\"name\":\"Comment\",\"target\":[\"https:\/\/www.africa-press.net\/cotedivoire\/politique\/amadou-coulibaly-a-linvestiture-de-lainv-a-korhogo-aucune-voix-ne-doit-nous-echapper-aux-prochaines-elections#respond\"]}]},{\"@type\":\"WebPage\",\"@id\":\"https:\/\/www.africa-press.net\/cotedivoire\/politique\/amadou-coulibaly-a-linvestiture-de-lainv-a-korhogo-aucune-voix-ne-doit-nous-echapper-aux-prochaines-elections\",\"url\":\"https:\/\/www.africa-press.net\/cotedivoire\/politique\/amadou-coulibaly-a-linvestiture-de-lainv-a-korhogo-aucune-voix-ne-doit-nous-echapper-aux-prochaines-elections\",\"name\":\"Amadou Coulibaly \u00e0 l'investiture de l'AINV \u00e0 Korhogo : \u00ab Aucune voix ne doit nous \u00e9chapper aux prochaines \u00e9lections \u00bb - C\u00f4te d&#039;Ivoire\",\"isPartOf\":{\"@id\":\"https:\/\/www.africa-press.net\/cotedivoire\/#website\"},\"primaryImageOfPage\":{\"@id\":\"https:\/\/www.africa-press.net\/cotedivoire\/politique\/amadou-coulibaly-a-linvestiture-de-lainv-a-korhogo-aucune-voix-ne-doit-nous-echapper-aux-prochaines-elections#primaryimage\"},\"image\":{\"@id\":\"https:\/\/www.africa-press.net\/cotedivoire\/politique\/amadou-coulibaly-a-linvestiture-de-lainv-a-korhogo-aucune-voix-ne-doit-nous-echapper-aux-prochaines-elections#primaryimage\"},\"thumbnailUrl\":\"https:\/\/static.africa-press.net\/cote\/sites\/43\/2025\/02\/sm_1739787468.390642.jpg\",\"datePublished\":\"2025-02-17T13:18:08+00:00\",\"dateModified\":\"2025-03-25T19:09:13+00:00\",\"author\":{\"@id\":\"https:\/\/www.africa-press.net\/cotedivoire\/#\/schema\/person\/2b1cf3cd81a31e3cd26889ca66d677f1\"},\"description\":\"L'Alliance Ivoirienne pour une Nouvelle Vision (AINV), un mouvement politique affilie\u0301 au Rassemblement des Houphoue\u0301tis ...\",\"breadcrumb\":{\"@id\":\"https:\/\/www.africa-press.net\/cotedivoire\/politique\/amadou-coulibaly-a-linvestiture-de-lainv-a-korhogo-aucune-voix-ne-doit-nous-echapper-aux-prochaines-elections#breadcrumb\"},\"inLanguage\":\"fr-FR\",\"potentialAction\":[{\"@type\":\"ReadAction\",\"target\":[\"https:\/\/www.africa-press.net\/cotedivoire\/politique\/amadou-coulibaly-a-linvestiture-de-lainv-a-korhogo-aucune-voix-ne-doit-nous-echapper-aux-prochaines-elections\"]}]},{\"@type\":\"ImageObject\",\"inLanguage\":\"fr-FR\",\"@id\":\"https:\/\/www.africa-press.net\/cotedivoire\/politique\/amadou-coulibaly-a-linvestiture-de-lainv-a-korhogo-aucune-voix-ne-doit-nous-echapper-aux-prochaines-elections#primaryimage\",\"url\":\"https:\/\/static.africa-press.net\/cote\/sites\/43\/2025\/02\/sm_1739787468.390642.jpg\",\"contentUrl\":\"https:\/\/static.africa-press.net\/cote\/sites\/43\/2025\/02\/sm_1739787468.390642.jpg\",\"width\":720,\"height\":480,\"caption\":\"Amadou Coulibaly \u00e0 l'investiture de l'AINV \u00e0 Korhogo : \u00ab Aucune voix ne doit nous \u00e9chapper aux prochaines \u00e9lections \u00bb\"},{\"@type\":\"BreadcrumbList\",\"@id\":\"https:\/\/www.africa-press.net\/cotedivoire\/politique\/amadou-coulibaly-a-linvestiture-de-lainv-a-korhogo-aucune-voix-ne-doit-nous-echapper-aux-prochaines-elections#breadcrumb\",\"itemListElement\":[{\"@type\":\"ListItem\",\"position\":1,\"name\":\"Accueil\",\"item\":\"https:\/\/www.africa-press.net\/cotedivoire\/\"},{\"@type\":\"ListItem\",\"position\":2,\"name\":\"Amadou Coulibaly \u00e0 l&rsquo;investiture de l&rsquo;AINV \u00e0 Korhogo : \u00ab Aucune voix ne doit nous \u00e9chapper aux prochaines \u00e9lections \u00bb\"}]},{\"@type\":\"WebSite\",\"@id\":\"https:\/\/www.africa-press.net\/cotedivoire\/#website\",\"url\":\"https:\/\/www.africa-press.net\/cotedivoire\/\",\"name\":\"C\u00f4te d&#039;Ivoire\",\"description\":\"Just another Africa News Agency Sites site\",\"potentialAction\":[{\"@type\":\"SearchAction\",\"target\":{\"@type\":\"EntryPoint\",\"urlTemplate\":\"https:\/\/www.africa-press.net\/cotedivoire\/?s={search_term_string}\"},\"query-input\":{\"@type\":\"PropertyValueSpecification\",\"valueRequired\":true,\"valueName\":\"search_term_string\"}}],\"inLanguage\":\"fr-FR\"},{\"@type\":\"Person\",\"@id\":\"https:\/\/www.africa-press.net\/cotedivoire\/#\/schema\/person\/2b1cf3cd81a31e3cd26889ca66d677f1\",\"name\":\"cfeditorfr\"}]}<\/script>\n<!-- \/ Yoast SEO Premium plugin. -->","yoast_head_json":{"title":"Amadou Coulibaly \u00e0 l'investiture de l'AINV \u00e0 Korhogo : \u00ab Aucune voix ne doit nous \u00e9chapper aux prochaines \u00e9lections \u00bb - C\u00f4te d&#039;Ivoire","description":"L'Alliance Ivoirienne pour une Nouvelle Vision (AINV), un mouvement politique affilie\u0301 au Rassemblement des Houphoue\u0301tis ...","robots":{"index":"index","follow":"follow","max-snippet":"max-snippet:-1","max-image-preview":"max-image-preview:large","max-video-preview":"max-video-preview:-1"},"canonical":"https:\/\/www.africa-press.net\/cotedivoire\/politique\/amadou-coulibaly-a-linvestiture-de-lainv-a-korhogo-aucune-voix-ne-doit-nous-echapper-aux-prochaines-elections","og_locale":"fr_FR","og_type":"article","og_title":"Amadou Coulibaly \u00e0 l'investiture de l'AINV \u00e0 Korhogo : \u00ab Aucune voix ne doit nous \u00e9chapper aux prochaines \u00e9lections \u00bb","og_description":"L'Alliance Ivoirienne pour une Nouvelle Vision (AINV), un mouvement politique affilie\u0301 au Rassemblement des Houphoue\u0301tis ...","og_url":"https:\/\/www.africa-press.net\/cotedivoire\/politique\/amadou-coulibaly-a-linvestiture-de-lainv-a-korhogo-aucune-voix-ne-doit-nous-echapper-aux-prochaines-elections","og_site_name":"C\u00f4te d&#039;Ivoire","article_published_time":"2025-02-17T13:18:08+00:00","article_modified_time":"2025-03-25T19:09:13+00:00","og_image":[{"width":720,"height":480,"url":"https:\/\/static.africa-press.net\/cote\/sites\/43\/2025\/02\/sm_1739787468.390642.jpg","type":"image\/jpeg"}],"author":"cfeditorfr","twitter_card":"summary_large_image","twitter_misc":{"\u00c9crit par":"cfeditorfr","Dur\u00e9e de lecture estim\u00e9e":"3 minutes"},"schema":{"@context":"https:\/\/schema.org","@graph":[{"@type":"Article","@id":"https:\/\/www.africa-press.net\/cotedivoire\/politique\/amadou-coulibaly-a-linvestiture-de-lainv-a-korhogo-aucune-voix-ne-doit-nous-echapper-aux-prochaines-elections#article","isPartOf":{"@id":"https:\/\/www.africa-press.net\/cotedivoire\/politique\/amadou-coulibaly-a-linvestiture-de-lainv-a-korhogo-aucune-voix-ne-doit-nous-echapper-aux-prochaines-elections"},"author":{"name":"cfeditorfr","@id":"https:\/\/www.africa-press.net\/cotedivoire\/#\/schema\/person\/2b1cf3cd81a31e3cd26889ca66d677f1"},"headline":"Amadou Coulibaly \u00e0 l&rsquo;investiture de l&rsquo;AINV \u00e0 Korhogo : \u00ab Aucune voix ne doit nous \u00e9chapper aux prochaines \u00e9lections \u00bb","datePublished":"2025-02-17T13:18:08+00:00","dateModified":"2025-03-25T19:09:13+00:00","mainEntityOfPage":{"@id":"https:\/\/www.africa-press.net\/cotedivoire\/politique\/amadou-coulibaly-a-linvestiture-de-lainv-a-korhogo-aucune-voix-ne-doit-nous-echapper-aux-prochaines-elections"},"wordCount":674,"commentCount":0,"image":{"@id":"https:\/\/www.africa-press.net\/cotedivoire\/politique\/amadou-coulibaly-a-linvestiture-de-lainv-a-korhogo-aucune-voix-ne-doit-nous-echapper-aux-prochaines-elections#primaryimage"},"thumbnailUrl":"https:\/\/static.africa-press.net\/cote\/sites\/43\/2025\/02\/sm_1739787468.390642.jpg","keywords":["AINV","Alassane Ouattara","Amadou Coulibaly","candidature","C\u00d4TE D'IVOIRE","\u00e9changeur","\u00e9lection","ivoirien","Korhogo","voix"],"articleSection":["Politique","Toutes les actualit\u00e9s"],"inLanguage":"fr-FR","potentialAction":[{"@type":"CommentAction","name":"Comment","target":["https:\/\/www.africa-press.net\/cotedivoire\/politique\/amadou-coulibaly-a-linvestiture-de-lainv-a-korhogo-aucune-voix-ne-doit-nous-echapper-aux-prochaines-elections#respond"]}]},{"@type":"WebPage","@id":"https:\/\/www.africa-press.net\/cotedivoire\/politique\/amadou-coulibaly-a-linvestiture-de-lainv-a-korhogo-aucune-voix-ne-doit-nous-echapper-aux-prochaines-elections","url":"https:\/\/www.africa-press.net\/cotedivoire\/politique\/amadou-coulibaly-a-linvestiture-de-lainv-a-korhogo-aucune-voix-ne-doit-nous-echapper-aux-prochaines-elections","name":"Amadou Coulibaly \u00e0 l'investiture de l'AINV \u00e0 Korhogo : \u00ab Aucune voix ne doit nous \u00e9chapper aux prochaines \u00e9lections \u00bb - C\u00f4te d&#039;Ivoire","isPartOf":{"@id":"https:\/\/www.africa-press.net\/cotedivoire\/#website"},"primaryImageOfPage":{"@id":"https:\/\/www.africa-press.net\/cotedivoire\/politique\/amadou-coulibaly-a-linvestiture-de-lainv-a-korhogo-aucune-voix-ne-doit-nous-echapper-aux-prochaines-elections#primaryimage"},"image":{"@id":"https:\/\/www.africa-press.net\/cotedivoire\/politique\/amadou-coulibaly-a-linvestiture-de-lainv-a-korhogo-aucune-voix-ne-doit-nous-echapper-aux-prochaines-elections#primaryimage"},"thumbnailUrl":"https:\/\/static.africa-press.net\/cote\/sites\/43\/2025\/02\/sm_1739787468.390642.jpg","datePublished":"2025-02-17T13:18:08+00:00","dateModified":"2025-03-25T19:09:13+00:00","author":{"@id":"https:\/\/www.africa-press.net\/cotedivoire\/#\/schema\/person\/2b1cf3cd81a31e3cd26889ca66d677f1"},"description":"L'Alliance Ivoirienne pour une Nouvelle Vision (AINV), un mouvement politique affilie\u0301 au Rassemblement des Houphoue\u0301tis ...","breadcrumb":{"@id":"https:\/\/www.africa-press.net\/cotedivoire\/politique\/amadou-coulibaly-a-linvestiture-de-lainv-a-korhogo-aucune-voix-ne-doit-nous-echapper-aux-prochaines-elections#breadcrumb"},"inLanguage":"fr-FR","potentialAction":[{"@type":"ReadAction","target":["https:\/\/www.africa-press.net\/cotedivoire\/politique\/amadou-coulibaly-a-linvestiture-de-lainv-a-korhogo-aucune-voix-ne-doit-nous-echapper-aux-prochaines-elections"]}]},{"@type":"ImageObject","inLanguage":"fr-FR","@id":"https:\/\/www.africa-press.net\/cotedivoire\/politique\/amadou-coulibaly-a-linvestiture-de-lainv-a-korhogo-aucune-voix-ne-doit-nous-echapper-aux-prochaines-elections#primaryimage","url":"https:\/\/static.africa-press.net\/cote\/sites\/43\/2025\/02\/sm_1739787468.390642.jpg","contentUrl":"https:\/\/static.africa-press.net\/cote\/sites\/43\/2025\/02\/sm_1739787468.390642.jpg","width":720,"height":480,"caption":"Amadou Coulibaly \u00e0 l'investiture de l'AINV \u00e0 Korhogo : \u00ab Aucune voix ne doit nous \u00e9chapper aux prochaines \u00e9lections \u00bb"},{"@type":"BreadcrumbList","@id":"https:\/\/www.africa-press.net\/cotedivoire\/politique\/amadou-coulibaly-a-linvestiture-de-lainv-a-korhogo-aucune-voix-ne-doit-nous-echapper-aux-prochaines-elections#breadcrumb","itemListElement":[{"@type":"ListItem","position":1,"name":"Accueil","item":"https:\/\/www.africa-press.net\/cotedivoire\/"},{"@type":"ListItem","position":2,"name":"Amadou Coulibaly \u00e0 l&rsquo;investiture de l&rsquo;AINV \u00e0 Korhogo : \u00ab Aucune voix ne doit nous \u00e9chapper aux prochaines \u00e9lections \u00bb"}]},{"@type":"WebSite","@id":"https:\/\/www.africa-press.net\/cotedivoire\/#website","url":"https:\/\/www.africa-press.net\/cotedivoire\/","name":"C\u00f4te d&#039;Ivoire","description":"Just another Africa News Agency Sites site","potentialAction":[{"@type":"SearchAction","target":{"@type":"EntryPoint","urlTemplate":"https:\/\/www.africa-press.net\/cotedivoire\/?s={search_term_string}"},"query-input":{"@type":"PropertyValueSpecification","valueRequired":true,"valueName":"search_term_string"}}],"inLanguage":"fr-FR"},{"@type":"Person","@id":"https:\/\/www.africa-press.net\/cotedivoire\/#\/schema\/person\/2b1cf3cd81a31e3cd26889ca66d677f1","name":"cfeditorfr"}]}},"_links":{"self":[{"href":"https:\/\/www.africa-press.net\/cotedivoire\/wp-json\/wp\/v2\/posts\/95238","targetHints":{"allow":["GET"]}}],"collection":[{"href":"https:\/\/www.africa-press.net\/cotedivoire\/wp-json\/wp\/v2\/posts"}],"about":[{"href":"https:\/\/www.africa-press.net\/cotedivoire\/wp-json\/wp\/v2\/types\/post"}],"author":[{"embeddable":true,"href":"https:\/\/www.africa-press.net\/cotedivoire\/wp-json\/wp\/v2\/users\/82"}],"replies":[{"embeddable":true,"href":"https:\/\/www.africa-press.net\/cotedivoire\/wp-json\/wp\/v2\/comments?post=95238"}],"version-history":[{"count":0,"href":"https:\/\/www.africa-press.net\/cotedivoire\/wp-json\/wp\/v2\/posts\/95238\/revisions"}],"wp:featuredmedia":[{"embeddable":true,"href":"https:\/\/www.africa-press.net\/cotedivoire\/wp-json\/wp\/v2\/media\/95237"}],"wp:attachment":[{"href":"https:\/\/www.africa-press.net\/cotedivoire\/wp-json\/wp\/v2\/media?parent=95238"}],"wp:term":[{"taxonomy":"category","embeddable":true,"href":"https:\/\/www.africa-press.net\/cotedivoire\/wp-json\/wp\/v2\/categories?post=95238"},{"taxonomy":"post_tag","embeddable":true,"href":"https:\/\/www.africa-press.net\/cotedivoire\/wp-json\/wp\/v2\/tags?post=95238"}],"curies":[{"name":"wp","href":"https:\/\/api.w.org\/{rel}","templated":true}]}}