{"id":95246,"date":"2025-02-17T13:19:18","date_gmt":"2025-02-17T13:19:18","guid":{"rendered":"https:\/\/www.africa-press.net\/cotedivoire\/politique\/manchester-united-fin-de-saison-pour-lespoir-amad-diallo"},"modified":"2025-03-25T19:10:07","modified_gmt":"2025-03-25T19:10:07","slug":"manchester-united-fin-de-saison-pour-lespoir-amad-diallo","status":"publish","type":"post","link":"https:\/\/www.africa-press.net\/cotedivoire\/sports\/manchester-united-fin-de-saison-pour-lespoir-amad-diallo","title":{"rendered":"Manchester United, fin de saison pour l&rsquo;espoir Amad Diallo ?"},"content":{"rendered":"<p><span style=\"color: #ff6600\"><strong>Africa-Press &#8211; C\u00f4te d&rsquo;Ivoire. <\/strong><\/span>Tre\u0300s en vue avec Manchester United en cette saison 2024-2025, l\u2019international espoir ivoirien, Amad Diallo, est victime d\u2019une blessure qui pourrait l\u2019e\u0301carter des pelouses pour une bonne pe\u0301riode:<\/p>\n<p>C\u2019est le joueur qui donne l\u2019information via son compte officiel: \u00ab Extre\u0302mement de\u0301c\u0327u d\u2019e\u0301crire ce message a\u0300 un moment aussi crucial de la saison. Malheureusement, je serai absent pendant un certain temps en raison d&rsquo;une blessure. Je reviendrai plus fort que jamais !! Il est temps de soutenir les garc\u0327ons de l\u2019exte\u0301rieur. Il y a encore beaucoup de choses a\u0300 jouer \u00bb, a-t-il poste\u0301.<\/p>\n<p>Un coup dur pour Manchester United et surtout pour la Co\u0302te d\u2019Ivoire qui entame les e\u0301liminatoires de la coupe du monde 2026 au mois de mars prochain.<\/p>\n<p><strong>Pour plus d&rsquo;informations et d&rsquo;analyses sur la <span style=\"color: #ff6600\">C\u00f4te d&rsquo;Ivoire<\/span>, suivez <span style=\"color: #ff6600\">Africa-Press<\/span><\/strong><\/p>\n","protected":false},"excerpt":{"rendered":"<p>Africa-Press &#8211; C\u00f4te d&rsquo;Ivoire. Tre\u0300s en vue avec Manchester United en cette saison 2024-2025, l\u2019international espoir ivoirien, Amad Diallo, est victime d\u2019une blessure qui pourrait l\u2019e\u0301carter des pelouses pour une bonne pe\u0301riode: C\u2019est le joueur qui donne l\u2019information via son compte officiel: \u00ab Extre\u0302mement de\u0301c\u0327u d\u2019e\u0301crire ce message a\u0300 un moment aussi crucial de la [&hellip;]<\/p>\n","protected":false},"author":82,"featured_media":95245,"comment_status":"open","ping_status":"closed","sticky":false,"template":"","format":"standard","meta":{"footnotes":""},"categories":[6,10],"tags":[939,12596,29,4136],"class_list":["post-95246","post","type-post","status-publish","format-standard","has-post-thumbnail","hentry","category-sports","category-toutes-les-actualites","tag-amad-diallo","tag-blessure","tag-cote-divoire","tag-manchester-united"],"yoast_head":"<!-- This site is optimized with the Yoast SEO Premium plugin v26.1 (Yoast SEO v27.0) - https:\/\/yoast.com\/product\/yoast-seo-premium-wordpress\/ -->\n<title>Manchester United, fin de saison pour l&#039;espoir Amad Diallo ? - C\u00f4te d&#039;Ivoire<\/title>\n<meta name=\"description\" content=\"Tre\u0300s en vue avec Manchester United en cette saison 2024-2025, l\u2019international espoir ivoirien, Amad Diallo, est victime ...\" \/>\n<meta name=\"robots\" content=\"index, follow, max-snippet:-1, max-image-preview:large, max-video-preview:-1\" \/>\n<link rel=\"canonical\" href=\"https:\/\/www.africa-press.net\/cotedivoire\/sports\/manchester-united-fin-de-saison-pour-lespoir-amad-diallo\" \/>\n<meta property=\"og:locale\" content=\"fr_FR\" \/>\n<meta property=\"og:type\" content=\"article\" \/>\n<meta property=\"og:title\" content=\"Manchester United, fin de saison pour l&#039;espoir Amad Diallo ?\" \/>\n<meta property=\"og:description\" content=\"Tre\u0300s en vue avec Manchester United en cette saison 2024-2025, l\u2019international espoir ivoirien, Amad Diallo, est victime ...\" \/>\n<meta property=\"og:url\" content=\"https:\/\/www.africa-press.net\/cotedivoire\/sports\/manchester-united-fin-de-saison-pour-lespoir-amad-diallo\" \/>\n<meta property=\"og:site_name\" content=\"C\u00f4te d&#039;Ivoire\" \/>\n<meta property=\"article:published_time\" content=\"2025-02-17T13:19:18+00:00\" \/>\n<meta property=\"article:modified_time\" content=\"2025-03-25T19:10:07+00:00\" \/>\n<meta property=\"og:image\" content=\"https:\/\/static.africa-press.net\/cote\/sites\/43\/2025\/02\/sm_1739787522.402831.jpg\" \/>\n\t<meta property=\"og:image:width\" content=\"720\" \/>\n\t<meta property=\"og:image:height\" content=\"404\" \/>\n\t<meta property=\"og:image:type\" content=\"image\/jpeg\" \/>\n<meta name=\"author\" content=\"cfeditorfr\" \/>\n<meta name=\"twitter:card\" content=\"summary_large_image\" \/>\n<meta name=\"twitter:label1\" content=\"\u00c9crit par\" \/>\n\t<meta name=\"twitter:data1\" content=\"cfeditorfr\" \/>\n\t<meta name=\"twitter:label2\" content=\"Dur\u00e9e de lecture estim\u00e9e\" \/>\n\t<meta name=\"twitter:data2\" content=\"1 minute\" \/>\n<script type=\"application\/ld+json\" class=\"yoast-schema-graph\">{\"@context\":\"https:\/\/schema.org\",\"@graph\":[{\"@type\":\"Article\",\"@id\":\"https:\/\/www.africa-press.net\/cotedivoire\/sports\/manchester-united-fin-de-saison-pour-lespoir-amad-diallo#article\",\"isPartOf\":{\"@id\":\"https:\/\/www.africa-press.net\/cotedivoire\/sports\/manchester-united-fin-de-saison-pour-lespoir-amad-diallo\"},\"author\":{\"name\":\"cfeditorfr\",\"@id\":\"https:\/\/www.africa-press.net\/cotedivoire\/#\/schema\/person\/2b1cf3cd81a31e3cd26889ca66d677f1\"},\"headline\":\"Manchester United, fin de saison pour l&rsquo;espoir Amad Diallo ?\",\"datePublished\":\"2025-02-17T13:19:18+00:00\",\"dateModified\":\"2025-03-25T19:10:07+00:00\",\"mainEntityOfPage\":{\"@id\":\"https:\/\/www.africa-press.net\/cotedivoire\/sports\/manchester-united-fin-de-saison-pour-lespoir-amad-diallo\"},\"wordCount\":166,\"commentCount\":0,\"image\":{\"@id\":\"https:\/\/www.africa-press.net\/cotedivoire\/sports\/manchester-united-fin-de-saison-pour-lespoir-amad-diallo#primaryimage\"},\"thumbnailUrl\":\"https:\/\/static.africa-press.net\/cote\/sites\/43\/2025\/02\/sm_1739787522.402831.jpg\",\"keywords\":[\"Amad Diallo\",\"blessure\",\"C\u00d4TE D'IVOIRE\",\"Manchester United\"],\"articleSection\":[\"Sports\",\"Toutes les actualit\u00e9s\"],\"inLanguage\":\"fr-FR\",\"potentialAction\":[{\"@type\":\"CommentAction\",\"name\":\"Comment\",\"target\":[\"https:\/\/www.africa-press.net\/cotedivoire\/sports\/manchester-united-fin-de-saison-pour-lespoir-amad-diallo#respond\"]}]},{\"@type\":\"WebPage\",\"@id\":\"https:\/\/www.africa-press.net\/cotedivoire\/sports\/manchester-united-fin-de-saison-pour-lespoir-amad-diallo\",\"url\":\"https:\/\/www.africa-press.net\/cotedivoire\/sports\/manchester-united-fin-de-saison-pour-lespoir-amad-diallo\",\"name\":\"Manchester United, fin de saison pour l'espoir Amad Diallo ? - C\u00f4te d&#039;Ivoire\",\"isPartOf\":{\"@id\":\"https:\/\/www.africa-press.net\/cotedivoire\/#website\"},\"primaryImageOfPage\":{\"@id\":\"https:\/\/www.africa-press.net\/cotedivoire\/sports\/manchester-united-fin-de-saison-pour-lespoir-amad-diallo#primaryimage\"},\"image\":{\"@id\":\"https:\/\/www.africa-press.net\/cotedivoire\/sports\/manchester-united-fin-de-saison-pour-lespoir-amad-diallo#primaryimage\"},\"thumbnailUrl\":\"https:\/\/static.africa-press.net\/cote\/sites\/43\/2025\/02\/sm_1739787522.402831.jpg\",\"datePublished\":\"2025-02-17T13:19:18+00:00\",\"dateModified\":\"2025-03-25T19:10:07+00:00\",\"author\":{\"@id\":\"https:\/\/www.africa-press.net\/cotedivoire\/#\/schema\/person\/2b1cf3cd81a31e3cd26889ca66d677f1\"},\"description\":\"Tre\u0300s en vue avec Manchester United en cette saison 2024-2025, l\u2019international espoir ivoirien, Amad Diallo, est victime ...\",\"breadcrumb\":{\"@id\":\"https:\/\/www.africa-press.net\/cotedivoire\/sports\/manchester-united-fin-de-saison-pour-lespoir-amad-diallo#breadcrumb\"},\"inLanguage\":\"fr-FR\",\"potentialAction\":[{\"@type\":\"ReadAction\",\"target\":[\"https:\/\/www.africa-press.net\/cotedivoire\/sports\/manchester-united-fin-de-saison-pour-lespoir-amad-diallo\"]}]},{\"@type\":\"ImageObject\",\"inLanguage\":\"fr-FR\",\"@id\":\"https:\/\/www.africa-press.net\/cotedivoire\/sports\/manchester-united-fin-de-saison-pour-lespoir-amad-diallo#primaryimage\",\"url\":\"https:\/\/static.africa-press.net\/cote\/sites\/43\/2025\/02\/sm_1739787522.402831.jpg\",\"contentUrl\":\"https:\/\/static.africa-press.net\/cote\/sites\/43\/2025\/02\/sm_1739787522.402831.jpg\",\"width\":720,\"height\":404,\"caption\":\"Manchester United, fin de saison pour l'espoir Amad Diallo ?\"},{\"@type\":\"BreadcrumbList\",\"@id\":\"https:\/\/www.africa-press.net\/cotedivoire\/sports\/manchester-united-fin-de-saison-pour-lespoir-amad-diallo#breadcrumb\",\"itemListElement\":[{\"@type\":\"ListItem\",\"position\":1,\"name\":\"Accueil\",\"item\":\"https:\/\/www.africa-press.net\/cotedivoire\/\"},{\"@type\":\"ListItem\",\"position\":2,\"name\":\"Manchester United, fin de saison pour l&rsquo;espoir Amad Diallo ?\"}]},{\"@type\":\"WebSite\",\"@id\":\"https:\/\/www.africa-press.net\/cotedivoire\/#website\",\"url\":\"https:\/\/www.africa-press.net\/cotedivoire\/\",\"name\":\"C\u00f4te d&#039;Ivoire\",\"description\":\"Just another Africa News Agency Sites site\",\"potentialAction\":[{\"@type\":\"SearchAction\",\"target\":{\"@type\":\"EntryPoint\",\"urlTemplate\":\"https:\/\/www.africa-press.net\/cotedivoire\/?s={search_term_string}\"},\"query-input\":{\"@type\":\"PropertyValueSpecification\",\"valueRequired\":true,\"valueName\":\"search_term_string\"}}],\"inLanguage\":\"fr-FR\"},{\"@type\":\"Person\",\"@id\":\"https:\/\/www.africa-press.net\/cotedivoire\/#\/schema\/person\/2b1cf3cd81a31e3cd26889ca66d677f1\",\"name\":\"cfeditorfr\"}]}<\/script>\n<!-- \/ Yoast SEO Premium plugin. -->","yoast_head_json":{"title":"Manchester United, fin de saison pour l'espoir Amad Diallo ? - C\u00f4te d&#039;Ivoire","description":"Tre\u0300s en vue avec Manchester United en cette saison 2024-2025, l\u2019international espoir ivoirien, Amad Diallo, est victime ...","robots":{"index":"index","follow":"follow","max-snippet":"max-snippet:-1","max-image-preview":"max-image-preview:large","max-video-preview":"max-video-preview:-1"},"canonical":"https:\/\/www.africa-press.net\/cotedivoire\/sports\/manchester-united-fin-de-saison-pour-lespoir-amad-diallo","og_locale":"fr_FR","og_type":"article","og_title":"Manchester United, fin de saison pour l'espoir Amad Diallo ?","og_description":"Tre\u0300s en vue avec Manchester United en cette saison 2024-2025, l\u2019international espoir ivoirien, Amad Diallo, est victime ...","og_url":"https:\/\/www.africa-press.net\/cotedivoire\/sports\/manchester-united-fin-de-saison-pour-lespoir-amad-diallo","og_site_name":"C\u00f4te d&#039;Ivoire","article_published_time":"2025-02-17T13:19:18+00:00","article_modified_time":"2025-03-25T19:10:07+00:00","og_image":[{"width":720,"height":404,"url":"https:\/\/static.africa-press.net\/cote\/sites\/43\/2025\/02\/sm_1739787522.402831.jpg","type":"image\/jpeg"}],"author":"cfeditorfr","twitter_card":"summary_large_image","twitter_misc":{"\u00c9crit par":"cfeditorfr","Dur\u00e9e de lecture estim\u00e9e":"1 minute"},"schema":{"@context":"https:\/\/schema.org","@graph":[{"@type":"Article","@id":"https:\/\/www.africa-press.net\/cotedivoire\/sports\/manchester-united-fin-de-saison-pour-lespoir-amad-diallo#article","isPartOf":{"@id":"https:\/\/www.africa-press.net\/cotedivoire\/sports\/manchester-united-fin-de-saison-pour-lespoir-amad-diallo"},"author":{"name":"cfeditorfr","@id":"https:\/\/www.africa-press.net\/cotedivoire\/#\/schema\/person\/2b1cf3cd81a31e3cd26889ca66d677f1"},"headline":"Manchester United, fin de saison pour l&rsquo;espoir Amad Diallo ?","datePublished":"2025-02-17T13:19:18+00:00","dateModified":"2025-03-25T19:10:07+00:00","mainEntityOfPage":{"@id":"https:\/\/www.africa-press.net\/cotedivoire\/sports\/manchester-united-fin-de-saison-pour-lespoir-amad-diallo"},"wordCount":166,"commentCount":0,"image":{"@id":"https:\/\/www.africa-press.net\/cotedivoire\/sports\/manchester-united-fin-de-saison-pour-lespoir-amad-diallo#primaryimage"},"thumbnailUrl":"https:\/\/static.africa-press.net\/cote\/sites\/43\/2025\/02\/sm_1739787522.402831.jpg","keywords":["Amad Diallo","blessure","C\u00d4TE D'IVOIRE","Manchester United"],"articleSection":["Sports","Toutes les actualit\u00e9s"],"inLanguage":"fr-FR","potentialAction":[{"@type":"CommentAction","name":"Comment","target":["https:\/\/www.africa-press.net\/cotedivoire\/sports\/manchester-united-fin-de-saison-pour-lespoir-amad-diallo#respond"]}]},{"@type":"WebPage","@id":"https:\/\/www.africa-press.net\/cotedivoire\/sports\/manchester-united-fin-de-saison-pour-lespoir-amad-diallo","url":"https:\/\/www.africa-press.net\/cotedivoire\/sports\/manchester-united-fin-de-saison-pour-lespoir-amad-diallo","name":"Manchester United, fin de saison pour l'espoir Amad Diallo ? - C\u00f4te d&#039;Ivoire","isPartOf":{"@id":"https:\/\/www.africa-press.net\/cotedivoire\/#website"},"primaryImageOfPage":{"@id":"https:\/\/www.africa-press.net\/cotedivoire\/sports\/manchester-united-fin-de-saison-pour-lespoir-amad-diallo#primaryimage"},"image":{"@id":"https:\/\/www.africa-press.net\/cotedivoire\/sports\/manchester-united-fin-de-saison-pour-lespoir-amad-diallo#primaryimage"},"thumbnailUrl":"https:\/\/static.africa-press.net\/cote\/sites\/43\/2025\/02\/sm_1739787522.402831.jpg","datePublished":"2025-02-17T13:19:18+00:00","dateModified":"2025-03-25T19:10:07+00:00","author":{"@id":"https:\/\/www.africa-press.net\/cotedivoire\/#\/schema\/person\/2b1cf3cd81a31e3cd26889ca66d677f1"},"description":"Tre\u0300s en vue avec Manchester United en cette saison 2024-2025, l\u2019international espoir ivoirien, Amad Diallo, est victime ...","breadcrumb":{"@id":"https:\/\/www.africa-press.net\/cotedivoire\/sports\/manchester-united-fin-de-saison-pour-lespoir-amad-diallo#breadcrumb"},"inLanguage":"fr-FR","potentialAction":[{"@type":"ReadAction","target":["https:\/\/www.africa-press.net\/cotedivoire\/sports\/manchester-united-fin-de-saison-pour-lespoir-amad-diallo"]}]},{"@type":"ImageObject","inLanguage":"fr-FR","@id":"https:\/\/www.africa-press.net\/cotedivoire\/sports\/manchester-united-fin-de-saison-pour-lespoir-amad-diallo#primaryimage","url":"https:\/\/static.africa-press.net\/cote\/sites\/43\/2025\/02\/sm_1739787522.402831.jpg","contentUrl":"https:\/\/static.africa-press.net\/cote\/sites\/43\/2025\/02\/sm_1739787522.402831.jpg","width":720,"height":404,"caption":"Manchester United, fin de saison pour l'espoir Amad Diallo ?"},{"@type":"BreadcrumbList","@id":"https:\/\/www.africa-press.net\/cotedivoire\/sports\/manchester-united-fin-de-saison-pour-lespoir-amad-diallo#breadcrumb","itemListElement":[{"@type":"ListItem","position":1,"name":"Accueil","item":"https:\/\/www.africa-press.net\/cotedivoire\/"},{"@type":"ListItem","position":2,"name":"Manchester United, fin de saison pour l&rsquo;espoir Amad Diallo ?"}]},{"@type":"WebSite","@id":"https:\/\/www.africa-press.net\/cotedivoire\/#website","url":"https:\/\/www.africa-press.net\/cotedivoire\/","name":"C\u00f4te d&#039;Ivoire","description":"Just another Africa News Agency Sites site","potentialAction":[{"@type":"SearchAction","target":{"@type":"EntryPoint","urlTemplate":"https:\/\/www.africa-press.net\/cotedivoire\/?s={search_term_string}"},"query-input":{"@type":"PropertyValueSpecification","valueRequired":true,"valueName":"search_term_string"}}],"inLanguage":"fr-FR"},{"@type":"Person","@id":"https:\/\/www.africa-press.net\/cotedivoire\/#\/schema\/person\/2b1cf3cd81a31e3cd26889ca66d677f1","name":"cfeditorfr"}]}},"_links":{"self":[{"href":"https:\/\/www.africa-press.net\/cotedivoire\/wp-json\/wp\/v2\/posts\/95246","targetHints":{"allow":["GET"]}}],"collection":[{"href":"https:\/\/www.africa-press.net\/cotedivoire\/wp-json\/wp\/v2\/posts"}],"about":[{"href":"https:\/\/www.africa-press.net\/cotedivoire\/wp-json\/wp\/v2\/types\/post"}],"author":[{"embeddable":true,"href":"https:\/\/www.africa-press.net\/cotedivoire\/wp-json\/wp\/v2\/users\/82"}],"replies":[{"embeddable":true,"href":"https:\/\/www.africa-press.net\/cotedivoire\/wp-json\/wp\/v2\/comments?post=95246"}],"version-history":[{"count":0,"href":"https:\/\/www.africa-press.net\/cotedivoire\/wp-json\/wp\/v2\/posts\/95246\/revisions"}],"wp:featuredmedia":[{"embeddable":true,"href":"https:\/\/www.africa-press.net\/cotedivoire\/wp-json\/wp\/v2\/media\/95245"}],"wp:attachment":[{"href":"https:\/\/www.africa-press.net\/cotedivoire\/wp-json\/wp\/v2\/media?parent=95246"}],"wp:term":[{"taxonomy":"category","embeddable":true,"href":"https:\/\/www.africa-press.net\/cotedivoire\/wp-json\/wp\/v2\/categories?post=95246"},{"taxonomy":"post_tag","embeddable":true,"href":"https:\/\/www.africa-press.net\/cotedivoire\/wp-json\/wp\/v2\/tags?post=95246"}],"curies":[{"name":"wp","href":"https:\/\/api.w.org\/{rel}","templated":true}]}}