{"id":9525,"date":"2021-06-28T17:55:45","date_gmt":"2021-06-28T17:55:45","guid":{"rendered":"https:\/\/www.africa-press.net\/cotedivoire\/?p=9525"},"modified":"2021-06-28T17:55:45","modified_gmt":"2021-06-28T17:55:45","slug":"cote-divoire-laurent-gbagbo-accueilli-par-des-milliers-de-personnes-a-mama-et-blouzon","status":"publish","type":"post","link":"https:\/\/www.africa-press.net\/cotedivoire\/politique\/cote-divoire-laurent-gbagbo-accueilli-par-des-milliers-de-personnes-a-mama-et-blouzon","title":{"rendered":"Laurent Gbagbo accueilli par des milliers de personnes \u00e0 Mama et Blouzon"},"content":{"rendered":"<p><span style=\"color: #ff6600\"><strong><a href=\"https:\/\/www.africa-press.net\/\">Africa-Press<\/a> &#8211; <a href=\"https:\/\/www.africa-press.net\/cotedivoire\">C\u00f4te d&rsquo;Ivoire<\/a>. <\/strong><\/span>L\u2019ex-pr\u00e9sident ivoirien Laurent Gbagbo est arriv\u00e9 dimanche soir \u00e0 Mama (centre-ouest), son village natal, o\u00f9 des milliers de personnes l\u2019ont accueilli.<\/p>\n<p>M. Gbagbo est arriv\u00e9 vers 18H16 (GMT et locale), \u00e0 la place Laurent Gbagbo de Mama, o\u00f9 des milliers de personnes sont venues l\u2019accueillir.<\/p>\n<p>Avant de se retirer avec son cort\u00e8ge au milieu d\u2019une foule, il s\u2019est adress\u00e9 \u00e0 ses parents en langue locale.<\/p>\n<p>Laurent Gbagbo s\u2019est dit heureux de voir ses parents et promis de donner les nouvelles lundi, au cours d\u2019une rencontre.<\/p>\n<p>Dans l\u2019intimit\u00e9 familiale, M.Gbagbo s\u2019\u00e9tait auparavant inclin\u00e9 \u00e0 Blouzon, son village maternel, sur la tombe de sa m\u00e8re, Marguerite Gad\u00f4 d\u00e9c\u00e9d\u00e9e en 2014,<\/p>\n<p>Acquitt\u00e9 par la Cour p\u00e9nale internationale (CPI) des accusations de crimes contre l\u2019humanit\u00e9, l\u2019ex-pr\u00e9sident est rentr\u00e9 le 17 juin en C\u00f4te d\u2019Ivoire apr\u00e8s dix ans d\u2019absence, il a demand\u00e9 \u00ab quelques jours pour pleurer (ses) morts \u00bb avant de se \u00ab mettre \u00e0 la disposition \u00bb de son parti le Front populaire ivoirien (FPI, opposition).<\/p>\n<p>&nbsp;<\/p>\n","protected":false},"excerpt":{"rendered":"<p>Africa-Press &#8211; C\u00f4te d&rsquo;Ivoire. L\u2019ex-pr\u00e9sident ivoirien Laurent Gbagbo est arriv\u00e9 dimanche soir \u00e0 Mama (centre-ouest), son village natal, o\u00f9 des milliers de personnes l\u2019ont accueilli. M. Gbagbo est arriv\u00e9 vers 18H16 (GMT et locale), \u00e0 la place Laurent Gbagbo de Mama, o\u00f9 des milliers de personnes sont venues l\u2019accueillir. Avant de se retirer avec son [&hellip;]<\/p>\n","protected":false},"author":82,"featured_media":9524,"comment_status":"open","ping_status":"closed","sticky":false,"template":"","format":"standard","meta":{"footnotes":""},"categories":[11,2,20,10],"tags":[56,63,29],"class_list":["post-9525","post","type-post","status-publish","format-standard","has-post-thumbnail","hentry","category-homepage-french","category-politique","category-top-nouvelles","category-toutes-les-actualites","tag-africa-press","tag-africa-press-cote-divoire","tag-cote-divoire"],"yoast_head":"<!-- This site is optimized with the Yoast SEO Premium plugin v26.1 (Yoast SEO v27.0) - https:\/\/yoast.com\/product\/yoast-seo-premium-wordpress\/ -->\n<title>Laurent Gbagbo accueilli par des milliers de personnes \u00e0 Mama et Blouzon - C\u00f4te d&#039;Ivoire<\/title>\n<meta name=\"description\" content=\"Edwige FIENDE L\u2019ex-pr\u00e9sident ivoirien Laurent Gbagbo est arriv\u00e9 dimanche soir \u00e0 Mama (centre-ouest), son village natal, ...\" \/>\n<meta name=\"robots\" content=\"index, follow, max-snippet:-1, max-image-preview:large, max-video-preview:-1\" \/>\n<link rel=\"canonical\" href=\"https:\/\/www.africa-press.net\/cotedivoire\/politique\/cote-divoire-laurent-gbagbo-accueilli-par-des-milliers-de-personnes-a-mama-et-blouzon\" \/>\n<meta property=\"og:locale\" content=\"fr_FR\" \/>\n<meta property=\"og:type\" content=\"article\" \/>\n<meta property=\"og:title\" content=\"Laurent Gbagbo accueilli par des milliers de personnes \u00e0 Mama et Blouzon\" \/>\n<meta property=\"og:description\" content=\"Edwige FIENDE L\u2019ex-pr\u00e9sident ivoirien Laurent Gbagbo est arriv\u00e9 dimanche soir \u00e0 Mama (centre-ouest), son village natal, ...\" \/>\n<meta property=\"og:url\" content=\"https:\/\/www.africa-press.net\/cotedivoire\/politique\/cote-divoire-laurent-gbagbo-accueilli-par-des-milliers-de-personnes-a-mama-et-blouzon\" \/>\n<meta property=\"og:site_name\" content=\"C\u00f4te d&#039;Ivoire\" \/>\n<meta property=\"article:published_time\" content=\"2021-06-28T17:55:45+00:00\" \/>\n<meta property=\"og:image\" content=\"https:\/\/static.africa-press.net\/cote\/sites\/43\/2021\/06\/img-60da028653868.jpg\" \/>\n\t<meta property=\"og:image:width\" content=\"720\" \/>\n\t<meta property=\"og:image:height\" content=\"540\" \/>\n\t<meta property=\"og:image:type\" content=\"image\/jpeg\" \/>\n<meta name=\"author\" content=\"cfeditorfr\" \/>\n<meta name=\"twitter:card\" content=\"summary_large_image\" \/>\n<meta name=\"twitter:label1\" content=\"\u00c9crit par\" \/>\n\t<meta name=\"twitter:data1\" content=\"cfeditorfr\" \/>\n\t<meta name=\"twitter:label2\" content=\"Dur\u00e9e de lecture estim\u00e9e\" \/>\n\t<meta name=\"twitter:data2\" content=\"1 minute\" \/>\n<script type=\"application\/ld+json\" class=\"yoast-schema-graph\">{\"@context\":\"https:\/\/schema.org\",\"@graph\":[{\"@type\":\"Article\",\"@id\":\"https:\/\/www.africa-press.net\/cotedivoire\/politique\/cote-divoire-laurent-gbagbo-accueilli-par-des-milliers-de-personnes-a-mama-et-blouzon#article\",\"isPartOf\":{\"@id\":\"https:\/\/www.africa-press.net\/cotedivoire\/politique\/cote-divoire-laurent-gbagbo-accueilli-par-des-milliers-de-personnes-a-mama-et-blouzon\"},\"author\":{\"name\":\"cfeditorfr\",\"@id\":\"https:\/\/www.africa-press.net\/cotedivoire\/#\/schema\/person\/2b1cf3cd81a31e3cd26889ca66d677f1\"},\"headline\":\"Laurent Gbagbo accueilli par des milliers de personnes \u00e0 Mama et Blouzon\",\"datePublished\":\"2021-06-28T17:55:45+00:00\",\"mainEntityOfPage\":{\"@id\":\"https:\/\/www.africa-press.net\/cotedivoire\/politique\/cote-divoire-laurent-gbagbo-accueilli-par-des-milliers-de-personnes-a-mama-et-blouzon\"},\"wordCount\":194,\"commentCount\":0,\"image\":{\"@id\":\"https:\/\/www.africa-press.net\/cotedivoire\/politique\/cote-divoire-laurent-gbagbo-accueilli-par-des-milliers-de-personnes-a-mama-et-blouzon#primaryimage\"},\"thumbnailUrl\":\"https:\/\/static.africa-press.net\/cote\/sites\/43\/2021\/06\/img-60da028653868.jpg\",\"keywords\":[\"Africa Press\",\"Africa Press-C\u00f4te d'Ivoire\",\"C\u00d4TE D'IVOIRE\"],\"articleSection\":[\"homepage-french\",\"Politique\",\"Top Nouvelles\",\"Toutes les actualit\u00e9s\"],\"inLanguage\":\"fr-FR\",\"potentialAction\":[{\"@type\":\"CommentAction\",\"name\":\"Comment\",\"target\":[\"https:\/\/www.africa-press.net\/cotedivoire\/politique\/cote-divoire-laurent-gbagbo-accueilli-par-des-milliers-de-personnes-a-mama-et-blouzon#respond\"]}]},{\"@type\":\"WebPage\",\"@id\":\"https:\/\/www.africa-press.net\/cotedivoire\/politique\/cote-divoire-laurent-gbagbo-accueilli-par-des-milliers-de-personnes-a-mama-et-blouzon\",\"url\":\"https:\/\/www.africa-press.net\/cotedivoire\/politique\/cote-divoire-laurent-gbagbo-accueilli-par-des-milliers-de-personnes-a-mama-et-blouzon\",\"name\":\"Laurent Gbagbo accueilli par des milliers de personnes \u00e0 Mama et Blouzon - C\u00f4te d&#039;Ivoire\",\"isPartOf\":{\"@id\":\"https:\/\/www.africa-press.net\/cotedivoire\/#website\"},\"primaryImageOfPage\":{\"@id\":\"https:\/\/www.africa-press.net\/cotedivoire\/politique\/cote-divoire-laurent-gbagbo-accueilli-par-des-milliers-de-personnes-a-mama-et-blouzon#primaryimage\"},\"image\":{\"@id\":\"https:\/\/www.africa-press.net\/cotedivoire\/politique\/cote-divoire-laurent-gbagbo-accueilli-par-des-milliers-de-personnes-a-mama-et-blouzon#primaryimage\"},\"thumbnailUrl\":\"https:\/\/static.africa-press.net\/cote\/sites\/43\/2021\/06\/img-60da028653868.jpg\",\"datePublished\":\"2021-06-28T17:55:45+00:00\",\"author\":{\"@id\":\"https:\/\/www.africa-press.net\/cotedivoire\/#\/schema\/person\/2b1cf3cd81a31e3cd26889ca66d677f1\"},\"description\":\"Edwige FIENDE L\u2019ex-pr\u00e9sident ivoirien Laurent Gbagbo est arriv\u00e9 dimanche soir \u00e0 Mama (centre-ouest), son village natal, ...\",\"breadcrumb\":{\"@id\":\"https:\/\/www.africa-press.net\/cotedivoire\/politique\/cote-divoire-laurent-gbagbo-accueilli-par-des-milliers-de-personnes-a-mama-et-blouzon#breadcrumb\"},\"inLanguage\":\"fr-FR\",\"potentialAction\":[{\"@type\":\"ReadAction\",\"target\":[\"https:\/\/www.africa-press.net\/cotedivoire\/politique\/cote-divoire-laurent-gbagbo-accueilli-par-des-milliers-de-personnes-a-mama-et-blouzon\"]}]},{\"@type\":\"ImageObject\",\"inLanguage\":\"fr-FR\",\"@id\":\"https:\/\/www.africa-press.net\/cotedivoire\/politique\/cote-divoire-laurent-gbagbo-accueilli-par-des-milliers-de-personnes-a-mama-et-blouzon#primaryimage\",\"url\":\"https:\/\/static.africa-press.net\/cote\/sites\/43\/2021\/06\/img-60da028653868.jpg\",\"contentUrl\":\"https:\/\/static.africa-press.net\/cote\/sites\/43\/2021\/06\/img-60da028653868.jpg\",\"width\":720,\"height\":540,\"caption\":\"C\u00f4te-d\u2019Ivoire: Laurent Gbagbo accueilli par des milliers de personnes \u00e0 Mama et Blouzon\"},{\"@type\":\"BreadcrumbList\",\"@id\":\"https:\/\/www.africa-press.net\/cotedivoire\/politique\/cote-divoire-laurent-gbagbo-accueilli-par-des-milliers-de-personnes-a-mama-et-blouzon#breadcrumb\",\"itemListElement\":[{\"@type\":\"ListItem\",\"position\":1,\"name\":\"Accueil\",\"item\":\"https:\/\/www.africa-press.net\/cotedivoire\/\"},{\"@type\":\"ListItem\",\"position\":2,\"name\":\"Laurent Gbagbo accueilli par des milliers de personnes \u00e0 Mama et Blouzon\"}]},{\"@type\":\"WebSite\",\"@id\":\"https:\/\/www.africa-press.net\/cotedivoire\/#website\",\"url\":\"https:\/\/www.africa-press.net\/cotedivoire\/\",\"name\":\"C\u00f4te d&#039;Ivoire\",\"description\":\"Just another Africa News Agency Sites site\",\"potentialAction\":[{\"@type\":\"SearchAction\",\"target\":{\"@type\":\"EntryPoint\",\"urlTemplate\":\"https:\/\/www.africa-press.net\/cotedivoire\/?s={search_term_string}\"},\"query-input\":{\"@type\":\"PropertyValueSpecification\",\"valueRequired\":true,\"valueName\":\"search_term_string\"}}],\"inLanguage\":\"fr-FR\"},{\"@type\":\"Person\",\"@id\":\"https:\/\/www.africa-press.net\/cotedivoire\/#\/schema\/person\/2b1cf3cd81a31e3cd26889ca66d677f1\",\"name\":\"cfeditorfr\"}]}<\/script>\n<!-- \/ Yoast SEO Premium plugin. -->","yoast_head_json":{"title":"Laurent Gbagbo accueilli par des milliers de personnes \u00e0 Mama et Blouzon - C\u00f4te d&#039;Ivoire","description":"Edwige FIENDE L\u2019ex-pr\u00e9sident ivoirien Laurent Gbagbo est arriv\u00e9 dimanche soir \u00e0 Mama (centre-ouest), son village natal, ...","robots":{"index":"index","follow":"follow","max-snippet":"max-snippet:-1","max-image-preview":"max-image-preview:large","max-video-preview":"max-video-preview:-1"},"canonical":"https:\/\/www.africa-press.net\/cotedivoire\/politique\/cote-divoire-laurent-gbagbo-accueilli-par-des-milliers-de-personnes-a-mama-et-blouzon","og_locale":"fr_FR","og_type":"article","og_title":"Laurent Gbagbo accueilli par des milliers de personnes \u00e0 Mama et Blouzon","og_description":"Edwige FIENDE L\u2019ex-pr\u00e9sident ivoirien Laurent Gbagbo est arriv\u00e9 dimanche soir \u00e0 Mama (centre-ouest), son village natal, ...","og_url":"https:\/\/www.africa-press.net\/cotedivoire\/politique\/cote-divoire-laurent-gbagbo-accueilli-par-des-milliers-de-personnes-a-mama-et-blouzon","og_site_name":"C\u00f4te d&#039;Ivoire","article_published_time":"2021-06-28T17:55:45+00:00","og_image":[{"width":720,"height":540,"url":"https:\/\/static.africa-press.net\/cote\/sites\/43\/2021\/06\/img-60da028653868.jpg","type":"image\/jpeg"}],"author":"cfeditorfr","twitter_card":"summary_large_image","twitter_misc":{"\u00c9crit par":"cfeditorfr","Dur\u00e9e de lecture estim\u00e9e":"1 minute"},"schema":{"@context":"https:\/\/schema.org","@graph":[{"@type":"Article","@id":"https:\/\/www.africa-press.net\/cotedivoire\/politique\/cote-divoire-laurent-gbagbo-accueilli-par-des-milliers-de-personnes-a-mama-et-blouzon#article","isPartOf":{"@id":"https:\/\/www.africa-press.net\/cotedivoire\/politique\/cote-divoire-laurent-gbagbo-accueilli-par-des-milliers-de-personnes-a-mama-et-blouzon"},"author":{"name":"cfeditorfr","@id":"https:\/\/www.africa-press.net\/cotedivoire\/#\/schema\/person\/2b1cf3cd81a31e3cd26889ca66d677f1"},"headline":"Laurent Gbagbo accueilli par des milliers de personnes \u00e0 Mama et Blouzon","datePublished":"2021-06-28T17:55:45+00:00","mainEntityOfPage":{"@id":"https:\/\/www.africa-press.net\/cotedivoire\/politique\/cote-divoire-laurent-gbagbo-accueilli-par-des-milliers-de-personnes-a-mama-et-blouzon"},"wordCount":194,"commentCount":0,"image":{"@id":"https:\/\/www.africa-press.net\/cotedivoire\/politique\/cote-divoire-laurent-gbagbo-accueilli-par-des-milliers-de-personnes-a-mama-et-blouzon#primaryimage"},"thumbnailUrl":"https:\/\/static.africa-press.net\/cote\/sites\/43\/2021\/06\/img-60da028653868.jpg","keywords":["Africa Press","Africa Press-C\u00f4te d'Ivoire","C\u00d4TE D'IVOIRE"],"articleSection":["homepage-french","Politique","Top Nouvelles","Toutes les actualit\u00e9s"],"inLanguage":"fr-FR","potentialAction":[{"@type":"CommentAction","name":"Comment","target":["https:\/\/www.africa-press.net\/cotedivoire\/politique\/cote-divoire-laurent-gbagbo-accueilli-par-des-milliers-de-personnes-a-mama-et-blouzon#respond"]}]},{"@type":"WebPage","@id":"https:\/\/www.africa-press.net\/cotedivoire\/politique\/cote-divoire-laurent-gbagbo-accueilli-par-des-milliers-de-personnes-a-mama-et-blouzon","url":"https:\/\/www.africa-press.net\/cotedivoire\/politique\/cote-divoire-laurent-gbagbo-accueilli-par-des-milliers-de-personnes-a-mama-et-blouzon","name":"Laurent Gbagbo accueilli par des milliers de personnes \u00e0 Mama et Blouzon - C\u00f4te d&#039;Ivoire","isPartOf":{"@id":"https:\/\/www.africa-press.net\/cotedivoire\/#website"},"primaryImageOfPage":{"@id":"https:\/\/www.africa-press.net\/cotedivoire\/politique\/cote-divoire-laurent-gbagbo-accueilli-par-des-milliers-de-personnes-a-mama-et-blouzon#primaryimage"},"image":{"@id":"https:\/\/www.africa-press.net\/cotedivoire\/politique\/cote-divoire-laurent-gbagbo-accueilli-par-des-milliers-de-personnes-a-mama-et-blouzon#primaryimage"},"thumbnailUrl":"https:\/\/static.africa-press.net\/cote\/sites\/43\/2021\/06\/img-60da028653868.jpg","datePublished":"2021-06-28T17:55:45+00:00","author":{"@id":"https:\/\/www.africa-press.net\/cotedivoire\/#\/schema\/person\/2b1cf3cd81a31e3cd26889ca66d677f1"},"description":"Edwige FIENDE L\u2019ex-pr\u00e9sident ivoirien Laurent Gbagbo est arriv\u00e9 dimanche soir \u00e0 Mama (centre-ouest), son village natal, ...","breadcrumb":{"@id":"https:\/\/www.africa-press.net\/cotedivoire\/politique\/cote-divoire-laurent-gbagbo-accueilli-par-des-milliers-de-personnes-a-mama-et-blouzon#breadcrumb"},"inLanguage":"fr-FR","potentialAction":[{"@type":"ReadAction","target":["https:\/\/www.africa-press.net\/cotedivoire\/politique\/cote-divoire-laurent-gbagbo-accueilli-par-des-milliers-de-personnes-a-mama-et-blouzon"]}]},{"@type":"ImageObject","inLanguage":"fr-FR","@id":"https:\/\/www.africa-press.net\/cotedivoire\/politique\/cote-divoire-laurent-gbagbo-accueilli-par-des-milliers-de-personnes-a-mama-et-blouzon#primaryimage","url":"https:\/\/static.africa-press.net\/cote\/sites\/43\/2021\/06\/img-60da028653868.jpg","contentUrl":"https:\/\/static.africa-press.net\/cote\/sites\/43\/2021\/06\/img-60da028653868.jpg","width":720,"height":540,"caption":"C\u00f4te-d\u2019Ivoire: Laurent Gbagbo accueilli par des milliers de personnes \u00e0 Mama et Blouzon"},{"@type":"BreadcrumbList","@id":"https:\/\/www.africa-press.net\/cotedivoire\/politique\/cote-divoire-laurent-gbagbo-accueilli-par-des-milliers-de-personnes-a-mama-et-blouzon#breadcrumb","itemListElement":[{"@type":"ListItem","position":1,"name":"Accueil","item":"https:\/\/www.africa-press.net\/cotedivoire\/"},{"@type":"ListItem","position":2,"name":"Laurent Gbagbo accueilli par des milliers de personnes \u00e0 Mama et Blouzon"}]},{"@type":"WebSite","@id":"https:\/\/www.africa-press.net\/cotedivoire\/#website","url":"https:\/\/www.africa-press.net\/cotedivoire\/","name":"C\u00f4te d&#039;Ivoire","description":"Just another Africa News Agency Sites site","potentialAction":[{"@type":"SearchAction","target":{"@type":"EntryPoint","urlTemplate":"https:\/\/www.africa-press.net\/cotedivoire\/?s={search_term_string}"},"query-input":{"@type":"PropertyValueSpecification","valueRequired":true,"valueName":"search_term_string"}}],"inLanguage":"fr-FR"},{"@type":"Person","@id":"https:\/\/www.africa-press.net\/cotedivoire\/#\/schema\/person\/2b1cf3cd81a31e3cd26889ca66d677f1","name":"cfeditorfr"}]}},"_links":{"self":[{"href":"https:\/\/www.africa-press.net\/cotedivoire\/wp-json\/wp\/v2\/posts\/9525","targetHints":{"allow":["GET"]}}],"collection":[{"href":"https:\/\/www.africa-press.net\/cotedivoire\/wp-json\/wp\/v2\/posts"}],"about":[{"href":"https:\/\/www.africa-press.net\/cotedivoire\/wp-json\/wp\/v2\/types\/post"}],"author":[{"embeddable":true,"href":"https:\/\/www.africa-press.net\/cotedivoire\/wp-json\/wp\/v2\/users\/82"}],"replies":[{"embeddable":true,"href":"https:\/\/www.africa-press.net\/cotedivoire\/wp-json\/wp\/v2\/comments?post=9525"}],"version-history":[{"count":0,"href":"https:\/\/www.africa-press.net\/cotedivoire\/wp-json\/wp\/v2\/posts\/9525\/revisions"}],"wp:featuredmedia":[{"embeddable":true,"href":"https:\/\/www.africa-press.net\/cotedivoire\/wp-json\/wp\/v2\/media\/9524"}],"wp:attachment":[{"href":"https:\/\/www.africa-press.net\/cotedivoire\/wp-json\/wp\/v2\/media?parent=9525"}],"wp:term":[{"taxonomy":"category","embeddable":true,"href":"https:\/\/www.africa-press.net\/cotedivoire\/wp-json\/wp\/v2\/categories?post=9525"},{"taxonomy":"post_tag","embeddable":true,"href":"https:\/\/www.africa-press.net\/cotedivoire\/wp-json\/wp\/v2\/tags?post=9525"}],"curies":[{"name":"wp","href":"https:\/\/api.w.org\/{rel}","templated":true}]}}