{"id":9528,"date":"2021-06-28T18:04:29","date_gmt":"2021-06-28T18:04:29","guid":{"rendered":"https:\/\/www.africa-press.net\/cotedivoire\/?p=9528"},"modified":"2021-06-28T17:56:02","modified_gmt":"2021-06-28T17:56:02","slug":"cote-divoire-laurent-gbagbo-a-foule-le-sol-de-son-village-natal-de-mama","status":"publish","type":"post","link":"https:\/\/www.africa-press.net\/cotedivoire\/politique\/cote-divoire-laurent-gbagbo-a-foule-le-sol-de-son-village-natal-de-mama","title":{"rendered":"Laurent Gbagbo a foul\u00e9 le sol de son village natal de Mama"},"content":{"rendered":"<p><span style=\"color: #ff6600\"><strong><a href=\"https:\/\/www.africa-press.net\/\">Africa-Press<\/a> &#8211; <a href=\"https:\/\/www.africa-press.net\/cotedivoire\">C\u00f4te d&rsquo;Ivoire<\/a>. <\/strong><\/span>\u00a0La distance reliant Abidjan (Sud), la capitale \u00e9conomique, \u00e0 Gagnoa (Centre-Ouest), longue de 270 Kilom\u00e8tres pour environ 4 heures 30 minutes de route aura \u00e9t\u00e9 plus longue que d\u2019ordinaire pour l\u2019ex-chef de l\u2019Etat ivoirien, Laurent Gbagbo et ses proches de nouveau parmi les siens. Un peu plus de 7 heures de route pour arriver au village natal de l\u2019ex-pr\u00e9sident situ\u00e9 dans la sous-pr\u00e9fecture de Mama. Aucune localit\u00e9 le long de ce tron\u00e7on n\u2019a voulu se faire compter les caract\u00e9ristiques de son cort\u00e8ge. A Mama, l\u2019accueil f\u00fbt aussi triomphal que grandiose pour c\u00e9l\u00e9brer le retour de \u201cl\u2019enfant prodige\u201d.<\/p>\n<p>Le 17 juin 2021, Laurent Gbagbo, l\u2019ex-pr\u00e9sident ivoirien, rentrait chez lui au bercail apr\u00e8s une dizaine d\u2019ann\u00e9es de r\u00e9clusion \u00e0 la Haye en Hollande o\u00f9 il \u00e9tait en proc\u00e8s pour des faits de crime contre l\u2019humanit\u00e9 perp\u00e9tr\u00e9s au cours de la crise post-\u00e9lectorale de 2010-2011 face au camp du chef de l\u2019Etat actuel, Alassane Ouattara.<\/p>\n<p>Le dimanche 27 Juin 2021, comme il l\u2019avait promis lors de sa premi\u00e8re adresse \u00e0 ses militants et sympathisants \u00e0 son arriv\u00e9e, il s\u2019est rendu \u00e0 Mama, son village natal situ\u00e9 et \u00e0 Blouzon, tous deux situ\u00e9s dans le Centre-Ouest de la C\u00f4te d\u2019Ivoire. Il s\u2019est agi, pour lui, de renouer avec ses origines mais \u00e9galement \u00ab pleurer sa m\u00e8re \u00bb d\u00e9c\u00e9d\u00e9e en 2014 alors qu\u2019il \u00e9tait incarc\u00e9r\u00e9 dans les prisons de la CPI.<\/p>\n<p>La surexcitation de ses milliers de fanatiques venus des contr\u00e9es voisines a cr\u00e9\u00e9 un tohu-bohu total au point que les organisateurs de ce retour n\u2019en pouvaient plus de ma\u00eetriser les ardeurs des \u00ab GOR \u00bb (Gbagbo Ou Rien) qui voulaient co\u00fbte que co\u00fbte le toucher, le filmer ou au moins convoyer le v\u00e9hicule qui le transportait. Une fois, extrait de son v\u00e9hicule, Laurent Gbagbo a finalement sursoit \u00e0 se rendre jusqu\u2019\u00e0 la tribune install\u00e9e sur la place publique de Mama et s\u2019est bri\u00e8vement adress\u00e9 \u00e0 \u00ab ses parents \u00bb par des mots de gratitude.<\/p>\n<p>Dans un documentaire diffus\u00e9 sur les antennes de la cha\u00eene de t\u00e9l\u00e9vision fran\u00e7aise France24 et intitul\u00e9 \u00ab Les coulisses du retour de Laurent Gbagbo en C\u00f4te d\u2019Ivoire \u00bb, l\u2019on remarque que le politicien ivoirien est rest\u00e9 toujours \u00e9gale \u00e0 lui-m\u00eame.<\/p>\n<p>A propos de la pol\u00e9mique n\u00e9e de la pr\u00e9sidentielle de 2010 qui a d\u00e9bouch\u00e9e sur la sanglante crise ivoirienne, Laurent Gbagbo semble \u00eatre rest\u00e9 constant et clame toujours sa victoire : \u00ab Certains ont d\u00e9cid\u00e9 de mettre Ouattara au pouvoir, mais pour le mettre au pouvoir il faut que la place soit vide. Moi je me consid\u00e8re comme celui qui a gagn\u00e9 l\u2019\u00e9lection pr\u00e9sidentielle de 2010 \u00bb.<\/p>\n<p>A propos des 3.000 morts caus\u00e9s par la crise de 2010-2011, Laurent Gbagbo se veut un peu plus formel : \u00ab Je ne suis pas responsable de la crise de 2011. J\u2019ai fait 10 ans et je reviens chez moi acquitt\u00e9 et je veux que l\u2019on respecte cette d\u00e9cision de justice (\u2026) Qui a donc tu\u00e9 ? Il faut donc regarder dans l\u2019autre camp \u00bb. Kouam\u00e9 L.-Ph.<\/p>\n","protected":false},"excerpt":{"rendered":"<p>Africa-Press &#8211; C\u00f4te d&rsquo;Ivoire. \u00a0La distance reliant Abidjan (Sud), la capitale \u00e9conomique, \u00e0 Gagnoa (Centre-Ouest), longue de 270 Kilom\u00e8tres pour environ 4 heures 30 minutes de route aura \u00e9t\u00e9 plus longue que d\u2019ordinaire pour l\u2019ex-chef de l\u2019Etat ivoirien, Laurent Gbagbo et ses proches de nouveau parmi les siens. Un peu plus de 7 heures de [&hellip;]<\/p>\n","protected":false},"author":82,"featured_media":9527,"comment_status":"open","ping_status":"closed","sticky":false,"template":"","format":"standard","meta":{"footnotes":""},"categories":[11,2,20,10],"tags":[56,63,29],"class_list":["post-9528","post","type-post","status-publish","format-standard","has-post-thumbnail","hentry","category-homepage-french","category-politique","category-top-nouvelles","category-toutes-les-actualites","tag-africa-press","tag-africa-press-cote-divoire","tag-cote-divoire"],"yoast_head":"<!-- This site is optimized with the Yoast SEO Premium plugin v26.1 (Yoast SEO v27.0) - https:\/\/yoast.com\/product\/yoast-seo-premium-wordpress\/ -->\n<title>Laurent Gbagbo a foul\u00e9 le sol de son village natal de Mama - C\u00f4te d&#039;Ivoire<\/title>\n<meta name=\"description\" content=\"C\u00f4te d\u2019Ivoire \u2013 La distance reliant Abidjan (Sud), la capitale \u00e9conomique, \u00e0 Gagnoa (Centre-Ouest), longue de 270 Kilom\u00e8 ...\" \/>\n<meta name=\"robots\" content=\"index, follow, max-snippet:-1, max-image-preview:large, max-video-preview:-1\" \/>\n<link rel=\"canonical\" href=\"https:\/\/www.africa-press.net\/cotedivoire\/politique\/cote-divoire-laurent-gbagbo-a-foule-le-sol-de-son-village-natal-de-mama\" \/>\n<meta property=\"og:locale\" content=\"fr_FR\" \/>\n<meta property=\"og:type\" content=\"article\" \/>\n<meta property=\"og:title\" content=\"Laurent Gbagbo a foul\u00e9 le sol de son village natal de Mama\" \/>\n<meta property=\"og:description\" content=\"C\u00f4te d\u2019Ivoire \u2013 La distance reliant Abidjan (Sud), la capitale \u00e9conomique, \u00e0 Gagnoa (Centre-Ouest), longue de 270 Kilom\u00e8 ...\" \/>\n<meta property=\"og:url\" content=\"https:\/\/www.africa-press.net\/cotedivoire\/politique\/cote-divoire-laurent-gbagbo-a-foule-le-sol-de-son-village-natal-de-mama\" \/>\n<meta property=\"og:site_name\" content=\"C\u00f4te d&#039;Ivoire\" \/>\n<meta property=\"article:published_time\" content=\"2021-06-28T18:04:29+00:00\" \/>\n<meta property=\"og:image\" content=\"https:\/\/static.africa-press.net\/cote\/sites\/43\/2021\/06\/img-60da02b01e908.jpg\" \/>\n\t<meta property=\"og:image:width\" content=\"750\" \/>\n\t<meta property=\"og:image:height\" content=\"422\" \/>\n\t<meta property=\"og:image:type\" content=\"image\/jpeg\" \/>\n<meta name=\"author\" content=\"cfeditorfr\" \/>\n<meta name=\"twitter:card\" content=\"summary_large_image\" \/>\n<meta name=\"twitter:label1\" content=\"\u00c9crit par\" \/>\n\t<meta name=\"twitter:data1\" content=\"cfeditorfr\" \/>\n\t<meta name=\"twitter:label2\" content=\"Dur\u00e9e de lecture estim\u00e9e\" \/>\n\t<meta name=\"twitter:data2\" content=\"3 minutes\" \/>\n<script type=\"application\/ld+json\" class=\"yoast-schema-graph\">{\"@context\":\"https:\/\/schema.org\",\"@graph\":[{\"@type\":\"Article\",\"@id\":\"https:\/\/www.africa-press.net\/cotedivoire\/politique\/cote-divoire-laurent-gbagbo-a-foule-le-sol-de-son-village-natal-de-mama#article\",\"isPartOf\":{\"@id\":\"https:\/\/www.africa-press.net\/cotedivoire\/politique\/cote-divoire-laurent-gbagbo-a-foule-le-sol-de-son-village-natal-de-mama\"},\"author\":{\"name\":\"cfeditorfr\",\"@id\":\"https:\/\/www.africa-press.net\/cotedivoire\/#\/schema\/person\/2b1cf3cd81a31e3cd26889ca66d677f1\"},\"headline\":\"Laurent Gbagbo a foul\u00e9 le sol de son village natal de Mama\",\"datePublished\":\"2021-06-28T18:04:29+00:00\",\"mainEntityOfPage\":{\"@id\":\"https:\/\/www.africa-press.net\/cotedivoire\/politique\/cote-divoire-laurent-gbagbo-a-foule-le-sol-de-son-village-natal-de-mama\"},\"wordCount\":548,\"commentCount\":0,\"image\":{\"@id\":\"https:\/\/www.africa-press.net\/cotedivoire\/politique\/cote-divoire-laurent-gbagbo-a-foule-le-sol-de-son-village-natal-de-mama#primaryimage\"},\"thumbnailUrl\":\"https:\/\/static.africa-press.net\/cote\/sites\/43\/2021\/06\/img-60da02b01e908.jpg\",\"keywords\":[\"Africa Press\",\"Africa Press-C\u00f4te d'Ivoire\",\"C\u00d4TE D'IVOIRE\"],\"articleSection\":[\"homepage-french\",\"Politique\",\"Top Nouvelles\",\"Toutes les actualit\u00e9s\"],\"inLanguage\":\"fr-FR\",\"potentialAction\":[{\"@type\":\"CommentAction\",\"name\":\"Comment\",\"target\":[\"https:\/\/www.africa-press.net\/cotedivoire\/politique\/cote-divoire-laurent-gbagbo-a-foule-le-sol-de-son-village-natal-de-mama#respond\"]}]},{\"@type\":\"WebPage\",\"@id\":\"https:\/\/www.africa-press.net\/cotedivoire\/politique\/cote-divoire-laurent-gbagbo-a-foule-le-sol-de-son-village-natal-de-mama\",\"url\":\"https:\/\/www.africa-press.net\/cotedivoire\/politique\/cote-divoire-laurent-gbagbo-a-foule-le-sol-de-son-village-natal-de-mama\",\"name\":\"Laurent Gbagbo a foul\u00e9 le sol de son village natal de Mama - C\u00f4te d&#039;Ivoire\",\"isPartOf\":{\"@id\":\"https:\/\/www.africa-press.net\/cotedivoire\/#website\"},\"primaryImageOfPage\":{\"@id\":\"https:\/\/www.africa-press.net\/cotedivoire\/politique\/cote-divoire-laurent-gbagbo-a-foule-le-sol-de-son-village-natal-de-mama#primaryimage\"},\"image\":{\"@id\":\"https:\/\/www.africa-press.net\/cotedivoire\/politique\/cote-divoire-laurent-gbagbo-a-foule-le-sol-de-son-village-natal-de-mama#primaryimage\"},\"thumbnailUrl\":\"https:\/\/static.africa-press.net\/cote\/sites\/43\/2021\/06\/img-60da02b01e908.jpg\",\"datePublished\":\"2021-06-28T18:04:29+00:00\",\"author\":{\"@id\":\"https:\/\/www.africa-press.net\/cotedivoire\/#\/schema\/person\/2b1cf3cd81a31e3cd26889ca66d677f1\"},\"description\":\"C\u00f4te d\u2019Ivoire \u2013 La distance reliant Abidjan (Sud), la capitale \u00e9conomique, \u00e0 Gagnoa (Centre-Ouest), longue de 270 Kilom\u00e8 ...\",\"breadcrumb\":{\"@id\":\"https:\/\/www.africa-press.net\/cotedivoire\/politique\/cote-divoire-laurent-gbagbo-a-foule-le-sol-de-son-village-natal-de-mama#breadcrumb\"},\"inLanguage\":\"fr-FR\",\"potentialAction\":[{\"@type\":\"ReadAction\",\"target\":[\"https:\/\/www.africa-press.net\/cotedivoire\/politique\/cote-divoire-laurent-gbagbo-a-foule-le-sol-de-son-village-natal-de-mama\"]}]},{\"@type\":\"ImageObject\",\"inLanguage\":\"fr-FR\",\"@id\":\"https:\/\/www.africa-press.net\/cotedivoire\/politique\/cote-divoire-laurent-gbagbo-a-foule-le-sol-de-son-village-natal-de-mama#primaryimage\",\"url\":\"https:\/\/static.africa-press.net\/cote\/sites\/43\/2021\/06\/img-60da02b01e908.jpg\",\"contentUrl\":\"https:\/\/static.africa-press.net\/cote\/sites\/43\/2021\/06\/img-60da02b01e908.jpg\",\"width\":750,\"height\":422,\"caption\":\"C\u00f4te d\u2019Ivoire : Laurent Gbagbo a foul\u00e9 le sol de son village natal de Mama\"},{\"@type\":\"BreadcrumbList\",\"@id\":\"https:\/\/www.africa-press.net\/cotedivoire\/politique\/cote-divoire-laurent-gbagbo-a-foule-le-sol-de-son-village-natal-de-mama#breadcrumb\",\"itemListElement\":[{\"@type\":\"ListItem\",\"position\":1,\"name\":\"Accueil\",\"item\":\"https:\/\/www.africa-press.net\/cotedivoire\/\"},{\"@type\":\"ListItem\",\"position\":2,\"name\":\"Laurent Gbagbo a foul\u00e9 le sol de son village natal de Mama\"}]},{\"@type\":\"WebSite\",\"@id\":\"https:\/\/www.africa-press.net\/cotedivoire\/#website\",\"url\":\"https:\/\/www.africa-press.net\/cotedivoire\/\",\"name\":\"C\u00f4te d&#039;Ivoire\",\"description\":\"Just another Africa News Agency Sites site\",\"potentialAction\":[{\"@type\":\"SearchAction\",\"target\":{\"@type\":\"EntryPoint\",\"urlTemplate\":\"https:\/\/www.africa-press.net\/cotedivoire\/?s={search_term_string}\"},\"query-input\":{\"@type\":\"PropertyValueSpecification\",\"valueRequired\":true,\"valueName\":\"search_term_string\"}}],\"inLanguage\":\"fr-FR\"},{\"@type\":\"Person\",\"@id\":\"https:\/\/www.africa-press.net\/cotedivoire\/#\/schema\/person\/2b1cf3cd81a31e3cd26889ca66d677f1\",\"name\":\"cfeditorfr\"}]}<\/script>\n<!-- \/ Yoast SEO Premium plugin. -->","yoast_head_json":{"title":"Laurent Gbagbo a foul\u00e9 le sol de son village natal de Mama - C\u00f4te d&#039;Ivoire","description":"C\u00f4te d\u2019Ivoire \u2013 La distance reliant Abidjan (Sud), la capitale \u00e9conomique, \u00e0 Gagnoa (Centre-Ouest), longue de 270 Kilom\u00e8 ...","robots":{"index":"index","follow":"follow","max-snippet":"max-snippet:-1","max-image-preview":"max-image-preview:large","max-video-preview":"max-video-preview:-1"},"canonical":"https:\/\/www.africa-press.net\/cotedivoire\/politique\/cote-divoire-laurent-gbagbo-a-foule-le-sol-de-son-village-natal-de-mama","og_locale":"fr_FR","og_type":"article","og_title":"Laurent Gbagbo a foul\u00e9 le sol de son village natal de Mama","og_description":"C\u00f4te d\u2019Ivoire \u2013 La distance reliant Abidjan (Sud), la capitale \u00e9conomique, \u00e0 Gagnoa (Centre-Ouest), longue de 270 Kilom\u00e8 ...","og_url":"https:\/\/www.africa-press.net\/cotedivoire\/politique\/cote-divoire-laurent-gbagbo-a-foule-le-sol-de-son-village-natal-de-mama","og_site_name":"C\u00f4te d&#039;Ivoire","article_published_time":"2021-06-28T18:04:29+00:00","og_image":[{"width":750,"height":422,"url":"https:\/\/static.africa-press.net\/cote\/sites\/43\/2021\/06\/img-60da02b01e908.jpg","type":"image\/jpeg"}],"author":"cfeditorfr","twitter_card":"summary_large_image","twitter_misc":{"\u00c9crit par":"cfeditorfr","Dur\u00e9e de lecture estim\u00e9e":"3 minutes"},"schema":{"@context":"https:\/\/schema.org","@graph":[{"@type":"Article","@id":"https:\/\/www.africa-press.net\/cotedivoire\/politique\/cote-divoire-laurent-gbagbo-a-foule-le-sol-de-son-village-natal-de-mama#article","isPartOf":{"@id":"https:\/\/www.africa-press.net\/cotedivoire\/politique\/cote-divoire-laurent-gbagbo-a-foule-le-sol-de-son-village-natal-de-mama"},"author":{"name":"cfeditorfr","@id":"https:\/\/www.africa-press.net\/cotedivoire\/#\/schema\/person\/2b1cf3cd81a31e3cd26889ca66d677f1"},"headline":"Laurent Gbagbo a foul\u00e9 le sol de son village natal de Mama","datePublished":"2021-06-28T18:04:29+00:00","mainEntityOfPage":{"@id":"https:\/\/www.africa-press.net\/cotedivoire\/politique\/cote-divoire-laurent-gbagbo-a-foule-le-sol-de-son-village-natal-de-mama"},"wordCount":548,"commentCount":0,"image":{"@id":"https:\/\/www.africa-press.net\/cotedivoire\/politique\/cote-divoire-laurent-gbagbo-a-foule-le-sol-de-son-village-natal-de-mama#primaryimage"},"thumbnailUrl":"https:\/\/static.africa-press.net\/cote\/sites\/43\/2021\/06\/img-60da02b01e908.jpg","keywords":["Africa Press","Africa Press-C\u00f4te d'Ivoire","C\u00d4TE D'IVOIRE"],"articleSection":["homepage-french","Politique","Top Nouvelles","Toutes les actualit\u00e9s"],"inLanguage":"fr-FR","potentialAction":[{"@type":"CommentAction","name":"Comment","target":["https:\/\/www.africa-press.net\/cotedivoire\/politique\/cote-divoire-laurent-gbagbo-a-foule-le-sol-de-son-village-natal-de-mama#respond"]}]},{"@type":"WebPage","@id":"https:\/\/www.africa-press.net\/cotedivoire\/politique\/cote-divoire-laurent-gbagbo-a-foule-le-sol-de-son-village-natal-de-mama","url":"https:\/\/www.africa-press.net\/cotedivoire\/politique\/cote-divoire-laurent-gbagbo-a-foule-le-sol-de-son-village-natal-de-mama","name":"Laurent Gbagbo a foul\u00e9 le sol de son village natal de Mama - C\u00f4te d&#039;Ivoire","isPartOf":{"@id":"https:\/\/www.africa-press.net\/cotedivoire\/#website"},"primaryImageOfPage":{"@id":"https:\/\/www.africa-press.net\/cotedivoire\/politique\/cote-divoire-laurent-gbagbo-a-foule-le-sol-de-son-village-natal-de-mama#primaryimage"},"image":{"@id":"https:\/\/www.africa-press.net\/cotedivoire\/politique\/cote-divoire-laurent-gbagbo-a-foule-le-sol-de-son-village-natal-de-mama#primaryimage"},"thumbnailUrl":"https:\/\/static.africa-press.net\/cote\/sites\/43\/2021\/06\/img-60da02b01e908.jpg","datePublished":"2021-06-28T18:04:29+00:00","author":{"@id":"https:\/\/www.africa-press.net\/cotedivoire\/#\/schema\/person\/2b1cf3cd81a31e3cd26889ca66d677f1"},"description":"C\u00f4te d\u2019Ivoire \u2013 La distance reliant Abidjan (Sud), la capitale \u00e9conomique, \u00e0 Gagnoa (Centre-Ouest), longue de 270 Kilom\u00e8 ...","breadcrumb":{"@id":"https:\/\/www.africa-press.net\/cotedivoire\/politique\/cote-divoire-laurent-gbagbo-a-foule-le-sol-de-son-village-natal-de-mama#breadcrumb"},"inLanguage":"fr-FR","potentialAction":[{"@type":"ReadAction","target":["https:\/\/www.africa-press.net\/cotedivoire\/politique\/cote-divoire-laurent-gbagbo-a-foule-le-sol-de-son-village-natal-de-mama"]}]},{"@type":"ImageObject","inLanguage":"fr-FR","@id":"https:\/\/www.africa-press.net\/cotedivoire\/politique\/cote-divoire-laurent-gbagbo-a-foule-le-sol-de-son-village-natal-de-mama#primaryimage","url":"https:\/\/static.africa-press.net\/cote\/sites\/43\/2021\/06\/img-60da02b01e908.jpg","contentUrl":"https:\/\/static.africa-press.net\/cote\/sites\/43\/2021\/06\/img-60da02b01e908.jpg","width":750,"height":422,"caption":"C\u00f4te d\u2019Ivoire : Laurent Gbagbo a foul\u00e9 le sol de son village natal de Mama"},{"@type":"BreadcrumbList","@id":"https:\/\/www.africa-press.net\/cotedivoire\/politique\/cote-divoire-laurent-gbagbo-a-foule-le-sol-de-son-village-natal-de-mama#breadcrumb","itemListElement":[{"@type":"ListItem","position":1,"name":"Accueil","item":"https:\/\/www.africa-press.net\/cotedivoire\/"},{"@type":"ListItem","position":2,"name":"Laurent Gbagbo a foul\u00e9 le sol de son village natal de Mama"}]},{"@type":"WebSite","@id":"https:\/\/www.africa-press.net\/cotedivoire\/#website","url":"https:\/\/www.africa-press.net\/cotedivoire\/","name":"C\u00f4te d&#039;Ivoire","description":"Just another Africa News Agency Sites site","potentialAction":[{"@type":"SearchAction","target":{"@type":"EntryPoint","urlTemplate":"https:\/\/www.africa-press.net\/cotedivoire\/?s={search_term_string}"},"query-input":{"@type":"PropertyValueSpecification","valueRequired":true,"valueName":"search_term_string"}}],"inLanguage":"fr-FR"},{"@type":"Person","@id":"https:\/\/www.africa-press.net\/cotedivoire\/#\/schema\/person\/2b1cf3cd81a31e3cd26889ca66d677f1","name":"cfeditorfr"}]}},"_links":{"self":[{"href":"https:\/\/www.africa-press.net\/cotedivoire\/wp-json\/wp\/v2\/posts\/9528","targetHints":{"allow":["GET"]}}],"collection":[{"href":"https:\/\/www.africa-press.net\/cotedivoire\/wp-json\/wp\/v2\/posts"}],"about":[{"href":"https:\/\/www.africa-press.net\/cotedivoire\/wp-json\/wp\/v2\/types\/post"}],"author":[{"embeddable":true,"href":"https:\/\/www.africa-press.net\/cotedivoire\/wp-json\/wp\/v2\/users\/82"}],"replies":[{"embeddable":true,"href":"https:\/\/www.africa-press.net\/cotedivoire\/wp-json\/wp\/v2\/comments?post=9528"}],"version-history":[{"count":0,"href":"https:\/\/www.africa-press.net\/cotedivoire\/wp-json\/wp\/v2\/posts\/9528\/revisions"}],"wp:featuredmedia":[{"embeddable":true,"href":"https:\/\/www.africa-press.net\/cotedivoire\/wp-json\/wp\/v2\/media\/9527"}],"wp:attachment":[{"href":"https:\/\/www.africa-press.net\/cotedivoire\/wp-json\/wp\/v2\/media?parent=9528"}],"wp:term":[{"taxonomy":"category","embeddable":true,"href":"https:\/\/www.africa-press.net\/cotedivoire\/wp-json\/wp\/v2\/categories?post=9528"},{"taxonomy":"post_tag","embeddable":true,"href":"https:\/\/www.africa-press.net\/cotedivoire\/wp-json\/wp\/v2\/tags?post=9528"}],"curies":[{"name":"wp","href":"https:\/\/api.w.org\/{rel}","templated":true}]}}