{"id":95391,"date":"2025-02-20T15:45:35","date_gmt":"2025-02-20T15:45:35","guid":{"rendered":"https:\/\/www.africa-press.net\/cotedivoire\/politique\/bruno-kone-effectue-une-visite-sur-les-chantiers-de-sebroko-tour-c-et-tour-f-vouci-les-dates-avancees-pour-la-fin-des-travaux"},"modified":"2025-04-13T15:03:08","modified_gmt":"2025-04-13T15:03:08","slug":"bruno-kone-effectue-une-visite-sur-les-chantiers-de-sebroko-tour-c-et-tour-f-vouci-les-dates-avancees-pour-la-fin-des-travaux","status":"publish","type":"post","link":"https:\/\/www.africa-press.net\/cotedivoire\/economie\/bruno-kone-effectue-une-visite-sur-les-chantiers-de-sebroko-tour-c-et-tour-f-vouci-les-dates-avancees-pour-la-fin-des-travaux","title":{"rendered":"Bruno Kon\u00e9 effectue une visite sur les chantiers de S\u00e9broko, Tour C et Tour F, vouci les dates avanc\u00e9es pour la fin des travaux"},"content":{"rendered":"<p><span style=\"color: #ff6600\"><strong>Africa-Press &#8211; C\u00f4te d&rsquo;Ivoire. <\/strong><\/span>Ce mercredi 19 fe\u0301vrier 2025, le Ministre de la Construction, du Logement et de l&rsquo;Urbanisme, Bruno Nabagne\u0301 Kone\u0301, a re\u0301alise\u0301 une visite d&rsquo;inspection sur plusieurs chantiers structurants a\u0300 Abidjan.<\/p>\n<p>Cette visite s&rsquo;inscrit dans le cadre des suivis pe\u0301riodiques que le Ministe\u0300re effectue pour s&rsquo;assurer du bon de\u0301roulement des projets cle\u0301s. Les sites visite\u0301s incluent l&rsquo;Ho\u0302tel Se\u0301broko a\u0300 Atte\u0301coube\u0301, ainsi que les Tours C et F situe\u0301es dans la commune du Plateau. Ces infrastructures, essentielles pour la modernisation de l&rsquo;administration ivoirienne, visent a\u0300 offrir aux fonctionnaires et agents de l&rsquo;E\u0301tat des conditions de travail optimales.<\/p>\n<p>Lors de cette visite, le Ministre a pu constater que les travaux progressent de manie\u0300re satisfaisante sur les trois chantiers.<\/p>\n<p>\u00ab Nous avons observe\u0301 que les travaux avancent correctement sur chaque site. Le personnel est tre\u0300s motive\u0301 et les chantiers sont bien conduits sur le plan technique. Cette visite nous laisse satisfaits \u00bb, a de\u0301clare\u0301 Bruno Nabagne\u0301 Kone\u0301. Il a e\u0301galement souligne\u0301 l&rsquo;importance de respecter les de\u0301lais annonce\u0301s pour la finition des travaux.<\/p>\n<p>Concernant les e\u0301che\u0301ances, le Ministre a pre\u0301cise\u0301 que les travaux de l&rsquo;Ho\u0302tel Se\u0301broko devraient e\u0302tre acheve\u0301s en avril 2025. Pour la Tour F, dont la structure exte\u0301rieure sera e\u0301galement termine\u0301e en avril 2025, il restera cependant d&rsquo;importants travaux d&rsquo;ame\u0301nagement inte\u0301rieur et d&rsquo;e\u0301quipement, qui pourraient prendre encore une a\u0300 deux anne\u0301es.<\/p>\n<p>La Tour F, qui comptera 75 e\u0301tages, repre\u0301sente un projet ambitieux pour la ville du Plateau. Enfin, les travaux de la Tour C devraient s&rsquo;achever en septembre 2025.<\/p>\n<p>Le Ministre a re\u0301affirme\u0301 son engagement a\u0300 veiller au respect de ces de\u0301lais, tout en assurant que la qualite\u0301 des travaux reste une priorite\u0301 absolue. Ces projets, une fois finalise\u0301s, contribueront significativement a\u0300 la modernisation des infrastructures administratives et au de\u0301veloppement urbain de la Co\u0302te d&rsquo;Ivoire.<\/p>\n\r\n                <style type=\"text\/css\">\r\n                    \r\n                    #td_uid_1_69f4655b51a26  .td-doubleSlider-2 .td-item1 {\r\n                        background: url(https:\/\/static.africa-press.net\/cote\/sites\/43\/2025\/02\/sm_1740060349.662253-80x60.jpg) 0 0 no-repeat;\r\n                    }\r\n                    #td_uid_1_69f4655b51a26  .td-doubleSlider-2 .td-item2 {\r\n                        background: url(https:\/\/static.africa-press.net\/cote\/sites\/43\/2025\/02\/sm_1740060353.190641-80x60.jpg) 0 0 no-repeat;\r\n                    }\r\n                <\/style>\r\n\r\n                <div id=\"td_uid_1_69f4655b51a26\" class=\"td-gallery td-slide-on-2-columns\">\r\n                    <div class=\"post_td_gallery\">\r\n                        <div class=\"td-gallery-slide-top\">\r\n                           <div class=\"td-gallery-title\"><\/div>\r\n\r\n                            <div class=\"td-gallery-controls-wrapper\">\r\n                                <div class=\"td-gallery-slide-count\"><span class=\"td-gallery-slide-item-focus\">1<\/span> de 2<\/div>\r\n                                <div class=\"td-gallery-slide-prev-next-but\">\r\n                                    <i class = \"td-icon-left doubleSliderPrevButton\"><\/i>\r\n                                    <i class = \"td-icon-right doubleSliderNextButton\"><\/i>\r\n                                <\/div>\r\n                            <\/div>\r\n                        <\/div>\r\n\r\n                        <div class = \"td-doubleSlider-1 \">\r\n                            <div class = \"td-slider\">\r\n                                \r\n                    <div class = \"td-slide-item td-item1\">\r\n                        <figure class=\"td-slide-galery-figure td-slide-popup-gallery\">\r\n                            <a class=\"slide-gallery-image-link\" href=\"https:\/\/static.africa-press.net\/cote\/sites\/43\/2025\/02\/sm_1740060349.662253.jpg\" title=\"sm_1740060349.662253\"  data-caption=\"\"  data-description=\"\">\r\n                                <img decoding=\"async\" src=\"https:\/\/static.africa-press.net\/cote\/sites\/43\/2025\/02\/sm_1740060349.662253.jpg\" srcset=\"https:\/\/static.africa-press.net\/cote\/sites\/43\/2025\/02\/sm_1740060349.662253.jpg 1000w, https:\/\/static.africa-press.net\/cote\/sites\/43\/2025\/02\/sm_1740060349.662253-300x200.jpg 300w, https:\/\/static.africa-press.net\/cote\/sites\/43\/2025\/02\/sm_1740060349.662253-768x512.jpg 768w\" sizes=\"(max-width: 1000px) 100vw, 1000px\" alt=\"\">\r\n                            <\/a>\r\n                            \r\n                        <\/figure>\r\n                    <\/div>\r\n                    <div class = \"td-slide-item td-item2\">\r\n                        <figure class=\"td-slide-galery-figure td-slide-popup-gallery\">\r\n                            <a class=\"slide-gallery-image-link\" href=\"https:\/\/static.africa-press.net\/cote\/sites\/43\/2025\/02\/sm_1740060353.190641.jpg\" title=\"sm_1740060353.190641\"  data-caption=\"\"  data-description=\"\">\r\n                                <img decoding=\"async\" src=\"https:\/\/static.africa-press.net\/cote\/sites\/43\/2025\/02\/sm_1740060353.190641.jpg\" srcset=\"https:\/\/static.africa-press.net\/cote\/sites\/43\/2025\/02\/sm_1740060353.190641.jpg 1000w, https:\/\/static.africa-press.net\/cote\/sites\/43\/2025\/02\/sm_1740060353.190641-300x200.jpg 300w, https:\/\/static.africa-press.net\/cote\/sites\/43\/2025\/02\/sm_1740060353.190641-768x512.jpg 768w\" sizes=\"(max-width: 1000px) 100vw, 1000px\" alt=\"\">\r\n                            <\/a>\r\n                            \r\n                        <\/figure>\r\n                    <\/div>\r\n                            <\/div>\r\n                        <\/div>\r\n\r\n                        <div class = \"td-doubleSlider-2\">\r\n                            <div class = \"td-slider\">\r\n                                \r\n                    <div class = \"td-button td-item1\">\r\n                        <div class = \"td-border\"><\/div>\r\n                    <\/div>\r\n                    <div class = \"td-button td-item2\">\r\n                        <div class = \"td-border\"><\/div>\r\n                    <\/div>\r\n                            <\/div>\r\n                        <\/div>\r\n\r\n                    <\/div>\r\n\r\n                <\/div>\r\n                \n<p><strong>Pour plus d&rsquo;informations et d&rsquo;analyses sur la <span style=\"color: #ff6600\">C\u00f4te d&rsquo;Ivoire<\/span>, suivez <span style=\"color: #ff6600\">Africa-Press<\/span><\/strong><\/p>\n","protected":false},"excerpt":{"rendered":"<p>Africa-Press &#8211; C\u00f4te d&rsquo;Ivoire. Ce mercredi 19 fe\u0301vrier 2025, le Ministre de la Construction, du Logement et de l&rsquo;Urbanisme, Bruno Nabagne\u0301 Kone\u0301, a re\u0301alise\u0301 une visite d&rsquo;inspection sur plusieurs chantiers structurants a\u0300 Abidjan. Cette visite s&rsquo;inscrit dans le cadre des suivis pe\u0301riodiques que le Ministe\u0300re effectue pour s&rsquo;assurer du bon de\u0301roulement des projets cle\u0301s. Les [&hellip;]<\/p>\n","protected":false},"author":82,"featured_media":95390,"comment_status":"open","ping_status":"closed","sticky":false,"template":"","format":"standard","meta":{"footnotes":""},"categories":[3,8,10],"tags":[403,29,401,527,672,419,955,2128],"class_list":["post-95391","post","type-post","status-publish","format-standard","has-post-thumbnail","hentry","category-economie","category-photo","category-toutes-les-actualites","tag-bruno","tag-cote-divoire","tag-kone","tag-plateau","tag-site","tag-tour","tag-travaux","tag-visite"],"yoast_head":"<!-- This site is optimized with the Yoast SEO Premium plugin v26.1 (Yoast SEO v27.0) - https:\/\/yoast.com\/product\/yoast-seo-premium-wordpress\/ -->\n<title>Bruno Kon\u00e9 effectue une visite sur les chantiers de S\u00e9broko, Tour C et Tour F, vouci les dates avanc\u00e9es pour la fin des travaux - C\u00f4te d&#039;Ivoire<\/title>\n<meta name=\"description\" content=\"Ce mercredi 19 fe\u0301vrier 2025, le Ministre de la Construction, du Logement et de l&#039;Urbanisme, Bruno Nabagne\u0301 Kone\u0301, a re\u0301 ...\" \/>\n<meta name=\"robots\" content=\"index, follow, max-snippet:-1, max-image-preview:large, max-video-preview:-1\" \/>\n<link rel=\"canonical\" href=\"https:\/\/www.africa-press.net\/cotedivoire\/economie\/bruno-kone-effectue-une-visite-sur-les-chantiers-de-sebroko-tour-c-et-tour-f-vouci-les-dates-avancees-pour-la-fin-des-travaux\" \/>\n<meta property=\"og:locale\" content=\"fr_FR\" \/>\n<meta property=\"og:type\" content=\"article\" \/>\n<meta property=\"og:title\" content=\"Bruno Kon\u00e9 effectue une visite sur les chantiers de S\u00e9broko, Tour C et Tour F, vouci les dates avanc\u00e9es pour la fin des travaux\" \/>\n<meta property=\"og:description\" content=\"Ce mercredi 19 fe\u0301vrier 2025, le Ministre de la Construction, du Logement et de l&#039;Urbanisme, Bruno Nabagne\u0301 Kone\u0301, a re\u0301 ...\" \/>\n<meta property=\"og:url\" content=\"https:\/\/www.africa-press.net\/cotedivoire\/economie\/bruno-kone-effectue-une-visite-sur-les-chantiers-de-sebroko-tour-c-et-tour-f-vouci-les-dates-avancees-pour-la-fin-des-travaux\" \/>\n<meta property=\"og:site_name\" content=\"C\u00f4te d&#039;Ivoire\" \/>\n<meta property=\"article:published_time\" content=\"2025-02-20T15:45:35+00:00\" \/>\n<meta property=\"article:modified_time\" content=\"2025-04-13T15:03:08+00:00\" \/>\n<meta property=\"og:image\" content=\"https:\/\/static.africa-press.net\/cote\/sites\/43\/2025\/02\/sm_1740060356.83935.jpg\" \/>\n\t<meta property=\"og:image:width\" content=\"720\" \/>\n\t<meta property=\"og:image:height\" content=\"480\" \/>\n\t<meta property=\"og:image:type\" content=\"image\/jpeg\" \/>\n<meta name=\"author\" content=\"cfeditorfr\" \/>\n<meta name=\"twitter:card\" content=\"summary_large_image\" \/>\n<meta name=\"twitter:label1\" content=\"\u00c9crit par\" \/>\n\t<meta name=\"twitter:data1\" content=\"cfeditorfr\" \/>\n\t<meta name=\"twitter:label2\" content=\"Dur\u00e9e de lecture estim\u00e9e\" \/>\n\t<meta name=\"twitter:data2\" content=\"2 minutes\" \/>\n<script type=\"application\/ld+json\" class=\"yoast-schema-graph\">{\"@context\":\"https:\/\/schema.org\",\"@graph\":[{\"@type\":\"Article\",\"@id\":\"https:\/\/www.africa-press.net\/cotedivoire\/economie\/bruno-kone-effectue-une-visite-sur-les-chantiers-de-sebroko-tour-c-et-tour-f-vouci-les-dates-avancees-pour-la-fin-des-travaux#article\",\"isPartOf\":{\"@id\":\"https:\/\/www.africa-press.net\/cotedivoire\/economie\/bruno-kone-effectue-une-visite-sur-les-chantiers-de-sebroko-tour-c-et-tour-f-vouci-les-dates-avancees-pour-la-fin-des-travaux\"},\"author\":{\"name\":\"cfeditorfr\",\"@id\":\"https:\/\/www.africa-press.net\/cotedivoire\/#\/schema\/person\/2b1cf3cd81a31e3cd26889ca66d677f1\"},\"headline\":\"Bruno Kon\u00e9 effectue une visite sur les chantiers de S\u00e9broko, Tour C et Tour F, vouci les dates avanc\u00e9es pour la fin des travaux\",\"datePublished\":\"2025-02-20T15:45:35+00:00\",\"dateModified\":\"2025-04-13T15:03:08+00:00\",\"mainEntityOfPage\":{\"@id\":\"https:\/\/www.africa-press.net\/cotedivoire\/economie\/bruno-kone-effectue-une-visite-sur-les-chantiers-de-sebroko-tour-c-et-tour-f-vouci-les-dates-avancees-pour-la-fin-des-travaux\"},\"wordCount\":393,\"commentCount\":0,\"image\":{\"@id\":\"https:\/\/www.africa-press.net\/cotedivoire\/economie\/bruno-kone-effectue-une-visite-sur-les-chantiers-de-sebroko-tour-c-et-tour-f-vouci-les-dates-avancees-pour-la-fin-des-travaux#primaryimage\"},\"thumbnailUrl\":\"https:\/\/static.africa-press.net\/cote\/sites\/43\/2025\/02\/sm_1740060356.83935.jpg\",\"keywords\":[\"Bruno\",\"C\u00d4TE D'IVOIRE\",\"Kon\u00e9\",\"Plateau\",\"site\",\"tour\",\"travaux\",\"visite\"],\"articleSection\":[\"\u00c9conomie\",\"Photo\",\"Toutes les actualit\u00e9s\"],\"inLanguage\":\"fr-FR\",\"potentialAction\":[{\"@type\":\"CommentAction\",\"name\":\"Comment\",\"target\":[\"https:\/\/www.africa-press.net\/cotedivoire\/economie\/bruno-kone-effectue-une-visite-sur-les-chantiers-de-sebroko-tour-c-et-tour-f-vouci-les-dates-avancees-pour-la-fin-des-travaux#respond\"]}]},{\"@type\":\"WebPage\",\"@id\":\"https:\/\/www.africa-press.net\/cotedivoire\/economie\/bruno-kone-effectue-une-visite-sur-les-chantiers-de-sebroko-tour-c-et-tour-f-vouci-les-dates-avancees-pour-la-fin-des-travaux\",\"url\":\"https:\/\/www.africa-press.net\/cotedivoire\/economie\/bruno-kone-effectue-une-visite-sur-les-chantiers-de-sebroko-tour-c-et-tour-f-vouci-les-dates-avancees-pour-la-fin-des-travaux\",\"name\":\"Bruno Kon\u00e9 effectue une visite sur les chantiers de S\u00e9broko, Tour C et Tour F, vouci les dates avanc\u00e9es pour la fin des travaux - C\u00f4te d&#039;Ivoire\",\"isPartOf\":{\"@id\":\"https:\/\/www.africa-press.net\/cotedivoire\/#website\"},\"primaryImageOfPage\":{\"@id\":\"https:\/\/www.africa-press.net\/cotedivoire\/economie\/bruno-kone-effectue-une-visite-sur-les-chantiers-de-sebroko-tour-c-et-tour-f-vouci-les-dates-avancees-pour-la-fin-des-travaux#primaryimage\"},\"image\":{\"@id\":\"https:\/\/www.africa-press.net\/cotedivoire\/economie\/bruno-kone-effectue-une-visite-sur-les-chantiers-de-sebroko-tour-c-et-tour-f-vouci-les-dates-avancees-pour-la-fin-des-travaux#primaryimage\"},\"thumbnailUrl\":\"https:\/\/static.africa-press.net\/cote\/sites\/43\/2025\/02\/sm_1740060356.83935.jpg\",\"datePublished\":\"2025-02-20T15:45:35+00:00\",\"dateModified\":\"2025-04-13T15:03:08+00:00\",\"author\":{\"@id\":\"https:\/\/www.africa-press.net\/cotedivoire\/#\/schema\/person\/2b1cf3cd81a31e3cd26889ca66d677f1\"},\"description\":\"Ce mercredi 19 fe\u0301vrier 2025, le Ministre de la Construction, du Logement et de l'Urbanisme, Bruno Nabagne\u0301 Kone\u0301, a re\u0301 ...\",\"breadcrumb\":{\"@id\":\"https:\/\/www.africa-press.net\/cotedivoire\/economie\/bruno-kone-effectue-une-visite-sur-les-chantiers-de-sebroko-tour-c-et-tour-f-vouci-les-dates-avancees-pour-la-fin-des-travaux#breadcrumb\"},\"inLanguage\":\"fr-FR\",\"potentialAction\":[{\"@type\":\"ReadAction\",\"target\":[\"https:\/\/www.africa-press.net\/cotedivoire\/economie\/bruno-kone-effectue-une-visite-sur-les-chantiers-de-sebroko-tour-c-et-tour-f-vouci-les-dates-avancees-pour-la-fin-des-travaux\"]}]},{\"@type\":\"ImageObject\",\"inLanguage\":\"fr-FR\",\"@id\":\"https:\/\/www.africa-press.net\/cotedivoire\/economie\/bruno-kone-effectue-une-visite-sur-les-chantiers-de-sebroko-tour-c-et-tour-f-vouci-les-dates-avancees-pour-la-fin-des-travaux#primaryimage\",\"url\":\"https:\/\/static.africa-press.net\/cote\/sites\/43\/2025\/02\/sm_1740060356.83935.jpg\",\"contentUrl\":\"https:\/\/static.africa-press.net\/cote\/sites\/43\/2025\/02\/sm_1740060356.83935.jpg\",\"width\":720,\"height\":480,\"caption\":\"Bruno Kon\u00e9 effectue une visite sur les chantiers de S\u00e9broko, Tour C et Tour F, vouci les dates avanc\u00e9es pour la fin des travaux\"},{\"@type\":\"BreadcrumbList\",\"@id\":\"https:\/\/www.africa-press.net\/cotedivoire\/economie\/bruno-kone-effectue-une-visite-sur-les-chantiers-de-sebroko-tour-c-et-tour-f-vouci-les-dates-avancees-pour-la-fin-des-travaux#breadcrumb\",\"itemListElement\":[{\"@type\":\"ListItem\",\"position\":1,\"name\":\"Accueil\",\"item\":\"https:\/\/www.africa-press.net\/cotedivoire\/\"},{\"@type\":\"ListItem\",\"position\":2,\"name\":\"Bruno Kon\u00e9 effectue une visite sur les chantiers de S\u00e9broko, Tour C et Tour F, vouci les dates avanc\u00e9es pour la fin des travaux\"}]},{\"@type\":\"WebSite\",\"@id\":\"https:\/\/www.africa-press.net\/cotedivoire\/#website\",\"url\":\"https:\/\/www.africa-press.net\/cotedivoire\/\",\"name\":\"C\u00f4te d&#039;Ivoire\",\"description\":\"Just another Africa News Agency Sites site\",\"potentialAction\":[{\"@type\":\"SearchAction\",\"target\":{\"@type\":\"EntryPoint\",\"urlTemplate\":\"https:\/\/www.africa-press.net\/cotedivoire\/?s={search_term_string}\"},\"query-input\":{\"@type\":\"PropertyValueSpecification\",\"valueRequired\":true,\"valueName\":\"search_term_string\"}}],\"inLanguage\":\"fr-FR\"},{\"@type\":\"Person\",\"@id\":\"https:\/\/www.africa-press.net\/cotedivoire\/#\/schema\/person\/2b1cf3cd81a31e3cd26889ca66d677f1\",\"name\":\"cfeditorfr\"}]}<\/script>\n<!-- \/ Yoast SEO Premium plugin. -->","yoast_head_json":{"title":"Bruno Kon\u00e9 effectue une visite sur les chantiers de S\u00e9broko, Tour C et Tour F, vouci les dates avanc\u00e9es pour la fin des travaux - C\u00f4te d&#039;Ivoire","description":"Ce mercredi 19 fe\u0301vrier 2025, le Ministre de la Construction, du Logement et de l'Urbanisme, Bruno Nabagne\u0301 Kone\u0301, a re\u0301 ...","robots":{"index":"index","follow":"follow","max-snippet":"max-snippet:-1","max-image-preview":"max-image-preview:large","max-video-preview":"max-video-preview:-1"},"canonical":"https:\/\/www.africa-press.net\/cotedivoire\/economie\/bruno-kone-effectue-une-visite-sur-les-chantiers-de-sebroko-tour-c-et-tour-f-vouci-les-dates-avancees-pour-la-fin-des-travaux","og_locale":"fr_FR","og_type":"article","og_title":"Bruno Kon\u00e9 effectue une visite sur les chantiers de S\u00e9broko, Tour C et Tour F, vouci les dates avanc\u00e9es pour la fin des travaux","og_description":"Ce mercredi 19 fe\u0301vrier 2025, le Ministre de la Construction, du Logement et de l'Urbanisme, Bruno Nabagne\u0301 Kone\u0301, a re\u0301 ...","og_url":"https:\/\/www.africa-press.net\/cotedivoire\/economie\/bruno-kone-effectue-une-visite-sur-les-chantiers-de-sebroko-tour-c-et-tour-f-vouci-les-dates-avancees-pour-la-fin-des-travaux","og_site_name":"C\u00f4te d&#039;Ivoire","article_published_time":"2025-02-20T15:45:35+00:00","article_modified_time":"2025-04-13T15:03:08+00:00","og_image":[{"width":720,"height":480,"url":"https:\/\/static.africa-press.net\/cote\/sites\/43\/2025\/02\/sm_1740060356.83935.jpg","type":"image\/jpeg"}],"author":"cfeditorfr","twitter_card":"summary_large_image","twitter_misc":{"\u00c9crit par":"cfeditorfr","Dur\u00e9e de lecture estim\u00e9e":"2 minutes"},"schema":{"@context":"https:\/\/schema.org","@graph":[{"@type":"Article","@id":"https:\/\/www.africa-press.net\/cotedivoire\/economie\/bruno-kone-effectue-une-visite-sur-les-chantiers-de-sebroko-tour-c-et-tour-f-vouci-les-dates-avancees-pour-la-fin-des-travaux#article","isPartOf":{"@id":"https:\/\/www.africa-press.net\/cotedivoire\/economie\/bruno-kone-effectue-une-visite-sur-les-chantiers-de-sebroko-tour-c-et-tour-f-vouci-les-dates-avancees-pour-la-fin-des-travaux"},"author":{"name":"cfeditorfr","@id":"https:\/\/www.africa-press.net\/cotedivoire\/#\/schema\/person\/2b1cf3cd81a31e3cd26889ca66d677f1"},"headline":"Bruno Kon\u00e9 effectue une visite sur les chantiers de S\u00e9broko, Tour C et Tour F, vouci les dates avanc\u00e9es pour la fin des travaux","datePublished":"2025-02-20T15:45:35+00:00","dateModified":"2025-04-13T15:03:08+00:00","mainEntityOfPage":{"@id":"https:\/\/www.africa-press.net\/cotedivoire\/economie\/bruno-kone-effectue-une-visite-sur-les-chantiers-de-sebroko-tour-c-et-tour-f-vouci-les-dates-avancees-pour-la-fin-des-travaux"},"wordCount":393,"commentCount":0,"image":{"@id":"https:\/\/www.africa-press.net\/cotedivoire\/economie\/bruno-kone-effectue-une-visite-sur-les-chantiers-de-sebroko-tour-c-et-tour-f-vouci-les-dates-avancees-pour-la-fin-des-travaux#primaryimage"},"thumbnailUrl":"https:\/\/static.africa-press.net\/cote\/sites\/43\/2025\/02\/sm_1740060356.83935.jpg","keywords":["Bruno","C\u00d4TE D'IVOIRE","Kon\u00e9","Plateau","site","tour","travaux","visite"],"articleSection":["\u00c9conomie","Photo","Toutes les actualit\u00e9s"],"inLanguage":"fr-FR","potentialAction":[{"@type":"CommentAction","name":"Comment","target":["https:\/\/www.africa-press.net\/cotedivoire\/economie\/bruno-kone-effectue-une-visite-sur-les-chantiers-de-sebroko-tour-c-et-tour-f-vouci-les-dates-avancees-pour-la-fin-des-travaux#respond"]}]},{"@type":"WebPage","@id":"https:\/\/www.africa-press.net\/cotedivoire\/economie\/bruno-kone-effectue-une-visite-sur-les-chantiers-de-sebroko-tour-c-et-tour-f-vouci-les-dates-avancees-pour-la-fin-des-travaux","url":"https:\/\/www.africa-press.net\/cotedivoire\/economie\/bruno-kone-effectue-une-visite-sur-les-chantiers-de-sebroko-tour-c-et-tour-f-vouci-les-dates-avancees-pour-la-fin-des-travaux","name":"Bruno Kon\u00e9 effectue une visite sur les chantiers de S\u00e9broko, Tour C et Tour F, vouci les dates avanc\u00e9es pour la fin des travaux - C\u00f4te d&#039;Ivoire","isPartOf":{"@id":"https:\/\/www.africa-press.net\/cotedivoire\/#website"},"primaryImageOfPage":{"@id":"https:\/\/www.africa-press.net\/cotedivoire\/economie\/bruno-kone-effectue-une-visite-sur-les-chantiers-de-sebroko-tour-c-et-tour-f-vouci-les-dates-avancees-pour-la-fin-des-travaux#primaryimage"},"image":{"@id":"https:\/\/www.africa-press.net\/cotedivoire\/economie\/bruno-kone-effectue-une-visite-sur-les-chantiers-de-sebroko-tour-c-et-tour-f-vouci-les-dates-avancees-pour-la-fin-des-travaux#primaryimage"},"thumbnailUrl":"https:\/\/static.africa-press.net\/cote\/sites\/43\/2025\/02\/sm_1740060356.83935.jpg","datePublished":"2025-02-20T15:45:35+00:00","dateModified":"2025-04-13T15:03:08+00:00","author":{"@id":"https:\/\/www.africa-press.net\/cotedivoire\/#\/schema\/person\/2b1cf3cd81a31e3cd26889ca66d677f1"},"description":"Ce mercredi 19 fe\u0301vrier 2025, le Ministre de la Construction, du Logement et de l'Urbanisme, Bruno Nabagne\u0301 Kone\u0301, a re\u0301 ...","breadcrumb":{"@id":"https:\/\/www.africa-press.net\/cotedivoire\/economie\/bruno-kone-effectue-une-visite-sur-les-chantiers-de-sebroko-tour-c-et-tour-f-vouci-les-dates-avancees-pour-la-fin-des-travaux#breadcrumb"},"inLanguage":"fr-FR","potentialAction":[{"@type":"ReadAction","target":["https:\/\/www.africa-press.net\/cotedivoire\/economie\/bruno-kone-effectue-une-visite-sur-les-chantiers-de-sebroko-tour-c-et-tour-f-vouci-les-dates-avancees-pour-la-fin-des-travaux"]}]},{"@type":"ImageObject","inLanguage":"fr-FR","@id":"https:\/\/www.africa-press.net\/cotedivoire\/economie\/bruno-kone-effectue-une-visite-sur-les-chantiers-de-sebroko-tour-c-et-tour-f-vouci-les-dates-avancees-pour-la-fin-des-travaux#primaryimage","url":"https:\/\/static.africa-press.net\/cote\/sites\/43\/2025\/02\/sm_1740060356.83935.jpg","contentUrl":"https:\/\/static.africa-press.net\/cote\/sites\/43\/2025\/02\/sm_1740060356.83935.jpg","width":720,"height":480,"caption":"Bruno Kon\u00e9 effectue une visite sur les chantiers de S\u00e9broko, Tour C et Tour F, vouci les dates avanc\u00e9es pour la fin des travaux"},{"@type":"BreadcrumbList","@id":"https:\/\/www.africa-press.net\/cotedivoire\/economie\/bruno-kone-effectue-une-visite-sur-les-chantiers-de-sebroko-tour-c-et-tour-f-vouci-les-dates-avancees-pour-la-fin-des-travaux#breadcrumb","itemListElement":[{"@type":"ListItem","position":1,"name":"Accueil","item":"https:\/\/www.africa-press.net\/cotedivoire\/"},{"@type":"ListItem","position":2,"name":"Bruno Kon\u00e9 effectue une visite sur les chantiers de S\u00e9broko, Tour C et Tour F, vouci les dates avanc\u00e9es pour la fin des travaux"}]},{"@type":"WebSite","@id":"https:\/\/www.africa-press.net\/cotedivoire\/#website","url":"https:\/\/www.africa-press.net\/cotedivoire\/","name":"C\u00f4te d&#039;Ivoire","description":"Just another Africa News Agency Sites site","potentialAction":[{"@type":"SearchAction","target":{"@type":"EntryPoint","urlTemplate":"https:\/\/www.africa-press.net\/cotedivoire\/?s={search_term_string}"},"query-input":{"@type":"PropertyValueSpecification","valueRequired":true,"valueName":"search_term_string"}}],"inLanguage":"fr-FR"},{"@type":"Person","@id":"https:\/\/www.africa-press.net\/cotedivoire\/#\/schema\/person\/2b1cf3cd81a31e3cd26889ca66d677f1","name":"cfeditorfr"}]}},"_links":{"self":[{"href":"https:\/\/www.africa-press.net\/cotedivoire\/wp-json\/wp\/v2\/posts\/95391","targetHints":{"allow":["GET"]}}],"collection":[{"href":"https:\/\/www.africa-press.net\/cotedivoire\/wp-json\/wp\/v2\/posts"}],"about":[{"href":"https:\/\/www.africa-press.net\/cotedivoire\/wp-json\/wp\/v2\/types\/post"}],"author":[{"embeddable":true,"href":"https:\/\/www.africa-press.net\/cotedivoire\/wp-json\/wp\/v2\/users\/82"}],"replies":[{"embeddable":true,"href":"https:\/\/www.africa-press.net\/cotedivoire\/wp-json\/wp\/v2\/comments?post=95391"}],"version-history":[{"count":0,"href":"https:\/\/www.africa-press.net\/cotedivoire\/wp-json\/wp\/v2\/posts\/95391\/revisions"}],"wp:featuredmedia":[{"embeddable":true,"href":"https:\/\/www.africa-press.net\/cotedivoire\/wp-json\/wp\/v2\/media\/95390"}],"wp:attachment":[{"href":"https:\/\/www.africa-press.net\/cotedivoire\/wp-json\/wp\/v2\/media?parent=95391"}],"wp:term":[{"taxonomy":"category","embeddable":true,"href":"https:\/\/www.africa-press.net\/cotedivoire\/wp-json\/wp\/v2\/categories?post=95391"},{"taxonomy":"post_tag","embeddable":true,"href":"https:\/\/www.africa-press.net\/cotedivoire\/wp-json\/wp\/v2\/tags?post=95391"}],"curies":[{"name":"wp","href":"https:\/\/api.w.org\/{rel}","templated":true}]}}