{"id":95395,"date":"2025-02-20T16:43:12","date_gmt":"2025-02-20T16:43:12","guid":{"rendered":"https:\/\/www.africa-press.net\/cotedivoire\/politique\/cafe-cacao-des-producteurs-sestimant-meprises-par-le-gouvernement-menacent-de-paralyser-la-filiere-un-preavis-de-greve-annonce"},"modified":"2025-04-13T15:03:34","modified_gmt":"2025-04-13T15:03:34","slug":"cafe-cacao-des-producteurs-sestimant-meprises-par-le-gouvernement-menacent-de-paralyser-la-filiere-un-preavis-de-greve-annonce","status":"publish","type":"post","link":"https:\/\/www.africa-press.net\/cotedivoire\/economie\/cafe-cacao-des-producteurs-sestimant-meprises-par-le-gouvernement-menacent-de-paralyser-la-filiere-un-preavis-de-greve-annonce","title":{"rendered":"Caf\u00e9-cacao, des producteurs s&rsquo;estimant m\u00e9pris\u00e9s par le gouvernement menacent de paralyser la fili\u00e8re, un pr\u00e9avis de gr\u00e8ve annonc\u00e9"},"content":{"rendered":"<p><span style=\"color: #ff6600\"><strong>Africa-Press &#8211; C\u00f4te d&rsquo;Ivoire. <\/strong><\/span>Du 18 au 19 fe\u0301vrier 2025, les de\u0301le\u0301gue\u0301s et coordinateurs du Syndicat National Agricole pour le Progre\u0300s en Co\u0302te d&rsquo;Ivoire (SYNAPCI) se sont re\u0301unis a\u0300 Daloa pour une concertation d\u2019une importance capitale. Cette rencontre, marque\u0301e par un climat de frustration, avait pour objectif principal d&rsquo;analyser le silence persistant des autorite\u0301s face aux revendications souleve\u0301es lors de la confe\u0301rence de presse du 16 janvier dernier, anime\u0301e par le pre\u0301sident national du SYNAPCI, Kone\u0301 Moussa.<\/p>\n<p>Au c\u0153ur des discussions, les membres du SYNAPCI ont exprime\u0301 leur incompre\u0301hension face a\u0300 l&rsquo;inaction des autorite\u0301s qui, selon eux, montrent un manque de conside\u0301ration flagrant envers les producteurs agricoles.<\/p>\n<p>Le silence des gestionnaires de la filie\u0300re cafe\u0301-cacao et du gouvernement est perc\u0327u comme une ne\u0301gligence grave, qui nuit a\u0300 la relation de confiance entre les producteurs et leurs gestionnaires. Ce vide de dialogue, estime le SYNAPCI, fragilise non seulement la gestion des filie\u0300res agricoles mais aussi l&rsquo;e\u0301conomie du secteur.<\/p>\n<p>Face a\u0300 cette situation juge\u0301e insupportable, les membres du SYNAPCI ont adopte\u0301 plusieurs re\u0301solutions fortes, visant a\u0300 relancer le dialogue et obtenir des re\u0301ponses concre\u0300tes. Parmi les mesures adopte\u0301es, le SYNAP-CI a e\u0301te\u0301 de\u0301cide\u0301 de l&rsquo;envoi d&rsquo;un courrier officiel au Conseil du cafe\u0301-cacao ainsi qu&rsquo;aux autorite\u0301s gouvernementales, afin de re\u0301ite\u0301rer les revendications des producteurs agricoles. Le Syndicat exige des re\u0301ponses claires et concre\u0300tes concernant les engagements du gouvernement, en particulier en ce qui concerne l&rsquo;ame\u0301lioration des conditions de vie et de travail des producteurs.<\/p>\n<p>Le Syndicat annonce le de\u0301po\u0302t d&rsquo;un pre\u0301avis de gre\u0300ve en cas de non-re\u0301ponse satisfaisante de la part des autorite\u0301s, car cette menace d&rsquo;action syndicale s&rsquo;inscrit dans une volonte\u0301 de faire entendre la voix des producteurs et d&rsquo;obtenir une re\u0301ponse a\u0300 leurs pre\u0301occupations urgentes.<\/p>\n<p>Le SYNAPCI a re\u0301affirme\u0301 sa de\u0301termination a\u0300 de\u0301fendre les inte\u0301re\u0302ts de ses membres, tout en exhortant le gouvernement a\u0300 prendre des de\u0301cisions rapides et justes.<\/p>\n<p>La question centrale demeure: une meilleure redistribution des revenus ge\u0301ne\u0301re\u0301s par les filie\u0300res du cacao et du cafe\u0301. En l&rsquo;absence de mesures concre\u0300tes et d&rsquo;un dialogue constructif, le SYNAPCI n&rsquo;he\u0301sitera pas a\u0300 recourir a\u0300 la gre\u0300ve pour faire valoir ses revendications.<\/p>\n<p>\u00ab\u00a0La balle est de\u0301sormais dans le camp des autorite\u0301s. Si aucune solution n&rsquo;est trouve\u0301e, le SYNAPCI, fide\u0300le a\u0300 son ro\u0302le de de\u0301fenseur des producteurs, se re\u0301serve le droit d&rsquo;agir, quitte a\u0300 perturber l&rsquo;e\u0301conomie de ce secteur strate\u0301gique pour le pays\u00a0\u00bb, menace, le Syndicat.<\/p>\n<p><strong>Pour plus d&rsquo;informations et d&rsquo;analyses sur la <span style=\"color: #ff6600\">C\u00f4te d&rsquo;Ivoire<\/span>, suivez <span style=\"color: #ff6600\">Africa-Press<\/span><\/strong><\/p>\n","protected":false},"excerpt":{"rendered":"<p>Africa-Press &#8211; C\u00f4te d&rsquo;Ivoire. Du 18 au 19 fe\u0301vrier 2025, les de\u0301le\u0301gue\u0301s et coordinateurs du Syndicat National Agricole pour le Progre\u0300s en Co\u0302te d&rsquo;Ivoire (SYNAPCI) se sont re\u0301unis a\u0300 Daloa pour une concertation d\u2019une importance capitale. Cette rencontre, marque\u0301e par un climat de frustration, avait pour objectif principal d&rsquo;analyser le silence persistant des autorite\u0301s face [&hellip;]<\/p>\n","protected":false},"author":82,"featured_media":95394,"comment_status":"open","ping_status":"closed","sticky":false,"template":"","format":"standard","meta":{"footnotes":""},"categories":[3,10],"tags":[29,1074,6017,4021],"class_list":["post-95395","post","type-post","status-publish","format-standard","has-post-thumbnail","hentry","category-economie","category-toutes-les-actualites","tag-cote-divoire","tag-daloa","tag-kone-moussa","tag-synapci"],"yoast_head":"<!-- This site is optimized with the Yoast SEO Premium plugin v26.1 (Yoast SEO v27.0) - https:\/\/yoast.com\/product\/yoast-seo-premium-wordpress\/ -->\n<title>Caf\u00e9-cacao, des producteurs s&#039;estimant m\u00e9pris\u00e9s par le gouvernement menacent de paralyser la fili\u00e8re, un pr\u00e9avis de gr\u00e8ve annonc\u00e9 - C\u00f4te d&#039;Ivoire<\/title>\n<meta name=\"description\" content=\"Du 18 au 19 fe\u0301vrier 2025, les de\u0301le\u0301gue\u0301s et coordinateurs du Syndicat National Agricole pour le Progre\u0300s en Co\u0302te d&#039;Iv ...\" \/>\n<meta name=\"robots\" content=\"index, follow, max-snippet:-1, max-image-preview:large, max-video-preview:-1\" \/>\n<link rel=\"canonical\" href=\"https:\/\/www.africa-press.net\/cotedivoire\/economie\/cafe-cacao-des-producteurs-sestimant-meprises-par-le-gouvernement-menacent-de-paralyser-la-filiere-un-preavis-de-greve-annonce\" \/>\n<meta property=\"og:locale\" content=\"fr_FR\" \/>\n<meta property=\"og:type\" content=\"article\" \/>\n<meta property=\"og:title\" content=\"Caf\u00e9-cacao, des producteurs s&#039;estimant m\u00e9pris\u00e9s par le gouvernement menacent de paralyser la fili\u00e8re, un pr\u00e9avis de gr\u00e8ve annonc\u00e9\" \/>\n<meta property=\"og:description\" content=\"Du 18 au 19 fe\u0301vrier 2025, les de\u0301le\u0301gue\u0301s et coordinateurs du Syndicat National Agricole pour le Progre\u0300s en Co\u0302te d&#039;Iv ...\" \/>\n<meta property=\"og:url\" content=\"https:\/\/www.africa-press.net\/cotedivoire\/economie\/cafe-cacao-des-producteurs-sestimant-meprises-par-le-gouvernement-menacent-de-paralyser-la-filiere-un-preavis-de-greve-annonce\" \/>\n<meta property=\"og:site_name\" content=\"C\u00f4te d&#039;Ivoire\" \/>\n<meta property=\"article:published_time\" content=\"2025-02-20T16:43:12+00:00\" \/>\n<meta property=\"article:modified_time\" content=\"2025-04-13T15:03:34+00:00\" \/>\n<meta property=\"og:image\" content=\"https:\/\/static.africa-press.net\/cote\/sites\/43\/2025\/02\/sm_1740060384.597435.jpg\" \/>\n\t<meta property=\"og:image:width\" content=\"720\" \/>\n\t<meta property=\"og:image:height\" content=\"384\" \/>\n\t<meta property=\"og:image:type\" content=\"image\/jpeg\" \/>\n<meta name=\"author\" content=\"cfeditorfr\" \/>\n<meta name=\"twitter:card\" content=\"summary_large_image\" \/>\n<meta name=\"twitter:label1\" content=\"\u00c9crit par\" \/>\n\t<meta name=\"twitter:data1\" content=\"cfeditorfr\" \/>\n\t<meta name=\"twitter:label2\" content=\"Dur\u00e9e de lecture estim\u00e9e\" \/>\n\t<meta name=\"twitter:data2\" content=\"3 minutes\" \/>\n<script type=\"application\/ld+json\" class=\"yoast-schema-graph\">{\"@context\":\"https:\/\/schema.org\",\"@graph\":[{\"@type\":\"Article\",\"@id\":\"https:\/\/www.africa-press.net\/cotedivoire\/economie\/cafe-cacao-des-producteurs-sestimant-meprises-par-le-gouvernement-menacent-de-paralyser-la-filiere-un-preavis-de-greve-annonce#article\",\"isPartOf\":{\"@id\":\"https:\/\/www.africa-press.net\/cotedivoire\/economie\/cafe-cacao-des-producteurs-sestimant-meprises-par-le-gouvernement-menacent-de-paralyser-la-filiere-un-preavis-de-greve-annonce\"},\"author\":{\"name\":\"cfeditorfr\",\"@id\":\"https:\/\/www.africa-press.net\/cotedivoire\/#\/schema\/person\/2b1cf3cd81a31e3cd26889ca66d677f1\"},\"headline\":\"Caf\u00e9-cacao, des producteurs s&rsquo;estimant m\u00e9pris\u00e9s par le gouvernement menacent de paralyser la fili\u00e8re, un pr\u00e9avis de gr\u00e8ve annonc\u00e9\",\"datePublished\":\"2025-02-20T16:43:12+00:00\",\"dateModified\":\"2025-04-13T15:03:34+00:00\",\"mainEntityOfPage\":{\"@id\":\"https:\/\/www.africa-press.net\/cotedivoire\/economie\/cafe-cacao-des-producteurs-sestimant-meprises-par-le-gouvernement-menacent-de-paralyser-la-filiere-un-preavis-de-greve-annonce\"},\"wordCount\":517,\"commentCount\":0,\"image\":{\"@id\":\"https:\/\/www.africa-press.net\/cotedivoire\/economie\/cafe-cacao-des-producteurs-sestimant-meprises-par-le-gouvernement-menacent-de-paralyser-la-filiere-un-preavis-de-greve-annonce#primaryimage\"},\"thumbnailUrl\":\"https:\/\/static.africa-press.net\/cote\/sites\/43\/2025\/02\/sm_1740060384.597435.jpg\",\"keywords\":[\"C\u00d4TE D'IVOIRE\",\"Daloa\",\"Kon\u00e9 Moussa\",\"SYNAPCI\"],\"articleSection\":[\"\u00c9conomie\",\"Toutes les actualit\u00e9s\"],\"inLanguage\":\"fr-FR\",\"potentialAction\":[{\"@type\":\"CommentAction\",\"name\":\"Comment\",\"target\":[\"https:\/\/www.africa-press.net\/cotedivoire\/economie\/cafe-cacao-des-producteurs-sestimant-meprises-par-le-gouvernement-menacent-de-paralyser-la-filiere-un-preavis-de-greve-annonce#respond\"]}]},{\"@type\":\"WebPage\",\"@id\":\"https:\/\/www.africa-press.net\/cotedivoire\/economie\/cafe-cacao-des-producteurs-sestimant-meprises-par-le-gouvernement-menacent-de-paralyser-la-filiere-un-preavis-de-greve-annonce\",\"url\":\"https:\/\/www.africa-press.net\/cotedivoire\/economie\/cafe-cacao-des-producteurs-sestimant-meprises-par-le-gouvernement-menacent-de-paralyser-la-filiere-un-preavis-de-greve-annonce\",\"name\":\"Caf\u00e9-cacao, des producteurs s'estimant m\u00e9pris\u00e9s par le gouvernement menacent de paralyser la fili\u00e8re, un pr\u00e9avis de gr\u00e8ve annonc\u00e9 - C\u00f4te d&#039;Ivoire\",\"isPartOf\":{\"@id\":\"https:\/\/www.africa-press.net\/cotedivoire\/#website\"},\"primaryImageOfPage\":{\"@id\":\"https:\/\/www.africa-press.net\/cotedivoire\/economie\/cafe-cacao-des-producteurs-sestimant-meprises-par-le-gouvernement-menacent-de-paralyser-la-filiere-un-preavis-de-greve-annonce#primaryimage\"},\"image\":{\"@id\":\"https:\/\/www.africa-press.net\/cotedivoire\/economie\/cafe-cacao-des-producteurs-sestimant-meprises-par-le-gouvernement-menacent-de-paralyser-la-filiere-un-preavis-de-greve-annonce#primaryimage\"},\"thumbnailUrl\":\"https:\/\/static.africa-press.net\/cote\/sites\/43\/2025\/02\/sm_1740060384.597435.jpg\",\"datePublished\":\"2025-02-20T16:43:12+00:00\",\"dateModified\":\"2025-04-13T15:03:34+00:00\",\"author\":{\"@id\":\"https:\/\/www.africa-press.net\/cotedivoire\/#\/schema\/person\/2b1cf3cd81a31e3cd26889ca66d677f1\"},\"description\":\"Du 18 au 19 fe\u0301vrier 2025, les de\u0301le\u0301gue\u0301s et coordinateurs du Syndicat National Agricole pour le Progre\u0300s en Co\u0302te d'Iv ...\",\"breadcrumb\":{\"@id\":\"https:\/\/www.africa-press.net\/cotedivoire\/economie\/cafe-cacao-des-producteurs-sestimant-meprises-par-le-gouvernement-menacent-de-paralyser-la-filiere-un-preavis-de-greve-annonce#breadcrumb\"},\"inLanguage\":\"fr-FR\",\"potentialAction\":[{\"@type\":\"ReadAction\",\"target\":[\"https:\/\/www.africa-press.net\/cotedivoire\/economie\/cafe-cacao-des-producteurs-sestimant-meprises-par-le-gouvernement-menacent-de-paralyser-la-filiere-un-preavis-de-greve-annonce\"]}]},{\"@type\":\"ImageObject\",\"inLanguage\":\"fr-FR\",\"@id\":\"https:\/\/www.africa-press.net\/cotedivoire\/economie\/cafe-cacao-des-producteurs-sestimant-meprises-par-le-gouvernement-menacent-de-paralyser-la-filiere-un-preavis-de-greve-annonce#primaryimage\",\"url\":\"https:\/\/static.africa-press.net\/cote\/sites\/43\/2025\/02\/sm_1740060384.597435.jpg\",\"contentUrl\":\"https:\/\/static.africa-press.net\/cote\/sites\/43\/2025\/02\/sm_1740060384.597435.jpg\",\"width\":720,\"height\":384,\"caption\":\"Caf\u00e9-cacao, des producteurs s'estimant m\u00e9pris\u00e9s par le gouvernement menacent de paralyser la fili\u00e8re, un pr\u00e9avis de gr\u00e8ve annonc\u00e9\"},{\"@type\":\"BreadcrumbList\",\"@id\":\"https:\/\/www.africa-press.net\/cotedivoire\/economie\/cafe-cacao-des-producteurs-sestimant-meprises-par-le-gouvernement-menacent-de-paralyser-la-filiere-un-preavis-de-greve-annonce#breadcrumb\",\"itemListElement\":[{\"@type\":\"ListItem\",\"position\":1,\"name\":\"Accueil\",\"item\":\"https:\/\/www.africa-press.net\/cotedivoire\/\"},{\"@type\":\"ListItem\",\"position\":2,\"name\":\"Caf\u00e9-cacao, des producteurs s&rsquo;estimant m\u00e9pris\u00e9s par le gouvernement menacent de paralyser la fili\u00e8re, un pr\u00e9avis de gr\u00e8ve annonc\u00e9\"}]},{\"@type\":\"WebSite\",\"@id\":\"https:\/\/www.africa-press.net\/cotedivoire\/#website\",\"url\":\"https:\/\/www.africa-press.net\/cotedivoire\/\",\"name\":\"C\u00f4te d&#039;Ivoire\",\"description\":\"Just another Africa News Agency Sites site\",\"potentialAction\":[{\"@type\":\"SearchAction\",\"target\":{\"@type\":\"EntryPoint\",\"urlTemplate\":\"https:\/\/www.africa-press.net\/cotedivoire\/?s={search_term_string}\"},\"query-input\":{\"@type\":\"PropertyValueSpecification\",\"valueRequired\":true,\"valueName\":\"search_term_string\"}}],\"inLanguage\":\"fr-FR\"},{\"@type\":\"Person\",\"@id\":\"https:\/\/www.africa-press.net\/cotedivoire\/#\/schema\/person\/2b1cf3cd81a31e3cd26889ca66d677f1\",\"name\":\"cfeditorfr\"}]}<\/script>\n<!-- \/ Yoast SEO Premium plugin. -->","yoast_head_json":{"title":"Caf\u00e9-cacao, des producteurs s'estimant m\u00e9pris\u00e9s par le gouvernement menacent de paralyser la fili\u00e8re, un pr\u00e9avis de gr\u00e8ve annonc\u00e9 - C\u00f4te d&#039;Ivoire","description":"Du 18 au 19 fe\u0301vrier 2025, les de\u0301le\u0301gue\u0301s et coordinateurs du Syndicat National Agricole pour le Progre\u0300s en Co\u0302te d'Iv ...","robots":{"index":"index","follow":"follow","max-snippet":"max-snippet:-1","max-image-preview":"max-image-preview:large","max-video-preview":"max-video-preview:-1"},"canonical":"https:\/\/www.africa-press.net\/cotedivoire\/economie\/cafe-cacao-des-producteurs-sestimant-meprises-par-le-gouvernement-menacent-de-paralyser-la-filiere-un-preavis-de-greve-annonce","og_locale":"fr_FR","og_type":"article","og_title":"Caf\u00e9-cacao, des producteurs s'estimant m\u00e9pris\u00e9s par le gouvernement menacent de paralyser la fili\u00e8re, un pr\u00e9avis de gr\u00e8ve annonc\u00e9","og_description":"Du 18 au 19 fe\u0301vrier 2025, les de\u0301le\u0301gue\u0301s et coordinateurs du Syndicat National Agricole pour le Progre\u0300s en Co\u0302te d'Iv ...","og_url":"https:\/\/www.africa-press.net\/cotedivoire\/economie\/cafe-cacao-des-producteurs-sestimant-meprises-par-le-gouvernement-menacent-de-paralyser-la-filiere-un-preavis-de-greve-annonce","og_site_name":"C\u00f4te d&#039;Ivoire","article_published_time":"2025-02-20T16:43:12+00:00","article_modified_time":"2025-04-13T15:03:34+00:00","og_image":[{"width":720,"height":384,"url":"https:\/\/static.africa-press.net\/cote\/sites\/43\/2025\/02\/sm_1740060384.597435.jpg","type":"image\/jpeg"}],"author":"cfeditorfr","twitter_card":"summary_large_image","twitter_misc":{"\u00c9crit par":"cfeditorfr","Dur\u00e9e de lecture estim\u00e9e":"3 minutes"},"schema":{"@context":"https:\/\/schema.org","@graph":[{"@type":"Article","@id":"https:\/\/www.africa-press.net\/cotedivoire\/economie\/cafe-cacao-des-producteurs-sestimant-meprises-par-le-gouvernement-menacent-de-paralyser-la-filiere-un-preavis-de-greve-annonce#article","isPartOf":{"@id":"https:\/\/www.africa-press.net\/cotedivoire\/economie\/cafe-cacao-des-producteurs-sestimant-meprises-par-le-gouvernement-menacent-de-paralyser-la-filiere-un-preavis-de-greve-annonce"},"author":{"name":"cfeditorfr","@id":"https:\/\/www.africa-press.net\/cotedivoire\/#\/schema\/person\/2b1cf3cd81a31e3cd26889ca66d677f1"},"headline":"Caf\u00e9-cacao, des producteurs s&rsquo;estimant m\u00e9pris\u00e9s par le gouvernement menacent de paralyser la fili\u00e8re, un pr\u00e9avis de gr\u00e8ve annonc\u00e9","datePublished":"2025-02-20T16:43:12+00:00","dateModified":"2025-04-13T15:03:34+00:00","mainEntityOfPage":{"@id":"https:\/\/www.africa-press.net\/cotedivoire\/economie\/cafe-cacao-des-producteurs-sestimant-meprises-par-le-gouvernement-menacent-de-paralyser-la-filiere-un-preavis-de-greve-annonce"},"wordCount":517,"commentCount":0,"image":{"@id":"https:\/\/www.africa-press.net\/cotedivoire\/economie\/cafe-cacao-des-producteurs-sestimant-meprises-par-le-gouvernement-menacent-de-paralyser-la-filiere-un-preavis-de-greve-annonce#primaryimage"},"thumbnailUrl":"https:\/\/static.africa-press.net\/cote\/sites\/43\/2025\/02\/sm_1740060384.597435.jpg","keywords":["C\u00d4TE D'IVOIRE","Daloa","Kon\u00e9 Moussa","SYNAPCI"],"articleSection":["\u00c9conomie","Toutes les actualit\u00e9s"],"inLanguage":"fr-FR","potentialAction":[{"@type":"CommentAction","name":"Comment","target":["https:\/\/www.africa-press.net\/cotedivoire\/economie\/cafe-cacao-des-producteurs-sestimant-meprises-par-le-gouvernement-menacent-de-paralyser-la-filiere-un-preavis-de-greve-annonce#respond"]}]},{"@type":"WebPage","@id":"https:\/\/www.africa-press.net\/cotedivoire\/economie\/cafe-cacao-des-producteurs-sestimant-meprises-par-le-gouvernement-menacent-de-paralyser-la-filiere-un-preavis-de-greve-annonce","url":"https:\/\/www.africa-press.net\/cotedivoire\/economie\/cafe-cacao-des-producteurs-sestimant-meprises-par-le-gouvernement-menacent-de-paralyser-la-filiere-un-preavis-de-greve-annonce","name":"Caf\u00e9-cacao, des producteurs s'estimant m\u00e9pris\u00e9s par le gouvernement menacent de paralyser la fili\u00e8re, un pr\u00e9avis de gr\u00e8ve annonc\u00e9 - C\u00f4te d&#039;Ivoire","isPartOf":{"@id":"https:\/\/www.africa-press.net\/cotedivoire\/#website"},"primaryImageOfPage":{"@id":"https:\/\/www.africa-press.net\/cotedivoire\/economie\/cafe-cacao-des-producteurs-sestimant-meprises-par-le-gouvernement-menacent-de-paralyser-la-filiere-un-preavis-de-greve-annonce#primaryimage"},"image":{"@id":"https:\/\/www.africa-press.net\/cotedivoire\/economie\/cafe-cacao-des-producteurs-sestimant-meprises-par-le-gouvernement-menacent-de-paralyser-la-filiere-un-preavis-de-greve-annonce#primaryimage"},"thumbnailUrl":"https:\/\/static.africa-press.net\/cote\/sites\/43\/2025\/02\/sm_1740060384.597435.jpg","datePublished":"2025-02-20T16:43:12+00:00","dateModified":"2025-04-13T15:03:34+00:00","author":{"@id":"https:\/\/www.africa-press.net\/cotedivoire\/#\/schema\/person\/2b1cf3cd81a31e3cd26889ca66d677f1"},"description":"Du 18 au 19 fe\u0301vrier 2025, les de\u0301le\u0301gue\u0301s et coordinateurs du Syndicat National Agricole pour le Progre\u0300s en Co\u0302te d'Iv ...","breadcrumb":{"@id":"https:\/\/www.africa-press.net\/cotedivoire\/economie\/cafe-cacao-des-producteurs-sestimant-meprises-par-le-gouvernement-menacent-de-paralyser-la-filiere-un-preavis-de-greve-annonce#breadcrumb"},"inLanguage":"fr-FR","potentialAction":[{"@type":"ReadAction","target":["https:\/\/www.africa-press.net\/cotedivoire\/economie\/cafe-cacao-des-producteurs-sestimant-meprises-par-le-gouvernement-menacent-de-paralyser-la-filiere-un-preavis-de-greve-annonce"]}]},{"@type":"ImageObject","inLanguage":"fr-FR","@id":"https:\/\/www.africa-press.net\/cotedivoire\/economie\/cafe-cacao-des-producteurs-sestimant-meprises-par-le-gouvernement-menacent-de-paralyser-la-filiere-un-preavis-de-greve-annonce#primaryimage","url":"https:\/\/static.africa-press.net\/cote\/sites\/43\/2025\/02\/sm_1740060384.597435.jpg","contentUrl":"https:\/\/static.africa-press.net\/cote\/sites\/43\/2025\/02\/sm_1740060384.597435.jpg","width":720,"height":384,"caption":"Caf\u00e9-cacao, des producteurs s'estimant m\u00e9pris\u00e9s par le gouvernement menacent de paralyser la fili\u00e8re, un pr\u00e9avis de gr\u00e8ve annonc\u00e9"},{"@type":"BreadcrumbList","@id":"https:\/\/www.africa-press.net\/cotedivoire\/economie\/cafe-cacao-des-producteurs-sestimant-meprises-par-le-gouvernement-menacent-de-paralyser-la-filiere-un-preavis-de-greve-annonce#breadcrumb","itemListElement":[{"@type":"ListItem","position":1,"name":"Accueil","item":"https:\/\/www.africa-press.net\/cotedivoire\/"},{"@type":"ListItem","position":2,"name":"Caf\u00e9-cacao, des producteurs s&rsquo;estimant m\u00e9pris\u00e9s par le gouvernement menacent de paralyser la fili\u00e8re, un pr\u00e9avis de gr\u00e8ve annonc\u00e9"}]},{"@type":"WebSite","@id":"https:\/\/www.africa-press.net\/cotedivoire\/#website","url":"https:\/\/www.africa-press.net\/cotedivoire\/","name":"C\u00f4te d&#039;Ivoire","description":"Just another Africa News Agency Sites site","potentialAction":[{"@type":"SearchAction","target":{"@type":"EntryPoint","urlTemplate":"https:\/\/www.africa-press.net\/cotedivoire\/?s={search_term_string}"},"query-input":{"@type":"PropertyValueSpecification","valueRequired":true,"valueName":"search_term_string"}}],"inLanguage":"fr-FR"},{"@type":"Person","@id":"https:\/\/www.africa-press.net\/cotedivoire\/#\/schema\/person\/2b1cf3cd81a31e3cd26889ca66d677f1","name":"cfeditorfr"}]}},"_links":{"self":[{"href":"https:\/\/www.africa-press.net\/cotedivoire\/wp-json\/wp\/v2\/posts\/95395","targetHints":{"allow":["GET"]}}],"collection":[{"href":"https:\/\/www.africa-press.net\/cotedivoire\/wp-json\/wp\/v2\/posts"}],"about":[{"href":"https:\/\/www.africa-press.net\/cotedivoire\/wp-json\/wp\/v2\/types\/post"}],"author":[{"embeddable":true,"href":"https:\/\/www.africa-press.net\/cotedivoire\/wp-json\/wp\/v2\/users\/82"}],"replies":[{"embeddable":true,"href":"https:\/\/www.africa-press.net\/cotedivoire\/wp-json\/wp\/v2\/comments?post=95395"}],"version-history":[{"count":0,"href":"https:\/\/www.africa-press.net\/cotedivoire\/wp-json\/wp\/v2\/posts\/95395\/revisions"}],"wp:featuredmedia":[{"embeddable":true,"href":"https:\/\/www.africa-press.net\/cotedivoire\/wp-json\/wp\/v2\/media\/95394"}],"wp:attachment":[{"href":"https:\/\/www.africa-press.net\/cotedivoire\/wp-json\/wp\/v2\/media?parent=95395"}],"wp:term":[{"taxonomy":"category","embeddable":true,"href":"https:\/\/www.africa-press.net\/cotedivoire\/wp-json\/wp\/v2\/categories?post=95395"},{"taxonomy":"post_tag","embeddable":true,"href":"https:\/\/www.africa-press.net\/cotedivoire\/wp-json\/wp\/v2\/tags?post=95395"}],"curies":[{"name":"wp","href":"https:\/\/api.w.org\/{rel}","templated":true}]}}