{"id":9542,"date":"2021-06-29T14:28:22","date_gmt":"2021-06-29T14:28:22","guid":{"rendered":"https:\/\/www.africa-press.net\/cotedivoire\/?p=9542"},"modified":"2021-06-29T19:40:24","modified_gmt":"2021-06-29T19:40:24","slug":"cote-divoire-laurent-gbagbo-il-fallait-ecarter-un-concurrent-genant","status":"publish","type":"post","link":"https:\/\/www.africa-press.net\/cotedivoire\/politique\/cote-divoire-laurent-gbagbo-il-fallait-ecarter-un-concurrent-genant","title":{"rendered":"Laurent Gbagbo : \u00ab\u00a0Il fallait \u00e9carter un concurrent g\u00eanant\u00a0\u00bb"},"content":{"rendered":"<p><span style=\"color: #ff6600\"><strong><a href=\"https:\/\/www.africa-press.net\/\">Africa-Press<\/a> &#8211; <a href=\"https:\/\/www.africa-press.net\/cotedivoire\">C\u00f4te d&rsquo;Ivoire<\/a>. <\/strong><\/span>L\u2019ex-pr\u00e9sident a affirm\u00e9 lundi qu\u2019en 2011, il avait \u00e9t\u00e9 envoy\u00e9 devant la CPI \u00e0 La Haye car \u00ab il fallait \u00e9carter un homme g\u00eanant \u00bb. Laurent Gbagbo intervenait devant la presse et des chefs coutumiers dans son village de Mama.<\/p>\n<p>\u00ab La CPI, ce n\u2019\u00e9tait pas s\u00e9rieux, il fallait \u00e9carter un homme g\u00eanant, un concurrent g\u00eanant, alors on m\u2019a mis l\u00e0-bas \u00bb, a d\u00e9clar\u00e9 Laurent Gbagbo, lundi 28 juin, alors qu\u2019il se trouvait \u00e0 son domicile de Mama, son village natal, dans le centre-ouest de la C\u00f4te d\u2019Ivoire. \u00ab Mais je ne regrette pas, parce que si j\u2019\u00e9tais revenu avec un titre de criminel, c\u2019est vous tous ici qui alliez avoir honte \u00bb, a ajout\u00e9 l\u2019ancien pr\u00e9sident, d\u00e9finitivement acquitt\u00e9 fin mars par la CPI, o\u00f9 il \u00e9tait notamment poursuivi pour crimes contre l\u2019humanit\u00e9.<\/p>\n<p><b>\u00ab Je ne suis pas un criminel \u00bb<\/b><\/p>\n<p>\u00ab M\u00eame les blancs qui ne nous connaissent pas, qui suivent nos petites querelles ici, ont su que je [n\u2019\u00e9tais] pas un criminel. Moi je fais tout, hein, mais je ne suis pas un criminel \u00bb, a poursuivi Laurent Gbagbo sous les rires de l\u2019assistance. C\u2019est la premi\u00e8re fois depuis son retour en C\u00f4te d\u2019Ivoire le 17 juin apr\u00e8s dix ans d\u2019absence que l\u2019ex-pr\u00e9sident \u00e9voque publiquement son jugement et son acquittement par la CPI. Plusieurs milliers de personnes lui ont r\u00e9serv\u00e9 dimanche un accueil triomphal \u00e0 Mama.<\/p>\n<p>Lundi, il y a rencontr\u00e9 \u00e0 son domicile des chefs traditionnels venus de tout le centre-ouest de la C\u00f4te d\u2019Ivoire, une r\u00e9gion qui est son fief, et ils lui ont confi\u00e9 une mission de \u00ab r\u00e9conciliation \u00bb. \u00ab C\u2019est sa pr\u00e9sence qu\u2019on attendait pour la r\u00e9conciliation. Il faut qu\u2019il s\u2019appuie sur sa popularit\u00e9 pour appeler le peuple ivoirien \u00e0 la r\u00e9conciliation totale \u00bb, a d\u00e9clar\u00e9 Joseph Goli Obou, le \u00ab chef des terres \u00bb de Mama, une autorit\u00e9 locale, entour\u00e9 de notables. Ces chefs traditionnels devraient \u00e9galement participer \u00e0 une c\u00e9r\u00e9monie destin\u00e9e \u00e0 le \u00ab purifier \u00bb, comme le veut la tradition b\u00e9t\u00e9 pour quelqu\u2019un qui a \u00e9t\u00e9 emprisonn\u00e9 et lib\u00e9r\u00e9.<\/p>\n<p><b>\u00ab Purification \u00bb et \u00ab r\u00e9conciliation \u00bb<\/b><\/p>\n<p>\u00ab Demain [mardi] quand je vais le purifier, je vais lui demander d\u2019\u00eatre au service de la r\u00e9conciliation, que ses premiers mots \u00e0 la nation aillent dans le sens la r\u00e9conciliation \u00bb, a affirm\u00e9 le \u00ab chef des terres \u00bb, affirmant \u00eatre mandat\u00e9 par ses pairs pour cette c\u00e9r\u00e9monie. \u00ab En pays b\u00e9t\u00e9, lorsqu\u2019un membre de la famille sort d\u2019une situation difficile, on lui fait une purification. Celle-ci consiste \u00e0 le laver au seuil de sa porte tr\u00e8s t\u00f4t le matin, avant le lever du soleil, avec une mixture \u00e0 base de rameaux et de feuilles traditionnelles Kpobrai et Titai \u00bb, a expliqu\u00e9 le chef septuag\u00e9naire.<\/p>\n<p>Sur la place publique de Mama, des habitants du village ont attendu en vain, en dansant et en chantant, que l\u2019ex-pr\u00e9sident vienne leur parler. \u00ab Gbagbo est venu pour rendre la paix dans la nation \u00bb, s\u2019est exclam\u00e9 Brigitte Koudou, venue du village mitoyen de Z\u00e9biz\u00e9kou. \u00ab Je suis en joie, cette journ\u00e9e est particuli\u00e8re. Le pr\u00e9sident Gbagbo est libre. On veut l\u2019entendre, qu\u2019il dise seulement un seul mot \u00bb, a d\u00e9clar\u00e9 de son c\u00f4t\u00e9 B\u00e9atrice Dj\u00e9dj\u00e9, venue de Kpakp\u00e9kou, un rameau en \u00ab signe de paix et de r\u00e9conciliation \u00bb \u00e0 la main.<\/p>\n","protected":false},"excerpt":{"rendered":"<p>Africa-Press &#8211; C\u00f4te d&rsquo;Ivoire. L\u2019ex-pr\u00e9sident a affirm\u00e9 lundi qu\u2019en 2011, il avait \u00e9t\u00e9 envoy\u00e9 devant la CPI \u00e0 La Haye car \u00ab il fallait \u00e9carter un homme g\u00eanant \u00bb. Laurent Gbagbo intervenait devant la presse et des chefs coutumiers dans son village de Mama. \u00ab La CPI, ce n\u2019\u00e9tait pas s\u00e9rieux, il fallait \u00e9carter un [&hellip;]<\/p>\n","protected":false},"author":82,"featured_media":9541,"comment_status":"open","ping_status":"closed","sticky":false,"template":"","format":"standard","meta":{"footnotes":""},"categories":[11,2,20,10],"tags":[56,63,29],"class_list":["post-9542","post","type-post","status-publish","format-standard","has-post-thumbnail","hentry","category-homepage-french","category-politique","category-top-nouvelles","category-toutes-les-actualites","tag-africa-press","tag-africa-press-cote-divoire","tag-cote-divoire"],"yoast_head":"<!-- This site is optimized with the Yoast SEO Premium plugin v26.1 (Yoast SEO v27.0) - https:\/\/yoast.com\/product\/yoast-seo-premium-wordpress\/ -->\n<title>Laurent Gbagbo : \u00ab\u00a0Il fallait \u00e9carter un concurrent g\u00eanant\u00a0\u00bb - C\u00f4te d&#039;Ivoire<\/title>\n<meta name=\"description\" content=\"L\u2019ex-pr\u00e9sident a affirm\u00e9 lundi qu\u2019en 2011, il avait \u00e9t\u00e9 envoy\u00e9 devant la CPI \u00e0 La Haye car \u00ab il fallait \u00e9carter un homme ...\" \/>\n<meta name=\"robots\" content=\"index, follow, max-snippet:-1, max-image-preview:large, max-video-preview:-1\" \/>\n<link rel=\"canonical\" href=\"https:\/\/www.africa-press.net\/cotedivoire\/politique\/cote-divoire-laurent-gbagbo-il-fallait-ecarter-un-concurrent-genant\" \/>\n<meta property=\"og:locale\" content=\"fr_FR\" \/>\n<meta property=\"og:type\" content=\"article\" \/>\n<meta property=\"og:title\" content=\"Laurent Gbagbo : \u00ab\u00a0Il fallait \u00e9carter un concurrent g\u00eanant\u00a0\u00bb\" \/>\n<meta property=\"og:description\" content=\"L\u2019ex-pr\u00e9sident a affirm\u00e9 lundi qu\u2019en 2011, il avait \u00e9t\u00e9 envoy\u00e9 devant la CPI \u00e0 La Haye car \u00ab il fallait \u00e9carter un homme ...\" \/>\n<meta property=\"og:url\" content=\"https:\/\/www.africa-press.net\/cotedivoire\/politique\/cote-divoire-laurent-gbagbo-il-fallait-ecarter-un-concurrent-genant\" \/>\n<meta property=\"og:site_name\" content=\"C\u00f4te d&#039;Ivoire\" \/>\n<meta property=\"article:published_time\" content=\"2021-06-29T14:28:22+00:00\" \/>\n<meta property=\"article:modified_time\" content=\"2021-06-29T19:40:24+00:00\" \/>\n<meta property=\"og:image\" content=\"https:\/\/static.africa-press.net\/cote\/sites\/43\/2021\/06\/img-60db2d06a4e7b.jpg\" \/>\n\t<meta property=\"og:image:width\" content=\"720\" \/>\n\t<meta property=\"og:image:height\" content=\"360\" \/>\n\t<meta property=\"og:image:type\" content=\"image\/jpeg\" \/>\n<meta name=\"author\" content=\"cfeditorfr\" \/>\n<meta name=\"twitter:card\" content=\"summary_large_image\" \/>\n<meta name=\"twitter:label1\" content=\"\u00c9crit par\" \/>\n\t<meta name=\"twitter:data1\" content=\"cfeditorfr\" \/>\n\t<meta name=\"twitter:label2\" content=\"Dur\u00e9e de lecture estim\u00e9e\" \/>\n\t<meta name=\"twitter:data2\" content=\"3 minutes\" \/>\n<script type=\"application\/ld+json\" class=\"yoast-schema-graph\">{\"@context\":\"https:\/\/schema.org\",\"@graph\":[{\"@type\":\"Article\",\"@id\":\"https:\/\/www.africa-press.net\/cotedivoire\/politique\/cote-divoire-laurent-gbagbo-il-fallait-ecarter-un-concurrent-genant#article\",\"isPartOf\":{\"@id\":\"https:\/\/www.africa-press.net\/cotedivoire\/politique\/cote-divoire-laurent-gbagbo-il-fallait-ecarter-un-concurrent-genant\"},\"author\":{\"name\":\"cfeditorfr\",\"@id\":\"https:\/\/www.africa-press.net\/cotedivoire\/#\/schema\/person\/2b1cf3cd81a31e3cd26889ca66d677f1\"},\"headline\":\"Laurent Gbagbo : \u00ab\u00a0Il fallait \u00e9carter un concurrent g\u00eanant\u00a0\u00bb\",\"datePublished\":\"2021-06-29T14:28:22+00:00\",\"dateModified\":\"2021-06-29T19:40:24+00:00\",\"mainEntityOfPage\":{\"@id\":\"https:\/\/www.africa-press.net\/cotedivoire\/politique\/cote-divoire-laurent-gbagbo-il-fallait-ecarter-un-concurrent-genant\"},\"wordCount\":591,\"commentCount\":0,\"image\":{\"@id\":\"https:\/\/www.africa-press.net\/cotedivoire\/politique\/cote-divoire-laurent-gbagbo-il-fallait-ecarter-un-concurrent-genant#primaryimage\"},\"thumbnailUrl\":\"https:\/\/static.africa-press.net\/cote\/sites\/43\/2021\/06\/img-60db2d06a4e7b.jpg\",\"keywords\":[\"Africa Press\",\"Africa Press-C\u00f4te d'Ivoire\",\"C\u00d4TE D'IVOIRE\"],\"articleSection\":[\"homepage-french\",\"Politique\",\"Top Nouvelles\",\"Toutes les actualit\u00e9s\"],\"inLanguage\":\"fr-FR\",\"potentialAction\":[{\"@type\":\"CommentAction\",\"name\":\"Comment\",\"target\":[\"https:\/\/www.africa-press.net\/cotedivoire\/politique\/cote-divoire-laurent-gbagbo-il-fallait-ecarter-un-concurrent-genant#respond\"]}]},{\"@type\":\"WebPage\",\"@id\":\"https:\/\/www.africa-press.net\/cotedivoire\/politique\/cote-divoire-laurent-gbagbo-il-fallait-ecarter-un-concurrent-genant\",\"url\":\"https:\/\/www.africa-press.net\/cotedivoire\/politique\/cote-divoire-laurent-gbagbo-il-fallait-ecarter-un-concurrent-genant\",\"name\":\"Laurent Gbagbo : \u00ab\u00a0Il fallait \u00e9carter un concurrent g\u00eanant\u00a0\u00bb - C\u00f4te d&#039;Ivoire\",\"isPartOf\":{\"@id\":\"https:\/\/www.africa-press.net\/cotedivoire\/#website\"},\"primaryImageOfPage\":{\"@id\":\"https:\/\/www.africa-press.net\/cotedivoire\/politique\/cote-divoire-laurent-gbagbo-il-fallait-ecarter-un-concurrent-genant#primaryimage\"},\"image\":{\"@id\":\"https:\/\/www.africa-press.net\/cotedivoire\/politique\/cote-divoire-laurent-gbagbo-il-fallait-ecarter-un-concurrent-genant#primaryimage\"},\"thumbnailUrl\":\"https:\/\/static.africa-press.net\/cote\/sites\/43\/2021\/06\/img-60db2d06a4e7b.jpg\",\"datePublished\":\"2021-06-29T14:28:22+00:00\",\"dateModified\":\"2021-06-29T19:40:24+00:00\",\"author\":{\"@id\":\"https:\/\/www.africa-press.net\/cotedivoire\/#\/schema\/person\/2b1cf3cd81a31e3cd26889ca66d677f1\"},\"description\":\"L\u2019ex-pr\u00e9sident a affirm\u00e9 lundi qu\u2019en 2011, il avait \u00e9t\u00e9 envoy\u00e9 devant la CPI \u00e0 La Haye car \u00ab il fallait \u00e9carter un homme ...\",\"breadcrumb\":{\"@id\":\"https:\/\/www.africa-press.net\/cotedivoire\/politique\/cote-divoire-laurent-gbagbo-il-fallait-ecarter-un-concurrent-genant#breadcrumb\"},\"inLanguage\":\"fr-FR\",\"potentialAction\":[{\"@type\":\"ReadAction\",\"target\":[\"https:\/\/www.africa-press.net\/cotedivoire\/politique\/cote-divoire-laurent-gbagbo-il-fallait-ecarter-un-concurrent-genant\"]}]},{\"@type\":\"ImageObject\",\"inLanguage\":\"fr-FR\",\"@id\":\"https:\/\/www.africa-press.net\/cotedivoire\/politique\/cote-divoire-laurent-gbagbo-il-fallait-ecarter-un-concurrent-genant#primaryimage\",\"url\":\"https:\/\/static.africa-press.net\/cote\/sites\/43\/2021\/06\/img-60db2d06a4e7b.jpg\",\"contentUrl\":\"https:\/\/static.africa-press.net\/cote\/sites\/43\/2021\/06\/img-60db2d06a4e7b.jpg\",\"width\":720,\"height\":360,\"caption\":\"C\u00f4te d\u2019Ivoire \u2013 Laurent Gbagbo : \u00ab\u00a0Il fallait \u00e9carter un concurrent g\u00eanant\u00a0\u00bb\"},{\"@type\":\"BreadcrumbList\",\"@id\":\"https:\/\/www.africa-press.net\/cotedivoire\/politique\/cote-divoire-laurent-gbagbo-il-fallait-ecarter-un-concurrent-genant#breadcrumb\",\"itemListElement\":[{\"@type\":\"ListItem\",\"position\":1,\"name\":\"Accueil\",\"item\":\"https:\/\/www.africa-press.net\/cotedivoire\/\"},{\"@type\":\"ListItem\",\"position\":2,\"name\":\"Laurent Gbagbo : \u00ab\u00a0Il fallait \u00e9carter un concurrent g\u00eanant\u00a0\u00bb\"}]},{\"@type\":\"WebSite\",\"@id\":\"https:\/\/www.africa-press.net\/cotedivoire\/#website\",\"url\":\"https:\/\/www.africa-press.net\/cotedivoire\/\",\"name\":\"C\u00f4te d&#039;Ivoire\",\"description\":\"Just another Africa News Agency Sites site\",\"potentialAction\":[{\"@type\":\"SearchAction\",\"target\":{\"@type\":\"EntryPoint\",\"urlTemplate\":\"https:\/\/www.africa-press.net\/cotedivoire\/?s={search_term_string}\"},\"query-input\":{\"@type\":\"PropertyValueSpecification\",\"valueRequired\":true,\"valueName\":\"search_term_string\"}}],\"inLanguage\":\"fr-FR\"},{\"@type\":\"Person\",\"@id\":\"https:\/\/www.africa-press.net\/cotedivoire\/#\/schema\/person\/2b1cf3cd81a31e3cd26889ca66d677f1\",\"name\":\"cfeditorfr\"}]}<\/script>\n<!-- \/ Yoast SEO Premium plugin. -->","yoast_head_json":{"title":"Laurent Gbagbo : \u00ab\u00a0Il fallait \u00e9carter un concurrent g\u00eanant\u00a0\u00bb - C\u00f4te d&#039;Ivoire","description":"L\u2019ex-pr\u00e9sident a affirm\u00e9 lundi qu\u2019en 2011, il avait \u00e9t\u00e9 envoy\u00e9 devant la CPI \u00e0 La Haye car \u00ab il fallait \u00e9carter un homme ...","robots":{"index":"index","follow":"follow","max-snippet":"max-snippet:-1","max-image-preview":"max-image-preview:large","max-video-preview":"max-video-preview:-1"},"canonical":"https:\/\/www.africa-press.net\/cotedivoire\/politique\/cote-divoire-laurent-gbagbo-il-fallait-ecarter-un-concurrent-genant","og_locale":"fr_FR","og_type":"article","og_title":"Laurent Gbagbo : \u00ab\u00a0Il fallait \u00e9carter un concurrent g\u00eanant\u00a0\u00bb","og_description":"L\u2019ex-pr\u00e9sident a affirm\u00e9 lundi qu\u2019en 2011, il avait \u00e9t\u00e9 envoy\u00e9 devant la CPI \u00e0 La Haye car \u00ab il fallait \u00e9carter un homme ...","og_url":"https:\/\/www.africa-press.net\/cotedivoire\/politique\/cote-divoire-laurent-gbagbo-il-fallait-ecarter-un-concurrent-genant","og_site_name":"C\u00f4te d&#039;Ivoire","article_published_time":"2021-06-29T14:28:22+00:00","article_modified_time":"2021-06-29T19:40:24+00:00","og_image":[{"width":720,"height":360,"url":"https:\/\/static.africa-press.net\/cote\/sites\/43\/2021\/06\/img-60db2d06a4e7b.jpg","type":"image\/jpeg"}],"author":"cfeditorfr","twitter_card":"summary_large_image","twitter_misc":{"\u00c9crit par":"cfeditorfr","Dur\u00e9e de lecture estim\u00e9e":"3 minutes"},"schema":{"@context":"https:\/\/schema.org","@graph":[{"@type":"Article","@id":"https:\/\/www.africa-press.net\/cotedivoire\/politique\/cote-divoire-laurent-gbagbo-il-fallait-ecarter-un-concurrent-genant#article","isPartOf":{"@id":"https:\/\/www.africa-press.net\/cotedivoire\/politique\/cote-divoire-laurent-gbagbo-il-fallait-ecarter-un-concurrent-genant"},"author":{"name":"cfeditorfr","@id":"https:\/\/www.africa-press.net\/cotedivoire\/#\/schema\/person\/2b1cf3cd81a31e3cd26889ca66d677f1"},"headline":"Laurent Gbagbo : \u00ab\u00a0Il fallait \u00e9carter un concurrent g\u00eanant\u00a0\u00bb","datePublished":"2021-06-29T14:28:22+00:00","dateModified":"2021-06-29T19:40:24+00:00","mainEntityOfPage":{"@id":"https:\/\/www.africa-press.net\/cotedivoire\/politique\/cote-divoire-laurent-gbagbo-il-fallait-ecarter-un-concurrent-genant"},"wordCount":591,"commentCount":0,"image":{"@id":"https:\/\/www.africa-press.net\/cotedivoire\/politique\/cote-divoire-laurent-gbagbo-il-fallait-ecarter-un-concurrent-genant#primaryimage"},"thumbnailUrl":"https:\/\/static.africa-press.net\/cote\/sites\/43\/2021\/06\/img-60db2d06a4e7b.jpg","keywords":["Africa Press","Africa Press-C\u00f4te d'Ivoire","C\u00d4TE D'IVOIRE"],"articleSection":["homepage-french","Politique","Top Nouvelles","Toutes les actualit\u00e9s"],"inLanguage":"fr-FR","potentialAction":[{"@type":"CommentAction","name":"Comment","target":["https:\/\/www.africa-press.net\/cotedivoire\/politique\/cote-divoire-laurent-gbagbo-il-fallait-ecarter-un-concurrent-genant#respond"]}]},{"@type":"WebPage","@id":"https:\/\/www.africa-press.net\/cotedivoire\/politique\/cote-divoire-laurent-gbagbo-il-fallait-ecarter-un-concurrent-genant","url":"https:\/\/www.africa-press.net\/cotedivoire\/politique\/cote-divoire-laurent-gbagbo-il-fallait-ecarter-un-concurrent-genant","name":"Laurent Gbagbo : \u00ab\u00a0Il fallait \u00e9carter un concurrent g\u00eanant\u00a0\u00bb - C\u00f4te d&#039;Ivoire","isPartOf":{"@id":"https:\/\/www.africa-press.net\/cotedivoire\/#website"},"primaryImageOfPage":{"@id":"https:\/\/www.africa-press.net\/cotedivoire\/politique\/cote-divoire-laurent-gbagbo-il-fallait-ecarter-un-concurrent-genant#primaryimage"},"image":{"@id":"https:\/\/www.africa-press.net\/cotedivoire\/politique\/cote-divoire-laurent-gbagbo-il-fallait-ecarter-un-concurrent-genant#primaryimage"},"thumbnailUrl":"https:\/\/static.africa-press.net\/cote\/sites\/43\/2021\/06\/img-60db2d06a4e7b.jpg","datePublished":"2021-06-29T14:28:22+00:00","dateModified":"2021-06-29T19:40:24+00:00","author":{"@id":"https:\/\/www.africa-press.net\/cotedivoire\/#\/schema\/person\/2b1cf3cd81a31e3cd26889ca66d677f1"},"description":"L\u2019ex-pr\u00e9sident a affirm\u00e9 lundi qu\u2019en 2011, il avait \u00e9t\u00e9 envoy\u00e9 devant la CPI \u00e0 La Haye car \u00ab il fallait \u00e9carter un homme ...","breadcrumb":{"@id":"https:\/\/www.africa-press.net\/cotedivoire\/politique\/cote-divoire-laurent-gbagbo-il-fallait-ecarter-un-concurrent-genant#breadcrumb"},"inLanguage":"fr-FR","potentialAction":[{"@type":"ReadAction","target":["https:\/\/www.africa-press.net\/cotedivoire\/politique\/cote-divoire-laurent-gbagbo-il-fallait-ecarter-un-concurrent-genant"]}]},{"@type":"ImageObject","inLanguage":"fr-FR","@id":"https:\/\/www.africa-press.net\/cotedivoire\/politique\/cote-divoire-laurent-gbagbo-il-fallait-ecarter-un-concurrent-genant#primaryimage","url":"https:\/\/static.africa-press.net\/cote\/sites\/43\/2021\/06\/img-60db2d06a4e7b.jpg","contentUrl":"https:\/\/static.africa-press.net\/cote\/sites\/43\/2021\/06\/img-60db2d06a4e7b.jpg","width":720,"height":360,"caption":"C\u00f4te d\u2019Ivoire \u2013 Laurent Gbagbo : \u00ab\u00a0Il fallait \u00e9carter un concurrent g\u00eanant\u00a0\u00bb"},{"@type":"BreadcrumbList","@id":"https:\/\/www.africa-press.net\/cotedivoire\/politique\/cote-divoire-laurent-gbagbo-il-fallait-ecarter-un-concurrent-genant#breadcrumb","itemListElement":[{"@type":"ListItem","position":1,"name":"Accueil","item":"https:\/\/www.africa-press.net\/cotedivoire\/"},{"@type":"ListItem","position":2,"name":"Laurent Gbagbo : \u00ab\u00a0Il fallait \u00e9carter un concurrent g\u00eanant\u00a0\u00bb"}]},{"@type":"WebSite","@id":"https:\/\/www.africa-press.net\/cotedivoire\/#website","url":"https:\/\/www.africa-press.net\/cotedivoire\/","name":"C\u00f4te d&#039;Ivoire","description":"Just another Africa News Agency Sites site","potentialAction":[{"@type":"SearchAction","target":{"@type":"EntryPoint","urlTemplate":"https:\/\/www.africa-press.net\/cotedivoire\/?s={search_term_string}"},"query-input":{"@type":"PropertyValueSpecification","valueRequired":true,"valueName":"search_term_string"}}],"inLanguage":"fr-FR"},{"@type":"Person","@id":"https:\/\/www.africa-press.net\/cotedivoire\/#\/schema\/person\/2b1cf3cd81a31e3cd26889ca66d677f1","name":"cfeditorfr"}]}},"_links":{"self":[{"href":"https:\/\/www.africa-press.net\/cotedivoire\/wp-json\/wp\/v2\/posts\/9542","targetHints":{"allow":["GET"]}}],"collection":[{"href":"https:\/\/www.africa-press.net\/cotedivoire\/wp-json\/wp\/v2\/posts"}],"about":[{"href":"https:\/\/www.africa-press.net\/cotedivoire\/wp-json\/wp\/v2\/types\/post"}],"author":[{"embeddable":true,"href":"https:\/\/www.africa-press.net\/cotedivoire\/wp-json\/wp\/v2\/users\/82"}],"replies":[{"embeddable":true,"href":"https:\/\/www.africa-press.net\/cotedivoire\/wp-json\/wp\/v2\/comments?post=9542"}],"version-history":[{"count":0,"href":"https:\/\/www.africa-press.net\/cotedivoire\/wp-json\/wp\/v2\/posts\/9542\/revisions"}],"wp:featuredmedia":[{"embeddable":true,"href":"https:\/\/www.africa-press.net\/cotedivoire\/wp-json\/wp\/v2\/media\/9541"}],"wp:attachment":[{"href":"https:\/\/www.africa-press.net\/cotedivoire\/wp-json\/wp\/v2\/media?parent=9542"}],"wp:term":[{"taxonomy":"category","embeddable":true,"href":"https:\/\/www.africa-press.net\/cotedivoire\/wp-json\/wp\/v2\/categories?post=9542"},{"taxonomy":"post_tag","embeddable":true,"href":"https:\/\/www.africa-press.net\/cotedivoire\/wp-json\/wp\/v2\/tags?post=9542"}],"curies":[{"name":"wp","href":"https:\/\/api.w.org\/{rel}","templated":true}]}}