{"id":95433,"date":"2025-02-21T13:26:46","date_gmt":"2025-02-21T13:26:46","guid":{"rendered":"https:\/\/www.africa-press.net\/cotedivoire\/politique\/procedure-de-destitution-de-thiam-la-coordination-des-9-delegues-pdci-de-yopougon-denonce-des-individus-tapis-dans-lombre"},"modified":"2025-04-13T15:28:36","modified_gmt":"2025-04-13T15:28:36","slug":"procedure-de-destitution-de-thiam-la-coordination-des-9-delegues-pdci-de-yopougon-denonce-des-individus-tapis-dans-lombre","status":"publish","type":"post","link":"https:\/\/www.africa-press.net\/cotedivoire\/parties\/procedure-de-destitution-de-thiam-la-coordination-des-9-delegues-pdci-de-yopougon-denonce-des-individus-tapis-dans-lombre","title":{"rendered":"Proc\u00e9dure de destitution de Thiam, la coordination des 9 d\u00e9l\u00e9gu\u00e9s PDCI de Yopougon d\u00e9nonce des \u00ab individus tapis dans l&rsquo;ombre \u00bb"},"content":{"rendered":"<p><span style=\"color: #ff6600\"><strong>Africa-Press &#8211; C\u00f4te d&rsquo;Ivoire. <\/strong><\/span>La coordination des 9 de\u0301le\u0301gue\u0301s PDCI-RDA de Yopougon a vivement re\u0301agi a\u0300 l\u2019assignation en destitution du Pre\u0301sident du parti, Tidjane Thiam, initie\u0301e par quatre individus se re\u0301clamant Secre\u0301taires Ge\u0301ne\u0301raux du PDCI dans diffe\u0301rentes localite\u0301s.<\/p>\n<p>Cette de\u0301marche, juge\u0301e \u00ab anomique et manipulatrice \u00bb, a e\u0301te\u0301 qualifie\u0301e de tentative de de\u0301stabilisation du parti a\u0300 quelques mois de l\u2019e\u0301lection pre\u0301sidentielle d\u2019octobre 2025.<\/p>\n<p>Selon la coordination qui a tenu une confe\u0301rence de presse le mercredi 19 fe\u0301vrier 2025 a\u0300 Yopougon, cette assignation, publie\u0301e sur les re\u0301seaux sociaux le mardi 18 fe\u0301vrier 2025, e\u0301mane de personnes dont l\u2019appartenance au parti reste floue.<\/p>\n<p>Parmi eux, M. Boua Kamenan Joseph, qui se pre\u0301sente comme Secre\u0301taire Ge\u0301ne\u0301ral du PDCI a\u0300 Yopougon, n\u2019apparai\u0302t pas dans les fichiers officiels des de\u0301le\u0301gations du parti.<\/p>\n<p>Les autres signataires sont e\u0301galement inconnus des structures locales du PDCI. La coordination de\u0301nonce une man\u0153uvre orchestre\u0301e par des \u00ab individus tapis dans l\u2019ombre \u00bb cherchant a\u0300 semer le doute et la confusion parmi les militants.<\/p>\n<p>La coordination des 9 de\u0301le\u0301gue\u0301s a tenu a\u0300 rassurer les militants du PDCI-RDA de Yopougon et de l\u2019ensemble du pays, en re\u0301affirmant son soutien total au Pre\u0301sident Tidjane Thiam, e\u0301lu de\u0301mocratiquement lors du congre\u0300s du 22 de\u0301cembre 2023. Elle a rappele\u0301 que le personnel politique de Yopougon avait vote\u0301 a\u0300 100 % en faveur de Thiam, confirmant ainsi sa le\u0301gitimite\u0301 et sa popularite\u0301 au sein du parti. \u00ab Tidjane Thiam est le candidat naturel du PDCI pour la pre\u0301sidentielle de 2025, et nous sommes pre\u0302ts a\u0300 l\u2019accompagner dans la reconque\u0302te du pouvoir d\u2019E\u0301tat \u00bb, a de\u0301clare\u0301 la coordination.<\/p>\n<p>Par ailleurs, les de\u0301le\u0301gue\u0301s ont condamne\u0301 avec fermete\u0301 les agissements des quatre individus, les qualifiant de \u00ab missionnaires de la division \u00bb. Ils ont exige\u0301 que M. Boua cesse imme\u0301diatement ses \u00ab basses man\u0153uvres \u00bb et pre\u0301cise son identite\u0301 ainsi que sa section d\u2019appartenance. La coordination a e\u0301galement appele\u0301 la direction du parti a\u0300 agir avec fermete\u0301 pour empe\u0302cher la propagation de tels actes, qui risquent de nuire a\u0300 l\u2019unite\u0301 et a\u0300 la paix sociale au sein du PDCI-RDA.<\/p>\n<p>Enfin, la coordination a salue\u0301 la mobilisation exceptionnelle des militants de Yopougon, qui ont massivement soutenu Tidjane Thiam lors du re\u0301cent Digba meeting du 15 fe\u0301vrier 2025. Elle a re\u0301affirme\u0301 que Yopougon resterait un rempart solide contre toute tentative de de\u0301stabilisation et que les militants continueraient a\u0300 se tenir \u00ab en ordre de bataille \u00bb derrie\u0300re leur Pre\u0301sident. \u00ab Personne ne pourra de\u0301tourner notre regard de l\u2019objectif principal: la reconque\u0302te du pouvoir en 2025 \u00bb, ont-ils conclu.<\/p>\n<p>Une affaire de plainte sous couvert de coup de com&rsquo; ou pas, cette de\u0301claration intervient dans un contexte politique tendu, marque\u0301 par des rumeurs de divisions internes au sein de ce qui reste du PDCI-RDA en grande partie vide\u0301 par ses cadres ayant rejoint le RHDP. Cependant, la coordination des 9 de\u0301le\u0301gue\u0301s de Yopougon a voulu envoyer un message clair: le parti reste uni derrie\u0300re Tidjane Thiam, dont on ignore l&rsquo;issue de cette affaire judiciaire qui pourrait ou pas avoir des conse\u0301quence pour sa candidature a\u0300 la pre\u0301sidentielle d&rsquo;octobre prochain, et toute tentative de le fragiliser est voue\u0301e a\u0300 l\u2019e\u0301chec.<\/p>\n<p><strong>Pour plus d&rsquo;informations et d&rsquo;analyses sur la <span style=\"color: #ff6600\">C\u00f4te d&rsquo;Ivoire<\/span>, suivez <span style=\"color: #ff6600\">Africa-Press<\/span><\/strong><\/p>\n","protected":false},"excerpt":{"rendered":"<p>Africa-Press &#8211; C\u00f4te d&rsquo;Ivoire. La coordination des 9 de\u0301le\u0301gue\u0301s PDCI-RDA de Yopougon a vivement re\u0301agi a\u0300 l\u2019assignation en destitution du Pre\u0301sident du parti, Tidjane Thiam, initie\u0301e par quatre individus se re\u0301clamant Secre\u0301taires Ge\u0301ne\u0301raux du PDCI dans diffe\u0301rentes localite\u0301s. Cette de\u0301marche, juge\u0301e \u00ab anomique et manipulatrice \u00bb, a e\u0301te\u0301 qualifie\u0301e de tentative de de\u0301stabilisation du parti [&hellip;]<\/p>\n","protected":false},"author":82,"featured_media":95432,"comment_status":"open","ping_status":"closed","sticky":false,"template":"","format":"standard","meta":{"footnotes":""},"categories":[4,10],"tags":[29,3698,423,1547,540],"class_list":["post-95433","post","type-post","status-publish","format-standard","has-post-thumbnail","hentry","category-parties","category-toutes-les-actualites","tag-cote-divoire","tag-delegue","tag-pdci","tag-thiam","tag-yopougon"],"yoast_head":"<!-- This site is optimized with the Yoast SEO Premium plugin v26.1 (Yoast SEO v27.0) - https:\/\/yoast.com\/product\/yoast-seo-premium-wordpress\/ -->\n<title>Proc\u00e9dure de destitution de Thiam, la coordination des 9 d\u00e9l\u00e9gu\u00e9s PDCI de Yopougon d\u00e9nonce des \u00ab individus tapis dans l&#039;ombre \u00bb - C\u00f4te d&#039;Ivoire<\/title>\n<meta name=\"description\" content=\"La coordination des 9 de\u0301le\u0301gue\u0301s PDCI-RDA de Yopougon a vivement re\u0301agi a\u0300 l\u2019assignation en destitution du Pre\u0301sident d ...\" \/>\n<meta name=\"robots\" content=\"index, follow, max-snippet:-1, max-image-preview:large, max-video-preview:-1\" \/>\n<link rel=\"canonical\" href=\"https:\/\/www.africa-press.net\/cotedivoire\/parties\/procedure-de-destitution-de-thiam-la-coordination-des-9-delegues-pdci-de-yopougon-denonce-des-individus-tapis-dans-lombre\" \/>\n<meta property=\"og:locale\" content=\"fr_FR\" \/>\n<meta property=\"og:type\" content=\"article\" \/>\n<meta property=\"og:title\" content=\"Proc\u00e9dure de destitution de Thiam, la coordination des 9 d\u00e9l\u00e9gu\u00e9s PDCI de Yopougon d\u00e9nonce des \u00ab individus tapis dans l&#039;ombre \u00bb\" \/>\n<meta property=\"og:description\" content=\"La coordination des 9 de\u0301le\u0301gue\u0301s PDCI-RDA de Yopougon a vivement re\u0301agi a\u0300 l\u2019assignation en destitution du Pre\u0301sident d ...\" \/>\n<meta property=\"og:url\" content=\"https:\/\/www.africa-press.net\/cotedivoire\/parties\/procedure-de-destitution-de-thiam-la-coordination-des-9-delegues-pdci-de-yopougon-denonce-des-individus-tapis-dans-lombre\" \/>\n<meta property=\"og:site_name\" content=\"C\u00f4te d&#039;Ivoire\" \/>\n<meta property=\"article:published_time\" content=\"2025-02-21T13:26:46+00:00\" \/>\n<meta property=\"article:modified_time\" content=\"2025-04-13T15:28:36+00:00\" \/>\n<meta property=\"og:image\" content=\"https:\/\/static.africa-press.net\/cote\/sites\/43\/2025\/02\/sm_1740132846.254996.jpg\" \/>\n\t<meta property=\"og:image:width\" content=\"720\" \/>\n\t<meta property=\"og:image:height\" content=\"368\" \/>\n\t<meta property=\"og:image:type\" content=\"image\/jpeg\" \/>\n<meta name=\"author\" content=\"cfeditorfr\" \/>\n<meta name=\"twitter:card\" content=\"summary_large_image\" \/>\n<meta name=\"twitter:label1\" content=\"\u00c9crit par\" \/>\n\t<meta name=\"twitter:data1\" content=\"cfeditorfr\" \/>\n\t<meta name=\"twitter:label2\" content=\"Dur\u00e9e de lecture estim\u00e9e\" \/>\n\t<meta name=\"twitter:data2\" content=\"3 minutes\" \/>\n<script type=\"application\/ld+json\" class=\"yoast-schema-graph\">{\"@context\":\"https:\/\/schema.org\",\"@graph\":[{\"@type\":\"Article\",\"@id\":\"https:\/\/www.africa-press.net\/cotedivoire\/parties\/procedure-de-destitution-de-thiam-la-coordination-des-9-delegues-pdci-de-yopougon-denonce-des-individus-tapis-dans-lombre#article\",\"isPartOf\":{\"@id\":\"https:\/\/www.africa-press.net\/cotedivoire\/parties\/procedure-de-destitution-de-thiam-la-coordination-des-9-delegues-pdci-de-yopougon-denonce-des-individus-tapis-dans-lombre\"},\"author\":{\"name\":\"cfeditorfr\",\"@id\":\"https:\/\/www.africa-press.net\/cotedivoire\/#\/schema\/person\/2b1cf3cd81a31e3cd26889ca66d677f1\"},\"headline\":\"Proc\u00e9dure de destitution de Thiam, la coordination des 9 d\u00e9l\u00e9gu\u00e9s PDCI de Yopougon d\u00e9nonce des \u00ab individus tapis dans l&rsquo;ombre \u00bb\",\"datePublished\":\"2025-02-21T13:26:46+00:00\",\"dateModified\":\"2025-04-13T15:28:36+00:00\",\"mainEntityOfPage\":{\"@id\":\"https:\/\/www.africa-press.net\/cotedivoire\/parties\/procedure-de-destitution-de-thiam-la-coordination-des-9-delegues-pdci-de-yopougon-denonce-des-individus-tapis-dans-lombre\"},\"wordCount\":619,\"commentCount\":0,\"image\":{\"@id\":\"https:\/\/www.africa-press.net\/cotedivoire\/parties\/procedure-de-destitution-de-thiam-la-coordination-des-9-delegues-pdci-de-yopougon-denonce-des-individus-tapis-dans-lombre#primaryimage\"},\"thumbnailUrl\":\"https:\/\/static.africa-press.net\/cote\/sites\/43\/2025\/02\/sm_1740132846.254996.jpg\",\"keywords\":[\"C\u00d4TE D'IVOIRE\",\"d\u00e9l\u00e9gu\u00e9\",\"Pdci\",\"Thiam\",\"Yopougon\"],\"articleSection\":[\"Parties\",\"Toutes les actualit\u00e9s\"],\"inLanguage\":\"fr-FR\",\"potentialAction\":[{\"@type\":\"CommentAction\",\"name\":\"Comment\",\"target\":[\"https:\/\/www.africa-press.net\/cotedivoire\/parties\/procedure-de-destitution-de-thiam-la-coordination-des-9-delegues-pdci-de-yopougon-denonce-des-individus-tapis-dans-lombre#respond\"]}]},{\"@type\":\"WebPage\",\"@id\":\"https:\/\/www.africa-press.net\/cotedivoire\/parties\/procedure-de-destitution-de-thiam-la-coordination-des-9-delegues-pdci-de-yopougon-denonce-des-individus-tapis-dans-lombre\",\"url\":\"https:\/\/www.africa-press.net\/cotedivoire\/parties\/procedure-de-destitution-de-thiam-la-coordination-des-9-delegues-pdci-de-yopougon-denonce-des-individus-tapis-dans-lombre\",\"name\":\"Proc\u00e9dure de destitution de Thiam, la coordination des 9 d\u00e9l\u00e9gu\u00e9s PDCI de Yopougon d\u00e9nonce des \u00ab individus tapis dans l'ombre \u00bb - C\u00f4te d&#039;Ivoire\",\"isPartOf\":{\"@id\":\"https:\/\/www.africa-press.net\/cotedivoire\/#website\"},\"primaryImageOfPage\":{\"@id\":\"https:\/\/www.africa-press.net\/cotedivoire\/parties\/procedure-de-destitution-de-thiam-la-coordination-des-9-delegues-pdci-de-yopougon-denonce-des-individus-tapis-dans-lombre#primaryimage\"},\"image\":{\"@id\":\"https:\/\/www.africa-press.net\/cotedivoire\/parties\/procedure-de-destitution-de-thiam-la-coordination-des-9-delegues-pdci-de-yopougon-denonce-des-individus-tapis-dans-lombre#primaryimage\"},\"thumbnailUrl\":\"https:\/\/static.africa-press.net\/cote\/sites\/43\/2025\/02\/sm_1740132846.254996.jpg\",\"datePublished\":\"2025-02-21T13:26:46+00:00\",\"dateModified\":\"2025-04-13T15:28:36+00:00\",\"author\":{\"@id\":\"https:\/\/www.africa-press.net\/cotedivoire\/#\/schema\/person\/2b1cf3cd81a31e3cd26889ca66d677f1\"},\"description\":\"La coordination des 9 de\u0301le\u0301gue\u0301s PDCI-RDA de Yopougon a vivement re\u0301agi a\u0300 l\u2019assignation en destitution du Pre\u0301sident d ...\",\"breadcrumb\":{\"@id\":\"https:\/\/www.africa-press.net\/cotedivoire\/parties\/procedure-de-destitution-de-thiam-la-coordination-des-9-delegues-pdci-de-yopougon-denonce-des-individus-tapis-dans-lombre#breadcrumb\"},\"inLanguage\":\"fr-FR\",\"potentialAction\":[{\"@type\":\"ReadAction\",\"target\":[\"https:\/\/www.africa-press.net\/cotedivoire\/parties\/procedure-de-destitution-de-thiam-la-coordination-des-9-delegues-pdci-de-yopougon-denonce-des-individus-tapis-dans-lombre\"]}]},{\"@type\":\"ImageObject\",\"inLanguage\":\"fr-FR\",\"@id\":\"https:\/\/www.africa-press.net\/cotedivoire\/parties\/procedure-de-destitution-de-thiam-la-coordination-des-9-delegues-pdci-de-yopougon-denonce-des-individus-tapis-dans-lombre#primaryimage\",\"url\":\"https:\/\/static.africa-press.net\/cote\/sites\/43\/2025\/02\/sm_1740132846.254996.jpg\",\"contentUrl\":\"https:\/\/static.africa-press.net\/cote\/sites\/43\/2025\/02\/sm_1740132846.254996.jpg\",\"width\":720,\"height\":368,\"caption\":\"Proc\u00e9dure de destitution de Thiam, la coordination des 9 d\u00e9l\u00e9gu\u00e9s PDCI de Yopougon d\u00e9nonce des \u00ab individus tapis dans l'ombre \u00bb\"},{\"@type\":\"BreadcrumbList\",\"@id\":\"https:\/\/www.africa-press.net\/cotedivoire\/parties\/procedure-de-destitution-de-thiam-la-coordination-des-9-delegues-pdci-de-yopougon-denonce-des-individus-tapis-dans-lombre#breadcrumb\",\"itemListElement\":[{\"@type\":\"ListItem\",\"position\":1,\"name\":\"Accueil\",\"item\":\"https:\/\/www.africa-press.net\/cotedivoire\/\"},{\"@type\":\"ListItem\",\"position\":2,\"name\":\"Proc\u00e9dure de destitution de Thiam, la coordination des 9 d\u00e9l\u00e9gu\u00e9s PDCI de Yopougon d\u00e9nonce des \u00ab individus tapis dans l&rsquo;ombre \u00bb\"}]},{\"@type\":\"WebSite\",\"@id\":\"https:\/\/www.africa-press.net\/cotedivoire\/#website\",\"url\":\"https:\/\/www.africa-press.net\/cotedivoire\/\",\"name\":\"C\u00f4te d&#039;Ivoire\",\"description\":\"Just another Africa News Agency Sites site\",\"potentialAction\":[{\"@type\":\"SearchAction\",\"target\":{\"@type\":\"EntryPoint\",\"urlTemplate\":\"https:\/\/www.africa-press.net\/cotedivoire\/?s={search_term_string}\"},\"query-input\":{\"@type\":\"PropertyValueSpecification\",\"valueRequired\":true,\"valueName\":\"search_term_string\"}}],\"inLanguage\":\"fr-FR\"},{\"@type\":\"Person\",\"@id\":\"https:\/\/www.africa-press.net\/cotedivoire\/#\/schema\/person\/2b1cf3cd81a31e3cd26889ca66d677f1\",\"name\":\"cfeditorfr\"}]}<\/script>\n<!-- \/ Yoast SEO Premium plugin. -->","yoast_head_json":{"title":"Proc\u00e9dure de destitution de Thiam, la coordination des 9 d\u00e9l\u00e9gu\u00e9s PDCI de Yopougon d\u00e9nonce des \u00ab individus tapis dans l'ombre \u00bb - C\u00f4te d&#039;Ivoire","description":"La coordination des 9 de\u0301le\u0301gue\u0301s PDCI-RDA de Yopougon a vivement re\u0301agi a\u0300 l\u2019assignation en destitution du Pre\u0301sident d ...","robots":{"index":"index","follow":"follow","max-snippet":"max-snippet:-1","max-image-preview":"max-image-preview:large","max-video-preview":"max-video-preview:-1"},"canonical":"https:\/\/www.africa-press.net\/cotedivoire\/parties\/procedure-de-destitution-de-thiam-la-coordination-des-9-delegues-pdci-de-yopougon-denonce-des-individus-tapis-dans-lombre","og_locale":"fr_FR","og_type":"article","og_title":"Proc\u00e9dure de destitution de Thiam, la coordination des 9 d\u00e9l\u00e9gu\u00e9s PDCI de Yopougon d\u00e9nonce des \u00ab individus tapis dans l'ombre \u00bb","og_description":"La coordination des 9 de\u0301le\u0301gue\u0301s PDCI-RDA de Yopougon a vivement re\u0301agi a\u0300 l\u2019assignation en destitution du Pre\u0301sident d ...","og_url":"https:\/\/www.africa-press.net\/cotedivoire\/parties\/procedure-de-destitution-de-thiam-la-coordination-des-9-delegues-pdci-de-yopougon-denonce-des-individus-tapis-dans-lombre","og_site_name":"C\u00f4te d&#039;Ivoire","article_published_time":"2025-02-21T13:26:46+00:00","article_modified_time":"2025-04-13T15:28:36+00:00","og_image":[{"width":720,"height":368,"url":"https:\/\/static.africa-press.net\/cote\/sites\/43\/2025\/02\/sm_1740132846.254996.jpg","type":"image\/jpeg"}],"author":"cfeditorfr","twitter_card":"summary_large_image","twitter_misc":{"\u00c9crit par":"cfeditorfr","Dur\u00e9e de lecture estim\u00e9e":"3 minutes"},"schema":{"@context":"https:\/\/schema.org","@graph":[{"@type":"Article","@id":"https:\/\/www.africa-press.net\/cotedivoire\/parties\/procedure-de-destitution-de-thiam-la-coordination-des-9-delegues-pdci-de-yopougon-denonce-des-individus-tapis-dans-lombre#article","isPartOf":{"@id":"https:\/\/www.africa-press.net\/cotedivoire\/parties\/procedure-de-destitution-de-thiam-la-coordination-des-9-delegues-pdci-de-yopougon-denonce-des-individus-tapis-dans-lombre"},"author":{"name":"cfeditorfr","@id":"https:\/\/www.africa-press.net\/cotedivoire\/#\/schema\/person\/2b1cf3cd81a31e3cd26889ca66d677f1"},"headline":"Proc\u00e9dure de destitution de Thiam, la coordination des 9 d\u00e9l\u00e9gu\u00e9s PDCI de Yopougon d\u00e9nonce des \u00ab individus tapis dans l&rsquo;ombre \u00bb","datePublished":"2025-02-21T13:26:46+00:00","dateModified":"2025-04-13T15:28:36+00:00","mainEntityOfPage":{"@id":"https:\/\/www.africa-press.net\/cotedivoire\/parties\/procedure-de-destitution-de-thiam-la-coordination-des-9-delegues-pdci-de-yopougon-denonce-des-individus-tapis-dans-lombre"},"wordCount":619,"commentCount":0,"image":{"@id":"https:\/\/www.africa-press.net\/cotedivoire\/parties\/procedure-de-destitution-de-thiam-la-coordination-des-9-delegues-pdci-de-yopougon-denonce-des-individus-tapis-dans-lombre#primaryimage"},"thumbnailUrl":"https:\/\/static.africa-press.net\/cote\/sites\/43\/2025\/02\/sm_1740132846.254996.jpg","keywords":["C\u00d4TE D'IVOIRE","d\u00e9l\u00e9gu\u00e9","Pdci","Thiam","Yopougon"],"articleSection":["Parties","Toutes les actualit\u00e9s"],"inLanguage":"fr-FR","potentialAction":[{"@type":"CommentAction","name":"Comment","target":["https:\/\/www.africa-press.net\/cotedivoire\/parties\/procedure-de-destitution-de-thiam-la-coordination-des-9-delegues-pdci-de-yopougon-denonce-des-individus-tapis-dans-lombre#respond"]}]},{"@type":"WebPage","@id":"https:\/\/www.africa-press.net\/cotedivoire\/parties\/procedure-de-destitution-de-thiam-la-coordination-des-9-delegues-pdci-de-yopougon-denonce-des-individus-tapis-dans-lombre","url":"https:\/\/www.africa-press.net\/cotedivoire\/parties\/procedure-de-destitution-de-thiam-la-coordination-des-9-delegues-pdci-de-yopougon-denonce-des-individus-tapis-dans-lombre","name":"Proc\u00e9dure de destitution de Thiam, la coordination des 9 d\u00e9l\u00e9gu\u00e9s PDCI de Yopougon d\u00e9nonce des \u00ab individus tapis dans l'ombre \u00bb - C\u00f4te d&#039;Ivoire","isPartOf":{"@id":"https:\/\/www.africa-press.net\/cotedivoire\/#website"},"primaryImageOfPage":{"@id":"https:\/\/www.africa-press.net\/cotedivoire\/parties\/procedure-de-destitution-de-thiam-la-coordination-des-9-delegues-pdci-de-yopougon-denonce-des-individus-tapis-dans-lombre#primaryimage"},"image":{"@id":"https:\/\/www.africa-press.net\/cotedivoire\/parties\/procedure-de-destitution-de-thiam-la-coordination-des-9-delegues-pdci-de-yopougon-denonce-des-individus-tapis-dans-lombre#primaryimage"},"thumbnailUrl":"https:\/\/static.africa-press.net\/cote\/sites\/43\/2025\/02\/sm_1740132846.254996.jpg","datePublished":"2025-02-21T13:26:46+00:00","dateModified":"2025-04-13T15:28:36+00:00","author":{"@id":"https:\/\/www.africa-press.net\/cotedivoire\/#\/schema\/person\/2b1cf3cd81a31e3cd26889ca66d677f1"},"description":"La coordination des 9 de\u0301le\u0301gue\u0301s PDCI-RDA de Yopougon a vivement re\u0301agi a\u0300 l\u2019assignation en destitution du Pre\u0301sident d ...","breadcrumb":{"@id":"https:\/\/www.africa-press.net\/cotedivoire\/parties\/procedure-de-destitution-de-thiam-la-coordination-des-9-delegues-pdci-de-yopougon-denonce-des-individus-tapis-dans-lombre#breadcrumb"},"inLanguage":"fr-FR","potentialAction":[{"@type":"ReadAction","target":["https:\/\/www.africa-press.net\/cotedivoire\/parties\/procedure-de-destitution-de-thiam-la-coordination-des-9-delegues-pdci-de-yopougon-denonce-des-individus-tapis-dans-lombre"]}]},{"@type":"ImageObject","inLanguage":"fr-FR","@id":"https:\/\/www.africa-press.net\/cotedivoire\/parties\/procedure-de-destitution-de-thiam-la-coordination-des-9-delegues-pdci-de-yopougon-denonce-des-individus-tapis-dans-lombre#primaryimage","url":"https:\/\/static.africa-press.net\/cote\/sites\/43\/2025\/02\/sm_1740132846.254996.jpg","contentUrl":"https:\/\/static.africa-press.net\/cote\/sites\/43\/2025\/02\/sm_1740132846.254996.jpg","width":720,"height":368,"caption":"Proc\u00e9dure de destitution de Thiam, la coordination des 9 d\u00e9l\u00e9gu\u00e9s PDCI de Yopougon d\u00e9nonce des \u00ab individus tapis dans l'ombre \u00bb"},{"@type":"BreadcrumbList","@id":"https:\/\/www.africa-press.net\/cotedivoire\/parties\/procedure-de-destitution-de-thiam-la-coordination-des-9-delegues-pdci-de-yopougon-denonce-des-individus-tapis-dans-lombre#breadcrumb","itemListElement":[{"@type":"ListItem","position":1,"name":"Accueil","item":"https:\/\/www.africa-press.net\/cotedivoire\/"},{"@type":"ListItem","position":2,"name":"Proc\u00e9dure de destitution de Thiam, la coordination des 9 d\u00e9l\u00e9gu\u00e9s PDCI de Yopougon d\u00e9nonce des \u00ab individus tapis dans l&rsquo;ombre \u00bb"}]},{"@type":"WebSite","@id":"https:\/\/www.africa-press.net\/cotedivoire\/#website","url":"https:\/\/www.africa-press.net\/cotedivoire\/","name":"C\u00f4te d&#039;Ivoire","description":"Just another Africa News Agency Sites site","potentialAction":[{"@type":"SearchAction","target":{"@type":"EntryPoint","urlTemplate":"https:\/\/www.africa-press.net\/cotedivoire\/?s={search_term_string}"},"query-input":{"@type":"PropertyValueSpecification","valueRequired":true,"valueName":"search_term_string"}}],"inLanguage":"fr-FR"},{"@type":"Person","@id":"https:\/\/www.africa-press.net\/cotedivoire\/#\/schema\/person\/2b1cf3cd81a31e3cd26889ca66d677f1","name":"cfeditorfr"}]}},"_links":{"self":[{"href":"https:\/\/www.africa-press.net\/cotedivoire\/wp-json\/wp\/v2\/posts\/95433","targetHints":{"allow":["GET"]}}],"collection":[{"href":"https:\/\/www.africa-press.net\/cotedivoire\/wp-json\/wp\/v2\/posts"}],"about":[{"href":"https:\/\/www.africa-press.net\/cotedivoire\/wp-json\/wp\/v2\/types\/post"}],"author":[{"embeddable":true,"href":"https:\/\/www.africa-press.net\/cotedivoire\/wp-json\/wp\/v2\/users\/82"}],"replies":[{"embeddable":true,"href":"https:\/\/www.africa-press.net\/cotedivoire\/wp-json\/wp\/v2\/comments?post=95433"}],"version-history":[{"count":0,"href":"https:\/\/www.africa-press.net\/cotedivoire\/wp-json\/wp\/v2\/posts\/95433\/revisions"}],"wp:featuredmedia":[{"embeddable":true,"href":"https:\/\/www.africa-press.net\/cotedivoire\/wp-json\/wp\/v2\/media\/95432"}],"wp:attachment":[{"href":"https:\/\/www.africa-press.net\/cotedivoire\/wp-json\/wp\/v2\/media?parent=95433"}],"wp:term":[{"taxonomy":"category","embeddable":true,"href":"https:\/\/www.africa-press.net\/cotedivoire\/wp-json\/wp\/v2\/categories?post=95433"},{"taxonomy":"post_tag","embeddable":true,"href":"https:\/\/www.africa-press.net\/cotedivoire\/wp-json\/wp\/v2\/tags?post=95433"}],"curies":[{"name":"wp","href":"https:\/\/api.w.org\/{rel}","templated":true}]}}