{"id":95449,"date":"2025-02-21T13:31:29","date_gmt":"2025-02-21T13:31:29","guid":{"rendered":"https:\/\/www.africa-press.net\/cotedivoire\/politique\/lancement-des-finales-departementales-2025-le-nouveau-dg-doumbia-veut-changer-la-donne-du-sport-scolaire-et-universitaire"},"modified":"2025-04-13T15:30:25","modified_gmt":"2025-04-13T15:30:25","slug":"lancement-des-finales-departementales-2025-le-nouveau-dg-doumbia-veut-changer-la-donne-du-sport-scolaire-et-universitaire","status":"publish","type":"post","link":"https:\/\/www.africa-press.net\/cotedivoire\/sports\/lancement-des-finales-departementales-2025-le-nouveau-dg-doumbia-veut-changer-la-donne-du-sport-scolaire-et-universitaire","title":{"rendered":"Lancement des finales d\u00e9partementales 2025, le nouveau DG Doumbia veut changer la donne du sport scolaire et universitaire"},"content":{"rendered":"<p><span style=\"color: #ff6600\"><strong>Africa-Press &#8211; C\u00f4te d&rsquo;Ivoire. <\/strong><\/span>Quelques jours apre\u0300s sa prise de fonction a\u0300 la Direction Ge\u0301ne\u0301rale de l\u2019Office Ivoirien des Sports Scolaires et Universitaires (OISSU), Monsieur Adama Doumbia, a proce\u0301de\u0301, jeudi 20 fevrier 2025, au stade Fe\u0301lix Houphoue\u0308t Boigny d\u2019Abidjan, lors d\u2019une confe\u0301rence de presse, au lancement des finales De\u0301partementales de la saison 2024-22025.<\/p>\n<p>Dans l\u2019exercice de ses attributions, l\u2019OISSU a lance\u0301 la saison 2024-2025 le 18 de\u0301cembre 2024 a\u0300 Daloa. Ce lancement a e\u0301te\u0301 marque\u0301 par l\u2019organisation du traditionnel cross qui a mobilise\u0301 plus de 2000 participants.<\/p>\n<p>\u00ab Dans la foule\u0301e, les sports collectifs ont pris le relais au titre de la phase pre\u0301liminaire de\u0301nomme\u0301e Interde\u0301partementales sur l\u2019ensemble du territoire national. L\u2019aboutissement de cette e\u0301tape ouvre la voie aux finales de\u0301partementales pre\u0301vues dans la pe\u0301riode du 1er au 28 mars 2025 dans les 111 de\u0301partements du pays \u00bb, a indique\u0301 M. Doumbia, avant de relever:<\/p>\n<p>\u00ab Ces finales, au nombre de 546 re\u0301parties en 8 disciplines, mobiliseront 10.729 athle\u0300tes et 1.802 encadreurs seront marque\u0301es par quelques innovations (&#8230;) c\u2019est la supervision des compe\u0301titions par l\u2019Inspection ge\u0301ne\u0301rale des Sports et la repre\u0301sentation du Cabinet du Ministre. Le renforcement du dispositif de de\u0301tection des talents ; La premie\u0300re c\u2019est le renforcement de la communication. \u00bb<\/p>\n<p>A en croire ce dernier, aujourd\u2019hui, l\u2019OISSU est mieux structure\u0301, plus organise\u0301 et plus outille\u0301, plus dynamique et plus proche des jeunes.<\/p>\n<p>\u00ab En termes d\u2019occupation du territoire, conforme\u0301ment a\u0300 la volonte\u0301 du Chef de l\u2019Etat, l\u2019OISSU est de\u0301sormais pre\u0301sent sur la quasi-totalite\u0301 du pays, avec 33 De\u0301le\u0301gations Re\u0301gionales et 78 De\u0301le\u0301gations De\u0301partementales \u00bb, a-t-il ajoute\u0301.<\/p>\n<p>Le confe\u0301rencier a rappele\u0301 que, la pre\u0301sente saison sportive de l\u2019OISSU a e\u0301te\u0301 lance\u0301e officiellement le mercredi 18 de\u0301cembre 2024 a\u0300 Daloa, a\u0300 travers un cross scolaire et universitaire qui a mobilise\u0301 plus de 2000 athle\u0300tes. Ce lancement a e\u0301te\u0301 suivi des compe\u0301titions e\u0301liminatoires a\u0300 l\u2019inte\u0301rieur de chaque de\u0301partement, avec la participation de 85 874 e\u0301le\u0300ves licencie\u0301s.<\/p>\n<p>\u00ab L\u2019organisation de ces premie\u0300res compe\u0301titions ouvre la voie aux finales de\u0301partementales qui de\u0301butent ce samedi 1er mars et s\u2019ache\u0300veront le samedi 22 mars 2025, avec la participation des meilleurs athle\u0300tes licencie\u0301s de ce niveau de compe\u0301titions. Pour cette phase-ci, en termes de donne\u0301es ce sont au total: &#8211; 58 060 athle\u0300tes participants &#8211; 2978 finales dont 2044 finales en sports collectifs (football, handball, volleyball, basketball, rugby, dodgeball) et 934 finales en sports individuels (athle\u0301tisme) &#8211; 8 176 encadrants \u00bb, a pre\u0301cise\u0301 M. Doumbia.<\/p>\n<p>Il a releve\u0301 que, la phase des finales de\u0301partementales est d\u2019autant plus importante qu\u2019elle permet de se\u0301lectionner les athle\u0300tes les plus talentueux en vue de constituer les e\u0301quipes nationales du sport scolaire qui iront de\u0301fendre les couleurs nationales lors des compe\u0301titions scolaires internationales. A ce sujet, au cours de cette anne\u0301e 2025, il est pre\u0301vu une coupe d\u2019Afrique de football scolaire a\u0300 laquelle entend participer la Co\u0302te d\u2019Ivoire.<\/p>\n<p>\u00a0\u00bb Je saisis cette belle occasion pour appeler tous les acteurs de l\u2019e\u0301cosyste\u0300me du sport en milieu scolaire a\u0300 la mobilisation, que ce soient les e\u0301le\u0300ves eux-me\u0302mes en tant qu\u2019athle\u0300tes, ou les parents, les entreprises en tant que me\u0301ce\u0300nes du sport. L\u2019OISSU a besoin de la contribution de chacun a\u0300 quelque niveau que ce soit, pour faire revivre ces moments qui ont marque\u0301 la me\u0301moire de bon nombre d\u2019entre nous quand nous e\u0301tions e\u0301tudiants. Nous n\u2019avons plus le droit de priver la nouvelle ge\u0301ne\u0301ration de ce formidable outil inte\u0301gration et d\u2019insertion socio-professionnelle qu\u2019est l\u2019OISSU Cet appel s\u2019adresse avec un peu plus d\u2019acuite\u0301 aux enseignants qui exercent les fonctions d\u2019encadrants lors des compe\u0301titions de l\u2019OISSU, sans oublier les chefs d\u2019e\u0301tablissements qui sont, en re\u0301alite\u0301, les ve\u0301ritables chefs d\u2019orchestre de la vie scolaire et par extension, de la vie sportive a\u0300 l\u2019e\u0301cole. Je n\u2019oublie pas la presse dont le ro\u0302le est de\u0301cisif pour la promotion de la pratique sportive en milieu scolaire. En un mot, je voudrais inviter toutes les composantes de la socie\u0301te\u0301 ivoirienne a\u0300 se mobiliser autour des compe\u0301titions de l\u2019OISSU \u00bb, a lance\u0301 le Directeur Ge\u0301ne\u0301ral de la structure sportive scolaire et universitaire.<\/p>\n<p>Enfin, Adama Doumbia, a invite\u0301 les parents a\u0300 faire confiance au syste\u0300me scolaire et aux compe\u0301titions qui sont organise\u0301es pour la formation de leurs enfants.<\/p>\n<p>De sa cre\u0301ation en 1962 a\u0300 ce jour, l\u2019Office Ivoirien des Sports Scolaires et Universitaires a e\u0301te\u0301 un puissant outil de socialisation et d\u2019inte\u0301gration professionnelle des jeunes a\u0300 travers la pratique du sport.<\/p>\n<p>La mission principale de l\u2019OISSU est de promouvoir la pratique du sport en milieux scolaire et universitaire. A ce jour, l\u2019OISSU compte 90.476 licencie\u0301s au niveau scolaire dont 18.964 pour le primaire et 71.532 pour le secondaire.<\/p>\n<p><strong>Pour plus d&rsquo;informations et d&rsquo;analyses sur la <span style=\"color: #ff6600\">C\u00f4te d&rsquo;Ivoire<\/span>, suivez <span style=\"color: #ff6600\">Africa-Press<\/span><\/strong><\/p>\n","protected":false},"excerpt":{"rendered":"<p>Africa-Press &#8211; C\u00f4te d&rsquo;Ivoire. Quelques jours apre\u0300s sa prise de fonction a\u0300 la Direction Ge\u0301ne\u0301rale de l\u2019Office Ivoirien des Sports Scolaires et Universitaires (OISSU), Monsieur Adama Doumbia, a proce\u0301de\u0301, jeudi 20 fevrier 2025, au stade Fe\u0301lix Houphoue\u0308t Boigny d\u2019Abidjan, lors d\u2019une confe\u0301rence de presse, au lancement des finales De\u0301partementales de la saison 2024-22025. Dans l\u2019exercice [&hellip;]<\/p>\n","protected":false},"author":82,"featured_media":95448,"comment_status":"open","ping_status":"closed","sticky":false,"template":"","format":"standard","meta":{"footnotes":""},"categories":[6,10],"tags":[16735,1562,29,16881,7158,4748],"class_list":["post-95449","post","type-post","status-publish","format-standard","has-post-thumbnail","hentry","category-sports","category-toutes-les-actualites","tag-adama-doumbia","tag-conference","tag-cote-divoire","tag-departementales","tag-licencies","tag-oissu"],"yoast_head":"<!-- This site is optimized with the Yoast SEO Premium plugin v26.1 (Yoast SEO v27.0) - https:\/\/yoast.com\/product\/yoast-seo-premium-wordpress\/ -->\n<title>Lancement des finales d\u00e9partementales 2025, le nouveau DG Doumbia veut changer la donne du sport scolaire et universitaire - C\u00f4te d&#039;Ivoire<\/title>\n<meta name=\"description\" content=\"Quelques jours apre\u0300s sa prise de fonction a\u0300 la Direction Ge\u0301ne\u0301rale de l\u2019Office Ivoirien des Sports Scolaires et Unive ...\" \/>\n<meta name=\"robots\" content=\"index, follow, max-snippet:-1, max-image-preview:large, max-video-preview:-1\" \/>\n<link rel=\"canonical\" href=\"https:\/\/www.africa-press.net\/cotedivoire\/sports\/lancement-des-finales-departementales-2025-le-nouveau-dg-doumbia-veut-changer-la-donne-du-sport-scolaire-et-universitaire\" \/>\n<meta property=\"og:locale\" content=\"fr_FR\" \/>\n<meta property=\"og:type\" content=\"article\" \/>\n<meta property=\"og:title\" content=\"Lancement des finales d\u00e9partementales 2025, le nouveau DG Doumbia veut changer la donne du sport scolaire et universitaire\" \/>\n<meta property=\"og:description\" content=\"Quelques jours apre\u0300s sa prise de fonction a\u0300 la Direction Ge\u0301ne\u0301rale de l\u2019Office Ivoirien des Sports Scolaires et Unive ...\" \/>\n<meta property=\"og:url\" content=\"https:\/\/www.africa-press.net\/cotedivoire\/sports\/lancement-des-finales-departementales-2025-le-nouveau-dg-doumbia-veut-changer-la-donne-du-sport-scolaire-et-universitaire\" \/>\n<meta property=\"og:site_name\" content=\"C\u00f4te d&#039;Ivoire\" \/>\n<meta property=\"article:published_time\" content=\"2025-02-21T13:31:29+00:00\" \/>\n<meta property=\"article:modified_time\" content=\"2025-04-13T15:30:25+00:00\" \/>\n<meta property=\"og:image\" content=\"https:\/\/static.africa-press.net\/cote\/sites\/43\/2025\/02\/sm_1740132932.469966.jpg\" \/>\n\t<meta property=\"og:image:width\" content=\"720\" \/>\n\t<meta property=\"og:image:height\" content=\"480\" \/>\n\t<meta property=\"og:image:type\" content=\"image\/jpeg\" \/>\n<meta name=\"author\" content=\"cfeditorfr\" \/>\n<meta name=\"twitter:card\" content=\"summary_large_image\" \/>\n<meta name=\"twitter:label1\" content=\"\u00c9crit par\" \/>\n\t<meta name=\"twitter:data1\" content=\"cfeditorfr\" \/>\n\t<meta name=\"twitter:label2\" content=\"Dur\u00e9e de lecture estim\u00e9e\" \/>\n\t<meta name=\"twitter:data2\" content=\"5 minutes\" \/>\n<script type=\"application\/ld+json\" class=\"yoast-schema-graph\">{\"@context\":\"https:\/\/schema.org\",\"@graph\":[{\"@type\":\"Article\",\"@id\":\"https:\/\/www.africa-press.net\/cotedivoire\/sports\/lancement-des-finales-departementales-2025-le-nouveau-dg-doumbia-veut-changer-la-donne-du-sport-scolaire-et-universitaire#article\",\"isPartOf\":{\"@id\":\"https:\/\/www.africa-press.net\/cotedivoire\/sports\/lancement-des-finales-departementales-2025-le-nouveau-dg-doumbia-veut-changer-la-donne-du-sport-scolaire-et-universitaire\"},\"author\":{\"name\":\"cfeditorfr\",\"@id\":\"https:\/\/www.africa-press.net\/cotedivoire\/#\/schema\/person\/2b1cf3cd81a31e3cd26889ca66d677f1\"},\"headline\":\"Lancement des finales d\u00e9partementales 2025, le nouveau DG Doumbia veut changer la donne du sport scolaire et universitaire\",\"datePublished\":\"2025-02-21T13:31:29+00:00\",\"dateModified\":\"2025-04-13T15:30:25+00:00\",\"mainEntityOfPage\":{\"@id\":\"https:\/\/www.africa-press.net\/cotedivoire\/sports\/lancement-des-finales-departementales-2025-le-nouveau-dg-doumbia-veut-changer-la-donne-du-sport-scolaire-et-universitaire\"},\"wordCount\":897,\"commentCount\":0,\"image\":{\"@id\":\"https:\/\/www.africa-press.net\/cotedivoire\/sports\/lancement-des-finales-departementales-2025-le-nouveau-dg-doumbia-veut-changer-la-donne-du-sport-scolaire-et-universitaire#primaryimage\"},\"thumbnailUrl\":\"https:\/\/static.africa-press.net\/cote\/sites\/43\/2025\/02\/sm_1740132932.469966.jpg\",\"keywords\":[\"Adama Doumbia\",\"Conf\u00e9rence\",\"C\u00d4TE D'IVOIRE\",\"D\u00e9partementales\",\"licenci\u00e9s\",\"OISSU\"],\"articleSection\":[\"Sports\",\"Toutes les actualit\u00e9s\"],\"inLanguage\":\"fr-FR\",\"potentialAction\":[{\"@type\":\"CommentAction\",\"name\":\"Comment\",\"target\":[\"https:\/\/www.africa-press.net\/cotedivoire\/sports\/lancement-des-finales-departementales-2025-le-nouveau-dg-doumbia-veut-changer-la-donne-du-sport-scolaire-et-universitaire#respond\"]}]},{\"@type\":\"WebPage\",\"@id\":\"https:\/\/www.africa-press.net\/cotedivoire\/sports\/lancement-des-finales-departementales-2025-le-nouveau-dg-doumbia-veut-changer-la-donne-du-sport-scolaire-et-universitaire\",\"url\":\"https:\/\/www.africa-press.net\/cotedivoire\/sports\/lancement-des-finales-departementales-2025-le-nouveau-dg-doumbia-veut-changer-la-donne-du-sport-scolaire-et-universitaire\",\"name\":\"Lancement des finales d\u00e9partementales 2025, le nouveau DG Doumbia veut changer la donne du sport scolaire et universitaire - C\u00f4te d&#039;Ivoire\",\"isPartOf\":{\"@id\":\"https:\/\/www.africa-press.net\/cotedivoire\/#website\"},\"primaryImageOfPage\":{\"@id\":\"https:\/\/www.africa-press.net\/cotedivoire\/sports\/lancement-des-finales-departementales-2025-le-nouveau-dg-doumbia-veut-changer-la-donne-du-sport-scolaire-et-universitaire#primaryimage\"},\"image\":{\"@id\":\"https:\/\/www.africa-press.net\/cotedivoire\/sports\/lancement-des-finales-departementales-2025-le-nouveau-dg-doumbia-veut-changer-la-donne-du-sport-scolaire-et-universitaire#primaryimage\"},\"thumbnailUrl\":\"https:\/\/static.africa-press.net\/cote\/sites\/43\/2025\/02\/sm_1740132932.469966.jpg\",\"datePublished\":\"2025-02-21T13:31:29+00:00\",\"dateModified\":\"2025-04-13T15:30:25+00:00\",\"author\":{\"@id\":\"https:\/\/www.africa-press.net\/cotedivoire\/#\/schema\/person\/2b1cf3cd81a31e3cd26889ca66d677f1\"},\"description\":\"Quelques jours apre\u0300s sa prise de fonction a\u0300 la Direction Ge\u0301ne\u0301rale de l\u2019Office Ivoirien des Sports Scolaires et Unive ...\",\"breadcrumb\":{\"@id\":\"https:\/\/www.africa-press.net\/cotedivoire\/sports\/lancement-des-finales-departementales-2025-le-nouveau-dg-doumbia-veut-changer-la-donne-du-sport-scolaire-et-universitaire#breadcrumb\"},\"inLanguage\":\"fr-FR\",\"potentialAction\":[{\"@type\":\"ReadAction\",\"target\":[\"https:\/\/www.africa-press.net\/cotedivoire\/sports\/lancement-des-finales-departementales-2025-le-nouveau-dg-doumbia-veut-changer-la-donne-du-sport-scolaire-et-universitaire\"]}]},{\"@type\":\"ImageObject\",\"inLanguage\":\"fr-FR\",\"@id\":\"https:\/\/www.africa-press.net\/cotedivoire\/sports\/lancement-des-finales-departementales-2025-le-nouveau-dg-doumbia-veut-changer-la-donne-du-sport-scolaire-et-universitaire#primaryimage\",\"url\":\"https:\/\/static.africa-press.net\/cote\/sites\/43\/2025\/02\/sm_1740132932.469966.jpg\",\"contentUrl\":\"https:\/\/static.africa-press.net\/cote\/sites\/43\/2025\/02\/sm_1740132932.469966.jpg\",\"width\":720,\"height\":480,\"caption\":\"Lancement des finales d\u00e9partementales 2025, le nouveau DG Doumbia veut changer la donne du sport scolaire et universitaire\"},{\"@type\":\"BreadcrumbList\",\"@id\":\"https:\/\/www.africa-press.net\/cotedivoire\/sports\/lancement-des-finales-departementales-2025-le-nouveau-dg-doumbia-veut-changer-la-donne-du-sport-scolaire-et-universitaire#breadcrumb\",\"itemListElement\":[{\"@type\":\"ListItem\",\"position\":1,\"name\":\"Accueil\",\"item\":\"https:\/\/www.africa-press.net\/cotedivoire\/\"},{\"@type\":\"ListItem\",\"position\":2,\"name\":\"Lancement des finales d\u00e9partementales 2025, le nouveau DG Doumbia veut changer la donne du sport scolaire et universitaire\"}]},{\"@type\":\"WebSite\",\"@id\":\"https:\/\/www.africa-press.net\/cotedivoire\/#website\",\"url\":\"https:\/\/www.africa-press.net\/cotedivoire\/\",\"name\":\"C\u00f4te d&#039;Ivoire\",\"description\":\"Just another Africa News Agency Sites site\",\"potentialAction\":[{\"@type\":\"SearchAction\",\"target\":{\"@type\":\"EntryPoint\",\"urlTemplate\":\"https:\/\/www.africa-press.net\/cotedivoire\/?s={search_term_string}\"},\"query-input\":{\"@type\":\"PropertyValueSpecification\",\"valueRequired\":true,\"valueName\":\"search_term_string\"}}],\"inLanguage\":\"fr-FR\"},{\"@type\":\"Person\",\"@id\":\"https:\/\/www.africa-press.net\/cotedivoire\/#\/schema\/person\/2b1cf3cd81a31e3cd26889ca66d677f1\",\"name\":\"cfeditorfr\"}]}<\/script>\n<!-- \/ Yoast SEO Premium plugin. -->","yoast_head_json":{"title":"Lancement des finales d\u00e9partementales 2025, le nouveau DG Doumbia veut changer la donne du sport scolaire et universitaire - C\u00f4te d&#039;Ivoire","description":"Quelques jours apre\u0300s sa prise de fonction a\u0300 la Direction Ge\u0301ne\u0301rale de l\u2019Office Ivoirien des Sports Scolaires et Unive ...","robots":{"index":"index","follow":"follow","max-snippet":"max-snippet:-1","max-image-preview":"max-image-preview:large","max-video-preview":"max-video-preview:-1"},"canonical":"https:\/\/www.africa-press.net\/cotedivoire\/sports\/lancement-des-finales-departementales-2025-le-nouveau-dg-doumbia-veut-changer-la-donne-du-sport-scolaire-et-universitaire","og_locale":"fr_FR","og_type":"article","og_title":"Lancement des finales d\u00e9partementales 2025, le nouveau DG Doumbia veut changer la donne du sport scolaire et universitaire","og_description":"Quelques jours apre\u0300s sa prise de fonction a\u0300 la Direction Ge\u0301ne\u0301rale de l\u2019Office Ivoirien des Sports Scolaires et Unive ...","og_url":"https:\/\/www.africa-press.net\/cotedivoire\/sports\/lancement-des-finales-departementales-2025-le-nouveau-dg-doumbia-veut-changer-la-donne-du-sport-scolaire-et-universitaire","og_site_name":"C\u00f4te d&#039;Ivoire","article_published_time":"2025-02-21T13:31:29+00:00","article_modified_time":"2025-04-13T15:30:25+00:00","og_image":[{"width":720,"height":480,"url":"https:\/\/static.africa-press.net\/cote\/sites\/43\/2025\/02\/sm_1740132932.469966.jpg","type":"image\/jpeg"}],"author":"cfeditorfr","twitter_card":"summary_large_image","twitter_misc":{"\u00c9crit par":"cfeditorfr","Dur\u00e9e de lecture estim\u00e9e":"5 minutes"},"schema":{"@context":"https:\/\/schema.org","@graph":[{"@type":"Article","@id":"https:\/\/www.africa-press.net\/cotedivoire\/sports\/lancement-des-finales-departementales-2025-le-nouveau-dg-doumbia-veut-changer-la-donne-du-sport-scolaire-et-universitaire#article","isPartOf":{"@id":"https:\/\/www.africa-press.net\/cotedivoire\/sports\/lancement-des-finales-departementales-2025-le-nouveau-dg-doumbia-veut-changer-la-donne-du-sport-scolaire-et-universitaire"},"author":{"name":"cfeditorfr","@id":"https:\/\/www.africa-press.net\/cotedivoire\/#\/schema\/person\/2b1cf3cd81a31e3cd26889ca66d677f1"},"headline":"Lancement des finales d\u00e9partementales 2025, le nouveau DG Doumbia veut changer la donne du sport scolaire et universitaire","datePublished":"2025-02-21T13:31:29+00:00","dateModified":"2025-04-13T15:30:25+00:00","mainEntityOfPage":{"@id":"https:\/\/www.africa-press.net\/cotedivoire\/sports\/lancement-des-finales-departementales-2025-le-nouveau-dg-doumbia-veut-changer-la-donne-du-sport-scolaire-et-universitaire"},"wordCount":897,"commentCount":0,"image":{"@id":"https:\/\/www.africa-press.net\/cotedivoire\/sports\/lancement-des-finales-departementales-2025-le-nouveau-dg-doumbia-veut-changer-la-donne-du-sport-scolaire-et-universitaire#primaryimage"},"thumbnailUrl":"https:\/\/static.africa-press.net\/cote\/sites\/43\/2025\/02\/sm_1740132932.469966.jpg","keywords":["Adama Doumbia","Conf\u00e9rence","C\u00d4TE D'IVOIRE","D\u00e9partementales","licenci\u00e9s","OISSU"],"articleSection":["Sports","Toutes les actualit\u00e9s"],"inLanguage":"fr-FR","potentialAction":[{"@type":"CommentAction","name":"Comment","target":["https:\/\/www.africa-press.net\/cotedivoire\/sports\/lancement-des-finales-departementales-2025-le-nouveau-dg-doumbia-veut-changer-la-donne-du-sport-scolaire-et-universitaire#respond"]}]},{"@type":"WebPage","@id":"https:\/\/www.africa-press.net\/cotedivoire\/sports\/lancement-des-finales-departementales-2025-le-nouveau-dg-doumbia-veut-changer-la-donne-du-sport-scolaire-et-universitaire","url":"https:\/\/www.africa-press.net\/cotedivoire\/sports\/lancement-des-finales-departementales-2025-le-nouveau-dg-doumbia-veut-changer-la-donne-du-sport-scolaire-et-universitaire","name":"Lancement des finales d\u00e9partementales 2025, le nouveau DG Doumbia veut changer la donne du sport scolaire et universitaire - C\u00f4te d&#039;Ivoire","isPartOf":{"@id":"https:\/\/www.africa-press.net\/cotedivoire\/#website"},"primaryImageOfPage":{"@id":"https:\/\/www.africa-press.net\/cotedivoire\/sports\/lancement-des-finales-departementales-2025-le-nouveau-dg-doumbia-veut-changer-la-donne-du-sport-scolaire-et-universitaire#primaryimage"},"image":{"@id":"https:\/\/www.africa-press.net\/cotedivoire\/sports\/lancement-des-finales-departementales-2025-le-nouveau-dg-doumbia-veut-changer-la-donne-du-sport-scolaire-et-universitaire#primaryimage"},"thumbnailUrl":"https:\/\/static.africa-press.net\/cote\/sites\/43\/2025\/02\/sm_1740132932.469966.jpg","datePublished":"2025-02-21T13:31:29+00:00","dateModified":"2025-04-13T15:30:25+00:00","author":{"@id":"https:\/\/www.africa-press.net\/cotedivoire\/#\/schema\/person\/2b1cf3cd81a31e3cd26889ca66d677f1"},"description":"Quelques jours apre\u0300s sa prise de fonction a\u0300 la Direction Ge\u0301ne\u0301rale de l\u2019Office Ivoirien des Sports Scolaires et Unive ...","breadcrumb":{"@id":"https:\/\/www.africa-press.net\/cotedivoire\/sports\/lancement-des-finales-departementales-2025-le-nouveau-dg-doumbia-veut-changer-la-donne-du-sport-scolaire-et-universitaire#breadcrumb"},"inLanguage":"fr-FR","potentialAction":[{"@type":"ReadAction","target":["https:\/\/www.africa-press.net\/cotedivoire\/sports\/lancement-des-finales-departementales-2025-le-nouveau-dg-doumbia-veut-changer-la-donne-du-sport-scolaire-et-universitaire"]}]},{"@type":"ImageObject","inLanguage":"fr-FR","@id":"https:\/\/www.africa-press.net\/cotedivoire\/sports\/lancement-des-finales-departementales-2025-le-nouveau-dg-doumbia-veut-changer-la-donne-du-sport-scolaire-et-universitaire#primaryimage","url":"https:\/\/static.africa-press.net\/cote\/sites\/43\/2025\/02\/sm_1740132932.469966.jpg","contentUrl":"https:\/\/static.africa-press.net\/cote\/sites\/43\/2025\/02\/sm_1740132932.469966.jpg","width":720,"height":480,"caption":"Lancement des finales d\u00e9partementales 2025, le nouveau DG Doumbia veut changer la donne du sport scolaire et universitaire"},{"@type":"BreadcrumbList","@id":"https:\/\/www.africa-press.net\/cotedivoire\/sports\/lancement-des-finales-departementales-2025-le-nouveau-dg-doumbia-veut-changer-la-donne-du-sport-scolaire-et-universitaire#breadcrumb","itemListElement":[{"@type":"ListItem","position":1,"name":"Accueil","item":"https:\/\/www.africa-press.net\/cotedivoire\/"},{"@type":"ListItem","position":2,"name":"Lancement des finales d\u00e9partementales 2025, le nouveau DG Doumbia veut changer la donne du sport scolaire et universitaire"}]},{"@type":"WebSite","@id":"https:\/\/www.africa-press.net\/cotedivoire\/#website","url":"https:\/\/www.africa-press.net\/cotedivoire\/","name":"C\u00f4te d&#039;Ivoire","description":"Just another Africa News Agency Sites site","potentialAction":[{"@type":"SearchAction","target":{"@type":"EntryPoint","urlTemplate":"https:\/\/www.africa-press.net\/cotedivoire\/?s={search_term_string}"},"query-input":{"@type":"PropertyValueSpecification","valueRequired":true,"valueName":"search_term_string"}}],"inLanguage":"fr-FR"},{"@type":"Person","@id":"https:\/\/www.africa-press.net\/cotedivoire\/#\/schema\/person\/2b1cf3cd81a31e3cd26889ca66d677f1","name":"cfeditorfr"}]}},"_links":{"self":[{"href":"https:\/\/www.africa-press.net\/cotedivoire\/wp-json\/wp\/v2\/posts\/95449","targetHints":{"allow":["GET"]}}],"collection":[{"href":"https:\/\/www.africa-press.net\/cotedivoire\/wp-json\/wp\/v2\/posts"}],"about":[{"href":"https:\/\/www.africa-press.net\/cotedivoire\/wp-json\/wp\/v2\/types\/post"}],"author":[{"embeddable":true,"href":"https:\/\/www.africa-press.net\/cotedivoire\/wp-json\/wp\/v2\/users\/82"}],"replies":[{"embeddable":true,"href":"https:\/\/www.africa-press.net\/cotedivoire\/wp-json\/wp\/v2\/comments?post=95449"}],"version-history":[{"count":0,"href":"https:\/\/www.africa-press.net\/cotedivoire\/wp-json\/wp\/v2\/posts\/95449\/revisions"}],"wp:featuredmedia":[{"embeddable":true,"href":"https:\/\/www.africa-press.net\/cotedivoire\/wp-json\/wp\/v2\/media\/95448"}],"wp:attachment":[{"href":"https:\/\/www.africa-press.net\/cotedivoire\/wp-json\/wp\/v2\/media?parent=95449"}],"wp:term":[{"taxonomy":"category","embeddable":true,"href":"https:\/\/www.africa-press.net\/cotedivoire\/wp-json\/wp\/v2\/categories?post=95449"},{"taxonomy":"post_tag","embeddable":true,"href":"https:\/\/www.africa-press.net\/cotedivoire\/wp-json\/wp\/v2\/tags?post=95449"}],"curies":[{"name":"wp","href":"https:\/\/api.w.org\/{rel}","templated":true}]}}