{"id":9548,"date":"2021-06-29T14:44:10","date_gmt":"2021-06-29T14:44:10","guid":{"rendered":"https:\/\/www.africa-press.net\/cotedivoire\/?p=9548"},"modified":"2021-06-29T19:40:43","modified_gmt":"2021-06-29T19:40:43","slug":"travail-des-enfants-cote-divoire-la-police-intercepte-22-mineurs-en-partance-pour-daoukro","status":"publish","type":"post","link":"https:\/\/www.africa-press.net\/cotedivoire\/toutes-les-actualites\/travail-des-enfants-cote-divoire-la-police-intercepte-22-mineurs-en-partance-pour-daoukro","title":{"rendered":"Travail des enfants\/C\u00f4te-d\u2019Ivoire: La police intercepte 22 mineurs en partance pour Daoukro"},"content":{"rendered":"<p><span style=\"color: #ff6600\"><strong><a href=\"https:\/\/www.africa-press.net\/\">Africa-Press<\/a> &#8211; <a href=\"https:\/\/www.africa-press.net\/cotedivoire\">C\u00f4te d&rsquo;Ivoire<\/a>.\u00a0 <\/strong><\/span>Encore un beau coup de filet de la sous-direction de la Police Criminelle en charge de la lutte contre la traite des enfants et la d\u00e9linquance juv\u00e9nile (SDLTEDJ). En effet, cette unit\u00e9 de la police nationale a intercept\u00e9 vingt-deux (22) mineurs de nationalit\u00e9s burkinab\u00e9, le dimanche 27 juin 2021, \u00e0 Bouak\u00e9.<\/p>\n<p>La lutte contre les pires formes de travail des enfants est pass\u00e9e dans sa phase de r\u00e9pression. En effet, apr\u00e8s l\u2019op\u00e9ration de police \u00ab Nawa 2 \u00bb, des consignes fermes ont \u00e9t\u00e9 donn\u00e9es \u00e0 la SDLTEDJ de renforcer et intensifier les contr\u00f4les routiers.<\/p>\n<p>Ce nouveau coup de filet a \u00e9t\u00e9 possible gr\u00e2ce \u00e0 une information anonyme du Procureur Adjoint de Bouak\u00e9 qui a permis \u00e0 la SDLTEDJ d\u2019intercepter le car de transport en commun qui les transportait.<\/p>\n<p>En partance pour les plantations de cacao de Daoukro<\/p>\n<p>Ces enfants dont l\u2019\u00e2ge varie de 11 \u00e0 17 ans \u00e9taient en provenance de Katiola o\u00f9 ils ont travaill\u00e9 pendant cinq (05) mois dans les plantations d\u2019anacarde. Ils ont \u00e9t\u00e9 intercept\u00e9s dans un car de transport en commun en partance pour Daoukro o\u00f9 ils devaient \u00eatre employ\u00e9s dans des plantations de cacao.<\/p>\n<p>\u00c0 la suite des premi\u00e8res investigations de l\u2019enqu\u00eate, deux (02) trafiquants de nationalit\u00e9 Burkinab\u00e8 ont \u00e9t\u00e9 interpell\u00e9s. L\u2019enqu\u00eate se poursuit pour situer leurs responsabilit\u00e9s.<\/p>\n<p>Travail des enfants<\/p>\n","protected":false},"excerpt":{"rendered":"<p>Africa-Press &#8211; C\u00f4te d&rsquo;Ivoire.\u00a0 Encore un beau coup de filet de la sous-direction de la Police Criminelle en charge de la lutte contre la traite des enfants et la d\u00e9linquance juv\u00e9nile (SDLTEDJ). En effet, cette unit\u00e9 de la police nationale a intercept\u00e9 vingt-deux (22) mineurs de nationalit\u00e9s burkinab\u00e9, le dimanche 27 juin 2021, \u00e0 Bouak\u00e9. [&hellip;]<\/p>\n","protected":false},"author":82,"featured_media":9547,"comment_status":"open","ping_status":"closed","sticky":false,"template":"","format":"standard","meta":{"footnotes":""},"categories":[21,11,10],"tags":[56,63,29],"class_list":["post-9548","post","type-post","status-publish","format-standard","has-post-thumbnail","hentry","category-communaute","category-homepage-french","category-toutes-les-actualites","tag-africa-press","tag-africa-press-cote-divoire","tag-cote-divoire"],"yoast_head":"<!-- This site is optimized with the Yoast SEO Premium plugin v26.1 (Yoast SEO v27.0) - https:\/\/yoast.com\/product\/yoast-seo-premium-wordpress\/ -->\n<title>Travail des enfants\/C\u00f4te-d\u2019Ivoire: La police intercepte 22 mineurs en partance pour Daoukro - C\u00f4te d&#039;Ivoire<\/title>\n<meta name=\"description\" content=\"Lutte contre le travail des enfants Encore un beau coup de filet de la sous-direction de la Police Criminelle en ...\" \/>\n<meta name=\"robots\" content=\"index, follow, max-snippet:-1, max-image-preview:large, max-video-preview:-1\" \/>\n<link rel=\"canonical\" href=\"https:\/\/www.africa-press.net\/cotedivoire\/toutes-les-actualites\/travail-des-enfants-cote-divoire-la-police-intercepte-22-mineurs-en-partance-pour-daoukro\" \/>\n<meta property=\"og:locale\" content=\"fr_FR\" \/>\n<meta property=\"og:type\" content=\"article\" \/>\n<meta property=\"og:title\" content=\"Travail des enfants\/C\u00f4te-d\u2019Ivoire: La police intercepte 22 mineurs en partance pour Daoukro\" \/>\n<meta property=\"og:description\" content=\"Lutte contre le travail des enfants Encore un beau coup de filet de la sous-direction de la Police Criminelle en ...\" \/>\n<meta property=\"og:url\" content=\"https:\/\/www.africa-press.net\/cotedivoire\/toutes-les-actualites\/travail-des-enfants-cote-divoire-la-police-intercepte-22-mineurs-en-partance-pour-daoukro\" \/>\n<meta property=\"og:site_name\" content=\"C\u00f4te d&#039;Ivoire\" \/>\n<meta property=\"article:published_time\" content=\"2021-06-29T14:44:10+00:00\" \/>\n<meta property=\"article:modified_time\" content=\"2021-06-29T19:40:43+00:00\" \/>\n<meta property=\"og:image\" content=\"https:\/\/static.africa-press.net\/cote\/sites\/43\/2021\/06\/img-60db2d716c3dc.jpg\" \/>\n\t<meta property=\"og:image:width\" content=\"1080\" \/>\n\t<meta property=\"og:image:height\" content=\"810\" \/>\n\t<meta property=\"og:image:type\" content=\"image\/jpeg\" \/>\n<meta name=\"author\" content=\"cfeditorfr\" \/>\n<meta name=\"twitter:card\" content=\"summary_large_image\" \/>\n<meta name=\"twitter:label1\" content=\"\u00c9crit par\" \/>\n\t<meta name=\"twitter:data1\" content=\"cfeditorfr\" \/>\n\t<meta name=\"twitter:label2\" content=\"Dur\u00e9e de lecture estim\u00e9e\" \/>\n\t<meta name=\"twitter:data2\" content=\"1 minute\" \/>\n<script type=\"application\/ld+json\" class=\"yoast-schema-graph\">{\"@context\":\"https:\/\/schema.org\",\"@graph\":[{\"@type\":\"Article\",\"@id\":\"https:\/\/www.africa-press.net\/cotedivoire\/toutes-les-actualites\/travail-des-enfants-cote-divoire-la-police-intercepte-22-mineurs-en-partance-pour-daoukro#article\",\"isPartOf\":{\"@id\":\"https:\/\/www.africa-press.net\/cotedivoire\/toutes-les-actualites\/travail-des-enfants-cote-divoire-la-police-intercepte-22-mineurs-en-partance-pour-daoukro\"},\"author\":{\"name\":\"cfeditorfr\",\"@id\":\"https:\/\/www.africa-press.net\/cotedivoire\/#\/schema\/person\/2b1cf3cd81a31e3cd26889ca66d677f1\"},\"headline\":\"Travail des enfants\/C\u00f4te-d\u2019Ivoire: La police intercepte 22 mineurs en partance pour Daoukro\",\"datePublished\":\"2021-06-29T14:44:10+00:00\",\"dateModified\":\"2021-06-29T19:40:43+00:00\",\"mainEntityOfPage\":{\"@id\":\"https:\/\/www.africa-press.net\/cotedivoire\/toutes-les-actualites\/travail-des-enfants-cote-divoire-la-police-intercepte-22-mineurs-en-partance-pour-daoukro\"},\"wordCount\":243,\"commentCount\":0,\"image\":{\"@id\":\"https:\/\/www.africa-press.net\/cotedivoire\/toutes-les-actualites\/travail-des-enfants-cote-divoire-la-police-intercepte-22-mineurs-en-partance-pour-daoukro#primaryimage\"},\"thumbnailUrl\":\"https:\/\/static.africa-press.net\/cote\/sites\/43\/2021\/06\/img-60db2d716c3dc.jpg\",\"keywords\":[\"Africa Press\",\"Africa Press-C\u00f4te d'Ivoire\",\"C\u00d4TE D'IVOIRE\"],\"articleSection\":[\"Communaut\u00e9\",\"homepage-french\",\"Toutes les actualit\u00e9s\"],\"inLanguage\":\"fr-FR\",\"potentialAction\":[{\"@type\":\"CommentAction\",\"name\":\"Comment\",\"target\":[\"https:\/\/www.africa-press.net\/cotedivoire\/toutes-les-actualites\/travail-des-enfants-cote-divoire-la-police-intercepte-22-mineurs-en-partance-pour-daoukro#respond\"]}]},{\"@type\":\"WebPage\",\"@id\":\"https:\/\/www.africa-press.net\/cotedivoire\/toutes-les-actualites\/travail-des-enfants-cote-divoire-la-police-intercepte-22-mineurs-en-partance-pour-daoukro\",\"url\":\"https:\/\/www.africa-press.net\/cotedivoire\/toutes-les-actualites\/travail-des-enfants-cote-divoire-la-police-intercepte-22-mineurs-en-partance-pour-daoukro\",\"name\":\"Travail des enfants\/C\u00f4te-d\u2019Ivoire: La police intercepte 22 mineurs en partance pour Daoukro - C\u00f4te d&#039;Ivoire\",\"isPartOf\":{\"@id\":\"https:\/\/www.africa-press.net\/cotedivoire\/#website\"},\"primaryImageOfPage\":{\"@id\":\"https:\/\/www.africa-press.net\/cotedivoire\/toutes-les-actualites\/travail-des-enfants-cote-divoire-la-police-intercepte-22-mineurs-en-partance-pour-daoukro#primaryimage\"},\"image\":{\"@id\":\"https:\/\/www.africa-press.net\/cotedivoire\/toutes-les-actualites\/travail-des-enfants-cote-divoire-la-police-intercepte-22-mineurs-en-partance-pour-daoukro#primaryimage\"},\"thumbnailUrl\":\"https:\/\/static.africa-press.net\/cote\/sites\/43\/2021\/06\/img-60db2d716c3dc.jpg\",\"datePublished\":\"2021-06-29T14:44:10+00:00\",\"dateModified\":\"2021-06-29T19:40:43+00:00\",\"author\":{\"@id\":\"https:\/\/www.africa-press.net\/cotedivoire\/#\/schema\/person\/2b1cf3cd81a31e3cd26889ca66d677f1\"},\"description\":\"Lutte contre le travail des enfants Encore un beau coup de filet de la sous-direction de la Police Criminelle en ...\",\"breadcrumb\":{\"@id\":\"https:\/\/www.africa-press.net\/cotedivoire\/toutes-les-actualites\/travail-des-enfants-cote-divoire-la-police-intercepte-22-mineurs-en-partance-pour-daoukro#breadcrumb\"},\"inLanguage\":\"fr-FR\",\"potentialAction\":[{\"@type\":\"ReadAction\",\"target\":[\"https:\/\/www.africa-press.net\/cotedivoire\/toutes-les-actualites\/travail-des-enfants-cote-divoire-la-police-intercepte-22-mineurs-en-partance-pour-daoukro\"]}]},{\"@type\":\"ImageObject\",\"inLanguage\":\"fr-FR\",\"@id\":\"https:\/\/www.africa-press.net\/cotedivoire\/toutes-les-actualites\/travail-des-enfants-cote-divoire-la-police-intercepte-22-mineurs-en-partance-pour-daoukro#primaryimage\",\"url\":\"https:\/\/static.africa-press.net\/cote\/sites\/43\/2021\/06\/img-60db2d716c3dc.jpg\",\"contentUrl\":\"https:\/\/static.africa-press.net\/cote\/sites\/43\/2021\/06\/img-60db2d716c3dc.jpg\",\"width\":1080,\"height\":810,\"caption\":\"Travail des enfants\/C\u00f4te-d\u2019Ivoire: La police intercepte 22 mineurs en partance pour Daoukro\"},{\"@type\":\"BreadcrumbList\",\"@id\":\"https:\/\/www.africa-press.net\/cotedivoire\/toutes-les-actualites\/travail-des-enfants-cote-divoire-la-police-intercepte-22-mineurs-en-partance-pour-daoukro#breadcrumb\",\"itemListElement\":[{\"@type\":\"ListItem\",\"position\":1,\"name\":\"Accueil\",\"item\":\"https:\/\/www.africa-press.net\/cotedivoire\/\"},{\"@type\":\"ListItem\",\"position\":2,\"name\":\"Travail des enfants\/C\u00f4te-d\u2019Ivoire: La police intercepte 22 mineurs en partance pour Daoukro\"}]},{\"@type\":\"WebSite\",\"@id\":\"https:\/\/www.africa-press.net\/cotedivoire\/#website\",\"url\":\"https:\/\/www.africa-press.net\/cotedivoire\/\",\"name\":\"C\u00f4te d&#039;Ivoire\",\"description\":\"Just another Africa News Agency Sites site\",\"potentialAction\":[{\"@type\":\"SearchAction\",\"target\":{\"@type\":\"EntryPoint\",\"urlTemplate\":\"https:\/\/www.africa-press.net\/cotedivoire\/?s={search_term_string}\"},\"query-input\":{\"@type\":\"PropertyValueSpecification\",\"valueRequired\":true,\"valueName\":\"search_term_string\"}}],\"inLanguage\":\"fr-FR\"},{\"@type\":\"Person\",\"@id\":\"https:\/\/www.africa-press.net\/cotedivoire\/#\/schema\/person\/2b1cf3cd81a31e3cd26889ca66d677f1\",\"name\":\"cfeditorfr\"}]}<\/script>\n<!-- \/ Yoast SEO Premium plugin. -->","yoast_head_json":{"title":"Travail des enfants\/C\u00f4te-d\u2019Ivoire: La police intercepte 22 mineurs en partance pour Daoukro - C\u00f4te d&#039;Ivoire","description":"Lutte contre le travail des enfants Encore un beau coup de filet de la sous-direction de la Police Criminelle en ...","robots":{"index":"index","follow":"follow","max-snippet":"max-snippet:-1","max-image-preview":"max-image-preview:large","max-video-preview":"max-video-preview:-1"},"canonical":"https:\/\/www.africa-press.net\/cotedivoire\/toutes-les-actualites\/travail-des-enfants-cote-divoire-la-police-intercepte-22-mineurs-en-partance-pour-daoukro","og_locale":"fr_FR","og_type":"article","og_title":"Travail des enfants\/C\u00f4te-d\u2019Ivoire: La police intercepte 22 mineurs en partance pour Daoukro","og_description":"Lutte contre le travail des enfants Encore un beau coup de filet de la sous-direction de la Police Criminelle en ...","og_url":"https:\/\/www.africa-press.net\/cotedivoire\/toutes-les-actualites\/travail-des-enfants-cote-divoire-la-police-intercepte-22-mineurs-en-partance-pour-daoukro","og_site_name":"C\u00f4te d&#039;Ivoire","article_published_time":"2021-06-29T14:44:10+00:00","article_modified_time":"2021-06-29T19:40:43+00:00","og_image":[{"width":1080,"height":810,"url":"https:\/\/static.africa-press.net\/cote\/sites\/43\/2021\/06\/img-60db2d716c3dc.jpg","type":"image\/jpeg"}],"author":"cfeditorfr","twitter_card":"summary_large_image","twitter_misc":{"\u00c9crit par":"cfeditorfr","Dur\u00e9e de lecture estim\u00e9e":"1 minute"},"schema":{"@context":"https:\/\/schema.org","@graph":[{"@type":"Article","@id":"https:\/\/www.africa-press.net\/cotedivoire\/toutes-les-actualites\/travail-des-enfants-cote-divoire-la-police-intercepte-22-mineurs-en-partance-pour-daoukro#article","isPartOf":{"@id":"https:\/\/www.africa-press.net\/cotedivoire\/toutes-les-actualites\/travail-des-enfants-cote-divoire-la-police-intercepte-22-mineurs-en-partance-pour-daoukro"},"author":{"name":"cfeditorfr","@id":"https:\/\/www.africa-press.net\/cotedivoire\/#\/schema\/person\/2b1cf3cd81a31e3cd26889ca66d677f1"},"headline":"Travail des enfants\/C\u00f4te-d\u2019Ivoire: La police intercepte 22 mineurs en partance pour Daoukro","datePublished":"2021-06-29T14:44:10+00:00","dateModified":"2021-06-29T19:40:43+00:00","mainEntityOfPage":{"@id":"https:\/\/www.africa-press.net\/cotedivoire\/toutes-les-actualites\/travail-des-enfants-cote-divoire-la-police-intercepte-22-mineurs-en-partance-pour-daoukro"},"wordCount":243,"commentCount":0,"image":{"@id":"https:\/\/www.africa-press.net\/cotedivoire\/toutes-les-actualites\/travail-des-enfants-cote-divoire-la-police-intercepte-22-mineurs-en-partance-pour-daoukro#primaryimage"},"thumbnailUrl":"https:\/\/static.africa-press.net\/cote\/sites\/43\/2021\/06\/img-60db2d716c3dc.jpg","keywords":["Africa Press","Africa Press-C\u00f4te d'Ivoire","C\u00d4TE D'IVOIRE"],"articleSection":["Communaut\u00e9","homepage-french","Toutes les actualit\u00e9s"],"inLanguage":"fr-FR","potentialAction":[{"@type":"CommentAction","name":"Comment","target":["https:\/\/www.africa-press.net\/cotedivoire\/toutes-les-actualites\/travail-des-enfants-cote-divoire-la-police-intercepte-22-mineurs-en-partance-pour-daoukro#respond"]}]},{"@type":"WebPage","@id":"https:\/\/www.africa-press.net\/cotedivoire\/toutes-les-actualites\/travail-des-enfants-cote-divoire-la-police-intercepte-22-mineurs-en-partance-pour-daoukro","url":"https:\/\/www.africa-press.net\/cotedivoire\/toutes-les-actualites\/travail-des-enfants-cote-divoire-la-police-intercepte-22-mineurs-en-partance-pour-daoukro","name":"Travail des enfants\/C\u00f4te-d\u2019Ivoire: La police intercepte 22 mineurs en partance pour Daoukro - C\u00f4te d&#039;Ivoire","isPartOf":{"@id":"https:\/\/www.africa-press.net\/cotedivoire\/#website"},"primaryImageOfPage":{"@id":"https:\/\/www.africa-press.net\/cotedivoire\/toutes-les-actualites\/travail-des-enfants-cote-divoire-la-police-intercepte-22-mineurs-en-partance-pour-daoukro#primaryimage"},"image":{"@id":"https:\/\/www.africa-press.net\/cotedivoire\/toutes-les-actualites\/travail-des-enfants-cote-divoire-la-police-intercepte-22-mineurs-en-partance-pour-daoukro#primaryimage"},"thumbnailUrl":"https:\/\/static.africa-press.net\/cote\/sites\/43\/2021\/06\/img-60db2d716c3dc.jpg","datePublished":"2021-06-29T14:44:10+00:00","dateModified":"2021-06-29T19:40:43+00:00","author":{"@id":"https:\/\/www.africa-press.net\/cotedivoire\/#\/schema\/person\/2b1cf3cd81a31e3cd26889ca66d677f1"},"description":"Lutte contre le travail des enfants Encore un beau coup de filet de la sous-direction de la Police Criminelle en ...","breadcrumb":{"@id":"https:\/\/www.africa-press.net\/cotedivoire\/toutes-les-actualites\/travail-des-enfants-cote-divoire-la-police-intercepte-22-mineurs-en-partance-pour-daoukro#breadcrumb"},"inLanguage":"fr-FR","potentialAction":[{"@type":"ReadAction","target":["https:\/\/www.africa-press.net\/cotedivoire\/toutes-les-actualites\/travail-des-enfants-cote-divoire-la-police-intercepte-22-mineurs-en-partance-pour-daoukro"]}]},{"@type":"ImageObject","inLanguage":"fr-FR","@id":"https:\/\/www.africa-press.net\/cotedivoire\/toutes-les-actualites\/travail-des-enfants-cote-divoire-la-police-intercepte-22-mineurs-en-partance-pour-daoukro#primaryimage","url":"https:\/\/static.africa-press.net\/cote\/sites\/43\/2021\/06\/img-60db2d716c3dc.jpg","contentUrl":"https:\/\/static.africa-press.net\/cote\/sites\/43\/2021\/06\/img-60db2d716c3dc.jpg","width":1080,"height":810,"caption":"Travail des enfants\/C\u00f4te-d\u2019Ivoire: La police intercepte 22 mineurs en partance pour Daoukro"},{"@type":"BreadcrumbList","@id":"https:\/\/www.africa-press.net\/cotedivoire\/toutes-les-actualites\/travail-des-enfants-cote-divoire-la-police-intercepte-22-mineurs-en-partance-pour-daoukro#breadcrumb","itemListElement":[{"@type":"ListItem","position":1,"name":"Accueil","item":"https:\/\/www.africa-press.net\/cotedivoire\/"},{"@type":"ListItem","position":2,"name":"Travail des enfants\/C\u00f4te-d\u2019Ivoire: La police intercepte 22 mineurs en partance pour Daoukro"}]},{"@type":"WebSite","@id":"https:\/\/www.africa-press.net\/cotedivoire\/#website","url":"https:\/\/www.africa-press.net\/cotedivoire\/","name":"C\u00f4te d&#039;Ivoire","description":"Just another Africa News Agency Sites site","potentialAction":[{"@type":"SearchAction","target":{"@type":"EntryPoint","urlTemplate":"https:\/\/www.africa-press.net\/cotedivoire\/?s={search_term_string}"},"query-input":{"@type":"PropertyValueSpecification","valueRequired":true,"valueName":"search_term_string"}}],"inLanguage":"fr-FR"},{"@type":"Person","@id":"https:\/\/www.africa-press.net\/cotedivoire\/#\/schema\/person\/2b1cf3cd81a31e3cd26889ca66d677f1","name":"cfeditorfr"}]}},"_links":{"self":[{"href":"https:\/\/www.africa-press.net\/cotedivoire\/wp-json\/wp\/v2\/posts\/9548","targetHints":{"allow":["GET"]}}],"collection":[{"href":"https:\/\/www.africa-press.net\/cotedivoire\/wp-json\/wp\/v2\/posts"}],"about":[{"href":"https:\/\/www.africa-press.net\/cotedivoire\/wp-json\/wp\/v2\/types\/post"}],"author":[{"embeddable":true,"href":"https:\/\/www.africa-press.net\/cotedivoire\/wp-json\/wp\/v2\/users\/82"}],"replies":[{"embeddable":true,"href":"https:\/\/www.africa-press.net\/cotedivoire\/wp-json\/wp\/v2\/comments?post=9548"}],"version-history":[{"count":0,"href":"https:\/\/www.africa-press.net\/cotedivoire\/wp-json\/wp\/v2\/posts\/9548\/revisions"}],"wp:featuredmedia":[{"embeddable":true,"href":"https:\/\/www.africa-press.net\/cotedivoire\/wp-json\/wp\/v2\/media\/9547"}],"wp:attachment":[{"href":"https:\/\/www.africa-press.net\/cotedivoire\/wp-json\/wp\/v2\/media?parent=9548"}],"wp:term":[{"taxonomy":"category","embeddable":true,"href":"https:\/\/www.africa-press.net\/cotedivoire\/wp-json\/wp\/v2\/categories?post=9548"},{"taxonomy":"post_tag","embeddable":true,"href":"https:\/\/www.africa-press.net\/cotedivoire\/wp-json\/wp\/v2\/tags?post=9548"}],"curies":[{"name":"wp","href":"https:\/\/api.w.org\/{rel}","templated":true}]}}