{"id":9551,"date":"2021-06-29T14:48:58","date_gmt":"2021-06-29T14:48:58","guid":{"rendered":"https:\/\/www.africa-press.net\/cotedivoire\/?p=9551"},"modified":"2021-06-29T19:40:54","modified_gmt":"2021-06-29T19:40:54","slug":"mama-cote-divoire-ce-que-gbagbo-a-dit-a-ses-parents-sur-bemba-taylor-goude-nady-tarfuser-bensouda","status":"publish","type":"post","link":"https:\/\/www.africa-press.net\/cotedivoire\/politique\/mama-cote-divoire-ce-que-gbagbo-a-dit-a-ses-parents-sur-bemba-taylor-goude-nady-tarfuser-bensouda","title":{"rendered":"Mama\/C\u00f4te-d\u2019Ivoire: Ce que Gbagbo a dit \u00e0 ses parents sur Bemba, Taylor, Goud\u00e9, Nady, Tarfuser, Bensouda\u2026"},"content":{"rendered":"<p><span style=\"color: #ff6600\"><strong><a href=\"https:\/\/www.africa-press.net\/\">Africa-Press<\/a> &#8211; <a href=\"https:\/\/www.africa-press.net\/cotedivoire\">C\u00f4te d&rsquo;Ivoire<\/a>. <\/strong><\/span>\u00ab Je vous remercie pour tout ce que vous avez fait. On m\u2019a emmen\u00e9 l\u00e0-bas mais quand tu sais que tu n\u2019as rien fait, tu es tranquille. J\u2019ai fait 7 ans \u00e0 la Haye et 1 an \u00e0 Korhogo. Je n\u2019ai pas vu les jours pass\u00e9s parce que les a]Africains m\u2019ont adopt\u00e9 et je les recevais chaque jour. Taylor, Bemba et moi cotisions pour nourrir les Africains qui \u00e9taient en prison avec nous. Merci \u00e0 Nady Bamba qui a \u00e9t\u00e9 un grand soutien pour moi pendant le temps que j\u2019ai pass\u00e9 \u00e0 la Haye<\/p>\n<p>Au d\u00e9but j\u2019avais un peu peur parce que je pensais que mes gens ont fait des choses qu\u2019ils m\u2019ont cach\u00e9es. Pour moi c\u2019\u00e9tait des amusements ce qui se passait \u00e0 la Haye car il n\u2019y avait rien de s\u00e9rieux. Il fallait simplement \u00e9carter un adversaire g\u00eanant.<\/p>\n<p>Les blancs m\u00eame ont su que je ne suis pas un criminel. Vous pouvez m\u2019accuser de beaucoup de choses mais je ne suis pas un criminel. Les juges m\u00eame ont demand\u00e9 \u00e0 nos avocats de plaider puisque les t\u00e9moins de l\u2019accusation nous ont blanchis. Nos avocats ont plaid\u00e9 le juge Cuno Tarfuser a jug\u00e9 que le dossier de l\u2019accusation a \u00e9t\u00e9 tr\u00e8s faible et 2 sur 3 des juges ont d\u00e9cid\u00e9 de nous acquitter et de nous lib\u00e9rer mais Bensouda a d\u00e9cid\u00e9 de faire appel. Apr\u00e8s notre lib\u00e9ration j\u2019\u00e9tais dans un h\u00f4tel et Bl\u00e9 dans un autre. Un jour un ministre belge m\u2019envoie un document pour me dire que je faisais de la politique puisque j\u2019avais re\u00e7u le pr\u00e9sident du PDCI et une d\u00e9l\u00e9gation de son parti dirig\u00e9e par Guikahu\u00e9 alors que je ne devais pas le faire. Je lui ai r\u00e9pondu que c\u2019est \u00e0 cause de la politique que vous m\u2019avez envoy\u00e9 ici et c\u2019est la politique qui va me sortir d\u2019ici. L\u2019appel du procureur \u00e9tait une affaire de honte.<\/p>\n<p>Je suis l\u00e0 chers parents et je me porte bien. J\u2019invite tous les cadres du Goh \u00e0 l\u2019union. \u00bb<\/p>\n<p>&nbsp;<\/p>\n","protected":false},"excerpt":{"rendered":"<p>Africa-Press &#8211; C\u00f4te d&rsquo;Ivoire. \u00ab Je vous remercie pour tout ce que vous avez fait. On m\u2019a emmen\u00e9 l\u00e0-bas mais quand tu sais que tu n\u2019as rien fait, tu es tranquille. J\u2019ai fait 7 ans \u00e0 la Haye et 1 an \u00e0 Korhogo. Je n\u2019ai pas vu les jours pass\u00e9s parce que les a]Africains m\u2019ont [&hellip;]<\/p>\n","protected":false},"author":82,"featured_media":9550,"comment_status":"open","ping_status":"closed","sticky":false,"template":"","format":"standard","meta":{"footnotes":""},"categories":[11,2,10],"tags":[56,63,29],"class_list":["post-9551","post","type-post","status-publish","format-standard","has-post-thumbnail","hentry","category-homepage-french","category-politique","category-toutes-les-actualites","tag-africa-press","tag-africa-press-cote-divoire","tag-cote-divoire"],"yoast_head":"<!-- This site is optimized with the Yoast SEO Premium plugin v26.1 (Yoast SEO v27.0) - https:\/\/yoast.com\/product\/yoast-seo-premium-wordpress\/ -->\n<title>Mama\/C\u00f4te-d\u2019Ivoire: Ce que Gbagbo a dit \u00e0 ses parents sur Bemba, Taylor, Goud\u00e9, Nady, Tarfuser, Bensouda\u2026 - C\u00f4te d&#039;Ivoire<\/title>\n<meta name=\"description\" content=\"Le pr\u00e9sident Laurent Gbagbo depuis Mama: \u00ab Je vous remercie pour tout ce que vous avez fait. On m\u2019a emmen\u00e9 l\u00e0-bas mais ...\" \/>\n<meta name=\"robots\" content=\"index, follow, max-snippet:-1, max-image-preview:large, max-video-preview:-1\" \/>\n<link rel=\"canonical\" href=\"https:\/\/www.africa-press.net\/cotedivoire\/politique\/mama-cote-divoire-ce-que-gbagbo-a-dit-a-ses-parents-sur-bemba-taylor-goude-nady-tarfuser-bensouda\" \/>\n<meta property=\"og:locale\" content=\"fr_FR\" \/>\n<meta property=\"og:type\" content=\"article\" \/>\n<meta property=\"og:title\" content=\"Mama\/C\u00f4te-d\u2019Ivoire: Ce que Gbagbo a dit \u00e0 ses parents sur Bemba, Taylor, Goud\u00e9, Nady, Tarfuser, Bensouda\u2026\" \/>\n<meta property=\"og:description\" content=\"Le pr\u00e9sident Laurent Gbagbo depuis Mama: \u00ab Je vous remercie pour tout ce que vous avez fait. On m\u2019a emmen\u00e9 l\u00e0-bas mais ...\" \/>\n<meta property=\"og:url\" content=\"https:\/\/www.africa-press.net\/cotedivoire\/politique\/mama-cote-divoire-ce-que-gbagbo-a-dit-a-ses-parents-sur-bemba-taylor-goude-nady-tarfuser-bensouda\" \/>\n<meta property=\"og:site_name\" content=\"C\u00f4te d&#039;Ivoire\" \/>\n<meta property=\"article:published_time\" content=\"2021-06-29T14:48:58+00:00\" \/>\n<meta property=\"article:modified_time\" content=\"2021-06-29T19:40:54+00:00\" \/>\n<meta property=\"og:image\" content=\"https:\/\/static.africa-press.net\/cote\/sites\/43\/2021\/06\/img-60db2da2b03da.jpg\" \/>\n\t<meta property=\"og:image:width\" content=\"720\" \/>\n\t<meta property=\"og:image:height\" content=\"480\" \/>\n\t<meta property=\"og:image:type\" content=\"image\/jpeg\" \/>\n<meta name=\"author\" content=\"cfeditorfr\" \/>\n<meta name=\"twitter:card\" content=\"summary_large_image\" \/>\n<meta name=\"twitter:label1\" content=\"\u00c9crit par\" \/>\n\t<meta name=\"twitter:data1\" content=\"cfeditorfr\" \/>\n\t<meta name=\"twitter:label2\" content=\"Dur\u00e9e de lecture estim\u00e9e\" \/>\n\t<meta name=\"twitter:data2\" content=\"2 minutes\" \/>\n<script type=\"application\/ld+json\" class=\"yoast-schema-graph\">{\"@context\":\"https:\/\/schema.org\",\"@graph\":[{\"@type\":\"Article\",\"@id\":\"https:\/\/www.africa-press.net\/cotedivoire\/politique\/mama-cote-divoire-ce-que-gbagbo-a-dit-a-ses-parents-sur-bemba-taylor-goude-nady-tarfuser-bensouda#article\",\"isPartOf\":{\"@id\":\"https:\/\/www.africa-press.net\/cotedivoire\/politique\/mama-cote-divoire-ce-que-gbagbo-a-dit-a-ses-parents-sur-bemba-taylor-goude-nady-tarfuser-bensouda\"},\"author\":{\"name\":\"cfeditorfr\",\"@id\":\"https:\/\/www.africa-press.net\/cotedivoire\/#\/schema\/person\/2b1cf3cd81a31e3cd26889ca66d677f1\"},\"headline\":\"Mama\/C\u00f4te-d\u2019Ivoire: Ce que Gbagbo a dit \u00e0 ses parents sur Bemba, Taylor, Goud\u00e9, Nady, Tarfuser, Bensouda\u2026\",\"datePublished\":\"2021-06-29T14:48:58+00:00\",\"dateModified\":\"2021-06-29T19:40:54+00:00\",\"mainEntityOfPage\":{\"@id\":\"https:\/\/www.africa-press.net\/cotedivoire\/politique\/mama-cote-divoire-ce-que-gbagbo-a-dit-a-ses-parents-sur-bemba-taylor-goude-nady-tarfuser-bensouda\"},\"wordCount\":388,\"commentCount\":0,\"image\":{\"@id\":\"https:\/\/www.africa-press.net\/cotedivoire\/politique\/mama-cote-divoire-ce-que-gbagbo-a-dit-a-ses-parents-sur-bemba-taylor-goude-nady-tarfuser-bensouda#primaryimage\"},\"thumbnailUrl\":\"https:\/\/static.africa-press.net\/cote\/sites\/43\/2021\/06\/img-60db2da2b03da.jpg\",\"keywords\":[\"Africa Press\",\"Africa Press-C\u00f4te d'Ivoire\",\"C\u00d4TE D'IVOIRE\"],\"articleSection\":[\"homepage-french\",\"Politique\",\"Toutes les actualit\u00e9s\"],\"inLanguage\":\"fr-FR\",\"potentialAction\":[{\"@type\":\"CommentAction\",\"name\":\"Comment\",\"target\":[\"https:\/\/www.africa-press.net\/cotedivoire\/politique\/mama-cote-divoire-ce-que-gbagbo-a-dit-a-ses-parents-sur-bemba-taylor-goude-nady-tarfuser-bensouda#respond\"]}]},{\"@type\":\"WebPage\",\"@id\":\"https:\/\/www.africa-press.net\/cotedivoire\/politique\/mama-cote-divoire-ce-que-gbagbo-a-dit-a-ses-parents-sur-bemba-taylor-goude-nady-tarfuser-bensouda\",\"url\":\"https:\/\/www.africa-press.net\/cotedivoire\/politique\/mama-cote-divoire-ce-que-gbagbo-a-dit-a-ses-parents-sur-bemba-taylor-goude-nady-tarfuser-bensouda\",\"name\":\"Mama\/C\u00f4te-d\u2019Ivoire: Ce que Gbagbo a dit \u00e0 ses parents sur Bemba, Taylor, Goud\u00e9, Nady, Tarfuser, Bensouda\u2026 - C\u00f4te d&#039;Ivoire\",\"isPartOf\":{\"@id\":\"https:\/\/www.africa-press.net\/cotedivoire\/#website\"},\"primaryImageOfPage\":{\"@id\":\"https:\/\/www.africa-press.net\/cotedivoire\/politique\/mama-cote-divoire-ce-que-gbagbo-a-dit-a-ses-parents-sur-bemba-taylor-goude-nady-tarfuser-bensouda#primaryimage\"},\"image\":{\"@id\":\"https:\/\/www.africa-press.net\/cotedivoire\/politique\/mama-cote-divoire-ce-que-gbagbo-a-dit-a-ses-parents-sur-bemba-taylor-goude-nady-tarfuser-bensouda#primaryimage\"},\"thumbnailUrl\":\"https:\/\/static.africa-press.net\/cote\/sites\/43\/2021\/06\/img-60db2da2b03da.jpg\",\"datePublished\":\"2021-06-29T14:48:58+00:00\",\"dateModified\":\"2021-06-29T19:40:54+00:00\",\"author\":{\"@id\":\"https:\/\/www.africa-press.net\/cotedivoire\/#\/schema\/person\/2b1cf3cd81a31e3cd26889ca66d677f1\"},\"description\":\"Le pr\u00e9sident Laurent Gbagbo depuis Mama: \u00ab Je vous remercie pour tout ce que vous avez fait. On m\u2019a emmen\u00e9 l\u00e0-bas mais ...\",\"breadcrumb\":{\"@id\":\"https:\/\/www.africa-press.net\/cotedivoire\/politique\/mama-cote-divoire-ce-que-gbagbo-a-dit-a-ses-parents-sur-bemba-taylor-goude-nady-tarfuser-bensouda#breadcrumb\"},\"inLanguage\":\"fr-FR\",\"potentialAction\":[{\"@type\":\"ReadAction\",\"target\":[\"https:\/\/www.africa-press.net\/cotedivoire\/politique\/mama-cote-divoire-ce-que-gbagbo-a-dit-a-ses-parents-sur-bemba-taylor-goude-nady-tarfuser-bensouda\"]}]},{\"@type\":\"ImageObject\",\"inLanguage\":\"fr-FR\",\"@id\":\"https:\/\/www.africa-press.net\/cotedivoire\/politique\/mama-cote-divoire-ce-que-gbagbo-a-dit-a-ses-parents-sur-bemba-taylor-goude-nady-tarfuser-bensouda#primaryimage\",\"url\":\"https:\/\/static.africa-press.net\/cote\/sites\/43\/2021\/06\/img-60db2da2b03da.jpg\",\"contentUrl\":\"https:\/\/static.africa-press.net\/cote\/sites\/43\/2021\/06\/img-60db2da2b03da.jpg\",\"width\":720,\"height\":480,\"caption\":\"Mama\/C\u00f4te-d\u2019Ivoire: Ce que Gbagbo a dit \u00e0 ses parents sur Bemba, Taylor, Goud\u00e9, Nady, Tarfuser, Bensouda\u2026\"},{\"@type\":\"BreadcrumbList\",\"@id\":\"https:\/\/www.africa-press.net\/cotedivoire\/politique\/mama-cote-divoire-ce-que-gbagbo-a-dit-a-ses-parents-sur-bemba-taylor-goude-nady-tarfuser-bensouda#breadcrumb\",\"itemListElement\":[{\"@type\":\"ListItem\",\"position\":1,\"name\":\"Accueil\",\"item\":\"https:\/\/www.africa-press.net\/cotedivoire\/\"},{\"@type\":\"ListItem\",\"position\":2,\"name\":\"Mama\/C\u00f4te-d\u2019Ivoire: Ce que Gbagbo a dit \u00e0 ses parents sur Bemba, Taylor, Goud\u00e9, Nady, Tarfuser, Bensouda\u2026\"}]},{\"@type\":\"WebSite\",\"@id\":\"https:\/\/www.africa-press.net\/cotedivoire\/#website\",\"url\":\"https:\/\/www.africa-press.net\/cotedivoire\/\",\"name\":\"C\u00f4te d&#039;Ivoire\",\"description\":\"Just another Africa News Agency Sites site\",\"potentialAction\":[{\"@type\":\"SearchAction\",\"target\":{\"@type\":\"EntryPoint\",\"urlTemplate\":\"https:\/\/www.africa-press.net\/cotedivoire\/?s={search_term_string}\"},\"query-input\":{\"@type\":\"PropertyValueSpecification\",\"valueRequired\":true,\"valueName\":\"search_term_string\"}}],\"inLanguage\":\"fr-FR\"},{\"@type\":\"Person\",\"@id\":\"https:\/\/www.africa-press.net\/cotedivoire\/#\/schema\/person\/2b1cf3cd81a31e3cd26889ca66d677f1\",\"name\":\"cfeditorfr\"}]}<\/script>\n<!-- \/ Yoast SEO Premium plugin. -->","yoast_head_json":{"title":"Mama\/C\u00f4te-d\u2019Ivoire: Ce que Gbagbo a dit \u00e0 ses parents sur Bemba, Taylor, Goud\u00e9, Nady, Tarfuser, Bensouda\u2026 - C\u00f4te d&#039;Ivoire","description":"Le pr\u00e9sident Laurent Gbagbo depuis Mama: \u00ab Je vous remercie pour tout ce que vous avez fait. On m\u2019a emmen\u00e9 l\u00e0-bas mais ...","robots":{"index":"index","follow":"follow","max-snippet":"max-snippet:-1","max-image-preview":"max-image-preview:large","max-video-preview":"max-video-preview:-1"},"canonical":"https:\/\/www.africa-press.net\/cotedivoire\/politique\/mama-cote-divoire-ce-que-gbagbo-a-dit-a-ses-parents-sur-bemba-taylor-goude-nady-tarfuser-bensouda","og_locale":"fr_FR","og_type":"article","og_title":"Mama\/C\u00f4te-d\u2019Ivoire: Ce que Gbagbo a dit \u00e0 ses parents sur Bemba, Taylor, Goud\u00e9, Nady, Tarfuser, Bensouda\u2026","og_description":"Le pr\u00e9sident Laurent Gbagbo depuis Mama: \u00ab Je vous remercie pour tout ce que vous avez fait. On m\u2019a emmen\u00e9 l\u00e0-bas mais ...","og_url":"https:\/\/www.africa-press.net\/cotedivoire\/politique\/mama-cote-divoire-ce-que-gbagbo-a-dit-a-ses-parents-sur-bemba-taylor-goude-nady-tarfuser-bensouda","og_site_name":"C\u00f4te d&#039;Ivoire","article_published_time":"2021-06-29T14:48:58+00:00","article_modified_time":"2021-06-29T19:40:54+00:00","og_image":[{"width":720,"height":480,"url":"https:\/\/static.africa-press.net\/cote\/sites\/43\/2021\/06\/img-60db2da2b03da.jpg","type":"image\/jpeg"}],"author":"cfeditorfr","twitter_card":"summary_large_image","twitter_misc":{"\u00c9crit par":"cfeditorfr","Dur\u00e9e de lecture estim\u00e9e":"2 minutes"},"schema":{"@context":"https:\/\/schema.org","@graph":[{"@type":"Article","@id":"https:\/\/www.africa-press.net\/cotedivoire\/politique\/mama-cote-divoire-ce-que-gbagbo-a-dit-a-ses-parents-sur-bemba-taylor-goude-nady-tarfuser-bensouda#article","isPartOf":{"@id":"https:\/\/www.africa-press.net\/cotedivoire\/politique\/mama-cote-divoire-ce-que-gbagbo-a-dit-a-ses-parents-sur-bemba-taylor-goude-nady-tarfuser-bensouda"},"author":{"name":"cfeditorfr","@id":"https:\/\/www.africa-press.net\/cotedivoire\/#\/schema\/person\/2b1cf3cd81a31e3cd26889ca66d677f1"},"headline":"Mama\/C\u00f4te-d\u2019Ivoire: Ce que Gbagbo a dit \u00e0 ses parents sur Bemba, Taylor, Goud\u00e9, Nady, Tarfuser, Bensouda\u2026","datePublished":"2021-06-29T14:48:58+00:00","dateModified":"2021-06-29T19:40:54+00:00","mainEntityOfPage":{"@id":"https:\/\/www.africa-press.net\/cotedivoire\/politique\/mama-cote-divoire-ce-que-gbagbo-a-dit-a-ses-parents-sur-bemba-taylor-goude-nady-tarfuser-bensouda"},"wordCount":388,"commentCount":0,"image":{"@id":"https:\/\/www.africa-press.net\/cotedivoire\/politique\/mama-cote-divoire-ce-que-gbagbo-a-dit-a-ses-parents-sur-bemba-taylor-goude-nady-tarfuser-bensouda#primaryimage"},"thumbnailUrl":"https:\/\/static.africa-press.net\/cote\/sites\/43\/2021\/06\/img-60db2da2b03da.jpg","keywords":["Africa Press","Africa Press-C\u00f4te d'Ivoire","C\u00d4TE D'IVOIRE"],"articleSection":["homepage-french","Politique","Toutes les actualit\u00e9s"],"inLanguage":"fr-FR","potentialAction":[{"@type":"CommentAction","name":"Comment","target":["https:\/\/www.africa-press.net\/cotedivoire\/politique\/mama-cote-divoire-ce-que-gbagbo-a-dit-a-ses-parents-sur-bemba-taylor-goude-nady-tarfuser-bensouda#respond"]}]},{"@type":"WebPage","@id":"https:\/\/www.africa-press.net\/cotedivoire\/politique\/mama-cote-divoire-ce-que-gbagbo-a-dit-a-ses-parents-sur-bemba-taylor-goude-nady-tarfuser-bensouda","url":"https:\/\/www.africa-press.net\/cotedivoire\/politique\/mama-cote-divoire-ce-que-gbagbo-a-dit-a-ses-parents-sur-bemba-taylor-goude-nady-tarfuser-bensouda","name":"Mama\/C\u00f4te-d\u2019Ivoire: Ce que Gbagbo a dit \u00e0 ses parents sur Bemba, Taylor, Goud\u00e9, Nady, Tarfuser, Bensouda\u2026 - C\u00f4te d&#039;Ivoire","isPartOf":{"@id":"https:\/\/www.africa-press.net\/cotedivoire\/#website"},"primaryImageOfPage":{"@id":"https:\/\/www.africa-press.net\/cotedivoire\/politique\/mama-cote-divoire-ce-que-gbagbo-a-dit-a-ses-parents-sur-bemba-taylor-goude-nady-tarfuser-bensouda#primaryimage"},"image":{"@id":"https:\/\/www.africa-press.net\/cotedivoire\/politique\/mama-cote-divoire-ce-que-gbagbo-a-dit-a-ses-parents-sur-bemba-taylor-goude-nady-tarfuser-bensouda#primaryimage"},"thumbnailUrl":"https:\/\/static.africa-press.net\/cote\/sites\/43\/2021\/06\/img-60db2da2b03da.jpg","datePublished":"2021-06-29T14:48:58+00:00","dateModified":"2021-06-29T19:40:54+00:00","author":{"@id":"https:\/\/www.africa-press.net\/cotedivoire\/#\/schema\/person\/2b1cf3cd81a31e3cd26889ca66d677f1"},"description":"Le pr\u00e9sident Laurent Gbagbo depuis Mama: \u00ab Je vous remercie pour tout ce que vous avez fait. On m\u2019a emmen\u00e9 l\u00e0-bas mais ...","breadcrumb":{"@id":"https:\/\/www.africa-press.net\/cotedivoire\/politique\/mama-cote-divoire-ce-que-gbagbo-a-dit-a-ses-parents-sur-bemba-taylor-goude-nady-tarfuser-bensouda#breadcrumb"},"inLanguage":"fr-FR","potentialAction":[{"@type":"ReadAction","target":["https:\/\/www.africa-press.net\/cotedivoire\/politique\/mama-cote-divoire-ce-que-gbagbo-a-dit-a-ses-parents-sur-bemba-taylor-goude-nady-tarfuser-bensouda"]}]},{"@type":"ImageObject","inLanguage":"fr-FR","@id":"https:\/\/www.africa-press.net\/cotedivoire\/politique\/mama-cote-divoire-ce-que-gbagbo-a-dit-a-ses-parents-sur-bemba-taylor-goude-nady-tarfuser-bensouda#primaryimage","url":"https:\/\/static.africa-press.net\/cote\/sites\/43\/2021\/06\/img-60db2da2b03da.jpg","contentUrl":"https:\/\/static.africa-press.net\/cote\/sites\/43\/2021\/06\/img-60db2da2b03da.jpg","width":720,"height":480,"caption":"Mama\/C\u00f4te-d\u2019Ivoire: Ce que Gbagbo a dit \u00e0 ses parents sur Bemba, Taylor, Goud\u00e9, Nady, Tarfuser, Bensouda\u2026"},{"@type":"BreadcrumbList","@id":"https:\/\/www.africa-press.net\/cotedivoire\/politique\/mama-cote-divoire-ce-que-gbagbo-a-dit-a-ses-parents-sur-bemba-taylor-goude-nady-tarfuser-bensouda#breadcrumb","itemListElement":[{"@type":"ListItem","position":1,"name":"Accueil","item":"https:\/\/www.africa-press.net\/cotedivoire\/"},{"@type":"ListItem","position":2,"name":"Mama\/C\u00f4te-d\u2019Ivoire: Ce que Gbagbo a dit \u00e0 ses parents sur Bemba, Taylor, Goud\u00e9, Nady, Tarfuser, Bensouda\u2026"}]},{"@type":"WebSite","@id":"https:\/\/www.africa-press.net\/cotedivoire\/#website","url":"https:\/\/www.africa-press.net\/cotedivoire\/","name":"C\u00f4te d&#039;Ivoire","description":"Just another Africa News Agency Sites site","potentialAction":[{"@type":"SearchAction","target":{"@type":"EntryPoint","urlTemplate":"https:\/\/www.africa-press.net\/cotedivoire\/?s={search_term_string}"},"query-input":{"@type":"PropertyValueSpecification","valueRequired":true,"valueName":"search_term_string"}}],"inLanguage":"fr-FR"},{"@type":"Person","@id":"https:\/\/www.africa-press.net\/cotedivoire\/#\/schema\/person\/2b1cf3cd81a31e3cd26889ca66d677f1","name":"cfeditorfr"}]}},"_links":{"self":[{"href":"https:\/\/www.africa-press.net\/cotedivoire\/wp-json\/wp\/v2\/posts\/9551","targetHints":{"allow":["GET"]}}],"collection":[{"href":"https:\/\/www.africa-press.net\/cotedivoire\/wp-json\/wp\/v2\/posts"}],"about":[{"href":"https:\/\/www.africa-press.net\/cotedivoire\/wp-json\/wp\/v2\/types\/post"}],"author":[{"embeddable":true,"href":"https:\/\/www.africa-press.net\/cotedivoire\/wp-json\/wp\/v2\/users\/82"}],"replies":[{"embeddable":true,"href":"https:\/\/www.africa-press.net\/cotedivoire\/wp-json\/wp\/v2\/comments?post=9551"}],"version-history":[{"count":0,"href":"https:\/\/www.africa-press.net\/cotedivoire\/wp-json\/wp\/v2\/posts\/9551\/revisions"}],"wp:featuredmedia":[{"embeddable":true,"href":"https:\/\/www.africa-press.net\/cotedivoire\/wp-json\/wp\/v2\/media\/9550"}],"wp:attachment":[{"href":"https:\/\/www.africa-press.net\/cotedivoire\/wp-json\/wp\/v2\/media?parent=9551"}],"wp:term":[{"taxonomy":"category","embeddable":true,"href":"https:\/\/www.africa-press.net\/cotedivoire\/wp-json\/wp\/v2\/categories?post=9551"},{"taxonomy":"post_tag","embeddable":true,"href":"https:\/\/www.africa-press.net\/cotedivoire\/wp-json\/wp\/v2\/tags?post=9551"}],"curies":[{"name":"wp","href":"https:\/\/api.w.org\/{rel}","templated":true}]}}