{"id":9554,"date":"2021-06-29T14:56:45","date_gmt":"2021-06-29T14:56:45","guid":{"rendered":"https:\/\/www.africa-press.net\/cotedivoire\/?p=9554"},"modified":"2021-06-29T19:41:05","modified_gmt":"2021-06-29T19:41:05","slug":"cote-divoire-qui-est-rachid-yousry-le-nouveau-dg-de-lafargeholcim-ciment-belier","status":"publish","type":"post","link":"https:\/\/www.africa-press.net\/cotedivoire\/economie\/cote-divoire-qui-est-rachid-yousry-le-nouveau-dg-de-lafargeholcim-ciment-belier","title":{"rendered":"Qui est Rachid Yousry le nouveau Dg de LafargeHolcim (ciment B\u00e9lier)"},"content":{"rendered":"<p><span style=\"color: #ff6600\"><strong><a href=\"https:\/\/www.africa-press.net\/\">Africa-Press<\/a> &#8211; <a href=\"https:\/\/www.africa-press.net\/cotedivoire\">C\u00f4te d&rsquo;Ivoire<\/a>. <\/strong><\/span>LafargeHolcim C\u00f4te d\u2019Ivoire, leader dans l\u2019industrie des mat\u00e9riaux de construction et producteur du tr\u00e8s c\u00e9l\u00e8bre Ciment B\u00e9lier, annonce la nomination de Rachid YOUSRY au poste de Directeur G\u00e9n\u00e9ral.<\/p>\n<p>Analyste en informatique de formation et titulaire d\u2019un MBA de l\u2019\u00e9cole des Ponts Business School de Paris, Rachid YOUSRY est dot\u00e9 de plus de trente ann\u00e9es d\u2019exp\u00e9rience en Commerce et Logistique. Il a occup\u00e9 des positions majeures dans divers march\u00e9s pour des entreprises telles que Teleinfo 5, Unilever, AMS Baeshen, avant de rejoindre le Groupe LafargeHolcim en juillet 2011.<\/p>\n<p>Monsieur YOUSRY succ\u00e8de \u00e0 Xavier SAINT MARTIN TILLET, Directeur G\u00e9n\u00e9ral Afrique de l\u2019ouest qui a assur\u00e9 l\u2019int\u00e9rim de cette position depuis novembre 2020.<\/p>\n<p>\u00ab Je suis particuli\u00e8rement heureux de rejoindre l\u2019\u00e9quipe B\u00e9lier et la C\u00f4te d\u2019Ivoire. LafargeHolcim C\u00f4te d\u2019Ivoire est un pilier de l\u2019industrie de la Cimenterie dans ce pays, et compte bien le demeurer \u00bb, nous dit monsieur YOUSRY.<\/p>\n<p>\u00ab L\u2019expertise et l\u2019exp\u00e9rience de Rachid seront sans aucun doute de pr\u00e9cieux atouts pour relever les d\u00e9fis de notre secteur d\u2019activit\u00e9 \u00bb, se r\u00e9jouit monsieur SAINT MARTIN TILLET.<\/p>\n<p>A propos de LafargeHolcim C\u00f4te d\u2019Ivoire :<\/p>\n<p>LafargeHolcim C\u00f4te d\u2019Ivoire est une filiale du groupe Holcim, leader mondial de la construction durable. Elle propose une large gamme de produits \u00e0 valeur ajout\u00e9e, de services innovants et de solutions de construction compl\u00e8tes. Avec une capacit\u00e9 de production annuelle de 2.5 millions de tonnes par an, LafargeHolcim C\u00f4te d\u2019Ivoire assure la distribution du Ciment B\u00e9lier en C\u00f4te d\u2019Ivoire et dans la sous-r\u00e9gion ouest africaine.<\/p>\n<p>Avec plus de 270 points de vente, LafargeHolcim C\u00f4te d\u2019Ivoire assure la distribution du ciment B\u00e9lier \u00e0 travers son r\u00e9seau de franchises Binastore. L\u2019entreprise dispose \u00e9galement d\u2019un service d\u2019assistance client et de contr\u00f4le qualit\u00e9 avec son Laboratoire Mobile des Applications Ciment.<\/p>\n<p>&nbsp;<\/p>\n","protected":false},"excerpt":{"rendered":"<p>Africa-Press &#8211; C\u00f4te d&rsquo;Ivoire. LafargeHolcim C\u00f4te d\u2019Ivoire, leader dans l\u2019industrie des mat\u00e9riaux de construction et producteur du tr\u00e8s c\u00e9l\u00e8bre Ciment B\u00e9lier, annonce la nomination de Rachid YOUSRY au poste de Directeur G\u00e9n\u00e9ral. Analyste en informatique de formation et titulaire d\u2019un MBA de l\u2019\u00e9cole des Ponts Business School de Paris, Rachid YOUSRY est dot\u00e9 de plus [&hellip;]<\/p>\n","protected":false},"author":82,"featured_media":9553,"comment_status":"open","ping_status":"closed","sticky":false,"template":"","format":"standard","meta":{"footnotes":""},"categories":[3,11,10],"tags":[56,63,29],"class_list":["post-9554","post","type-post","status-publish","format-standard","has-post-thumbnail","hentry","category-economie","category-homepage-french","category-toutes-les-actualites","tag-africa-press","tag-africa-press-cote-divoire","tag-cote-divoire"],"yoast_head":"<!-- This site is optimized with the Yoast SEO Premium plugin v26.1 (Yoast SEO v27.0) - https:\/\/yoast.com\/product\/yoast-seo-premium-wordpress\/ -->\n<title>Qui est Rachid Yousry le nouveau Dg de LafargeHolcim (ciment B\u00e9lier) - C\u00f4te d&#039;Ivoire<\/title>\n<meta name=\"description\" content=\"LafargeHolcim C\u00f4te d\u2019Ivoire, leader dans l\u2019industrie des mat\u00e9riaux de construction et producteur du tr\u00e8s c\u00e9l\u00e8bre Ciment ...\" \/>\n<meta name=\"robots\" content=\"index, follow, max-snippet:-1, max-image-preview:large, max-video-preview:-1\" \/>\n<link rel=\"canonical\" href=\"https:\/\/www.africa-press.net\/cotedivoire\/economie\/cote-divoire-qui-est-rachid-yousry-le-nouveau-dg-de-lafargeholcim-ciment-belier\" \/>\n<meta property=\"og:locale\" content=\"fr_FR\" \/>\n<meta property=\"og:type\" content=\"article\" \/>\n<meta property=\"og:title\" content=\"Qui est Rachid Yousry le nouveau Dg de LafargeHolcim (ciment B\u00e9lier)\" \/>\n<meta property=\"og:description\" content=\"LafargeHolcim C\u00f4te d\u2019Ivoire, leader dans l\u2019industrie des mat\u00e9riaux de construction et producteur du tr\u00e8s c\u00e9l\u00e8bre Ciment ...\" \/>\n<meta property=\"og:url\" content=\"https:\/\/www.africa-press.net\/cotedivoire\/economie\/cote-divoire-qui-est-rachid-yousry-le-nouveau-dg-de-lafargeholcim-ciment-belier\" \/>\n<meta property=\"og:site_name\" content=\"C\u00f4te d&#039;Ivoire\" \/>\n<meta property=\"article:published_time\" content=\"2021-06-29T14:56:45+00:00\" \/>\n<meta property=\"article:modified_time\" content=\"2021-06-29T19:41:05+00:00\" \/>\n<meta property=\"og:image\" content=\"https:\/\/static.africa-press.net\/cote\/sites\/43\/2021\/06\/img-60db2dd2e2893.jpg\" \/>\n\t<meta property=\"og:image:width\" content=\"720\" \/>\n\t<meta property=\"og:image:height\" content=\"563\" \/>\n\t<meta property=\"og:image:type\" content=\"image\/jpeg\" \/>\n<meta name=\"author\" content=\"cfeditorfr\" \/>\n<meta name=\"twitter:card\" content=\"summary_large_image\" \/>\n<meta name=\"twitter:label1\" content=\"\u00c9crit par\" \/>\n\t<meta name=\"twitter:data1\" content=\"cfeditorfr\" \/>\n\t<meta name=\"twitter:label2\" content=\"Dur\u00e9e de lecture estim\u00e9e\" \/>\n\t<meta name=\"twitter:data2\" content=\"2 minutes\" \/>\n<script type=\"application\/ld+json\" class=\"yoast-schema-graph\">{\"@context\":\"https:\/\/schema.org\",\"@graph\":[{\"@type\":\"Article\",\"@id\":\"https:\/\/www.africa-press.net\/cotedivoire\/economie\/cote-divoire-qui-est-rachid-yousry-le-nouveau-dg-de-lafargeholcim-ciment-belier#article\",\"isPartOf\":{\"@id\":\"https:\/\/www.africa-press.net\/cotedivoire\/economie\/cote-divoire-qui-est-rachid-yousry-le-nouveau-dg-de-lafargeholcim-ciment-belier\"},\"author\":{\"name\":\"cfeditorfr\",\"@id\":\"https:\/\/www.africa-press.net\/cotedivoire\/#\/schema\/person\/2b1cf3cd81a31e3cd26889ca66d677f1\"},\"headline\":\"Qui est Rachid Yousry le nouveau Dg de LafargeHolcim (ciment B\u00e9lier)\",\"datePublished\":\"2021-06-29T14:56:45+00:00\",\"dateModified\":\"2021-06-29T19:41:05+00:00\",\"mainEntityOfPage\":{\"@id\":\"https:\/\/www.africa-press.net\/cotedivoire\/economie\/cote-divoire-qui-est-rachid-yousry-le-nouveau-dg-de-lafargeholcim-ciment-belier\"},\"wordCount\":351,\"commentCount\":0,\"image\":{\"@id\":\"https:\/\/www.africa-press.net\/cotedivoire\/economie\/cote-divoire-qui-est-rachid-yousry-le-nouveau-dg-de-lafargeholcim-ciment-belier#primaryimage\"},\"thumbnailUrl\":\"https:\/\/static.africa-press.net\/cote\/sites\/43\/2021\/06\/img-60db2dd2e2893.jpg\",\"keywords\":[\"Africa Press\",\"Africa Press-C\u00f4te d'Ivoire\",\"C\u00d4TE D'IVOIRE\"],\"articleSection\":[\"\u00c9conomie\",\"homepage-french\",\"Toutes les actualit\u00e9s\"],\"inLanguage\":\"fr-FR\",\"potentialAction\":[{\"@type\":\"CommentAction\",\"name\":\"Comment\",\"target\":[\"https:\/\/www.africa-press.net\/cotedivoire\/economie\/cote-divoire-qui-est-rachid-yousry-le-nouveau-dg-de-lafargeholcim-ciment-belier#respond\"]}]},{\"@type\":\"WebPage\",\"@id\":\"https:\/\/www.africa-press.net\/cotedivoire\/economie\/cote-divoire-qui-est-rachid-yousry-le-nouveau-dg-de-lafargeholcim-ciment-belier\",\"url\":\"https:\/\/www.africa-press.net\/cotedivoire\/economie\/cote-divoire-qui-est-rachid-yousry-le-nouveau-dg-de-lafargeholcim-ciment-belier\",\"name\":\"Qui est Rachid Yousry le nouveau Dg de LafargeHolcim (ciment B\u00e9lier) - C\u00f4te d&#039;Ivoire\",\"isPartOf\":{\"@id\":\"https:\/\/www.africa-press.net\/cotedivoire\/#website\"},\"primaryImageOfPage\":{\"@id\":\"https:\/\/www.africa-press.net\/cotedivoire\/economie\/cote-divoire-qui-est-rachid-yousry-le-nouveau-dg-de-lafargeholcim-ciment-belier#primaryimage\"},\"image\":{\"@id\":\"https:\/\/www.africa-press.net\/cotedivoire\/economie\/cote-divoire-qui-est-rachid-yousry-le-nouveau-dg-de-lafargeholcim-ciment-belier#primaryimage\"},\"thumbnailUrl\":\"https:\/\/static.africa-press.net\/cote\/sites\/43\/2021\/06\/img-60db2dd2e2893.jpg\",\"datePublished\":\"2021-06-29T14:56:45+00:00\",\"dateModified\":\"2021-06-29T19:41:05+00:00\",\"author\":{\"@id\":\"https:\/\/www.africa-press.net\/cotedivoire\/#\/schema\/person\/2b1cf3cd81a31e3cd26889ca66d677f1\"},\"description\":\"LafargeHolcim C\u00f4te d\u2019Ivoire, leader dans l\u2019industrie des mat\u00e9riaux de construction et producteur du tr\u00e8s c\u00e9l\u00e8bre Ciment ...\",\"breadcrumb\":{\"@id\":\"https:\/\/www.africa-press.net\/cotedivoire\/economie\/cote-divoire-qui-est-rachid-yousry-le-nouveau-dg-de-lafargeholcim-ciment-belier#breadcrumb\"},\"inLanguage\":\"fr-FR\",\"potentialAction\":[{\"@type\":\"ReadAction\",\"target\":[\"https:\/\/www.africa-press.net\/cotedivoire\/economie\/cote-divoire-qui-est-rachid-yousry-le-nouveau-dg-de-lafargeholcim-ciment-belier\"]}]},{\"@type\":\"ImageObject\",\"inLanguage\":\"fr-FR\",\"@id\":\"https:\/\/www.africa-press.net\/cotedivoire\/economie\/cote-divoire-qui-est-rachid-yousry-le-nouveau-dg-de-lafargeholcim-ciment-belier#primaryimage\",\"url\":\"https:\/\/static.africa-press.net\/cote\/sites\/43\/2021\/06\/img-60db2dd2e2893.jpg\",\"contentUrl\":\"https:\/\/static.africa-press.net\/cote\/sites\/43\/2021\/06\/img-60db2dd2e2893.jpg\",\"width\":720,\"height\":563,\"caption\":\"C\u00f4te-d\u2019Ivoire: Qui est Rachid Yousry le nouveau Dg de LafargeHolcim (ciment B\u00e9lier)\"},{\"@type\":\"BreadcrumbList\",\"@id\":\"https:\/\/www.africa-press.net\/cotedivoire\/economie\/cote-divoire-qui-est-rachid-yousry-le-nouveau-dg-de-lafargeholcim-ciment-belier#breadcrumb\",\"itemListElement\":[{\"@type\":\"ListItem\",\"position\":1,\"name\":\"Accueil\",\"item\":\"https:\/\/www.africa-press.net\/cotedivoire\/\"},{\"@type\":\"ListItem\",\"position\":2,\"name\":\"Qui est Rachid Yousry le nouveau Dg de LafargeHolcim (ciment B\u00e9lier)\"}]},{\"@type\":\"WebSite\",\"@id\":\"https:\/\/www.africa-press.net\/cotedivoire\/#website\",\"url\":\"https:\/\/www.africa-press.net\/cotedivoire\/\",\"name\":\"C\u00f4te d&#039;Ivoire\",\"description\":\"Just another Africa News Agency Sites site\",\"potentialAction\":[{\"@type\":\"SearchAction\",\"target\":{\"@type\":\"EntryPoint\",\"urlTemplate\":\"https:\/\/www.africa-press.net\/cotedivoire\/?s={search_term_string}\"},\"query-input\":{\"@type\":\"PropertyValueSpecification\",\"valueRequired\":true,\"valueName\":\"search_term_string\"}}],\"inLanguage\":\"fr-FR\"},{\"@type\":\"Person\",\"@id\":\"https:\/\/www.africa-press.net\/cotedivoire\/#\/schema\/person\/2b1cf3cd81a31e3cd26889ca66d677f1\",\"name\":\"cfeditorfr\"}]}<\/script>\n<!-- \/ Yoast SEO Premium plugin. -->","yoast_head_json":{"title":"Qui est Rachid Yousry le nouveau Dg de LafargeHolcim (ciment B\u00e9lier) - C\u00f4te d&#039;Ivoire","description":"LafargeHolcim C\u00f4te d\u2019Ivoire, leader dans l\u2019industrie des mat\u00e9riaux de construction et producteur du tr\u00e8s c\u00e9l\u00e8bre Ciment ...","robots":{"index":"index","follow":"follow","max-snippet":"max-snippet:-1","max-image-preview":"max-image-preview:large","max-video-preview":"max-video-preview:-1"},"canonical":"https:\/\/www.africa-press.net\/cotedivoire\/economie\/cote-divoire-qui-est-rachid-yousry-le-nouveau-dg-de-lafargeholcim-ciment-belier","og_locale":"fr_FR","og_type":"article","og_title":"Qui est Rachid Yousry le nouveau Dg de LafargeHolcim (ciment B\u00e9lier)","og_description":"LafargeHolcim C\u00f4te d\u2019Ivoire, leader dans l\u2019industrie des mat\u00e9riaux de construction et producteur du tr\u00e8s c\u00e9l\u00e8bre Ciment ...","og_url":"https:\/\/www.africa-press.net\/cotedivoire\/economie\/cote-divoire-qui-est-rachid-yousry-le-nouveau-dg-de-lafargeholcim-ciment-belier","og_site_name":"C\u00f4te d&#039;Ivoire","article_published_time":"2021-06-29T14:56:45+00:00","article_modified_time":"2021-06-29T19:41:05+00:00","og_image":[{"width":720,"height":563,"url":"https:\/\/static.africa-press.net\/cote\/sites\/43\/2021\/06\/img-60db2dd2e2893.jpg","type":"image\/jpeg"}],"author":"cfeditorfr","twitter_card":"summary_large_image","twitter_misc":{"\u00c9crit par":"cfeditorfr","Dur\u00e9e de lecture estim\u00e9e":"2 minutes"},"schema":{"@context":"https:\/\/schema.org","@graph":[{"@type":"Article","@id":"https:\/\/www.africa-press.net\/cotedivoire\/economie\/cote-divoire-qui-est-rachid-yousry-le-nouveau-dg-de-lafargeholcim-ciment-belier#article","isPartOf":{"@id":"https:\/\/www.africa-press.net\/cotedivoire\/economie\/cote-divoire-qui-est-rachid-yousry-le-nouveau-dg-de-lafargeholcim-ciment-belier"},"author":{"name":"cfeditorfr","@id":"https:\/\/www.africa-press.net\/cotedivoire\/#\/schema\/person\/2b1cf3cd81a31e3cd26889ca66d677f1"},"headline":"Qui est Rachid Yousry le nouveau Dg de LafargeHolcim (ciment B\u00e9lier)","datePublished":"2021-06-29T14:56:45+00:00","dateModified":"2021-06-29T19:41:05+00:00","mainEntityOfPage":{"@id":"https:\/\/www.africa-press.net\/cotedivoire\/economie\/cote-divoire-qui-est-rachid-yousry-le-nouveau-dg-de-lafargeholcim-ciment-belier"},"wordCount":351,"commentCount":0,"image":{"@id":"https:\/\/www.africa-press.net\/cotedivoire\/economie\/cote-divoire-qui-est-rachid-yousry-le-nouveau-dg-de-lafargeholcim-ciment-belier#primaryimage"},"thumbnailUrl":"https:\/\/static.africa-press.net\/cote\/sites\/43\/2021\/06\/img-60db2dd2e2893.jpg","keywords":["Africa Press","Africa Press-C\u00f4te d'Ivoire","C\u00d4TE D'IVOIRE"],"articleSection":["\u00c9conomie","homepage-french","Toutes les actualit\u00e9s"],"inLanguage":"fr-FR","potentialAction":[{"@type":"CommentAction","name":"Comment","target":["https:\/\/www.africa-press.net\/cotedivoire\/economie\/cote-divoire-qui-est-rachid-yousry-le-nouveau-dg-de-lafargeholcim-ciment-belier#respond"]}]},{"@type":"WebPage","@id":"https:\/\/www.africa-press.net\/cotedivoire\/economie\/cote-divoire-qui-est-rachid-yousry-le-nouveau-dg-de-lafargeholcim-ciment-belier","url":"https:\/\/www.africa-press.net\/cotedivoire\/economie\/cote-divoire-qui-est-rachid-yousry-le-nouveau-dg-de-lafargeholcim-ciment-belier","name":"Qui est Rachid Yousry le nouveau Dg de LafargeHolcim (ciment B\u00e9lier) - C\u00f4te d&#039;Ivoire","isPartOf":{"@id":"https:\/\/www.africa-press.net\/cotedivoire\/#website"},"primaryImageOfPage":{"@id":"https:\/\/www.africa-press.net\/cotedivoire\/economie\/cote-divoire-qui-est-rachid-yousry-le-nouveau-dg-de-lafargeholcim-ciment-belier#primaryimage"},"image":{"@id":"https:\/\/www.africa-press.net\/cotedivoire\/economie\/cote-divoire-qui-est-rachid-yousry-le-nouveau-dg-de-lafargeholcim-ciment-belier#primaryimage"},"thumbnailUrl":"https:\/\/static.africa-press.net\/cote\/sites\/43\/2021\/06\/img-60db2dd2e2893.jpg","datePublished":"2021-06-29T14:56:45+00:00","dateModified":"2021-06-29T19:41:05+00:00","author":{"@id":"https:\/\/www.africa-press.net\/cotedivoire\/#\/schema\/person\/2b1cf3cd81a31e3cd26889ca66d677f1"},"description":"LafargeHolcim C\u00f4te d\u2019Ivoire, leader dans l\u2019industrie des mat\u00e9riaux de construction et producteur du tr\u00e8s c\u00e9l\u00e8bre Ciment ...","breadcrumb":{"@id":"https:\/\/www.africa-press.net\/cotedivoire\/economie\/cote-divoire-qui-est-rachid-yousry-le-nouveau-dg-de-lafargeholcim-ciment-belier#breadcrumb"},"inLanguage":"fr-FR","potentialAction":[{"@type":"ReadAction","target":["https:\/\/www.africa-press.net\/cotedivoire\/economie\/cote-divoire-qui-est-rachid-yousry-le-nouveau-dg-de-lafargeholcim-ciment-belier"]}]},{"@type":"ImageObject","inLanguage":"fr-FR","@id":"https:\/\/www.africa-press.net\/cotedivoire\/economie\/cote-divoire-qui-est-rachid-yousry-le-nouveau-dg-de-lafargeholcim-ciment-belier#primaryimage","url":"https:\/\/static.africa-press.net\/cote\/sites\/43\/2021\/06\/img-60db2dd2e2893.jpg","contentUrl":"https:\/\/static.africa-press.net\/cote\/sites\/43\/2021\/06\/img-60db2dd2e2893.jpg","width":720,"height":563,"caption":"C\u00f4te-d\u2019Ivoire: Qui est Rachid Yousry le nouveau Dg de LafargeHolcim (ciment B\u00e9lier)"},{"@type":"BreadcrumbList","@id":"https:\/\/www.africa-press.net\/cotedivoire\/economie\/cote-divoire-qui-est-rachid-yousry-le-nouveau-dg-de-lafargeholcim-ciment-belier#breadcrumb","itemListElement":[{"@type":"ListItem","position":1,"name":"Accueil","item":"https:\/\/www.africa-press.net\/cotedivoire\/"},{"@type":"ListItem","position":2,"name":"Qui est Rachid Yousry le nouveau Dg de LafargeHolcim (ciment B\u00e9lier)"}]},{"@type":"WebSite","@id":"https:\/\/www.africa-press.net\/cotedivoire\/#website","url":"https:\/\/www.africa-press.net\/cotedivoire\/","name":"C\u00f4te d&#039;Ivoire","description":"Just another Africa News Agency Sites site","potentialAction":[{"@type":"SearchAction","target":{"@type":"EntryPoint","urlTemplate":"https:\/\/www.africa-press.net\/cotedivoire\/?s={search_term_string}"},"query-input":{"@type":"PropertyValueSpecification","valueRequired":true,"valueName":"search_term_string"}}],"inLanguage":"fr-FR"},{"@type":"Person","@id":"https:\/\/www.africa-press.net\/cotedivoire\/#\/schema\/person\/2b1cf3cd81a31e3cd26889ca66d677f1","name":"cfeditorfr"}]}},"_links":{"self":[{"href":"https:\/\/www.africa-press.net\/cotedivoire\/wp-json\/wp\/v2\/posts\/9554","targetHints":{"allow":["GET"]}}],"collection":[{"href":"https:\/\/www.africa-press.net\/cotedivoire\/wp-json\/wp\/v2\/posts"}],"about":[{"href":"https:\/\/www.africa-press.net\/cotedivoire\/wp-json\/wp\/v2\/types\/post"}],"author":[{"embeddable":true,"href":"https:\/\/www.africa-press.net\/cotedivoire\/wp-json\/wp\/v2\/users\/82"}],"replies":[{"embeddable":true,"href":"https:\/\/www.africa-press.net\/cotedivoire\/wp-json\/wp\/v2\/comments?post=9554"}],"version-history":[{"count":0,"href":"https:\/\/www.africa-press.net\/cotedivoire\/wp-json\/wp\/v2\/posts\/9554\/revisions"}],"wp:featuredmedia":[{"embeddable":true,"href":"https:\/\/www.africa-press.net\/cotedivoire\/wp-json\/wp\/v2\/media\/9553"}],"wp:attachment":[{"href":"https:\/\/www.africa-press.net\/cotedivoire\/wp-json\/wp\/v2\/media?parent=9554"}],"wp:term":[{"taxonomy":"category","embeddable":true,"href":"https:\/\/www.africa-press.net\/cotedivoire\/wp-json\/wp\/v2\/categories?post=9554"},{"taxonomy":"post_tag","embeddable":true,"href":"https:\/\/www.africa-press.net\/cotedivoire\/wp-json\/wp\/v2\/tags?post=9554"}],"curies":[{"name":"wp","href":"https:\/\/api.w.org\/{rel}","templated":true}]}}