{"id":95583,"date":"2025-02-24T16:02:39","date_gmt":"2025-02-24T16:02:39","guid":{"rendered":"https:\/\/www.africa-press.net\/cotedivoire\/politique\/gbagbo-rend-hommage-a-la-memoire-de-gnala-martine-et-exprime-ses-condoleances-a-sa-famille"},"modified":"2025-04-21T15:03:48","modified_gmt":"2025-04-21T15:03:48","slug":"gbagbo-rend-hommage-a-la-memoire-de-gnala-martine-et-exprime-ses-condoleances-a-sa-famille","status":"publish","type":"post","link":"https:\/\/www.africa-press.net\/cotedivoire\/politique\/gbagbo-rend-hommage-a-la-memoire-de-gnala-martine-et-exprime-ses-condoleances-a-sa-famille","title":{"rendered":"Gbagbo rend hommage \u00e0 la m\u00e9moire de Gnala Martine et exprime ses condol\u00e9ances \u00e0 sa famille"},"content":{"rendered":"<p><span style=\"color: #ff6600\"><strong>Africa-Press &#8211; C\u00f4te d&rsquo;Ivoire. <\/strong><\/span>Le samedi 22 fe\u0301vrier 2025, une de\u0301le\u0301gation du Parti des Peuples Africains-Co\u0302te d&rsquo;Ivoire (PPA-CI), conduite par le professeur Georges-Armand Ouegnin, vice-pre\u0301sident de l&rsquo;Assemble\u0301e Nationale et vice-pre\u0301sident Exe\u0301cutif du parti, s&rsquo;est rendue au domicile de la de\u0301funte Guidy Martine, e\u0301pouse Gnala, pour pre\u0301senter les condole\u0301ances du parti et de son pre\u0301sident, SEM Laurent Gbagbo, a\u0300 la famille endeuille\u0301e. Cette visite s&rsquo;inscrit dans le cadre d&rsquo;un hommage solennel rendu a\u0300 une militante de\u0301voue\u0301e et engage\u0301e, dont l&rsquo;action a marque\u0301 le combat politique du PPA-CI.<\/p>\n<p>La de\u0301funte Gnala Martine, connue pour son engagement constant et son dynamisme au sein de la fe\u0301de\u0301ration de Cocody et dans la re\u0301gion du Cavally, a laisse\u0301 un vide profond au sein de sa famille et de la communaute\u0301 militante. Le Pre\u0301sident Laurent Gbagbo, touche\u0301 par cette perte, a tenu a\u0300 exprimer sa compassion et son soutien a\u0300 la famille e\u0301plore\u0301e. Pour ce faire, il a mandate\u0301 le professeur Ouegnin, accompagne\u0301 d&rsquo;une de\u0301le\u0301gation compose\u0301e de plusieurs figures importantes du parti, pour repre\u0301senter sa personne et transmettre ses condole\u0301ances.<\/p>\n<p>Parmi les membres de la de\u0301le\u0301gation figuraient les Secre\u0301taires Ge\u0301ne\u0301raux Adjoints Harding Samuel, M&rsquo;Ponon E\u0301tienne, Kore\u0301 Antoine et Crizoa Anangaman, la Secre\u0301taire Nationale Technique Ire\u0301ne\u0301e Casaneli, le Secre\u0301taire Ge\u0301ne\u0301ral de la fe\u0301de\u0301ration de Cocody Gakpa Carlos, le directeur de cabinet du professeur Ouegnin Foba Antoine, ainsi que la responsable de la ligue des femmes du de\u0301partement de Grand-Bassam Akre\u0301 Sonia. Cette pre\u0301sence collective te\u0301moigne de l&rsquo;importance accorde\u0301e a\u0300 la me\u0301moire de Gnala Martine et a\u0300 son ro\u0302le au sein du parti.<\/p>\n<p>Avant de se rendre au domicile de la famille Gnala, la de\u0301le\u0301gation a fait une halte au domicile du Coordinateur PPA-CI du Sud-Comoe\u0301, le camarade Aman Kadjo, pour lui pre\u0301senter les condole\u0301ances du parti et de son pre\u0301sident suite au de\u0301ce\u0300s de sa me\u0300re survenu le 25 janvier 2025. Ce geste illustre la solidarite\u0301 et l&rsquo;attention porte\u0301e par le PPA-CI a\u0300 ses membres en pe\u0301riode de deuil.<\/p>\n<p>A\u0300 travers ces de\u0301marches, le PPA-CI et son pre\u0301sident, Laurent Gbagbo, re\u0301affirment leur attachement aux valeurs de solidarite\u0301 et de reconnaissance envers ceux qui ont consacre\u0301 leur vie a\u0300 la lutte politique. La me\u0301moire de Gnala Martine, tout comme celle de la me\u0300re du camarade Aman Kadjo, restera grave\u0301e dans les c\u0153urs des militants et des proches, te\u0301moignant de l&rsquo;impact de leur engagement et de leur de\u0301vouement.<\/p>\n<p><strong>Pour plus d&rsquo;informations et d&rsquo;analyses sur la <span style=\"color: #ff6600\">C\u00f4te d&rsquo;Ivoire<\/span>, suivez <span style=\"color: #ff6600\">Africa-Press<\/span><\/strong><\/p>\n","protected":false},"excerpt":{"rendered":"<p>Africa-Press &#8211; C\u00f4te d&rsquo;Ivoire. Le samedi 22 fe\u0301vrier 2025, une de\u0301le\u0301gation du Parti des Peuples Africains-Co\u0302te d&rsquo;Ivoire (PPA-CI), conduite par le professeur Georges-Armand Ouegnin, vice-pre\u0301sident de l&rsquo;Assemble\u0301e Nationale et vice-pre\u0301sident Exe\u0301cutif du parti, s&rsquo;est rendue au domicile de la de\u0301funte Guidy Martine, e\u0301pouse Gnala, pour pre\u0301senter les condole\u0301ances du parti et de son pre\u0301sident, SEM [&hellip;]<\/p>\n","protected":false},"author":82,"featured_media":95582,"comment_status":"open","ping_status":"closed","sticky":false,"template":"","format":"standard","meta":{"footnotes":""},"categories":[2,10],"tags":[29,320,1119,1952],"class_list":["post-95583","post","type-post","status-publish","format-standard","has-post-thumbnail","hentry","category-politique","category-toutes-les-actualites","tag-cote-divoire","tag-gbagbo","tag-ouegnin","tag-ppa-ci"],"yoast_head":"<!-- This site is optimized with the Yoast SEO Premium plugin v26.1 (Yoast SEO v27.0) - https:\/\/yoast.com\/product\/yoast-seo-premium-wordpress\/ -->\n<title>Gbagbo rend hommage \u00e0 la m\u00e9moire de Gnala Martine et exprime ses condol\u00e9ances \u00e0 sa famille - C\u00f4te d&#039;Ivoire<\/title>\n<meta name=\"description\" content=\"Le samedi 22 fe\u0301vrier 2025, une de\u0301le\u0301gation du Parti des Peuples Africains-Co\u0302te d&#039;Ivoire (PPA-CI), conduite par le pro ...\" \/>\n<meta name=\"robots\" content=\"index, follow, max-snippet:-1, max-image-preview:large, max-video-preview:-1\" \/>\n<link rel=\"canonical\" href=\"https:\/\/www.africa-press.net\/cotedivoire\/politique\/gbagbo-rend-hommage-a-la-memoire-de-gnala-martine-et-exprime-ses-condoleances-a-sa-famille\" \/>\n<meta property=\"og:locale\" content=\"fr_FR\" \/>\n<meta property=\"og:type\" content=\"article\" \/>\n<meta property=\"og:title\" content=\"Gbagbo rend hommage \u00e0 la m\u00e9moire de Gnala Martine et exprime ses condol\u00e9ances \u00e0 sa famille\" \/>\n<meta property=\"og:description\" content=\"Le samedi 22 fe\u0301vrier 2025, une de\u0301le\u0301gation du Parti des Peuples Africains-Co\u0302te d&#039;Ivoire (PPA-CI), conduite par le pro ...\" \/>\n<meta property=\"og:url\" content=\"https:\/\/www.africa-press.net\/cotedivoire\/politique\/gbagbo-rend-hommage-a-la-memoire-de-gnala-martine-et-exprime-ses-condoleances-a-sa-famille\" \/>\n<meta property=\"og:site_name\" content=\"C\u00f4te d&#039;Ivoire\" \/>\n<meta property=\"article:published_time\" content=\"2025-02-24T16:02:39+00:00\" \/>\n<meta property=\"article:modified_time\" content=\"2025-04-21T15:03:48+00:00\" \/>\n<meta property=\"og:image\" content=\"https:\/\/static.africa-press.net\/cote\/sites\/43\/2025\/02\/sm_1740400635.704843.jpg\" \/>\n\t<meta property=\"og:image:width\" content=\"720\" \/>\n\t<meta property=\"og:image:height\" content=\"505\" \/>\n\t<meta property=\"og:image:type\" content=\"image\/jpeg\" \/>\n<meta name=\"author\" content=\"cfeditorfr\" \/>\n<meta name=\"twitter:card\" content=\"summary_large_image\" \/>\n<meta name=\"twitter:label1\" content=\"\u00c9crit par\" \/>\n\t<meta name=\"twitter:data1\" content=\"cfeditorfr\" \/>\n\t<meta name=\"twitter:label2\" content=\"Dur\u00e9e de lecture estim\u00e9e\" \/>\n\t<meta name=\"twitter:data2\" content=\"3 minutes\" \/>\n<script type=\"application\/ld+json\" class=\"yoast-schema-graph\">{\"@context\":\"https:\/\/schema.org\",\"@graph\":[{\"@type\":\"Article\",\"@id\":\"https:\/\/www.africa-press.net\/cotedivoire\/politique\/gbagbo-rend-hommage-a-la-memoire-de-gnala-martine-et-exprime-ses-condoleances-a-sa-famille#article\",\"isPartOf\":{\"@id\":\"https:\/\/www.africa-press.net\/cotedivoire\/politique\/gbagbo-rend-hommage-a-la-memoire-de-gnala-martine-et-exprime-ses-condoleances-a-sa-famille\"},\"author\":{\"name\":\"cfeditorfr\",\"@id\":\"https:\/\/www.africa-press.net\/cotedivoire\/#\/schema\/person\/2b1cf3cd81a31e3cd26889ca66d677f1\"},\"headline\":\"Gbagbo rend hommage \u00e0 la m\u00e9moire de Gnala Martine et exprime ses condol\u00e9ances \u00e0 sa famille\",\"datePublished\":\"2025-02-24T16:02:39+00:00\",\"dateModified\":\"2025-04-21T15:03:48+00:00\",\"mainEntityOfPage\":{\"@id\":\"https:\/\/www.africa-press.net\/cotedivoire\/politique\/gbagbo-rend-hommage-a-la-memoire-de-gnala-martine-et-exprime-ses-condoleances-a-sa-famille\"},\"wordCount\":497,\"commentCount\":0,\"image\":{\"@id\":\"https:\/\/www.africa-press.net\/cotedivoire\/politique\/gbagbo-rend-hommage-a-la-memoire-de-gnala-martine-et-exprime-ses-condoleances-a-sa-famille#primaryimage\"},\"thumbnailUrl\":\"https:\/\/static.africa-press.net\/cote\/sites\/43\/2025\/02\/sm_1740400635.704843.jpg\",\"keywords\":[\"C\u00d4TE D'IVOIRE\",\"Gbagbo\",\"Ou\u00e9gnin\",\"PPA-CI\"],\"articleSection\":[\"Politique\",\"Toutes les actualit\u00e9s\"],\"inLanguage\":\"fr-FR\",\"potentialAction\":[{\"@type\":\"CommentAction\",\"name\":\"Comment\",\"target\":[\"https:\/\/www.africa-press.net\/cotedivoire\/politique\/gbagbo-rend-hommage-a-la-memoire-de-gnala-martine-et-exprime-ses-condoleances-a-sa-famille#respond\"]}]},{\"@type\":\"WebPage\",\"@id\":\"https:\/\/www.africa-press.net\/cotedivoire\/politique\/gbagbo-rend-hommage-a-la-memoire-de-gnala-martine-et-exprime-ses-condoleances-a-sa-famille\",\"url\":\"https:\/\/www.africa-press.net\/cotedivoire\/politique\/gbagbo-rend-hommage-a-la-memoire-de-gnala-martine-et-exprime-ses-condoleances-a-sa-famille\",\"name\":\"Gbagbo rend hommage \u00e0 la m\u00e9moire de Gnala Martine et exprime ses condol\u00e9ances \u00e0 sa famille - C\u00f4te d&#039;Ivoire\",\"isPartOf\":{\"@id\":\"https:\/\/www.africa-press.net\/cotedivoire\/#website\"},\"primaryImageOfPage\":{\"@id\":\"https:\/\/www.africa-press.net\/cotedivoire\/politique\/gbagbo-rend-hommage-a-la-memoire-de-gnala-martine-et-exprime-ses-condoleances-a-sa-famille#primaryimage\"},\"image\":{\"@id\":\"https:\/\/www.africa-press.net\/cotedivoire\/politique\/gbagbo-rend-hommage-a-la-memoire-de-gnala-martine-et-exprime-ses-condoleances-a-sa-famille#primaryimage\"},\"thumbnailUrl\":\"https:\/\/static.africa-press.net\/cote\/sites\/43\/2025\/02\/sm_1740400635.704843.jpg\",\"datePublished\":\"2025-02-24T16:02:39+00:00\",\"dateModified\":\"2025-04-21T15:03:48+00:00\",\"author\":{\"@id\":\"https:\/\/www.africa-press.net\/cotedivoire\/#\/schema\/person\/2b1cf3cd81a31e3cd26889ca66d677f1\"},\"description\":\"Le samedi 22 fe\u0301vrier 2025, une de\u0301le\u0301gation du Parti des Peuples Africains-Co\u0302te d'Ivoire (PPA-CI), conduite par le pro ...\",\"breadcrumb\":{\"@id\":\"https:\/\/www.africa-press.net\/cotedivoire\/politique\/gbagbo-rend-hommage-a-la-memoire-de-gnala-martine-et-exprime-ses-condoleances-a-sa-famille#breadcrumb\"},\"inLanguage\":\"fr-FR\",\"potentialAction\":[{\"@type\":\"ReadAction\",\"target\":[\"https:\/\/www.africa-press.net\/cotedivoire\/politique\/gbagbo-rend-hommage-a-la-memoire-de-gnala-martine-et-exprime-ses-condoleances-a-sa-famille\"]}]},{\"@type\":\"ImageObject\",\"inLanguage\":\"fr-FR\",\"@id\":\"https:\/\/www.africa-press.net\/cotedivoire\/politique\/gbagbo-rend-hommage-a-la-memoire-de-gnala-martine-et-exprime-ses-condoleances-a-sa-famille#primaryimage\",\"url\":\"https:\/\/static.africa-press.net\/cote\/sites\/43\/2025\/02\/sm_1740400635.704843.jpg\",\"contentUrl\":\"https:\/\/static.africa-press.net\/cote\/sites\/43\/2025\/02\/sm_1740400635.704843.jpg\",\"width\":720,\"height\":505,\"caption\":\"Gbagbo rend hommage \u00e0 la m\u00e9moire de Gnala Martine et exprime ses condol\u00e9ances \u00e0 sa famille\"},{\"@type\":\"BreadcrumbList\",\"@id\":\"https:\/\/www.africa-press.net\/cotedivoire\/politique\/gbagbo-rend-hommage-a-la-memoire-de-gnala-martine-et-exprime-ses-condoleances-a-sa-famille#breadcrumb\",\"itemListElement\":[{\"@type\":\"ListItem\",\"position\":1,\"name\":\"Accueil\",\"item\":\"https:\/\/www.africa-press.net\/cotedivoire\/\"},{\"@type\":\"ListItem\",\"position\":2,\"name\":\"Gbagbo rend hommage \u00e0 la m\u00e9moire de Gnala Martine et exprime ses condol\u00e9ances \u00e0 sa famille\"}]},{\"@type\":\"WebSite\",\"@id\":\"https:\/\/www.africa-press.net\/cotedivoire\/#website\",\"url\":\"https:\/\/www.africa-press.net\/cotedivoire\/\",\"name\":\"C\u00f4te d&#039;Ivoire\",\"description\":\"Just another Africa News Agency Sites site\",\"potentialAction\":[{\"@type\":\"SearchAction\",\"target\":{\"@type\":\"EntryPoint\",\"urlTemplate\":\"https:\/\/www.africa-press.net\/cotedivoire\/?s={search_term_string}\"},\"query-input\":{\"@type\":\"PropertyValueSpecification\",\"valueRequired\":true,\"valueName\":\"search_term_string\"}}],\"inLanguage\":\"fr-FR\"},{\"@type\":\"Person\",\"@id\":\"https:\/\/www.africa-press.net\/cotedivoire\/#\/schema\/person\/2b1cf3cd81a31e3cd26889ca66d677f1\",\"name\":\"cfeditorfr\"}]}<\/script>\n<!-- \/ Yoast SEO Premium plugin. -->","yoast_head_json":{"title":"Gbagbo rend hommage \u00e0 la m\u00e9moire de Gnala Martine et exprime ses condol\u00e9ances \u00e0 sa famille - C\u00f4te d&#039;Ivoire","description":"Le samedi 22 fe\u0301vrier 2025, une de\u0301le\u0301gation du Parti des Peuples Africains-Co\u0302te d'Ivoire (PPA-CI), conduite par le pro ...","robots":{"index":"index","follow":"follow","max-snippet":"max-snippet:-1","max-image-preview":"max-image-preview:large","max-video-preview":"max-video-preview:-1"},"canonical":"https:\/\/www.africa-press.net\/cotedivoire\/politique\/gbagbo-rend-hommage-a-la-memoire-de-gnala-martine-et-exprime-ses-condoleances-a-sa-famille","og_locale":"fr_FR","og_type":"article","og_title":"Gbagbo rend hommage \u00e0 la m\u00e9moire de Gnala Martine et exprime ses condol\u00e9ances \u00e0 sa famille","og_description":"Le samedi 22 fe\u0301vrier 2025, une de\u0301le\u0301gation du Parti des Peuples Africains-Co\u0302te d'Ivoire (PPA-CI), conduite par le pro ...","og_url":"https:\/\/www.africa-press.net\/cotedivoire\/politique\/gbagbo-rend-hommage-a-la-memoire-de-gnala-martine-et-exprime-ses-condoleances-a-sa-famille","og_site_name":"C\u00f4te d&#039;Ivoire","article_published_time":"2025-02-24T16:02:39+00:00","article_modified_time":"2025-04-21T15:03:48+00:00","og_image":[{"width":720,"height":505,"url":"https:\/\/static.africa-press.net\/cote\/sites\/43\/2025\/02\/sm_1740400635.704843.jpg","type":"image\/jpeg"}],"author":"cfeditorfr","twitter_card":"summary_large_image","twitter_misc":{"\u00c9crit par":"cfeditorfr","Dur\u00e9e de lecture estim\u00e9e":"3 minutes"},"schema":{"@context":"https:\/\/schema.org","@graph":[{"@type":"Article","@id":"https:\/\/www.africa-press.net\/cotedivoire\/politique\/gbagbo-rend-hommage-a-la-memoire-de-gnala-martine-et-exprime-ses-condoleances-a-sa-famille#article","isPartOf":{"@id":"https:\/\/www.africa-press.net\/cotedivoire\/politique\/gbagbo-rend-hommage-a-la-memoire-de-gnala-martine-et-exprime-ses-condoleances-a-sa-famille"},"author":{"name":"cfeditorfr","@id":"https:\/\/www.africa-press.net\/cotedivoire\/#\/schema\/person\/2b1cf3cd81a31e3cd26889ca66d677f1"},"headline":"Gbagbo rend hommage \u00e0 la m\u00e9moire de Gnala Martine et exprime ses condol\u00e9ances \u00e0 sa famille","datePublished":"2025-02-24T16:02:39+00:00","dateModified":"2025-04-21T15:03:48+00:00","mainEntityOfPage":{"@id":"https:\/\/www.africa-press.net\/cotedivoire\/politique\/gbagbo-rend-hommage-a-la-memoire-de-gnala-martine-et-exprime-ses-condoleances-a-sa-famille"},"wordCount":497,"commentCount":0,"image":{"@id":"https:\/\/www.africa-press.net\/cotedivoire\/politique\/gbagbo-rend-hommage-a-la-memoire-de-gnala-martine-et-exprime-ses-condoleances-a-sa-famille#primaryimage"},"thumbnailUrl":"https:\/\/static.africa-press.net\/cote\/sites\/43\/2025\/02\/sm_1740400635.704843.jpg","keywords":["C\u00d4TE D'IVOIRE","Gbagbo","Ou\u00e9gnin","PPA-CI"],"articleSection":["Politique","Toutes les actualit\u00e9s"],"inLanguage":"fr-FR","potentialAction":[{"@type":"CommentAction","name":"Comment","target":["https:\/\/www.africa-press.net\/cotedivoire\/politique\/gbagbo-rend-hommage-a-la-memoire-de-gnala-martine-et-exprime-ses-condoleances-a-sa-famille#respond"]}]},{"@type":"WebPage","@id":"https:\/\/www.africa-press.net\/cotedivoire\/politique\/gbagbo-rend-hommage-a-la-memoire-de-gnala-martine-et-exprime-ses-condoleances-a-sa-famille","url":"https:\/\/www.africa-press.net\/cotedivoire\/politique\/gbagbo-rend-hommage-a-la-memoire-de-gnala-martine-et-exprime-ses-condoleances-a-sa-famille","name":"Gbagbo rend hommage \u00e0 la m\u00e9moire de Gnala Martine et exprime ses condol\u00e9ances \u00e0 sa famille - C\u00f4te d&#039;Ivoire","isPartOf":{"@id":"https:\/\/www.africa-press.net\/cotedivoire\/#website"},"primaryImageOfPage":{"@id":"https:\/\/www.africa-press.net\/cotedivoire\/politique\/gbagbo-rend-hommage-a-la-memoire-de-gnala-martine-et-exprime-ses-condoleances-a-sa-famille#primaryimage"},"image":{"@id":"https:\/\/www.africa-press.net\/cotedivoire\/politique\/gbagbo-rend-hommage-a-la-memoire-de-gnala-martine-et-exprime-ses-condoleances-a-sa-famille#primaryimage"},"thumbnailUrl":"https:\/\/static.africa-press.net\/cote\/sites\/43\/2025\/02\/sm_1740400635.704843.jpg","datePublished":"2025-02-24T16:02:39+00:00","dateModified":"2025-04-21T15:03:48+00:00","author":{"@id":"https:\/\/www.africa-press.net\/cotedivoire\/#\/schema\/person\/2b1cf3cd81a31e3cd26889ca66d677f1"},"description":"Le samedi 22 fe\u0301vrier 2025, une de\u0301le\u0301gation du Parti des Peuples Africains-Co\u0302te d'Ivoire (PPA-CI), conduite par le pro ...","breadcrumb":{"@id":"https:\/\/www.africa-press.net\/cotedivoire\/politique\/gbagbo-rend-hommage-a-la-memoire-de-gnala-martine-et-exprime-ses-condoleances-a-sa-famille#breadcrumb"},"inLanguage":"fr-FR","potentialAction":[{"@type":"ReadAction","target":["https:\/\/www.africa-press.net\/cotedivoire\/politique\/gbagbo-rend-hommage-a-la-memoire-de-gnala-martine-et-exprime-ses-condoleances-a-sa-famille"]}]},{"@type":"ImageObject","inLanguage":"fr-FR","@id":"https:\/\/www.africa-press.net\/cotedivoire\/politique\/gbagbo-rend-hommage-a-la-memoire-de-gnala-martine-et-exprime-ses-condoleances-a-sa-famille#primaryimage","url":"https:\/\/static.africa-press.net\/cote\/sites\/43\/2025\/02\/sm_1740400635.704843.jpg","contentUrl":"https:\/\/static.africa-press.net\/cote\/sites\/43\/2025\/02\/sm_1740400635.704843.jpg","width":720,"height":505,"caption":"Gbagbo rend hommage \u00e0 la m\u00e9moire de Gnala Martine et exprime ses condol\u00e9ances \u00e0 sa famille"},{"@type":"BreadcrumbList","@id":"https:\/\/www.africa-press.net\/cotedivoire\/politique\/gbagbo-rend-hommage-a-la-memoire-de-gnala-martine-et-exprime-ses-condoleances-a-sa-famille#breadcrumb","itemListElement":[{"@type":"ListItem","position":1,"name":"Accueil","item":"https:\/\/www.africa-press.net\/cotedivoire\/"},{"@type":"ListItem","position":2,"name":"Gbagbo rend hommage \u00e0 la m\u00e9moire de Gnala Martine et exprime ses condol\u00e9ances \u00e0 sa famille"}]},{"@type":"WebSite","@id":"https:\/\/www.africa-press.net\/cotedivoire\/#website","url":"https:\/\/www.africa-press.net\/cotedivoire\/","name":"C\u00f4te d&#039;Ivoire","description":"Just another Africa News Agency Sites site","potentialAction":[{"@type":"SearchAction","target":{"@type":"EntryPoint","urlTemplate":"https:\/\/www.africa-press.net\/cotedivoire\/?s={search_term_string}"},"query-input":{"@type":"PropertyValueSpecification","valueRequired":true,"valueName":"search_term_string"}}],"inLanguage":"fr-FR"},{"@type":"Person","@id":"https:\/\/www.africa-press.net\/cotedivoire\/#\/schema\/person\/2b1cf3cd81a31e3cd26889ca66d677f1","name":"cfeditorfr"}]}},"_links":{"self":[{"href":"https:\/\/www.africa-press.net\/cotedivoire\/wp-json\/wp\/v2\/posts\/95583","targetHints":{"allow":["GET"]}}],"collection":[{"href":"https:\/\/www.africa-press.net\/cotedivoire\/wp-json\/wp\/v2\/posts"}],"about":[{"href":"https:\/\/www.africa-press.net\/cotedivoire\/wp-json\/wp\/v2\/types\/post"}],"author":[{"embeddable":true,"href":"https:\/\/www.africa-press.net\/cotedivoire\/wp-json\/wp\/v2\/users\/82"}],"replies":[{"embeddable":true,"href":"https:\/\/www.africa-press.net\/cotedivoire\/wp-json\/wp\/v2\/comments?post=95583"}],"version-history":[{"count":0,"href":"https:\/\/www.africa-press.net\/cotedivoire\/wp-json\/wp\/v2\/posts\/95583\/revisions"}],"wp:featuredmedia":[{"embeddable":true,"href":"https:\/\/www.africa-press.net\/cotedivoire\/wp-json\/wp\/v2\/media\/95582"}],"wp:attachment":[{"href":"https:\/\/www.africa-press.net\/cotedivoire\/wp-json\/wp\/v2\/media?parent=95583"}],"wp:term":[{"taxonomy":"category","embeddable":true,"href":"https:\/\/www.africa-press.net\/cotedivoire\/wp-json\/wp\/v2\/categories?post=95583"},{"taxonomy":"post_tag","embeddable":true,"href":"https:\/\/www.africa-press.net\/cotedivoire\/wp-json\/wp\/v2\/tags?post=95583"}],"curies":[{"name":"wp","href":"https:\/\/api.w.org\/{rel}","templated":true}]}}