{"id":9560,"date":"2021-06-29T15:13:10","date_gmt":"2021-06-29T15:13:10","guid":{"rendered":"https:\/\/www.africa-press.net\/cotedivoire\/?p=9560"},"modified":"2021-06-29T19:41:27","modified_gmt":"2021-06-29T19:41:27","slug":"le-retard-des-pluies-fait-craindre-une-crise-alimentaire-en-cote-divoire","status":"publish","type":"post","link":"https:\/\/www.africa-press.net\/cotedivoire\/dossiers\/le-retard-des-pluies-fait-craindre-une-crise-alimentaire-en-cote-divoire","title":{"rendered":"Le retard des pluies fait craindre une crise alimentaire en C\u00f4te d\u2019Ivoire"},"content":{"rendered":"<p><span style=\"color: #ff6600\"><strong><a href=\"https:\/\/www.africa-press.net\/\">Africa-Press<\/a> &#8211; <a href=\"https:\/\/www.africa-press.net\/cotedivoire\">C\u00f4te d&rsquo;Ivoire<\/a>. <\/strong><\/span>Les agriculteurs et \u00e9leveurs de C\u00f4te d\u2019Ivoire sont dans le d\u00e9sarroi. Ils sont confront\u00e9s \u00e0 une raret\u00e9 des pluies depuis le d\u00e9but de l\u2019ann\u00e9e et d\u00e9plorent une situation qui affecte leurs activit\u00e9s, rapporte le site d\u2019information scientifique scidev.net.<\/p>\n<p>\u00abNormalement, en mars, on a les pluies. Cette ann\u00e9e, ce n\u2019est pas le cas. Les p\u00e9pini\u00e8res sont endommag\u00e9es, l\u2019eau a tari. Pour le manioc et le ma\u00efs, \u00e0 85% c\u2019est le d\u00e9sastre\u00bb, d\u00e9plore Alain S\u00e9hi, pr\u00e9sident d\u2019une coop\u00e9rative rizicole \u00e0 Facobly dans l\u2019Ouest montagneux. Selon ses explications, la premi\u00e8re pluie de l\u2019ann\u00e9e est tomb\u00e9e le 25 mai 2021, contrairement aux ann\u00e9es pr\u00e9c\u00e9dentes o\u00f9 l\u2019on avait les premi\u00e8res pluies en f\u00e9vrier ou mars.<\/p>\n<p><b>\u00abAu moment de l\u2019\u00e9piaison, c\u2019est-\u00e0-dire de l\u2019\u00e9closion des grains de riz, encore appel\u00e9e accouchement, il faut de l\u2019eau. C\u2019est une op\u00e9ration sensible. Cette ann\u00e9e, l\u2019eau des bas-fonds a tari, \u00e7a va jouer sur la production, les grains de riz seront vides et il y a de fortes chances qu\u2019il y ait un probl\u00e8me nourriture\u00bb, redoute Alain S\u00e9hi.<\/b><\/p>\n<p>\u00c0 Duekou\u00e9, toujours \u00e0 l\u2019ouest du pays, Marcel Angahi Roland, pr\u00e9sident de l\u2019Union des coop\u00e9ratives de l\u2019ouest, affirme que depuis 2014 qu\u2019il est dans cette ville, c\u2019est cette ann\u00e9e que le d\u00e9ficit pluviom\u00e9trique est le plus criant. \u00abL\u2019impact direct est sur le vivrier: les ignames n\u2019ont pu germer, les planteurs seront oblig\u00e9s d\u2019acheter \u00e0 manger\u00bb, affirme-t-il.<\/p>\n<p>Les \u00e9leveurs subissent \u00e9galement de plein fouet la raret\u00e9 des pluies. Une situation qualifi\u00e9e de \u00abjamais vue\u00bb par Bocoum Moussa, pr\u00e9sident par int\u00e9rim des \u00e9leveurs de la r\u00e9gion du Tchologo (Ferk\u00e9ssedougou, Nord). \u00abLes points d\u2019eau qui servent d\u2019abreuvoir et les barrages sont tous vides. La s\u00e9cheresse a trop dur\u00e9 cette ann\u00e9e. \u00c0 cause du retard de la pluie, nous avons subi plusieurs d\u00e9g\u00e2ts; jusqu\u2019\u00e0 pr\u00e9sent on est en retard et il y a beaucoup de pertes d\u2019animaux\u00bb, t\u00e9moigne ce responsable de la fili\u00e8re b\u00e9tail.<\/p>\n<p><b>R\u00e9chauffement<\/b><\/p>\n<p>Pauline Dibi-Anoh, climatologue \u00e0 l\u2019Institut de g\u00e9ographie tropicale (IGT) de l\u2019universit\u00e9 Felix Houphou\u00ebt-Boigny d\u2019Abidjan, explique cette situation en disant que \u00abdepuis le d\u00e9but de l\u2019ann\u00e9e 2021, l\u2019\u00e9volution des temp\u00e9ratures de surface de l\u2019oc\u00e9an pacifique \u00e9quatorial indique une tendance froide qui est en train d\u2019\u00e9voluer vers une situation neutre\u00bb.<\/p>\n<p><b>\u00abDe plus, des conditions froides r\u00e8gnent actuellement dans le golfe de Guin\u00e9e au large de la C\u00f4te d\u2019Ivoire. Ces tendances sont favorables \u00e0 une diminution, voire une suppression des activit\u00e9s pluvio-orageuses sur les pays du golfe de Guin\u00e9e\u00bb, ajoute la chercheure.<\/b><\/p>\n<p>Elle poursuit en pr\u00e9cisant que le dernier rapport du Groupe d\u2019experts international sur l\u2019\u00e9volution du climat (GIEC) pr\u00e9voit un r\u00e9chauffement de 1,5\u00b0C d\u2019ici \u00e0 2030 si des mesures fortes d\u2019adaptation et d\u2019att\u00e9nuation ne sont pas prises. \u00abSur les 50 derni\u00e8res ann\u00e9es, un r\u00e9chauffement d\u2019environ 0,5\u00b0C est d\u00e9j\u00e0 observ\u00e9 sur l\u2019ensemble du continent africain. Cela est inopportun\u00e9ment assorti d\u2019une \u00e9volution des caract\u00e9ristiques des \u00e9v\u00e9nements climatiques extr\u00eames tels que la s\u00e9cheresse et les inondations\u00bb, explique Pauline Dibi-Anoh.<\/p>\n<p><b>Solutions<\/b><\/p>\n<p>Toutefois, \u00e0 en croire Diomand\u00e9 Beh, sp\u00e9cialiste en hydroclimatologie et environnement \u00e0 l\u2019universit\u00e9 Alassane Ouattara de Bouak\u00e9, \u00abon aura un trimestre juin \u00e0 ao\u00fbt avec des pluies qui provoquent des inondations mais sans impact r\u00e9el sur les cultures et les plantes\u00bb.<\/p>\n<p><b>\u00abLe monde agricole ne profite que des pluies bien r\u00e9parties dans l\u2019ann\u00e9e plut\u00f4t que des pluies sur une courte p\u00e9riode avec des cons\u00e9quences n\u00e9fastes. Le paysan ne fait qu\u2019une agriculture essentiellement sous pluie. Cette ann\u00e9e, la campagne agricole est menac\u00e9e, cr\u00e9ant une ins\u00e9curit\u00e9 alimentaire\u00bb, analyse l\u2019universitaire.<\/b><\/p>\n<p>Face \u00e0 cette situation, l\u2019ing\u00e9nieur agronome Coulibaly Bema, sp\u00e9cialiste de l\u2019agriculture biologique et durable, recommande aux agriculteurs de semer des vari\u00e9t\u00e9s de cultures vivri\u00e8res qui, en plus d\u2019\u00eatre pr\u00e9coces, doivent aussi \u00eatre r\u00e9sistantes \u00e0 la s\u00e9cheresse.<\/p>\n<p>\u00abLes vari\u00e9t\u00e9s pr\u00e9coces sont des vari\u00e9t\u00e9s qui mettent moins de temps pour arriver \u00e0 maturit\u00e9 que les vari\u00e9t\u00e9s anciennes. On a par exemple des vari\u00e9t\u00e9s de ma\u00efs \u00e0 60-75 jours apr\u00e8s semis et du riz \u00e0 90 jours apr\u00e8s semis. Pour les cultiver, chaque agriculteur doit profiter de chaque pluie pour r\u00e9aliser une part importante de ses travaux\u00bb, explique l\u2019agronome.<\/p>\n<p>\u00c0 sa suite, Stanislas Gbahi, expert en \u00e9levage \u00e0 Daloa (Centre-Ouest), conseille aux \u00e9leveurs de faire des champs de fourrage constitu\u00e9s essentiellement de pennisetum et de panicums.<\/p>\n<p><b>\u00abCes herbes sont des aliments de soudure quand les pluies deviennent rares. Elles sont donn\u00e9es aux animaux lorsque les ressources naturelles sont \u00e9puis\u00e9es. Les \u00e9leveurs doivent aussi cr\u00e9er des points d\u2019eau dans le versant des parcs ou des forages si n\u00e9cessaire\u00bb, prescrit l\u2019expert.<\/b><\/p>\n<p>Mais, par-dessus tout, Coulibaly B\u00e9ma estime qu\u2019il revient aux pouvoirs publics d\u2019\u00e9laborer une politique de gestion visant \u00e0 r\u00e9duire les risques en pi\u00e9geant une partie de ces pluies qui tombent pour donner la chance aux agriculteurs de rentabiliser leur temps de travaux.<\/p>\n","protected":false},"excerpt":{"rendered":"<p>Africa-Press &#8211; C\u00f4te d&rsquo;Ivoire. Les agriculteurs et \u00e9leveurs de C\u00f4te d\u2019Ivoire sont dans le d\u00e9sarroi. Ils sont confront\u00e9s \u00e0 une raret\u00e9 des pluies depuis le d\u00e9but de l\u2019ann\u00e9e et d\u00e9plorent une situation qui affecte leurs activit\u00e9s, rapporte le site d\u2019information scientifique scidev.net. \u00abNormalement, en mars, on a les pluies. Cette ann\u00e9e, ce n\u2019est pas le [&hellip;]<\/p>\n","protected":false},"author":82,"featured_media":9559,"comment_status":"open","ping_status":"closed","sticky":false,"template":"","format":"standard","meta":{"footnotes":""},"categories":[7,11,20,10],"tags":[56,63,29],"class_list":["post-9560","post","type-post","status-publish","format-standard","has-post-thumbnail","hentry","category-dossiers","category-homepage-french","category-top-nouvelles","category-toutes-les-actualites","tag-africa-press","tag-africa-press-cote-divoire","tag-cote-divoire"],"yoast_head":"<!-- This site is optimized with the Yoast SEO Premium plugin v26.1 (Yoast SEO v27.0) - https:\/\/yoast.com\/product\/yoast-seo-premium-wordpress\/ -->\n<title>Le retard des pluies fait craindre une crise alimentaire en C\u00f4te d\u2019Ivoire - C\u00f4te d&#039;Ivoire<\/title>\n<meta name=\"description\" content=\"Les agriculteurs et \u00e9leveurs de C\u00f4te d\u2019Ivoire sont dans le d\u00e9sarroi. Ils sont confront\u00e9s \u00e0 une raret\u00e9 des pluies depuis ...\" \/>\n<meta name=\"robots\" content=\"index, follow, max-snippet:-1, max-image-preview:large, max-video-preview:-1\" \/>\n<link rel=\"canonical\" href=\"https:\/\/www.africa-press.net\/cotedivoire\/dossiers\/le-retard-des-pluies-fait-craindre-une-crise-alimentaire-en-cote-divoire\" \/>\n<meta property=\"og:locale\" content=\"fr_FR\" \/>\n<meta property=\"og:type\" content=\"article\" \/>\n<meta property=\"og:title\" content=\"Le retard des pluies fait craindre une crise alimentaire en C\u00f4te d\u2019Ivoire\" \/>\n<meta property=\"og:description\" content=\"Les agriculteurs et \u00e9leveurs de C\u00f4te d\u2019Ivoire sont dans le d\u00e9sarroi. Ils sont confront\u00e9s \u00e0 une raret\u00e9 des pluies depuis ...\" \/>\n<meta property=\"og:url\" content=\"https:\/\/www.africa-press.net\/cotedivoire\/dossiers\/le-retard-des-pluies-fait-craindre-une-crise-alimentaire-en-cote-divoire\" \/>\n<meta property=\"og:site_name\" content=\"C\u00f4te d&#039;Ivoire\" \/>\n<meta property=\"article:published_time\" content=\"2021-06-29T15:13:10+00:00\" \/>\n<meta property=\"article:modified_time\" content=\"2021-06-29T19:41:27+00:00\" \/>\n<meta property=\"og:image\" content=\"https:\/\/static.africa-press.net\/cote\/sites\/43\/2021\/06\/img-60db2e2740937.jpg\" \/>\n\t<meta property=\"og:image:width\" content=\"720\" \/>\n\t<meta property=\"og:image:height\" content=\"382\" \/>\n\t<meta property=\"og:image:type\" content=\"image\/jpeg\" \/>\n<meta name=\"author\" content=\"cfeditorfr\" \/>\n<meta name=\"twitter:card\" content=\"summary_large_image\" \/>\n<meta name=\"twitter:label1\" content=\"\u00c9crit par\" \/>\n\t<meta name=\"twitter:data1\" content=\"cfeditorfr\" \/>\n\t<meta name=\"twitter:label2\" content=\"Dur\u00e9e de lecture estim\u00e9e\" \/>\n\t<meta name=\"twitter:data2\" content=\"5 minutes\" \/>\n<script type=\"application\/ld+json\" class=\"yoast-schema-graph\">{\"@context\":\"https:\/\/schema.org\",\"@graph\":[{\"@type\":\"Article\",\"@id\":\"https:\/\/www.africa-press.net\/cotedivoire\/dossiers\/le-retard-des-pluies-fait-craindre-une-crise-alimentaire-en-cote-divoire#article\",\"isPartOf\":{\"@id\":\"https:\/\/www.africa-press.net\/cotedivoire\/dossiers\/le-retard-des-pluies-fait-craindre-une-crise-alimentaire-en-cote-divoire\"},\"author\":{\"name\":\"cfeditorfr\",\"@id\":\"https:\/\/www.africa-press.net\/cotedivoire\/#\/schema\/person\/2b1cf3cd81a31e3cd26889ca66d677f1\"},\"headline\":\"Le retard des pluies fait craindre une crise alimentaire en C\u00f4te d\u2019Ivoire\",\"datePublished\":\"2021-06-29T15:13:10+00:00\",\"dateModified\":\"2021-06-29T19:41:27+00:00\",\"mainEntityOfPage\":{\"@id\":\"https:\/\/www.africa-press.net\/cotedivoire\/dossiers\/le-retard-des-pluies-fait-craindre-une-crise-alimentaire-en-cote-divoire\"},\"wordCount\":933,\"commentCount\":0,\"image\":{\"@id\":\"https:\/\/www.africa-press.net\/cotedivoire\/dossiers\/le-retard-des-pluies-fait-craindre-une-crise-alimentaire-en-cote-divoire#primaryimage\"},\"thumbnailUrl\":\"https:\/\/static.africa-press.net\/cote\/sites\/43\/2021\/06\/img-60db2e2740937.jpg\",\"keywords\":[\"Africa Press\",\"Africa Press-C\u00f4te d'Ivoire\",\"C\u00d4TE D'IVOIRE\"],\"articleSection\":[\"Dossiers\",\"homepage-french\",\"Top Nouvelles\",\"Toutes les actualit\u00e9s\"],\"inLanguage\":\"fr-FR\",\"potentialAction\":[{\"@type\":\"CommentAction\",\"name\":\"Comment\",\"target\":[\"https:\/\/www.africa-press.net\/cotedivoire\/dossiers\/le-retard-des-pluies-fait-craindre-une-crise-alimentaire-en-cote-divoire#respond\"]}]},{\"@type\":\"WebPage\",\"@id\":\"https:\/\/www.africa-press.net\/cotedivoire\/dossiers\/le-retard-des-pluies-fait-craindre-une-crise-alimentaire-en-cote-divoire\",\"url\":\"https:\/\/www.africa-press.net\/cotedivoire\/dossiers\/le-retard-des-pluies-fait-craindre-une-crise-alimentaire-en-cote-divoire\",\"name\":\"Le retard des pluies fait craindre une crise alimentaire en C\u00f4te d\u2019Ivoire - C\u00f4te d&#039;Ivoire\",\"isPartOf\":{\"@id\":\"https:\/\/www.africa-press.net\/cotedivoire\/#website\"},\"primaryImageOfPage\":{\"@id\":\"https:\/\/www.africa-press.net\/cotedivoire\/dossiers\/le-retard-des-pluies-fait-craindre-une-crise-alimentaire-en-cote-divoire#primaryimage\"},\"image\":{\"@id\":\"https:\/\/www.africa-press.net\/cotedivoire\/dossiers\/le-retard-des-pluies-fait-craindre-une-crise-alimentaire-en-cote-divoire#primaryimage\"},\"thumbnailUrl\":\"https:\/\/static.africa-press.net\/cote\/sites\/43\/2021\/06\/img-60db2e2740937.jpg\",\"datePublished\":\"2021-06-29T15:13:10+00:00\",\"dateModified\":\"2021-06-29T19:41:27+00:00\",\"author\":{\"@id\":\"https:\/\/www.africa-press.net\/cotedivoire\/#\/schema\/person\/2b1cf3cd81a31e3cd26889ca66d677f1\"},\"description\":\"Les agriculteurs et \u00e9leveurs de C\u00f4te d\u2019Ivoire sont dans le d\u00e9sarroi. Ils sont confront\u00e9s \u00e0 une raret\u00e9 des pluies depuis ...\",\"breadcrumb\":{\"@id\":\"https:\/\/www.africa-press.net\/cotedivoire\/dossiers\/le-retard-des-pluies-fait-craindre-une-crise-alimentaire-en-cote-divoire#breadcrumb\"},\"inLanguage\":\"fr-FR\",\"potentialAction\":[{\"@type\":\"ReadAction\",\"target\":[\"https:\/\/www.africa-press.net\/cotedivoire\/dossiers\/le-retard-des-pluies-fait-craindre-une-crise-alimentaire-en-cote-divoire\"]}]},{\"@type\":\"ImageObject\",\"inLanguage\":\"fr-FR\",\"@id\":\"https:\/\/www.africa-press.net\/cotedivoire\/dossiers\/le-retard-des-pluies-fait-craindre-une-crise-alimentaire-en-cote-divoire#primaryimage\",\"url\":\"https:\/\/static.africa-press.net\/cote\/sites\/43\/2021\/06\/img-60db2e2740937.jpg\",\"contentUrl\":\"https:\/\/static.africa-press.net\/cote\/sites\/43\/2021\/06\/img-60db2e2740937.jpg\",\"width\":720,\"height\":382,\"caption\":\"Le retard des pluies fait craindre une crise alimentaire en C\u00f4te d\u2019Ivoire\"},{\"@type\":\"BreadcrumbList\",\"@id\":\"https:\/\/www.africa-press.net\/cotedivoire\/dossiers\/le-retard-des-pluies-fait-craindre-une-crise-alimentaire-en-cote-divoire#breadcrumb\",\"itemListElement\":[{\"@type\":\"ListItem\",\"position\":1,\"name\":\"Accueil\",\"item\":\"https:\/\/www.africa-press.net\/cotedivoire\/\"},{\"@type\":\"ListItem\",\"position\":2,\"name\":\"Le retard des pluies fait craindre une crise alimentaire en C\u00f4te d\u2019Ivoire\"}]},{\"@type\":\"WebSite\",\"@id\":\"https:\/\/www.africa-press.net\/cotedivoire\/#website\",\"url\":\"https:\/\/www.africa-press.net\/cotedivoire\/\",\"name\":\"C\u00f4te d&#039;Ivoire\",\"description\":\"Just another Africa News Agency Sites site\",\"potentialAction\":[{\"@type\":\"SearchAction\",\"target\":{\"@type\":\"EntryPoint\",\"urlTemplate\":\"https:\/\/www.africa-press.net\/cotedivoire\/?s={search_term_string}\"},\"query-input\":{\"@type\":\"PropertyValueSpecification\",\"valueRequired\":true,\"valueName\":\"search_term_string\"}}],\"inLanguage\":\"fr-FR\"},{\"@type\":\"Person\",\"@id\":\"https:\/\/www.africa-press.net\/cotedivoire\/#\/schema\/person\/2b1cf3cd81a31e3cd26889ca66d677f1\",\"name\":\"cfeditorfr\"}]}<\/script>\n<!-- \/ Yoast SEO Premium plugin. -->","yoast_head_json":{"title":"Le retard des pluies fait craindre une crise alimentaire en C\u00f4te d\u2019Ivoire - C\u00f4te d&#039;Ivoire","description":"Les agriculteurs et \u00e9leveurs de C\u00f4te d\u2019Ivoire sont dans le d\u00e9sarroi. Ils sont confront\u00e9s \u00e0 une raret\u00e9 des pluies depuis ...","robots":{"index":"index","follow":"follow","max-snippet":"max-snippet:-1","max-image-preview":"max-image-preview:large","max-video-preview":"max-video-preview:-1"},"canonical":"https:\/\/www.africa-press.net\/cotedivoire\/dossiers\/le-retard-des-pluies-fait-craindre-une-crise-alimentaire-en-cote-divoire","og_locale":"fr_FR","og_type":"article","og_title":"Le retard des pluies fait craindre une crise alimentaire en C\u00f4te d\u2019Ivoire","og_description":"Les agriculteurs et \u00e9leveurs de C\u00f4te d\u2019Ivoire sont dans le d\u00e9sarroi. Ils sont confront\u00e9s \u00e0 une raret\u00e9 des pluies depuis ...","og_url":"https:\/\/www.africa-press.net\/cotedivoire\/dossiers\/le-retard-des-pluies-fait-craindre-une-crise-alimentaire-en-cote-divoire","og_site_name":"C\u00f4te d&#039;Ivoire","article_published_time":"2021-06-29T15:13:10+00:00","article_modified_time":"2021-06-29T19:41:27+00:00","og_image":[{"width":720,"height":382,"url":"https:\/\/static.africa-press.net\/cote\/sites\/43\/2021\/06\/img-60db2e2740937.jpg","type":"image\/jpeg"}],"author":"cfeditorfr","twitter_card":"summary_large_image","twitter_misc":{"\u00c9crit par":"cfeditorfr","Dur\u00e9e de lecture estim\u00e9e":"5 minutes"},"schema":{"@context":"https:\/\/schema.org","@graph":[{"@type":"Article","@id":"https:\/\/www.africa-press.net\/cotedivoire\/dossiers\/le-retard-des-pluies-fait-craindre-une-crise-alimentaire-en-cote-divoire#article","isPartOf":{"@id":"https:\/\/www.africa-press.net\/cotedivoire\/dossiers\/le-retard-des-pluies-fait-craindre-une-crise-alimentaire-en-cote-divoire"},"author":{"name":"cfeditorfr","@id":"https:\/\/www.africa-press.net\/cotedivoire\/#\/schema\/person\/2b1cf3cd81a31e3cd26889ca66d677f1"},"headline":"Le retard des pluies fait craindre une crise alimentaire en C\u00f4te d\u2019Ivoire","datePublished":"2021-06-29T15:13:10+00:00","dateModified":"2021-06-29T19:41:27+00:00","mainEntityOfPage":{"@id":"https:\/\/www.africa-press.net\/cotedivoire\/dossiers\/le-retard-des-pluies-fait-craindre-une-crise-alimentaire-en-cote-divoire"},"wordCount":933,"commentCount":0,"image":{"@id":"https:\/\/www.africa-press.net\/cotedivoire\/dossiers\/le-retard-des-pluies-fait-craindre-une-crise-alimentaire-en-cote-divoire#primaryimage"},"thumbnailUrl":"https:\/\/static.africa-press.net\/cote\/sites\/43\/2021\/06\/img-60db2e2740937.jpg","keywords":["Africa Press","Africa Press-C\u00f4te d'Ivoire","C\u00d4TE D'IVOIRE"],"articleSection":["Dossiers","homepage-french","Top Nouvelles","Toutes les actualit\u00e9s"],"inLanguage":"fr-FR","potentialAction":[{"@type":"CommentAction","name":"Comment","target":["https:\/\/www.africa-press.net\/cotedivoire\/dossiers\/le-retard-des-pluies-fait-craindre-une-crise-alimentaire-en-cote-divoire#respond"]}]},{"@type":"WebPage","@id":"https:\/\/www.africa-press.net\/cotedivoire\/dossiers\/le-retard-des-pluies-fait-craindre-une-crise-alimentaire-en-cote-divoire","url":"https:\/\/www.africa-press.net\/cotedivoire\/dossiers\/le-retard-des-pluies-fait-craindre-une-crise-alimentaire-en-cote-divoire","name":"Le retard des pluies fait craindre une crise alimentaire en C\u00f4te d\u2019Ivoire - C\u00f4te d&#039;Ivoire","isPartOf":{"@id":"https:\/\/www.africa-press.net\/cotedivoire\/#website"},"primaryImageOfPage":{"@id":"https:\/\/www.africa-press.net\/cotedivoire\/dossiers\/le-retard-des-pluies-fait-craindre-une-crise-alimentaire-en-cote-divoire#primaryimage"},"image":{"@id":"https:\/\/www.africa-press.net\/cotedivoire\/dossiers\/le-retard-des-pluies-fait-craindre-une-crise-alimentaire-en-cote-divoire#primaryimage"},"thumbnailUrl":"https:\/\/static.africa-press.net\/cote\/sites\/43\/2021\/06\/img-60db2e2740937.jpg","datePublished":"2021-06-29T15:13:10+00:00","dateModified":"2021-06-29T19:41:27+00:00","author":{"@id":"https:\/\/www.africa-press.net\/cotedivoire\/#\/schema\/person\/2b1cf3cd81a31e3cd26889ca66d677f1"},"description":"Les agriculteurs et \u00e9leveurs de C\u00f4te d\u2019Ivoire sont dans le d\u00e9sarroi. Ils sont confront\u00e9s \u00e0 une raret\u00e9 des pluies depuis ...","breadcrumb":{"@id":"https:\/\/www.africa-press.net\/cotedivoire\/dossiers\/le-retard-des-pluies-fait-craindre-une-crise-alimentaire-en-cote-divoire#breadcrumb"},"inLanguage":"fr-FR","potentialAction":[{"@type":"ReadAction","target":["https:\/\/www.africa-press.net\/cotedivoire\/dossiers\/le-retard-des-pluies-fait-craindre-une-crise-alimentaire-en-cote-divoire"]}]},{"@type":"ImageObject","inLanguage":"fr-FR","@id":"https:\/\/www.africa-press.net\/cotedivoire\/dossiers\/le-retard-des-pluies-fait-craindre-une-crise-alimentaire-en-cote-divoire#primaryimage","url":"https:\/\/static.africa-press.net\/cote\/sites\/43\/2021\/06\/img-60db2e2740937.jpg","contentUrl":"https:\/\/static.africa-press.net\/cote\/sites\/43\/2021\/06\/img-60db2e2740937.jpg","width":720,"height":382,"caption":"Le retard des pluies fait craindre une crise alimentaire en C\u00f4te d\u2019Ivoire"},{"@type":"BreadcrumbList","@id":"https:\/\/www.africa-press.net\/cotedivoire\/dossiers\/le-retard-des-pluies-fait-craindre-une-crise-alimentaire-en-cote-divoire#breadcrumb","itemListElement":[{"@type":"ListItem","position":1,"name":"Accueil","item":"https:\/\/www.africa-press.net\/cotedivoire\/"},{"@type":"ListItem","position":2,"name":"Le retard des pluies fait craindre une crise alimentaire en C\u00f4te d\u2019Ivoire"}]},{"@type":"WebSite","@id":"https:\/\/www.africa-press.net\/cotedivoire\/#website","url":"https:\/\/www.africa-press.net\/cotedivoire\/","name":"C\u00f4te d&#039;Ivoire","description":"Just another Africa News Agency Sites site","potentialAction":[{"@type":"SearchAction","target":{"@type":"EntryPoint","urlTemplate":"https:\/\/www.africa-press.net\/cotedivoire\/?s={search_term_string}"},"query-input":{"@type":"PropertyValueSpecification","valueRequired":true,"valueName":"search_term_string"}}],"inLanguage":"fr-FR"},{"@type":"Person","@id":"https:\/\/www.africa-press.net\/cotedivoire\/#\/schema\/person\/2b1cf3cd81a31e3cd26889ca66d677f1","name":"cfeditorfr"}]}},"_links":{"self":[{"href":"https:\/\/www.africa-press.net\/cotedivoire\/wp-json\/wp\/v2\/posts\/9560","targetHints":{"allow":["GET"]}}],"collection":[{"href":"https:\/\/www.africa-press.net\/cotedivoire\/wp-json\/wp\/v2\/posts"}],"about":[{"href":"https:\/\/www.africa-press.net\/cotedivoire\/wp-json\/wp\/v2\/types\/post"}],"author":[{"embeddable":true,"href":"https:\/\/www.africa-press.net\/cotedivoire\/wp-json\/wp\/v2\/users\/82"}],"replies":[{"embeddable":true,"href":"https:\/\/www.africa-press.net\/cotedivoire\/wp-json\/wp\/v2\/comments?post=9560"}],"version-history":[{"count":0,"href":"https:\/\/www.africa-press.net\/cotedivoire\/wp-json\/wp\/v2\/posts\/9560\/revisions"}],"wp:featuredmedia":[{"embeddable":true,"href":"https:\/\/www.africa-press.net\/cotedivoire\/wp-json\/wp\/v2\/media\/9559"}],"wp:attachment":[{"href":"https:\/\/www.africa-press.net\/cotedivoire\/wp-json\/wp\/v2\/media?parent=9560"}],"wp:term":[{"taxonomy":"category","embeddable":true,"href":"https:\/\/www.africa-press.net\/cotedivoire\/wp-json\/wp\/v2\/categories?post=9560"},{"taxonomy":"post_tag","embeddable":true,"href":"https:\/\/www.africa-press.net\/cotedivoire\/wp-json\/wp\/v2\/tags?post=9560"}],"curies":[{"name":"wp","href":"https:\/\/api.w.org\/{rel}","templated":true}]}}