{"id":95608,"date":"2025-02-25T16:36:40","date_gmt":"2025-02-25T16:36:40","guid":{"rendered":"https:\/\/www.africa-press.net\/cotedivoire\/politique\/pdci-les-auteurs-de-lassignation-en-destitution-de-thiam-se-retractent-et-retirent-leur-plainte"},"modified":"2025-04-21T15:19:30","modified_gmt":"2025-04-21T15:19:30","slug":"pdci-les-auteurs-de-lassignation-en-destitution-de-thiam-se-retractent-et-retirent-leur-plainte","status":"publish","type":"post","link":"https:\/\/www.africa-press.net\/cotedivoire\/politique\/pdci-les-auteurs-de-lassignation-en-destitution-de-thiam-se-retractent-et-retirent-leur-plainte","title":{"rendered":"PDCI, les auteurs de l&rsquo;assignation en destitution de Thiam se r\u00e9tractent et retirent leur plainte"},"content":{"rendered":"<p><span style=\"color: #ff6600\"><strong>Africa-Press &#8211; C\u00f4te d&rsquo;Ivoire. <\/strong><\/span>L\u2019affaire concernant l\u2019assignation en destitution de Tidjane Thiam, pre\u0301sident du PDCI-RDA, connai\u0302t un nouveau de\u0301veloppement.<\/p>\n<p>Les auteurs de la plainte initiale, de\u0301pose\u0301e le mardi 18 fe\u0301vrier 2025, ont finalement saisi la justice pour demander l\u2019annulation de leur propre action.<\/p>\n<p>Cette reque\u0302te, date\u0301e du vendredi 21 fe\u0301vrier, intervient seulement trois jours apre\u0300s le de\u0301po\u0302t de la plainte par quatre secre\u0301taires de section du parti, qui re\u0301clamaient le de\u0301part imme\u0301diat de Tidjane Thiam de la pre\u0301sidence du PDCI-RDA ainsi que l\u2019annulation du congre\u0300s ayant conduit a\u0300 son e\u0301lection.<\/p>\n<p>Dans une vide\u0301o publie\u0301e sur Internet, les quatres auteurs de cette plainte ont explique\u0301 qu&rsquo;un exploit de de\u0301nonciation a e\u0301te\u0301 enregistre\u0301, accompagne\u0301 d\u2019un courrier demandant l\u2019annulation de l\u2019acte d\u2019assignation en destitution.<\/p>\n<p>Ce document, signe\u0301 par Joseph Boua Kamenan et Demes Essoh Latte, a e\u0301te\u0301 rec\u0327u au sie\u0300ge du PDCI-RDA a\u0300 Cocody. Yapo Abbe\u0301 Kouao, l\u2019un des coauteurs de la plainte initiale, a e\u0301galement e\u0301te\u0301 associe\u0301 a\u0300 cette de\u0301marche.<\/p>\n<p>Cette affaire judiciaire, qui a plonge\u0301 le PDCI-RDA dans une nouvelle pole\u0301mique, survient deux semaines apre\u0300s que Tidjane Thiam a annonce\u0301 avoir entame\u0301 des de\u0301marches pour renoncer a\u0300 sa nationalite\u0301 franc\u0327aise.<\/p>\n<p>La plainte initiale, intitule\u0301e \u00ab Assignation en destitution du pre\u0301sident du PDCI-RDA \u00bb, avait rapidement suscite\u0301 de vives re\u0301actions au sein du parti. Des vide\u0301os devenues virales montrent certains plaignants, comme Vincent Ze\u0301re\u0301gbe\u0301, exprimant leur surprise de voir leurs noms associe\u0301s a\u0300 cette initiative.<\/p>\n<p>Par ailleurs, des cadres du PDCI-RDA ont conteste\u0301 l\u2019appartenance des plaignants au parti. Un proche de Tidjane Thiam a affirme\u0301 que ces individus ne figuraient pas dans la base de donne\u0301es du parti et ne pouvaient donc pas e\u0302tre conside\u0301re\u0301s comme des militants. Cette controverse a jete\u0301 un e\u0301clairage supple\u0301mentaire sur les tensions internes au sein du PDCI-RDA.<\/p>\n<p>La comparution de Tidjane Thiam devant le tribunal de premie\u0300re instance est pre\u0301vue pour le 27 fe\u0301vrier 2025, a\u0300 moins d\u2019un nouveau revirement de situation.<\/p>\n<p>En attendant, cette affaire continue de susciter des de\u0301bats et des interrogations sur l\u2019avenir politique du pre\u0301sident du PDCI-RDA et sur les luttes d\u2019influence au sein du parti.<\/p>\n<p><strong>Pour plus d&rsquo;informations et d&rsquo;analyses sur la <span style=\"color: #ff6600\">C\u00f4te d&rsquo;Ivoire<\/span>, suivez <span style=\"color: #ff6600\">Africa-Press<\/span><\/strong><\/p>\n","protected":false},"excerpt":{"rendered":"<p>Africa-Press &#8211; C\u00f4te d&rsquo;Ivoire. L\u2019affaire concernant l\u2019assignation en destitution de Tidjane Thiam, pre\u0301sident du PDCI-RDA, connai\u0302t un nouveau de\u0301veloppement. Les auteurs de la plainte initiale, de\u0301pose\u0301e le mardi 18 fe\u0301vrier 2025, ont finalement saisi la justice pour demander l\u2019annulation de leur propre action. Cette reque\u0302te, date\u0301e du vendredi 21 fe\u0301vrier, intervient seulement trois jours apre\u0300s [&hellip;]<\/p>\n","protected":false},"author":82,"featured_media":95607,"comment_status":"open","ping_status":"closed","sticky":false,"template":"","format":"standard","meta":{"footnotes":""},"categories":[2,10],"tags":[663,29,363,423,1335,1547],"class_list":["post-95608","post","type-post","status-publish","format-standard","has-post-thumbnail","hentry","category-politique","category-toutes-les-actualites","tag-congres","tag-cote-divoire","tag-parti","tag-pdci","tag-requete","tag-thiam"],"yoast_head":"<!-- This site is optimized with the Yoast SEO Premium plugin v26.1 (Yoast SEO v27.0) - https:\/\/yoast.com\/product\/yoast-seo-premium-wordpress\/ -->\n<title>PDCI, les auteurs de l&#039;assignation en destitution de Thiam se r\u00e9tractent et retirent leur plainte - C\u00f4te d&#039;Ivoire<\/title>\n<meta name=\"description\" content=\"L\u2019affaire concernant l\u2019assignation en destitution de Tidjane Thiam, pre\u0301sident du PDCI-RDA, connai\u0302t un nouveau de\u0301velop ...\" \/>\n<meta name=\"robots\" content=\"index, follow, max-snippet:-1, max-image-preview:large, max-video-preview:-1\" \/>\n<link rel=\"canonical\" href=\"https:\/\/www.africa-press.net\/cotedivoire\/politique\/pdci-les-auteurs-de-lassignation-en-destitution-de-thiam-se-retractent-et-retirent-leur-plainte\" \/>\n<meta property=\"og:locale\" content=\"fr_FR\" \/>\n<meta property=\"og:type\" content=\"article\" \/>\n<meta property=\"og:title\" content=\"PDCI, les auteurs de l&#039;assignation en destitution de Thiam se r\u00e9tractent et retirent leur plainte\" \/>\n<meta property=\"og:description\" content=\"L\u2019affaire concernant l\u2019assignation en destitution de Tidjane Thiam, pre\u0301sident du PDCI-RDA, connai\u0302t un nouveau de\u0301velop ...\" \/>\n<meta property=\"og:url\" content=\"https:\/\/www.africa-press.net\/cotedivoire\/politique\/pdci-les-auteurs-de-lassignation-en-destitution-de-thiam-se-retractent-et-retirent-leur-plainte\" \/>\n<meta property=\"og:site_name\" content=\"C\u00f4te d&#039;Ivoire\" \/>\n<meta property=\"article:published_time\" content=\"2025-02-25T16:36:40+00:00\" \/>\n<meta property=\"article:modified_time\" content=\"2025-04-21T15:19:30+00:00\" \/>\n<meta property=\"og:image\" content=\"https:\/\/static.africa-press.net\/cote\/sites\/43\/2025\/02\/sm_1740489628.854452.jpg\" \/>\n\t<meta property=\"og:image:width\" content=\"720\" \/>\n\t<meta property=\"og:image:height\" content=\"403\" \/>\n\t<meta property=\"og:image:type\" content=\"image\/jpeg\" \/>\n<meta name=\"author\" content=\"cfeditorfr\" \/>\n<meta name=\"twitter:card\" content=\"summary_large_image\" \/>\n<meta name=\"twitter:label1\" content=\"\u00c9crit par\" \/>\n\t<meta name=\"twitter:data1\" content=\"cfeditorfr\" \/>\n\t<meta name=\"twitter:label2\" content=\"Dur\u00e9e de lecture estim\u00e9e\" \/>\n\t<meta name=\"twitter:data2\" content=\"3 minutes\" \/>\n<script type=\"application\/ld+json\" class=\"yoast-schema-graph\">{\"@context\":\"https:\/\/schema.org\",\"@graph\":[{\"@type\":\"Article\",\"@id\":\"https:\/\/www.africa-press.net\/cotedivoire\/politique\/pdci-les-auteurs-de-lassignation-en-destitution-de-thiam-se-retractent-et-retirent-leur-plainte#article\",\"isPartOf\":{\"@id\":\"https:\/\/www.africa-press.net\/cotedivoire\/politique\/pdci-les-auteurs-de-lassignation-en-destitution-de-thiam-se-retractent-et-retirent-leur-plainte\"},\"author\":{\"name\":\"cfeditorfr\",\"@id\":\"https:\/\/www.africa-press.net\/cotedivoire\/#\/schema\/person\/2b1cf3cd81a31e3cd26889ca66d677f1\"},\"headline\":\"PDCI, les auteurs de l&rsquo;assignation en destitution de Thiam se r\u00e9tractent et retirent leur plainte\",\"datePublished\":\"2025-02-25T16:36:40+00:00\",\"dateModified\":\"2025-04-21T15:19:30+00:00\",\"mainEntityOfPage\":{\"@id\":\"https:\/\/www.africa-press.net\/cotedivoire\/politique\/pdci-les-auteurs-de-lassignation-en-destitution-de-thiam-se-retractent-et-retirent-leur-plainte\"},\"wordCount\":436,\"commentCount\":0,\"image\":{\"@id\":\"https:\/\/www.africa-press.net\/cotedivoire\/politique\/pdci-les-auteurs-de-lassignation-en-destitution-de-thiam-se-retractent-et-retirent-leur-plainte#primaryimage\"},\"thumbnailUrl\":\"https:\/\/static.africa-press.net\/cote\/sites\/43\/2025\/02\/sm_1740489628.854452.jpg\",\"keywords\":[\"congr\u00e8s\",\"C\u00d4TE D'IVOIRE\",\"Parti\",\"Pdci\",\"requ\u00eate\",\"Thiam\"],\"articleSection\":[\"Politique\",\"Toutes les actualit\u00e9s\"],\"inLanguage\":\"fr-FR\",\"potentialAction\":[{\"@type\":\"CommentAction\",\"name\":\"Comment\",\"target\":[\"https:\/\/www.africa-press.net\/cotedivoire\/politique\/pdci-les-auteurs-de-lassignation-en-destitution-de-thiam-se-retractent-et-retirent-leur-plainte#respond\"]}]},{\"@type\":\"WebPage\",\"@id\":\"https:\/\/www.africa-press.net\/cotedivoire\/politique\/pdci-les-auteurs-de-lassignation-en-destitution-de-thiam-se-retractent-et-retirent-leur-plainte\",\"url\":\"https:\/\/www.africa-press.net\/cotedivoire\/politique\/pdci-les-auteurs-de-lassignation-en-destitution-de-thiam-se-retractent-et-retirent-leur-plainte\",\"name\":\"PDCI, les auteurs de l'assignation en destitution de Thiam se r\u00e9tractent et retirent leur plainte - C\u00f4te d&#039;Ivoire\",\"isPartOf\":{\"@id\":\"https:\/\/www.africa-press.net\/cotedivoire\/#website\"},\"primaryImageOfPage\":{\"@id\":\"https:\/\/www.africa-press.net\/cotedivoire\/politique\/pdci-les-auteurs-de-lassignation-en-destitution-de-thiam-se-retractent-et-retirent-leur-plainte#primaryimage\"},\"image\":{\"@id\":\"https:\/\/www.africa-press.net\/cotedivoire\/politique\/pdci-les-auteurs-de-lassignation-en-destitution-de-thiam-se-retractent-et-retirent-leur-plainte#primaryimage\"},\"thumbnailUrl\":\"https:\/\/static.africa-press.net\/cote\/sites\/43\/2025\/02\/sm_1740489628.854452.jpg\",\"datePublished\":\"2025-02-25T16:36:40+00:00\",\"dateModified\":\"2025-04-21T15:19:30+00:00\",\"author\":{\"@id\":\"https:\/\/www.africa-press.net\/cotedivoire\/#\/schema\/person\/2b1cf3cd81a31e3cd26889ca66d677f1\"},\"description\":\"L\u2019affaire concernant l\u2019assignation en destitution de Tidjane Thiam, pre\u0301sident du PDCI-RDA, connai\u0302t un nouveau de\u0301velop ...\",\"breadcrumb\":{\"@id\":\"https:\/\/www.africa-press.net\/cotedivoire\/politique\/pdci-les-auteurs-de-lassignation-en-destitution-de-thiam-se-retractent-et-retirent-leur-plainte#breadcrumb\"},\"inLanguage\":\"fr-FR\",\"potentialAction\":[{\"@type\":\"ReadAction\",\"target\":[\"https:\/\/www.africa-press.net\/cotedivoire\/politique\/pdci-les-auteurs-de-lassignation-en-destitution-de-thiam-se-retractent-et-retirent-leur-plainte\"]}]},{\"@type\":\"ImageObject\",\"inLanguage\":\"fr-FR\",\"@id\":\"https:\/\/www.africa-press.net\/cotedivoire\/politique\/pdci-les-auteurs-de-lassignation-en-destitution-de-thiam-se-retractent-et-retirent-leur-plainte#primaryimage\",\"url\":\"https:\/\/static.africa-press.net\/cote\/sites\/43\/2025\/02\/sm_1740489628.854452.jpg\",\"contentUrl\":\"https:\/\/static.africa-press.net\/cote\/sites\/43\/2025\/02\/sm_1740489628.854452.jpg\",\"width\":720,\"height\":403,\"caption\":\"PDCI, les auteurs de l'assignation en destitution de Thiam se r\u00e9tractent et retirent leur plainte\"},{\"@type\":\"BreadcrumbList\",\"@id\":\"https:\/\/www.africa-press.net\/cotedivoire\/politique\/pdci-les-auteurs-de-lassignation-en-destitution-de-thiam-se-retractent-et-retirent-leur-plainte#breadcrumb\",\"itemListElement\":[{\"@type\":\"ListItem\",\"position\":1,\"name\":\"Accueil\",\"item\":\"https:\/\/www.africa-press.net\/cotedivoire\/\"},{\"@type\":\"ListItem\",\"position\":2,\"name\":\"PDCI, les auteurs de l&rsquo;assignation en destitution de Thiam se r\u00e9tractent et retirent leur plainte\"}]},{\"@type\":\"WebSite\",\"@id\":\"https:\/\/www.africa-press.net\/cotedivoire\/#website\",\"url\":\"https:\/\/www.africa-press.net\/cotedivoire\/\",\"name\":\"C\u00f4te d&#039;Ivoire\",\"description\":\"Just another Africa News Agency Sites site\",\"potentialAction\":[{\"@type\":\"SearchAction\",\"target\":{\"@type\":\"EntryPoint\",\"urlTemplate\":\"https:\/\/www.africa-press.net\/cotedivoire\/?s={search_term_string}\"},\"query-input\":{\"@type\":\"PropertyValueSpecification\",\"valueRequired\":true,\"valueName\":\"search_term_string\"}}],\"inLanguage\":\"fr-FR\"},{\"@type\":\"Person\",\"@id\":\"https:\/\/www.africa-press.net\/cotedivoire\/#\/schema\/person\/2b1cf3cd81a31e3cd26889ca66d677f1\",\"name\":\"cfeditorfr\"}]}<\/script>\n<!-- \/ Yoast SEO Premium plugin. -->","yoast_head_json":{"title":"PDCI, les auteurs de l'assignation en destitution de Thiam se r\u00e9tractent et retirent leur plainte - C\u00f4te d&#039;Ivoire","description":"L\u2019affaire concernant l\u2019assignation en destitution de Tidjane Thiam, pre\u0301sident du PDCI-RDA, connai\u0302t un nouveau de\u0301velop ...","robots":{"index":"index","follow":"follow","max-snippet":"max-snippet:-1","max-image-preview":"max-image-preview:large","max-video-preview":"max-video-preview:-1"},"canonical":"https:\/\/www.africa-press.net\/cotedivoire\/politique\/pdci-les-auteurs-de-lassignation-en-destitution-de-thiam-se-retractent-et-retirent-leur-plainte","og_locale":"fr_FR","og_type":"article","og_title":"PDCI, les auteurs de l'assignation en destitution de Thiam se r\u00e9tractent et retirent leur plainte","og_description":"L\u2019affaire concernant l\u2019assignation en destitution de Tidjane Thiam, pre\u0301sident du PDCI-RDA, connai\u0302t un nouveau de\u0301velop ...","og_url":"https:\/\/www.africa-press.net\/cotedivoire\/politique\/pdci-les-auteurs-de-lassignation-en-destitution-de-thiam-se-retractent-et-retirent-leur-plainte","og_site_name":"C\u00f4te d&#039;Ivoire","article_published_time":"2025-02-25T16:36:40+00:00","article_modified_time":"2025-04-21T15:19:30+00:00","og_image":[{"width":720,"height":403,"url":"https:\/\/static.africa-press.net\/cote\/sites\/43\/2025\/02\/sm_1740489628.854452.jpg","type":"image\/jpeg"}],"author":"cfeditorfr","twitter_card":"summary_large_image","twitter_misc":{"\u00c9crit par":"cfeditorfr","Dur\u00e9e de lecture estim\u00e9e":"3 minutes"},"schema":{"@context":"https:\/\/schema.org","@graph":[{"@type":"Article","@id":"https:\/\/www.africa-press.net\/cotedivoire\/politique\/pdci-les-auteurs-de-lassignation-en-destitution-de-thiam-se-retractent-et-retirent-leur-plainte#article","isPartOf":{"@id":"https:\/\/www.africa-press.net\/cotedivoire\/politique\/pdci-les-auteurs-de-lassignation-en-destitution-de-thiam-se-retractent-et-retirent-leur-plainte"},"author":{"name":"cfeditorfr","@id":"https:\/\/www.africa-press.net\/cotedivoire\/#\/schema\/person\/2b1cf3cd81a31e3cd26889ca66d677f1"},"headline":"PDCI, les auteurs de l&rsquo;assignation en destitution de Thiam se r\u00e9tractent et retirent leur plainte","datePublished":"2025-02-25T16:36:40+00:00","dateModified":"2025-04-21T15:19:30+00:00","mainEntityOfPage":{"@id":"https:\/\/www.africa-press.net\/cotedivoire\/politique\/pdci-les-auteurs-de-lassignation-en-destitution-de-thiam-se-retractent-et-retirent-leur-plainte"},"wordCount":436,"commentCount":0,"image":{"@id":"https:\/\/www.africa-press.net\/cotedivoire\/politique\/pdci-les-auteurs-de-lassignation-en-destitution-de-thiam-se-retractent-et-retirent-leur-plainte#primaryimage"},"thumbnailUrl":"https:\/\/static.africa-press.net\/cote\/sites\/43\/2025\/02\/sm_1740489628.854452.jpg","keywords":["congr\u00e8s","C\u00d4TE D'IVOIRE","Parti","Pdci","requ\u00eate","Thiam"],"articleSection":["Politique","Toutes les actualit\u00e9s"],"inLanguage":"fr-FR","potentialAction":[{"@type":"CommentAction","name":"Comment","target":["https:\/\/www.africa-press.net\/cotedivoire\/politique\/pdci-les-auteurs-de-lassignation-en-destitution-de-thiam-se-retractent-et-retirent-leur-plainte#respond"]}]},{"@type":"WebPage","@id":"https:\/\/www.africa-press.net\/cotedivoire\/politique\/pdci-les-auteurs-de-lassignation-en-destitution-de-thiam-se-retractent-et-retirent-leur-plainte","url":"https:\/\/www.africa-press.net\/cotedivoire\/politique\/pdci-les-auteurs-de-lassignation-en-destitution-de-thiam-se-retractent-et-retirent-leur-plainte","name":"PDCI, les auteurs de l'assignation en destitution de Thiam se r\u00e9tractent et retirent leur plainte - C\u00f4te d&#039;Ivoire","isPartOf":{"@id":"https:\/\/www.africa-press.net\/cotedivoire\/#website"},"primaryImageOfPage":{"@id":"https:\/\/www.africa-press.net\/cotedivoire\/politique\/pdci-les-auteurs-de-lassignation-en-destitution-de-thiam-se-retractent-et-retirent-leur-plainte#primaryimage"},"image":{"@id":"https:\/\/www.africa-press.net\/cotedivoire\/politique\/pdci-les-auteurs-de-lassignation-en-destitution-de-thiam-se-retractent-et-retirent-leur-plainte#primaryimage"},"thumbnailUrl":"https:\/\/static.africa-press.net\/cote\/sites\/43\/2025\/02\/sm_1740489628.854452.jpg","datePublished":"2025-02-25T16:36:40+00:00","dateModified":"2025-04-21T15:19:30+00:00","author":{"@id":"https:\/\/www.africa-press.net\/cotedivoire\/#\/schema\/person\/2b1cf3cd81a31e3cd26889ca66d677f1"},"description":"L\u2019affaire concernant l\u2019assignation en destitution de Tidjane Thiam, pre\u0301sident du PDCI-RDA, connai\u0302t un nouveau de\u0301velop ...","breadcrumb":{"@id":"https:\/\/www.africa-press.net\/cotedivoire\/politique\/pdci-les-auteurs-de-lassignation-en-destitution-de-thiam-se-retractent-et-retirent-leur-plainte#breadcrumb"},"inLanguage":"fr-FR","potentialAction":[{"@type":"ReadAction","target":["https:\/\/www.africa-press.net\/cotedivoire\/politique\/pdci-les-auteurs-de-lassignation-en-destitution-de-thiam-se-retractent-et-retirent-leur-plainte"]}]},{"@type":"ImageObject","inLanguage":"fr-FR","@id":"https:\/\/www.africa-press.net\/cotedivoire\/politique\/pdci-les-auteurs-de-lassignation-en-destitution-de-thiam-se-retractent-et-retirent-leur-plainte#primaryimage","url":"https:\/\/static.africa-press.net\/cote\/sites\/43\/2025\/02\/sm_1740489628.854452.jpg","contentUrl":"https:\/\/static.africa-press.net\/cote\/sites\/43\/2025\/02\/sm_1740489628.854452.jpg","width":720,"height":403,"caption":"PDCI, les auteurs de l'assignation en destitution de Thiam se r\u00e9tractent et retirent leur plainte"},{"@type":"BreadcrumbList","@id":"https:\/\/www.africa-press.net\/cotedivoire\/politique\/pdci-les-auteurs-de-lassignation-en-destitution-de-thiam-se-retractent-et-retirent-leur-plainte#breadcrumb","itemListElement":[{"@type":"ListItem","position":1,"name":"Accueil","item":"https:\/\/www.africa-press.net\/cotedivoire\/"},{"@type":"ListItem","position":2,"name":"PDCI, les auteurs de l&rsquo;assignation en destitution de Thiam se r\u00e9tractent et retirent leur plainte"}]},{"@type":"WebSite","@id":"https:\/\/www.africa-press.net\/cotedivoire\/#website","url":"https:\/\/www.africa-press.net\/cotedivoire\/","name":"C\u00f4te d&#039;Ivoire","description":"Just another Africa News Agency Sites site","potentialAction":[{"@type":"SearchAction","target":{"@type":"EntryPoint","urlTemplate":"https:\/\/www.africa-press.net\/cotedivoire\/?s={search_term_string}"},"query-input":{"@type":"PropertyValueSpecification","valueRequired":true,"valueName":"search_term_string"}}],"inLanguage":"fr-FR"},{"@type":"Person","@id":"https:\/\/www.africa-press.net\/cotedivoire\/#\/schema\/person\/2b1cf3cd81a31e3cd26889ca66d677f1","name":"cfeditorfr"}]}},"_links":{"self":[{"href":"https:\/\/www.africa-press.net\/cotedivoire\/wp-json\/wp\/v2\/posts\/95608","targetHints":{"allow":["GET"]}}],"collection":[{"href":"https:\/\/www.africa-press.net\/cotedivoire\/wp-json\/wp\/v2\/posts"}],"about":[{"href":"https:\/\/www.africa-press.net\/cotedivoire\/wp-json\/wp\/v2\/types\/post"}],"author":[{"embeddable":true,"href":"https:\/\/www.africa-press.net\/cotedivoire\/wp-json\/wp\/v2\/users\/82"}],"replies":[{"embeddable":true,"href":"https:\/\/www.africa-press.net\/cotedivoire\/wp-json\/wp\/v2\/comments?post=95608"}],"version-history":[{"count":0,"href":"https:\/\/www.africa-press.net\/cotedivoire\/wp-json\/wp\/v2\/posts\/95608\/revisions"}],"wp:featuredmedia":[{"embeddable":true,"href":"https:\/\/www.africa-press.net\/cotedivoire\/wp-json\/wp\/v2\/media\/95607"}],"wp:attachment":[{"href":"https:\/\/www.africa-press.net\/cotedivoire\/wp-json\/wp\/v2\/media?parent=95608"}],"wp:term":[{"taxonomy":"category","embeddable":true,"href":"https:\/\/www.africa-press.net\/cotedivoire\/wp-json\/wp\/v2\/categories?post=95608"},{"taxonomy":"post_tag","embeddable":true,"href":"https:\/\/www.africa-press.net\/cotedivoire\/wp-json\/wp\/v2\/tags?post=95608"}],"curies":[{"name":"wp","href":"https:\/\/api.w.org\/{rel}","templated":true}]}}