{"id":9573,"date":"2021-06-30T16:49:52","date_gmt":"2021-06-30T16:49:52","guid":{"rendered":"https:\/\/www.africa-press.net\/cotedivoire\/?p=9573"},"modified":"2021-06-30T18:46:43","modified_gmt":"2021-06-30T18:46:43","slug":"cote-divoire-le-patriarche-abou-cisse-sur-le-projet-de-divorce-de-gbagbo-laurent-la-separation-elle-meme-vient-de-dieu","status":"publish","type":"post","link":"https:\/\/www.africa-press.net\/cotedivoire\/politique\/cote-divoire-le-patriarche-abou-cisse-sur-le-projet-de-divorce-de-gbagbo-laurent-la-separation-elle-meme-vient-de-dieu","title":{"rendered":"Le patriarche Abou Ciss\u00e9 sur \u00able projet de divorce\u00bb de Gbagbo Laurent, \u00abla s\u00e9paration elle-m\u00eame vient de DIEU\u00bb"},"content":{"rendered":"<p><span style=\"color: #ff6600\"><strong><a href=\"https:\/\/www.africa-press.net\/\">Africa-Press<\/a> &#8211; <a href=\"https:\/\/www.africa-press.net\/cotedivoire\">C\u00f4te d&rsquo;Ivoire<\/a>. <\/strong><\/span><b>\u00ab Retour de Gbagbo Laurent, quelles perspectives pour la C\u00f4te-d\u2019Ivoire ?<\/b><\/p>\n<p>Je viens par ces mots en ce jour, signifier toute ma gratitude et dire merci au digne peuple de C\u00f4te D\u2019Ivoire pour sa d\u00e9termination et sa mobilisation exceptionnelle malgr\u00e9 la r\u00e9pression sauvage des forces de s\u00e9curit\u00e9 \u00e0 l\u2019accueil historique de notre h\u00e9ros National le Pr\u00e9sident GBAGBO LAURENT. Je suis en joie et cette joie l\u00e0 rien ne pourra l\u2019\u00e9branler car ma compr\u00e9hension des choses demeure forg\u00e9e en ALLAH, le Dieu Cr\u00e9ateur du Ciel, de la terre et de tout ce qu\u2019elle renferme. Pour moi, rien n\u2019arrive ici-bas si cela n\u2019est approuv\u00e9 spirituellement dans le plan de Dieu pour l\u2019orientation individuelle de la destin\u00e9e de chacun. Je vois et j\u2019entends \u00e7\u00e0 et l\u00e0 des gens se perdre dans des d\u00e9bats \u00e9motionnels sur des sujets qu\u2019ils ne ma\u00eetrisent pas.<\/p>\n<p>Concernant le cas du projet de divorce du couple GBAGBO, j\u2019aimerais inviter les uns et les autres \u00e0 la retenue et \u00e0 un sens profond d\u2019analyse et de r\u00e9flexion. Personne en mettant les pieds \u00e0 la mairie pour le mariage ne songe au divorce et pourtant malheureusement quand l\u2019un ou l\u2019autre des conjoints ne se sent plus dans la relation pour des convenances personnelles l\u2019on finit bien par assister impuissant au divorce. La s\u00e9paration elle-m\u00eame vient de DIEU, c\u2019est seule la division qui est l\u2019\u0153uvre des forces du mal qu\u2019il nous faut combattre.<\/p>\n<p>Quand tu n\u2019as pas tes pieds dans les chaussures de quelqu\u2019un, \u00e9vites de critiquer sa d\u00e9marche, nous dit l\u2019adage. Il n\u2019existe pas de bonne p\u00e9riode ou de moment id\u00e9al pour demander le divorce qui est l\u2019aboutissement d\u2019une s\u00e9rie de m\u00e9contentements de l\u2019un ou des deux conjoints. Sur ce, j\u2019invite une fois de plus les uns et les autres \u00e0 \u00e9viter de ruer dans les brancards et de jeter les quolibets sur le Pr\u00e9sident GBAGBO LAURENT qui a d\u00e9j\u00e0 assez souffert durant ces deux derni\u00e8res d\u00e9cennies de divers trahisons de certains de ses plus proches collaborateurs. Son \u00e9pouse SIMONE aussi a travers\u00e9 des tumultes et non des moindres.<\/p>\n<p>Nous gagnerons plut\u00f4t \u00e0 les soutenir dans nos diff\u00e9rentes pri\u00e8res plut\u00f4t que de prendre position pour l\u2019un ou l\u2019autre de ces deux vaillants combattants infatigables de la d\u00e9mocratie.<\/p>\n<p>Concentrons-nous sur l\u2019essentiel loin du tintamarre des paparazzis qui ont pour but de nous distraire.<\/p>\n<p>Le Pr\u00e9sident GBAGBO est l\u00e0 comme nous l\u2019avons tous souhait\u00e9.<\/p>\n<p>Quelle est sa ligne directrice pour la C\u00f4te D\u2019Ivoire, la soci\u00e9t\u00e9 civile, le Peuple ivoirien ?<\/p>\n<p>Telle doit \u00eatre notre pr\u00e9occupation actuelle au nom du combat que nous menons depuis belle lurette.<\/p>\n<p>&nbsp;<\/p>\n","protected":false},"excerpt":{"rendered":"<p>Africa-Press &#8211; C\u00f4te d&rsquo;Ivoire. \u00ab Retour de Gbagbo Laurent, quelles perspectives pour la C\u00f4te-d\u2019Ivoire ? Je viens par ces mots en ce jour, signifier toute ma gratitude et dire merci au digne peuple de C\u00f4te D\u2019Ivoire pour sa d\u00e9termination et sa mobilisation exceptionnelle malgr\u00e9 la r\u00e9pression sauvage des forces de s\u00e9curit\u00e9 \u00e0 l\u2019accueil historique de [&hellip;]<\/p>\n","protected":false},"author":82,"featured_media":9572,"comment_status":"open","ping_status":"closed","sticky":false,"template":"","format":"standard","meta":{"footnotes":""},"categories":[11,2,10],"tags":[56,63,29],"class_list":["post-9573","post","type-post","status-publish","format-standard","has-post-thumbnail","hentry","category-homepage-french","category-politique","category-toutes-les-actualites","tag-africa-press","tag-africa-press-cote-divoire","tag-cote-divoire"],"yoast_head":"<!-- This site is optimized with the Yoast SEO Premium plugin v26.1 (Yoast SEO v27.0) - https:\/\/yoast.com\/product\/yoast-seo-premium-wordpress\/ -->\n<title>Le patriarche Abou Ciss\u00e9 sur \u00able projet de divorce\u00bb de Gbagbo Laurent, \u00abla s\u00e9paration elle-m\u00eame vient de DIEU\u00bb - C\u00f4te d&#039;Ivoire<\/title>\n<meta name=\"description\" content=\"\u00ab Retour de Gbagbo Laurent, quelles perspectives pour la C\u00f4te-d\u2019Ivoire ? Je viens par ces mots en ce jour, signi ...\" \/>\n<meta name=\"robots\" content=\"index, follow, max-snippet:-1, max-image-preview:large, max-video-preview:-1\" \/>\n<link rel=\"canonical\" href=\"https:\/\/www.africa-press.net\/cotedivoire\/politique\/cote-divoire-le-patriarche-abou-cisse-sur-le-projet-de-divorce-de-gbagbo-laurent-la-separation-elle-meme-vient-de-dieu\" \/>\n<meta property=\"og:locale\" content=\"fr_FR\" \/>\n<meta property=\"og:type\" content=\"article\" \/>\n<meta property=\"og:title\" content=\"Le patriarche Abou Ciss\u00e9 sur \u00able projet de divorce\u00bb de Gbagbo Laurent, \u00abla s\u00e9paration elle-m\u00eame vient de DIEU\u00bb\" \/>\n<meta property=\"og:description\" content=\"\u00ab Retour de Gbagbo Laurent, quelles perspectives pour la C\u00f4te-d\u2019Ivoire ? Je viens par ces mots en ce jour, signi ...\" \/>\n<meta property=\"og:url\" content=\"https:\/\/www.africa-press.net\/cotedivoire\/politique\/cote-divoire-le-patriarche-abou-cisse-sur-le-projet-de-divorce-de-gbagbo-laurent-la-separation-elle-meme-vient-de-dieu\" \/>\n<meta property=\"og:site_name\" content=\"C\u00f4te d&#039;Ivoire\" \/>\n<meta property=\"article:published_time\" content=\"2021-06-30T16:49:52+00:00\" \/>\n<meta property=\"article:modified_time\" content=\"2021-06-30T18:46:43+00:00\" \/>\n<meta property=\"og:image\" content=\"https:\/\/static.africa-press.net\/cote\/sites\/43\/2021\/06\/img-60dc9fadb0e65.jpg\" \/>\n\t<meta property=\"og:image:width\" content=\"720\" \/>\n\t<meta property=\"og:image:height\" content=\"745\" \/>\n\t<meta property=\"og:image:type\" content=\"image\/jpeg\" \/>\n<meta name=\"author\" content=\"cfeditorfr\" \/>\n<meta name=\"twitter:card\" content=\"summary_large_image\" \/>\n<meta name=\"twitter:label1\" content=\"\u00c9crit par\" \/>\n\t<meta name=\"twitter:data1\" content=\"cfeditorfr\" \/>\n\t<meta name=\"twitter:label2\" content=\"Dur\u00e9e de lecture estim\u00e9e\" \/>\n\t<meta name=\"twitter:data2\" content=\"2 minutes\" \/>\n<script type=\"application\/ld+json\" class=\"yoast-schema-graph\">{\"@context\":\"https:\/\/schema.org\",\"@graph\":[{\"@type\":\"Article\",\"@id\":\"https:\/\/www.africa-press.net\/cotedivoire\/politique\/cote-divoire-le-patriarche-abou-cisse-sur-le-projet-de-divorce-de-gbagbo-laurent-la-separation-elle-meme-vient-de-dieu#article\",\"isPartOf\":{\"@id\":\"https:\/\/www.africa-press.net\/cotedivoire\/politique\/cote-divoire-le-patriarche-abou-cisse-sur-le-projet-de-divorce-de-gbagbo-laurent-la-separation-elle-meme-vient-de-dieu\"},\"author\":{\"name\":\"cfeditorfr\",\"@id\":\"https:\/\/www.africa-press.net\/cotedivoire\/#\/schema\/person\/2b1cf3cd81a31e3cd26889ca66d677f1\"},\"headline\":\"Le patriarche Abou Ciss\u00e9 sur \u00able projet de divorce\u00bb de Gbagbo Laurent, \u00abla s\u00e9paration elle-m\u00eame vient de DIEU\u00bb\",\"datePublished\":\"2021-06-30T16:49:52+00:00\",\"dateModified\":\"2021-06-30T18:46:43+00:00\",\"mainEntityOfPage\":{\"@id\":\"https:\/\/www.africa-press.net\/cotedivoire\/politique\/cote-divoire-le-patriarche-abou-cisse-sur-le-projet-de-divorce-de-gbagbo-laurent-la-separation-elle-meme-vient-de-dieu\"},\"wordCount\":505,\"commentCount\":0,\"image\":{\"@id\":\"https:\/\/www.africa-press.net\/cotedivoire\/politique\/cote-divoire-le-patriarche-abou-cisse-sur-le-projet-de-divorce-de-gbagbo-laurent-la-separation-elle-meme-vient-de-dieu#primaryimage\"},\"thumbnailUrl\":\"https:\/\/static.africa-press.net\/cote\/sites\/43\/2021\/06\/img-60dc9fadb0e65.jpg\",\"keywords\":[\"Africa Press\",\"Africa Press-C\u00f4te d'Ivoire\",\"C\u00d4TE D'IVOIRE\"],\"articleSection\":[\"homepage-french\",\"Politique\",\"Toutes les actualit\u00e9s\"],\"inLanguage\":\"fr-FR\",\"potentialAction\":[{\"@type\":\"CommentAction\",\"name\":\"Comment\",\"target\":[\"https:\/\/www.africa-press.net\/cotedivoire\/politique\/cote-divoire-le-patriarche-abou-cisse-sur-le-projet-de-divorce-de-gbagbo-laurent-la-separation-elle-meme-vient-de-dieu#respond\"]}]},{\"@type\":\"WebPage\",\"@id\":\"https:\/\/www.africa-press.net\/cotedivoire\/politique\/cote-divoire-le-patriarche-abou-cisse-sur-le-projet-de-divorce-de-gbagbo-laurent-la-separation-elle-meme-vient-de-dieu\",\"url\":\"https:\/\/www.africa-press.net\/cotedivoire\/politique\/cote-divoire-le-patriarche-abou-cisse-sur-le-projet-de-divorce-de-gbagbo-laurent-la-separation-elle-meme-vient-de-dieu\",\"name\":\"Le patriarche Abou Ciss\u00e9 sur \u00able projet de divorce\u00bb de Gbagbo Laurent, \u00abla s\u00e9paration elle-m\u00eame vient de DIEU\u00bb - C\u00f4te d&#039;Ivoire\",\"isPartOf\":{\"@id\":\"https:\/\/www.africa-press.net\/cotedivoire\/#website\"},\"primaryImageOfPage\":{\"@id\":\"https:\/\/www.africa-press.net\/cotedivoire\/politique\/cote-divoire-le-patriarche-abou-cisse-sur-le-projet-de-divorce-de-gbagbo-laurent-la-separation-elle-meme-vient-de-dieu#primaryimage\"},\"image\":{\"@id\":\"https:\/\/www.africa-press.net\/cotedivoire\/politique\/cote-divoire-le-patriarche-abou-cisse-sur-le-projet-de-divorce-de-gbagbo-laurent-la-separation-elle-meme-vient-de-dieu#primaryimage\"},\"thumbnailUrl\":\"https:\/\/static.africa-press.net\/cote\/sites\/43\/2021\/06\/img-60dc9fadb0e65.jpg\",\"datePublished\":\"2021-06-30T16:49:52+00:00\",\"dateModified\":\"2021-06-30T18:46:43+00:00\",\"author\":{\"@id\":\"https:\/\/www.africa-press.net\/cotedivoire\/#\/schema\/person\/2b1cf3cd81a31e3cd26889ca66d677f1\"},\"description\":\"\u00ab Retour de Gbagbo Laurent, quelles perspectives pour la C\u00f4te-d\u2019Ivoire ? Je viens par ces mots en ce jour, signi ...\",\"breadcrumb\":{\"@id\":\"https:\/\/www.africa-press.net\/cotedivoire\/politique\/cote-divoire-le-patriarche-abou-cisse-sur-le-projet-de-divorce-de-gbagbo-laurent-la-separation-elle-meme-vient-de-dieu#breadcrumb\"},\"inLanguage\":\"fr-FR\",\"potentialAction\":[{\"@type\":\"ReadAction\",\"target\":[\"https:\/\/www.africa-press.net\/cotedivoire\/politique\/cote-divoire-le-patriarche-abou-cisse-sur-le-projet-de-divorce-de-gbagbo-laurent-la-separation-elle-meme-vient-de-dieu\"]}]},{\"@type\":\"ImageObject\",\"inLanguage\":\"fr-FR\",\"@id\":\"https:\/\/www.africa-press.net\/cotedivoire\/politique\/cote-divoire-le-patriarche-abou-cisse-sur-le-projet-de-divorce-de-gbagbo-laurent-la-separation-elle-meme-vient-de-dieu#primaryimage\",\"url\":\"https:\/\/static.africa-press.net\/cote\/sites\/43\/2021\/06\/img-60dc9fadb0e65.jpg\",\"contentUrl\":\"https:\/\/static.africa-press.net\/cote\/sites\/43\/2021\/06\/img-60dc9fadb0e65.jpg\",\"width\":720,\"height\":745,\"caption\":\"C\u00f4te-d\u2019Ivoire: Le patriarche Abou Ciss\u00e9 sur \u00able projet de divorce\u00bb de Gbagbo Laurent, \u00abla s\u00e9paration elle-m\u00eame vient de DIEU\u00bb\"},{\"@type\":\"BreadcrumbList\",\"@id\":\"https:\/\/www.africa-press.net\/cotedivoire\/politique\/cote-divoire-le-patriarche-abou-cisse-sur-le-projet-de-divorce-de-gbagbo-laurent-la-separation-elle-meme-vient-de-dieu#breadcrumb\",\"itemListElement\":[{\"@type\":\"ListItem\",\"position\":1,\"name\":\"Accueil\",\"item\":\"https:\/\/www.africa-press.net\/cotedivoire\/\"},{\"@type\":\"ListItem\",\"position\":2,\"name\":\"Le patriarche Abou Ciss\u00e9 sur \u00able projet de divorce\u00bb de Gbagbo Laurent, \u00abla s\u00e9paration elle-m\u00eame vient de DIEU\u00bb\"}]},{\"@type\":\"WebSite\",\"@id\":\"https:\/\/www.africa-press.net\/cotedivoire\/#website\",\"url\":\"https:\/\/www.africa-press.net\/cotedivoire\/\",\"name\":\"C\u00f4te d&#039;Ivoire\",\"description\":\"Just another Africa News Agency Sites site\",\"potentialAction\":[{\"@type\":\"SearchAction\",\"target\":{\"@type\":\"EntryPoint\",\"urlTemplate\":\"https:\/\/www.africa-press.net\/cotedivoire\/?s={search_term_string}\"},\"query-input\":{\"@type\":\"PropertyValueSpecification\",\"valueRequired\":true,\"valueName\":\"search_term_string\"}}],\"inLanguage\":\"fr-FR\"},{\"@type\":\"Person\",\"@id\":\"https:\/\/www.africa-press.net\/cotedivoire\/#\/schema\/person\/2b1cf3cd81a31e3cd26889ca66d677f1\",\"name\":\"cfeditorfr\"}]}<\/script>\n<!-- \/ Yoast SEO Premium plugin. -->","yoast_head_json":{"title":"Le patriarche Abou Ciss\u00e9 sur \u00able projet de divorce\u00bb de Gbagbo Laurent, \u00abla s\u00e9paration elle-m\u00eame vient de DIEU\u00bb - C\u00f4te d&#039;Ivoire","description":"\u00ab Retour de Gbagbo Laurent, quelles perspectives pour la C\u00f4te-d\u2019Ivoire ? Je viens par ces mots en ce jour, signi ...","robots":{"index":"index","follow":"follow","max-snippet":"max-snippet:-1","max-image-preview":"max-image-preview:large","max-video-preview":"max-video-preview:-1"},"canonical":"https:\/\/www.africa-press.net\/cotedivoire\/politique\/cote-divoire-le-patriarche-abou-cisse-sur-le-projet-de-divorce-de-gbagbo-laurent-la-separation-elle-meme-vient-de-dieu","og_locale":"fr_FR","og_type":"article","og_title":"Le patriarche Abou Ciss\u00e9 sur \u00able projet de divorce\u00bb de Gbagbo Laurent, \u00abla s\u00e9paration elle-m\u00eame vient de DIEU\u00bb","og_description":"\u00ab Retour de Gbagbo Laurent, quelles perspectives pour la C\u00f4te-d\u2019Ivoire ? Je viens par ces mots en ce jour, signi ...","og_url":"https:\/\/www.africa-press.net\/cotedivoire\/politique\/cote-divoire-le-patriarche-abou-cisse-sur-le-projet-de-divorce-de-gbagbo-laurent-la-separation-elle-meme-vient-de-dieu","og_site_name":"C\u00f4te d&#039;Ivoire","article_published_time":"2021-06-30T16:49:52+00:00","article_modified_time":"2021-06-30T18:46:43+00:00","og_image":[{"width":720,"height":745,"url":"https:\/\/static.africa-press.net\/cote\/sites\/43\/2021\/06\/img-60dc9fadb0e65.jpg","type":"image\/jpeg"}],"author":"cfeditorfr","twitter_card":"summary_large_image","twitter_misc":{"\u00c9crit par":"cfeditorfr","Dur\u00e9e de lecture estim\u00e9e":"2 minutes"},"schema":{"@context":"https:\/\/schema.org","@graph":[{"@type":"Article","@id":"https:\/\/www.africa-press.net\/cotedivoire\/politique\/cote-divoire-le-patriarche-abou-cisse-sur-le-projet-de-divorce-de-gbagbo-laurent-la-separation-elle-meme-vient-de-dieu#article","isPartOf":{"@id":"https:\/\/www.africa-press.net\/cotedivoire\/politique\/cote-divoire-le-patriarche-abou-cisse-sur-le-projet-de-divorce-de-gbagbo-laurent-la-separation-elle-meme-vient-de-dieu"},"author":{"name":"cfeditorfr","@id":"https:\/\/www.africa-press.net\/cotedivoire\/#\/schema\/person\/2b1cf3cd81a31e3cd26889ca66d677f1"},"headline":"Le patriarche Abou Ciss\u00e9 sur \u00able projet de divorce\u00bb de Gbagbo Laurent, \u00abla s\u00e9paration elle-m\u00eame vient de DIEU\u00bb","datePublished":"2021-06-30T16:49:52+00:00","dateModified":"2021-06-30T18:46:43+00:00","mainEntityOfPage":{"@id":"https:\/\/www.africa-press.net\/cotedivoire\/politique\/cote-divoire-le-patriarche-abou-cisse-sur-le-projet-de-divorce-de-gbagbo-laurent-la-separation-elle-meme-vient-de-dieu"},"wordCount":505,"commentCount":0,"image":{"@id":"https:\/\/www.africa-press.net\/cotedivoire\/politique\/cote-divoire-le-patriarche-abou-cisse-sur-le-projet-de-divorce-de-gbagbo-laurent-la-separation-elle-meme-vient-de-dieu#primaryimage"},"thumbnailUrl":"https:\/\/static.africa-press.net\/cote\/sites\/43\/2021\/06\/img-60dc9fadb0e65.jpg","keywords":["Africa Press","Africa Press-C\u00f4te d'Ivoire","C\u00d4TE D'IVOIRE"],"articleSection":["homepage-french","Politique","Toutes les actualit\u00e9s"],"inLanguage":"fr-FR","potentialAction":[{"@type":"CommentAction","name":"Comment","target":["https:\/\/www.africa-press.net\/cotedivoire\/politique\/cote-divoire-le-patriarche-abou-cisse-sur-le-projet-de-divorce-de-gbagbo-laurent-la-separation-elle-meme-vient-de-dieu#respond"]}]},{"@type":"WebPage","@id":"https:\/\/www.africa-press.net\/cotedivoire\/politique\/cote-divoire-le-patriarche-abou-cisse-sur-le-projet-de-divorce-de-gbagbo-laurent-la-separation-elle-meme-vient-de-dieu","url":"https:\/\/www.africa-press.net\/cotedivoire\/politique\/cote-divoire-le-patriarche-abou-cisse-sur-le-projet-de-divorce-de-gbagbo-laurent-la-separation-elle-meme-vient-de-dieu","name":"Le patriarche Abou Ciss\u00e9 sur \u00able projet de divorce\u00bb de Gbagbo Laurent, \u00abla s\u00e9paration elle-m\u00eame vient de DIEU\u00bb - C\u00f4te d&#039;Ivoire","isPartOf":{"@id":"https:\/\/www.africa-press.net\/cotedivoire\/#website"},"primaryImageOfPage":{"@id":"https:\/\/www.africa-press.net\/cotedivoire\/politique\/cote-divoire-le-patriarche-abou-cisse-sur-le-projet-de-divorce-de-gbagbo-laurent-la-separation-elle-meme-vient-de-dieu#primaryimage"},"image":{"@id":"https:\/\/www.africa-press.net\/cotedivoire\/politique\/cote-divoire-le-patriarche-abou-cisse-sur-le-projet-de-divorce-de-gbagbo-laurent-la-separation-elle-meme-vient-de-dieu#primaryimage"},"thumbnailUrl":"https:\/\/static.africa-press.net\/cote\/sites\/43\/2021\/06\/img-60dc9fadb0e65.jpg","datePublished":"2021-06-30T16:49:52+00:00","dateModified":"2021-06-30T18:46:43+00:00","author":{"@id":"https:\/\/www.africa-press.net\/cotedivoire\/#\/schema\/person\/2b1cf3cd81a31e3cd26889ca66d677f1"},"description":"\u00ab Retour de Gbagbo Laurent, quelles perspectives pour la C\u00f4te-d\u2019Ivoire ? Je viens par ces mots en ce jour, signi ...","breadcrumb":{"@id":"https:\/\/www.africa-press.net\/cotedivoire\/politique\/cote-divoire-le-patriarche-abou-cisse-sur-le-projet-de-divorce-de-gbagbo-laurent-la-separation-elle-meme-vient-de-dieu#breadcrumb"},"inLanguage":"fr-FR","potentialAction":[{"@type":"ReadAction","target":["https:\/\/www.africa-press.net\/cotedivoire\/politique\/cote-divoire-le-patriarche-abou-cisse-sur-le-projet-de-divorce-de-gbagbo-laurent-la-separation-elle-meme-vient-de-dieu"]}]},{"@type":"ImageObject","inLanguage":"fr-FR","@id":"https:\/\/www.africa-press.net\/cotedivoire\/politique\/cote-divoire-le-patriarche-abou-cisse-sur-le-projet-de-divorce-de-gbagbo-laurent-la-separation-elle-meme-vient-de-dieu#primaryimage","url":"https:\/\/static.africa-press.net\/cote\/sites\/43\/2021\/06\/img-60dc9fadb0e65.jpg","contentUrl":"https:\/\/static.africa-press.net\/cote\/sites\/43\/2021\/06\/img-60dc9fadb0e65.jpg","width":720,"height":745,"caption":"C\u00f4te-d\u2019Ivoire: Le patriarche Abou Ciss\u00e9 sur \u00able projet de divorce\u00bb de Gbagbo Laurent, \u00abla s\u00e9paration elle-m\u00eame vient de DIEU\u00bb"},{"@type":"BreadcrumbList","@id":"https:\/\/www.africa-press.net\/cotedivoire\/politique\/cote-divoire-le-patriarche-abou-cisse-sur-le-projet-de-divorce-de-gbagbo-laurent-la-separation-elle-meme-vient-de-dieu#breadcrumb","itemListElement":[{"@type":"ListItem","position":1,"name":"Accueil","item":"https:\/\/www.africa-press.net\/cotedivoire\/"},{"@type":"ListItem","position":2,"name":"Le patriarche Abou Ciss\u00e9 sur \u00able projet de divorce\u00bb de Gbagbo Laurent, \u00abla s\u00e9paration elle-m\u00eame vient de DIEU\u00bb"}]},{"@type":"WebSite","@id":"https:\/\/www.africa-press.net\/cotedivoire\/#website","url":"https:\/\/www.africa-press.net\/cotedivoire\/","name":"C\u00f4te d&#039;Ivoire","description":"Just another Africa News Agency Sites site","potentialAction":[{"@type":"SearchAction","target":{"@type":"EntryPoint","urlTemplate":"https:\/\/www.africa-press.net\/cotedivoire\/?s={search_term_string}"},"query-input":{"@type":"PropertyValueSpecification","valueRequired":true,"valueName":"search_term_string"}}],"inLanguage":"fr-FR"},{"@type":"Person","@id":"https:\/\/www.africa-press.net\/cotedivoire\/#\/schema\/person\/2b1cf3cd81a31e3cd26889ca66d677f1","name":"cfeditorfr"}]}},"_links":{"self":[{"href":"https:\/\/www.africa-press.net\/cotedivoire\/wp-json\/wp\/v2\/posts\/9573","targetHints":{"allow":["GET"]}}],"collection":[{"href":"https:\/\/www.africa-press.net\/cotedivoire\/wp-json\/wp\/v2\/posts"}],"about":[{"href":"https:\/\/www.africa-press.net\/cotedivoire\/wp-json\/wp\/v2\/types\/post"}],"author":[{"embeddable":true,"href":"https:\/\/www.africa-press.net\/cotedivoire\/wp-json\/wp\/v2\/users\/82"}],"replies":[{"embeddable":true,"href":"https:\/\/www.africa-press.net\/cotedivoire\/wp-json\/wp\/v2\/comments?post=9573"}],"version-history":[{"count":0,"href":"https:\/\/www.africa-press.net\/cotedivoire\/wp-json\/wp\/v2\/posts\/9573\/revisions"}],"wp:featuredmedia":[{"embeddable":true,"href":"https:\/\/www.africa-press.net\/cotedivoire\/wp-json\/wp\/v2\/media\/9572"}],"wp:attachment":[{"href":"https:\/\/www.africa-press.net\/cotedivoire\/wp-json\/wp\/v2\/media?parent=9573"}],"wp:term":[{"taxonomy":"category","embeddable":true,"href":"https:\/\/www.africa-press.net\/cotedivoire\/wp-json\/wp\/v2\/categories?post=9573"},{"taxonomy":"post_tag","embeddable":true,"href":"https:\/\/www.africa-press.net\/cotedivoire\/wp-json\/wp\/v2\/tags?post=9573"}],"curies":[{"name":"wp","href":"https:\/\/api.w.org\/{rel}","templated":true}]}}