{"id":9576,"date":"2021-06-30T16:55:51","date_gmt":"2021-06-30T16:55:51","guid":{"rendered":"https:\/\/www.africa-press.net\/cotedivoire\/?p=9576"},"modified":"2021-06-30T18:46:51","modified_gmt":"2021-06-30T18:46:51","slug":"le-patronat-appelle-a-developper-lindustrie-pharmaceutique-en-cote-divoire","status":"publish","type":"post","link":"https:\/\/www.africa-press.net\/cotedivoire\/economie\/le-patronat-appelle-a-developper-lindustrie-pharmaceutique-en-cote-divoire","title":{"rendered":"Le patronat appelle \u00e0 d\u00e9velopper l\u2019industrie pharmaceutique en C\u00f4te-d\u2019Ivoire"},"content":{"rendered":"<p><span style=\"color: #ff6600\"><strong><a href=\"https:\/\/www.africa-press.net\/\">Africa-Press<\/a> &#8211; <a href=\"https:\/\/www.africa-press.net\/cotedivoire\">C\u00f4te d&rsquo;Ivoire<\/a>. <\/strong><\/span>La Conf\u00e9d\u00e9ration g\u00e9n\u00e9rale des entreprises de C\u00f4te d\u2019Ivoire (Cgeci) a tenu, ce mardi 29 juin, son assembl\u00e9e g\u00e9n\u00e9rale annuelle marqu\u00e9e par le renouvellement d\u2019une partie des membres du Conseil d\u2019administration et l\u2019adh\u00e9sion du Groupement des miniers de C\u00f4te de d\u2019Ivoire (Gpmci).<\/p>\n<p>Si les emplois ont \u00e9t\u00e9 contenus dans le secteur priv\u00e9 en C\u00f4te d\u2019Ivoire, au d\u00e9but de la pand\u00e9mie, le pr\u00e9sident de l\u2019organisation, Jean Marie Ackah, note cependant que les entreprises ont subi une baisse de leur chiffre d\u2019affaires allant de 20 \u00e0 25%. \u00ab La Conf\u00e9d\u00e9ration s\u2019est ainsi mobilis\u00e9e pour rechercher, en partenariat avec les autorit\u00e9s publiques, des solutions \u00e0 m\u00eame de soutenir les entreprises, d\u2019o\u00f9 l\u2019\u00e9laboration d\u2019un plan de riposte \u00e9conomique, social et humanitaire \u00bb, dit-il. Pour lui, compte tenu du contexte de la Covid-19, les entreprises doivent s\u2019engager aujourd\u2019hui \u00e0 d\u00e9velopper l\u2019industrie pharmaceutique pour en faire non seulement un outil strat\u00e9gique de sant\u00e9 publique, mais aussi un secteur \u00e9conomique florissant, \u00e0 forte valeur ajout\u00e9e. Tout en s\u2019inspirant du livre blanc sur l\u2019industrialisation \u00e9dit\u00e9 par la Cgeci comprenant un ensemble de mesures pour l\u2019industrialisation de la C\u00f4te d\u2019Ivoire.<\/p>\n<p>\u00ab Le moment est propice, aussi, pour revisiter notre mod\u00e8le de croissance et l\u2019adapter \u00e0 l\u2019indispensable changement structurel qui doit nous faire passer d\u2019exportateur de mati\u00e8res brutes aux prix volatiles \u00e0 exportateur de produits manufactur\u00e9s qui profiteront du vaste march\u00e9 africain de 1,2 milliard de consommateurs potentiels qui s\u2019ouvre avec la Zone de libre-\u00e9change \u00e9conomique continentale africaine \u00bb, a soutenu le pr\u00e9sident de la Cgeci.<\/p>\n<p>Dans le cadre de sa collaboration avec l\u2019Etat de C\u00f4te d\u2019Ivoire, le patronat s\u2019est f\u00e9licite des avanc\u00e9es dans la prise en compte de ses pr\u00e9occupations telles que les remboursements de cr\u00e9dits de Tva gel\u00e9s pendant la crise sanitaire, et le remboursement d\u2019une partie des dettes dues aux \u00e9coles priv\u00e9es.<\/p>\n<p>&nbsp;<\/p>\n","protected":false},"excerpt":{"rendered":"<p>Africa-Press &#8211; C\u00f4te d&rsquo;Ivoire. La Conf\u00e9d\u00e9ration g\u00e9n\u00e9rale des entreprises de C\u00f4te d\u2019Ivoire (Cgeci) a tenu, ce mardi 29 juin, son assembl\u00e9e g\u00e9n\u00e9rale annuelle marqu\u00e9e par le renouvellement d\u2019une partie des membres du Conseil d\u2019administration et l\u2019adh\u00e9sion du Groupement des miniers de C\u00f4te de d\u2019Ivoire (Gpmci). Si les emplois ont \u00e9t\u00e9 contenus dans le secteur priv\u00e9 [&hellip;]<\/p>\n","protected":false},"author":82,"featured_media":9575,"comment_status":"open","ping_status":"closed","sticky":false,"template":"","format":"standard","meta":{"footnotes":""},"categories":[3,11,10],"tags":[56,63,29],"class_list":["post-9576","post","type-post","status-publish","format-standard","has-post-thumbnail","hentry","category-economie","category-homepage-french","category-toutes-les-actualites","tag-africa-press","tag-africa-press-cote-divoire","tag-cote-divoire"],"yoast_head":"<!-- This site is optimized with the Yoast SEO Premium plugin v26.1 (Yoast SEO v27.0) - https:\/\/yoast.com\/product\/yoast-seo-premium-wordpress\/ -->\n<title>Le patronat appelle \u00e0 d\u00e9velopper l\u2019industrie pharmaceutique en C\u00f4te-d\u2019Ivoire - C\u00f4te d&#039;Ivoire<\/title>\n<meta name=\"description\" content=\"La Conf\u00e9d\u00e9ration g\u00e9n\u00e9rale des entreprises de C\u00f4te d\u2019Ivoire (Cgeci) a tenu, ce mardi 29 juin, son assembl\u00e9e g\u00e9n\u00e9rale annu ...\" \/>\n<meta name=\"robots\" content=\"index, follow, max-snippet:-1, max-image-preview:large, max-video-preview:-1\" \/>\n<link rel=\"canonical\" href=\"https:\/\/www.africa-press.net\/cotedivoire\/economie\/le-patronat-appelle-a-developper-lindustrie-pharmaceutique-en-cote-divoire\" \/>\n<meta property=\"og:locale\" content=\"fr_FR\" \/>\n<meta property=\"og:type\" content=\"article\" \/>\n<meta property=\"og:title\" content=\"Le patronat appelle \u00e0 d\u00e9velopper l\u2019industrie pharmaceutique en C\u00f4te-d\u2019Ivoire\" \/>\n<meta property=\"og:description\" content=\"La Conf\u00e9d\u00e9ration g\u00e9n\u00e9rale des entreprises de C\u00f4te d\u2019Ivoire (Cgeci) a tenu, ce mardi 29 juin, son assembl\u00e9e g\u00e9n\u00e9rale annu ...\" \/>\n<meta property=\"og:url\" content=\"https:\/\/www.africa-press.net\/cotedivoire\/economie\/le-patronat-appelle-a-developper-lindustrie-pharmaceutique-en-cote-divoire\" \/>\n<meta property=\"og:site_name\" content=\"C\u00f4te d&#039;Ivoire\" \/>\n<meta property=\"article:published_time\" content=\"2021-06-30T16:55:51+00:00\" \/>\n<meta property=\"article:modified_time\" content=\"2021-06-30T18:46:51+00:00\" \/>\n<meta property=\"og:image\" content=\"https:\/\/static.africa-press.net\/cote\/sites\/43\/2021\/06\/img-60dc9fead1871.jpg\" \/>\n\t<meta property=\"og:image:width\" content=\"1006\" \/>\n\t<meta property=\"og:image:height\" content=\"619\" \/>\n\t<meta property=\"og:image:type\" content=\"image\/jpeg\" \/>\n<meta name=\"author\" content=\"cfeditorfr\" \/>\n<meta name=\"twitter:card\" content=\"summary_large_image\" \/>\n<meta name=\"twitter:label1\" content=\"\u00c9crit par\" \/>\n\t<meta name=\"twitter:data1\" content=\"cfeditorfr\" \/>\n\t<meta name=\"twitter:label2\" content=\"Dur\u00e9e de lecture estim\u00e9e\" \/>\n\t<meta name=\"twitter:data2\" content=\"2 minutes\" \/>\n<script type=\"application\/ld+json\" class=\"yoast-schema-graph\">{\"@context\":\"https:\/\/schema.org\",\"@graph\":[{\"@type\":\"Article\",\"@id\":\"https:\/\/www.africa-press.net\/cotedivoire\/economie\/le-patronat-appelle-a-developper-lindustrie-pharmaceutique-en-cote-divoire#article\",\"isPartOf\":{\"@id\":\"https:\/\/www.africa-press.net\/cotedivoire\/economie\/le-patronat-appelle-a-developper-lindustrie-pharmaceutique-en-cote-divoire\"},\"author\":{\"name\":\"cfeditorfr\",\"@id\":\"https:\/\/www.africa-press.net\/cotedivoire\/#\/schema\/person\/2b1cf3cd81a31e3cd26889ca66d677f1\"},\"headline\":\"Le patronat appelle \u00e0 d\u00e9velopper l\u2019industrie pharmaceutique en C\u00f4te-d\u2019Ivoire\",\"datePublished\":\"2021-06-30T16:55:51+00:00\",\"dateModified\":\"2021-06-30T18:46:51+00:00\",\"mainEntityOfPage\":{\"@id\":\"https:\/\/www.africa-press.net\/cotedivoire\/economie\/le-patronat-appelle-a-developper-lindustrie-pharmaceutique-en-cote-divoire\"},\"wordCount\":362,\"commentCount\":0,\"image\":{\"@id\":\"https:\/\/www.africa-press.net\/cotedivoire\/economie\/le-patronat-appelle-a-developper-lindustrie-pharmaceutique-en-cote-divoire#primaryimage\"},\"thumbnailUrl\":\"https:\/\/static.africa-press.net\/cote\/sites\/43\/2021\/06\/img-60dc9fead1871.jpg\",\"keywords\":[\"Africa Press\",\"Africa Press-C\u00f4te d'Ivoire\",\"C\u00d4TE D'IVOIRE\"],\"articleSection\":[\"\u00c9conomie\",\"homepage-french\",\"Toutes les actualit\u00e9s\"],\"inLanguage\":\"fr-FR\",\"potentialAction\":[{\"@type\":\"CommentAction\",\"name\":\"Comment\",\"target\":[\"https:\/\/www.africa-press.net\/cotedivoire\/economie\/le-patronat-appelle-a-developper-lindustrie-pharmaceutique-en-cote-divoire#respond\"]}]},{\"@type\":\"WebPage\",\"@id\":\"https:\/\/www.africa-press.net\/cotedivoire\/economie\/le-patronat-appelle-a-developper-lindustrie-pharmaceutique-en-cote-divoire\",\"url\":\"https:\/\/www.africa-press.net\/cotedivoire\/economie\/le-patronat-appelle-a-developper-lindustrie-pharmaceutique-en-cote-divoire\",\"name\":\"Le patronat appelle \u00e0 d\u00e9velopper l\u2019industrie pharmaceutique en C\u00f4te-d\u2019Ivoire - C\u00f4te d&#039;Ivoire\",\"isPartOf\":{\"@id\":\"https:\/\/www.africa-press.net\/cotedivoire\/#website\"},\"primaryImageOfPage\":{\"@id\":\"https:\/\/www.africa-press.net\/cotedivoire\/economie\/le-patronat-appelle-a-developper-lindustrie-pharmaceutique-en-cote-divoire#primaryimage\"},\"image\":{\"@id\":\"https:\/\/www.africa-press.net\/cotedivoire\/economie\/le-patronat-appelle-a-developper-lindustrie-pharmaceutique-en-cote-divoire#primaryimage\"},\"thumbnailUrl\":\"https:\/\/static.africa-press.net\/cote\/sites\/43\/2021\/06\/img-60dc9fead1871.jpg\",\"datePublished\":\"2021-06-30T16:55:51+00:00\",\"dateModified\":\"2021-06-30T18:46:51+00:00\",\"author\":{\"@id\":\"https:\/\/www.africa-press.net\/cotedivoire\/#\/schema\/person\/2b1cf3cd81a31e3cd26889ca66d677f1\"},\"description\":\"La Conf\u00e9d\u00e9ration g\u00e9n\u00e9rale des entreprises de C\u00f4te d\u2019Ivoire (Cgeci) a tenu, ce mardi 29 juin, son assembl\u00e9e g\u00e9n\u00e9rale annu ...\",\"breadcrumb\":{\"@id\":\"https:\/\/www.africa-press.net\/cotedivoire\/economie\/le-patronat-appelle-a-developper-lindustrie-pharmaceutique-en-cote-divoire#breadcrumb\"},\"inLanguage\":\"fr-FR\",\"potentialAction\":[{\"@type\":\"ReadAction\",\"target\":[\"https:\/\/www.africa-press.net\/cotedivoire\/economie\/le-patronat-appelle-a-developper-lindustrie-pharmaceutique-en-cote-divoire\"]}]},{\"@type\":\"ImageObject\",\"inLanguage\":\"fr-FR\",\"@id\":\"https:\/\/www.africa-press.net\/cotedivoire\/economie\/le-patronat-appelle-a-developper-lindustrie-pharmaceutique-en-cote-divoire#primaryimage\",\"url\":\"https:\/\/static.africa-press.net\/cote\/sites\/43\/2021\/06\/img-60dc9fead1871.jpg\",\"contentUrl\":\"https:\/\/static.africa-press.net\/cote\/sites\/43\/2021\/06\/img-60dc9fead1871.jpg\",\"width\":1006,\"height\":619,\"caption\":\"Le patronat appelle \u00e0 d\u00e9velopper l\u2019industrie pharmaceutique en C\u00f4te-d\u2019Ivoire\"},{\"@type\":\"BreadcrumbList\",\"@id\":\"https:\/\/www.africa-press.net\/cotedivoire\/economie\/le-patronat-appelle-a-developper-lindustrie-pharmaceutique-en-cote-divoire#breadcrumb\",\"itemListElement\":[{\"@type\":\"ListItem\",\"position\":1,\"name\":\"Accueil\",\"item\":\"https:\/\/www.africa-press.net\/cotedivoire\/\"},{\"@type\":\"ListItem\",\"position\":2,\"name\":\"Le patronat appelle \u00e0 d\u00e9velopper l\u2019industrie pharmaceutique en C\u00f4te-d\u2019Ivoire\"}]},{\"@type\":\"WebSite\",\"@id\":\"https:\/\/www.africa-press.net\/cotedivoire\/#website\",\"url\":\"https:\/\/www.africa-press.net\/cotedivoire\/\",\"name\":\"C\u00f4te d&#039;Ivoire\",\"description\":\"Just another Africa News Agency Sites site\",\"potentialAction\":[{\"@type\":\"SearchAction\",\"target\":{\"@type\":\"EntryPoint\",\"urlTemplate\":\"https:\/\/www.africa-press.net\/cotedivoire\/?s={search_term_string}\"},\"query-input\":{\"@type\":\"PropertyValueSpecification\",\"valueRequired\":true,\"valueName\":\"search_term_string\"}}],\"inLanguage\":\"fr-FR\"},{\"@type\":\"Person\",\"@id\":\"https:\/\/www.africa-press.net\/cotedivoire\/#\/schema\/person\/2b1cf3cd81a31e3cd26889ca66d677f1\",\"name\":\"cfeditorfr\"}]}<\/script>\n<!-- \/ Yoast SEO Premium plugin. -->","yoast_head_json":{"title":"Le patronat appelle \u00e0 d\u00e9velopper l\u2019industrie pharmaceutique en C\u00f4te-d\u2019Ivoire - C\u00f4te d&#039;Ivoire","description":"La Conf\u00e9d\u00e9ration g\u00e9n\u00e9rale des entreprises de C\u00f4te d\u2019Ivoire (Cgeci) a tenu, ce mardi 29 juin, son assembl\u00e9e g\u00e9n\u00e9rale annu ...","robots":{"index":"index","follow":"follow","max-snippet":"max-snippet:-1","max-image-preview":"max-image-preview:large","max-video-preview":"max-video-preview:-1"},"canonical":"https:\/\/www.africa-press.net\/cotedivoire\/economie\/le-patronat-appelle-a-developper-lindustrie-pharmaceutique-en-cote-divoire","og_locale":"fr_FR","og_type":"article","og_title":"Le patronat appelle \u00e0 d\u00e9velopper l\u2019industrie pharmaceutique en C\u00f4te-d\u2019Ivoire","og_description":"La Conf\u00e9d\u00e9ration g\u00e9n\u00e9rale des entreprises de C\u00f4te d\u2019Ivoire (Cgeci) a tenu, ce mardi 29 juin, son assembl\u00e9e g\u00e9n\u00e9rale annu ...","og_url":"https:\/\/www.africa-press.net\/cotedivoire\/economie\/le-patronat-appelle-a-developper-lindustrie-pharmaceutique-en-cote-divoire","og_site_name":"C\u00f4te d&#039;Ivoire","article_published_time":"2021-06-30T16:55:51+00:00","article_modified_time":"2021-06-30T18:46:51+00:00","og_image":[{"width":1006,"height":619,"url":"https:\/\/static.africa-press.net\/cote\/sites\/43\/2021\/06\/img-60dc9fead1871.jpg","type":"image\/jpeg"}],"author":"cfeditorfr","twitter_card":"summary_large_image","twitter_misc":{"\u00c9crit par":"cfeditorfr","Dur\u00e9e de lecture estim\u00e9e":"2 minutes"},"schema":{"@context":"https:\/\/schema.org","@graph":[{"@type":"Article","@id":"https:\/\/www.africa-press.net\/cotedivoire\/economie\/le-patronat-appelle-a-developper-lindustrie-pharmaceutique-en-cote-divoire#article","isPartOf":{"@id":"https:\/\/www.africa-press.net\/cotedivoire\/economie\/le-patronat-appelle-a-developper-lindustrie-pharmaceutique-en-cote-divoire"},"author":{"name":"cfeditorfr","@id":"https:\/\/www.africa-press.net\/cotedivoire\/#\/schema\/person\/2b1cf3cd81a31e3cd26889ca66d677f1"},"headline":"Le patronat appelle \u00e0 d\u00e9velopper l\u2019industrie pharmaceutique en C\u00f4te-d\u2019Ivoire","datePublished":"2021-06-30T16:55:51+00:00","dateModified":"2021-06-30T18:46:51+00:00","mainEntityOfPage":{"@id":"https:\/\/www.africa-press.net\/cotedivoire\/economie\/le-patronat-appelle-a-developper-lindustrie-pharmaceutique-en-cote-divoire"},"wordCount":362,"commentCount":0,"image":{"@id":"https:\/\/www.africa-press.net\/cotedivoire\/economie\/le-patronat-appelle-a-developper-lindustrie-pharmaceutique-en-cote-divoire#primaryimage"},"thumbnailUrl":"https:\/\/static.africa-press.net\/cote\/sites\/43\/2021\/06\/img-60dc9fead1871.jpg","keywords":["Africa Press","Africa Press-C\u00f4te d'Ivoire","C\u00d4TE D'IVOIRE"],"articleSection":["\u00c9conomie","homepage-french","Toutes les actualit\u00e9s"],"inLanguage":"fr-FR","potentialAction":[{"@type":"CommentAction","name":"Comment","target":["https:\/\/www.africa-press.net\/cotedivoire\/economie\/le-patronat-appelle-a-developper-lindustrie-pharmaceutique-en-cote-divoire#respond"]}]},{"@type":"WebPage","@id":"https:\/\/www.africa-press.net\/cotedivoire\/economie\/le-patronat-appelle-a-developper-lindustrie-pharmaceutique-en-cote-divoire","url":"https:\/\/www.africa-press.net\/cotedivoire\/economie\/le-patronat-appelle-a-developper-lindustrie-pharmaceutique-en-cote-divoire","name":"Le patronat appelle \u00e0 d\u00e9velopper l\u2019industrie pharmaceutique en C\u00f4te-d\u2019Ivoire - C\u00f4te d&#039;Ivoire","isPartOf":{"@id":"https:\/\/www.africa-press.net\/cotedivoire\/#website"},"primaryImageOfPage":{"@id":"https:\/\/www.africa-press.net\/cotedivoire\/economie\/le-patronat-appelle-a-developper-lindustrie-pharmaceutique-en-cote-divoire#primaryimage"},"image":{"@id":"https:\/\/www.africa-press.net\/cotedivoire\/economie\/le-patronat-appelle-a-developper-lindustrie-pharmaceutique-en-cote-divoire#primaryimage"},"thumbnailUrl":"https:\/\/static.africa-press.net\/cote\/sites\/43\/2021\/06\/img-60dc9fead1871.jpg","datePublished":"2021-06-30T16:55:51+00:00","dateModified":"2021-06-30T18:46:51+00:00","author":{"@id":"https:\/\/www.africa-press.net\/cotedivoire\/#\/schema\/person\/2b1cf3cd81a31e3cd26889ca66d677f1"},"description":"La Conf\u00e9d\u00e9ration g\u00e9n\u00e9rale des entreprises de C\u00f4te d\u2019Ivoire (Cgeci) a tenu, ce mardi 29 juin, son assembl\u00e9e g\u00e9n\u00e9rale annu ...","breadcrumb":{"@id":"https:\/\/www.africa-press.net\/cotedivoire\/economie\/le-patronat-appelle-a-developper-lindustrie-pharmaceutique-en-cote-divoire#breadcrumb"},"inLanguage":"fr-FR","potentialAction":[{"@type":"ReadAction","target":["https:\/\/www.africa-press.net\/cotedivoire\/economie\/le-patronat-appelle-a-developper-lindustrie-pharmaceutique-en-cote-divoire"]}]},{"@type":"ImageObject","inLanguage":"fr-FR","@id":"https:\/\/www.africa-press.net\/cotedivoire\/economie\/le-patronat-appelle-a-developper-lindustrie-pharmaceutique-en-cote-divoire#primaryimage","url":"https:\/\/static.africa-press.net\/cote\/sites\/43\/2021\/06\/img-60dc9fead1871.jpg","contentUrl":"https:\/\/static.africa-press.net\/cote\/sites\/43\/2021\/06\/img-60dc9fead1871.jpg","width":1006,"height":619,"caption":"Le patronat appelle \u00e0 d\u00e9velopper l\u2019industrie pharmaceutique en C\u00f4te-d\u2019Ivoire"},{"@type":"BreadcrumbList","@id":"https:\/\/www.africa-press.net\/cotedivoire\/economie\/le-patronat-appelle-a-developper-lindustrie-pharmaceutique-en-cote-divoire#breadcrumb","itemListElement":[{"@type":"ListItem","position":1,"name":"Accueil","item":"https:\/\/www.africa-press.net\/cotedivoire\/"},{"@type":"ListItem","position":2,"name":"Le patronat appelle \u00e0 d\u00e9velopper l\u2019industrie pharmaceutique en C\u00f4te-d\u2019Ivoire"}]},{"@type":"WebSite","@id":"https:\/\/www.africa-press.net\/cotedivoire\/#website","url":"https:\/\/www.africa-press.net\/cotedivoire\/","name":"C\u00f4te d&#039;Ivoire","description":"Just another Africa News Agency Sites site","potentialAction":[{"@type":"SearchAction","target":{"@type":"EntryPoint","urlTemplate":"https:\/\/www.africa-press.net\/cotedivoire\/?s={search_term_string}"},"query-input":{"@type":"PropertyValueSpecification","valueRequired":true,"valueName":"search_term_string"}}],"inLanguage":"fr-FR"},{"@type":"Person","@id":"https:\/\/www.africa-press.net\/cotedivoire\/#\/schema\/person\/2b1cf3cd81a31e3cd26889ca66d677f1","name":"cfeditorfr"}]}},"_links":{"self":[{"href":"https:\/\/www.africa-press.net\/cotedivoire\/wp-json\/wp\/v2\/posts\/9576","targetHints":{"allow":["GET"]}}],"collection":[{"href":"https:\/\/www.africa-press.net\/cotedivoire\/wp-json\/wp\/v2\/posts"}],"about":[{"href":"https:\/\/www.africa-press.net\/cotedivoire\/wp-json\/wp\/v2\/types\/post"}],"author":[{"embeddable":true,"href":"https:\/\/www.africa-press.net\/cotedivoire\/wp-json\/wp\/v2\/users\/82"}],"replies":[{"embeddable":true,"href":"https:\/\/www.africa-press.net\/cotedivoire\/wp-json\/wp\/v2\/comments?post=9576"}],"version-history":[{"count":0,"href":"https:\/\/www.africa-press.net\/cotedivoire\/wp-json\/wp\/v2\/posts\/9576\/revisions"}],"wp:featuredmedia":[{"embeddable":true,"href":"https:\/\/www.africa-press.net\/cotedivoire\/wp-json\/wp\/v2\/media\/9575"}],"wp:attachment":[{"href":"https:\/\/www.africa-press.net\/cotedivoire\/wp-json\/wp\/v2\/media?parent=9576"}],"wp:term":[{"taxonomy":"category","embeddable":true,"href":"https:\/\/www.africa-press.net\/cotedivoire\/wp-json\/wp\/v2\/categories?post=9576"},{"taxonomy":"post_tag","embeddable":true,"href":"https:\/\/www.africa-press.net\/cotedivoire\/wp-json\/wp\/v2\/tags?post=9576"}],"curies":[{"name":"wp","href":"https:\/\/api.w.org\/{rel}","templated":true}]}}