{"id":95775,"date":"2025-02-28T15:30:22","date_gmt":"2025-02-28T15:30:22","guid":{"rendered":"https:\/\/www.africa-press.net\/cotedivoire\/politique\/le-port-dabidjan-affiche-16-million-evp-en-2024-presque-le-double-de-2022"},"modified":"2025-02-28T15:30:22","modified_gmt":"2025-02-28T15:30:22","slug":"le-port-dabidjan-affiche-16-million-evp-en-2024-presque-le-double-de-2022","status":"publish","type":"post","link":"https:\/\/www.africa-press.net\/cotedivoire\/economie\/le-port-dabidjan-affiche-16-million-evp-en-2024-presque-le-double-de-2022","title":{"rendered":"le port d\u2019Abidjan affiche 1,6 million EVP en 2024, presque le double de 2022"},"content":{"rendered":"<p><b>Henoc Dossa<\/p>\n<p><\/b><\/p>\n<p><span style=\"color: #ff6600\"><strong>Africa-Press &#8211; C\u00f4te d&rsquo;Ivoire. <\/strong><\/span><b>La mise en service du 2e terminal a\u0300 conteneurs du port d\u2019Abidjan en novembre 2022 a notamment booste\u0301 les volumes de fret conteneurise\u0301, qui ont double\u0301 depuis lors. La plateforme ivoirienne reste ainsi dans la course a\u0300 la performance portuaire observe\u0301e dans la re\u0301gion ouest-africaine, et plus globalement sur le continent.<\/b><\/p>\n<p>Les derniers chiffres de\u0301voile\u0301s par Hien Yacouba SIE\u0301, le Directeur ge\u0301ne\u0301ral du port d\u2019Abidjan, montrent que les volumes de conteneurs manutentionne\u0301s sont passe\u0301s de 840 926 EVP en 2022 a\u0300 1,6 million d\u2019EVP en 2024. Cette performance a participe\u0301 a\u0300 la hausse de plus de 15% du trafic global en glissement annuel, qui a atteint 40 millions de tonnes, contre 34,7 millions en 2023.<\/p>\n<p>Cette embellie est entre autres porte\u0301e par l\u2019ope\u0301rationnalisation en novembre 2022 de \u00ab Cote d\u2019Ivoire Terminal \u00bb, le second terminal a\u0300 conteneurs disposant d\u2019une capacite\u0301 annuelle de 1,5 million d\u2019EVP et d\u2019un tirant d\u2019eau de 16 me\u0300tres lui permettant de recevoir de plus gros navires. La plateforme a ainsi pu accueillir le porte-conteneurs MSC ALIYA, d\u2019une capacite\u0301 de 14 300 EVP.<\/p>\n<p>Le fait que son de\u0301veloppement et son exploitation ont e\u0301te\u0301 confie\u0301s au groupe AGL, anciennement Bollore\u0301 Africa Logistics et filiale de l\u2019armateur MSC, est aussi un atout susceptible de booster le trafic, les compagnies maritimes ayant tendance a\u0300 privile\u0301gier les ports ou\u0300 leurs filiales sont manutentionnaires ou consignataires.<\/p>\n<p>Ce niveau de trafic rapproche par ailleurs le port d\u2019Abidjan des leaders ouest-africains du fret conteneurise\u0301 que sont Lome\u0301 avec 1,91 million d\u2019EVP en 2023 et Tema (1,9 million d\u2019EVP en 2024). Des plateformes ou\u0300 AGL et MSC sont aussi les principaux ope\u0301rateurs.<\/p>\n<p>Une rude concurrence en perspective<\/p>\n<p>Ceci pre\u0301sage d\u2019une rude concurrence les anne\u0301es a\u0300 venir, d\u2019autant plus que des travaux d\u2019extension sont en cours pour porter les capacite\u0301s respectivement a\u0300 3,7 millions d\u2019EVP a\u0300 Tema et 2,7 millions d\u2019EVP a\u0300 Lome\u0301. A cela s\u2019ajoutent des investissements au Nigeria pour restructurer l\u2019e\u0301cosyste\u0300me portuaire.<\/p>\n<p>Le pays dispose depuis janvier 2023 d\u2019un nouveau port en eau profonde affichant 2,5 millions d\u2019EVP a\u0300 Lekki (en pe\u0301riphe\u0301rie de Lagos), alors que ses principales plateformes comme Apapa et Tin Can Island multiplient les re\u0301formes pour rompre avec la congestion qui plombe leur trafic et profite aux ports voisins tels que ceux de Lome\u0301 et de Cotonou.<\/p>\n<p>Il faut noter que le Nigeria concentre une bonne partie du trafic sous-re\u0301gional, a\u0300 cause de son niveau de consommation tre\u0300s e\u0301leve\u0301 porte\u0301 par la taille de sa population. Des multinationales comme APM Terminals, filiale de Maersk, ainsi que des groupes chinois sont les principaux acteurs de ce marche\u0301.\r\n                <style type=\"text\/css\">\r\n                    \r\n                    #td_uid_1_69ec5ed29ddfc  .td-doubleSlider-2 .td-item1 {\r\n                        background: url(https:\/\/static.africa-press.net\/cote\/sites\/43\/2025\/02\/sm_1740744943.380073-80x60.jpg) 0 0 no-repeat;\r\n                    }\r\n                    #td_uid_1_69ec5ed29ddfc  .td-doubleSlider-2 .td-item2 {\r\n                        background: url(https:\/\/static.africa-press.net\/cote\/sites\/43\/2025\/02\/sm_1740744946.698866-80x60.jpg) 0 0 no-repeat;\r\n                    }\r\n                    #td_uid_1_69ec5ed29ddfc  .td-doubleSlider-2 .td-item3 {\r\n                        background: url(https:\/\/static.africa-press.net\/cote\/sites\/43\/2025\/02\/sm_1740744950.064259-80x60.jpg) 0 0 no-repeat;\r\n                    }\r\n                    #td_uid_1_69ec5ed29ddfc  .td-doubleSlider-2 .td-item4 {\r\n                        background: url(https:\/\/static.africa-press.net\/cote\/sites\/43\/2025\/02\/sm_1740744953.772287-80x60.jpg) 0 0 no-repeat;\r\n                    }\r\n                <\/style>\r\n\r\n                <div id=\"td_uid_1_69ec5ed29ddfc\" class=\"td-gallery td-slide-on-2-columns\">\r\n                    <div class=\"post_td_gallery\">\r\n                        <div class=\"td-gallery-slide-top\">\r\n                           <div class=\"td-gallery-title\"><\/div>\r\n\r\n                            <div class=\"td-gallery-controls-wrapper\">\r\n                                <div class=\"td-gallery-slide-count\"><span class=\"td-gallery-slide-item-focus\">1<\/span> de 4<\/div>\r\n                                <div class=\"td-gallery-slide-prev-next-but\">\r\n                                    <i class = \"td-icon-left doubleSliderPrevButton\"><\/i>\r\n                                    <i class = \"td-icon-right doubleSliderNextButton\"><\/i>\r\n                                <\/div>\r\n                            <\/div>\r\n                        <\/div>\r\n\r\n                        <div class = \"td-doubleSlider-1 \">\r\n                            <div class = \"td-slider\">\r\n                                \r\n                    <div class = \"td-slide-item td-item1\">\r\n                        <figure class=\"td-slide-galery-figure td-slide-popup-gallery\">\r\n                            <a class=\"slide-gallery-image-link\" href=\"https:\/\/static.africa-press.net\/cote\/sites\/43\/2025\/02\/sm_1740744943.380073.jpg\" title=\"sm_1740744943.380073\"  data-caption=\"\"  data-description=\"\">\r\n                                <img decoding=\"async\" src=\"https:\/\/static.africa-press.net\/cote\/sites\/43\/2025\/02\/sm_1740744943.380073.jpg\" srcset=\"https:\/\/static.africa-press.net\/cote\/sites\/43\/2025\/02\/sm_1740744943.380073.jpg 766w, https:\/\/static.africa-press.net\/cote\/sites\/43\/2025\/02\/sm_1740744943.380073-300x217.jpg 300w, https:\/\/static.africa-press.net\/cote\/sites\/43\/2025\/02\/sm_1740744943.380073-324x235.jpg 324w\" sizes=\"(max-width: 766px) 100vw, 766px\" alt=\"\">\r\n                            <\/a>\r\n                            \r\n                        <\/figure>\r\n                    <\/div>\r\n                    <div class = \"td-slide-item td-item2\">\r\n                        <figure class=\"td-slide-galery-figure td-slide-popup-gallery\">\r\n                            <a class=\"slide-gallery-image-link\" href=\"https:\/\/static.africa-press.net\/cote\/sites\/43\/2025\/02\/sm_1740744946.698866.jpg\" title=\"sm_1740744946.698866\"  data-caption=\"\"  data-description=\"\">\r\n                                <img decoding=\"async\" src=\"https:\/\/static.africa-press.net\/cote\/sites\/43\/2025\/02\/sm_1740744946.698866.jpg\" srcset=\"https:\/\/static.africa-press.net\/cote\/sites\/43\/2025\/02\/sm_1740744946.698866.jpg 781w, https:\/\/static.africa-press.net\/cote\/sites\/43\/2025\/02\/sm_1740744946.698866-300x210.jpg 300w, https:\/\/static.africa-press.net\/cote\/sites\/43\/2025\/02\/sm_1740744946.698866-768x539.jpg 768w, https:\/\/static.africa-press.net\/cote\/sites\/43\/2025\/02\/sm_1740744946.698866-100x70.jpg 100w\" sizes=\"(max-width: 781px) 100vw, 781px\" alt=\"\">\r\n                            <\/a>\r\n                            \r\n                        <\/figure>\r\n                    <\/div>\r\n                    <div class = \"td-slide-item td-item3\">\r\n                        <figure class=\"td-slide-galery-figure td-slide-popup-gallery\">\r\n                            <a class=\"slide-gallery-image-link\" href=\"https:\/\/static.africa-press.net\/cote\/sites\/43\/2025\/02\/sm_1740744950.064259.jpg\" title=\"sm_1740744950.064259\"  data-caption=\"\"  data-description=\"\">\r\n                                <img decoding=\"async\" src=\"https:\/\/static.africa-press.net\/cote\/sites\/43\/2025\/02\/sm_1740744950.064259.jpg\" srcset=\"https:\/\/static.africa-press.net\/cote\/sites\/43\/2025\/02\/sm_1740744950.064259.jpg 781w, https:\/\/static.africa-press.net\/cote\/sites\/43\/2025\/02\/sm_1740744950.064259-300x194.jpg 300w, https:\/\/static.africa-press.net\/cote\/sites\/43\/2025\/02\/sm_1740744950.064259-768x497.jpg 768w\" sizes=\"(max-width: 781px) 100vw, 781px\" alt=\"\">\r\n                            <\/a>\r\n                            \r\n                        <\/figure>\r\n                    <\/div>\r\n                    <div class = \"td-slide-item td-item4\">\r\n                        <figure class=\"td-slide-galery-figure td-slide-popup-gallery\">\r\n                            <a class=\"slide-gallery-image-link\" href=\"https:\/\/static.africa-press.net\/cote\/sites\/43\/2025\/02\/sm_1740744953.772287.jpg\" title=\"sm_1740744953.772287\"  data-caption=\"\"  data-description=\"\">\r\n                                <img decoding=\"async\" src=\"https:\/\/static.africa-press.net\/cote\/sites\/43\/2025\/02\/sm_1740744953.772287.jpg\" srcset=\"https:\/\/static.africa-press.net\/cote\/sites\/43\/2025\/02\/sm_1740744953.772287.jpg 450w, https:\/\/static.africa-press.net\/cote\/sites\/43\/2025\/02\/sm_1740744953.772287-300x205.jpg 300w, https:\/\/static.africa-press.net\/cote\/sites\/43\/2025\/02\/sm_1740744953.772287-218x150.jpg 218w\" sizes=\"(max-width: 450px) 100vw, 450px\" alt=\"\">\r\n                            <\/a>\r\n                            \r\n                        <\/figure>\r\n                    <\/div>\r\n                            <\/div>\r\n                        <\/div>\r\n\r\n                        <div class = \"td-doubleSlider-2\">\r\n                            <div class = \"td-slider\">\r\n                                \r\n                    <div class = \"td-button td-item1\">\r\n                        <div class = \"td-border\"><\/div>\r\n                    <\/div>\r\n                    <div class = \"td-button td-item2\">\r\n                        <div class = \"td-border\"><\/div>\r\n                    <\/div>\r\n                    <div class = \"td-button td-item3\">\r\n                        <div class = \"td-border\"><\/div>\r\n                    <\/div>\r\n                    <div class = \"td-button td-item4\">\r\n                        <div class = \"td-border\"><\/div>\r\n                    <\/div>\r\n                            <\/div>\r\n                        <\/div>\r\n\r\n                    <\/div>\r\n\r\n                <\/div>\r\n                <\/p>\n<p><strong>Pour plus d&rsquo;informations et d&rsquo;analyses sur la <span style=\"color: #ff6600\">C\u00f4te d&rsquo;Ivoire<\/span>, suivez <span style=\"color: #ff6600\">Africa-Press<span style=\"color: #ff6600\"><\/span><\/strong><\/p>\n","protected":false},"excerpt":{"rendered":"<p>Henoc Dossa Africa-Press &#8211; C\u00f4te d&rsquo;Ivoire. La mise en service du 2e terminal a\u0300 conteneurs du port d\u2019Abidjan en novembre 2022 a notamment booste\u0301 les volumes de fret conteneurise\u0301, qui ont double\u0301 depuis lors. La plateforme ivoirienne reste ainsi dans la course a\u0300 la performance portuaire observe\u0301e dans la re\u0301gion ouest-africaine, et plus globalement sur [&hellip;]<\/p>\n","protected":false},"author":82,"featured_media":95774,"comment_status":"open","ping_status":"closed","sticky":false,"template":"","format":"standard","meta":{"footnotes":""},"categories":[3,8,10],"tags":[37],"class_list":["post-95775","post","type-post","status-publish","format-standard","has-post-thumbnail","hentry","category-economie","category-photo","category-toutes-les-actualites","tag-cote-divoire-2"],"yoast_head":"<!-- This site is optimized with the Yoast SEO Premium plugin v26.1 (Yoast SEO v27.0) - https:\/\/yoast.com\/product\/yoast-seo-premium-wordpress\/ -->\n<title>le port d\u2019Abidjan affiche 1,6 million EVP en 2024, presque le double de 2022 - C\u00f4te d&#039;Ivoire<\/title>\n<meta name=\"robots\" content=\"index, follow, max-snippet:-1, max-image-preview:large, max-video-preview:-1\" \/>\n<link rel=\"canonical\" href=\"https:\/\/www.africa-press.net\/cotedivoire\/politique\/le-port-dabidjan-affiche-16-million-evp-en-2024-presque-le-double-de-2022\" \/>\n<meta property=\"og:locale\" content=\"fr_FR\" \/>\n<meta property=\"og:type\" content=\"article\" \/>\n<meta property=\"og:title\" content=\"le port d\u2019Abidjan affiche 1,6 million EVP en 2024, presque le double de 2022\" \/>\n<meta property=\"og:description\" content=\"Henoc Dossa Africa-Press &#8211; C\u00f4te d&rsquo;Ivoire. La mise en service du 2e terminal a\u0300 conteneurs du port d\u2019Abidjan en novembre 2022 a notamment booste\u0301 les volumes de fret conteneurise\u0301, qui ont double\u0301 depuis lors. La plateforme ivoirienne reste ainsi dans la course a\u0300 la performance portuaire observe\u0301e dans la re\u0301gion ouest-africaine, et plus globalement sur [&hellip;]\" \/>\n<meta property=\"og:url\" content=\"https:\/\/www.africa-press.net\/cotedivoire\/politique\/le-port-dabidjan-affiche-16-million-evp-en-2024-presque-le-double-de-2022\" \/>\n<meta property=\"og:site_name\" content=\"C\u00f4te d&#039;Ivoire\" \/>\n<meta property=\"article:published_time\" content=\"2025-02-28T15:30:22+00:00\" \/>\n<meta property=\"og:image\" content=\"https:\/\/static.africa-press.net\/cote\/sites\/43\/2025\/02\/sm_1740744943.380073.jpg\" \/>\n<meta name=\"author\" content=\"cfeditorfr\" \/>\n<meta name=\"twitter:card\" content=\"summary_large_image\" \/>\n<meta name=\"twitter:label1\" content=\"\u00c9crit par\" \/>\n\t<meta name=\"twitter:data1\" content=\"cfeditorfr\" \/>\n\t<meta name=\"twitter:label2\" content=\"Dur\u00e9e de lecture estim\u00e9e\" \/>\n\t<meta name=\"twitter:data2\" content=\"2 minutes\" \/>\n<script type=\"application\/ld+json\" class=\"yoast-schema-graph\">{\"@context\":\"https:\/\/schema.org\",\"@graph\":[{\"@type\":\"Article\",\"@id\":\"https:\/\/www.africa-press.net\/cotedivoire\/politique\/le-port-dabidjan-affiche-16-million-evp-en-2024-presque-le-double-de-2022#article\",\"isPartOf\":{\"@id\":\"https:\/\/www.africa-press.net\/cotedivoire\/politique\/le-port-dabidjan-affiche-16-million-evp-en-2024-presque-le-double-de-2022\"},\"author\":{\"name\":\"cfeditorfr\",\"@id\":\"https:\/\/www.africa-press.net\/cotedivoire\/#\/schema\/person\/2b1cf3cd81a31e3cd26889ca66d677f1\"},\"headline\":\"le port d\u2019Abidjan affiche 1,6 million EVP en 2024, presque le double de 2022\",\"datePublished\":\"2025-02-28T15:30:22+00:00\",\"mainEntityOfPage\":{\"@id\":\"https:\/\/www.africa-press.net\/cotedivoire\/politique\/le-port-dabidjan-affiche-16-million-evp-en-2024-presque-le-double-de-2022\"},\"wordCount\":495,\"commentCount\":0,\"image\":{\"@id\":\"https:\/\/www.africa-press.net\/cotedivoire\/politique\/le-port-dabidjan-affiche-16-million-evp-en-2024-presque-le-double-de-2022#primaryimage\"},\"thumbnailUrl\":\"https:\/\/static.africa-press.net\/cote\/sites\/43\/2025\/02\/sm_1740744956.406946.jpg\",\"keywords\":[\"C\u00f4te d'Ivoire\"],\"articleSection\":[\"\u00c9conomie\",\"Photo\",\"Toutes les actualit\u00e9s\"],\"inLanguage\":\"fr-FR\",\"potentialAction\":[{\"@type\":\"CommentAction\",\"name\":\"Comment\",\"target\":[\"https:\/\/www.africa-press.net\/cotedivoire\/politique\/le-port-dabidjan-affiche-16-million-evp-en-2024-presque-le-double-de-2022#respond\"]}]},{\"@type\":\"WebPage\",\"@id\":\"https:\/\/www.africa-press.net\/cotedivoire\/politique\/le-port-dabidjan-affiche-16-million-evp-en-2024-presque-le-double-de-2022\",\"url\":\"https:\/\/www.africa-press.net\/cotedivoire\/politique\/le-port-dabidjan-affiche-16-million-evp-en-2024-presque-le-double-de-2022\",\"name\":\"le port d\u2019Abidjan affiche 1,6 million EVP en 2024, presque le double de 2022 - C\u00f4te d&#039;Ivoire\",\"isPartOf\":{\"@id\":\"https:\/\/www.africa-press.net\/cotedivoire\/#website\"},\"primaryImageOfPage\":{\"@id\":\"https:\/\/www.africa-press.net\/cotedivoire\/politique\/le-port-dabidjan-affiche-16-million-evp-en-2024-presque-le-double-de-2022#primaryimage\"},\"image\":{\"@id\":\"https:\/\/www.africa-press.net\/cotedivoire\/politique\/le-port-dabidjan-affiche-16-million-evp-en-2024-presque-le-double-de-2022#primaryimage\"},\"thumbnailUrl\":\"https:\/\/static.africa-press.net\/cote\/sites\/43\/2025\/02\/sm_1740744956.406946.jpg\",\"datePublished\":\"2025-02-28T15:30:22+00:00\",\"author\":{\"@id\":\"https:\/\/www.africa-press.net\/cotedivoire\/#\/schema\/person\/2b1cf3cd81a31e3cd26889ca66d677f1\"},\"breadcrumb\":{\"@id\":\"https:\/\/www.africa-press.net\/cotedivoire\/politique\/le-port-dabidjan-affiche-16-million-evp-en-2024-presque-le-double-de-2022#breadcrumb\"},\"inLanguage\":\"fr-FR\",\"potentialAction\":[{\"@type\":\"ReadAction\",\"target\":[\"https:\/\/www.africa-press.net\/cotedivoire\/politique\/le-port-dabidjan-affiche-16-million-evp-en-2024-presque-le-double-de-2022\"]}]},{\"@type\":\"ImageObject\",\"inLanguage\":\"fr-FR\",\"@id\":\"https:\/\/www.africa-press.net\/cotedivoire\/politique\/le-port-dabidjan-affiche-16-million-evp-en-2024-presque-le-double-de-2022#primaryimage\",\"url\":\"https:\/\/static.africa-press.net\/cote\/sites\/43\/2025\/02\/sm_1740744956.406946.jpg\",\"contentUrl\":\"https:\/\/static.africa-press.net\/cote\/sites\/43\/2025\/02\/sm_1740744956.406946.jpg\",\"width\":450,\"height\":308,\"caption\":\"le port d\u2019Abidjan affiche 1,6 million EVP en 2024, presque le double de 2022\"},{\"@type\":\"BreadcrumbList\",\"@id\":\"https:\/\/www.africa-press.net\/cotedivoire\/politique\/le-port-dabidjan-affiche-16-million-evp-en-2024-presque-le-double-de-2022#breadcrumb\",\"itemListElement\":[{\"@type\":\"ListItem\",\"position\":1,\"name\":\"Accueil\",\"item\":\"https:\/\/www.africa-press.net\/cotedivoire\/\"},{\"@type\":\"ListItem\",\"position\":2,\"name\":\"le port d\u2019Abidjan affiche 1,6 million EVP en 2024, presque le double de 2022\"}]},{\"@type\":\"WebSite\",\"@id\":\"https:\/\/www.africa-press.net\/cotedivoire\/#website\",\"url\":\"https:\/\/www.africa-press.net\/cotedivoire\/\",\"name\":\"C\u00f4te d&#039;Ivoire\",\"description\":\"Just another Africa News Agency Sites site\",\"potentialAction\":[{\"@type\":\"SearchAction\",\"target\":{\"@type\":\"EntryPoint\",\"urlTemplate\":\"https:\/\/www.africa-press.net\/cotedivoire\/?s={search_term_string}\"},\"query-input\":{\"@type\":\"PropertyValueSpecification\",\"valueRequired\":true,\"valueName\":\"search_term_string\"}}],\"inLanguage\":\"fr-FR\"},{\"@type\":\"Person\",\"@id\":\"https:\/\/www.africa-press.net\/cotedivoire\/#\/schema\/person\/2b1cf3cd81a31e3cd26889ca66d677f1\",\"name\":\"cfeditorfr\"}]}<\/script>\n<!-- \/ Yoast SEO Premium plugin. -->","yoast_head_json":{"title":"le port d\u2019Abidjan affiche 1,6 million EVP en 2024, presque le double de 2022 - C\u00f4te d&#039;Ivoire","robots":{"index":"index","follow":"follow","max-snippet":"max-snippet:-1","max-image-preview":"max-image-preview:large","max-video-preview":"max-video-preview:-1"},"canonical":"https:\/\/www.africa-press.net\/cotedivoire\/politique\/le-port-dabidjan-affiche-16-million-evp-en-2024-presque-le-double-de-2022","og_locale":"fr_FR","og_type":"article","og_title":"le port d\u2019Abidjan affiche 1,6 million EVP en 2024, presque le double de 2022","og_description":"Henoc Dossa Africa-Press &#8211; C\u00f4te d&rsquo;Ivoire. La mise en service du 2e terminal a\u0300 conteneurs du port d\u2019Abidjan en novembre 2022 a notamment booste\u0301 les volumes de fret conteneurise\u0301, qui ont double\u0301 depuis lors. La plateforme ivoirienne reste ainsi dans la course a\u0300 la performance portuaire observe\u0301e dans la re\u0301gion ouest-africaine, et plus globalement sur [&hellip;]","og_url":"https:\/\/www.africa-press.net\/cotedivoire\/politique\/le-port-dabidjan-affiche-16-million-evp-en-2024-presque-le-double-de-2022","og_site_name":"C\u00f4te d&#039;Ivoire","article_published_time":"2025-02-28T15:30:22+00:00","og_image":[{"url":"https:\/\/static.africa-press.net\/cote\/sites\/43\/2025\/02\/sm_1740744943.380073.jpg","type":"","width":"","height":""}],"author":"cfeditorfr","twitter_card":"summary_large_image","twitter_misc":{"\u00c9crit par":"cfeditorfr","Dur\u00e9e de lecture estim\u00e9e":"2 minutes"},"schema":{"@context":"https:\/\/schema.org","@graph":[{"@type":"Article","@id":"https:\/\/www.africa-press.net\/cotedivoire\/politique\/le-port-dabidjan-affiche-16-million-evp-en-2024-presque-le-double-de-2022#article","isPartOf":{"@id":"https:\/\/www.africa-press.net\/cotedivoire\/politique\/le-port-dabidjan-affiche-16-million-evp-en-2024-presque-le-double-de-2022"},"author":{"name":"cfeditorfr","@id":"https:\/\/www.africa-press.net\/cotedivoire\/#\/schema\/person\/2b1cf3cd81a31e3cd26889ca66d677f1"},"headline":"le port d\u2019Abidjan affiche 1,6 million EVP en 2024, presque le double de 2022","datePublished":"2025-02-28T15:30:22+00:00","mainEntityOfPage":{"@id":"https:\/\/www.africa-press.net\/cotedivoire\/politique\/le-port-dabidjan-affiche-16-million-evp-en-2024-presque-le-double-de-2022"},"wordCount":495,"commentCount":0,"image":{"@id":"https:\/\/www.africa-press.net\/cotedivoire\/politique\/le-port-dabidjan-affiche-16-million-evp-en-2024-presque-le-double-de-2022#primaryimage"},"thumbnailUrl":"https:\/\/static.africa-press.net\/cote\/sites\/43\/2025\/02\/sm_1740744956.406946.jpg","keywords":["C\u00f4te d'Ivoire"],"articleSection":["\u00c9conomie","Photo","Toutes les actualit\u00e9s"],"inLanguage":"fr-FR","potentialAction":[{"@type":"CommentAction","name":"Comment","target":["https:\/\/www.africa-press.net\/cotedivoire\/politique\/le-port-dabidjan-affiche-16-million-evp-en-2024-presque-le-double-de-2022#respond"]}]},{"@type":"WebPage","@id":"https:\/\/www.africa-press.net\/cotedivoire\/politique\/le-port-dabidjan-affiche-16-million-evp-en-2024-presque-le-double-de-2022","url":"https:\/\/www.africa-press.net\/cotedivoire\/politique\/le-port-dabidjan-affiche-16-million-evp-en-2024-presque-le-double-de-2022","name":"le port d\u2019Abidjan affiche 1,6 million EVP en 2024, presque le double de 2022 - C\u00f4te d&#039;Ivoire","isPartOf":{"@id":"https:\/\/www.africa-press.net\/cotedivoire\/#website"},"primaryImageOfPage":{"@id":"https:\/\/www.africa-press.net\/cotedivoire\/politique\/le-port-dabidjan-affiche-16-million-evp-en-2024-presque-le-double-de-2022#primaryimage"},"image":{"@id":"https:\/\/www.africa-press.net\/cotedivoire\/politique\/le-port-dabidjan-affiche-16-million-evp-en-2024-presque-le-double-de-2022#primaryimage"},"thumbnailUrl":"https:\/\/static.africa-press.net\/cote\/sites\/43\/2025\/02\/sm_1740744956.406946.jpg","datePublished":"2025-02-28T15:30:22+00:00","author":{"@id":"https:\/\/www.africa-press.net\/cotedivoire\/#\/schema\/person\/2b1cf3cd81a31e3cd26889ca66d677f1"},"breadcrumb":{"@id":"https:\/\/www.africa-press.net\/cotedivoire\/politique\/le-port-dabidjan-affiche-16-million-evp-en-2024-presque-le-double-de-2022#breadcrumb"},"inLanguage":"fr-FR","potentialAction":[{"@type":"ReadAction","target":["https:\/\/www.africa-press.net\/cotedivoire\/politique\/le-port-dabidjan-affiche-16-million-evp-en-2024-presque-le-double-de-2022"]}]},{"@type":"ImageObject","inLanguage":"fr-FR","@id":"https:\/\/www.africa-press.net\/cotedivoire\/politique\/le-port-dabidjan-affiche-16-million-evp-en-2024-presque-le-double-de-2022#primaryimage","url":"https:\/\/static.africa-press.net\/cote\/sites\/43\/2025\/02\/sm_1740744956.406946.jpg","contentUrl":"https:\/\/static.africa-press.net\/cote\/sites\/43\/2025\/02\/sm_1740744956.406946.jpg","width":450,"height":308,"caption":"le port d\u2019Abidjan affiche 1,6 million EVP en 2024, presque le double de 2022"},{"@type":"BreadcrumbList","@id":"https:\/\/www.africa-press.net\/cotedivoire\/politique\/le-port-dabidjan-affiche-16-million-evp-en-2024-presque-le-double-de-2022#breadcrumb","itemListElement":[{"@type":"ListItem","position":1,"name":"Accueil","item":"https:\/\/www.africa-press.net\/cotedivoire\/"},{"@type":"ListItem","position":2,"name":"le port d\u2019Abidjan affiche 1,6 million EVP en 2024, presque le double de 2022"}]},{"@type":"WebSite","@id":"https:\/\/www.africa-press.net\/cotedivoire\/#website","url":"https:\/\/www.africa-press.net\/cotedivoire\/","name":"C\u00f4te d&#039;Ivoire","description":"Just another Africa News Agency Sites site","potentialAction":[{"@type":"SearchAction","target":{"@type":"EntryPoint","urlTemplate":"https:\/\/www.africa-press.net\/cotedivoire\/?s={search_term_string}"},"query-input":{"@type":"PropertyValueSpecification","valueRequired":true,"valueName":"search_term_string"}}],"inLanguage":"fr-FR"},{"@type":"Person","@id":"https:\/\/www.africa-press.net\/cotedivoire\/#\/schema\/person\/2b1cf3cd81a31e3cd26889ca66d677f1","name":"cfeditorfr"}]}},"_links":{"self":[{"href":"https:\/\/www.africa-press.net\/cotedivoire\/wp-json\/wp\/v2\/posts\/95775","targetHints":{"allow":["GET"]}}],"collection":[{"href":"https:\/\/www.africa-press.net\/cotedivoire\/wp-json\/wp\/v2\/posts"}],"about":[{"href":"https:\/\/www.africa-press.net\/cotedivoire\/wp-json\/wp\/v2\/types\/post"}],"author":[{"embeddable":true,"href":"https:\/\/www.africa-press.net\/cotedivoire\/wp-json\/wp\/v2\/users\/82"}],"replies":[{"embeddable":true,"href":"https:\/\/www.africa-press.net\/cotedivoire\/wp-json\/wp\/v2\/comments?post=95775"}],"version-history":[{"count":0,"href":"https:\/\/www.africa-press.net\/cotedivoire\/wp-json\/wp\/v2\/posts\/95775\/revisions"}],"wp:featuredmedia":[{"embeddable":true,"href":"https:\/\/www.africa-press.net\/cotedivoire\/wp-json\/wp\/v2\/media\/95774"}],"wp:attachment":[{"href":"https:\/\/www.africa-press.net\/cotedivoire\/wp-json\/wp\/v2\/media?parent=95775"}],"wp:term":[{"taxonomy":"category","embeddable":true,"href":"https:\/\/www.africa-press.net\/cotedivoire\/wp-json\/wp\/v2\/categories?post=95775"},{"taxonomy":"post_tag","embeddable":true,"href":"https:\/\/www.africa-press.net\/cotedivoire\/wp-json\/wp\/v2\/tags?post=95775"}],"curies":[{"name":"wp","href":"https:\/\/api.w.org\/{rel}","templated":true}]}}