{"id":95795,"date":"2025-02-28T19:26:58","date_gmt":"2025-02-28T19:26:58","guid":{"rendered":"https:\/\/www.africa-press.net\/cotedivoire\/politique\/bouake-la-construction-dun-grand-marche-et-dune-zone-logistique-et-industrielle-annoncee"},"modified":"2025-02-28T19:26:58","modified_gmt":"2025-02-28T19:26:58","slug":"bouake-la-construction-dun-grand-marche-et-dune-zone-logistique-et-industrielle-annoncee","status":"publish","type":"post","link":"https:\/\/www.africa-press.net\/cotedivoire\/economie\/bouake-la-construction-dun-grand-marche-et-dune-zone-logistique-et-industrielle-annoncee","title":{"rendered":"Bouak\u00e9, la construction d&rsquo;un grand march\u00e9 et d&rsquo;une zone logistique et industrielle annonc\u00e9e"},"content":{"rendered":"<p><span style=\"color: #ff6600\"><strong>Africa-Press &#8211; C\u00f4te d&rsquo;Ivoire. <\/strong><\/span>La deuxie\u0300me ville de Co\u0302te d\u2019Ivoire aura biento\u0302t un grand marche\u0301 et une zone logistique et industrielle.<\/p>\n<p>L\u2019annonce a e\u0301te\u0301 faite par le Gouvernement ivoirien, mercredi dernier, a\u0300 l\u2019issue du Conseil des Ministres.<\/p>\n<p>Le Conseil a adopte\u0301 un de\u0301cret portant de\u0301claration d\u2019utilite\u0301 publique du pe\u0301rime\u0300tre du projet d\u2019ame\u0301nagement urbain dans le cadre du Grand Marche\u0301 de Bouake\u0301 (Projet MABY).<\/p>\n<p>Ce de\u0301cret couvre les trois (03) parcelles contigu\u0308es d\u2019une superficie globale de 31,6 hectares situe\u0301es entre la Cathe\u0301drale et le carrefour N\u2019Douba.<\/p>\n<p>Ce site est affecte\u0301 a\u0300 la re\u0301alisation du projet de construction du Grand marche\u0301 de Bouake\u0301 pre\u0301vu pour mettre a\u0300 la disposition des populations un espace commercial de qualite\u0301 et restructurer le centre-ville de la capitale du Gbe\u0302ke\u0300.<\/p>\n<p>Aussi, les de\u0301tenteurs de droits coutumiers, de titres de\u0301finitifs de proprie\u0301te\u0301 sur les emprises des diffe\u0301rents projets, les locataires ou leurs ayants droit percevront une indemnisation conforme\u0301ment a\u0300 la re\u0301glementation en vigueur.<\/p>\n<p>En conse\u0301quence, toute transaction, toute construction nouvelle, me\u0302me pre\u0301caire, tous types de travaux de nature a\u0300 modifier l\u2019e\u0301tat du sol, portant sur ces sites, sont interdits.<\/p>\n<p>Un de\u0301cret portant de\u0301claration d\u2019utilite\u0301 publique du pe\u0301rime\u0300tre du projet d\u2019ame\u0301nagement et de construction de la zone logistique et industrielle de Bouake\u0301, a e\u0301te\u0301 e\u0301galement adopte\u0301 par le Gouvernement.<\/p>\n<p>Il s\u2019inscrit dans le cadre de la mise en \u0153uvre de la politique de de\u0301veloppement de groupes logistiques, industriels et commerciaux initie\u0301s par le Gouvernement pour soutenir la dynamique de de\u0301veloppement socio- e\u0301conomique.<\/p>\n<p>Ainsi, ce de\u0301cret inte\u0300gre au domaine de l\u2019Etat la parcelle d\u2019une superficie de 549,5 hectares situe\u0301e aux environs de l\u2019e\u0301changeur de Sakassou.<\/p>\n<p>Cet espace est pre\u0301vu pour abriter la zone logistique et industrielle de Bouake\u0301, destine\u0301e a\u0300 offrir des conditions optimales d\u2019installation, de compe\u0301titivite\u0301 et de performance aux ope\u0301rateurs e\u0301conomiques qui de\u0301sirent s\u2019implanter a\u0300 Bouake\u0301.<\/p>\n<p><strong>Pour plus d&rsquo;informations et d&rsquo;analyses sur la <span style=\"color: #ff6600\">C\u00f4te d&rsquo;Ivoire<\/span>, suivez <span style=\"color: #ff6600\">Africa-Press<span style=\"color: #ff6600\"><\/span><\/strong><\/p>\n","protected":false},"excerpt":{"rendered":"<p>Africa-Press &#8211; C\u00f4te d&rsquo;Ivoire. La deuxie\u0300me ville de Co\u0302te d\u2019Ivoire aura biento\u0302t un grand marche\u0301 et une zone logistique et industrielle. L\u2019annonce a e\u0301te\u0301 faite par le Gouvernement ivoirien, mercredi dernier, a\u0300 l\u2019issue du Conseil des Ministres. Le Conseil a adopte\u0301 un de\u0301cret portant de\u0301claration d\u2019utilite\u0301 publique du pe\u0301rime\u0300tre du projet d\u2019ame\u0301nagement urbain dans le [&hellip;]<\/p>\n","protected":false},"author":82,"featured_media":95794,"comment_status":"open","ping_status":"closed","sticky":false,"template":"","format":"standard","meta":{"footnotes":""},"categories":[3,10],"tags":[37,12091,16358,1793],"class_list":["post-95795","post","type-post","status-publish","format-standard","has-post-thumbnail","hentry","category-economie","category-toutes-les-actualites","tag-cote-divoire-2","tag-grand-marche","tag-logistique","tag-zone"],"yoast_head":"<!-- This site is optimized with the Yoast SEO Premium plugin v26.1 (Yoast SEO v27.0) - https:\/\/yoast.com\/product\/yoast-seo-premium-wordpress\/ -->\n<title>Bouak\u00e9, la construction d&#039;un grand march\u00e9 et d&#039;une zone logistique et industrielle annonc\u00e9e - C\u00f4te d&#039;Ivoire<\/title>\n<meta name=\"robots\" content=\"index, follow, max-snippet:-1, max-image-preview:large, max-video-preview:-1\" \/>\n<link rel=\"canonical\" href=\"https:\/\/www.africa-press.net\/cotedivoire\/politique\/bouake-la-construction-dun-grand-marche-et-dune-zone-logistique-et-industrielle-annoncee\" \/>\n<meta property=\"og:locale\" content=\"fr_FR\" \/>\n<meta property=\"og:type\" content=\"article\" \/>\n<meta property=\"og:title\" content=\"Bouak\u00e9, la construction d&#039;un grand march\u00e9 et d&#039;une zone logistique et industrielle annonc\u00e9e\" \/>\n<meta property=\"og:description\" content=\"Africa-Press &#8211; C\u00f4te d&rsquo;Ivoire. La deuxie\u0300me ville de Co\u0302te d\u2019Ivoire aura biento\u0302t un grand marche\u0301 et une zone logistique et industrielle. L\u2019annonce a e\u0301te\u0301 faite par le Gouvernement ivoirien, mercredi dernier, a\u0300 l\u2019issue du Conseil des Ministres. Le Conseil a adopte\u0301 un de\u0301cret portant de\u0301claration d\u2019utilite\u0301 publique du pe\u0301rime\u0300tre du projet d\u2019ame\u0301nagement urbain dans le [&hellip;]\" \/>\n<meta property=\"og:url\" content=\"https:\/\/www.africa-press.net\/cotedivoire\/politique\/bouake-la-construction-dun-grand-marche-et-dune-zone-logistique-et-industrielle-annoncee\" \/>\n<meta property=\"og:site_name\" content=\"C\u00f4te d&#039;Ivoire\" \/>\n<meta property=\"article:published_time\" content=\"2025-02-28T19:26:58+00:00\" \/>\n<meta name=\"author\" content=\"cfeditorfr\" \/>\n<meta name=\"twitter:card\" content=\"summary_large_image\" \/>\n<meta name=\"twitter:label1\" content=\"\u00c9crit par\" \/>\n\t<meta name=\"twitter:data1\" content=\"cfeditorfr\" \/>\n\t<meta name=\"twitter:label2\" content=\"Dur\u00e9e de lecture estim\u00e9e\" \/>\n\t<meta name=\"twitter:data2\" content=\"2 minutes\" \/>\n<script type=\"application\/ld+json\" class=\"yoast-schema-graph\">{\"@context\":\"https:\/\/schema.org\",\"@graph\":[{\"@type\":\"Article\",\"@id\":\"https:\/\/www.africa-press.net\/cotedivoire\/politique\/bouake-la-construction-dun-grand-marche-et-dune-zone-logistique-et-industrielle-annoncee#article\",\"isPartOf\":{\"@id\":\"https:\/\/www.africa-press.net\/cotedivoire\/politique\/bouake-la-construction-dun-grand-marche-et-dune-zone-logistique-et-industrielle-annoncee\"},\"author\":{\"name\":\"cfeditorfr\",\"@id\":\"https:\/\/www.africa-press.net\/cotedivoire\/#\/schema\/person\/2b1cf3cd81a31e3cd26889ca66d677f1\"},\"headline\":\"Bouak\u00e9, la construction d&rsquo;un grand march\u00e9 et d&rsquo;une zone logistique et industrielle annonc\u00e9e\",\"datePublished\":\"2025-02-28T19:26:58+00:00\",\"mainEntityOfPage\":{\"@id\":\"https:\/\/www.africa-press.net\/cotedivoire\/politique\/bouake-la-construction-dun-grand-marche-et-dune-zone-logistique-et-industrielle-annoncee\"},\"wordCount\":391,\"commentCount\":0,\"image\":{\"@id\":\"https:\/\/www.africa-press.net\/cotedivoire\/politique\/bouake-la-construction-dun-grand-marche-et-dune-zone-logistique-et-industrielle-annoncee#primaryimage\"},\"thumbnailUrl\":\"https:\/\/static.africa-press.net\/cote\/sites\/43\/2025\/02\/sm_1740758544.837909.jpg\",\"keywords\":[\"C\u00f4te d'Ivoire\",\"grand march\u00e9\",\"logistique\",\"zone\"],\"articleSection\":[\"\u00c9conomie\",\"Toutes les actualit\u00e9s\"],\"inLanguage\":\"fr-FR\",\"potentialAction\":[{\"@type\":\"CommentAction\",\"name\":\"Comment\",\"target\":[\"https:\/\/www.africa-press.net\/cotedivoire\/politique\/bouake-la-construction-dun-grand-marche-et-dune-zone-logistique-et-industrielle-annoncee#respond\"]}]},{\"@type\":\"WebPage\",\"@id\":\"https:\/\/www.africa-press.net\/cotedivoire\/politique\/bouake-la-construction-dun-grand-marche-et-dune-zone-logistique-et-industrielle-annoncee\",\"url\":\"https:\/\/www.africa-press.net\/cotedivoire\/politique\/bouake-la-construction-dun-grand-marche-et-dune-zone-logistique-et-industrielle-annoncee\",\"name\":\"Bouak\u00e9, la construction d'un grand march\u00e9 et d'une zone logistique et industrielle annonc\u00e9e - C\u00f4te d&#039;Ivoire\",\"isPartOf\":{\"@id\":\"https:\/\/www.africa-press.net\/cotedivoire\/#website\"},\"primaryImageOfPage\":{\"@id\":\"https:\/\/www.africa-press.net\/cotedivoire\/politique\/bouake-la-construction-dun-grand-marche-et-dune-zone-logistique-et-industrielle-annoncee#primaryimage\"},\"image\":{\"@id\":\"https:\/\/www.africa-press.net\/cotedivoire\/politique\/bouake-la-construction-dun-grand-marche-et-dune-zone-logistique-et-industrielle-annoncee#primaryimage\"},\"thumbnailUrl\":\"https:\/\/static.africa-press.net\/cote\/sites\/43\/2025\/02\/sm_1740758544.837909.jpg\",\"datePublished\":\"2025-02-28T19:26:58+00:00\",\"author\":{\"@id\":\"https:\/\/www.africa-press.net\/cotedivoire\/#\/schema\/person\/2b1cf3cd81a31e3cd26889ca66d677f1\"},\"breadcrumb\":{\"@id\":\"https:\/\/www.africa-press.net\/cotedivoire\/politique\/bouake-la-construction-dun-grand-marche-et-dune-zone-logistique-et-industrielle-annoncee#breadcrumb\"},\"inLanguage\":\"fr-FR\",\"potentialAction\":[{\"@type\":\"ReadAction\",\"target\":[\"https:\/\/www.africa-press.net\/cotedivoire\/politique\/bouake-la-construction-dun-grand-marche-et-dune-zone-logistique-et-industrielle-annoncee\"]}]},{\"@type\":\"ImageObject\",\"inLanguage\":\"fr-FR\",\"@id\":\"https:\/\/www.africa-press.net\/cotedivoire\/politique\/bouake-la-construction-dun-grand-marche-et-dune-zone-logistique-et-industrielle-annoncee#primaryimage\",\"url\":\"https:\/\/static.africa-press.net\/cote\/sites\/43\/2025\/02\/sm_1740758544.837909.jpg\",\"contentUrl\":\"https:\/\/static.africa-press.net\/cote\/sites\/43\/2025\/02\/sm_1740758544.837909.jpg\",\"width\":720,\"height\":399,\"caption\":\"Bouak\u00e9, la construction d'un grand march\u00e9 et d'une zone logistique et industrielle annonc\u00e9e\"},{\"@type\":\"BreadcrumbList\",\"@id\":\"https:\/\/www.africa-press.net\/cotedivoire\/politique\/bouake-la-construction-dun-grand-marche-et-dune-zone-logistique-et-industrielle-annoncee#breadcrumb\",\"itemListElement\":[{\"@type\":\"ListItem\",\"position\":1,\"name\":\"Accueil\",\"item\":\"https:\/\/www.africa-press.net\/cotedivoire\/\"},{\"@type\":\"ListItem\",\"position\":2,\"name\":\"Bouak\u00e9, la construction d&rsquo;un grand march\u00e9 et d&rsquo;une zone logistique et industrielle annonc\u00e9e\"}]},{\"@type\":\"WebSite\",\"@id\":\"https:\/\/www.africa-press.net\/cotedivoire\/#website\",\"url\":\"https:\/\/www.africa-press.net\/cotedivoire\/\",\"name\":\"C\u00f4te d&#039;Ivoire\",\"description\":\"Just another Africa News Agency Sites site\",\"potentialAction\":[{\"@type\":\"SearchAction\",\"target\":{\"@type\":\"EntryPoint\",\"urlTemplate\":\"https:\/\/www.africa-press.net\/cotedivoire\/?s={search_term_string}\"},\"query-input\":{\"@type\":\"PropertyValueSpecification\",\"valueRequired\":true,\"valueName\":\"search_term_string\"}}],\"inLanguage\":\"fr-FR\"},{\"@type\":\"Person\",\"@id\":\"https:\/\/www.africa-press.net\/cotedivoire\/#\/schema\/person\/2b1cf3cd81a31e3cd26889ca66d677f1\",\"name\":\"cfeditorfr\"}]}<\/script>\n<!-- \/ Yoast SEO Premium plugin. -->","yoast_head_json":{"title":"Bouak\u00e9, la construction d'un grand march\u00e9 et d'une zone logistique et industrielle annonc\u00e9e - C\u00f4te d&#039;Ivoire","robots":{"index":"index","follow":"follow","max-snippet":"max-snippet:-1","max-image-preview":"max-image-preview:large","max-video-preview":"max-video-preview:-1"},"canonical":"https:\/\/www.africa-press.net\/cotedivoire\/politique\/bouake-la-construction-dun-grand-marche-et-dune-zone-logistique-et-industrielle-annoncee","og_locale":"fr_FR","og_type":"article","og_title":"Bouak\u00e9, la construction d'un grand march\u00e9 et d'une zone logistique et industrielle annonc\u00e9e","og_description":"Africa-Press &#8211; C\u00f4te d&rsquo;Ivoire. La deuxie\u0300me ville de Co\u0302te d\u2019Ivoire aura biento\u0302t un grand marche\u0301 et une zone logistique et industrielle. L\u2019annonce a e\u0301te\u0301 faite par le Gouvernement ivoirien, mercredi dernier, a\u0300 l\u2019issue du Conseil des Ministres. Le Conseil a adopte\u0301 un de\u0301cret portant de\u0301claration d\u2019utilite\u0301 publique du pe\u0301rime\u0300tre du projet d\u2019ame\u0301nagement urbain dans le [&hellip;]","og_url":"https:\/\/www.africa-press.net\/cotedivoire\/politique\/bouake-la-construction-dun-grand-marche-et-dune-zone-logistique-et-industrielle-annoncee","og_site_name":"C\u00f4te d&#039;Ivoire","article_published_time":"2025-02-28T19:26:58+00:00","author":"cfeditorfr","twitter_card":"summary_large_image","twitter_misc":{"\u00c9crit par":"cfeditorfr","Dur\u00e9e de lecture estim\u00e9e":"2 minutes"},"schema":{"@context":"https:\/\/schema.org","@graph":[{"@type":"Article","@id":"https:\/\/www.africa-press.net\/cotedivoire\/politique\/bouake-la-construction-dun-grand-marche-et-dune-zone-logistique-et-industrielle-annoncee#article","isPartOf":{"@id":"https:\/\/www.africa-press.net\/cotedivoire\/politique\/bouake-la-construction-dun-grand-marche-et-dune-zone-logistique-et-industrielle-annoncee"},"author":{"name":"cfeditorfr","@id":"https:\/\/www.africa-press.net\/cotedivoire\/#\/schema\/person\/2b1cf3cd81a31e3cd26889ca66d677f1"},"headline":"Bouak\u00e9, la construction d&rsquo;un grand march\u00e9 et d&rsquo;une zone logistique et industrielle annonc\u00e9e","datePublished":"2025-02-28T19:26:58+00:00","mainEntityOfPage":{"@id":"https:\/\/www.africa-press.net\/cotedivoire\/politique\/bouake-la-construction-dun-grand-marche-et-dune-zone-logistique-et-industrielle-annoncee"},"wordCount":391,"commentCount":0,"image":{"@id":"https:\/\/www.africa-press.net\/cotedivoire\/politique\/bouake-la-construction-dun-grand-marche-et-dune-zone-logistique-et-industrielle-annoncee#primaryimage"},"thumbnailUrl":"https:\/\/static.africa-press.net\/cote\/sites\/43\/2025\/02\/sm_1740758544.837909.jpg","keywords":["C\u00f4te d'Ivoire","grand march\u00e9","logistique","zone"],"articleSection":["\u00c9conomie","Toutes les actualit\u00e9s"],"inLanguage":"fr-FR","potentialAction":[{"@type":"CommentAction","name":"Comment","target":["https:\/\/www.africa-press.net\/cotedivoire\/politique\/bouake-la-construction-dun-grand-marche-et-dune-zone-logistique-et-industrielle-annoncee#respond"]}]},{"@type":"WebPage","@id":"https:\/\/www.africa-press.net\/cotedivoire\/politique\/bouake-la-construction-dun-grand-marche-et-dune-zone-logistique-et-industrielle-annoncee","url":"https:\/\/www.africa-press.net\/cotedivoire\/politique\/bouake-la-construction-dun-grand-marche-et-dune-zone-logistique-et-industrielle-annoncee","name":"Bouak\u00e9, la construction d'un grand march\u00e9 et d'une zone logistique et industrielle annonc\u00e9e - C\u00f4te d&#039;Ivoire","isPartOf":{"@id":"https:\/\/www.africa-press.net\/cotedivoire\/#website"},"primaryImageOfPage":{"@id":"https:\/\/www.africa-press.net\/cotedivoire\/politique\/bouake-la-construction-dun-grand-marche-et-dune-zone-logistique-et-industrielle-annoncee#primaryimage"},"image":{"@id":"https:\/\/www.africa-press.net\/cotedivoire\/politique\/bouake-la-construction-dun-grand-marche-et-dune-zone-logistique-et-industrielle-annoncee#primaryimage"},"thumbnailUrl":"https:\/\/static.africa-press.net\/cote\/sites\/43\/2025\/02\/sm_1740758544.837909.jpg","datePublished":"2025-02-28T19:26:58+00:00","author":{"@id":"https:\/\/www.africa-press.net\/cotedivoire\/#\/schema\/person\/2b1cf3cd81a31e3cd26889ca66d677f1"},"breadcrumb":{"@id":"https:\/\/www.africa-press.net\/cotedivoire\/politique\/bouake-la-construction-dun-grand-marche-et-dune-zone-logistique-et-industrielle-annoncee#breadcrumb"},"inLanguage":"fr-FR","potentialAction":[{"@type":"ReadAction","target":["https:\/\/www.africa-press.net\/cotedivoire\/politique\/bouake-la-construction-dun-grand-marche-et-dune-zone-logistique-et-industrielle-annoncee"]}]},{"@type":"ImageObject","inLanguage":"fr-FR","@id":"https:\/\/www.africa-press.net\/cotedivoire\/politique\/bouake-la-construction-dun-grand-marche-et-dune-zone-logistique-et-industrielle-annoncee#primaryimage","url":"https:\/\/static.africa-press.net\/cote\/sites\/43\/2025\/02\/sm_1740758544.837909.jpg","contentUrl":"https:\/\/static.africa-press.net\/cote\/sites\/43\/2025\/02\/sm_1740758544.837909.jpg","width":720,"height":399,"caption":"Bouak\u00e9, la construction d'un grand march\u00e9 et d'une zone logistique et industrielle annonc\u00e9e"},{"@type":"BreadcrumbList","@id":"https:\/\/www.africa-press.net\/cotedivoire\/politique\/bouake-la-construction-dun-grand-marche-et-dune-zone-logistique-et-industrielle-annoncee#breadcrumb","itemListElement":[{"@type":"ListItem","position":1,"name":"Accueil","item":"https:\/\/www.africa-press.net\/cotedivoire\/"},{"@type":"ListItem","position":2,"name":"Bouak\u00e9, la construction d&rsquo;un grand march\u00e9 et d&rsquo;une zone logistique et industrielle annonc\u00e9e"}]},{"@type":"WebSite","@id":"https:\/\/www.africa-press.net\/cotedivoire\/#website","url":"https:\/\/www.africa-press.net\/cotedivoire\/","name":"C\u00f4te d&#039;Ivoire","description":"Just another Africa News Agency Sites site","potentialAction":[{"@type":"SearchAction","target":{"@type":"EntryPoint","urlTemplate":"https:\/\/www.africa-press.net\/cotedivoire\/?s={search_term_string}"},"query-input":{"@type":"PropertyValueSpecification","valueRequired":true,"valueName":"search_term_string"}}],"inLanguage":"fr-FR"},{"@type":"Person","@id":"https:\/\/www.africa-press.net\/cotedivoire\/#\/schema\/person\/2b1cf3cd81a31e3cd26889ca66d677f1","name":"cfeditorfr"}]}},"_links":{"self":[{"href":"https:\/\/www.africa-press.net\/cotedivoire\/wp-json\/wp\/v2\/posts\/95795","targetHints":{"allow":["GET"]}}],"collection":[{"href":"https:\/\/www.africa-press.net\/cotedivoire\/wp-json\/wp\/v2\/posts"}],"about":[{"href":"https:\/\/www.africa-press.net\/cotedivoire\/wp-json\/wp\/v2\/types\/post"}],"author":[{"embeddable":true,"href":"https:\/\/www.africa-press.net\/cotedivoire\/wp-json\/wp\/v2\/users\/82"}],"replies":[{"embeddable":true,"href":"https:\/\/www.africa-press.net\/cotedivoire\/wp-json\/wp\/v2\/comments?post=95795"}],"version-history":[{"count":0,"href":"https:\/\/www.africa-press.net\/cotedivoire\/wp-json\/wp\/v2\/posts\/95795\/revisions"}],"wp:featuredmedia":[{"embeddable":true,"href":"https:\/\/www.africa-press.net\/cotedivoire\/wp-json\/wp\/v2\/media\/95794"}],"wp:attachment":[{"href":"https:\/\/www.africa-press.net\/cotedivoire\/wp-json\/wp\/v2\/media?parent=95795"}],"wp:term":[{"taxonomy":"category","embeddable":true,"href":"https:\/\/www.africa-press.net\/cotedivoire\/wp-json\/wp\/v2\/categories?post=95795"},{"taxonomy":"post_tag","embeddable":true,"href":"https:\/\/www.africa-press.net\/cotedivoire\/wp-json\/wp\/v2\/tags?post=95795"}],"curies":[{"name":"wp","href":"https:\/\/api.w.org\/{rel}","templated":true}]}}