{"id":9583,"date":"2021-06-30T17:15:37","date_gmt":"2021-06-30T17:15:37","guid":{"rendered":"https:\/\/www.africa-press.net\/cotedivoire\/?p=9583"},"modified":"2021-06-30T18:47:10","modified_gmt":"2021-06-30T18:47:10","slug":"une-partie-dabidjan-et-plusieurs-villes-en-cote-divoire-privees-delectricite-ce-mercredi","status":"publish","type":"post","link":"https:\/\/www.africa-press.net\/cotedivoire\/economie\/une-partie-dabidjan-et-plusieurs-villes-en-cote-divoire-privees-delectricite-ce-mercredi","title":{"rendered":"Une partie d\u2019Abidjan et plusieurs villes en C\u00f4te-d\u2019Ivoire priv\u00e9es d\u2019\u00e9lectricit\u00e9 ce mercredi"},"content":{"rendered":"<p><span style=\"color: #ff6600\"><strong><a href=\"https:\/\/www.africa-press.net\/\">Africa-Press<\/a> &#8211; <a href=\"https:\/\/www.africa-press.net\/cotedivoire\">C\u00f4te d&rsquo;Ivoire<\/a>. <\/strong><\/span>Plusieurs communes de la ville d\u2019Abidjan, la capitale \u00e9conomique de la C\u00f4te-d\u2019Ivoire, font face \u00e0 un d\u00e9lestage ce mercredi.<\/p>\n<p>Tout comme Abidjan, plusieurs autres villes de l\u2019int\u00e9rieur sont aussi priv\u00e9es d\u2019\u00e9lectricit\u00e9 selon des habitants que nous avons pu joindre.<\/p>\n<p>La coupure de courant qui a d\u00e9but\u00e9 dans la matin\u00e9e de ce mercredi vers 09h50 TU (local), n\u2019avait toujours pas trouv\u00e9 de solutions d\u2019ensemble au moment o\u00f9 nous publions.<\/p>\n<p>La Compagnie ivoirienne d\u2019\u00e9lectricit\u00e9 (CIE) n\u2019a fait aucune communication sur ce vaste d\u00e9lestage.<\/p>\n<p>La C\u00f4te-d\u2019Ivoire fait face depuis plusieurs mois \u00e0 des d\u00e9lestages r\u00e9guliers, avec des effets n\u00e9fastes sur l\u2019\u00e9conomie du pays. Cette situation p\u00e9nalise aussi les pays voisins tel que le Burkina-Faso qui lui ach\u00e8te de l\u2019\u00e9lectricit\u00e9.<\/p>\n<p>&nbsp;<\/p>\n","protected":false},"excerpt":{"rendered":"<p>Africa-Press &#8211; C\u00f4te d&rsquo;Ivoire. Plusieurs communes de la ville d\u2019Abidjan, la capitale \u00e9conomique de la C\u00f4te-d\u2019Ivoire, font face \u00e0 un d\u00e9lestage ce mercredi. Tout comme Abidjan, plusieurs autres villes de l\u2019int\u00e9rieur sont aussi priv\u00e9es d\u2019\u00e9lectricit\u00e9 selon des habitants que nous avons pu joindre. La coupure de courant qui a d\u00e9but\u00e9 dans la matin\u00e9e de ce [&hellip;]<\/p>\n","protected":false},"author":82,"featured_media":9582,"comment_status":"open","ping_status":"closed","sticky":false,"template":"","format":"standard","meta":{"footnotes":""},"categories":[3,11,10],"tags":[56,63,29],"class_list":["post-9583","post","type-post","status-publish","format-standard","has-post-thumbnail","hentry","category-economie","category-homepage-french","category-toutes-les-actualites","tag-africa-press","tag-africa-press-cote-divoire","tag-cote-divoire"],"yoast_head":"<!-- This site is optimized with the Yoast SEO Premium plugin v26.1 (Yoast SEO v27.0) - https:\/\/yoast.com\/product\/yoast-seo-premium-wordpress\/ -->\n<title>Une partie d\u2019Abidjan et plusieurs villes en C\u00f4te-d\u2019Ivoire priv\u00e9es d\u2019\u00e9lectricit\u00e9 ce mercredi - C\u00f4te d&#039;Ivoire<\/title>\n<meta name=\"description\" content=\"Plusieurs communes de la ville d\u2019Abidjan, la capitale \u00e9conomique de la C\u00f4te-d\u2019Ivoire, font face \u00e0 un d\u00e9lestage ce mercre ...\" \/>\n<meta name=\"robots\" content=\"index, follow, max-snippet:-1, max-image-preview:large, max-video-preview:-1\" \/>\n<link rel=\"canonical\" href=\"https:\/\/www.africa-press.net\/cotedivoire\/economie\/une-partie-dabidjan-et-plusieurs-villes-en-cote-divoire-privees-delectricite-ce-mercredi\" \/>\n<meta property=\"og:locale\" content=\"fr_FR\" \/>\n<meta property=\"og:type\" content=\"article\" \/>\n<meta property=\"og:title\" content=\"Une partie d\u2019Abidjan et plusieurs villes en C\u00f4te-d\u2019Ivoire priv\u00e9es d\u2019\u00e9lectricit\u00e9 ce mercredi\" \/>\n<meta property=\"og:description\" content=\"Plusieurs communes de la ville d\u2019Abidjan, la capitale \u00e9conomique de la C\u00f4te-d\u2019Ivoire, font face \u00e0 un d\u00e9lestage ce mercre ...\" \/>\n<meta property=\"og:url\" content=\"https:\/\/www.africa-press.net\/cotedivoire\/economie\/une-partie-dabidjan-et-plusieurs-villes-en-cote-divoire-privees-delectricite-ce-mercredi\" \/>\n<meta property=\"og:site_name\" content=\"C\u00f4te d&#039;Ivoire\" \/>\n<meta property=\"article:published_time\" content=\"2021-06-30T17:15:37+00:00\" \/>\n<meta property=\"article:modified_time\" content=\"2021-06-30T18:47:10+00:00\" \/>\n<meta property=\"og:image\" content=\"https:\/\/static.africa-press.net\/cote\/sites\/43\/2021\/06\/img-60dca0cd73773.jpg\" \/>\n\t<meta property=\"og:image:width\" content=\"720\" \/>\n\t<meta property=\"og:image:height\" content=\"434\" \/>\n\t<meta property=\"og:image:type\" content=\"image\/jpeg\" \/>\n<meta name=\"author\" content=\"cfeditorfr\" \/>\n<meta name=\"twitter:card\" content=\"summary_large_image\" \/>\n<meta name=\"twitter:label1\" content=\"\u00c9crit par\" \/>\n\t<meta name=\"twitter:data1\" content=\"cfeditorfr\" \/>\n\t<meta name=\"twitter:label2\" content=\"Dur\u00e9e de lecture estim\u00e9e\" \/>\n\t<meta name=\"twitter:data2\" content=\"1 minute\" \/>\n<script type=\"application\/ld+json\" class=\"yoast-schema-graph\">{\"@context\":\"https:\/\/schema.org\",\"@graph\":[{\"@type\":\"Article\",\"@id\":\"https:\/\/www.africa-press.net\/cotedivoire\/economie\/une-partie-dabidjan-et-plusieurs-villes-en-cote-divoire-privees-delectricite-ce-mercredi#article\",\"isPartOf\":{\"@id\":\"https:\/\/www.africa-press.net\/cotedivoire\/economie\/une-partie-dabidjan-et-plusieurs-villes-en-cote-divoire-privees-delectricite-ce-mercredi\"},\"author\":{\"name\":\"cfeditorfr\",\"@id\":\"https:\/\/www.africa-press.net\/cotedivoire\/#\/schema\/person\/2b1cf3cd81a31e3cd26889ca66d677f1\"},\"headline\":\"Une partie d\u2019Abidjan et plusieurs villes en C\u00f4te-d\u2019Ivoire priv\u00e9es d\u2019\u00e9lectricit\u00e9 ce mercredi\",\"datePublished\":\"2021-06-30T17:15:37+00:00\",\"dateModified\":\"2021-06-30T18:47:10+00:00\",\"mainEntityOfPage\":{\"@id\":\"https:\/\/www.africa-press.net\/cotedivoire\/economie\/une-partie-dabidjan-et-plusieurs-villes-en-cote-divoire-privees-delectricite-ce-mercredi\"},\"wordCount\":162,\"commentCount\":0,\"image\":{\"@id\":\"https:\/\/www.africa-press.net\/cotedivoire\/economie\/une-partie-dabidjan-et-plusieurs-villes-en-cote-divoire-privees-delectricite-ce-mercredi#primaryimage\"},\"thumbnailUrl\":\"https:\/\/static.africa-press.net\/cote\/sites\/43\/2021\/06\/img-60dca0cd73773.jpg\",\"keywords\":[\"Africa Press\",\"Africa Press-C\u00f4te d'Ivoire\",\"C\u00d4TE D'IVOIRE\"],\"articleSection\":[\"\u00c9conomie\",\"homepage-french\",\"Toutes les actualit\u00e9s\"],\"inLanguage\":\"fr-FR\",\"potentialAction\":[{\"@type\":\"CommentAction\",\"name\":\"Comment\",\"target\":[\"https:\/\/www.africa-press.net\/cotedivoire\/economie\/une-partie-dabidjan-et-plusieurs-villes-en-cote-divoire-privees-delectricite-ce-mercredi#respond\"]}]},{\"@type\":\"WebPage\",\"@id\":\"https:\/\/www.africa-press.net\/cotedivoire\/economie\/une-partie-dabidjan-et-plusieurs-villes-en-cote-divoire-privees-delectricite-ce-mercredi\",\"url\":\"https:\/\/www.africa-press.net\/cotedivoire\/economie\/une-partie-dabidjan-et-plusieurs-villes-en-cote-divoire-privees-delectricite-ce-mercredi\",\"name\":\"Une partie d\u2019Abidjan et plusieurs villes en C\u00f4te-d\u2019Ivoire priv\u00e9es d\u2019\u00e9lectricit\u00e9 ce mercredi - C\u00f4te d&#039;Ivoire\",\"isPartOf\":{\"@id\":\"https:\/\/www.africa-press.net\/cotedivoire\/#website\"},\"primaryImageOfPage\":{\"@id\":\"https:\/\/www.africa-press.net\/cotedivoire\/economie\/une-partie-dabidjan-et-plusieurs-villes-en-cote-divoire-privees-delectricite-ce-mercredi#primaryimage\"},\"image\":{\"@id\":\"https:\/\/www.africa-press.net\/cotedivoire\/economie\/une-partie-dabidjan-et-plusieurs-villes-en-cote-divoire-privees-delectricite-ce-mercredi#primaryimage\"},\"thumbnailUrl\":\"https:\/\/static.africa-press.net\/cote\/sites\/43\/2021\/06\/img-60dca0cd73773.jpg\",\"datePublished\":\"2021-06-30T17:15:37+00:00\",\"dateModified\":\"2021-06-30T18:47:10+00:00\",\"author\":{\"@id\":\"https:\/\/www.africa-press.net\/cotedivoire\/#\/schema\/person\/2b1cf3cd81a31e3cd26889ca66d677f1\"},\"description\":\"Plusieurs communes de la ville d\u2019Abidjan, la capitale \u00e9conomique de la C\u00f4te-d\u2019Ivoire, font face \u00e0 un d\u00e9lestage ce mercre ...\",\"breadcrumb\":{\"@id\":\"https:\/\/www.africa-press.net\/cotedivoire\/economie\/une-partie-dabidjan-et-plusieurs-villes-en-cote-divoire-privees-delectricite-ce-mercredi#breadcrumb\"},\"inLanguage\":\"fr-FR\",\"potentialAction\":[{\"@type\":\"ReadAction\",\"target\":[\"https:\/\/www.africa-press.net\/cotedivoire\/economie\/une-partie-dabidjan-et-plusieurs-villes-en-cote-divoire-privees-delectricite-ce-mercredi\"]}]},{\"@type\":\"ImageObject\",\"inLanguage\":\"fr-FR\",\"@id\":\"https:\/\/www.africa-press.net\/cotedivoire\/economie\/une-partie-dabidjan-et-plusieurs-villes-en-cote-divoire-privees-delectricite-ce-mercredi#primaryimage\",\"url\":\"https:\/\/static.africa-press.net\/cote\/sites\/43\/2021\/06\/img-60dca0cd73773.jpg\",\"contentUrl\":\"https:\/\/static.africa-press.net\/cote\/sites\/43\/2021\/06\/img-60dca0cd73773.jpg\",\"width\":720,\"height\":434,\"caption\":\"Une partie d\u2019Abidjan et plusieurs villes en C\u00f4te-d\u2019Ivoire priv\u00e9es d\u2019\u00e9lectricit\u00e9 ce mercredi\"},{\"@type\":\"BreadcrumbList\",\"@id\":\"https:\/\/www.africa-press.net\/cotedivoire\/economie\/une-partie-dabidjan-et-plusieurs-villes-en-cote-divoire-privees-delectricite-ce-mercredi#breadcrumb\",\"itemListElement\":[{\"@type\":\"ListItem\",\"position\":1,\"name\":\"Accueil\",\"item\":\"https:\/\/www.africa-press.net\/cotedivoire\/\"},{\"@type\":\"ListItem\",\"position\":2,\"name\":\"Une partie d\u2019Abidjan et plusieurs villes en C\u00f4te-d\u2019Ivoire priv\u00e9es d\u2019\u00e9lectricit\u00e9 ce mercredi\"}]},{\"@type\":\"WebSite\",\"@id\":\"https:\/\/www.africa-press.net\/cotedivoire\/#website\",\"url\":\"https:\/\/www.africa-press.net\/cotedivoire\/\",\"name\":\"C\u00f4te d&#039;Ivoire\",\"description\":\"Just another Africa News Agency Sites site\",\"potentialAction\":[{\"@type\":\"SearchAction\",\"target\":{\"@type\":\"EntryPoint\",\"urlTemplate\":\"https:\/\/www.africa-press.net\/cotedivoire\/?s={search_term_string}\"},\"query-input\":{\"@type\":\"PropertyValueSpecification\",\"valueRequired\":true,\"valueName\":\"search_term_string\"}}],\"inLanguage\":\"fr-FR\"},{\"@type\":\"Person\",\"@id\":\"https:\/\/www.africa-press.net\/cotedivoire\/#\/schema\/person\/2b1cf3cd81a31e3cd26889ca66d677f1\",\"name\":\"cfeditorfr\"}]}<\/script>\n<!-- \/ Yoast SEO Premium plugin. -->","yoast_head_json":{"title":"Une partie d\u2019Abidjan et plusieurs villes en C\u00f4te-d\u2019Ivoire priv\u00e9es d\u2019\u00e9lectricit\u00e9 ce mercredi - C\u00f4te d&#039;Ivoire","description":"Plusieurs communes de la ville d\u2019Abidjan, la capitale \u00e9conomique de la C\u00f4te-d\u2019Ivoire, font face \u00e0 un d\u00e9lestage ce mercre ...","robots":{"index":"index","follow":"follow","max-snippet":"max-snippet:-1","max-image-preview":"max-image-preview:large","max-video-preview":"max-video-preview:-1"},"canonical":"https:\/\/www.africa-press.net\/cotedivoire\/economie\/une-partie-dabidjan-et-plusieurs-villes-en-cote-divoire-privees-delectricite-ce-mercredi","og_locale":"fr_FR","og_type":"article","og_title":"Une partie d\u2019Abidjan et plusieurs villes en C\u00f4te-d\u2019Ivoire priv\u00e9es d\u2019\u00e9lectricit\u00e9 ce mercredi","og_description":"Plusieurs communes de la ville d\u2019Abidjan, la capitale \u00e9conomique de la C\u00f4te-d\u2019Ivoire, font face \u00e0 un d\u00e9lestage ce mercre ...","og_url":"https:\/\/www.africa-press.net\/cotedivoire\/economie\/une-partie-dabidjan-et-plusieurs-villes-en-cote-divoire-privees-delectricite-ce-mercredi","og_site_name":"C\u00f4te d&#039;Ivoire","article_published_time":"2021-06-30T17:15:37+00:00","article_modified_time":"2021-06-30T18:47:10+00:00","og_image":[{"width":720,"height":434,"url":"https:\/\/static.africa-press.net\/cote\/sites\/43\/2021\/06\/img-60dca0cd73773.jpg","type":"image\/jpeg"}],"author":"cfeditorfr","twitter_card":"summary_large_image","twitter_misc":{"\u00c9crit par":"cfeditorfr","Dur\u00e9e de lecture estim\u00e9e":"1 minute"},"schema":{"@context":"https:\/\/schema.org","@graph":[{"@type":"Article","@id":"https:\/\/www.africa-press.net\/cotedivoire\/economie\/une-partie-dabidjan-et-plusieurs-villes-en-cote-divoire-privees-delectricite-ce-mercredi#article","isPartOf":{"@id":"https:\/\/www.africa-press.net\/cotedivoire\/economie\/une-partie-dabidjan-et-plusieurs-villes-en-cote-divoire-privees-delectricite-ce-mercredi"},"author":{"name":"cfeditorfr","@id":"https:\/\/www.africa-press.net\/cotedivoire\/#\/schema\/person\/2b1cf3cd81a31e3cd26889ca66d677f1"},"headline":"Une partie d\u2019Abidjan et plusieurs villes en C\u00f4te-d\u2019Ivoire priv\u00e9es d\u2019\u00e9lectricit\u00e9 ce mercredi","datePublished":"2021-06-30T17:15:37+00:00","dateModified":"2021-06-30T18:47:10+00:00","mainEntityOfPage":{"@id":"https:\/\/www.africa-press.net\/cotedivoire\/economie\/une-partie-dabidjan-et-plusieurs-villes-en-cote-divoire-privees-delectricite-ce-mercredi"},"wordCount":162,"commentCount":0,"image":{"@id":"https:\/\/www.africa-press.net\/cotedivoire\/economie\/une-partie-dabidjan-et-plusieurs-villes-en-cote-divoire-privees-delectricite-ce-mercredi#primaryimage"},"thumbnailUrl":"https:\/\/static.africa-press.net\/cote\/sites\/43\/2021\/06\/img-60dca0cd73773.jpg","keywords":["Africa Press","Africa Press-C\u00f4te d'Ivoire","C\u00d4TE D'IVOIRE"],"articleSection":["\u00c9conomie","homepage-french","Toutes les actualit\u00e9s"],"inLanguage":"fr-FR","potentialAction":[{"@type":"CommentAction","name":"Comment","target":["https:\/\/www.africa-press.net\/cotedivoire\/economie\/une-partie-dabidjan-et-plusieurs-villes-en-cote-divoire-privees-delectricite-ce-mercredi#respond"]}]},{"@type":"WebPage","@id":"https:\/\/www.africa-press.net\/cotedivoire\/economie\/une-partie-dabidjan-et-plusieurs-villes-en-cote-divoire-privees-delectricite-ce-mercredi","url":"https:\/\/www.africa-press.net\/cotedivoire\/economie\/une-partie-dabidjan-et-plusieurs-villes-en-cote-divoire-privees-delectricite-ce-mercredi","name":"Une partie d\u2019Abidjan et plusieurs villes en C\u00f4te-d\u2019Ivoire priv\u00e9es d\u2019\u00e9lectricit\u00e9 ce mercredi - C\u00f4te d&#039;Ivoire","isPartOf":{"@id":"https:\/\/www.africa-press.net\/cotedivoire\/#website"},"primaryImageOfPage":{"@id":"https:\/\/www.africa-press.net\/cotedivoire\/economie\/une-partie-dabidjan-et-plusieurs-villes-en-cote-divoire-privees-delectricite-ce-mercredi#primaryimage"},"image":{"@id":"https:\/\/www.africa-press.net\/cotedivoire\/economie\/une-partie-dabidjan-et-plusieurs-villes-en-cote-divoire-privees-delectricite-ce-mercredi#primaryimage"},"thumbnailUrl":"https:\/\/static.africa-press.net\/cote\/sites\/43\/2021\/06\/img-60dca0cd73773.jpg","datePublished":"2021-06-30T17:15:37+00:00","dateModified":"2021-06-30T18:47:10+00:00","author":{"@id":"https:\/\/www.africa-press.net\/cotedivoire\/#\/schema\/person\/2b1cf3cd81a31e3cd26889ca66d677f1"},"description":"Plusieurs communes de la ville d\u2019Abidjan, la capitale \u00e9conomique de la C\u00f4te-d\u2019Ivoire, font face \u00e0 un d\u00e9lestage ce mercre ...","breadcrumb":{"@id":"https:\/\/www.africa-press.net\/cotedivoire\/economie\/une-partie-dabidjan-et-plusieurs-villes-en-cote-divoire-privees-delectricite-ce-mercredi#breadcrumb"},"inLanguage":"fr-FR","potentialAction":[{"@type":"ReadAction","target":["https:\/\/www.africa-press.net\/cotedivoire\/economie\/une-partie-dabidjan-et-plusieurs-villes-en-cote-divoire-privees-delectricite-ce-mercredi"]}]},{"@type":"ImageObject","inLanguage":"fr-FR","@id":"https:\/\/www.africa-press.net\/cotedivoire\/economie\/une-partie-dabidjan-et-plusieurs-villes-en-cote-divoire-privees-delectricite-ce-mercredi#primaryimage","url":"https:\/\/static.africa-press.net\/cote\/sites\/43\/2021\/06\/img-60dca0cd73773.jpg","contentUrl":"https:\/\/static.africa-press.net\/cote\/sites\/43\/2021\/06\/img-60dca0cd73773.jpg","width":720,"height":434,"caption":"Une partie d\u2019Abidjan et plusieurs villes en C\u00f4te-d\u2019Ivoire priv\u00e9es d\u2019\u00e9lectricit\u00e9 ce mercredi"},{"@type":"BreadcrumbList","@id":"https:\/\/www.africa-press.net\/cotedivoire\/economie\/une-partie-dabidjan-et-plusieurs-villes-en-cote-divoire-privees-delectricite-ce-mercredi#breadcrumb","itemListElement":[{"@type":"ListItem","position":1,"name":"Accueil","item":"https:\/\/www.africa-press.net\/cotedivoire\/"},{"@type":"ListItem","position":2,"name":"Une partie d\u2019Abidjan et plusieurs villes en C\u00f4te-d\u2019Ivoire priv\u00e9es d\u2019\u00e9lectricit\u00e9 ce mercredi"}]},{"@type":"WebSite","@id":"https:\/\/www.africa-press.net\/cotedivoire\/#website","url":"https:\/\/www.africa-press.net\/cotedivoire\/","name":"C\u00f4te d&#039;Ivoire","description":"Just another Africa News Agency Sites site","potentialAction":[{"@type":"SearchAction","target":{"@type":"EntryPoint","urlTemplate":"https:\/\/www.africa-press.net\/cotedivoire\/?s={search_term_string}"},"query-input":{"@type":"PropertyValueSpecification","valueRequired":true,"valueName":"search_term_string"}}],"inLanguage":"fr-FR"},{"@type":"Person","@id":"https:\/\/www.africa-press.net\/cotedivoire\/#\/schema\/person\/2b1cf3cd81a31e3cd26889ca66d677f1","name":"cfeditorfr"}]}},"_links":{"self":[{"href":"https:\/\/www.africa-press.net\/cotedivoire\/wp-json\/wp\/v2\/posts\/9583","targetHints":{"allow":["GET"]}}],"collection":[{"href":"https:\/\/www.africa-press.net\/cotedivoire\/wp-json\/wp\/v2\/posts"}],"about":[{"href":"https:\/\/www.africa-press.net\/cotedivoire\/wp-json\/wp\/v2\/types\/post"}],"author":[{"embeddable":true,"href":"https:\/\/www.africa-press.net\/cotedivoire\/wp-json\/wp\/v2\/users\/82"}],"replies":[{"embeddable":true,"href":"https:\/\/www.africa-press.net\/cotedivoire\/wp-json\/wp\/v2\/comments?post=9583"}],"version-history":[{"count":0,"href":"https:\/\/www.africa-press.net\/cotedivoire\/wp-json\/wp\/v2\/posts\/9583\/revisions"}],"wp:featuredmedia":[{"embeddable":true,"href":"https:\/\/www.africa-press.net\/cotedivoire\/wp-json\/wp\/v2\/media\/9582"}],"wp:attachment":[{"href":"https:\/\/www.africa-press.net\/cotedivoire\/wp-json\/wp\/v2\/media?parent=9583"}],"wp:term":[{"taxonomy":"category","embeddable":true,"href":"https:\/\/www.africa-press.net\/cotedivoire\/wp-json\/wp\/v2\/categories?post=9583"},{"taxonomy":"post_tag","embeddable":true,"href":"https:\/\/www.africa-press.net\/cotedivoire\/wp-json\/wp\/v2\/tags?post=9583"}],"curies":[{"name":"wp","href":"https:\/\/api.w.org\/{rel}","templated":true}]}}