{"id":9594,"date":"2021-07-01T16:09:40","date_gmt":"2021-07-01T16:09:40","guid":{"rendered":"https:\/\/www.africa-press.net\/cotedivoire\/?p=9594"},"modified":"2021-07-01T20:46:44","modified_gmt":"2021-07-01T20:46:44","slug":"les-prix-de-carburant-en-cote-divoire-ne-suivent-pas-la-tendance-mondiale-de-forte-hausse","status":"publish","type":"post","link":"https:\/\/www.africa-press.net\/cotedivoire\/economie\/les-prix-de-carburant-en-cote-divoire-ne-suivent-pas-la-tendance-mondiale-de-forte-hausse","title":{"rendered":"Les prix de carburant en C\u00f4te-d\u2019Ivoire ne suivent pas la tendance mondiale de forte hausse"},"content":{"rendered":"<p><span style=\"color: #ff6600\"><strong><a href=\"https:\/\/www.africa-press.net\/\">Africa-Press<\/a> &#8211; <a href=\"https:\/\/www.africa-press.net\/cotedivoire\">C\u00f4te d&rsquo;Ivoire<\/a>. <\/strong><\/span>Les prix du baril de p\u00e9trole en chute durant la crise de covid-19, sont pass\u00e9s au-dessus des 80 dollars ces derni\u00e8res semaines. Dans plusieurs pays dans le monde \u00e0 \u00e9conomie du march\u00e9 o\u00f9 les prix \u00e0 la pompe sont coupl\u00e9s au prix mondial du baril, les automobilistes ressentent la forte hausse du prix du litre de carburant (diesel ou essence) \u00e0 chacun de leurs passages dans les stations-service.<\/p>\n<p>En C\u00f4te d\u2019Ivoire le gouvernement a carr\u00e9ment d\u00e9cid\u00e9 de maintenir les prix du litre \u00e0 la pompe du gasoil et du super sans plomb \u00e0 615 FCFA\/litre pour le mois de juillet, indique une note du minist\u00e8re des Mines, du p\u00e9trole et de l\u2019\u00e9nergie, envoy\u00e9 ce jeudi aux redactions de presse.<\/p>\n<p>&nbsp;<\/p>\n","protected":false},"excerpt":{"rendered":"<p>Africa-Press &#8211; C\u00f4te d&rsquo;Ivoire. Les prix du baril de p\u00e9trole en chute durant la crise de covid-19, sont pass\u00e9s au-dessus des 80 dollars ces derni\u00e8res semaines. Dans plusieurs pays dans le monde \u00e0 \u00e9conomie du march\u00e9 o\u00f9 les prix \u00e0 la pompe sont coupl\u00e9s au prix mondial du baril, les automobilistes ressentent la forte hausse [&hellip;]<\/p>\n","protected":false},"author":82,"featured_media":9593,"comment_status":"open","ping_status":"closed","sticky":false,"template":"","format":"standard","meta":{"footnotes":""},"categories":[3,11,20,10],"tags":[56,63,29],"class_list":["post-9594","post","type-post","status-publish","format-standard","has-post-thumbnail","hentry","category-economie","category-homepage-french","category-top-nouvelles","category-toutes-les-actualites","tag-africa-press","tag-africa-press-cote-divoire","tag-cote-divoire"],"yoast_head":"<!-- This site is optimized with the Yoast SEO Premium plugin v26.1 (Yoast SEO v27.0) - https:\/\/yoast.com\/product\/yoast-seo-premium-wordpress\/ -->\n<title>Les prix de carburant en C\u00f4te-d\u2019Ivoire ne suivent pas la tendance mondiale de forte hausse - C\u00f4te d&#039;Ivoire<\/title>\n<meta name=\"description\" content=\"Les prix du baril de p\u00e9trole en chute durant la crise de covid-19, sont pass\u00e9s au-dessus des 80 dollars ces derni\u00e8res se ...\" \/>\n<meta name=\"robots\" content=\"index, follow, max-snippet:-1, max-image-preview:large, max-video-preview:-1\" \/>\n<link rel=\"canonical\" href=\"https:\/\/www.africa-press.net\/cotedivoire\/economie\/les-prix-de-carburant-en-cote-divoire-ne-suivent-pas-la-tendance-mondiale-de-forte-hausse\" \/>\n<meta property=\"og:locale\" content=\"fr_FR\" \/>\n<meta property=\"og:type\" content=\"article\" \/>\n<meta property=\"og:title\" content=\"Les prix de carburant en C\u00f4te-d\u2019Ivoire ne suivent pas la tendance mondiale de forte hausse\" \/>\n<meta property=\"og:description\" content=\"Les prix du baril de p\u00e9trole en chute durant la crise de covid-19, sont pass\u00e9s au-dessus des 80 dollars ces derni\u00e8res se ...\" \/>\n<meta property=\"og:url\" content=\"https:\/\/www.africa-press.net\/cotedivoire\/economie\/les-prix-de-carburant-en-cote-divoire-ne-suivent-pas-la-tendance-mondiale-de-forte-hausse\" \/>\n<meta property=\"og:site_name\" content=\"C\u00f4te d&#039;Ivoire\" \/>\n<meta property=\"article:published_time\" content=\"2021-07-01T16:09:40+00:00\" \/>\n<meta property=\"article:modified_time\" content=\"2021-07-01T20:46:44+00:00\" \/>\n<meta property=\"og:image\" content=\"https:\/\/static.africa-press.net\/cote\/sites\/43\/2021\/07\/img.jpg\" \/>\n\t<meta property=\"og:image:width\" content=\"946\" \/>\n\t<meta property=\"og:image:height\" content=\"833\" \/>\n\t<meta property=\"og:image:type\" content=\"image\/jpeg\" \/>\n<meta name=\"author\" content=\"cfeditorfr\" \/>\n<meta name=\"twitter:card\" content=\"summary_large_image\" \/>\n<meta name=\"twitter:label1\" content=\"\u00c9crit par\" \/>\n\t<meta name=\"twitter:data1\" content=\"cfeditorfr\" \/>\n\t<meta name=\"twitter:label2\" content=\"Dur\u00e9e de lecture estim\u00e9e\" \/>\n\t<meta name=\"twitter:data2\" content=\"1 minute\" \/>\n<script type=\"application\/ld+json\" class=\"yoast-schema-graph\">{\"@context\":\"https:\/\/schema.org\",\"@graph\":[{\"@type\":\"Article\",\"@id\":\"https:\/\/www.africa-press.net\/cotedivoire\/economie\/les-prix-de-carburant-en-cote-divoire-ne-suivent-pas-la-tendance-mondiale-de-forte-hausse#article\",\"isPartOf\":{\"@id\":\"https:\/\/www.africa-press.net\/cotedivoire\/economie\/les-prix-de-carburant-en-cote-divoire-ne-suivent-pas-la-tendance-mondiale-de-forte-hausse\"},\"author\":{\"name\":\"cfeditorfr\",\"@id\":\"https:\/\/www.africa-press.net\/cotedivoire\/#\/schema\/person\/2b1cf3cd81a31e3cd26889ca66d677f1\"},\"headline\":\"Les prix de carburant en C\u00f4te-d\u2019Ivoire ne suivent pas la tendance mondiale de forte hausse\",\"datePublished\":\"2021-07-01T16:09:40+00:00\",\"dateModified\":\"2021-07-01T20:46:44+00:00\",\"mainEntityOfPage\":{\"@id\":\"https:\/\/www.africa-press.net\/cotedivoire\/economie\/les-prix-de-carburant-en-cote-divoire-ne-suivent-pas-la-tendance-mondiale-de-forte-hausse\"},\"wordCount\":148,\"commentCount\":0,\"image\":{\"@id\":\"https:\/\/www.africa-press.net\/cotedivoire\/economie\/les-prix-de-carburant-en-cote-divoire-ne-suivent-pas-la-tendance-mondiale-de-forte-hausse#primaryimage\"},\"thumbnailUrl\":\"https:\/\/static.africa-press.net\/cote\/sites\/43\/2021\/07\/img.jpg\",\"keywords\":[\"Africa Press\",\"Africa Press-C\u00f4te d'Ivoire\",\"C\u00d4TE D'IVOIRE\"],\"articleSection\":[\"\u00c9conomie\",\"homepage-french\",\"Top Nouvelles\",\"Toutes les actualit\u00e9s\"],\"inLanguage\":\"fr-FR\",\"potentialAction\":[{\"@type\":\"CommentAction\",\"name\":\"Comment\",\"target\":[\"https:\/\/www.africa-press.net\/cotedivoire\/economie\/les-prix-de-carburant-en-cote-divoire-ne-suivent-pas-la-tendance-mondiale-de-forte-hausse#respond\"]}]},{\"@type\":\"WebPage\",\"@id\":\"https:\/\/www.africa-press.net\/cotedivoire\/economie\/les-prix-de-carburant-en-cote-divoire-ne-suivent-pas-la-tendance-mondiale-de-forte-hausse\",\"url\":\"https:\/\/www.africa-press.net\/cotedivoire\/economie\/les-prix-de-carburant-en-cote-divoire-ne-suivent-pas-la-tendance-mondiale-de-forte-hausse\",\"name\":\"Les prix de carburant en C\u00f4te-d\u2019Ivoire ne suivent pas la tendance mondiale de forte hausse - C\u00f4te d&#039;Ivoire\",\"isPartOf\":{\"@id\":\"https:\/\/www.africa-press.net\/cotedivoire\/#website\"},\"primaryImageOfPage\":{\"@id\":\"https:\/\/www.africa-press.net\/cotedivoire\/economie\/les-prix-de-carburant-en-cote-divoire-ne-suivent-pas-la-tendance-mondiale-de-forte-hausse#primaryimage\"},\"image\":{\"@id\":\"https:\/\/www.africa-press.net\/cotedivoire\/economie\/les-prix-de-carburant-en-cote-divoire-ne-suivent-pas-la-tendance-mondiale-de-forte-hausse#primaryimage\"},\"thumbnailUrl\":\"https:\/\/static.africa-press.net\/cote\/sites\/43\/2021\/07\/img.jpg\",\"datePublished\":\"2021-07-01T16:09:40+00:00\",\"dateModified\":\"2021-07-01T20:46:44+00:00\",\"author\":{\"@id\":\"https:\/\/www.africa-press.net\/cotedivoire\/#\/schema\/person\/2b1cf3cd81a31e3cd26889ca66d677f1\"},\"description\":\"Les prix du baril de p\u00e9trole en chute durant la crise de covid-19, sont pass\u00e9s au-dessus des 80 dollars ces derni\u00e8res se ...\",\"breadcrumb\":{\"@id\":\"https:\/\/www.africa-press.net\/cotedivoire\/economie\/les-prix-de-carburant-en-cote-divoire-ne-suivent-pas-la-tendance-mondiale-de-forte-hausse#breadcrumb\"},\"inLanguage\":\"fr-FR\",\"potentialAction\":[{\"@type\":\"ReadAction\",\"target\":[\"https:\/\/www.africa-press.net\/cotedivoire\/economie\/les-prix-de-carburant-en-cote-divoire-ne-suivent-pas-la-tendance-mondiale-de-forte-hausse\"]}]},{\"@type\":\"ImageObject\",\"inLanguage\":\"fr-FR\",\"@id\":\"https:\/\/www.africa-press.net\/cotedivoire\/economie\/les-prix-de-carburant-en-cote-divoire-ne-suivent-pas-la-tendance-mondiale-de-forte-hausse#primaryimage\",\"url\":\"https:\/\/static.africa-press.net\/cote\/sites\/43\/2021\/07\/img.jpg\",\"contentUrl\":\"https:\/\/static.africa-press.net\/cote\/sites\/43\/2021\/07\/img.jpg\",\"width\":946,\"height\":833,\"caption\":\"Les prix de carburant en C\u00f4te-d\u2019Ivoire ne suivent pas la tendance mondiale de forte hausse\"},{\"@type\":\"BreadcrumbList\",\"@id\":\"https:\/\/www.africa-press.net\/cotedivoire\/economie\/les-prix-de-carburant-en-cote-divoire-ne-suivent-pas-la-tendance-mondiale-de-forte-hausse#breadcrumb\",\"itemListElement\":[{\"@type\":\"ListItem\",\"position\":1,\"name\":\"Accueil\",\"item\":\"https:\/\/www.africa-press.net\/cotedivoire\/\"},{\"@type\":\"ListItem\",\"position\":2,\"name\":\"Les prix de carburant en C\u00f4te-d\u2019Ivoire ne suivent pas la tendance mondiale de forte hausse\"}]},{\"@type\":\"WebSite\",\"@id\":\"https:\/\/www.africa-press.net\/cotedivoire\/#website\",\"url\":\"https:\/\/www.africa-press.net\/cotedivoire\/\",\"name\":\"C\u00f4te d&#039;Ivoire\",\"description\":\"Just another Africa News Agency Sites site\",\"potentialAction\":[{\"@type\":\"SearchAction\",\"target\":{\"@type\":\"EntryPoint\",\"urlTemplate\":\"https:\/\/www.africa-press.net\/cotedivoire\/?s={search_term_string}\"},\"query-input\":{\"@type\":\"PropertyValueSpecification\",\"valueRequired\":true,\"valueName\":\"search_term_string\"}}],\"inLanguage\":\"fr-FR\"},{\"@type\":\"Person\",\"@id\":\"https:\/\/www.africa-press.net\/cotedivoire\/#\/schema\/person\/2b1cf3cd81a31e3cd26889ca66d677f1\",\"name\":\"cfeditorfr\"}]}<\/script>\n<!-- \/ Yoast SEO Premium plugin. -->","yoast_head_json":{"title":"Les prix de carburant en C\u00f4te-d\u2019Ivoire ne suivent pas la tendance mondiale de forte hausse - C\u00f4te d&#039;Ivoire","description":"Les prix du baril de p\u00e9trole en chute durant la crise de covid-19, sont pass\u00e9s au-dessus des 80 dollars ces derni\u00e8res se ...","robots":{"index":"index","follow":"follow","max-snippet":"max-snippet:-1","max-image-preview":"max-image-preview:large","max-video-preview":"max-video-preview:-1"},"canonical":"https:\/\/www.africa-press.net\/cotedivoire\/economie\/les-prix-de-carburant-en-cote-divoire-ne-suivent-pas-la-tendance-mondiale-de-forte-hausse","og_locale":"fr_FR","og_type":"article","og_title":"Les prix de carburant en C\u00f4te-d\u2019Ivoire ne suivent pas la tendance mondiale de forte hausse","og_description":"Les prix du baril de p\u00e9trole en chute durant la crise de covid-19, sont pass\u00e9s au-dessus des 80 dollars ces derni\u00e8res se ...","og_url":"https:\/\/www.africa-press.net\/cotedivoire\/economie\/les-prix-de-carburant-en-cote-divoire-ne-suivent-pas-la-tendance-mondiale-de-forte-hausse","og_site_name":"C\u00f4te d&#039;Ivoire","article_published_time":"2021-07-01T16:09:40+00:00","article_modified_time":"2021-07-01T20:46:44+00:00","og_image":[{"width":946,"height":833,"url":"https:\/\/static.africa-press.net\/cote\/sites\/43\/2021\/07\/img.jpg","type":"image\/jpeg"}],"author":"cfeditorfr","twitter_card":"summary_large_image","twitter_misc":{"\u00c9crit par":"cfeditorfr","Dur\u00e9e de lecture estim\u00e9e":"1 minute"},"schema":{"@context":"https:\/\/schema.org","@graph":[{"@type":"Article","@id":"https:\/\/www.africa-press.net\/cotedivoire\/economie\/les-prix-de-carburant-en-cote-divoire-ne-suivent-pas-la-tendance-mondiale-de-forte-hausse#article","isPartOf":{"@id":"https:\/\/www.africa-press.net\/cotedivoire\/economie\/les-prix-de-carburant-en-cote-divoire-ne-suivent-pas-la-tendance-mondiale-de-forte-hausse"},"author":{"name":"cfeditorfr","@id":"https:\/\/www.africa-press.net\/cotedivoire\/#\/schema\/person\/2b1cf3cd81a31e3cd26889ca66d677f1"},"headline":"Les prix de carburant en C\u00f4te-d\u2019Ivoire ne suivent pas la tendance mondiale de forte hausse","datePublished":"2021-07-01T16:09:40+00:00","dateModified":"2021-07-01T20:46:44+00:00","mainEntityOfPage":{"@id":"https:\/\/www.africa-press.net\/cotedivoire\/economie\/les-prix-de-carburant-en-cote-divoire-ne-suivent-pas-la-tendance-mondiale-de-forte-hausse"},"wordCount":148,"commentCount":0,"image":{"@id":"https:\/\/www.africa-press.net\/cotedivoire\/economie\/les-prix-de-carburant-en-cote-divoire-ne-suivent-pas-la-tendance-mondiale-de-forte-hausse#primaryimage"},"thumbnailUrl":"https:\/\/static.africa-press.net\/cote\/sites\/43\/2021\/07\/img.jpg","keywords":["Africa Press","Africa Press-C\u00f4te d'Ivoire","C\u00d4TE D'IVOIRE"],"articleSection":["\u00c9conomie","homepage-french","Top Nouvelles","Toutes les actualit\u00e9s"],"inLanguage":"fr-FR","potentialAction":[{"@type":"CommentAction","name":"Comment","target":["https:\/\/www.africa-press.net\/cotedivoire\/economie\/les-prix-de-carburant-en-cote-divoire-ne-suivent-pas-la-tendance-mondiale-de-forte-hausse#respond"]}]},{"@type":"WebPage","@id":"https:\/\/www.africa-press.net\/cotedivoire\/economie\/les-prix-de-carburant-en-cote-divoire-ne-suivent-pas-la-tendance-mondiale-de-forte-hausse","url":"https:\/\/www.africa-press.net\/cotedivoire\/economie\/les-prix-de-carburant-en-cote-divoire-ne-suivent-pas-la-tendance-mondiale-de-forte-hausse","name":"Les prix de carburant en C\u00f4te-d\u2019Ivoire ne suivent pas la tendance mondiale de forte hausse - C\u00f4te d&#039;Ivoire","isPartOf":{"@id":"https:\/\/www.africa-press.net\/cotedivoire\/#website"},"primaryImageOfPage":{"@id":"https:\/\/www.africa-press.net\/cotedivoire\/economie\/les-prix-de-carburant-en-cote-divoire-ne-suivent-pas-la-tendance-mondiale-de-forte-hausse#primaryimage"},"image":{"@id":"https:\/\/www.africa-press.net\/cotedivoire\/economie\/les-prix-de-carburant-en-cote-divoire-ne-suivent-pas-la-tendance-mondiale-de-forte-hausse#primaryimage"},"thumbnailUrl":"https:\/\/static.africa-press.net\/cote\/sites\/43\/2021\/07\/img.jpg","datePublished":"2021-07-01T16:09:40+00:00","dateModified":"2021-07-01T20:46:44+00:00","author":{"@id":"https:\/\/www.africa-press.net\/cotedivoire\/#\/schema\/person\/2b1cf3cd81a31e3cd26889ca66d677f1"},"description":"Les prix du baril de p\u00e9trole en chute durant la crise de covid-19, sont pass\u00e9s au-dessus des 80 dollars ces derni\u00e8res se ...","breadcrumb":{"@id":"https:\/\/www.africa-press.net\/cotedivoire\/economie\/les-prix-de-carburant-en-cote-divoire-ne-suivent-pas-la-tendance-mondiale-de-forte-hausse#breadcrumb"},"inLanguage":"fr-FR","potentialAction":[{"@type":"ReadAction","target":["https:\/\/www.africa-press.net\/cotedivoire\/economie\/les-prix-de-carburant-en-cote-divoire-ne-suivent-pas-la-tendance-mondiale-de-forte-hausse"]}]},{"@type":"ImageObject","inLanguage":"fr-FR","@id":"https:\/\/www.africa-press.net\/cotedivoire\/economie\/les-prix-de-carburant-en-cote-divoire-ne-suivent-pas-la-tendance-mondiale-de-forte-hausse#primaryimage","url":"https:\/\/static.africa-press.net\/cote\/sites\/43\/2021\/07\/img.jpg","contentUrl":"https:\/\/static.africa-press.net\/cote\/sites\/43\/2021\/07\/img.jpg","width":946,"height":833,"caption":"Les prix de carburant en C\u00f4te-d\u2019Ivoire ne suivent pas la tendance mondiale de forte hausse"},{"@type":"BreadcrumbList","@id":"https:\/\/www.africa-press.net\/cotedivoire\/economie\/les-prix-de-carburant-en-cote-divoire-ne-suivent-pas-la-tendance-mondiale-de-forte-hausse#breadcrumb","itemListElement":[{"@type":"ListItem","position":1,"name":"Accueil","item":"https:\/\/www.africa-press.net\/cotedivoire\/"},{"@type":"ListItem","position":2,"name":"Les prix de carburant en C\u00f4te-d\u2019Ivoire ne suivent pas la tendance mondiale de forte hausse"}]},{"@type":"WebSite","@id":"https:\/\/www.africa-press.net\/cotedivoire\/#website","url":"https:\/\/www.africa-press.net\/cotedivoire\/","name":"C\u00f4te d&#039;Ivoire","description":"Just another Africa News Agency Sites site","potentialAction":[{"@type":"SearchAction","target":{"@type":"EntryPoint","urlTemplate":"https:\/\/www.africa-press.net\/cotedivoire\/?s={search_term_string}"},"query-input":{"@type":"PropertyValueSpecification","valueRequired":true,"valueName":"search_term_string"}}],"inLanguage":"fr-FR"},{"@type":"Person","@id":"https:\/\/www.africa-press.net\/cotedivoire\/#\/schema\/person\/2b1cf3cd81a31e3cd26889ca66d677f1","name":"cfeditorfr"}]}},"_links":{"self":[{"href":"https:\/\/www.africa-press.net\/cotedivoire\/wp-json\/wp\/v2\/posts\/9594","targetHints":{"allow":["GET"]}}],"collection":[{"href":"https:\/\/www.africa-press.net\/cotedivoire\/wp-json\/wp\/v2\/posts"}],"about":[{"href":"https:\/\/www.africa-press.net\/cotedivoire\/wp-json\/wp\/v2\/types\/post"}],"author":[{"embeddable":true,"href":"https:\/\/www.africa-press.net\/cotedivoire\/wp-json\/wp\/v2\/users\/82"}],"replies":[{"embeddable":true,"href":"https:\/\/www.africa-press.net\/cotedivoire\/wp-json\/wp\/v2\/comments?post=9594"}],"version-history":[{"count":0,"href":"https:\/\/www.africa-press.net\/cotedivoire\/wp-json\/wp\/v2\/posts\/9594\/revisions"}],"wp:featuredmedia":[{"embeddable":true,"href":"https:\/\/www.africa-press.net\/cotedivoire\/wp-json\/wp\/v2\/media\/9593"}],"wp:attachment":[{"href":"https:\/\/www.africa-press.net\/cotedivoire\/wp-json\/wp\/v2\/media?parent=9594"}],"wp:term":[{"taxonomy":"category","embeddable":true,"href":"https:\/\/www.africa-press.net\/cotedivoire\/wp-json\/wp\/v2\/categories?post=9594"},{"taxonomy":"post_tag","embeddable":true,"href":"https:\/\/www.africa-press.net\/cotedivoire\/wp-json\/wp\/v2\/tags?post=9594"}],"curies":[{"name":"wp","href":"https:\/\/api.w.org\/{rel}","templated":true}]}}