{"id":9597,"date":"2021-07-01T16:15:35","date_gmt":"2021-07-01T16:15:35","guid":{"rendered":"https:\/\/www.africa-press.net\/cotedivoire\/?p=9597"},"modified":"2021-07-01T20:46:54","modified_gmt":"2021-07-01T20:46:54","slug":"ouattara-et-son-epouse-ont-regagne-la-cote-divoire-apres-des-vacances-a-mougins","status":"publish","type":"post","link":"https:\/\/www.africa-press.net\/cotedivoire\/politique\/ouattara-et-son-epouse-ont-regagne-la-cote-divoire-apres-des-vacances-a-mougins","title":{"rendered":"Ouattara et son \u00e9pouse ont regagn\u00e9 la C\u00f4te-d\u2019Ivoire apr\u00e8s des vacances \u00e0 Mougins"},"content":{"rendered":"<p><span style=\"color: #ff6600\"><strong><a href=\"https:\/\/www.africa-press.net\/\">Africa-Press<\/a> &#8211; <a href=\"https:\/\/www.africa-press.net\/cotedivoire\">C\u00f4te d&rsquo;Ivoire<\/a>.\u00a0 <\/strong><\/span>Le chef de l\u2019\u00c9tat ivoirien Alassane Ouattara a regagn\u00e9 Abidjan hier apr\u00e8s une dizaine de jours de vacances en France. Ouattara avait directement gagn\u00e9 la France depuis Accra ou s\u2019est tenu le r\u00e9cent Sommet de la CEDEAO.<\/p>\n<p>Le s\u00e9jour priv\u00e9 de Ouattara en vacances d\u2019\u00e9t\u00e9 d\u2019une dizaine de jours s\u2019est essentiellement d\u00e9roul\u00e9 \u00e0 Mougins dans le sud-est de la France sur la C\u00f4te d\u2019Azur o\u00f9 le couple poss\u00e8de un domaine de vacances.<\/p>\n<p>La fratrie enti\u00e8rement r\u00e9unie cet \u00e9t\u00e9 a aussi profit\u00e9 des vacances pour c\u00e9l\u00e9brer le mariage de la fille de Dominique Ouattara, Nathalie Folloroux avec Marc Socquet.<\/p>\n<p>C\u2019\u00e9tait le 26 juin au The town hall dans le 16e arrondissement \u00e0 Paris.<\/p>\n<p>&nbsp;<\/p>\n","protected":false},"excerpt":{"rendered":"<p>Africa-Press &#8211; C\u00f4te d&rsquo;Ivoire.\u00a0 Le chef de l\u2019\u00c9tat ivoirien Alassane Ouattara a regagn\u00e9 Abidjan hier apr\u00e8s une dizaine de jours de vacances en France. Ouattara avait directement gagn\u00e9 la France depuis Accra ou s\u2019est tenu le r\u00e9cent Sommet de la CEDEAO. Le s\u00e9jour priv\u00e9 de Ouattara en vacances d\u2019\u00e9t\u00e9 d\u2019une dizaine de jours s\u2019est essentiellement [&hellip;]<\/p>\n","protected":false},"author":82,"featured_media":9596,"comment_status":"open","ping_status":"closed","sticky":false,"template":"","format":"standard","meta":{"footnotes":""},"categories":[11,2,10],"tags":[56,63,29],"class_list":["post-9597","post","type-post","status-publish","format-standard","has-post-thumbnail","hentry","category-homepage-french","category-politique","category-toutes-les-actualites","tag-africa-press","tag-africa-press-cote-divoire","tag-cote-divoire"],"yoast_head":"<!-- This site is optimized with the Yoast SEO Premium plugin v26.1 (Yoast SEO v27.0) - https:\/\/yoast.com\/product\/yoast-seo-premium-wordpress\/ -->\n<title>Ouattara et son \u00e9pouse ont regagn\u00e9 la C\u00f4te-d\u2019Ivoire apr\u00e8s des vacances \u00e0 Mougins - C\u00f4te d&#039;Ivoire<\/title>\n<meta name=\"description\" content=\"Herv\u00e9 Coulibaly Le chef de l\u2019\u00c9tat ivoirien Alassane Ouattara a regagn\u00e9 Abidjan hier apr\u00e8s une dizaine de jours de vacan ...\" \/>\n<meta name=\"robots\" content=\"index, follow, max-snippet:-1, max-image-preview:large, max-video-preview:-1\" \/>\n<link rel=\"canonical\" href=\"https:\/\/www.africa-press.net\/cotedivoire\/politique\/ouattara-et-son-epouse-ont-regagne-la-cote-divoire-apres-des-vacances-a-mougins\" \/>\n<meta property=\"og:locale\" content=\"fr_FR\" \/>\n<meta property=\"og:type\" content=\"article\" \/>\n<meta property=\"og:title\" content=\"Ouattara et son \u00e9pouse ont regagn\u00e9 la C\u00f4te-d\u2019Ivoire apr\u00e8s des vacances \u00e0 Mougins\" \/>\n<meta property=\"og:description\" content=\"Herv\u00e9 Coulibaly Le chef de l\u2019\u00c9tat ivoirien Alassane Ouattara a regagn\u00e9 Abidjan hier apr\u00e8s une dizaine de jours de vacan ...\" \/>\n<meta property=\"og:url\" content=\"https:\/\/www.africa-press.net\/cotedivoire\/politique\/ouattara-et-son-epouse-ont-regagne-la-cote-divoire-apres-des-vacances-a-mougins\" \/>\n<meta property=\"og:site_name\" content=\"C\u00f4te d&#039;Ivoire\" \/>\n<meta property=\"article:published_time\" content=\"2021-07-01T16:15:35+00:00\" \/>\n<meta property=\"article:modified_time\" content=\"2021-07-01T20:46:54+00:00\" \/>\n<meta property=\"og:image\" content=\"https:\/\/static.africa-press.net\/cote\/sites\/43\/2021\/07\/img-60dde7f50771d.jpg\" \/>\n\t<meta property=\"og:image:width\" content=\"750\" \/>\n\t<meta property=\"og:image:height\" content=\"653\" \/>\n\t<meta property=\"og:image:type\" content=\"image\/jpeg\" \/>\n<meta name=\"author\" content=\"cfeditorfr\" \/>\n<meta name=\"twitter:card\" content=\"summary_large_image\" \/>\n<meta name=\"twitter:label1\" content=\"\u00c9crit par\" \/>\n\t<meta name=\"twitter:data1\" content=\"cfeditorfr\" \/>\n\t<meta name=\"twitter:label2\" content=\"Dur\u00e9e de lecture estim\u00e9e\" \/>\n\t<meta name=\"twitter:data2\" content=\"1 minute\" \/>\n<script type=\"application\/ld+json\" class=\"yoast-schema-graph\">{\"@context\":\"https:\/\/schema.org\",\"@graph\":[{\"@type\":\"Article\",\"@id\":\"https:\/\/www.africa-press.net\/cotedivoire\/politique\/ouattara-et-son-epouse-ont-regagne-la-cote-divoire-apres-des-vacances-a-mougins#article\",\"isPartOf\":{\"@id\":\"https:\/\/www.africa-press.net\/cotedivoire\/politique\/ouattara-et-son-epouse-ont-regagne-la-cote-divoire-apres-des-vacances-a-mougins\"},\"author\":{\"name\":\"cfeditorfr\",\"@id\":\"https:\/\/www.africa-press.net\/cotedivoire\/#\/schema\/person\/2b1cf3cd81a31e3cd26889ca66d677f1\"},\"headline\":\"Ouattara et son \u00e9pouse ont regagn\u00e9 la C\u00f4te-d\u2019Ivoire apr\u00e8s des vacances \u00e0 Mougins\",\"datePublished\":\"2021-07-01T16:15:35+00:00\",\"dateModified\":\"2021-07-01T20:46:54+00:00\",\"mainEntityOfPage\":{\"@id\":\"https:\/\/www.africa-press.net\/cotedivoire\/politique\/ouattara-et-son-epouse-ont-regagne-la-cote-divoire-apres-des-vacances-a-mougins\"},\"wordCount\":148,\"commentCount\":0,\"image\":{\"@id\":\"https:\/\/www.africa-press.net\/cotedivoire\/politique\/ouattara-et-son-epouse-ont-regagne-la-cote-divoire-apres-des-vacances-a-mougins#primaryimage\"},\"thumbnailUrl\":\"https:\/\/static.africa-press.net\/cote\/sites\/43\/2021\/07\/img-60dde7f50771d.jpg\",\"keywords\":[\"Africa Press\",\"Africa Press-C\u00f4te d'Ivoire\",\"C\u00d4TE D'IVOIRE\"],\"articleSection\":[\"homepage-french\",\"Politique\",\"Toutes les actualit\u00e9s\"],\"inLanguage\":\"fr-FR\",\"potentialAction\":[{\"@type\":\"CommentAction\",\"name\":\"Comment\",\"target\":[\"https:\/\/www.africa-press.net\/cotedivoire\/politique\/ouattara-et-son-epouse-ont-regagne-la-cote-divoire-apres-des-vacances-a-mougins#respond\"]}]},{\"@type\":\"WebPage\",\"@id\":\"https:\/\/www.africa-press.net\/cotedivoire\/politique\/ouattara-et-son-epouse-ont-regagne-la-cote-divoire-apres-des-vacances-a-mougins\",\"url\":\"https:\/\/www.africa-press.net\/cotedivoire\/politique\/ouattara-et-son-epouse-ont-regagne-la-cote-divoire-apres-des-vacances-a-mougins\",\"name\":\"Ouattara et son \u00e9pouse ont regagn\u00e9 la C\u00f4te-d\u2019Ivoire apr\u00e8s des vacances \u00e0 Mougins - C\u00f4te d&#039;Ivoire\",\"isPartOf\":{\"@id\":\"https:\/\/www.africa-press.net\/cotedivoire\/#website\"},\"primaryImageOfPage\":{\"@id\":\"https:\/\/www.africa-press.net\/cotedivoire\/politique\/ouattara-et-son-epouse-ont-regagne-la-cote-divoire-apres-des-vacances-a-mougins#primaryimage\"},\"image\":{\"@id\":\"https:\/\/www.africa-press.net\/cotedivoire\/politique\/ouattara-et-son-epouse-ont-regagne-la-cote-divoire-apres-des-vacances-a-mougins#primaryimage\"},\"thumbnailUrl\":\"https:\/\/static.africa-press.net\/cote\/sites\/43\/2021\/07\/img-60dde7f50771d.jpg\",\"datePublished\":\"2021-07-01T16:15:35+00:00\",\"dateModified\":\"2021-07-01T20:46:54+00:00\",\"author\":{\"@id\":\"https:\/\/www.africa-press.net\/cotedivoire\/#\/schema\/person\/2b1cf3cd81a31e3cd26889ca66d677f1\"},\"description\":\"Herv\u00e9 Coulibaly Le chef de l\u2019\u00c9tat ivoirien Alassane Ouattara a regagn\u00e9 Abidjan hier apr\u00e8s une dizaine de jours de vacan ...\",\"breadcrumb\":{\"@id\":\"https:\/\/www.africa-press.net\/cotedivoire\/politique\/ouattara-et-son-epouse-ont-regagne-la-cote-divoire-apres-des-vacances-a-mougins#breadcrumb\"},\"inLanguage\":\"fr-FR\",\"potentialAction\":[{\"@type\":\"ReadAction\",\"target\":[\"https:\/\/www.africa-press.net\/cotedivoire\/politique\/ouattara-et-son-epouse-ont-regagne-la-cote-divoire-apres-des-vacances-a-mougins\"]}]},{\"@type\":\"ImageObject\",\"inLanguage\":\"fr-FR\",\"@id\":\"https:\/\/www.africa-press.net\/cotedivoire\/politique\/ouattara-et-son-epouse-ont-regagne-la-cote-divoire-apres-des-vacances-a-mougins#primaryimage\",\"url\":\"https:\/\/static.africa-press.net\/cote\/sites\/43\/2021\/07\/img-60dde7f50771d.jpg\",\"contentUrl\":\"https:\/\/static.africa-press.net\/cote\/sites\/43\/2021\/07\/img-60dde7f50771d.jpg\",\"width\":750,\"height\":653,\"caption\":\"Ouattara et son \u00e9pouse ont regagn\u00e9 la C\u00f4te-d\u2019Ivoire apr\u00e8s des vacances \u00e0 Mougins\"},{\"@type\":\"BreadcrumbList\",\"@id\":\"https:\/\/www.africa-press.net\/cotedivoire\/politique\/ouattara-et-son-epouse-ont-regagne-la-cote-divoire-apres-des-vacances-a-mougins#breadcrumb\",\"itemListElement\":[{\"@type\":\"ListItem\",\"position\":1,\"name\":\"Accueil\",\"item\":\"https:\/\/www.africa-press.net\/cotedivoire\/\"},{\"@type\":\"ListItem\",\"position\":2,\"name\":\"Ouattara et son \u00e9pouse ont regagn\u00e9 la C\u00f4te-d\u2019Ivoire apr\u00e8s des vacances \u00e0 Mougins\"}]},{\"@type\":\"WebSite\",\"@id\":\"https:\/\/www.africa-press.net\/cotedivoire\/#website\",\"url\":\"https:\/\/www.africa-press.net\/cotedivoire\/\",\"name\":\"C\u00f4te d&#039;Ivoire\",\"description\":\"Just another Africa News Agency Sites site\",\"potentialAction\":[{\"@type\":\"SearchAction\",\"target\":{\"@type\":\"EntryPoint\",\"urlTemplate\":\"https:\/\/www.africa-press.net\/cotedivoire\/?s={search_term_string}\"},\"query-input\":{\"@type\":\"PropertyValueSpecification\",\"valueRequired\":true,\"valueName\":\"search_term_string\"}}],\"inLanguage\":\"fr-FR\"},{\"@type\":\"Person\",\"@id\":\"https:\/\/www.africa-press.net\/cotedivoire\/#\/schema\/person\/2b1cf3cd81a31e3cd26889ca66d677f1\",\"name\":\"cfeditorfr\"}]}<\/script>\n<!-- \/ Yoast SEO Premium plugin. -->","yoast_head_json":{"title":"Ouattara et son \u00e9pouse ont regagn\u00e9 la C\u00f4te-d\u2019Ivoire apr\u00e8s des vacances \u00e0 Mougins - C\u00f4te d&#039;Ivoire","description":"Herv\u00e9 Coulibaly Le chef de l\u2019\u00c9tat ivoirien Alassane Ouattara a regagn\u00e9 Abidjan hier apr\u00e8s une dizaine de jours de vacan ...","robots":{"index":"index","follow":"follow","max-snippet":"max-snippet:-1","max-image-preview":"max-image-preview:large","max-video-preview":"max-video-preview:-1"},"canonical":"https:\/\/www.africa-press.net\/cotedivoire\/politique\/ouattara-et-son-epouse-ont-regagne-la-cote-divoire-apres-des-vacances-a-mougins","og_locale":"fr_FR","og_type":"article","og_title":"Ouattara et son \u00e9pouse ont regagn\u00e9 la C\u00f4te-d\u2019Ivoire apr\u00e8s des vacances \u00e0 Mougins","og_description":"Herv\u00e9 Coulibaly Le chef de l\u2019\u00c9tat ivoirien Alassane Ouattara a regagn\u00e9 Abidjan hier apr\u00e8s une dizaine de jours de vacan ...","og_url":"https:\/\/www.africa-press.net\/cotedivoire\/politique\/ouattara-et-son-epouse-ont-regagne-la-cote-divoire-apres-des-vacances-a-mougins","og_site_name":"C\u00f4te d&#039;Ivoire","article_published_time":"2021-07-01T16:15:35+00:00","article_modified_time":"2021-07-01T20:46:54+00:00","og_image":[{"width":750,"height":653,"url":"https:\/\/static.africa-press.net\/cote\/sites\/43\/2021\/07\/img-60dde7f50771d.jpg","type":"image\/jpeg"}],"author":"cfeditorfr","twitter_card":"summary_large_image","twitter_misc":{"\u00c9crit par":"cfeditorfr","Dur\u00e9e de lecture estim\u00e9e":"1 minute"},"schema":{"@context":"https:\/\/schema.org","@graph":[{"@type":"Article","@id":"https:\/\/www.africa-press.net\/cotedivoire\/politique\/ouattara-et-son-epouse-ont-regagne-la-cote-divoire-apres-des-vacances-a-mougins#article","isPartOf":{"@id":"https:\/\/www.africa-press.net\/cotedivoire\/politique\/ouattara-et-son-epouse-ont-regagne-la-cote-divoire-apres-des-vacances-a-mougins"},"author":{"name":"cfeditorfr","@id":"https:\/\/www.africa-press.net\/cotedivoire\/#\/schema\/person\/2b1cf3cd81a31e3cd26889ca66d677f1"},"headline":"Ouattara et son \u00e9pouse ont regagn\u00e9 la C\u00f4te-d\u2019Ivoire apr\u00e8s des vacances \u00e0 Mougins","datePublished":"2021-07-01T16:15:35+00:00","dateModified":"2021-07-01T20:46:54+00:00","mainEntityOfPage":{"@id":"https:\/\/www.africa-press.net\/cotedivoire\/politique\/ouattara-et-son-epouse-ont-regagne-la-cote-divoire-apres-des-vacances-a-mougins"},"wordCount":148,"commentCount":0,"image":{"@id":"https:\/\/www.africa-press.net\/cotedivoire\/politique\/ouattara-et-son-epouse-ont-regagne-la-cote-divoire-apres-des-vacances-a-mougins#primaryimage"},"thumbnailUrl":"https:\/\/static.africa-press.net\/cote\/sites\/43\/2021\/07\/img-60dde7f50771d.jpg","keywords":["Africa Press","Africa Press-C\u00f4te d'Ivoire","C\u00d4TE D'IVOIRE"],"articleSection":["homepage-french","Politique","Toutes les actualit\u00e9s"],"inLanguage":"fr-FR","potentialAction":[{"@type":"CommentAction","name":"Comment","target":["https:\/\/www.africa-press.net\/cotedivoire\/politique\/ouattara-et-son-epouse-ont-regagne-la-cote-divoire-apres-des-vacances-a-mougins#respond"]}]},{"@type":"WebPage","@id":"https:\/\/www.africa-press.net\/cotedivoire\/politique\/ouattara-et-son-epouse-ont-regagne-la-cote-divoire-apres-des-vacances-a-mougins","url":"https:\/\/www.africa-press.net\/cotedivoire\/politique\/ouattara-et-son-epouse-ont-regagne-la-cote-divoire-apres-des-vacances-a-mougins","name":"Ouattara et son \u00e9pouse ont regagn\u00e9 la C\u00f4te-d\u2019Ivoire apr\u00e8s des vacances \u00e0 Mougins - C\u00f4te d&#039;Ivoire","isPartOf":{"@id":"https:\/\/www.africa-press.net\/cotedivoire\/#website"},"primaryImageOfPage":{"@id":"https:\/\/www.africa-press.net\/cotedivoire\/politique\/ouattara-et-son-epouse-ont-regagne-la-cote-divoire-apres-des-vacances-a-mougins#primaryimage"},"image":{"@id":"https:\/\/www.africa-press.net\/cotedivoire\/politique\/ouattara-et-son-epouse-ont-regagne-la-cote-divoire-apres-des-vacances-a-mougins#primaryimage"},"thumbnailUrl":"https:\/\/static.africa-press.net\/cote\/sites\/43\/2021\/07\/img-60dde7f50771d.jpg","datePublished":"2021-07-01T16:15:35+00:00","dateModified":"2021-07-01T20:46:54+00:00","author":{"@id":"https:\/\/www.africa-press.net\/cotedivoire\/#\/schema\/person\/2b1cf3cd81a31e3cd26889ca66d677f1"},"description":"Herv\u00e9 Coulibaly Le chef de l\u2019\u00c9tat ivoirien Alassane Ouattara a regagn\u00e9 Abidjan hier apr\u00e8s une dizaine de jours de vacan ...","breadcrumb":{"@id":"https:\/\/www.africa-press.net\/cotedivoire\/politique\/ouattara-et-son-epouse-ont-regagne-la-cote-divoire-apres-des-vacances-a-mougins#breadcrumb"},"inLanguage":"fr-FR","potentialAction":[{"@type":"ReadAction","target":["https:\/\/www.africa-press.net\/cotedivoire\/politique\/ouattara-et-son-epouse-ont-regagne-la-cote-divoire-apres-des-vacances-a-mougins"]}]},{"@type":"ImageObject","inLanguage":"fr-FR","@id":"https:\/\/www.africa-press.net\/cotedivoire\/politique\/ouattara-et-son-epouse-ont-regagne-la-cote-divoire-apres-des-vacances-a-mougins#primaryimage","url":"https:\/\/static.africa-press.net\/cote\/sites\/43\/2021\/07\/img-60dde7f50771d.jpg","contentUrl":"https:\/\/static.africa-press.net\/cote\/sites\/43\/2021\/07\/img-60dde7f50771d.jpg","width":750,"height":653,"caption":"Ouattara et son \u00e9pouse ont regagn\u00e9 la C\u00f4te-d\u2019Ivoire apr\u00e8s des vacances \u00e0 Mougins"},{"@type":"BreadcrumbList","@id":"https:\/\/www.africa-press.net\/cotedivoire\/politique\/ouattara-et-son-epouse-ont-regagne-la-cote-divoire-apres-des-vacances-a-mougins#breadcrumb","itemListElement":[{"@type":"ListItem","position":1,"name":"Accueil","item":"https:\/\/www.africa-press.net\/cotedivoire\/"},{"@type":"ListItem","position":2,"name":"Ouattara et son \u00e9pouse ont regagn\u00e9 la C\u00f4te-d\u2019Ivoire apr\u00e8s des vacances \u00e0 Mougins"}]},{"@type":"WebSite","@id":"https:\/\/www.africa-press.net\/cotedivoire\/#website","url":"https:\/\/www.africa-press.net\/cotedivoire\/","name":"C\u00f4te d&#039;Ivoire","description":"Just another Africa News Agency Sites site","potentialAction":[{"@type":"SearchAction","target":{"@type":"EntryPoint","urlTemplate":"https:\/\/www.africa-press.net\/cotedivoire\/?s={search_term_string}"},"query-input":{"@type":"PropertyValueSpecification","valueRequired":true,"valueName":"search_term_string"}}],"inLanguage":"fr-FR"},{"@type":"Person","@id":"https:\/\/www.africa-press.net\/cotedivoire\/#\/schema\/person\/2b1cf3cd81a31e3cd26889ca66d677f1","name":"cfeditorfr"}]}},"_links":{"self":[{"href":"https:\/\/www.africa-press.net\/cotedivoire\/wp-json\/wp\/v2\/posts\/9597","targetHints":{"allow":["GET"]}}],"collection":[{"href":"https:\/\/www.africa-press.net\/cotedivoire\/wp-json\/wp\/v2\/posts"}],"about":[{"href":"https:\/\/www.africa-press.net\/cotedivoire\/wp-json\/wp\/v2\/types\/post"}],"author":[{"embeddable":true,"href":"https:\/\/www.africa-press.net\/cotedivoire\/wp-json\/wp\/v2\/users\/82"}],"replies":[{"embeddable":true,"href":"https:\/\/www.africa-press.net\/cotedivoire\/wp-json\/wp\/v2\/comments?post=9597"}],"version-history":[{"count":0,"href":"https:\/\/www.africa-press.net\/cotedivoire\/wp-json\/wp\/v2\/posts\/9597\/revisions"}],"wp:featuredmedia":[{"embeddable":true,"href":"https:\/\/www.africa-press.net\/cotedivoire\/wp-json\/wp\/v2\/media\/9596"}],"wp:attachment":[{"href":"https:\/\/www.africa-press.net\/cotedivoire\/wp-json\/wp\/v2\/media?parent=9597"}],"wp:term":[{"taxonomy":"category","embeddable":true,"href":"https:\/\/www.africa-press.net\/cotedivoire\/wp-json\/wp\/v2\/categories?post=9597"},{"taxonomy":"post_tag","embeddable":true,"href":"https:\/\/www.africa-press.net\/cotedivoire\/wp-json\/wp\/v2\/tags?post=9597"}],"curies":[{"name":"wp","href":"https:\/\/api.w.org\/{rel}","templated":true}]}}