{"id":9600,"date":"2021-07-01T16:23:09","date_gmt":"2021-07-01T16:23:09","guid":{"rendered":"https:\/\/www.africa-press.net\/cotedivoire\/?p=9600"},"modified":"2021-07-01T20:47:05","modified_gmt":"2021-07-01T20:47:05","slug":"etats-generaux-de-lecole-mariatou-kone-sollicite-la-contribution-des-anciens-ministres-de-leducation-nationale","status":"publish","type":"post","link":"https:\/\/www.africa-press.net\/cotedivoire\/culture-et-art\/etats-generaux-de-lecole-mariatou-kone-sollicite-la-contribution-des-anciens-ministres-de-leducation-nationale","title":{"rendered":"\u00c9tats g\u00e9n\u00e9raux de l\u2019\u00e9cole: Mariatou Kon\u00e9 sollicite la contribution des anciens ministres de l\u2019\u00e9ducation nationale"},"content":{"rendered":"<p><span style=\"color: #ff6600\"><strong><a href=\"https:\/\/www.africa-press.net\/\">Africa-Press<\/a> &#8211; <a href=\"https:\/\/www.africa-press.net\/cotedivoire\">C\u00f4te d&rsquo;Ivoire<\/a>. <\/strong><\/span>La nouvelle Ministre de l\u2019\u00c9ducation nationale et de l\u2019Alphab\u00e9tisation, le Professeur Mariatou Kon\u00e9 a entam\u00e9, le mardi 29 juin 2021, une s\u00e9rie de rencontres et d\u2019\u00e9changes avec ses pr\u00e9d\u00e9cesseurs.<\/p>\n<p>La visite \u00e0 l\u2019ex-Ministre de l\u2019\u00c9ducation Nationale de 2007 \u00e0 2010, Gilbert Bleu Lain\u00e9 marque la premi\u00e8re \u00e9tape de ces rencontres.<\/p>\n<p>Mariatou Kon\u00e9 a sollicit\u00e9 le soutien de l\u2019ex Ministre Bleu Lain\u00e9 pour les \u00e9tats g\u00e9n\u00e9raux \u00ab Je suis la Ministre de l\u2019\u00e9ducation nationale et je ne peux pas m\u2019engager dans un tel projet sans voir les anciens de la maison. Je suis donc venue prendre des conseils aupr\u00e8s de vous car on ne peut pas r\u00e9inventer la roue. La nation enti\u00e8re me regarde et ce fardeau est lourd donc je ne peux pas le porter seul et j\u2019ai d\u00e9cid\u00e9 d\u2019aller \u00e0 la rencontre des anciens Ministres de l\u2019\u00e9ducation nationale pour qu\u2019ensemble nous r\u00e9ussissions cette mission. Avec toute l\u2019exp\u00e9rience que vous avez, je souhaite que vous nous apportiez votre contribution, la plus grande et la plus sinc\u00e8re. Pour sa part, le Ministre Bleu Lain\u00e9 a salu\u00e9 la nomination de la Ministre Mariatou Kon\u00e9 \u00e0 l\u2019\u00e9ducation nationale.<\/p>\n<p>Il s\u2019est ensuite r\u00e9joui de l\u2019annonce des \u00e9tats g\u00e9n\u00e9raux de l\u2019\u00e9cole faite par la ministre. Poursuivant, il a salu\u00e9 la d\u00e9marche de la Ministre, pleine de sinc\u00e9rit\u00e9 et d\u2019humilit\u00e9 \u00ab Merci pour l\u2019honneur que vous me faites en venant solliciter mes conseils et ma contribution. Cette une bonne attitude et c\u2019est pour cela les ivoiriens vous aiment beaucoup pour votre humilit\u00e9. Cette attitude d\u2019aller vers les personnes, exposer les probl\u00e8mes et trouver des solutions. J\u2019adh\u00e8re pleinement \u00e0 l\u2019id\u00e9e d\u2019organiser les \u00e9tats g\u00e9n\u00e9raux de l\u2019\u00e9ducation et j\u2019apporterai ma contribution \u00bb, a-t-il assur\u00e9.<\/p>\n<p>&nbsp;<\/p>\n","protected":false},"excerpt":{"rendered":"<p>Africa-Press &#8211; C\u00f4te d&rsquo;Ivoire. La nouvelle Ministre de l\u2019\u00c9ducation nationale et de l\u2019Alphab\u00e9tisation, le Professeur Mariatou Kon\u00e9 a entam\u00e9, le mardi 29 juin 2021, une s\u00e9rie de rencontres et d\u2019\u00e9changes avec ses pr\u00e9d\u00e9cesseurs. La visite \u00e0 l\u2019ex-Ministre de l\u2019\u00c9ducation Nationale de 2007 \u00e0 2010, Gilbert Bleu Lain\u00e9 marque la premi\u00e8re \u00e9tape de ces rencontres. Mariatou [&hellip;]<\/p>\n","protected":false},"author":82,"featured_media":9599,"comment_status":"open","ping_status":"closed","sticky":false,"template":"","format":"standard","meta":{"footnotes":""},"categories":[5,11,10],"tags":[56,63,29],"class_list":["post-9600","post","type-post","status-publish","format-standard","has-post-thumbnail","hentry","category-culture-et-art","category-homepage-french","category-toutes-les-actualites","tag-africa-press","tag-africa-press-cote-divoire","tag-cote-divoire"],"yoast_head":"<!-- This site is optimized with the Yoast SEO Premium plugin v26.1 (Yoast SEO v27.0) - https:\/\/yoast.com\/product\/yoast-seo-premium-wordpress\/ -->\n<title>\u00c9tats g\u00e9n\u00e9raux de l\u2019\u00e9cole: Mariatou Kon\u00e9 sollicite la contribution des anciens ministres de l\u2019\u00e9ducation nationale - C\u00f4te d&#039;Ivoire<\/title>\n<meta name=\"description\" content=\"La nouvelle Ministre de l\u2019\u00c9ducation nationale et de l\u2019Alphab\u00e9tisation, le Professeur Mariatou Kon\u00e9 a entam\u00e9, le mardi 29 ...\" \/>\n<meta name=\"robots\" content=\"index, follow, max-snippet:-1, max-image-preview:large, max-video-preview:-1\" \/>\n<link rel=\"canonical\" href=\"https:\/\/www.africa-press.net\/cotedivoire\/culture-et-art\/etats-generaux-de-lecole-mariatou-kone-sollicite-la-contribution-des-anciens-ministres-de-leducation-nationale\" \/>\n<meta property=\"og:locale\" content=\"fr_FR\" \/>\n<meta property=\"og:type\" content=\"article\" \/>\n<meta property=\"og:title\" content=\"\u00c9tats g\u00e9n\u00e9raux de l\u2019\u00e9cole: Mariatou Kon\u00e9 sollicite la contribution des anciens ministres de l\u2019\u00e9ducation nationale\" \/>\n<meta property=\"og:description\" content=\"La nouvelle Ministre de l\u2019\u00c9ducation nationale et de l\u2019Alphab\u00e9tisation, le Professeur Mariatou Kon\u00e9 a entam\u00e9, le mardi 29 ...\" \/>\n<meta property=\"og:url\" content=\"https:\/\/www.africa-press.net\/cotedivoire\/culture-et-art\/etats-generaux-de-lecole-mariatou-kone-sollicite-la-contribution-des-anciens-ministres-de-leducation-nationale\" \/>\n<meta property=\"og:site_name\" content=\"C\u00f4te d&#039;Ivoire\" \/>\n<meta property=\"article:published_time\" content=\"2021-07-01T16:23:09+00:00\" \/>\n<meta property=\"article:modified_time\" content=\"2021-07-01T20:47:05+00:00\" \/>\n<meta property=\"og:image\" content=\"https:\/\/static.africa-press.net\/cote\/sites\/43\/2021\/07\/img-60dde84749878.jpg\" \/>\n\t<meta property=\"og:image:width\" content=\"1920\" \/>\n\t<meta property=\"og:image:height\" content=\"1279\" \/>\n\t<meta property=\"og:image:type\" content=\"image\/jpeg\" \/>\n<meta name=\"author\" content=\"cfeditorfr\" \/>\n<meta name=\"twitter:card\" content=\"summary_large_image\" \/>\n<meta name=\"twitter:label1\" content=\"\u00c9crit par\" \/>\n\t<meta name=\"twitter:data1\" content=\"cfeditorfr\" \/>\n\t<meta name=\"twitter:label2\" content=\"Dur\u00e9e de lecture estim\u00e9e\" \/>\n\t<meta name=\"twitter:data2\" content=\"2 minutes\" \/>\n<script type=\"application\/ld+json\" class=\"yoast-schema-graph\">{\"@context\":\"https:\/\/schema.org\",\"@graph\":[{\"@type\":\"Article\",\"@id\":\"https:\/\/www.africa-press.net\/cotedivoire\/culture-et-art\/etats-generaux-de-lecole-mariatou-kone-sollicite-la-contribution-des-anciens-ministres-de-leducation-nationale#article\",\"isPartOf\":{\"@id\":\"https:\/\/www.africa-press.net\/cotedivoire\/culture-et-art\/etats-generaux-de-lecole-mariatou-kone-sollicite-la-contribution-des-anciens-ministres-de-leducation-nationale\"},\"author\":{\"name\":\"cfeditorfr\",\"@id\":\"https:\/\/www.africa-press.net\/cotedivoire\/#\/schema\/person\/2b1cf3cd81a31e3cd26889ca66d677f1\"},\"headline\":\"\u00c9tats g\u00e9n\u00e9raux de l\u2019\u00e9cole: Mariatou Kon\u00e9 sollicite la contribution des anciens ministres de l\u2019\u00e9ducation nationale\",\"datePublished\":\"2021-07-01T16:23:09+00:00\",\"dateModified\":\"2021-07-01T20:47:05+00:00\",\"mainEntityOfPage\":{\"@id\":\"https:\/\/www.africa-press.net\/cotedivoire\/culture-et-art\/etats-generaux-de-lecole-mariatou-kone-sollicite-la-contribution-des-anciens-ministres-de-leducation-nationale\"},\"wordCount\":340,\"commentCount\":0,\"image\":{\"@id\":\"https:\/\/www.africa-press.net\/cotedivoire\/culture-et-art\/etats-generaux-de-lecole-mariatou-kone-sollicite-la-contribution-des-anciens-ministres-de-leducation-nationale#primaryimage\"},\"thumbnailUrl\":\"https:\/\/static.africa-press.net\/cote\/sites\/43\/2021\/07\/img-60dde84749878.jpg\",\"keywords\":[\"Africa Press\",\"Africa Press-C\u00f4te d'Ivoire\",\"C\u00d4TE D'IVOIRE\"],\"articleSection\":[\"Culture et Art\",\"homepage-french\",\"Toutes les actualit\u00e9s\"],\"inLanguage\":\"fr-FR\",\"potentialAction\":[{\"@type\":\"CommentAction\",\"name\":\"Comment\",\"target\":[\"https:\/\/www.africa-press.net\/cotedivoire\/culture-et-art\/etats-generaux-de-lecole-mariatou-kone-sollicite-la-contribution-des-anciens-ministres-de-leducation-nationale#respond\"]}]},{\"@type\":\"WebPage\",\"@id\":\"https:\/\/www.africa-press.net\/cotedivoire\/culture-et-art\/etats-generaux-de-lecole-mariatou-kone-sollicite-la-contribution-des-anciens-ministres-de-leducation-nationale\",\"url\":\"https:\/\/www.africa-press.net\/cotedivoire\/culture-et-art\/etats-generaux-de-lecole-mariatou-kone-sollicite-la-contribution-des-anciens-ministres-de-leducation-nationale\",\"name\":\"\u00c9tats g\u00e9n\u00e9raux de l\u2019\u00e9cole: Mariatou Kon\u00e9 sollicite la contribution des anciens ministres de l\u2019\u00e9ducation nationale - C\u00f4te d&#039;Ivoire\",\"isPartOf\":{\"@id\":\"https:\/\/www.africa-press.net\/cotedivoire\/#website\"},\"primaryImageOfPage\":{\"@id\":\"https:\/\/www.africa-press.net\/cotedivoire\/culture-et-art\/etats-generaux-de-lecole-mariatou-kone-sollicite-la-contribution-des-anciens-ministres-de-leducation-nationale#primaryimage\"},\"image\":{\"@id\":\"https:\/\/www.africa-press.net\/cotedivoire\/culture-et-art\/etats-generaux-de-lecole-mariatou-kone-sollicite-la-contribution-des-anciens-ministres-de-leducation-nationale#primaryimage\"},\"thumbnailUrl\":\"https:\/\/static.africa-press.net\/cote\/sites\/43\/2021\/07\/img-60dde84749878.jpg\",\"datePublished\":\"2021-07-01T16:23:09+00:00\",\"dateModified\":\"2021-07-01T20:47:05+00:00\",\"author\":{\"@id\":\"https:\/\/www.africa-press.net\/cotedivoire\/#\/schema\/person\/2b1cf3cd81a31e3cd26889ca66d677f1\"},\"description\":\"La nouvelle Ministre de l\u2019\u00c9ducation nationale et de l\u2019Alphab\u00e9tisation, le Professeur Mariatou Kon\u00e9 a entam\u00e9, le mardi 29 ...\",\"breadcrumb\":{\"@id\":\"https:\/\/www.africa-press.net\/cotedivoire\/culture-et-art\/etats-generaux-de-lecole-mariatou-kone-sollicite-la-contribution-des-anciens-ministres-de-leducation-nationale#breadcrumb\"},\"inLanguage\":\"fr-FR\",\"potentialAction\":[{\"@type\":\"ReadAction\",\"target\":[\"https:\/\/www.africa-press.net\/cotedivoire\/culture-et-art\/etats-generaux-de-lecole-mariatou-kone-sollicite-la-contribution-des-anciens-ministres-de-leducation-nationale\"]}]},{\"@type\":\"ImageObject\",\"inLanguage\":\"fr-FR\",\"@id\":\"https:\/\/www.africa-press.net\/cotedivoire\/culture-et-art\/etats-generaux-de-lecole-mariatou-kone-sollicite-la-contribution-des-anciens-ministres-de-leducation-nationale#primaryimage\",\"url\":\"https:\/\/static.africa-press.net\/cote\/sites\/43\/2021\/07\/img-60dde84749878.jpg\",\"contentUrl\":\"https:\/\/static.africa-press.net\/cote\/sites\/43\/2021\/07\/img-60dde84749878.jpg\",\"width\":1920,\"height\":1279,\"caption\":\"\u00c9tats g\u00e9n\u00e9raux de l\u2019\u00e9cole: Mariatou Kon\u00e9 sollicite la contribution des anciens ministres de l\u2019\u00e9ducation nationale\"},{\"@type\":\"BreadcrumbList\",\"@id\":\"https:\/\/www.africa-press.net\/cotedivoire\/culture-et-art\/etats-generaux-de-lecole-mariatou-kone-sollicite-la-contribution-des-anciens-ministres-de-leducation-nationale#breadcrumb\",\"itemListElement\":[{\"@type\":\"ListItem\",\"position\":1,\"name\":\"Accueil\",\"item\":\"https:\/\/www.africa-press.net\/cotedivoire\/\"},{\"@type\":\"ListItem\",\"position\":2,\"name\":\"\u00c9tats g\u00e9n\u00e9raux de l\u2019\u00e9cole: Mariatou Kon\u00e9 sollicite la contribution des anciens ministres de l\u2019\u00e9ducation nationale\"}]},{\"@type\":\"WebSite\",\"@id\":\"https:\/\/www.africa-press.net\/cotedivoire\/#website\",\"url\":\"https:\/\/www.africa-press.net\/cotedivoire\/\",\"name\":\"C\u00f4te d&#039;Ivoire\",\"description\":\"Just another Africa News Agency Sites site\",\"potentialAction\":[{\"@type\":\"SearchAction\",\"target\":{\"@type\":\"EntryPoint\",\"urlTemplate\":\"https:\/\/www.africa-press.net\/cotedivoire\/?s={search_term_string}\"},\"query-input\":{\"@type\":\"PropertyValueSpecification\",\"valueRequired\":true,\"valueName\":\"search_term_string\"}}],\"inLanguage\":\"fr-FR\"},{\"@type\":\"Person\",\"@id\":\"https:\/\/www.africa-press.net\/cotedivoire\/#\/schema\/person\/2b1cf3cd81a31e3cd26889ca66d677f1\",\"name\":\"cfeditorfr\"}]}<\/script>\n<!-- \/ Yoast SEO Premium plugin. -->","yoast_head_json":{"title":"\u00c9tats g\u00e9n\u00e9raux de l\u2019\u00e9cole: Mariatou Kon\u00e9 sollicite la contribution des anciens ministres de l\u2019\u00e9ducation nationale - C\u00f4te d&#039;Ivoire","description":"La nouvelle Ministre de l\u2019\u00c9ducation nationale et de l\u2019Alphab\u00e9tisation, le Professeur Mariatou Kon\u00e9 a entam\u00e9, le mardi 29 ...","robots":{"index":"index","follow":"follow","max-snippet":"max-snippet:-1","max-image-preview":"max-image-preview:large","max-video-preview":"max-video-preview:-1"},"canonical":"https:\/\/www.africa-press.net\/cotedivoire\/culture-et-art\/etats-generaux-de-lecole-mariatou-kone-sollicite-la-contribution-des-anciens-ministres-de-leducation-nationale","og_locale":"fr_FR","og_type":"article","og_title":"\u00c9tats g\u00e9n\u00e9raux de l\u2019\u00e9cole: Mariatou Kon\u00e9 sollicite la contribution des anciens ministres de l\u2019\u00e9ducation nationale","og_description":"La nouvelle Ministre de l\u2019\u00c9ducation nationale et de l\u2019Alphab\u00e9tisation, le Professeur Mariatou Kon\u00e9 a entam\u00e9, le mardi 29 ...","og_url":"https:\/\/www.africa-press.net\/cotedivoire\/culture-et-art\/etats-generaux-de-lecole-mariatou-kone-sollicite-la-contribution-des-anciens-ministres-de-leducation-nationale","og_site_name":"C\u00f4te d&#039;Ivoire","article_published_time":"2021-07-01T16:23:09+00:00","article_modified_time":"2021-07-01T20:47:05+00:00","og_image":[{"width":1920,"height":1279,"url":"https:\/\/static.africa-press.net\/cote\/sites\/43\/2021\/07\/img-60dde84749878.jpg","type":"image\/jpeg"}],"author":"cfeditorfr","twitter_card":"summary_large_image","twitter_misc":{"\u00c9crit par":"cfeditorfr","Dur\u00e9e de lecture estim\u00e9e":"2 minutes"},"schema":{"@context":"https:\/\/schema.org","@graph":[{"@type":"Article","@id":"https:\/\/www.africa-press.net\/cotedivoire\/culture-et-art\/etats-generaux-de-lecole-mariatou-kone-sollicite-la-contribution-des-anciens-ministres-de-leducation-nationale#article","isPartOf":{"@id":"https:\/\/www.africa-press.net\/cotedivoire\/culture-et-art\/etats-generaux-de-lecole-mariatou-kone-sollicite-la-contribution-des-anciens-ministres-de-leducation-nationale"},"author":{"name":"cfeditorfr","@id":"https:\/\/www.africa-press.net\/cotedivoire\/#\/schema\/person\/2b1cf3cd81a31e3cd26889ca66d677f1"},"headline":"\u00c9tats g\u00e9n\u00e9raux de l\u2019\u00e9cole: Mariatou Kon\u00e9 sollicite la contribution des anciens ministres de l\u2019\u00e9ducation nationale","datePublished":"2021-07-01T16:23:09+00:00","dateModified":"2021-07-01T20:47:05+00:00","mainEntityOfPage":{"@id":"https:\/\/www.africa-press.net\/cotedivoire\/culture-et-art\/etats-generaux-de-lecole-mariatou-kone-sollicite-la-contribution-des-anciens-ministres-de-leducation-nationale"},"wordCount":340,"commentCount":0,"image":{"@id":"https:\/\/www.africa-press.net\/cotedivoire\/culture-et-art\/etats-generaux-de-lecole-mariatou-kone-sollicite-la-contribution-des-anciens-ministres-de-leducation-nationale#primaryimage"},"thumbnailUrl":"https:\/\/static.africa-press.net\/cote\/sites\/43\/2021\/07\/img-60dde84749878.jpg","keywords":["Africa Press","Africa Press-C\u00f4te d'Ivoire","C\u00d4TE D'IVOIRE"],"articleSection":["Culture et Art","homepage-french","Toutes les actualit\u00e9s"],"inLanguage":"fr-FR","potentialAction":[{"@type":"CommentAction","name":"Comment","target":["https:\/\/www.africa-press.net\/cotedivoire\/culture-et-art\/etats-generaux-de-lecole-mariatou-kone-sollicite-la-contribution-des-anciens-ministres-de-leducation-nationale#respond"]}]},{"@type":"WebPage","@id":"https:\/\/www.africa-press.net\/cotedivoire\/culture-et-art\/etats-generaux-de-lecole-mariatou-kone-sollicite-la-contribution-des-anciens-ministres-de-leducation-nationale","url":"https:\/\/www.africa-press.net\/cotedivoire\/culture-et-art\/etats-generaux-de-lecole-mariatou-kone-sollicite-la-contribution-des-anciens-ministres-de-leducation-nationale","name":"\u00c9tats g\u00e9n\u00e9raux de l\u2019\u00e9cole: Mariatou Kon\u00e9 sollicite la contribution des anciens ministres de l\u2019\u00e9ducation nationale - C\u00f4te d&#039;Ivoire","isPartOf":{"@id":"https:\/\/www.africa-press.net\/cotedivoire\/#website"},"primaryImageOfPage":{"@id":"https:\/\/www.africa-press.net\/cotedivoire\/culture-et-art\/etats-generaux-de-lecole-mariatou-kone-sollicite-la-contribution-des-anciens-ministres-de-leducation-nationale#primaryimage"},"image":{"@id":"https:\/\/www.africa-press.net\/cotedivoire\/culture-et-art\/etats-generaux-de-lecole-mariatou-kone-sollicite-la-contribution-des-anciens-ministres-de-leducation-nationale#primaryimage"},"thumbnailUrl":"https:\/\/static.africa-press.net\/cote\/sites\/43\/2021\/07\/img-60dde84749878.jpg","datePublished":"2021-07-01T16:23:09+00:00","dateModified":"2021-07-01T20:47:05+00:00","author":{"@id":"https:\/\/www.africa-press.net\/cotedivoire\/#\/schema\/person\/2b1cf3cd81a31e3cd26889ca66d677f1"},"description":"La nouvelle Ministre de l\u2019\u00c9ducation nationale et de l\u2019Alphab\u00e9tisation, le Professeur Mariatou Kon\u00e9 a entam\u00e9, le mardi 29 ...","breadcrumb":{"@id":"https:\/\/www.africa-press.net\/cotedivoire\/culture-et-art\/etats-generaux-de-lecole-mariatou-kone-sollicite-la-contribution-des-anciens-ministres-de-leducation-nationale#breadcrumb"},"inLanguage":"fr-FR","potentialAction":[{"@type":"ReadAction","target":["https:\/\/www.africa-press.net\/cotedivoire\/culture-et-art\/etats-generaux-de-lecole-mariatou-kone-sollicite-la-contribution-des-anciens-ministres-de-leducation-nationale"]}]},{"@type":"ImageObject","inLanguage":"fr-FR","@id":"https:\/\/www.africa-press.net\/cotedivoire\/culture-et-art\/etats-generaux-de-lecole-mariatou-kone-sollicite-la-contribution-des-anciens-ministres-de-leducation-nationale#primaryimage","url":"https:\/\/static.africa-press.net\/cote\/sites\/43\/2021\/07\/img-60dde84749878.jpg","contentUrl":"https:\/\/static.africa-press.net\/cote\/sites\/43\/2021\/07\/img-60dde84749878.jpg","width":1920,"height":1279,"caption":"\u00c9tats g\u00e9n\u00e9raux de l\u2019\u00e9cole: Mariatou Kon\u00e9 sollicite la contribution des anciens ministres de l\u2019\u00e9ducation nationale"},{"@type":"BreadcrumbList","@id":"https:\/\/www.africa-press.net\/cotedivoire\/culture-et-art\/etats-generaux-de-lecole-mariatou-kone-sollicite-la-contribution-des-anciens-ministres-de-leducation-nationale#breadcrumb","itemListElement":[{"@type":"ListItem","position":1,"name":"Accueil","item":"https:\/\/www.africa-press.net\/cotedivoire\/"},{"@type":"ListItem","position":2,"name":"\u00c9tats g\u00e9n\u00e9raux de l\u2019\u00e9cole: Mariatou Kon\u00e9 sollicite la contribution des anciens ministres de l\u2019\u00e9ducation nationale"}]},{"@type":"WebSite","@id":"https:\/\/www.africa-press.net\/cotedivoire\/#website","url":"https:\/\/www.africa-press.net\/cotedivoire\/","name":"C\u00f4te d&#039;Ivoire","description":"Just another Africa News Agency Sites site","potentialAction":[{"@type":"SearchAction","target":{"@type":"EntryPoint","urlTemplate":"https:\/\/www.africa-press.net\/cotedivoire\/?s={search_term_string}"},"query-input":{"@type":"PropertyValueSpecification","valueRequired":true,"valueName":"search_term_string"}}],"inLanguage":"fr-FR"},{"@type":"Person","@id":"https:\/\/www.africa-press.net\/cotedivoire\/#\/schema\/person\/2b1cf3cd81a31e3cd26889ca66d677f1","name":"cfeditorfr"}]}},"_links":{"self":[{"href":"https:\/\/www.africa-press.net\/cotedivoire\/wp-json\/wp\/v2\/posts\/9600","targetHints":{"allow":["GET"]}}],"collection":[{"href":"https:\/\/www.africa-press.net\/cotedivoire\/wp-json\/wp\/v2\/posts"}],"about":[{"href":"https:\/\/www.africa-press.net\/cotedivoire\/wp-json\/wp\/v2\/types\/post"}],"author":[{"embeddable":true,"href":"https:\/\/www.africa-press.net\/cotedivoire\/wp-json\/wp\/v2\/users\/82"}],"replies":[{"embeddable":true,"href":"https:\/\/www.africa-press.net\/cotedivoire\/wp-json\/wp\/v2\/comments?post=9600"}],"version-history":[{"count":0,"href":"https:\/\/www.africa-press.net\/cotedivoire\/wp-json\/wp\/v2\/posts\/9600\/revisions"}],"wp:featuredmedia":[{"embeddable":true,"href":"https:\/\/www.africa-press.net\/cotedivoire\/wp-json\/wp\/v2\/media\/9599"}],"wp:attachment":[{"href":"https:\/\/www.africa-press.net\/cotedivoire\/wp-json\/wp\/v2\/media?parent=9600"}],"wp:term":[{"taxonomy":"category","embeddable":true,"href":"https:\/\/www.africa-press.net\/cotedivoire\/wp-json\/wp\/v2\/categories?post=9600"},{"taxonomy":"post_tag","embeddable":true,"href":"https:\/\/www.africa-press.net\/cotedivoire\/wp-json\/wp\/v2\/tags?post=9600"}],"curies":[{"name":"wp","href":"https:\/\/api.w.org\/{rel}","templated":true}]}}