{"id":9609,"date":"2021-07-01T16:49:08","date_gmt":"2021-07-01T16:49:08","guid":{"rendered":"https:\/\/www.africa-press.net\/cotedivoire\/?p=9609"},"modified":"2021-07-01T20:47:28","modified_gmt":"2021-07-01T20:47:28","slug":"diplomate-tue-en-cote-divoire-en-2007-16-ans-de-prison-requis-contre-sa-veuve","status":"publish","type":"post","link":"https:\/\/www.africa-press.net\/cotedivoire\/politique\/diplomate-tue-en-cote-divoire-en-2007-16-ans-de-prison-requis-contre-sa-veuve","title":{"rendered":"Diplomate tu\u00e9 en C\u00f4te d&rsquo;Ivoire en 2007: 16 ans de prison requis contre sa veuve"},"content":{"rendered":"<p><span style=\"color: #ff6600\"><strong><a href=\"https:\/\/www.africa-press.net\/\">Africa-Press<\/a> &#8211; <a href=\"https:\/\/www.africa-press.net\/cotedivoire\">C\u00f4te d&rsquo;Ivoire<\/a>. <\/strong><\/span>Quatorze ans apr\u00e8s la mort \u00e0 Abidjan d&rsquo;un ancien policier fran\u00e7ais charg\u00e9 de mission pour l&rsquo;Union europ\u00e9enne, l&rsquo;accusation a requis jeudi \u00e0 Paris une peine minimale de 16 ans de r\u00e9clusion criminelle contre sa veuve pour assassinat.<\/p>\n<p>Au terme de plus d&rsquo;une heure et demi de r\u00e9quisitoire, l&rsquo;avocat g\u00e9n\u00e9ral Olivier Auf\u00e9ril a demand\u00e9 \u00e0 la cour d&rsquo;assises de prendre en compte la dur\u00e9e de la proc\u00e9dure et \u00ab\u00a0l&rsquo;incertitude\u00a0\u00bb qui a pes\u00e9 sur le \u00ab\u00a0sort\u00a0\u00bb de l&rsquo;accus\u00e9e, qui encourt la perp\u00e9tuit\u00e9, et \u00ab\u00a0de ne pas prononcer une peine inf\u00e9rieure \u00e0 seize ans\u00a0\u00bb.<\/p>\n<p>Karine Blanc, 54 ans, compara\u00eet libre sous contr\u00f4le judiciaire depuis le 22 juin pour ce crime qu&rsquo;elle a toujours contest\u00e9. Elle avait fait environ dix-huit mois de d\u00e9tention provisoire au d\u00e9but de l&rsquo;affaire. Cheveux ch\u00e2tains attach\u00e9s en chignon, assise au premier rang de la salle d&rsquo;audience, l&rsquo;accus\u00e9e a fondu en larmes \u00e0 l&rsquo;\u00e9nonc\u00e9 des r\u00e9quisitions.<\/p>\n<p>\u00ab\u00a0C&rsquo;est une innocente qu&rsquo;on vous demande de condamner. (&#8230;) Elle n&rsquo;a pas tu\u00e9 son mari, elle n&rsquo;a pas tu\u00e9 son mari!\u00a0\u00bb, a insist\u00e9 dans l&rsquo;apr\u00e8s-midi son avocate Mich\u00e8le Siari. \u00ab\u00a0Vous l&rsquo;acquitterez!\u00a0\u00bb, a-t-elle plaid\u00e9.<\/p>\n<p>Le corps du mari de Mme Blanc, Michel Niaucel, 54 ans, avait \u00e9t\u00e9 d\u00e9couvert le 7 f\u00e9vrier 2007 dans la chambre de leur villa ultra-s\u00e9curis\u00e9e de la capitale \u00e9conomique ivoirienne, o\u00f9 ils vivaient avec leur fille de 13 ans.<\/p>\n<p>L&rsquo;officier r\u00e9gional de s\u00e9curit\u00e9 avait \u00e9t\u00e9 tu\u00e9 d&rsquo;une balle dans le thorax, tir\u00e9e d&rsquo;un revolver 357 Magnum \u00e0 travers un oreiller, alors qu&rsquo;il dormait \u00e0 c\u00f4t\u00e9 de son \u00e9pouse. L&rsquo;enqu\u00eate avait vite exclu la piste du crime politique, les soup\u00e7ons se portant sur l&rsquo;\u00e9pouse, alors enceinte de son amant.<\/p>\n<p>Entendue apr\u00e8s les faits par les autorit\u00e9s ivoiriennes, Karine Blanc avait d&rsquo;abord affirm\u00e9 que son mari avait \u00e9t\u00e9 abattu par un intrus. L&rsquo;enqu\u00eate avait ensuite \u00e9t\u00e9 transf\u00e9r\u00e9e en France, en vertu de l&rsquo;immunit\u00e9 diplomatique de Michel Niaucel et de sa famille.<\/p>\n<p>Devant la justice fran\u00e7aise, Karine Blanc avait alors plaid\u00e9 le tir accidentel alors qu&rsquo;elle tentait d&#8217;emp\u00eacher son \u00e9poux de se suicider. Cette th\u00e8se, de nouveau d\u00e9battue devant la cour d&rsquo;assises, a \u00e9t\u00e9 jug\u00e9e \u00ab\u00a0possible mais peu probable\u00a0\u00bb par des experts en balistique, a soulign\u00e9 l&rsquo;avocat g\u00e9n\u00e9ral.<\/p>\n<p>Prenant de fa\u00e7on inhabituelle ses r\u00e9quisitions \u00e0 la barre, face \u00e0 la cour, le magistrat est longuement revenu sur les d\u00e9lais \u00ab\u00a0difficiles \u00e0 expliquer\u00a0\u00bb de ce dossier \u00ab\u00a0vieux de quatorze ans\u00a0\u00bb, \u00e9voquant un \u00ab\u00a0dysfonctionnement\u00a0\u00bb.<\/p>\n<p>Le repr\u00e9sentant du minist\u00e8re public a par ailleurs requis cinq ans d&#8217;emprisonnement dont trois ans avec sursis &#8211; une peine am\u00e9nageable &#8211; \u00e0 l&rsquo;encontre d&rsquo;Isabelle C, 65 ans, jug\u00e9e au c\u00f4t\u00e9 de Karine Blanc pour le d\u00e9lit de complicit\u00e9 d&rsquo;administration de substance nuisible.<\/p>\n<p>Elle est poursuivie pour avoir fourni \u00e0 son ex-meilleure amie des m\u00e9dicaments contre-indiqu\u00e9s contre l&rsquo;hypertension dont souffrait Michel Niaucel, administr\u00e9s d\u00e9but 2007 par Karine Blanc.<\/p>\n<p>La fille du couple Niaucel, deux enfants de la victime n\u00e9s d&rsquo;une pr\u00e9c\u00e9dente union, ainsi que les deux fr\u00e8res et la s\u0153ur du diplomate sont parties civiles. Verdict vendredi.<\/p>\n","protected":false},"excerpt":{"rendered":"<p>Africa-Press &#8211; C\u00f4te d&rsquo;Ivoire. Quatorze ans apr\u00e8s la mort \u00e0 Abidjan d&rsquo;un ancien policier fran\u00e7ais charg\u00e9 de mission pour l&rsquo;Union europ\u00e9enne, l&rsquo;accusation a requis jeudi \u00e0 Paris une peine minimale de 16 ans de r\u00e9clusion criminelle contre sa veuve pour assassinat. Au terme de plus d&rsquo;une heure et demi de r\u00e9quisitoire, l&rsquo;avocat g\u00e9n\u00e9ral Olivier Auf\u00e9ril [&hellip;]<\/p>\n","protected":false},"author":82,"featured_media":9608,"comment_status":"open","ping_status":"closed","sticky":false,"template":"","format":"standard","meta":{"footnotes":""},"categories":[11,2,10],"tags":[56,63,29],"class_list":["post-9609","post","type-post","status-publish","format-standard","has-post-thumbnail","hentry","category-homepage-french","category-politique","category-toutes-les-actualites","tag-africa-press","tag-africa-press-cote-divoire","tag-cote-divoire"],"yoast_head":"<!-- This site is optimized with the Yoast SEO Premium plugin v26.1 (Yoast SEO v27.0) - https:\/\/yoast.com\/product\/yoast-seo-premium-wordpress\/ -->\n<title>Diplomate tu\u00e9 en C\u00f4te d&#039;Ivoire en 2007: 16 ans de prison requis contre sa veuve - C\u00f4te d&#039;Ivoire<\/title>\n<meta name=\"description\" content=\"Quatorze ans apr\u00e8s la mort \u00e0 Abidjan d&#039;un ancien policier fran\u00e7ais charg\u00e9 de mission pour l&#039;Union europ\u00e9enne, l&#039;accusati ...\" \/>\n<meta name=\"robots\" content=\"index, follow, max-snippet:-1, max-image-preview:large, max-video-preview:-1\" \/>\n<link rel=\"canonical\" href=\"https:\/\/www.africa-press.net\/cotedivoire\/politique\/diplomate-tue-en-cote-divoire-en-2007-16-ans-de-prison-requis-contre-sa-veuve\" \/>\n<meta property=\"og:locale\" content=\"fr_FR\" \/>\n<meta property=\"og:type\" content=\"article\" \/>\n<meta property=\"og:title\" content=\"Diplomate tu\u00e9 en C\u00f4te d&#039;Ivoire en 2007: 16 ans de prison requis contre sa veuve\" \/>\n<meta property=\"og:description\" content=\"Quatorze ans apr\u00e8s la mort \u00e0 Abidjan d&#039;un ancien policier fran\u00e7ais charg\u00e9 de mission pour l&#039;Union europ\u00e9enne, l&#039;accusati ...\" \/>\n<meta property=\"og:url\" content=\"https:\/\/www.africa-press.net\/cotedivoire\/politique\/diplomate-tue-en-cote-divoire-en-2007-16-ans-de-prison-requis-contre-sa-veuve\" \/>\n<meta property=\"og:site_name\" content=\"C\u00f4te d&#039;Ivoire\" \/>\n<meta property=\"article:published_time\" content=\"2021-07-01T16:49:08+00:00\" \/>\n<meta property=\"article:modified_time\" content=\"2021-07-01T20:47:28+00:00\" \/>\n<meta property=\"og:image\" content=\"https:\/\/static.africa-press.net\/cote\/sites\/43\/2021\/07\/img-60dde909b755d.jpg\" \/>\n\t<meta property=\"og:image:width\" content=\"768\" \/>\n\t<meta property=\"og:image:height\" content=\"512\" \/>\n\t<meta property=\"og:image:type\" content=\"image\/jpeg\" \/>\n<meta name=\"author\" content=\"cfeditorfr\" \/>\n<meta name=\"twitter:card\" content=\"summary_large_image\" \/>\n<meta name=\"twitter:label1\" content=\"\u00c9crit par\" \/>\n\t<meta name=\"twitter:data1\" content=\"cfeditorfr\" \/>\n\t<meta name=\"twitter:label2\" content=\"Dur\u00e9e de lecture estim\u00e9e\" \/>\n\t<meta name=\"twitter:data2\" content=\"3 minutes\" \/>\n<script type=\"application\/ld+json\" class=\"yoast-schema-graph\">{\"@context\":\"https:\/\/schema.org\",\"@graph\":[{\"@type\":\"Article\",\"@id\":\"https:\/\/www.africa-press.net\/cotedivoire\/politique\/diplomate-tue-en-cote-divoire-en-2007-16-ans-de-prison-requis-contre-sa-veuve#article\",\"isPartOf\":{\"@id\":\"https:\/\/www.africa-press.net\/cotedivoire\/politique\/diplomate-tue-en-cote-divoire-en-2007-16-ans-de-prison-requis-contre-sa-veuve\"},\"author\":{\"name\":\"cfeditorfr\",\"@id\":\"https:\/\/www.africa-press.net\/cotedivoire\/#\/schema\/person\/2b1cf3cd81a31e3cd26889ca66d677f1\"},\"headline\":\"Diplomate tu\u00e9 en C\u00f4te d&rsquo;Ivoire en 2007: 16 ans de prison requis contre sa veuve\",\"datePublished\":\"2021-07-01T16:49:08+00:00\",\"dateModified\":\"2021-07-01T20:47:28+00:00\",\"mainEntityOfPage\":{\"@id\":\"https:\/\/www.africa-press.net\/cotedivoire\/politique\/diplomate-tue-en-cote-divoire-en-2007-16-ans-de-prison-requis-contre-sa-veuve\"},\"wordCount\":584,\"commentCount\":0,\"image\":{\"@id\":\"https:\/\/www.africa-press.net\/cotedivoire\/politique\/diplomate-tue-en-cote-divoire-en-2007-16-ans-de-prison-requis-contre-sa-veuve#primaryimage\"},\"thumbnailUrl\":\"https:\/\/static.africa-press.net\/cote\/sites\/43\/2021\/07\/img-60dde909b755d.jpg\",\"keywords\":[\"Africa Press\",\"Africa Press-C\u00f4te d'Ivoire\",\"C\u00d4TE D'IVOIRE\"],\"articleSection\":[\"homepage-french\",\"Politique\",\"Toutes les actualit\u00e9s\"],\"inLanguage\":\"fr-FR\",\"potentialAction\":[{\"@type\":\"CommentAction\",\"name\":\"Comment\",\"target\":[\"https:\/\/www.africa-press.net\/cotedivoire\/politique\/diplomate-tue-en-cote-divoire-en-2007-16-ans-de-prison-requis-contre-sa-veuve#respond\"]}]},{\"@type\":\"WebPage\",\"@id\":\"https:\/\/www.africa-press.net\/cotedivoire\/politique\/diplomate-tue-en-cote-divoire-en-2007-16-ans-de-prison-requis-contre-sa-veuve\",\"url\":\"https:\/\/www.africa-press.net\/cotedivoire\/politique\/diplomate-tue-en-cote-divoire-en-2007-16-ans-de-prison-requis-contre-sa-veuve\",\"name\":\"Diplomate tu\u00e9 en C\u00f4te d'Ivoire en 2007: 16 ans de prison requis contre sa veuve - C\u00f4te d&#039;Ivoire\",\"isPartOf\":{\"@id\":\"https:\/\/www.africa-press.net\/cotedivoire\/#website\"},\"primaryImageOfPage\":{\"@id\":\"https:\/\/www.africa-press.net\/cotedivoire\/politique\/diplomate-tue-en-cote-divoire-en-2007-16-ans-de-prison-requis-contre-sa-veuve#primaryimage\"},\"image\":{\"@id\":\"https:\/\/www.africa-press.net\/cotedivoire\/politique\/diplomate-tue-en-cote-divoire-en-2007-16-ans-de-prison-requis-contre-sa-veuve#primaryimage\"},\"thumbnailUrl\":\"https:\/\/static.africa-press.net\/cote\/sites\/43\/2021\/07\/img-60dde909b755d.jpg\",\"datePublished\":\"2021-07-01T16:49:08+00:00\",\"dateModified\":\"2021-07-01T20:47:28+00:00\",\"author\":{\"@id\":\"https:\/\/www.africa-press.net\/cotedivoire\/#\/schema\/person\/2b1cf3cd81a31e3cd26889ca66d677f1\"},\"description\":\"Quatorze ans apr\u00e8s la mort \u00e0 Abidjan d'un ancien policier fran\u00e7ais charg\u00e9 de mission pour l'Union europ\u00e9enne, l'accusati ...\",\"breadcrumb\":{\"@id\":\"https:\/\/www.africa-press.net\/cotedivoire\/politique\/diplomate-tue-en-cote-divoire-en-2007-16-ans-de-prison-requis-contre-sa-veuve#breadcrumb\"},\"inLanguage\":\"fr-FR\",\"potentialAction\":[{\"@type\":\"ReadAction\",\"target\":[\"https:\/\/www.africa-press.net\/cotedivoire\/politique\/diplomate-tue-en-cote-divoire-en-2007-16-ans-de-prison-requis-contre-sa-veuve\"]}]},{\"@type\":\"ImageObject\",\"inLanguage\":\"fr-FR\",\"@id\":\"https:\/\/www.africa-press.net\/cotedivoire\/politique\/diplomate-tue-en-cote-divoire-en-2007-16-ans-de-prison-requis-contre-sa-veuve#primaryimage\",\"url\":\"https:\/\/static.africa-press.net\/cote\/sites\/43\/2021\/07\/img-60dde909b755d.jpg\",\"contentUrl\":\"https:\/\/static.africa-press.net\/cote\/sites\/43\/2021\/07\/img-60dde909b755d.jpg\",\"width\":768,\"height\":512,\"caption\":\"Diplomate tu\u00e9 en C\u00f4te d'Ivoire en 2007: 16 ans de prison requis contre sa veuve\"},{\"@type\":\"BreadcrumbList\",\"@id\":\"https:\/\/www.africa-press.net\/cotedivoire\/politique\/diplomate-tue-en-cote-divoire-en-2007-16-ans-de-prison-requis-contre-sa-veuve#breadcrumb\",\"itemListElement\":[{\"@type\":\"ListItem\",\"position\":1,\"name\":\"Accueil\",\"item\":\"https:\/\/www.africa-press.net\/cotedivoire\/\"},{\"@type\":\"ListItem\",\"position\":2,\"name\":\"Diplomate tu\u00e9 en C\u00f4te d&#8217;Ivoire en 2007: 16 ans de prison requis contre sa veuve\"}]},{\"@type\":\"WebSite\",\"@id\":\"https:\/\/www.africa-press.net\/cotedivoire\/#website\",\"url\":\"https:\/\/www.africa-press.net\/cotedivoire\/\",\"name\":\"C\u00f4te d&#039;Ivoire\",\"description\":\"Just another Africa News Agency Sites site\",\"potentialAction\":[{\"@type\":\"SearchAction\",\"target\":{\"@type\":\"EntryPoint\",\"urlTemplate\":\"https:\/\/www.africa-press.net\/cotedivoire\/?s={search_term_string}\"},\"query-input\":{\"@type\":\"PropertyValueSpecification\",\"valueRequired\":true,\"valueName\":\"search_term_string\"}}],\"inLanguage\":\"fr-FR\"},{\"@type\":\"Person\",\"@id\":\"https:\/\/www.africa-press.net\/cotedivoire\/#\/schema\/person\/2b1cf3cd81a31e3cd26889ca66d677f1\",\"name\":\"cfeditorfr\"}]}<\/script>\n<!-- \/ Yoast SEO Premium plugin. -->","yoast_head_json":{"title":"Diplomate tu\u00e9 en C\u00f4te d'Ivoire en 2007: 16 ans de prison requis contre sa veuve - C\u00f4te d&#039;Ivoire","description":"Quatorze ans apr\u00e8s la mort \u00e0 Abidjan d'un ancien policier fran\u00e7ais charg\u00e9 de mission pour l'Union europ\u00e9enne, l'accusati ...","robots":{"index":"index","follow":"follow","max-snippet":"max-snippet:-1","max-image-preview":"max-image-preview:large","max-video-preview":"max-video-preview:-1"},"canonical":"https:\/\/www.africa-press.net\/cotedivoire\/politique\/diplomate-tue-en-cote-divoire-en-2007-16-ans-de-prison-requis-contre-sa-veuve","og_locale":"fr_FR","og_type":"article","og_title":"Diplomate tu\u00e9 en C\u00f4te d'Ivoire en 2007: 16 ans de prison requis contre sa veuve","og_description":"Quatorze ans apr\u00e8s la mort \u00e0 Abidjan d'un ancien policier fran\u00e7ais charg\u00e9 de mission pour l'Union europ\u00e9enne, l'accusati ...","og_url":"https:\/\/www.africa-press.net\/cotedivoire\/politique\/diplomate-tue-en-cote-divoire-en-2007-16-ans-de-prison-requis-contre-sa-veuve","og_site_name":"C\u00f4te d&#039;Ivoire","article_published_time":"2021-07-01T16:49:08+00:00","article_modified_time":"2021-07-01T20:47:28+00:00","og_image":[{"width":768,"height":512,"url":"https:\/\/static.africa-press.net\/cote\/sites\/43\/2021\/07\/img-60dde909b755d.jpg","type":"image\/jpeg"}],"author":"cfeditorfr","twitter_card":"summary_large_image","twitter_misc":{"\u00c9crit par":"cfeditorfr","Dur\u00e9e de lecture estim\u00e9e":"3 minutes"},"schema":{"@context":"https:\/\/schema.org","@graph":[{"@type":"Article","@id":"https:\/\/www.africa-press.net\/cotedivoire\/politique\/diplomate-tue-en-cote-divoire-en-2007-16-ans-de-prison-requis-contre-sa-veuve#article","isPartOf":{"@id":"https:\/\/www.africa-press.net\/cotedivoire\/politique\/diplomate-tue-en-cote-divoire-en-2007-16-ans-de-prison-requis-contre-sa-veuve"},"author":{"name":"cfeditorfr","@id":"https:\/\/www.africa-press.net\/cotedivoire\/#\/schema\/person\/2b1cf3cd81a31e3cd26889ca66d677f1"},"headline":"Diplomate tu\u00e9 en C\u00f4te d&rsquo;Ivoire en 2007: 16 ans de prison requis contre sa veuve","datePublished":"2021-07-01T16:49:08+00:00","dateModified":"2021-07-01T20:47:28+00:00","mainEntityOfPage":{"@id":"https:\/\/www.africa-press.net\/cotedivoire\/politique\/diplomate-tue-en-cote-divoire-en-2007-16-ans-de-prison-requis-contre-sa-veuve"},"wordCount":584,"commentCount":0,"image":{"@id":"https:\/\/www.africa-press.net\/cotedivoire\/politique\/diplomate-tue-en-cote-divoire-en-2007-16-ans-de-prison-requis-contre-sa-veuve#primaryimage"},"thumbnailUrl":"https:\/\/static.africa-press.net\/cote\/sites\/43\/2021\/07\/img-60dde909b755d.jpg","keywords":["Africa Press","Africa Press-C\u00f4te d'Ivoire","C\u00d4TE D'IVOIRE"],"articleSection":["homepage-french","Politique","Toutes les actualit\u00e9s"],"inLanguage":"fr-FR","potentialAction":[{"@type":"CommentAction","name":"Comment","target":["https:\/\/www.africa-press.net\/cotedivoire\/politique\/diplomate-tue-en-cote-divoire-en-2007-16-ans-de-prison-requis-contre-sa-veuve#respond"]}]},{"@type":"WebPage","@id":"https:\/\/www.africa-press.net\/cotedivoire\/politique\/diplomate-tue-en-cote-divoire-en-2007-16-ans-de-prison-requis-contre-sa-veuve","url":"https:\/\/www.africa-press.net\/cotedivoire\/politique\/diplomate-tue-en-cote-divoire-en-2007-16-ans-de-prison-requis-contre-sa-veuve","name":"Diplomate tu\u00e9 en C\u00f4te d'Ivoire en 2007: 16 ans de prison requis contre sa veuve - C\u00f4te d&#039;Ivoire","isPartOf":{"@id":"https:\/\/www.africa-press.net\/cotedivoire\/#website"},"primaryImageOfPage":{"@id":"https:\/\/www.africa-press.net\/cotedivoire\/politique\/diplomate-tue-en-cote-divoire-en-2007-16-ans-de-prison-requis-contre-sa-veuve#primaryimage"},"image":{"@id":"https:\/\/www.africa-press.net\/cotedivoire\/politique\/diplomate-tue-en-cote-divoire-en-2007-16-ans-de-prison-requis-contre-sa-veuve#primaryimage"},"thumbnailUrl":"https:\/\/static.africa-press.net\/cote\/sites\/43\/2021\/07\/img-60dde909b755d.jpg","datePublished":"2021-07-01T16:49:08+00:00","dateModified":"2021-07-01T20:47:28+00:00","author":{"@id":"https:\/\/www.africa-press.net\/cotedivoire\/#\/schema\/person\/2b1cf3cd81a31e3cd26889ca66d677f1"},"description":"Quatorze ans apr\u00e8s la mort \u00e0 Abidjan d'un ancien policier fran\u00e7ais charg\u00e9 de mission pour l'Union europ\u00e9enne, l'accusati ...","breadcrumb":{"@id":"https:\/\/www.africa-press.net\/cotedivoire\/politique\/diplomate-tue-en-cote-divoire-en-2007-16-ans-de-prison-requis-contre-sa-veuve#breadcrumb"},"inLanguage":"fr-FR","potentialAction":[{"@type":"ReadAction","target":["https:\/\/www.africa-press.net\/cotedivoire\/politique\/diplomate-tue-en-cote-divoire-en-2007-16-ans-de-prison-requis-contre-sa-veuve"]}]},{"@type":"ImageObject","inLanguage":"fr-FR","@id":"https:\/\/www.africa-press.net\/cotedivoire\/politique\/diplomate-tue-en-cote-divoire-en-2007-16-ans-de-prison-requis-contre-sa-veuve#primaryimage","url":"https:\/\/static.africa-press.net\/cote\/sites\/43\/2021\/07\/img-60dde909b755d.jpg","contentUrl":"https:\/\/static.africa-press.net\/cote\/sites\/43\/2021\/07\/img-60dde909b755d.jpg","width":768,"height":512,"caption":"Diplomate tu\u00e9 en C\u00f4te d'Ivoire en 2007: 16 ans de prison requis contre sa veuve"},{"@type":"BreadcrumbList","@id":"https:\/\/www.africa-press.net\/cotedivoire\/politique\/diplomate-tue-en-cote-divoire-en-2007-16-ans-de-prison-requis-contre-sa-veuve#breadcrumb","itemListElement":[{"@type":"ListItem","position":1,"name":"Accueil","item":"https:\/\/www.africa-press.net\/cotedivoire\/"},{"@type":"ListItem","position":2,"name":"Diplomate tu\u00e9 en C\u00f4te d&#8217;Ivoire en 2007: 16 ans de prison requis contre sa veuve"}]},{"@type":"WebSite","@id":"https:\/\/www.africa-press.net\/cotedivoire\/#website","url":"https:\/\/www.africa-press.net\/cotedivoire\/","name":"C\u00f4te d&#039;Ivoire","description":"Just another Africa News Agency Sites site","potentialAction":[{"@type":"SearchAction","target":{"@type":"EntryPoint","urlTemplate":"https:\/\/www.africa-press.net\/cotedivoire\/?s={search_term_string}"},"query-input":{"@type":"PropertyValueSpecification","valueRequired":true,"valueName":"search_term_string"}}],"inLanguage":"fr-FR"},{"@type":"Person","@id":"https:\/\/www.africa-press.net\/cotedivoire\/#\/schema\/person\/2b1cf3cd81a31e3cd26889ca66d677f1","name":"cfeditorfr"}]}},"_links":{"self":[{"href":"https:\/\/www.africa-press.net\/cotedivoire\/wp-json\/wp\/v2\/posts\/9609","targetHints":{"allow":["GET"]}}],"collection":[{"href":"https:\/\/www.africa-press.net\/cotedivoire\/wp-json\/wp\/v2\/posts"}],"about":[{"href":"https:\/\/www.africa-press.net\/cotedivoire\/wp-json\/wp\/v2\/types\/post"}],"author":[{"embeddable":true,"href":"https:\/\/www.africa-press.net\/cotedivoire\/wp-json\/wp\/v2\/users\/82"}],"replies":[{"embeddable":true,"href":"https:\/\/www.africa-press.net\/cotedivoire\/wp-json\/wp\/v2\/comments?post=9609"}],"version-history":[{"count":0,"href":"https:\/\/www.africa-press.net\/cotedivoire\/wp-json\/wp\/v2\/posts\/9609\/revisions"}],"wp:featuredmedia":[{"embeddable":true,"href":"https:\/\/www.africa-press.net\/cotedivoire\/wp-json\/wp\/v2\/media\/9608"}],"wp:attachment":[{"href":"https:\/\/www.africa-press.net\/cotedivoire\/wp-json\/wp\/v2\/media?parent=9609"}],"wp:term":[{"taxonomy":"category","embeddable":true,"href":"https:\/\/www.africa-press.net\/cotedivoire\/wp-json\/wp\/v2\/categories?post=9609"},{"taxonomy":"post_tag","embeddable":true,"href":"https:\/\/www.africa-press.net\/cotedivoire\/wp-json\/wp\/v2\/tags?post=9609"}],"curies":[{"name":"wp","href":"https:\/\/api.w.org\/{rel}","templated":true}]}}