{"id":9612,"date":"2021-07-01T17:47:29","date_gmt":"2021-07-01T17:47:29","guid":{"rendered":"https:\/\/www.africa-press.net\/cotedivoire\/?p=9612"},"modified":"2021-07-01T20:47:38","modified_gmt":"2021-07-01T20:47:38","slug":"cote-divoire-guillaume-soro-fait-appel-de-sa-condamnation-a-la-perpetuite","status":"publish","type":"post","link":"https:\/\/www.africa-press.net\/cotedivoire\/politique\/cote-divoire-guillaume-soro-fait-appel-de-sa-condamnation-a-la-perpetuite","title":{"rendered":"Guillaume Soro fait appel de sa condamnation \u00e0 la perp\u00e9tuit\u00e9"},"content":{"rendered":"<p><span style=\"color: #ff6600\"><strong><a href=\"https:\/\/www.africa-press.net\/\">Africa-Press<\/a> &#8211; <a href=\"https:\/\/www.africa-press.net\/cotedivoire\">C\u00f4te d&rsquo;Ivoire<\/a>. <\/strong><\/span>Condamn\u00e9 par contumace pour \u00ab atteinte \u00e0 la s\u00fbret\u00e9 de l\u2019\u00c9tat \u00bb, l\u2019ancien Premier ministre ivoirien conteste le verdict et se tourne vers la justice internationale.<\/p>\n<p>\u00ab Nous avons introduit un recours en appel contre ce verdict et avons saisi des juridictions internationales, notamment la Cour africaine des droits de l\u2019homme et des peuples (CADHP) \u00bb, a d\u00e9clar\u00e9 Me Souleymane Diallo.<\/p>\n<p>Le 23 juin, la cour d\u2019assises d\u2019Abidjan avait condamn\u00e9 Guillaume Soro \u00e0 la perp\u00e9tuit\u00e9 et ses principaux coaccus\u00e9s \u2013 Souleymane Kamagat\u00e9, son ex-chef du protocole, Affoussy Bamba, son ancienne ministre et Tour\u00e9 Moussa, son ancien chef de la communication \u2013, \u00e0 20 ans de prison<\/p>\n<p>\u00ab Ce proc\u00e8s s\u2019est tenu au m\u00e9pris et en violation des r\u00e8glements et de plusieurs d\u00e9cisions de la Cour africaine \u00bb, a estim\u00e9 Me Diallo, soulignant que \u00ab la C\u00f4te d\u2019Ivoire s\u2019est illustr\u00e9e de la plus mauvaise des mani\u00e8res vis-\u00e0-vis des juridictions internationales \u00bb.<\/p>\n<p><b>Bras de fer \u00e0 la CADHP<\/b><\/p>\n<p>Le 22 avril 2020, la CADHP avait en effet ordonn\u00e9 \u00e0 Abidjan de suspendre son mandat d\u2019arr\u00eat contre Soro et de remettre en libert\u00e9 19 de ses proches condamn\u00e9s le 23 juin. Mais les autorit\u00e9s ivoiriennes avaient estim\u00e9 que les d\u00e9cisions de la Cour africaine portaient \u00ab atteinte \u00e0 la souverainet\u00e9 de l\u2019\u00c9tat de C\u00f4te d\u2019Ivoire, \u00e0 l\u2019autorit\u00e9 et au fonctionnement de (sa) justice \u00bb. Le 23 juin, la cour d\u2019assises avait \u00e9galement ordonn\u00e9 la dissolution du mouvement de Guillaume Soro, G\u00e9n\u00e9rations et peuples solidaires (GPS), accus\u00e9 de se livrer \u00e0 \u00ab des actes subversifs \u00bb.<\/p>\n<p>En r\u00e9ponse, l\u2019\u00c9tat ivoirien s\u2019\u00e9tait retir\u00e9 du protocole de la CADHP. Une d\u00e9cision faisant suite \u00ab aux graves et intol\u00e9rables agissements que la CADHP s\u2019est autoris\u00e9e et qui, non seulement portent atteinte \u00e0 la souverainet\u00e9 de l\u2019\u00c9tat mais sont \u00e9galement de nature \u00e0 entra\u00eener une grave perturbation de l\u2019ordre juridique interne des \u00c9tats \u00bb, avait alors argu\u00e9 Sidi Ti\u00e9moko Tour\u00e9, porte-parole du gouvernement.<\/p>\n<p>Guillaume Soro, 49 ans, qui vit en exil, et ses coaccus\u00e9s \u00e9taient accus\u00e9s de \u00ab complot \u00bb, de \u00ab tentative d\u2019atteinte contre l\u2019autorit\u00e9 de l\u2019\u00c9tat \u00bb ainsi que de \u00ab diffusion et publication de nouvelles fausses jetant le discr\u00e9dit sur les institutions et leur fonctionnement, ayant entra\u00een\u00e9 une atteinte au moral des populations \u00bb.<\/p>\n<p>En avril 2020, Guillaume Soro avait d\u00e9j\u00e0 \u00e9t\u00e9 condamn\u00e9 \u00e0 20 ans de prison dans l\u2019affaire de la villa de Marcory R\u00e9sidentiel pour recel de d\u00e9tournement de deniers publics. Il avait tent\u00e9, selon la justice, de s\u2019approprier une r\u00e9sidence achet\u00e9e par l\u2019\u00c9tat pour le loger lorsqu\u2019il \u00e9tait Premier ministre. Cette condamnation avait justifi\u00e9 l\u2019invalidation de sa candidature \u00e0 la pr\u00e9sidentielle d\u2019octobre 2020.<\/p>\n<p><b>\u00a0<\/b><\/p>\n","protected":false},"excerpt":{"rendered":"<p>Africa-Press &#8211; C\u00f4te d&rsquo;Ivoire. Condamn\u00e9 par contumace pour \u00ab atteinte \u00e0 la s\u00fbret\u00e9 de l\u2019\u00c9tat \u00bb, l\u2019ancien Premier ministre ivoirien conteste le verdict et se tourne vers la justice internationale. \u00ab Nous avons introduit un recours en appel contre ce verdict et avons saisi des juridictions internationales, notamment la Cour africaine des droits de l\u2019homme [&hellip;]<\/p>\n","protected":false},"author":82,"featured_media":9611,"comment_status":"open","ping_status":"closed","sticky":false,"template":"","format":"standard","meta":{"footnotes":""},"categories":[11,2,20,10],"tags":[56,63,29],"class_list":["post-9612","post","type-post","status-publish","format-standard","has-post-thumbnail","hentry","category-homepage-french","category-politique","category-top-nouvelles","category-toutes-les-actualites","tag-africa-press","tag-africa-press-cote-divoire","tag-cote-divoire"],"yoast_head":"<!-- This site is optimized with the Yoast SEO Premium plugin v26.1 (Yoast SEO v27.0) - https:\/\/yoast.com\/product\/yoast-seo-premium-wordpress\/ -->\n<title>Guillaume Soro fait appel de sa condamnation \u00e0 la perp\u00e9tuit\u00e9 - C\u00f4te d&#039;Ivoire<\/title>\n<meta name=\"description\" content=\"Condamn\u00e9 par contumace pour \u00ab atteinte \u00e0 la s\u00fbret\u00e9 de l\u2019\u00c9tat \u00bb, l\u2019ancien Premier ministre ivoirien conteste le verdict e ...\" \/>\n<meta name=\"robots\" content=\"index, follow, max-snippet:-1, max-image-preview:large, max-video-preview:-1\" \/>\n<link rel=\"canonical\" href=\"https:\/\/www.africa-press.net\/cotedivoire\/politique\/cote-divoire-guillaume-soro-fait-appel-de-sa-condamnation-a-la-perpetuite\" \/>\n<meta property=\"og:locale\" content=\"fr_FR\" \/>\n<meta property=\"og:type\" content=\"article\" \/>\n<meta property=\"og:title\" content=\"Guillaume Soro fait appel de sa condamnation \u00e0 la perp\u00e9tuit\u00e9\" \/>\n<meta property=\"og:description\" content=\"Condamn\u00e9 par contumace pour \u00ab atteinte \u00e0 la s\u00fbret\u00e9 de l\u2019\u00c9tat \u00bb, l\u2019ancien Premier ministre ivoirien conteste le verdict e ...\" \/>\n<meta property=\"og:url\" content=\"https:\/\/www.africa-press.net\/cotedivoire\/politique\/cote-divoire-guillaume-soro-fait-appel-de-sa-condamnation-a-la-perpetuite\" \/>\n<meta property=\"og:site_name\" content=\"C\u00f4te d&#039;Ivoire\" \/>\n<meta property=\"article:published_time\" content=\"2021-07-01T17:47:29+00:00\" \/>\n<meta property=\"article:modified_time\" content=\"2021-07-01T20:47:38+00:00\" \/>\n<meta property=\"og:image\" content=\"https:\/\/static.africa-press.net\/cote\/sites\/43\/2021\/07\/img-60ddf510764d5.jpg\" \/>\n\t<meta property=\"og:image:width\" content=\"720\" \/>\n\t<meta property=\"og:image:height\" content=\"360\" \/>\n\t<meta property=\"og:image:type\" content=\"image\/jpeg\" \/>\n<meta name=\"author\" content=\"cfeditorfr\" \/>\n<meta name=\"twitter:card\" content=\"summary_large_image\" \/>\n<meta name=\"twitter:label1\" content=\"\u00c9crit par\" \/>\n\t<meta name=\"twitter:data1\" content=\"cfeditorfr\" \/>\n\t<meta name=\"twitter:label2\" content=\"Dur\u00e9e de lecture estim\u00e9e\" \/>\n\t<meta name=\"twitter:data2\" content=\"2 minutes\" \/>\n<script type=\"application\/ld+json\" class=\"yoast-schema-graph\">{\"@context\":\"https:\/\/schema.org\",\"@graph\":[{\"@type\":\"Article\",\"@id\":\"https:\/\/www.africa-press.net\/cotedivoire\/politique\/cote-divoire-guillaume-soro-fait-appel-de-sa-condamnation-a-la-perpetuite#article\",\"isPartOf\":{\"@id\":\"https:\/\/www.africa-press.net\/cotedivoire\/politique\/cote-divoire-guillaume-soro-fait-appel-de-sa-condamnation-a-la-perpetuite\"},\"author\":{\"name\":\"cfeditorfr\",\"@id\":\"https:\/\/www.africa-press.net\/cotedivoire\/#\/schema\/person\/2b1cf3cd81a31e3cd26889ca66d677f1\"},\"headline\":\"Guillaume Soro fait appel de sa condamnation \u00e0 la perp\u00e9tuit\u00e9\",\"datePublished\":\"2021-07-01T17:47:29+00:00\",\"dateModified\":\"2021-07-01T20:47:38+00:00\",\"mainEntityOfPage\":{\"@id\":\"https:\/\/www.africa-press.net\/cotedivoire\/politique\/cote-divoire-guillaume-soro-fait-appel-de-sa-condamnation-a-la-perpetuite\"},\"wordCount\":464,\"commentCount\":0,\"image\":{\"@id\":\"https:\/\/www.africa-press.net\/cotedivoire\/politique\/cote-divoire-guillaume-soro-fait-appel-de-sa-condamnation-a-la-perpetuite#primaryimage\"},\"thumbnailUrl\":\"https:\/\/static.africa-press.net\/cote\/sites\/43\/2021\/07\/img-60ddf510764d5.jpg\",\"keywords\":[\"Africa Press\",\"Africa Press-C\u00f4te d'Ivoire\",\"C\u00d4TE D'IVOIRE\"],\"articleSection\":[\"homepage-french\",\"Politique\",\"Top Nouvelles\",\"Toutes les actualit\u00e9s\"],\"inLanguage\":\"fr-FR\",\"potentialAction\":[{\"@type\":\"CommentAction\",\"name\":\"Comment\",\"target\":[\"https:\/\/www.africa-press.net\/cotedivoire\/politique\/cote-divoire-guillaume-soro-fait-appel-de-sa-condamnation-a-la-perpetuite#respond\"]}]},{\"@type\":\"WebPage\",\"@id\":\"https:\/\/www.africa-press.net\/cotedivoire\/politique\/cote-divoire-guillaume-soro-fait-appel-de-sa-condamnation-a-la-perpetuite\",\"url\":\"https:\/\/www.africa-press.net\/cotedivoire\/politique\/cote-divoire-guillaume-soro-fait-appel-de-sa-condamnation-a-la-perpetuite\",\"name\":\"Guillaume Soro fait appel de sa condamnation \u00e0 la perp\u00e9tuit\u00e9 - C\u00f4te d&#039;Ivoire\",\"isPartOf\":{\"@id\":\"https:\/\/www.africa-press.net\/cotedivoire\/#website\"},\"primaryImageOfPage\":{\"@id\":\"https:\/\/www.africa-press.net\/cotedivoire\/politique\/cote-divoire-guillaume-soro-fait-appel-de-sa-condamnation-a-la-perpetuite#primaryimage\"},\"image\":{\"@id\":\"https:\/\/www.africa-press.net\/cotedivoire\/politique\/cote-divoire-guillaume-soro-fait-appel-de-sa-condamnation-a-la-perpetuite#primaryimage\"},\"thumbnailUrl\":\"https:\/\/static.africa-press.net\/cote\/sites\/43\/2021\/07\/img-60ddf510764d5.jpg\",\"datePublished\":\"2021-07-01T17:47:29+00:00\",\"dateModified\":\"2021-07-01T20:47:38+00:00\",\"author\":{\"@id\":\"https:\/\/www.africa-press.net\/cotedivoire\/#\/schema\/person\/2b1cf3cd81a31e3cd26889ca66d677f1\"},\"description\":\"Condamn\u00e9 par contumace pour \u00ab atteinte \u00e0 la s\u00fbret\u00e9 de l\u2019\u00c9tat \u00bb, l\u2019ancien Premier ministre ivoirien conteste le verdict e ...\",\"breadcrumb\":{\"@id\":\"https:\/\/www.africa-press.net\/cotedivoire\/politique\/cote-divoire-guillaume-soro-fait-appel-de-sa-condamnation-a-la-perpetuite#breadcrumb\"},\"inLanguage\":\"fr-FR\",\"potentialAction\":[{\"@type\":\"ReadAction\",\"target\":[\"https:\/\/www.africa-press.net\/cotedivoire\/politique\/cote-divoire-guillaume-soro-fait-appel-de-sa-condamnation-a-la-perpetuite\"]}]},{\"@type\":\"ImageObject\",\"inLanguage\":\"fr-FR\",\"@id\":\"https:\/\/www.africa-press.net\/cotedivoire\/politique\/cote-divoire-guillaume-soro-fait-appel-de-sa-condamnation-a-la-perpetuite#primaryimage\",\"url\":\"https:\/\/static.africa-press.net\/cote\/sites\/43\/2021\/07\/img-60ddf510764d5.jpg\",\"contentUrl\":\"https:\/\/static.africa-press.net\/cote\/sites\/43\/2021\/07\/img-60ddf510764d5.jpg\",\"width\":720,\"height\":360,\"caption\":\"C\u00f4te d\u2019Ivoire : Guillaume Soro fait appel de sa condamnation \u00e0 la perp\u00e9tuit\u00e9\"},{\"@type\":\"BreadcrumbList\",\"@id\":\"https:\/\/www.africa-press.net\/cotedivoire\/politique\/cote-divoire-guillaume-soro-fait-appel-de-sa-condamnation-a-la-perpetuite#breadcrumb\",\"itemListElement\":[{\"@type\":\"ListItem\",\"position\":1,\"name\":\"Accueil\",\"item\":\"https:\/\/www.africa-press.net\/cotedivoire\/\"},{\"@type\":\"ListItem\",\"position\":2,\"name\":\"Guillaume Soro fait appel de sa condamnation \u00e0 la perp\u00e9tuit\u00e9\"}]},{\"@type\":\"WebSite\",\"@id\":\"https:\/\/www.africa-press.net\/cotedivoire\/#website\",\"url\":\"https:\/\/www.africa-press.net\/cotedivoire\/\",\"name\":\"C\u00f4te d&#039;Ivoire\",\"description\":\"Just another Africa News Agency Sites site\",\"potentialAction\":[{\"@type\":\"SearchAction\",\"target\":{\"@type\":\"EntryPoint\",\"urlTemplate\":\"https:\/\/www.africa-press.net\/cotedivoire\/?s={search_term_string}\"},\"query-input\":{\"@type\":\"PropertyValueSpecification\",\"valueRequired\":true,\"valueName\":\"search_term_string\"}}],\"inLanguage\":\"fr-FR\"},{\"@type\":\"Person\",\"@id\":\"https:\/\/www.africa-press.net\/cotedivoire\/#\/schema\/person\/2b1cf3cd81a31e3cd26889ca66d677f1\",\"name\":\"cfeditorfr\"}]}<\/script>\n<!-- \/ Yoast SEO Premium plugin. -->","yoast_head_json":{"title":"Guillaume Soro fait appel de sa condamnation \u00e0 la perp\u00e9tuit\u00e9 - C\u00f4te d&#039;Ivoire","description":"Condamn\u00e9 par contumace pour \u00ab atteinte \u00e0 la s\u00fbret\u00e9 de l\u2019\u00c9tat \u00bb, l\u2019ancien Premier ministre ivoirien conteste le verdict e ...","robots":{"index":"index","follow":"follow","max-snippet":"max-snippet:-1","max-image-preview":"max-image-preview:large","max-video-preview":"max-video-preview:-1"},"canonical":"https:\/\/www.africa-press.net\/cotedivoire\/politique\/cote-divoire-guillaume-soro-fait-appel-de-sa-condamnation-a-la-perpetuite","og_locale":"fr_FR","og_type":"article","og_title":"Guillaume Soro fait appel de sa condamnation \u00e0 la perp\u00e9tuit\u00e9","og_description":"Condamn\u00e9 par contumace pour \u00ab atteinte \u00e0 la s\u00fbret\u00e9 de l\u2019\u00c9tat \u00bb, l\u2019ancien Premier ministre ivoirien conteste le verdict e ...","og_url":"https:\/\/www.africa-press.net\/cotedivoire\/politique\/cote-divoire-guillaume-soro-fait-appel-de-sa-condamnation-a-la-perpetuite","og_site_name":"C\u00f4te d&#039;Ivoire","article_published_time":"2021-07-01T17:47:29+00:00","article_modified_time":"2021-07-01T20:47:38+00:00","og_image":[{"width":720,"height":360,"url":"https:\/\/static.africa-press.net\/cote\/sites\/43\/2021\/07\/img-60ddf510764d5.jpg","type":"image\/jpeg"}],"author":"cfeditorfr","twitter_card":"summary_large_image","twitter_misc":{"\u00c9crit par":"cfeditorfr","Dur\u00e9e de lecture estim\u00e9e":"2 minutes"},"schema":{"@context":"https:\/\/schema.org","@graph":[{"@type":"Article","@id":"https:\/\/www.africa-press.net\/cotedivoire\/politique\/cote-divoire-guillaume-soro-fait-appel-de-sa-condamnation-a-la-perpetuite#article","isPartOf":{"@id":"https:\/\/www.africa-press.net\/cotedivoire\/politique\/cote-divoire-guillaume-soro-fait-appel-de-sa-condamnation-a-la-perpetuite"},"author":{"name":"cfeditorfr","@id":"https:\/\/www.africa-press.net\/cotedivoire\/#\/schema\/person\/2b1cf3cd81a31e3cd26889ca66d677f1"},"headline":"Guillaume Soro fait appel de sa condamnation \u00e0 la perp\u00e9tuit\u00e9","datePublished":"2021-07-01T17:47:29+00:00","dateModified":"2021-07-01T20:47:38+00:00","mainEntityOfPage":{"@id":"https:\/\/www.africa-press.net\/cotedivoire\/politique\/cote-divoire-guillaume-soro-fait-appel-de-sa-condamnation-a-la-perpetuite"},"wordCount":464,"commentCount":0,"image":{"@id":"https:\/\/www.africa-press.net\/cotedivoire\/politique\/cote-divoire-guillaume-soro-fait-appel-de-sa-condamnation-a-la-perpetuite#primaryimage"},"thumbnailUrl":"https:\/\/static.africa-press.net\/cote\/sites\/43\/2021\/07\/img-60ddf510764d5.jpg","keywords":["Africa Press","Africa Press-C\u00f4te d'Ivoire","C\u00d4TE D'IVOIRE"],"articleSection":["homepage-french","Politique","Top Nouvelles","Toutes les actualit\u00e9s"],"inLanguage":"fr-FR","potentialAction":[{"@type":"CommentAction","name":"Comment","target":["https:\/\/www.africa-press.net\/cotedivoire\/politique\/cote-divoire-guillaume-soro-fait-appel-de-sa-condamnation-a-la-perpetuite#respond"]}]},{"@type":"WebPage","@id":"https:\/\/www.africa-press.net\/cotedivoire\/politique\/cote-divoire-guillaume-soro-fait-appel-de-sa-condamnation-a-la-perpetuite","url":"https:\/\/www.africa-press.net\/cotedivoire\/politique\/cote-divoire-guillaume-soro-fait-appel-de-sa-condamnation-a-la-perpetuite","name":"Guillaume Soro fait appel de sa condamnation \u00e0 la perp\u00e9tuit\u00e9 - C\u00f4te d&#039;Ivoire","isPartOf":{"@id":"https:\/\/www.africa-press.net\/cotedivoire\/#website"},"primaryImageOfPage":{"@id":"https:\/\/www.africa-press.net\/cotedivoire\/politique\/cote-divoire-guillaume-soro-fait-appel-de-sa-condamnation-a-la-perpetuite#primaryimage"},"image":{"@id":"https:\/\/www.africa-press.net\/cotedivoire\/politique\/cote-divoire-guillaume-soro-fait-appel-de-sa-condamnation-a-la-perpetuite#primaryimage"},"thumbnailUrl":"https:\/\/static.africa-press.net\/cote\/sites\/43\/2021\/07\/img-60ddf510764d5.jpg","datePublished":"2021-07-01T17:47:29+00:00","dateModified":"2021-07-01T20:47:38+00:00","author":{"@id":"https:\/\/www.africa-press.net\/cotedivoire\/#\/schema\/person\/2b1cf3cd81a31e3cd26889ca66d677f1"},"description":"Condamn\u00e9 par contumace pour \u00ab atteinte \u00e0 la s\u00fbret\u00e9 de l\u2019\u00c9tat \u00bb, l\u2019ancien Premier ministre ivoirien conteste le verdict e ...","breadcrumb":{"@id":"https:\/\/www.africa-press.net\/cotedivoire\/politique\/cote-divoire-guillaume-soro-fait-appel-de-sa-condamnation-a-la-perpetuite#breadcrumb"},"inLanguage":"fr-FR","potentialAction":[{"@type":"ReadAction","target":["https:\/\/www.africa-press.net\/cotedivoire\/politique\/cote-divoire-guillaume-soro-fait-appel-de-sa-condamnation-a-la-perpetuite"]}]},{"@type":"ImageObject","inLanguage":"fr-FR","@id":"https:\/\/www.africa-press.net\/cotedivoire\/politique\/cote-divoire-guillaume-soro-fait-appel-de-sa-condamnation-a-la-perpetuite#primaryimage","url":"https:\/\/static.africa-press.net\/cote\/sites\/43\/2021\/07\/img-60ddf510764d5.jpg","contentUrl":"https:\/\/static.africa-press.net\/cote\/sites\/43\/2021\/07\/img-60ddf510764d5.jpg","width":720,"height":360,"caption":"C\u00f4te d\u2019Ivoire : Guillaume Soro fait appel de sa condamnation \u00e0 la perp\u00e9tuit\u00e9"},{"@type":"BreadcrumbList","@id":"https:\/\/www.africa-press.net\/cotedivoire\/politique\/cote-divoire-guillaume-soro-fait-appel-de-sa-condamnation-a-la-perpetuite#breadcrumb","itemListElement":[{"@type":"ListItem","position":1,"name":"Accueil","item":"https:\/\/www.africa-press.net\/cotedivoire\/"},{"@type":"ListItem","position":2,"name":"Guillaume Soro fait appel de sa condamnation \u00e0 la perp\u00e9tuit\u00e9"}]},{"@type":"WebSite","@id":"https:\/\/www.africa-press.net\/cotedivoire\/#website","url":"https:\/\/www.africa-press.net\/cotedivoire\/","name":"C\u00f4te d&#039;Ivoire","description":"Just another Africa News Agency Sites site","potentialAction":[{"@type":"SearchAction","target":{"@type":"EntryPoint","urlTemplate":"https:\/\/www.africa-press.net\/cotedivoire\/?s={search_term_string}"},"query-input":{"@type":"PropertyValueSpecification","valueRequired":true,"valueName":"search_term_string"}}],"inLanguage":"fr-FR"},{"@type":"Person","@id":"https:\/\/www.africa-press.net\/cotedivoire\/#\/schema\/person\/2b1cf3cd81a31e3cd26889ca66d677f1","name":"cfeditorfr"}]}},"_links":{"self":[{"href":"https:\/\/www.africa-press.net\/cotedivoire\/wp-json\/wp\/v2\/posts\/9612","targetHints":{"allow":["GET"]}}],"collection":[{"href":"https:\/\/www.africa-press.net\/cotedivoire\/wp-json\/wp\/v2\/posts"}],"about":[{"href":"https:\/\/www.africa-press.net\/cotedivoire\/wp-json\/wp\/v2\/types\/post"}],"author":[{"embeddable":true,"href":"https:\/\/www.africa-press.net\/cotedivoire\/wp-json\/wp\/v2\/users\/82"}],"replies":[{"embeddable":true,"href":"https:\/\/www.africa-press.net\/cotedivoire\/wp-json\/wp\/v2\/comments?post=9612"}],"version-history":[{"count":0,"href":"https:\/\/www.africa-press.net\/cotedivoire\/wp-json\/wp\/v2\/posts\/9612\/revisions"}],"wp:featuredmedia":[{"embeddable":true,"href":"https:\/\/www.africa-press.net\/cotedivoire\/wp-json\/wp\/v2\/media\/9611"}],"wp:attachment":[{"href":"https:\/\/www.africa-press.net\/cotedivoire\/wp-json\/wp\/v2\/media?parent=9612"}],"wp:term":[{"taxonomy":"category","embeddable":true,"href":"https:\/\/www.africa-press.net\/cotedivoire\/wp-json\/wp\/v2\/categories?post=9612"},{"taxonomy":"post_tag","embeddable":true,"href":"https:\/\/www.africa-press.net\/cotedivoire\/wp-json\/wp\/v2\/tags?post=9612"}],"curies":[{"name":"wp","href":"https:\/\/api.w.org\/{rel}","templated":true}]}}