{"id":9625,"date":"2021-07-02T17:13:57","date_gmt":"2021-07-02T17:13:57","guid":{"rendered":"https:\/\/www.africa-press.net\/cotedivoire\/?p=9625"},"modified":"2021-07-03T05:14:12","modified_gmt":"2021-07-03T05:14:12","slug":"cote-divoire-charles-ble-goude-passager-en-attente-dun-retour-en-politique","status":"publish","type":"post","link":"https:\/\/www.africa-press.net\/cotedivoire\/dossiers\/cote-divoire-charles-ble-goude-passager-en-attente-dun-retour-en-politique","title":{"rendered":"Charles Bl\u00e9 Goud\u00e9, passager en attente d\u2019un retour en politique"},"content":{"rendered":"<p><span style=\"color: #ff6600\"><strong><a href=\"https:\/\/www.africa-press.net\/\">Africa-Press<\/a> &#8211; <a href=\"https:\/\/www.africa-press.net\/cotedivoire\">C\u00f4te d&rsquo;Ivoire<\/a>. <\/strong><\/span>Son r\u00e9cit a quelque chose d\u2019une fable appliqu\u00e9e \u00e0 l\u2019histoire politique de la C\u00f4te d\u2019Ivoire. Celle d\u2019un chasseur qui jure s\u2019\u00eatre transform\u00e9 en berger. Charles Bl\u00e9 Goud\u00e9 le dit et le redit, au point d\u2019en faire l\u2019\u00e9l\u00e9ment central de son propos : il a chang\u00e9. Depuis son double acquittement par la Cour p\u00e9nale internationale (CPI), en premi\u00e8re instance le 15 janvier 2019 puis en appel le 31 mars au c\u00f4t\u00e9 de son \u00ab mentor \u00bb Laurent Gbagbo, le chef des Jeunes patriotes mart\u00e8le que les dix derni\u00e8res ann\u00e9es ont fait de lui un homme nouveau. Ou presque.<\/p>\n<p>Comme il en a toujours \u00e9t\u00e9 avec lui, chaque phrase, formule ou r\u00e9f\u00e9rence est choisie, soupes\u00e9e, exprim\u00e9e avec cette scansion si particuli\u00e8re qui appuie sur chaque syllabe. Charles Bl\u00e9 Goud\u00e9 manie le verbe avec ce talent pr\u00e9cieux et dangereux des tribuns capables d\u2019\u00e9lectriser une foule d\u2019un mot, d\u2019un non-dit ou d\u2019un sous-entendu.<\/p>\n<p>Mais aujourd\u2019hui, \u00e0 49 ans, le dernier ministre de la jeunesse de Laurent Gbagbo entend se laver de sa r\u00e9putation sulfureuse, de son image de chef de milice et d\u2019extr\u00e9miste va-t-en guerre, comme la CPI l\u2019a lav\u00e9 des accusations de crimes de guerre et de crimes contre l\u2019humanit\u00e9 commis durant la crise post\u00e9lectorale de 2010-2011. Avec l\u2019ardeur de ceux qui peuvent s\u2019imaginer un avenir apr\u00e8s avoir surv\u00e9cu \u00e0 une d\u00e9faite militaire puis \u00e0 des poursuites de la justice internationale, Charles Bl\u00e9 Goud\u00e9 fait tout pour appara\u00eetre comme un responsable qui rassemble les Ivoiriens. Un pr\u00e9sidentiable, en somme, \u00e0 qui \u00ab la crise a bouff\u00e9 vingt ans de [s]a vie \u00bb.<\/p>\n<p><b>\u00ab Je veux servir d\u2019aiguille \u00bb<\/b><\/p>\n<p>La petite casquette noire du \u00ab g\u00e9n\u00e9ral de la jeunesse \u00bb a donc \u00e9t\u00e9 remis\u00e9e pour laisser d\u00e9sormais \u00e9merger de son cr\u00e2ne chauve quelques cheveux blancs, telle la marque d\u2019une sagesse qu\u2019il aurait acquise derri\u00e8re les barreaux. \u00ab La prison n\u2019est pas qu\u2019un lieu d\u2019emprisonnement, c\u2019est aussi un lieu d\u2019enseignement \u00bb, dit-il, paraphrasant \u00e0 dessein Nelson Mandela. \u00ab Mes deux ans d\u2019exil cach\u00e9 au Ghana, mes quatorze mois de d\u00e9tention \u00e0 la DST [la Direction de surveillance du territoire, \u00e0 Abidjan] puis mes sept ann\u00e9es \u00e0 la CPI m\u2019ont permis de r\u00e9fl\u00e9chir et de faire le bilan. \u00bb Quel est-il pour celui que ses d\u00e9tracteurs pr\u00e9sentent comme un incendiaire et les siens comme le premier artisan de \u00ab la r\u00e9sistance aux mains nues \u00bb pour la d\u00e9fense des institutions en g\u00e9n\u00e9ral, de Laurent Gbagbo en particulier ?<\/p>\n<p><b>Il vous reste 58.92% de cet article \u00e0 lire. La suite est r\u00e9serv\u00e9e aux abonn\u00e9s.<\/b><\/p>\n","protected":false},"excerpt":{"rendered":"<p>Africa-Press &#8211; C\u00f4te d&rsquo;Ivoire. Son r\u00e9cit a quelque chose d\u2019une fable appliqu\u00e9e \u00e0 l\u2019histoire politique de la C\u00f4te d\u2019Ivoire. Celle d\u2019un chasseur qui jure s\u2019\u00eatre transform\u00e9 en berger. Charles Bl\u00e9 Goud\u00e9 le dit et le redit, au point d\u2019en faire l\u2019\u00e9l\u00e9ment central de son propos : il a chang\u00e9. Depuis son double acquittement par la [&hellip;]<\/p>\n","protected":false},"author":82,"featured_media":9624,"comment_status":"open","ping_status":"closed","sticky":false,"template":"","format":"standard","meta":{"footnotes":""},"categories":[7,11,10],"tags":[56,63,29],"class_list":["post-9625","post","type-post","status-publish","format-standard","has-post-thumbnail","hentry","category-dossiers","category-homepage-french","category-toutes-les-actualites","tag-africa-press","tag-africa-press-cote-divoire","tag-cote-divoire"],"yoast_head":"<!-- This site is optimized with the Yoast SEO Premium plugin v26.1 (Yoast SEO v27.0) - https:\/\/yoast.com\/product\/yoast-seo-premium-wordpress\/ -->\n<title>Charles Bl\u00e9 Goud\u00e9, passager en attente d\u2019un retour en politique - C\u00f4te d&#039;Ivoire<\/title>\n<meta name=\"description\" content=\"Son r\u00e9cit a quelque chose d\u2019une fable appliqu\u00e9e \u00e0 l\u2019histoire politique de la C\u00f4te d\u2019Ivoire. Celle d\u2019un chasseur qui jure ...\" \/>\n<meta name=\"robots\" content=\"index, follow, max-snippet:-1, max-image-preview:large, max-video-preview:-1\" \/>\n<link rel=\"canonical\" href=\"https:\/\/www.africa-press.net\/cotedivoire\/dossiers\/cote-divoire-charles-ble-goude-passager-en-attente-dun-retour-en-politique\" \/>\n<meta property=\"og:locale\" content=\"fr_FR\" \/>\n<meta property=\"og:type\" content=\"article\" \/>\n<meta property=\"og:title\" content=\"Charles Bl\u00e9 Goud\u00e9, passager en attente d\u2019un retour en politique\" \/>\n<meta property=\"og:description\" content=\"Son r\u00e9cit a quelque chose d\u2019une fable appliqu\u00e9e \u00e0 l\u2019histoire politique de la C\u00f4te d\u2019Ivoire. Celle d\u2019un chasseur qui jure ...\" \/>\n<meta property=\"og:url\" content=\"https:\/\/www.africa-press.net\/cotedivoire\/dossiers\/cote-divoire-charles-ble-goude-passager-en-attente-dun-retour-en-politique\" \/>\n<meta property=\"og:site_name\" content=\"C\u00f4te d&#039;Ivoire\" \/>\n<meta property=\"article:published_time\" content=\"2021-07-02T17:13:57+00:00\" \/>\n<meta property=\"article:modified_time\" content=\"2021-07-03T05:14:12+00:00\" \/>\n<meta property=\"og:image\" content=\"https:\/\/static.africa-press.net\/cote\/sites\/43\/2021\/07\/img-60df489193ee3.jpg\" \/>\n\t<meta property=\"og:image:width\" content=\"1440\" \/>\n\t<meta property=\"og:image:height\" content=\"720\" \/>\n\t<meta property=\"og:image:type\" content=\"image\/jpeg\" \/>\n<meta name=\"author\" content=\"cfeditorfr\" \/>\n<meta name=\"twitter:card\" content=\"summary_large_image\" \/>\n<meta name=\"twitter:label1\" content=\"\u00c9crit par\" \/>\n\t<meta name=\"twitter:data1\" content=\"cfeditorfr\" \/>\n\t<meta name=\"twitter:label2\" content=\"Dur\u00e9e de lecture estim\u00e9e\" \/>\n\t<meta name=\"twitter:data2\" content=\"2 minutes\" \/>\n<script type=\"application\/ld+json\" class=\"yoast-schema-graph\">{\"@context\":\"https:\/\/schema.org\",\"@graph\":[{\"@type\":\"Article\",\"@id\":\"https:\/\/www.africa-press.net\/cotedivoire\/dossiers\/cote-divoire-charles-ble-goude-passager-en-attente-dun-retour-en-politique#article\",\"isPartOf\":{\"@id\":\"https:\/\/www.africa-press.net\/cotedivoire\/dossiers\/cote-divoire-charles-ble-goude-passager-en-attente-dun-retour-en-politique\"},\"author\":{\"name\":\"cfeditorfr\",\"@id\":\"https:\/\/www.africa-press.net\/cotedivoire\/#\/schema\/person\/2b1cf3cd81a31e3cd26889ca66d677f1\"},\"headline\":\"Charles Bl\u00e9 Goud\u00e9, passager en attente d\u2019un retour en politique\",\"datePublished\":\"2021-07-02T17:13:57+00:00\",\"dateModified\":\"2021-07-03T05:14:12+00:00\",\"mainEntityOfPage\":{\"@id\":\"https:\/\/www.africa-press.net\/cotedivoire\/dossiers\/cote-divoire-charles-ble-goude-passager-en-attente-dun-retour-en-politique\"},\"wordCount\":474,\"commentCount\":0,\"image\":{\"@id\":\"https:\/\/www.africa-press.net\/cotedivoire\/dossiers\/cote-divoire-charles-ble-goude-passager-en-attente-dun-retour-en-politique#primaryimage\"},\"thumbnailUrl\":\"https:\/\/static.africa-press.net\/cote\/sites\/43\/2021\/07\/img-60df489193ee3.jpg\",\"keywords\":[\"Africa Press\",\"Africa Press-C\u00f4te d'Ivoire\",\"C\u00d4TE D'IVOIRE\"],\"articleSection\":[\"Dossiers\",\"homepage-french\",\"Toutes les actualit\u00e9s\"],\"inLanguage\":\"fr-FR\",\"potentialAction\":[{\"@type\":\"CommentAction\",\"name\":\"Comment\",\"target\":[\"https:\/\/www.africa-press.net\/cotedivoire\/dossiers\/cote-divoire-charles-ble-goude-passager-en-attente-dun-retour-en-politique#respond\"]}]},{\"@type\":\"WebPage\",\"@id\":\"https:\/\/www.africa-press.net\/cotedivoire\/dossiers\/cote-divoire-charles-ble-goude-passager-en-attente-dun-retour-en-politique\",\"url\":\"https:\/\/www.africa-press.net\/cotedivoire\/dossiers\/cote-divoire-charles-ble-goude-passager-en-attente-dun-retour-en-politique\",\"name\":\"Charles Bl\u00e9 Goud\u00e9, passager en attente d\u2019un retour en politique - C\u00f4te d&#039;Ivoire\",\"isPartOf\":{\"@id\":\"https:\/\/www.africa-press.net\/cotedivoire\/#website\"},\"primaryImageOfPage\":{\"@id\":\"https:\/\/www.africa-press.net\/cotedivoire\/dossiers\/cote-divoire-charles-ble-goude-passager-en-attente-dun-retour-en-politique#primaryimage\"},\"image\":{\"@id\":\"https:\/\/www.africa-press.net\/cotedivoire\/dossiers\/cote-divoire-charles-ble-goude-passager-en-attente-dun-retour-en-politique#primaryimage\"},\"thumbnailUrl\":\"https:\/\/static.africa-press.net\/cote\/sites\/43\/2021\/07\/img-60df489193ee3.jpg\",\"datePublished\":\"2021-07-02T17:13:57+00:00\",\"dateModified\":\"2021-07-03T05:14:12+00:00\",\"author\":{\"@id\":\"https:\/\/www.africa-press.net\/cotedivoire\/#\/schema\/person\/2b1cf3cd81a31e3cd26889ca66d677f1\"},\"description\":\"Son r\u00e9cit a quelque chose d\u2019une fable appliqu\u00e9e \u00e0 l\u2019histoire politique de la C\u00f4te d\u2019Ivoire. Celle d\u2019un chasseur qui jure ...\",\"breadcrumb\":{\"@id\":\"https:\/\/www.africa-press.net\/cotedivoire\/dossiers\/cote-divoire-charles-ble-goude-passager-en-attente-dun-retour-en-politique#breadcrumb\"},\"inLanguage\":\"fr-FR\",\"potentialAction\":[{\"@type\":\"ReadAction\",\"target\":[\"https:\/\/www.africa-press.net\/cotedivoire\/dossiers\/cote-divoire-charles-ble-goude-passager-en-attente-dun-retour-en-politique\"]}]},{\"@type\":\"ImageObject\",\"inLanguage\":\"fr-FR\",\"@id\":\"https:\/\/www.africa-press.net\/cotedivoire\/dossiers\/cote-divoire-charles-ble-goude-passager-en-attente-dun-retour-en-politique#primaryimage\",\"url\":\"https:\/\/static.africa-press.net\/cote\/sites\/43\/2021\/07\/img-60df489193ee3.jpg\",\"contentUrl\":\"https:\/\/static.africa-press.net\/cote\/sites\/43\/2021\/07\/img-60df489193ee3.jpg\",\"width\":1440,\"height\":720,\"caption\":\"C\u00f4te d\u2019Ivoire : Charles Bl\u00e9 Goud\u00e9, passager en attente d\u2019un retour en politique\"},{\"@type\":\"BreadcrumbList\",\"@id\":\"https:\/\/www.africa-press.net\/cotedivoire\/dossiers\/cote-divoire-charles-ble-goude-passager-en-attente-dun-retour-en-politique#breadcrumb\",\"itemListElement\":[{\"@type\":\"ListItem\",\"position\":1,\"name\":\"Accueil\",\"item\":\"https:\/\/www.africa-press.net\/cotedivoire\/\"},{\"@type\":\"ListItem\",\"position\":2,\"name\":\"Charles Bl\u00e9 Goud\u00e9, passager en attente d\u2019un retour en politique\"}]},{\"@type\":\"WebSite\",\"@id\":\"https:\/\/www.africa-press.net\/cotedivoire\/#website\",\"url\":\"https:\/\/www.africa-press.net\/cotedivoire\/\",\"name\":\"C\u00f4te d&#039;Ivoire\",\"description\":\"Just another Africa News Agency Sites site\",\"potentialAction\":[{\"@type\":\"SearchAction\",\"target\":{\"@type\":\"EntryPoint\",\"urlTemplate\":\"https:\/\/www.africa-press.net\/cotedivoire\/?s={search_term_string}\"},\"query-input\":{\"@type\":\"PropertyValueSpecification\",\"valueRequired\":true,\"valueName\":\"search_term_string\"}}],\"inLanguage\":\"fr-FR\"},{\"@type\":\"Person\",\"@id\":\"https:\/\/www.africa-press.net\/cotedivoire\/#\/schema\/person\/2b1cf3cd81a31e3cd26889ca66d677f1\",\"name\":\"cfeditorfr\"}]}<\/script>\n<!-- \/ Yoast SEO Premium plugin. -->","yoast_head_json":{"title":"Charles Bl\u00e9 Goud\u00e9, passager en attente d\u2019un retour en politique - C\u00f4te d&#039;Ivoire","description":"Son r\u00e9cit a quelque chose d\u2019une fable appliqu\u00e9e \u00e0 l\u2019histoire politique de la C\u00f4te d\u2019Ivoire. Celle d\u2019un chasseur qui jure ...","robots":{"index":"index","follow":"follow","max-snippet":"max-snippet:-1","max-image-preview":"max-image-preview:large","max-video-preview":"max-video-preview:-1"},"canonical":"https:\/\/www.africa-press.net\/cotedivoire\/dossiers\/cote-divoire-charles-ble-goude-passager-en-attente-dun-retour-en-politique","og_locale":"fr_FR","og_type":"article","og_title":"Charles Bl\u00e9 Goud\u00e9, passager en attente d\u2019un retour en politique","og_description":"Son r\u00e9cit a quelque chose d\u2019une fable appliqu\u00e9e \u00e0 l\u2019histoire politique de la C\u00f4te d\u2019Ivoire. Celle d\u2019un chasseur qui jure ...","og_url":"https:\/\/www.africa-press.net\/cotedivoire\/dossiers\/cote-divoire-charles-ble-goude-passager-en-attente-dun-retour-en-politique","og_site_name":"C\u00f4te d&#039;Ivoire","article_published_time":"2021-07-02T17:13:57+00:00","article_modified_time":"2021-07-03T05:14:12+00:00","og_image":[{"width":1440,"height":720,"url":"https:\/\/static.africa-press.net\/cote\/sites\/43\/2021\/07\/img-60df489193ee3.jpg","type":"image\/jpeg"}],"author":"cfeditorfr","twitter_card":"summary_large_image","twitter_misc":{"\u00c9crit par":"cfeditorfr","Dur\u00e9e de lecture estim\u00e9e":"2 minutes"},"schema":{"@context":"https:\/\/schema.org","@graph":[{"@type":"Article","@id":"https:\/\/www.africa-press.net\/cotedivoire\/dossiers\/cote-divoire-charles-ble-goude-passager-en-attente-dun-retour-en-politique#article","isPartOf":{"@id":"https:\/\/www.africa-press.net\/cotedivoire\/dossiers\/cote-divoire-charles-ble-goude-passager-en-attente-dun-retour-en-politique"},"author":{"name":"cfeditorfr","@id":"https:\/\/www.africa-press.net\/cotedivoire\/#\/schema\/person\/2b1cf3cd81a31e3cd26889ca66d677f1"},"headline":"Charles Bl\u00e9 Goud\u00e9, passager en attente d\u2019un retour en politique","datePublished":"2021-07-02T17:13:57+00:00","dateModified":"2021-07-03T05:14:12+00:00","mainEntityOfPage":{"@id":"https:\/\/www.africa-press.net\/cotedivoire\/dossiers\/cote-divoire-charles-ble-goude-passager-en-attente-dun-retour-en-politique"},"wordCount":474,"commentCount":0,"image":{"@id":"https:\/\/www.africa-press.net\/cotedivoire\/dossiers\/cote-divoire-charles-ble-goude-passager-en-attente-dun-retour-en-politique#primaryimage"},"thumbnailUrl":"https:\/\/static.africa-press.net\/cote\/sites\/43\/2021\/07\/img-60df489193ee3.jpg","keywords":["Africa Press","Africa Press-C\u00f4te d'Ivoire","C\u00d4TE D'IVOIRE"],"articleSection":["Dossiers","homepage-french","Toutes les actualit\u00e9s"],"inLanguage":"fr-FR","potentialAction":[{"@type":"CommentAction","name":"Comment","target":["https:\/\/www.africa-press.net\/cotedivoire\/dossiers\/cote-divoire-charles-ble-goude-passager-en-attente-dun-retour-en-politique#respond"]}]},{"@type":"WebPage","@id":"https:\/\/www.africa-press.net\/cotedivoire\/dossiers\/cote-divoire-charles-ble-goude-passager-en-attente-dun-retour-en-politique","url":"https:\/\/www.africa-press.net\/cotedivoire\/dossiers\/cote-divoire-charles-ble-goude-passager-en-attente-dun-retour-en-politique","name":"Charles Bl\u00e9 Goud\u00e9, passager en attente d\u2019un retour en politique - C\u00f4te d&#039;Ivoire","isPartOf":{"@id":"https:\/\/www.africa-press.net\/cotedivoire\/#website"},"primaryImageOfPage":{"@id":"https:\/\/www.africa-press.net\/cotedivoire\/dossiers\/cote-divoire-charles-ble-goude-passager-en-attente-dun-retour-en-politique#primaryimage"},"image":{"@id":"https:\/\/www.africa-press.net\/cotedivoire\/dossiers\/cote-divoire-charles-ble-goude-passager-en-attente-dun-retour-en-politique#primaryimage"},"thumbnailUrl":"https:\/\/static.africa-press.net\/cote\/sites\/43\/2021\/07\/img-60df489193ee3.jpg","datePublished":"2021-07-02T17:13:57+00:00","dateModified":"2021-07-03T05:14:12+00:00","author":{"@id":"https:\/\/www.africa-press.net\/cotedivoire\/#\/schema\/person\/2b1cf3cd81a31e3cd26889ca66d677f1"},"description":"Son r\u00e9cit a quelque chose d\u2019une fable appliqu\u00e9e \u00e0 l\u2019histoire politique de la C\u00f4te d\u2019Ivoire. Celle d\u2019un chasseur qui jure ...","breadcrumb":{"@id":"https:\/\/www.africa-press.net\/cotedivoire\/dossiers\/cote-divoire-charles-ble-goude-passager-en-attente-dun-retour-en-politique#breadcrumb"},"inLanguage":"fr-FR","potentialAction":[{"@type":"ReadAction","target":["https:\/\/www.africa-press.net\/cotedivoire\/dossiers\/cote-divoire-charles-ble-goude-passager-en-attente-dun-retour-en-politique"]}]},{"@type":"ImageObject","inLanguage":"fr-FR","@id":"https:\/\/www.africa-press.net\/cotedivoire\/dossiers\/cote-divoire-charles-ble-goude-passager-en-attente-dun-retour-en-politique#primaryimage","url":"https:\/\/static.africa-press.net\/cote\/sites\/43\/2021\/07\/img-60df489193ee3.jpg","contentUrl":"https:\/\/static.africa-press.net\/cote\/sites\/43\/2021\/07\/img-60df489193ee3.jpg","width":1440,"height":720,"caption":"C\u00f4te d\u2019Ivoire : Charles Bl\u00e9 Goud\u00e9, passager en attente d\u2019un retour en politique"},{"@type":"BreadcrumbList","@id":"https:\/\/www.africa-press.net\/cotedivoire\/dossiers\/cote-divoire-charles-ble-goude-passager-en-attente-dun-retour-en-politique#breadcrumb","itemListElement":[{"@type":"ListItem","position":1,"name":"Accueil","item":"https:\/\/www.africa-press.net\/cotedivoire\/"},{"@type":"ListItem","position":2,"name":"Charles Bl\u00e9 Goud\u00e9, passager en attente d\u2019un retour en politique"}]},{"@type":"WebSite","@id":"https:\/\/www.africa-press.net\/cotedivoire\/#website","url":"https:\/\/www.africa-press.net\/cotedivoire\/","name":"C\u00f4te d&#039;Ivoire","description":"Just another Africa News Agency Sites site","potentialAction":[{"@type":"SearchAction","target":{"@type":"EntryPoint","urlTemplate":"https:\/\/www.africa-press.net\/cotedivoire\/?s={search_term_string}"},"query-input":{"@type":"PropertyValueSpecification","valueRequired":true,"valueName":"search_term_string"}}],"inLanguage":"fr-FR"},{"@type":"Person","@id":"https:\/\/www.africa-press.net\/cotedivoire\/#\/schema\/person\/2b1cf3cd81a31e3cd26889ca66d677f1","name":"cfeditorfr"}]}},"_links":{"self":[{"href":"https:\/\/www.africa-press.net\/cotedivoire\/wp-json\/wp\/v2\/posts\/9625","targetHints":{"allow":["GET"]}}],"collection":[{"href":"https:\/\/www.africa-press.net\/cotedivoire\/wp-json\/wp\/v2\/posts"}],"about":[{"href":"https:\/\/www.africa-press.net\/cotedivoire\/wp-json\/wp\/v2\/types\/post"}],"author":[{"embeddable":true,"href":"https:\/\/www.africa-press.net\/cotedivoire\/wp-json\/wp\/v2\/users\/82"}],"replies":[{"embeddable":true,"href":"https:\/\/www.africa-press.net\/cotedivoire\/wp-json\/wp\/v2\/comments?post=9625"}],"version-history":[{"count":0,"href":"https:\/\/www.africa-press.net\/cotedivoire\/wp-json\/wp\/v2\/posts\/9625\/revisions"}],"wp:featuredmedia":[{"embeddable":true,"href":"https:\/\/www.africa-press.net\/cotedivoire\/wp-json\/wp\/v2\/media\/9624"}],"wp:attachment":[{"href":"https:\/\/www.africa-press.net\/cotedivoire\/wp-json\/wp\/v2\/media?parent=9625"}],"wp:term":[{"taxonomy":"category","embeddable":true,"href":"https:\/\/www.africa-press.net\/cotedivoire\/wp-json\/wp\/v2\/categories?post=9625"},{"taxonomy":"post_tag","embeddable":true,"href":"https:\/\/www.africa-press.net\/cotedivoire\/wp-json\/wp\/v2\/tags?post=9625"}],"curies":[{"name":"wp","href":"https:\/\/api.w.org\/{rel}","templated":true}]}}