{"id":9631,"date":"2021-07-02T17:28:20","date_gmt":"2021-07-02T17:28:20","guid":{"rendered":"https:\/\/www.africa-press.net\/cotedivoire\/?p=9631"},"modified":"2021-07-03T05:13:52","modified_gmt":"2021-07-03T05:13:52","slug":"trafic-denfants-10-personnes-condamnes-a-10-ans-de-prison-en-cote-divoire-bouna","status":"publish","type":"post","link":"https:\/\/www.africa-press.net\/cotedivoire\/toutes-les-actualites\/trafic-denfants-10-personnes-condamnes-a-10-ans-de-prison-en-cote-divoire-bouna","title":{"rendered":"Trafic d\u2019enfants: 10 personnes condamn\u00e9s \u00e0 10 ans de prison en C\u00f4te-d\u2019Ivoire (Bouna)"},"content":{"rendered":"<p><span style=\"color: #ff6600\"><strong><a href=\"https:\/\/www.africa-press.net\/\">Africa-Press<\/a> &#8211; <a href=\"https:\/\/www.africa-press.net\/cotedivoire\">C\u00f4te d&rsquo;Ivoire<\/a>. <\/strong><\/span><b>Le Tribunal de Bouna indexe un r\u00e9seau d\u2019exploitants et de trafiquants de personnes et d\u2019enfants<\/b><\/p>\n<p>Nikiema Olivier, 29 ans chauffeur d\u2019un car de la compagnie de<\/p>\n<p>transport ZDT bas\u00e9 \u00e0 Yakasse Attobrou, peine en ce jour du<\/p>\n<p>mercredi 30 juin 2021, \u00e0 convaincre le juge du Tribunal de<\/p>\n<p>Bouna de ne pas \u00eatre membre d\u2019un vaste r\u00e9seau de trafiquants<\/p>\n<p>de personnes et d\u2019enfants. Pis encore, il n\u2019arrive pas \u00e0<\/p>\n<p>expliquer pourquoi le 26 mai dernier, il y avait une dizaine de<\/p>\n<p>mineurs non accompagn\u00e9s en provenance du Burkina Faso<\/p>\n<p>dans son v\u00e9hicule de transport. Aussi, pourquoi, sa quarantaine<\/p>\n<p>de passagers, tous d\u2019origine du m\u00eame pays, ont d\u00fb d\u00e9bourser<\/p>\n<p>la coquette somme de 20.000 F pour la destination \u00ab Doropo-<\/p>\n<p>Akasse Attobrou \u00bb alors que d\u2019ordinaire le co\u00fbt du transport<\/p>\n<p>n\u2019exc\u00e8de pas les 10.000 F. Autant de pr\u00e9occupations qui<\/p>\n<p>laissent perplexe l\u2019honorable Gbanhe Kohou Fr\u00e9d\u00e9ric,<\/p>\n<p>Pr\u00e9sident de la Section de Tribunal de Bouna et M. Damoi<\/p>\n<p>Edgar, Substitut r\u00e9sident pr\u00e8s la Section de Tribunal de Bouna.<\/p>\n<p>Tout comme Nikiema Olivier, Ou\u00e9draogo Souleymane, Sanfo<\/p>\n<p>Boukari, Kindo Dramane, Sawadogo Mamadi, Zall\u00e9 Zakaria,<\/p>\n<p>Zall\u00e9 Souleymane, Oueda Adama, Kayorgo Issoufou et<\/p>\n<p>Kayorgo Adama comparaissent devant le tribunal p\u00e9nal de<\/p>\n<p>Bouna pour les faits de trafic illicite de migrants, traite des<\/p>\n<p>enfants, traite de personnes, infraction \u00e0 la loi sur l\u2019\u00e9tat<\/p>\n<p>d\u2019urgence et mise en danger de la vie d\u2019autrui. A leurs c\u00f4t\u00e9s,<\/p>\n<p>comparaissent \u00e9galement pr\u00e8s d\u2019une vingtaine de migrants<\/p>\n<p>rentr\u00e9s clandestinement en C\u00f4te d\u2019Ivoire de la m\u00eame origine<\/p>\n<p>par des voies d\u00e9tourn\u00e9es qui eux sont jug\u00e9s pour les deux<\/p>\n<p>chefs d\u2019accusations que sont la violation de la loi sur l\u2019\u00e9tat<\/p>\n<p>d\u2019urgence et la mise en danger de la vie d\u2019autrui.<\/p>\n<p><b>Flashback sur les faits<\/b><\/p>\n<p>En effet, les 27 avril et 26 mai, des patrouilles mixtes des<\/p>\n<p>\u00e9l\u00e9ments de la Gendarmerie et de la Police Nationale ont<\/p>\n<p>intercept\u00e9 deux (02) v\u00e9hicules convoyant trente et un (31)<\/p>\n<p>enfants burkinab\u00e9 vers la zone foresti\u00e8re. Ces enfants dont<\/p>\n<p>l\u2019\u00e2ge variaient entre 14 et 17 ans, \u00e9taient convoy\u00e9s dans des<\/p>\n<p>plantations \u00e0 Adzop\u00e9. Ces deux (02) v\u00e9hicules appartenant<\/p>\n<p>curieusement \u00e0 la m\u00eame compagnie de transport d\u00e9nomm\u00e9e :<\/p>\n<p>\u00ab ZDT \u00bb, ont \u00e9t\u00e9 intercept\u00e9s \u00e0 un mois d\u2019intervalle, au poste de<\/p>\n<p>contr\u00f4le mixte de Doropo II, \u00e0 l\u2019entr\u00e9e de la ville de Bouna. Les<\/p>\n<p>enfants intercept\u00e9s ont \u00e9t\u00e9 reconduits dans leur pays d\u2019origine<\/p>\n<p>quand trente (30) personnes suspectes \u00e0 savoir dix (10)<\/p>\n<p>employ\u00e9s de la compagnie ZDT et vingt (20) immigr\u00e9s<\/p>\n<p>clandestins ont \u00e9t\u00e9 mis aux arr\u00eats.<\/p>\n<p>10 ans d\u2019emprisonnement pour les mis en cause<\/p>\n<p>Ce mercredi 30 juin 2021, apr\u00e8s un marathon de pr\u00e8s de quatre<\/p>\n<p>(04) heures de proc\u00e8s la trentaine de pr\u00e9venus a \u00e9t\u00e9 situ\u00e9e sur<\/p>\n<p>son sort. En effet, apr\u00e8s avoir \u00e9cout\u00e9 les arguments les mis en<\/p>\n<p>cause le Substitut du Procureur pr\u00e8s la Section de Tribunal de<\/p>\n<p>Bouna, M. Damoi Edgar a requis pour les dix (10) employ\u00e9s de<\/p>\n<p>la compagnie ZDT, une peine d\u2019emprisonnement de dix (10)<\/p>\n<p>ans de prison ferme assorties d\u2019une amende de cinq (05)<\/p>\n<p>millions F CFA et de dix (10) ans d\u2019interdiction de s\u00e9jour sur le<\/p>\n<p>territoire ivoirien. Le procureur a \u00e9galement requis le retrait de<\/p>\n<p>la licence de transport \u00e0 la compagnie ZDT. Pour les vingt (20)<\/p>\n<p>migrants clandestins, le Procureur a requis des peines<\/p>\n<p>d\u2019emprisonnement de un (01) \u00e0 deux (02) mois de prison puis<\/p>\n<p>de leur expulsion \u00e0 la fronti\u00e8re de la C\u00f4te d\u2019Ivoire \u00e0 leur propre<\/p>\n<p>frais. Pour M. Damoi Edgar, ces peines sont justifi\u00e9es en ce<\/p>\n<p>sens que les dix (10) pr\u00e9venus employ\u00e9s de la compagnie de<\/p>\n<p>transport ZDT font partie d\u2019une organisation tentaculaire bien<\/p>\n<p>huil\u00e9e qui d\u2019\u00e9tend depuis le Burkina Faso \u00e0 la C\u00f4te d\u2019Ivoire.<\/p>\n<p>Etant donc des maillons de cette organisation, ce qui explique<\/p>\n<p>qu\u2019ils n\u2019ont pas \u00e9t\u00e9 alert\u00e9s par l\u2019extr\u00eame jeunesse de certains<\/p>\n<p>de leur passager. A ce titre, il a d\u00e9montr\u00e9 par le menu que ces<\/p>\n<p>personnes sont coupables des d\u00e9lits de trafic de personnes, de<\/p>\n<p>traite de personnes et de travail des enfants. Selon ce dernier,<\/p>\n<p>ces faits sont pr\u00e9vus et punis par les articles 1, 2, 3, 4, 6, 10,<\/p>\n<p>12, 13, 15, 16 et 18 de la loi num\u00e9ro 2018-571 du 13\/06\/2018<\/p>\n<p>relative \u00e0 la lutte contre le trafic illicite de migrants, les articles<\/p>\n<p>1, 2, 3, 18 alin\u00e9a, 1, 19, 32, 35, 36, 37, 38 et 39 de la loi<\/p>\n<p>num\u00e9ro 2010-272 du 03\/09\/2010 portant interdiction de la traite<\/p>\n<p>et des pires formes de travail des enfants, le d\u00e9cret<\/p>\n<p>num\u00e9ro2014 portant modalit\u00e9s d\u2019application de la loi num\u00e9ro<\/p>\n<p>2010-272 du 30 septembre 2010 portant interdiction de la traite<\/p>\n<p>et des pires formes de travail des enfants, 4 et 8 de la loi du 07<\/p>\n<p>novembre 1959 relative \u00e0 l\u2019\u00e9tat d\u2019urgence et les articles 1, 2, 3,<\/p>\n<p>4, 9 et 11 de la loi num\u00e9ro 2019-1111 du 08 \u00e0 la lutte contre la<\/p>\n<p>traite des personnes.<\/p>\n<p>Ma\u00eetre Tour\u00e9 Zakaria, l\u2019avocat de la d\u00e9fense des dix (10)<\/p>\n<p>employ\u00e9s de la compagnie ZDT a quant \u00e0 lui, estim\u00e9 que les<\/p>\n<p>accusations port\u00e9es contre ses clients sont sans fondements<\/p>\n<p>juridiques. A cet effet, il estime que le Tribunal n\u2019a pas pu<\/p>\n<p>d\u00e9montrer avec exactitude que ces derniers sont des maillons<\/p>\n<p>d\u2019une organisation. Aussi, pour les accusations de traite et de<\/p>\n<p>trafic de personne, il a estim\u00e9 que ses clients n\u2019ont pas franchi<\/p>\n<p>la fronti\u00e8re ivoirienne vu que la gare de la compagnie ZDT est<\/p>\n<p>situ\u00e9e \u00e0 Doropo. Aussi, il a demand\u00e9 que ses clients soient<\/p>\n<p>relax\u00e9s purement et simplement pour d\u00e9lits non constitu\u00e9s.<\/p>\n<p>Apr\u00e8s avoir \u00e9cout\u00e9 les deux partis, l\u2019honorable Gbanhe Kohou<\/p>\n<p>Fr\u00e9d\u00e9ric, Pr\u00e9sident de la Section de Tribunal de Bouna a<\/p>\n<p>tranch\u00e9. Dix (10) ans d\u2019emprisonnement pour les mis en cause<\/p>\n<p>pour les faits de trafic et traite de personne et un \u00e0 deux (02)<\/p>\n<p>mois pour les migrants.<\/p>\n<p>Apr\u00e8s ce proc\u00e8s Me Tour\u00e9 Zakaria a estim\u00e9 que cette d\u00e9cision<\/p>\n<p>de justice est contraire \u00e0 sa plaidoirie. \u00ab C\u2019est contraire \u00e0 ce<\/p>\n<p>que j\u2019avais plaid\u00e9. Je ne peux pas \u00eatre satisfait d\u2019une telle<\/p>\n<p>d\u00e9cision. Je pense qu\u2019elle est plus guid\u00e9e par le sensationnel<\/p>\n<p>que le Droit \u00bb, a-t-il laiss\u00e9 entendre en promettant de faire appel<\/p>\n<p>pour que le proc\u00e8s se d\u00e9roule devant la cour d\u2019appel d\u2019Abidjan.<\/p>\n<p>M. Damoi Edgar, Substitut r\u00e9sident du Procureur pr\u00e8s la<\/p>\n<p>Section de Tribunal de Bouna a exprim\u00e9 un satisfecit suite \u00e0<\/p>\n<p>cette d\u00e9cision. Pour ce dernier, l\u2019heure est d\u00e9sormais \u00e0 la<\/p>\n<p>r\u00e9pression des personnes fautives de faits de trafic, traite et de<\/p>\n<p>travail des enfants. \u00ab Aujourd\u2019hui comme vous pouvez le<\/p>\n<p>constater, nous sommes de plain-pied dans la phase de la<\/p>\n<p>r\u00e9pression ; et ce, conform\u00e9ment aux instructions de la<\/p>\n<p>chancellerie ; et je pense que le proc\u00e8s de ce matin en est la<\/p>\n<p>preuve \u00e9loquente. Nos populations doivent comprendre<\/p>\n<p>d\u00e9finitivement que la place de nos enfants se trouve \u00e0 l\u2019\u00e9cole et<\/p>\n<p>non dans les champs, les carri\u00e8res ou sur les sites d\u2019orpaillage.<\/p>\n<p>L\u2019Etat de C\u00f4te d\u2019Ivoire l\u2019a si bien compris qu\u2019il a rendu l\u2019\u00e9cole<\/p>\n<p>gratuite et obligatoire pour tous les enfants jusqu\u2019\u00e0 l\u2019\u00e2ge de<\/p>\n<p>seize (16) ans. Notre \u00e9conomie repose sur l\u2019agriculture, nous<\/p>\n<p>devons donc faire en sorte que les produits issus de cette<\/p>\n<p>agriculture, notamment le cacao et le caf\u00e9, ne soient jamais le<\/p>\n<p>fruit du travail des enfants. C\u2019est en cela que nous aurons une<\/p>\n<p>\u00e9conomie saine, r\u00e9pondant aux normes de qualit\u00e9 et aux<\/p>\n<p>standards internationaux. En le faisant, nous sauvons notre<\/p>\n<p>\u00e9conomie et partant nos enfants \u00bb, a-t-il expliqu\u00e9.<\/p>\n<p>Le ton est donc donn\u00e9 et la Justice ivoirienne entend d\u00e9sormais<\/p>\n<p>prendre toute sa place dans le processus de lutte contre la<\/p>\n<p>traite et les pires formes de travail des enfants.<\/p>\n<p><b>M. Damoi Edgar, Substitut r\u00e9sident pr\u00e8s la Section de Tribunal de Bouna :<\/b><\/p>\n<p>\u00ab C\u2019est d\u00e9sormais la tol\u00e9rance z\u00e9ro pour tous ceux qui commettent des infractions li\u00e9es \u00e0 la traite des personnes et des enfants \u00bb<\/p>\n<p>Propos liminaire<\/p>\n<p>Mesdames et Messieurs ; Comme vous venez de le constater, une audience viens de se tenir ; audience au cours de laquelle dix (10) pr\u00e9venus ont \u00e9t\u00e9 condamn\u00e9s \u00e0 la peine exemplaire de dix (10) ans d\u2019emprisonnement ferme et \u00e0 cinq millions (5 000 000) de F CFA d\u2019amende chacun pour traite des personnes et des enfants. Mais je dois dire que ce proc\u00e8s est l\u2019aboutissement d\u2019un travail qui remonte \u00e0 plusieurs ann\u00e9es en arri\u00e8re.<\/p>\n<p>Il y a de cela une d\u00e9cennie que le gouvernement Ivoirien \u00e0 travers le Minist\u00e8re de la justice et des droits de L\u2019Homme a fait de la lutte contre la traite des personnes et des enfants son cheval de bataille. Pour ce faire plusieurs textes de lois ont \u00e9t\u00e9 pris. Il s\u2019agit essentiellement des lois : N\u00b0 2010-272 du 30 septembre 2010 portant interdiction de la traite et des pires formes de travail des enfants ; N\u00b0 2016-1111 du 08 d\u00e9cembre 2016 relative \u00e0 la lutte contre la traite des personnes ; et N\u00b0 2018 \u2013 571 du 13 juin 2018 relative \u00e0 la lutte contre le trafic illicite de migrants. Le code p\u00e9nal reform\u00e9 de 2019 en ses articles 433, 441, 442 et 443 incrimine les travaux dangereux pour les enfants et la r\u00e9duction d\u2019autrui \u00e0 l\u2019esclavage.<\/p>\n<p>Voici donc le riche vivier de textes de lois qui a \u00e9t\u00e9 mis \u00e0 la disposition des Magistrats pour leur permettre de r\u00e9primer sans complaisance les actes de traite des personnes et des enfants. A c\u00f4t\u00e9 de ces textes, des action concr\u00e8tes de surveillance et de sensibilisation sont men\u00e9es sur le terrain, \u00e0 travers notamment le Comit\u00e9 National de surveillance des actions de lutte contre la traite, l\u2019exploitation et le travail des enfants, mis en place par le D\u00e9cret N\u00b02011-366 du 03 novembre 2016 ; Comit\u00e9 au sein duquel est repr\u00e9sent\u00e9 le Minist\u00e8re de la Justice et des droits de l\u2019Homme ; Des Organisations Non Gouvernementales comme CHILDREN OF AFRICA, ont \u00e9galement fait de la lutte contre l\u2019exploitation abusive des enfants leur credo. Cette phase de sensibilisation a consist\u00e9 non seulement \u00e0 attirer l\u2019attention des populations sur l\u2019ampleur du ph\u00e9nom\u00e8ne de la traite des personnes et des enfants, mais aussi et surtout sur les graves peines encourues pour quiconque s\u2019ordonnerait \u00e0 ces actes Fort de tout ce qui pr\u00e9c\u00e8de, en 2019, le Minist\u00e8re de la Justice et des droits de l\u2019Homme a produit une circulaire \u00e0 l\u2019attention de tous les parquets pr\u00e8s les Tribunaux de premi\u00e8re Instance et leurs sections d\u00e9tach\u00e9es, pour les inviter \u00e0 l\u2019application diligente des textes de lois incriminant les actes de traite des personnes et des enfants.<\/p>\n<p>Aujourd\u2019hui comme vous pouvez le constater, nous sommes de plain-pied dans la phase de la r\u00e9pression ; et ce, conform\u00e9ment aux instructions de la chancellerie ; et je pense que le proc\u00e8s de ce matin en est la preuve \u00e9loquente. Nos populations doivent comprendre d\u00e9finitivement que la place de nos enfants se trouve \u00e0 l\u2019\u00e9cole et non dans les champs, les carri\u00e8res ou sur les sites d\u2019orpaillage. L\u2019Etat de C\u00f4te d\u2019Ivoire l\u2019a si bien compris qu\u2019il a rendu l\u2019\u00e9cole gratuite et obligatoire pour tous les enfants jusqu\u2019\u00e0 l\u2019\u00e2ge de seize (16) ans. Notre \u00e9conomie repose sur l\u2019agriculture, nous devons donc faire en sorte que les produits issus de cette agriculture, notamment le cacao et le caf\u00e9, ne soient jamais le fruit du travail des enfants. C\u2019est en cela que nous aurons une \u00e9conomie saine, r\u00e9pondant aux normes de qualit\u00e9 et aux standards internationaux. En le faisant, nous sauvons notre \u00e9conomie et partant nos enfants.<\/p>\n<p>Pour terminer, je voudrais souligner que les proc\u00e8s de ce genre, il y en a d\u00e9j\u00e0 eu \u00e0 Abidjan, \u00e0 Abengourou et \u00e0 Soubr\u00e9. Aujourd\u2019hui c\u2019est \u00e0 Bouna. Il en sera ainsi dans toutes les juridictions de C\u00f4te d\u2019Ivoire o\u00f9 les actes de traite de personnes et d\u2019enfants seront constat\u00e9s ; car conform\u00e9ment \u00e0 la vision de la chancellerie, c\u2019est d\u00e9sormais la tol\u00e9rance z\u00e9ro pour tous ceux qui commettent des infractions li\u00e9es \u00e0 la traite des personnes et des enfants.<\/p>\n<p>Dix (10) personnes viennent d\u2019\u00eatre condamn\u00e9es. Comment expliquez-vous que ces personnes n\u2019aient pas pu d\u00e9noncer de complices ?<\/p>\n<p>Nous ne disposons pas de m\u00e9thodes de torture pour obliger quelqu\u2019un \u00e0 parler. Si un mis en cause refuse de parler, nous n\u2019avons pas d\u2019autres m\u00e9thodes que d\u2019insister. Nous ne pouvons pas faire autrement s\u2019il refuse de parler. Mais, je pense que dix (10) personnes condamn\u00e9es, c\u2019est bien pour un d\u00e9but. Les actions de ce genre vont continuer. C\u2019est aussi pour cela que l\u2019instruction est importante, car au cours de celle-ci, nous arrivons \u00e0 d\u00e9manteler des r\u00e9seaux. D\u2019autres noms ont \u00e9t\u00e9 cit\u00e9s. Par exemple le propri\u00e9taire de la compagnie ZDT dont nous avons l\u2019identit\u00e9. Je pense que des poursuites seront engag\u00e9es \u00e0 son \u00e9gard tr\u00e8s prochainement.<\/p>\n<p>Monsieur le procureur, ma question concerne votre r\u00e9quisitoire. Le Tribunal vous a suivi. Le sentiment qu\u2019on a c\u2019est de savoir s\u2019il s\u2019agissait de frapper pour donner l\u2019exemple ?<\/p>\n<p>Ni le Procureur, ni le Tribunal n\u2019a la main lourde. C\u2019est la loi qui a la main lourde. S\u2019il y a une main qui est lourde, c\u2019est la main de la loi. Nous n\u2019avons fait qu\u2019appliquer la loi. Et je dois vous dire qu\u2019en la mati\u00e8re, la peine que le Tribunal a bien voulu prononcer est le minimum. Sinon les circonstances dans lesquelles les infractions ont \u00e9t\u00e9 commises, si le Tribunal retenait le maximum \u00e7a aurait \u00e9t\u00e9 vingt (20) d\u2019emprisonnement et dix (10) millions de franc d\u2019amende. Mais le Tribunal a d\u00e9cid\u00e9 d\u2019appliquer le minimum et le minimum c\u2019est dix (10) ans d\u2019emprisonnement et cinq (05) millions de Franc d\u2019amende.<\/p>\n<p>Dans votre r\u00e9quisitoire, vous \u00eates beaucoup revenu sur l\u2019article 4 qui parle d\u00e9finit le concept de traite des personnes qui prend en compte le recrutement, le transport, le transfert et l\u2019h\u00e9bergement des personnes. Je voudrais savoir si ces \u00e9l\u00e9ments sont cumulatifs ou il faut les prendre individuellement ?<\/p>\n<p>Nous l\u2019avons soulign\u00e9 lors de notre r\u00e9quisitoire. La d\u00e9fense a voulu faire croire \u00e0 l\u2019auditoire que c\u2019\u00e9tait des conditions cumulatives. Mais nous avons vite fait relever que ce sont des conditions alternatives. Et que quand une seule des conditions est remplie, pourvu que sa vise l\u2019exploitation des personnes, l\u2019\u2019infraction est alors constitu\u00e9e.<\/p>\n<p>A la suite de votre r\u00e9quisitoire, l\u2019avocat de la d\u00e9fense a tent\u00e9 de mettre en mal votre argumentaire. Il a notamment mis en cause les investigations qui selon lui, n\u2019ont pas \u00e9t\u00e9 faites. Il a notamment incrimin\u00e9 sinon interpel\u00e9 sur le comportement des forces de s\u00e9curit\u00e9 parce que pour lui, toutes les personnes qui \u00e9taient \u00e0 la barre aujourd\u2019hui, n\u2019auraient pas pu \u00eatre l\u00e0 si ce n\u2019\u00e9tait pas avec la complicit\u00e9 des forces de s\u00e9curit\u00e9. Qu\u2019avez-vous \u00e0 r\u00e9pondre \u00e0 cela ?<\/p>\n<p>Heureusement ou malheureusement ce n\u2019est pas le proc\u00e8s des forces de s\u00e9curit\u00e9. Et donc ceux qui \u00e9taient devant nous n\u2019\u00e9taient pas des \u00e9l\u00e9ments des forces de s\u00e9curit\u00e9. Le jour o\u00f9 nous serons convaincus que les forces de s\u00e9curit\u00e9 s\u2019adonnent \u00e0 ce genre de pratique, ils seront traduits devant le Tribunal et la loi va s\u2019appliquer. Pour revenir au fait que la d\u00e9fense a mis en mal le r\u00e9quisitoire du parquet, vous avez la d\u00e9cision de justice qui a \u00e9t\u00e9 donn\u00e9e. Est-ce qu\u2019on peut dire que la d\u00e9fense a mis en mal le parquet si nous avons \u00e9t\u00e9 suivi dans notre r\u00e9quisition par le Tribunal ? Je me pose la question avec vous. Si c\u2019\u00e9tait le cas, peut-\u00eatre que la d\u00e9fense aurait pu obtenir la relaxe.<\/p>\n<p>Est-ce que la zone de Bouna est une zone endog\u00e8ne concernant le trafic des enfants ? S\u2019agit-il d\u2019une nouvelle zone ou c\u2019est une zone qui existait au niveau du trafic des enfants ?<\/p>\n<p>Surement que \u00e7a existait. Je vous ai dit tant\u00f4t que nous avons mis beaucoup de temps \u00e0 faire la sensibilisation. Par le pass\u00e9, surement que ces genres de faits ont \u00e9t\u00e9 constat\u00e9s, mais on s\u2019est content\u00e9 de sensibiliser. Et maintenant, nous passons \u00e0 la phase de la r\u00e9pression. Donc, certainement que cette zone est une zone qui connait ce ph\u00e9nom\u00e8ne depuis longtemps. Mais c\u2019est maintenant que nous avons d\u00e9cid\u00e9 de plain-pied dans la r\u00e9pression. Comme je l\u2019ai dit tant\u00f4t nous avons pass\u00e9 beaucoup de temps \u00e0 la sensibilisation parce que nous avons conscience que Bouna \u00e9tait une plaque tournante du trafic des personnes et des enfants.<\/p>\n","protected":false},"excerpt":{"rendered":"<p>Africa-Press &#8211; C\u00f4te d&rsquo;Ivoire. Le Tribunal de Bouna indexe un r\u00e9seau d\u2019exploitants et de trafiquants de personnes et d\u2019enfants Nikiema Olivier, 29 ans chauffeur d\u2019un car de la compagnie de transport ZDT bas\u00e9 \u00e0 Yakasse Attobrou, peine en ce jour du mercredi 30 juin 2021, \u00e0 convaincre le juge du Tribunal de Bouna de ne [&hellip;]<\/p>\n","protected":false},"author":82,"featured_media":9630,"comment_status":"open","ping_status":"closed","sticky":false,"template":"","format":"standard","meta":{"footnotes":""},"categories":[21,11,20,10],"tags":[56,63,29],"class_list":["post-9631","post","type-post","status-publish","format-standard","has-post-thumbnail","hentry","category-communaute","category-homepage-french","category-top-nouvelles","category-toutes-les-actualites","tag-africa-press","tag-africa-press-cote-divoire","tag-cote-divoire"],"yoast_head":"<!-- This site is optimized with the Yoast SEO Premium plugin v26.1 (Yoast SEO v27.0) - https:\/\/yoast.com\/product\/yoast-seo-premium-wordpress\/ -->\n<title>Trafic d\u2019enfants: 10 personnes condamn\u00e9s \u00e0 10 ans de prison en C\u00f4te-d\u2019Ivoire (Bouna) - C\u00f4te d&#039;Ivoire<\/title>\n<meta name=\"description\" content=\"Le Tribunal de Bouna indexe un r\u00e9seau d\u2019exploitants et de trafiquants de personnes et d\u2019enfants Nikiema Olivier, ...\" \/>\n<meta name=\"robots\" content=\"index, follow, max-snippet:-1, max-image-preview:large, max-video-preview:-1\" \/>\n<link rel=\"canonical\" href=\"https:\/\/www.africa-press.net\/cotedivoire\/toutes-les-actualites\/trafic-denfants-10-personnes-condamnes-a-10-ans-de-prison-en-cote-divoire-bouna\" \/>\n<meta property=\"og:locale\" content=\"fr_FR\" \/>\n<meta property=\"og:type\" content=\"article\" \/>\n<meta property=\"og:title\" content=\"Trafic d\u2019enfants: 10 personnes condamn\u00e9s \u00e0 10 ans de prison en C\u00f4te-d\u2019Ivoire (Bouna)\" \/>\n<meta property=\"og:description\" content=\"Le Tribunal de Bouna indexe un r\u00e9seau d\u2019exploitants et de trafiquants de personnes et d\u2019enfants Nikiema Olivier, ...\" \/>\n<meta property=\"og:url\" content=\"https:\/\/www.africa-press.net\/cotedivoire\/toutes-les-actualites\/trafic-denfants-10-personnes-condamnes-a-10-ans-de-prison-en-cote-divoire-bouna\" \/>\n<meta property=\"og:site_name\" content=\"C\u00f4te d&#039;Ivoire\" \/>\n<meta property=\"article:published_time\" content=\"2021-07-02T17:28:20+00:00\" \/>\n<meta property=\"article:modified_time\" content=\"2021-07-03T05:13:52+00:00\" \/>\n<meta property=\"og:image\" content=\"https:\/\/static.africa-press.net\/cote\/sites\/43\/2021\/07\/img-60df49135d025.jpg\" \/>\n\t<meta property=\"og:image:width\" content=\"1920\" \/>\n\t<meta property=\"og:image:height\" content=\"1277\" \/>\n\t<meta property=\"og:image:type\" content=\"image\/jpeg\" \/>\n<meta name=\"author\" content=\"cfeditorfr\" \/>\n<meta name=\"twitter:card\" content=\"summary_large_image\" \/>\n<meta name=\"twitter:label1\" content=\"\u00c9crit par\" \/>\n\t<meta name=\"twitter:data1\" content=\"cfeditorfr\" \/>\n\t<meta name=\"twitter:label2\" content=\"Dur\u00e9e de lecture estim\u00e9e\" \/>\n\t<meta name=\"twitter:data2\" content=\"14 minutes\" \/>\n<script type=\"application\/ld+json\" class=\"yoast-schema-graph\">{\"@context\":\"https:\/\/schema.org\",\"@graph\":[{\"@type\":\"Article\",\"@id\":\"https:\/\/www.africa-press.net\/cotedivoire\/toutes-les-actualites\/trafic-denfants-10-personnes-condamnes-a-10-ans-de-prison-en-cote-divoire-bouna#article\",\"isPartOf\":{\"@id\":\"https:\/\/www.africa-press.net\/cotedivoire\/toutes-les-actualites\/trafic-denfants-10-personnes-condamnes-a-10-ans-de-prison-en-cote-divoire-bouna\"},\"author\":{\"name\":\"cfeditorfr\",\"@id\":\"https:\/\/www.africa-press.net\/cotedivoire\/#\/schema\/person\/2b1cf3cd81a31e3cd26889ca66d677f1\"},\"headline\":\"Trafic d\u2019enfants: 10 personnes condamn\u00e9s \u00e0 10 ans de prison en C\u00f4te-d\u2019Ivoire (Bouna)\",\"datePublished\":\"2021-07-02T17:28:20+00:00\",\"dateModified\":\"2021-07-03T05:13:52+00:00\",\"mainEntityOfPage\":{\"@id\":\"https:\/\/www.africa-press.net\/cotedivoire\/toutes-les-actualites\/trafic-denfants-10-personnes-condamnes-a-10-ans-de-prison-en-cote-divoire-bouna\"},\"wordCount\":2844,\"commentCount\":0,\"image\":{\"@id\":\"https:\/\/www.africa-press.net\/cotedivoire\/toutes-les-actualites\/trafic-denfants-10-personnes-condamnes-a-10-ans-de-prison-en-cote-divoire-bouna#primaryimage\"},\"thumbnailUrl\":\"https:\/\/static.africa-press.net\/cote\/sites\/43\/2021\/07\/img-60df49135d025.jpg\",\"keywords\":[\"Africa Press\",\"Africa Press-C\u00f4te d'Ivoire\",\"C\u00d4TE D'IVOIRE\"],\"articleSection\":[\"Communaut\u00e9\",\"homepage-french\",\"Top Nouvelles\",\"Toutes les actualit\u00e9s\"],\"inLanguage\":\"fr-FR\",\"potentialAction\":[{\"@type\":\"CommentAction\",\"name\":\"Comment\",\"target\":[\"https:\/\/www.africa-press.net\/cotedivoire\/toutes-les-actualites\/trafic-denfants-10-personnes-condamnes-a-10-ans-de-prison-en-cote-divoire-bouna#respond\"]}]},{\"@type\":\"WebPage\",\"@id\":\"https:\/\/www.africa-press.net\/cotedivoire\/toutes-les-actualites\/trafic-denfants-10-personnes-condamnes-a-10-ans-de-prison-en-cote-divoire-bouna\",\"url\":\"https:\/\/www.africa-press.net\/cotedivoire\/toutes-les-actualites\/trafic-denfants-10-personnes-condamnes-a-10-ans-de-prison-en-cote-divoire-bouna\",\"name\":\"Trafic d\u2019enfants: 10 personnes condamn\u00e9s \u00e0 10 ans de prison en C\u00f4te-d\u2019Ivoire (Bouna) - C\u00f4te d&#039;Ivoire\",\"isPartOf\":{\"@id\":\"https:\/\/www.africa-press.net\/cotedivoire\/#website\"},\"primaryImageOfPage\":{\"@id\":\"https:\/\/www.africa-press.net\/cotedivoire\/toutes-les-actualites\/trafic-denfants-10-personnes-condamnes-a-10-ans-de-prison-en-cote-divoire-bouna#primaryimage\"},\"image\":{\"@id\":\"https:\/\/www.africa-press.net\/cotedivoire\/toutes-les-actualites\/trafic-denfants-10-personnes-condamnes-a-10-ans-de-prison-en-cote-divoire-bouna#primaryimage\"},\"thumbnailUrl\":\"https:\/\/static.africa-press.net\/cote\/sites\/43\/2021\/07\/img-60df49135d025.jpg\",\"datePublished\":\"2021-07-02T17:28:20+00:00\",\"dateModified\":\"2021-07-03T05:13:52+00:00\",\"author\":{\"@id\":\"https:\/\/www.africa-press.net\/cotedivoire\/#\/schema\/person\/2b1cf3cd81a31e3cd26889ca66d677f1\"},\"description\":\"Le Tribunal de Bouna indexe un r\u00e9seau d\u2019exploitants et de trafiquants de personnes et d\u2019enfants Nikiema Olivier, ...\",\"breadcrumb\":{\"@id\":\"https:\/\/www.africa-press.net\/cotedivoire\/toutes-les-actualites\/trafic-denfants-10-personnes-condamnes-a-10-ans-de-prison-en-cote-divoire-bouna#breadcrumb\"},\"inLanguage\":\"fr-FR\",\"potentialAction\":[{\"@type\":\"ReadAction\",\"target\":[\"https:\/\/www.africa-press.net\/cotedivoire\/toutes-les-actualites\/trafic-denfants-10-personnes-condamnes-a-10-ans-de-prison-en-cote-divoire-bouna\"]}]},{\"@type\":\"ImageObject\",\"inLanguage\":\"fr-FR\",\"@id\":\"https:\/\/www.africa-press.net\/cotedivoire\/toutes-les-actualites\/trafic-denfants-10-personnes-condamnes-a-10-ans-de-prison-en-cote-divoire-bouna#primaryimage\",\"url\":\"https:\/\/static.africa-press.net\/cote\/sites\/43\/2021\/07\/img-60df49135d025.jpg\",\"contentUrl\":\"https:\/\/static.africa-press.net\/cote\/sites\/43\/2021\/07\/img-60df49135d025.jpg\",\"width\":1920,\"height\":1277,\"caption\":\"Trafic d\u2019enfants: 10 personnes condamn\u00e9s \u00e0 10 ans de prison en C\u00f4te-d\u2019Ivoire (Bouna)\"},{\"@type\":\"BreadcrumbList\",\"@id\":\"https:\/\/www.africa-press.net\/cotedivoire\/toutes-les-actualites\/trafic-denfants-10-personnes-condamnes-a-10-ans-de-prison-en-cote-divoire-bouna#breadcrumb\",\"itemListElement\":[{\"@type\":\"ListItem\",\"position\":1,\"name\":\"Accueil\",\"item\":\"https:\/\/www.africa-press.net\/cotedivoire\/\"},{\"@type\":\"ListItem\",\"position\":2,\"name\":\"Trafic d\u2019enfants: 10 personnes condamn\u00e9s \u00e0 10 ans de prison en C\u00f4te-d\u2019Ivoire (Bouna)\"}]},{\"@type\":\"WebSite\",\"@id\":\"https:\/\/www.africa-press.net\/cotedivoire\/#website\",\"url\":\"https:\/\/www.africa-press.net\/cotedivoire\/\",\"name\":\"C\u00f4te d&#039;Ivoire\",\"description\":\"Just another Africa News Agency Sites site\",\"potentialAction\":[{\"@type\":\"SearchAction\",\"target\":{\"@type\":\"EntryPoint\",\"urlTemplate\":\"https:\/\/www.africa-press.net\/cotedivoire\/?s={search_term_string}\"},\"query-input\":{\"@type\":\"PropertyValueSpecification\",\"valueRequired\":true,\"valueName\":\"search_term_string\"}}],\"inLanguage\":\"fr-FR\"},{\"@type\":\"Person\",\"@id\":\"https:\/\/www.africa-press.net\/cotedivoire\/#\/schema\/person\/2b1cf3cd81a31e3cd26889ca66d677f1\",\"name\":\"cfeditorfr\"}]}<\/script>\n<!-- \/ Yoast SEO Premium plugin. -->","yoast_head_json":{"title":"Trafic d\u2019enfants: 10 personnes condamn\u00e9s \u00e0 10 ans de prison en C\u00f4te-d\u2019Ivoire (Bouna) - C\u00f4te d&#039;Ivoire","description":"Le Tribunal de Bouna indexe un r\u00e9seau d\u2019exploitants et de trafiquants de personnes et d\u2019enfants Nikiema Olivier, ...","robots":{"index":"index","follow":"follow","max-snippet":"max-snippet:-1","max-image-preview":"max-image-preview:large","max-video-preview":"max-video-preview:-1"},"canonical":"https:\/\/www.africa-press.net\/cotedivoire\/toutes-les-actualites\/trafic-denfants-10-personnes-condamnes-a-10-ans-de-prison-en-cote-divoire-bouna","og_locale":"fr_FR","og_type":"article","og_title":"Trafic d\u2019enfants: 10 personnes condamn\u00e9s \u00e0 10 ans de prison en C\u00f4te-d\u2019Ivoire (Bouna)","og_description":"Le Tribunal de Bouna indexe un r\u00e9seau d\u2019exploitants et de trafiquants de personnes et d\u2019enfants Nikiema Olivier, ...","og_url":"https:\/\/www.africa-press.net\/cotedivoire\/toutes-les-actualites\/trafic-denfants-10-personnes-condamnes-a-10-ans-de-prison-en-cote-divoire-bouna","og_site_name":"C\u00f4te d&#039;Ivoire","article_published_time":"2021-07-02T17:28:20+00:00","article_modified_time":"2021-07-03T05:13:52+00:00","og_image":[{"width":1920,"height":1277,"url":"https:\/\/static.africa-press.net\/cote\/sites\/43\/2021\/07\/img-60df49135d025.jpg","type":"image\/jpeg"}],"author":"cfeditorfr","twitter_card":"summary_large_image","twitter_misc":{"\u00c9crit par":"cfeditorfr","Dur\u00e9e de lecture estim\u00e9e":"14 minutes"},"schema":{"@context":"https:\/\/schema.org","@graph":[{"@type":"Article","@id":"https:\/\/www.africa-press.net\/cotedivoire\/toutes-les-actualites\/trafic-denfants-10-personnes-condamnes-a-10-ans-de-prison-en-cote-divoire-bouna#article","isPartOf":{"@id":"https:\/\/www.africa-press.net\/cotedivoire\/toutes-les-actualites\/trafic-denfants-10-personnes-condamnes-a-10-ans-de-prison-en-cote-divoire-bouna"},"author":{"name":"cfeditorfr","@id":"https:\/\/www.africa-press.net\/cotedivoire\/#\/schema\/person\/2b1cf3cd81a31e3cd26889ca66d677f1"},"headline":"Trafic d\u2019enfants: 10 personnes condamn\u00e9s \u00e0 10 ans de prison en C\u00f4te-d\u2019Ivoire (Bouna)","datePublished":"2021-07-02T17:28:20+00:00","dateModified":"2021-07-03T05:13:52+00:00","mainEntityOfPage":{"@id":"https:\/\/www.africa-press.net\/cotedivoire\/toutes-les-actualites\/trafic-denfants-10-personnes-condamnes-a-10-ans-de-prison-en-cote-divoire-bouna"},"wordCount":2844,"commentCount":0,"image":{"@id":"https:\/\/www.africa-press.net\/cotedivoire\/toutes-les-actualites\/trafic-denfants-10-personnes-condamnes-a-10-ans-de-prison-en-cote-divoire-bouna#primaryimage"},"thumbnailUrl":"https:\/\/static.africa-press.net\/cote\/sites\/43\/2021\/07\/img-60df49135d025.jpg","keywords":["Africa Press","Africa Press-C\u00f4te d'Ivoire","C\u00d4TE D'IVOIRE"],"articleSection":["Communaut\u00e9","homepage-french","Top Nouvelles","Toutes les actualit\u00e9s"],"inLanguage":"fr-FR","potentialAction":[{"@type":"CommentAction","name":"Comment","target":["https:\/\/www.africa-press.net\/cotedivoire\/toutes-les-actualites\/trafic-denfants-10-personnes-condamnes-a-10-ans-de-prison-en-cote-divoire-bouna#respond"]}]},{"@type":"WebPage","@id":"https:\/\/www.africa-press.net\/cotedivoire\/toutes-les-actualites\/trafic-denfants-10-personnes-condamnes-a-10-ans-de-prison-en-cote-divoire-bouna","url":"https:\/\/www.africa-press.net\/cotedivoire\/toutes-les-actualites\/trafic-denfants-10-personnes-condamnes-a-10-ans-de-prison-en-cote-divoire-bouna","name":"Trafic d\u2019enfants: 10 personnes condamn\u00e9s \u00e0 10 ans de prison en C\u00f4te-d\u2019Ivoire (Bouna) - C\u00f4te d&#039;Ivoire","isPartOf":{"@id":"https:\/\/www.africa-press.net\/cotedivoire\/#website"},"primaryImageOfPage":{"@id":"https:\/\/www.africa-press.net\/cotedivoire\/toutes-les-actualites\/trafic-denfants-10-personnes-condamnes-a-10-ans-de-prison-en-cote-divoire-bouna#primaryimage"},"image":{"@id":"https:\/\/www.africa-press.net\/cotedivoire\/toutes-les-actualites\/trafic-denfants-10-personnes-condamnes-a-10-ans-de-prison-en-cote-divoire-bouna#primaryimage"},"thumbnailUrl":"https:\/\/static.africa-press.net\/cote\/sites\/43\/2021\/07\/img-60df49135d025.jpg","datePublished":"2021-07-02T17:28:20+00:00","dateModified":"2021-07-03T05:13:52+00:00","author":{"@id":"https:\/\/www.africa-press.net\/cotedivoire\/#\/schema\/person\/2b1cf3cd81a31e3cd26889ca66d677f1"},"description":"Le Tribunal de Bouna indexe un r\u00e9seau d\u2019exploitants et de trafiquants de personnes et d\u2019enfants Nikiema Olivier, ...","breadcrumb":{"@id":"https:\/\/www.africa-press.net\/cotedivoire\/toutes-les-actualites\/trafic-denfants-10-personnes-condamnes-a-10-ans-de-prison-en-cote-divoire-bouna#breadcrumb"},"inLanguage":"fr-FR","potentialAction":[{"@type":"ReadAction","target":["https:\/\/www.africa-press.net\/cotedivoire\/toutes-les-actualites\/trafic-denfants-10-personnes-condamnes-a-10-ans-de-prison-en-cote-divoire-bouna"]}]},{"@type":"ImageObject","inLanguage":"fr-FR","@id":"https:\/\/www.africa-press.net\/cotedivoire\/toutes-les-actualites\/trafic-denfants-10-personnes-condamnes-a-10-ans-de-prison-en-cote-divoire-bouna#primaryimage","url":"https:\/\/static.africa-press.net\/cote\/sites\/43\/2021\/07\/img-60df49135d025.jpg","contentUrl":"https:\/\/static.africa-press.net\/cote\/sites\/43\/2021\/07\/img-60df49135d025.jpg","width":1920,"height":1277,"caption":"Trafic d\u2019enfants: 10 personnes condamn\u00e9s \u00e0 10 ans de prison en C\u00f4te-d\u2019Ivoire (Bouna)"},{"@type":"BreadcrumbList","@id":"https:\/\/www.africa-press.net\/cotedivoire\/toutes-les-actualites\/trafic-denfants-10-personnes-condamnes-a-10-ans-de-prison-en-cote-divoire-bouna#breadcrumb","itemListElement":[{"@type":"ListItem","position":1,"name":"Accueil","item":"https:\/\/www.africa-press.net\/cotedivoire\/"},{"@type":"ListItem","position":2,"name":"Trafic d\u2019enfants: 10 personnes condamn\u00e9s \u00e0 10 ans de prison en C\u00f4te-d\u2019Ivoire (Bouna)"}]},{"@type":"WebSite","@id":"https:\/\/www.africa-press.net\/cotedivoire\/#website","url":"https:\/\/www.africa-press.net\/cotedivoire\/","name":"C\u00f4te d&#039;Ivoire","description":"Just another Africa News Agency Sites site","potentialAction":[{"@type":"SearchAction","target":{"@type":"EntryPoint","urlTemplate":"https:\/\/www.africa-press.net\/cotedivoire\/?s={search_term_string}"},"query-input":{"@type":"PropertyValueSpecification","valueRequired":true,"valueName":"search_term_string"}}],"inLanguage":"fr-FR"},{"@type":"Person","@id":"https:\/\/www.africa-press.net\/cotedivoire\/#\/schema\/person\/2b1cf3cd81a31e3cd26889ca66d677f1","name":"cfeditorfr"}]}},"_links":{"self":[{"href":"https:\/\/www.africa-press.net\/cotedivoire\/wp-json\/wp\/v2\/posts\/9631","targetHints":{"allow":["GET"]}}],"collection":[{"href":"https:\/\/www.africa-press.net\/cotedivoire\/wp-json\/wp\/v2\/posts"}],"about":[{"href":"https:\/\/www.africa-press.net\/cotedivoire\/wp-json\/wp\/v2\/types\/post"}],"author":[{"embeddable":true,"href":"https:\/\/www.africa-press.net\/cotedivoire\/wp-json\/wp\/v2\/users\/82"}],"replies":[{"embeddable":true,"href":"https:\/\/www.africa-press.net\/cotedivoire\/wp-json\/wp\/v2\/comments?post=9631"}],"version-history":[{"count":0,"href":"https:\/\/www.africa-press.net\/cotedivoire\/wp-json\/wp\/v2\/posts\/9631\/revisions"}],"wp:featuredmedia":[{"embeddable":true,"href":"https:\/\/www.africa-press.net\/cotedivoire\/wp-json\/wp\/v2\/media\/9630"}],"wp:attachment":[{"href":"https:\/\/www.africa-press.net\/cotedivoire\/wp-json\/wp\/v2\/media?parent=9631"}],"wp:term":[{"taxonomy":"category","embeddable":true,"href":"https:\/\/www.africa-press.net\/cotedivoire\/wp-json\/wp\/v2\/categories?post=9631"},{"taxonomy":"post_tag","embeddable":true,"href":"https:\/\/www.africa-press.net\/cotedivoire\/wp-json\/wp\/v2\/tags?post=9631"}],"curies":[{"name":"wp","href":"https:\/\/api.w.org\/{rel}","templated":true}]}}