{"id":9640,"date":"2021-07-02T17:51:24","date_gmt":"2021-07-02T17:51:24","guid":{"rendered":"https:\/\/www.africa-press.net\/cotedivoire\/?p=9640"},"modified":"2021-07-03T05:13:09","modified_gmt":"2021-07-03T05:13:09","slug":"lonu-remercie-la-cote-divoire-pour-sa-participation-avec-sacrifices-aux-operations-de-maintien-de-la-paix","status":"publish","type":"post","link":"https:\/\/www.africa-press.net\/cotedivoire\/politique\/lonu-remercie-la-cote-divoire-pour-sa-participation-avec-sacrifices-aux-operations-de-maintien-de-la-paix","title":{"rendered":"L\u2019ONU remercie la C\u00f4te-d\u2019Ivoire pour sa participation avec sacrifices aux op\u00e9rations de maintien de la paix"},"content":{"rendered":"<p><span style=\"color: #ff6600\"><strong><a href=\"https:\/\/www.africa-press.net\/\">Africa-Press<\/a> &#8211; <a href=\"https:\/\/www.africa-press.net\/cotedivoire\">C\u00f4te d&rsquo;Ivoire<\/a>. <\/strong><\/span>\u00ab Le Secr\u00e9taire g\u00e9n\u00e9ral adjoint aux op\u00e9rations de paix, Jean-Pierre Lacroix, a remerci\u00e9 la C\u00f4te d\u2019Ivoire pour son ferme soutien aux op\u00e9rations de maintien de la paix des Nations Unies et pour le service et le sacrifice de son personnel militaire et policier d\u00e9ploy\u00e9 dans le monde sous le drapeau de l\u2019ONU \u00bb, rapporte une note des Nations unies en date du 28 juin 2021.<\/p>\n<p>La C\u00f4te d\u2019Ivoire est le 23e contributeur au maintien de la paix de l\u2019ONU et d\u00e9ploie actuellement 888 militaires et policiers dans cinq op\u00e9rations de paix de l\u2019ONU. Sa plus grande contribution est \u00e0 la Mission multidimensionnelle int\u00e9gr\u00e9e des Nations Unies pour la stabilisation au Mali (MINUSMA), o\u00f9 831 de ses femmes et hommes sont d\u00e9ploy\u00e9s. Les Casques bleus ivoiriens servent \u00e9galement dans la Mission multidimensionnelle int\u00e9gr\u00e9e des Nations Unies pour la stabilisation en R\u00e9publique centrafricaine (MINUSCA) ; la Mission de l\u2019Organisation des Nations Unies pour la stabilisation en R\u00e9publique d\u00e9mocratique du Congo (MONUSCO) ; la Mission des Nations Unies pour le r\u00e9f\u00e9rendum au Sahara occidental (MINURSO) ; et le Bureau int\u00e9gr\u00e9 des Nations Unies en Ha\u00efti (BINUH).<\/p>\n<p>\u00ab La C\u00f4te d\u2019Ivoire est un pays qui a autrefois accueilli une op\u00e9ration de maintien de la paix de l\u2019ONU, mais qui est devenu un contributeur majeur de personnel en uniforme. Les Casques bleus ivoiriens apportent avec eux une connaissance de premier ordre du r\u00f4le vital que jouent les soldats de la paix dans la protection des personnes vuln\u00e9rables et la cr\u00e9ation des conditions d\u2019une paix durable. Les troupes et la police ivoiriennes ont non seulement fait preuve d\u2019un haut niveau de professionnalisme, mais ont \u00e9galement manifest\u00e9 une grande solidarit\u00e9 avec les populations locales qu\u2019elles ont \u00e9t\u00e9 envoy\u00e9es pour prot\u00e9ger \u00bb, a d\u00e9clar\u00e9 M. Lacroix.<\/p>\n<p>\u00ab L\u2019ONU appr\u00e9cie le service et le sacrifice des Casques bleus ivoiriens qui servent dans des environnements dangereux et difficiles, comme ceux que l\u2019on trouve au Mali. Nous sommes profond\u00e9ment reconnaissants pour leur service continu aupr\u00e8s des Nations Unies \u00bb, a- t-il ajout\u00e9.<\/p>\n<p>Au cours de la contribution de la C\u00f4te d\u2019Ivoire au maintien de la paix des Nations Unies, 28 de ses casques bleus ont perdu la vie alors qu\u2019ils servaient sous le drapeau de l\u2019ONU, dont sept au sein de la MINUSMA.<\/p>\n<p>M. Lacroix s\u2019est \u00e9galement f\u00e9licit\u00e9 du fait que la C\u00f4te d\u2019Ivoire ait approuv\u00e9 l\u2019initiative du Secr\u00e9taire g\u00e9n\u00e9ral \u00ab Action pour le maintien de la paix (A4P) \u00bb, qui appelle les \u00c9tats membres, le Conseil de s\u00e9curit\u00e9, les pays h\u00f4tes, les pays fournisseurs de contingents et de police, les partenaires et contributeurs financiers \u00e0 renouveler notre engagement collectif avec les op\u00e9rations de maintien de la paix des Nations Unies et \u00e0 travailler ensemble en vue d\u2019atteindre l\u2019excellence.<\/p>\n<p>&nbsp;<\/p>\n","protected":false},"excerpt":{"rendered":"<p>Africa-Press &#8211; C\u00f4te d&rsquo;Ivoire. \u00ab Le Secr\u00e9taire g\u00e9n\u00e9ral adjoint aux op\u00e9rations de paix, Jean-Pierre Lacroix, a remerci\u00e9 la C\u00f4te d\u2019Ivoire pour son ferme soutien aux op\u00e9rations de maintien de la paix des Nations Unies et pour le service et le sacrifice de son personnel militaire et policier d\u00e9ploy\u00e9 dans le monde sous le drapeau de [&hellip;]<\/p>\n","protected":false},"author":82,"featured_media":9639,"comment_status":"open","ping_status":"closed","sticky":false,"template":"","format":"standard","meta":{"footnotes":""},"categories":[11,2,10],"tags":[56,63,29],"class_list":["post-9640","post","type-post","status-publish","format-standard","has-post-thumbnail","hentry","category-homepage-french","category-politique","category-toutes-les-actualites","tag-africa-press","tag-africa-press-cote-divoire","tag-cote-divoire"],"yoast_head":"<!-- This site is optimized with the Yoast SEO Premium plugin v26.1 (Yoast SEO v27.0) - https:\/\/yoast.com\/product\/yoast-seo-premium-wordpress\/ -->\n<title>L\u2019ONU remercie la C\u00f4te-d\u2019Ivoire pour sa participation avec sacrifices aux op\u00e9rations de maintien de la paix - C\u00f4te d&#039;Ivoire<\/title>\n<meta name=\"description\" content=\"\u00ab Le Secr\u00e9taire g\u00e9n\u00e9ral adjoint aux op\u00e9rations de paix, Jean-Pierre Lacroix, a remerci\u00e9 la C\u00f4te d\u2019Ivoire pour son ferme ...\" \/>\n<meta name=\"robots\" content=\"index, follow, max-snippet:-1, max-image-preview:large, max-video-preview:-1\" \/>\n<link rel=\"canonical\" href=\"https:\/\/www.africa-press.net\/cotedivoire\/politique\/lonu-remercie-la-cote-divoire-pour-sa-participation-avec-sacrifices-aux-operations-de-maintien-de-la-paix\" \/>\n<meta property=\"og:locale\" content=\"fr_FR\" \/>\n<meta property=\"og:type\" content=\"article\" \/>\n<meta property=\"og:title\" content=\"L\u2019ONU remercie la C\u00f4te-d\u2019Ivoire pour sa participation avec sacrifices aux op\u00e9rations de maintien de la paix\" \/>\n<meta property=\"og:description\" content=\"\u00ab Le Secr\u00e9taire g\u00e9n\u00e9ral adjoint aux op\u00e9rations de paix, Jean-Pierre Lacroix, a remerci\u00e9 la C\u00f4te d\u2019Ivoire pour son ferme ...\" \/>\n<meta property=\"og:url\" content=\"https:\/\/www.africa-press.net\/cotedivoire\/politique\/lonu-remercie-la-cote-divoire-pour-sa-participation-avec-sacrifices-aux-operations-de-maintien-de-la-paix\" \/>\n<meta property=\"og:site_name\" content=\"C\u00f4te d&#039;Ivoire\" \/>\n<meta property=\"article:published_time\" content=\"2021-07-02T17:51:24+00:00\" \/>\n<meta property=\"article:modified_time\" content=\"2021-07-03T05:13:09+00:00\" \/>\n<meta property=\"og:image\" content=\"https:\/\/static.africa-press.net\/cote\/sites\/43\/2021\/07\/img-60df499be2e5b.jpg\" \/>\n\t<meta property=\"og:image:width\" content=\"800\" \/>\n\t<meta property=\"og:image:height\" content=\"484\" \/>\n\t<meta property=\"og:image:type\" content=\"image\/jpeg\" \/>\n<meta name=\"author\" content=\"cfeditorfr\" \/>\n<meta name=\"twitter:card\" content=\"summary_large_image\" \/>\n<meta name=\"twitter:label1\" content=\"\u00c9crit par\" \/>\n\t<meta name=\"twitter:data1\" content=\"cfeditorfr\" \/>\n\t<meta name=\"twitter:label2\" content=\"Dur\u00e9e de lecture estim\u00e9e\" \/>\n\t<meta name=\"twitter:data2\" content=\"2 minutes\" \/>\n<script type=\"application\/ld+json\" class=\"yoast-schema-graph\">{\"@context\":\"https:\/\/schema.org\",\"@graph\":[{\"@type\":\"Article\",\"@id\":\"https:\/\/www.africa-press.net\/cotedivoire\/politique\/lonu-remercie-la-cote-divoire-pour-sa-participation-avec-sacrifices-aux-operations-de-maintien-de-la-paix#article\",\"isPartOf\":{\"@id\":\"https:\/\/www.africa-press.net\/cotedivoire\/politique\/lonu-remercie-la-cote-divoire-pour-sa-participation-avec-sacrifices-aux-operations-de-maintien-de-la-paix\"},\"author\":{\"name\":\"cfeditorfr\",\"@id\":\"https:\/\/www.africa-press.net\/cotedivoire\/#\/schema\/person\/2b1cf3cd81a31e3cd26889ca66d677f1\"},\"headline\":\"L\u2019ONU remercie la C\u00f4te-d\u2019Ivoire pour sa participation avec sacrifices aux op\u00e9rations de maintien de la paix\",\"datePublished\":\"2021-07-02T17:51:24+00:00\",\"dateModified\":\"2021-07-03T05:13:09+00:00\",\"mainEntityOfPage\":{\"@id\":\"https:\/\/www.africa-press.net\/cotedivoire\/politique\/lonu-remercie-la-cote-divoire-pour-sa-participation-avec-sacrifices-aux-operations-de-maintien-de-la-paix\"},\"wordCount\":521,\"commentCount\":0,\"image\":{\"@id\":\"https:\/\/www.africa-press.net\/cotedivoire\/politique\/lonu-remercie-la-cote-divoire-pour-sa-participation-avec-sacrifices-aux-operations-de-maintien-de-la-paix#primaryimage\"},\"thumbnailUrl\":\"https:\/\/static.africa-press.net\/cote\/sites\/43\/2021\/07\/img-60df499be2e5b.jpg\",\"keywords\":[\"Africa Press\",\"Africa Press-C\u00f4te d'Ivoire\",\"C\u00d4TE D'IVOIRE\"],\"articleSection\":[\"homepage-french\",\"Politique\",\"Toutes les actualit\u00e9s\"],\"inLanguage\":\"fr-FR\",\"potentialAction\":[{\"@type\":\"CommentAction\",\"name\":\"Comment\",\"target\":[\"https:\/\/www.africa-press.net\/cotedivoire\/politique\/lonu-remercie-la-cote-divoire-pour-sa-participation-avec-sacrifices-aux-operations-de-maintien-de-la-paix#respond\"]}]},{\"@type\":\"WebPage\",\"@id\":\"https:\/\/www.africa-press.net\/cotedivoire\/politique\/lonu-remercie-la-cote-divoire-pour-sa-participation-avec-sacrifices-aux-operations-de-maintien-de-la-paix\",\"url\":\"https:\/\/www.africa-press.net\/cotedivoire\/politique\/lonu-remercie-la-cote-divoire-pour-sa-participation-avec-sacrifices-aux-operations-de-maintien-de-la-paix\",\"name\":\"L\u2019ONU remercie la C\u00f4te-d\u2019Ivoire pour sa participation avec sacrifices aux op\u00e9rations de maintien de la paix - C\u00f4te d&#039;Ivoire\",\"isPartOf\":{\"@id\":\"https:\/\/www.africa-press.net\/cotedivoire\/#website\"},\"primaryImageOfPage\":{\"@id\":\"https:\/\/www.africa-press.net\/cotedivoire\/politique\/lonu-remercie-la-cote-divoire-pour-sa-participation-avec-sacrifices-aux-operations-de-maintien-de-la-paix#primaryimage\"},\"image\":{\"@id\":\"https:\/\/www.africa-press.net\/cotedivoire\/politique\/lonu-remercie-la-cote-divoire-pour-sa-participation-avec-sacrifices-aux-operations-de-maintien-de-la-paix#primaryimage\"},\"thumbnailUrl\":\"https:\/\/static.africa-press.net\/cote\/sites\/43\/2021\/07\/img-60df499be2e5b.jpg\",\"datePublished\":\"2021-07-02T17:51:24+00:00\",\"dateModified\":\"2021-07-03T05:13:09+00:00\",\"author\":{\"@id\":\"https:\/\/www.africa-press.net\/cotedivoire\/#\/schema\/person\/2b1cf3cd81a31e3cd26889ca66d677f1\"},\"description\":\"\u00ab Le Secr\u00e9taire g\u00e9n\u00e9ral adjoint aux op\u00e9rations de paix, Jean-Pierre Lacroix, a remerci\u00e9 la C\u00f4te d\u2019Ivoire pour son ferme ...\",\"breadcrumb\":{\"@id\":\"https:\/\/www.africa-press.net\/cotedivoire\/politique\/lonu-remercie-la-cote-divoire-pour-sa-participation-avec-sacrifices-aux-operations-de-maintien-de-la-paix#breadcrumb\"},\"inLanguage\":\"fr-FR\",\"potentialAction\":[{\"@type\":\"ReadAction\",\"target\":[\"https:\/\/www.africa-press.net\/cotedivoire\/politique\/lonu-remercie-la-cote-divoire-pour-sa-participation-avec-sacrifices-aux-operations-de-maintien-de-la-paix\"]}]},{\"@type\":\"ImageObject\",\"inLanguage\":\"fr-FR\",\"@id\":\"https:\/\/www.africa-press.net\/cotedivoire\/politique\/lonu-remercie-la-cote-divoire-pour-sa-participation-avec-sacrifices-aux-operations-de-maintien-de-la-paix#primaryimage\",\"url\":\"https:\/\/static.africa-press.net\/cote\/sites\/43\/2021\/07\/img-60df499be2e5b.jpg\",\"contentUrl\":\"https:\/\/static.africa-press.net\/cote\/sites\/43\/2021\/07\/img-60df499be2e5b.jpg\",\"width\":800,\"height\":484,\"caption\":\"L\u2019ONU remercie la C\u00f4te-d\u2019Ivoire pour sa participation avec sacrifices aux op\u00e9rations de maintien de la paix\"},{\"@type\":\"BreadcrumbList\",\"@id\":\"https:\/\/www.africa-press.net\/cotedivoire\/politique\/lonu-remercie-la-cote-divoire-pour-sa-participation-avec-sacrifices-aux-operations-de-maintien-de-la-paix#breadcrumb\",\"itemListElement\":[{\"@type\":\"ListItem\",\"position\":1,\"name\":\"Accueil\",\"item\":\"https:\/\/www.africa-press.net\/cotedivoire\/\"},{\"@type\":\"ListItem\",\"position\":2,\"name\":\"L\u2019ONU remercie la C\u00f4te-d\u2019Ivoire pour sa participation avec sacrifices aux op\u00e9rations de maintien de la paix\"}]},{\"@type\":\"WebSite\",\"@id\":\"https:\/\/www.africa-press.net\/cotedivoire\/#website\",\"url\":\"https:\/\/www.africa-press.net\/cotedivoire\/\",\"name\":\"C\u00f4te d&#039;Ivoire\",\"description\":\"Just another Africa News Agency Sites site\",\"potentialAction\":[{\"@type\":\"SearchAction\",\"target\":{\"@type\":\"EntryPoint\",\"urlTemplate\":\"https:\/\/www.africa-press.net\/cotedivoire\/?s={search_term_string}\"},\"query-input\":{\"@type\":\"PropertyValueSpecification\",\"valueRequired\":true,\"valueName\":\"search_term_string\"}}],\"inLanguage\":\"fr-FR\"},{\"@type\":\"Person\",\"@id\":\"https:\/\/www.africa-press.net\/cotedivoire\/#\/schema\/person\/2b1cf3cd81a31e3cd26889ca66d677f1\",\"name\":\"cfeditorfr\"}]}<\/script>\n<!-- \/ Yoast SEO Premium plugin. -->","yoast_head_json":{"title":"L\u2019ONU remercie la C\u00f4te-d\u2019Ivoire pour sa participation avec sacrifices aux op\u00e9rations de maintien de la paix - C\u00f4te d&#039;Ivoire","description":"\u00ab Le Secr\u00e9taire g\u00e9n\u00e9ral adjoint aux op\u00e9rations de paix, Jean-Pierre Lacroix, a remerci\u00e9 la C\u00f4te d\u2019Ivoire pour son ferme ...","robots":{"index":"index","follow":"follow","max-snippet":"max-snippet:-1","max-image-preview":"max-image-preview:large","max-video-preview":"max-video-preview:-1"},"canonical":"https:\/\/www.africa-press.net\/cotedivoire\/politique\/lonu-remercie-la-cote-divoire-pour-sa-participation-avec-sacrifices-aux-operations-de-maintien-de-la-paix","og_locale":"fr_FR","og_type":"article","og_title":"L\u2019ONU remercie la C\u00f4te-d\u2019Ivoire pour sa participation avec sacrifices aux op\u00e9rations de maintien de la paix","og_description":"\u00ab Le Secr\u00e9taire g\u00e9n\u00e9ral adjoint aux op\u00e9rations de paix, Jean-Pierre Lacroix, a remerci\u00e9 la C\u00f4te d\u2019Ivoire pour son ferme ...","og_url":"https:\/\/www.africa-press.net\/cotedivoire\/politique\/lonu-remercie-la-cote-divoire-pour-sa-participation-avec-sacrifices-aux-operations-de-maintien-de-la-paix","og_site_name":"C\u00f4te d&#039;Ivoire","article_published_time":"2021-07-02T17:51:24+00:00","article_modified_time":"2021-07-03T05:13:09+00:00","og_image":[{"width":800,"height":484,"url":"https:\/\/static.africa-press.net\/cote\/sites\/43\/2021\/07\/img-60df499be2e5b.jpg","type":"image\/jpeg"}],"author":"cfeditorfr","twitter_card":"summary_large_image","twitter_misc":{"\u00c9crit par":"cfeditorfr","Dur\u00e9e de lecture estim\u00e9e":"2 minutes"},"schema":{"@context":"https:\/\/schema.org","@graph":[{"@type":"Article","@id":"https:\/\/www.africa-press.net\/cotedivoire\/politique\/lonu-remercie-la-cote-divoire-pour-sa-participation-avec-sacrifices-aux-operations-de-maintien-de-la-paix#article","isPartOf":{"@id":"https:\/\/www.africa-press.net\/cotedivoire\/politique\/lonu-remercie-la-cote-divoire-pour-sa-participation-avec-sacrifices-aux-operations-de-maintien-de-la-paix"},"author":{"name":"cfeditorfr","@id":"https:\/\/www.africa-press.net\/cotedivoire\/#\/schema\/person\/2b1cf3cd81a31e3cd26889ca66d677f1"},"headline":"L\u2019ONU remercie la C\u00f4te-d\u2019Ivoire pour sa participation avec sacrifices aux op\u00e9rations de maintien de la paix","datePublished":"2021-07-02T17:51:24+00:00","dateModified":"2021-07-03T05:13:09+00:00","mainEntityOfPage":{"@id":"https:\/\/www.africa-press.net\/cotedivoire\/politique\/lonu-remercie-la-cote-divoire-pour-sa-participation-avec-sacrifices-aux-operations-de-maintien-de-la-paix"},"wordCount":521,"commentCount":0,"image":{"@id":"https:\/\/www.africa-press.net\/cotedivoire\/politique\/lonu-remercie-la-cote-divoire-pour-sa-participation-avec-sacrifices-aux-operations-de-maintien-de-la-paix#primaryimage"},"thumbnailUrl":"https:\/\/static.africa-press.net\/cote\/sites\/43\/2021\/07\/img-60df499be2e5b.jpg","keywords":["Africa Press","Africa Press-C\u00f4te d'Ivoire","C\u00d4TE D'IVOIRE"],"articleSection":["homepage-french","Politique","Toutes les actualit\u00e9s"],"inLanguage":"fr-FR","potentialAction":[{"@type":"CommentAction","name":"Comment","target":["https:\/\/www.africa-press.net\/cotedivoire\/politique\/lonu-remercie-la-cote-divoire-pour-sa-participation-avec-sacrifices-aux-operations-de-maintien-de-la-paix#respond"]}]},{"@type":"WebPage","@id":"https:\/\/www.africa-press.net\/cotedivoire\/politique\/lonu-remercie-la-cote-divoire-pour-sa-participation-avec-sacrifices-aux-operations-de-maintien-de-la-paix","url":"https:\/\/www.africa-press.net\/cotedivoire\/politique\/lonu-remercie-la-cote-divoire-pour-sa-participation-avec-sacrifices-aux-operations-de-maintien-de-la-paix","name":"L\u2019ONU remercie la C\u00f4te-d\u2019Ivoire pour sa participation avec sacrifices aux op\u00e9rations de maintien de la paix - C\u00f4te d&#039;Ivoire","isPartOf":{"@id":"https:\/\/www.africa-press.net\/cotedivoire\/#website"},"primaryImageOfPage":{"@id":"https:\/\/www.africa-press.net\/cotedivoire\/politique\/lonu-remercie-la-cote-divoire-pour-sa-participation-avec-sacrifices-aux-operations-de-maintien-de-la-paix#primaryimage"},"image":{"@id":"https:\/\/www.africa-press.net\/cotedivoire\/politique\/lonu-remercie-la-cote-divoire-pour-sa-participation-avec-sacrifices-aux-operations-de-maintien-de-la-paix#primaryimage"},"thumbnailUrl":"https:\/\/static.africa-press.net\/cote\/sites\/43\/2021\/07\/img-60df499be2e5b.jpg","datePublished":"2021-07-02T17:51:24+00:00","dateModified":"2021-07-03T05:13:09+00:00","author":{"@id":"https:\/\/www.africa-press.net\/cotedivoire\/#\/schema\/person\/2b1cf3cd81a31e3cd26889ca66d677f1"},"description":"\u00ab Le Secr\u00e9taire g\u00e9n\u00e9ral adjoint aux op\u00e9rations de paix, Jean-Pierre Lacroix, a remerci\u00e9 la C\u00f4te d\u2019Ivoire pour son ferme ...","breadcrumb":{"@id":"https:\/\/www.africa-press.net\/cotedivoire\/politique\/lonu-remercie-la-cote-divoire-pour-sa-participation-avec-sacrifices-aux-operations-de-maintien-de-la-paix#breadcrumb"},"inLanguage":"fr-FR","potentialAction":[{"@type":"ReadAction","target":["https:\/\/www.africa-press.net\/cotedivoire\/politique\/lonu-remercie-la-cote-divoire-pour-sa-participation-avec-sacrifices-aux-operations-de-maintien-de-la-paix"]}]},{"@type":"ImageObject","inLanguage":"fr-FR","@id":"https:\/\/www.africa-press.net\/cotedivoire\/politique\/lonu-remercie-la-cote-divoire-pour-sa-participation-avec-sacrifices-aux-operations-de-maintien-de-la-paix#primaryimage","url":"https:\/\/static.africa-press.net\/cote\/sites\/43\/2021\/07\/img-60df499be2e5b.jpg","contentUrl":"https:\/\/static.africa-press.net\/cote\/sites\/43\/2021\/07\/img-60df499be2e5b.jpg","width":800,"height":484,"caption":"L\u2019ONU remercie la C\u00f4te-d\u2019Ivoire pour sa participation avec sacrifices aux op\u00e9rations de maintien de la paix"},{"@type":"BreadcrumbList","@id":"https:\/\/www.africa-press.net\/cotedivoire\/politique\/lonu-remercie-la-cote-divoire-pour-sa-participation-avec-sacrifices-aux-operations-de-maintien-de-la-paix#breadcrumb","itemListElement":[{"@type":"ListItem","position":1,"name":"Accueil","item":"https:\/\/www.africa-press.net\/cotedivoire\/"},{"@type":"ListItem","position":2,"name":"L\u2019ONU remercie la C\u00f4te-d\u2019Ivoire pour sa participation avec sacrifices aux op\u00e9rations de maintien de la paix"}]},{"@type":"WebSite","@id":"https:\/\/www.africa-press.net\/cotedivoire\/#website","url":"https:\/\/www.africa-press.net\/cotedivoire\/","name":"C\u00f4te d&#039;Ivoire","description":"Just another Africa News Agency Sites site","potentialAction":[{"@type":"SearchAction","target":{"@type":"EntryPoint","urlTemplate":"https:\/\/www.africa-press.net\/cotedivoire\/?s={search_term_string}"},"query-input":{"@type":"PropertyValueSpecification","valueRequired":true,"valueName":"search_term_string"}}],"inLanguage":"fr-FR"},{"@type":"Person","@id":"https:\/\/www.africa-press.net\/cotedivoire\/#\/schema\/person\/2b1cf3cd81a31e3cd26889ca66d677f1","name":"cfeditorfr"}]}},"_links":{"self":[{"href":"https:\/\/www.africa-press.net\/cotedivoire\/wp-json\/wp\/v2\/posts\/9640","targetHints":{"allow":["GET"]}}],"collection":[{"href":"https:\/\/www.africa-press.net\/cotedivoire\/wp-json\/wp\/v2\/posts"}],"about":[{"href":"https:\/\/www.africa-press.net\/cotedivoire\/wp-json\/wp\/v2\/types\/post"}],"author":[{"embeddable":true,"href":"https:\/\/www.africa-press.net\/cotedivoire\/wp-json\/wp\/v2\/users\/82"}],"replies":[{"embeddable":true,"href":"https:\/\/www.africa-press.net\/cotedivoire\/wp-json\/wp\/v2\/comments?post=9640"}],"version-history":[{"count":0,"href":"https:\/\/www.africa-press.net\/cotedivoire\/wp-json\/wp\/v2\/posts\/9640\/revisions"}],"wp:featuredmedia":[{"embeddable":true,"href":"https:\/\/www.africa-press.net\/cotedivoire\/wp-json\/wp\/v2\/media\/9639"}],"wp:attachment":[{"href":"https:\/\/www.africa-press.net\/cotedivoire\/wp-json\/wp\/v2\/media?parent=9640"}],"wp:term":[{"taxonomy":"category","embeddable":true,"href":"https:\/\/www.africa-press.net\/cotedivoire\/wp-json\/wp\/v2\/categories?post=9640"},{"taxonomy":"post_tag","embeddable":true,"href":"https:\/\/www.africa-press.net\/cotedivoire\/wp-json\/wp\/v2\/tags?post=9640"}],"curies":[{"name":"wp","href":"https:\/\/api.w.org\/{rel}","templated":true}]}}