{"id":96424,"date":"2025-03-17T13:01:34","date_gmt":"2025-03-17T13:01:34","guid":{"rendered":"https:\/\/www.africa-press.net\/cotedivoire\/politique\/les-abysses-convoites-une-biodiversite-revelee-par-lappetit-minier-mais-aussitot-menacee"},"modified":"2025-03-17T13:01:34","modified_gmt":"2025-03-17T13:01:34","slug":"les-abysses-convoites-une-biodiversite-revelee-par-lappetit-minier-mais-aussitot-menacee","status":"publish","type":"post","link":"https:\/\/www.africa-press.net\/cotedivoire\/toutes-les-actualites\/les-abysses-convoites-une-biodiversite-revelee-par-lappetit-minier-mais-aussitot-menacee","title":{"rendered":"Les abysses convoit\u00e9s : une biodiversit\u00e9 r\u00e9v\u00e9l\u00e9e par l\u2019app\u00e9tit minier, mais aussit\u00f4t menac\u00e9e"},"content":{"rendered":"<p><span style=\"color: #ff6600\"><strong>Africa-Press &#8211; C\u00f4te d&rsquo;Ivoire. <\/strong><\/span>Dans les profondeurs froides et obscures du Pacifique, l&rsquo;immense plancher oce\u0301anique est constelle\u0301 de galets riches en me\u0301taux convoite\u0301s par l&rsquo;industrie, au milieu d&rsquo;une multitude d&rsquo;espe\u0300ces e\u0301tranges, quasi totalement inconnues de la science. D&rsquo;un co\u0302te\u0301, l&rsquo;industrie minie\u0300re se bat pour obtenir le droit d&rsquo;excaver les fonds marins de la zone de Clarion Clipperton (CCZ), immense plaine des abysses a\u0300 plus de 3.000 me\u0300tres de profondeur, entre Hawai\u0308 et le Mexique. De l&rsquo;autre, des chercheurs, en grande partie finance\u0301s par les entreprises, s&rsquo;y pre\u0301cipitent pour identifier et cartographier des milliers d&rsquo;espe\u0300ces myste\u0301rieuses.<\/p>\n<p><b>\u00ab\u00a0Un nombre conside\u0301rable d&rsquo;espe\u0300ces rares\u00a0\u00bb<\/b><\/p>\n<p>La CCZ a longtemps e\u0301te\u0301 perc\u0327ue comme un de\u0301sert sous-marin. Elle est de\u0301sormais connue pour abriter une faune et une flore abondantes: un concombre de mer ge\u0301ant surnomme\u0301 \u00ab\u00a0l&rsquo;e\u0301cureuil ge\u0301latineux\u00a0\u00bb, une crevette aux longues pattes velues, des vers ou des e\u0301ponges flottantes attache\u0301es aux rochers&#8230; Paradoxe: la voie a\u0300 l&rsquo;exploration scientifique a e\u0301te\u0301 ouverte par l&rsquo;inte\u0301re\u0302t pour les \u00ab\u00a0nodules\u00a0\u00bb: des \u00ab\u00a0galets de me\u0301taux\u00a0\u00bb agre\u0301geant notamment cobalt, mangane\u0300se, nickel, cuivre et fer qui sont recherche\u0301s pour les batteries, les panneaux solaires ou les e\u0301crans tactiles. \u00ab\u00a0Nous avons une bien meilleure compre\u0301hension de cette partie du monde que si nous n&rsquo;avions pas essaye\u0301 de l&rsquo;exploiter\u00a0\u00bb, admet Tammy Horton, du Centre oce\u0301anographique national du Royaume-Uni (NOC).<\/p>\n<p>Mais pour les de\u0301fenseurs de l&rsquo;environnement, cette biodiversite\u0301 est le ve\u0301ritable tre\u0301sor de ces abysses. Et elle risque de disparai\u0302tre avant me\u0302me d&rsquo;e\u0302tre de\u0301couverte, sous l&rsquo;e\u0301norme panache de se\u0301diments mille\u0301naires que l&rsquo;exploitation minie\u0300re soule\u0300verait. Les nodules eux-me\u0302mes lui offre un habitat unique, sorte de jardins de corail en miniature. Les scientifiques ont pre\u0301leve\u0301 des e\u0301chantillons avec des appareils de collecte lance\u0301s depuis des navires et ont de\u0301ploye\u0301 des ve\u0301hicules te\u0301le\u0301commande\u0301s pour prendre des photos. Un cliche\u0301 peut de\u0301voiler une seule ophiure, animal ressemblant a\u0300 une e\u0301toile de mer, mais il est rare que les chercheurs voient deux fois la me\u0302me cre\u0301ature. Il existe \u00ab\u00a0un nombre conside\u0301rable d&rsquo;espe\u0300ces rares\u00a0\u00bb, rendant cette re\u0301gion comparable a\u0300 l&rsquo;Amazonie, a de\u0301clare\u0301 Tammy Horton.<\/p>\n<p><b>Dents de requins<\/b><\/p>\n<p>Environ 90% des 5.000 espe\u0300ces animales recense\u0301es dans la CCZ e\u0301taient nouvelles pour la science, selon le premier bilan publie\u0301 en 2023 dans la revue Nature Ecology and Evolution. L&rsquo;Autorite\u0301 internationale des fonds marins (AIFM), fonde\u0301e sous l&rsquo;e\u0301gide de l&rsquo;ONU, s&rsquo;est fixe\u0301 pour objectif de de\u0301crire plus d&rsquo;un millier d&rsquo;espe\u0300ces d&rsquo;ici a\u0300 2030 dans les re\u0301gions convoite\u0301es par l&rsquo;industrie. Chaque animal doit e\u0302tre esquisse\u0301, disse\u0301que\u0301 et dote\u0301 d&rsquo;un \u00ab\u00a0code-barres\u00a0\u00bb mole\u0301culaire, sorte d&#8217;empreinte ADN pour permettre a\u0300 d&rsquo;autres chercheurs de l&rsquo;identifier.<\/p>\n<p>Il a fallu un an a\u0300 Tammy Horton et une e\u0301quipe pour de\u0301crire 27 amphipodes, sorte de petit crustace\u0301, sur plus d&rsquo;une centaine encore sans nom. Mais l&rsquo;AIFM, cense\u0301e finaliser cette anne\u0301e son code minier, est presse\u0301e d&rsquo;aller plus vite, alors que l&rsquo;entreprise canadienne The Metals Company pre\u0301voit de soumettre la toute premie\u0300re demande d&rsquo;exploitation en juin. Pour l&rsquo;association Fauna &amp; Flora, l&rsquo;exploitation risque de perturber la chai\u0302ne alimentaire, voire accentuer le changement climatique en libe\u0301rant le carbone contenue dans les se\u0301diments, source de re\u0301chauffement supple\u0301mentaire.<\/p>\n<p><b>Souvenirs de la guerre froide<\/b><\/p>\n<p>Le plus ancien site minier expe\u0301rimental est une bande de fond excave\u0301e dans le plus grand secret en 1979. Selon Daniel Jones, autre professeur du NOC qui a fouille\u0301 les archives pour le localiser, l&rsquo;expe\u0301rimentation est ne\u0301e d&rsquo;une complexe manigance de la CIA pour re\u0301cupe\u0301rer un sous-marin nucle\u0301aire russe. Apre\u0300s avoir fait semblant de mener une exploration minie\u0300re en guise de couverture, la CIA avait de\u0301cide\u0301 de louer le navire pour une ve\u0301ritable tentative, raconte Daniel Jones, qui a retrouve\u0301 une vieille photo de la machine d&rsquo;environ huit me\u0300tres de large qui a racle\u0301 les fonds. Son e\u0301quipe s&rsquo;est rendue sur place en 2023 et a constate\u0301 que les traces, plus de 40 ans apre\u0300s, e\u0301taient encore visibles sur le plancher oce\u0301anique. Il y avait \u00ab\u00a0les premiers indices d&rsquo;un re\u0301tablissement biologique\u00a0\u00bb le long des sillons, a de\u0301clare\u0301 M. Jones, mais la densite\u0301 de population animale n&rsquo;avait pas retrouve\u0301 sa densite\u0301 normale.<\/p>\n<p>Les nodules eux-me\u0302mes se sont probablement forme\u0301s il y a des millions d&rsquo;anne\u0301es: des fragments solides &#8211; dent de requin, os d&rsquo;oreille de poisson &#8211; se sont de\u0301pose\u0301s sur les fonds, puis agrandis a\u0300 un rythme infiniment lent par l&rsquo;accumulation de mine\u0301raux dans l&rsquo;eau. Mais selon le Conseil consultatif des acade\u0301mies europe\u0301ennes des sciences (EASAC), le besoin en nodules pour la transition e\u0301nerge\u0301tique a e\u0301te\u0301 exage\u0301re\u0301. Une fois lance\u0301e, l&rsquo;exploitation des grands fonds marins sera difficile a\u0300 arre\u0302ter, met en garde Michael Norton, directeur de l&rsquo;environnement a\u0300 l&rsquo;EASAC: \u00ab\u00a0C&rsquo;est une voie a\u0300 sens unique. Une fois engage\u0301, on ne fait plus demi-tour de son plein gre\u0301\u00a0\u00bb.<\/p>\n<p><strong>Pour plus d&rsquo;informations et d&rsquo;analyses sur la <span style=\"color: #ff6600\">C\u00f4te d&rsquo;Ivoire<\/span>, suivez <span style=\"color: #ff6600\">Africa-Press<span style=\"color: #ff6600\"><\/span><\/strong><\/p>\n","protected":false},"excerpt":{"rendered":"<p>Africa-Press &#8211; C\u00f4te d&rsquo;Ivoire. Dans les profondeurs froides et obscures du Pacifique, l&rsquo;immense plancher oce\u0301anique est constelle\u0301 de galets riches en me\u0301taux convoite\u0301s par l&rsquo;industrie, au milieu d&rsquo;une multitude d&rsquo;espe\u0300ces e\u0301tranges, quasi totalement inconnues de la science. D&rsquo;un co\u0302te\u0301, l&rsquo;industrie minie\u0300re se bat pour obtenir le droit d&rsquo;excaver les fonds marins de la zone de [&hellip;]<\/p>\n","protected":false},"author":82,"featured_media":96423,"comment_status":"open","ping_status":"closed","sticky":false,"template":"","format":"standard","meta":{"footnotes":""},"categories":[22,10],"tags":[37],"class_list":["post-96424","post","type-post","status-publish","format-standard","has-post-thumbnail","hentry","category-divers","category-toutes-les-actualites","tag-cote-divoire-2"],"yoast_head":"<!-- This site is optimized with the Yoast SEO Premium plugin v26.1 (Yoast SEO v27.0) - https:\/\/yoast.com\/product\/yoast-seo-premium-wordpress\/ -->\n<title>Les abysses convoit\u00e9s : une biodiversit\u00e9 r\u00e9v\u00e9l\u00e9e par l\u2019app\u00e9tit minier, mais aussit\u00f4t menac\u00e9e - C\u00f4te d&#039;Ivoire<\/title>\n<meta name=\"robots\" content=\"index, follow, max-snippet:-1, max-image-preview:large, max-video-preview:-1\" \/>\n<link rel=\"canonical\" href=\"https:\/\/www.africa-press.net\/cotedivoire\/politique\/les-abysses-convoites-une-biodiversite-revelee-par-lappetit-minier-mais-aussitot-menacee\" \/>\n<meta property=\"og:locale\" content=\"fr_FR\" \/>\n<meta property=\"og:type\" content=\"article\" \/>\n<meta property=\"og:title\" content=\"Les abysses convoit\u00e9s : une biodiversit\u00e9 r\u00e9v\u00e9l\u00e9e par l\u2019app\u00e9tit minier, mais aussit\u00f4t menac\u00e9e\" \/>\n<meta property=\"og:description\" content=\"Africa-Press &#8211; C\u00f4te d&rsquo;Ivoire. Dans les profondeurs froides et obscures du Pacifique, l&rsquo;immense plancher oce\u0301anique est constelle\u0301 de galets riches en me\u0301taux convoite\u0301s par l&rsquo;industrie, au milieu d&rsquo;une multitude d&rsquo;espe\u0300ces e\u0301tranges, quasi totalement inconnues de la science. D&rsquo;un co\u0302te\u0301, l&rsquo;industrie minie\u0300re se bat pour obtenir le droit d&rsquo;excaver les fonds marins de la zone de [&hellip;]\" \/>\n<meta property=\"og:url\" content=\"https:\/\/www.africa-press.net\/cotedivoire\/politique\/les-abysses-convoites-une-biodiversite-revelee-par-lappetit-minier-mais-aussitot-menacee\" \/>\n<meta property=\"og:site_name\" content=\"C\u00f4te d&#039;Ivoire\" \/>\n<meta property=\"article:published_time\" content=\"2025-03-17T13:01:34+00:00\" \/>\n<meta name=\"author\" content=\"cfeditorfr\" \/>\n<meta name=\"twitter:card\" content=\"summary_large_image\" \/>\n<meta name=\"twitter:label1\" content=\"\u00c9crit par\" \/>\n\t<meta name=\"twitter:data1\" content=\"cfeditorfr\" \/>\n\t<meta name=\"twitter:label2\" content=\"Dur\u00e9e de lecture estim\u00e9e\" \/>\n\t<meta name=\"twitter:data2\" content=\"4 minutes\" \/>\n<script type=\"application\/ld+json\" class=\"yoast-schema-graph\">{\"@context\":\"https:\/\/schema.org\",\"@graph\":[{\"@type\":\"Article\",\"@id\":\"https:\/\/www.africa-press.net\/cotedivoire\/politique\/les-abysses-convoites-une-biodiversite-revelee-par-lappetit-minier-mais-aussitot-menacee#article\",\"isPartOf\":{\"@id\":\"https:\/\/www.africa-press.net\/cotedivoire\/politique\/les-abysses-convoites-une-biodiversite-revelee-par-lappetit-minier-mais-aussitot-menacee\"},\"author\":{\"name\":\"cfeditorfr\",\"@id\":\"https:\/\/www.africa-press.net\/cotedivoire\/#\/schema\/person\/2b1cf3cd81a31e3cd26889ca66d677f1\"},\"headline\":\"Les abysses convoit\u00e9s : une biodiversit\u00e9 r\u00e9v\u00e9l\u00e9e par l\u2019app\u00e9tit minier, mais aussit\u00f4t menac\u00e9e\",\"datePublished\":\"2025-03-17T13:01:34+00:00\",\"mainEntityOfPage\":{\"@id\":\"https:\/\/www.africa-press.net\/cotedivoire\/politique\/les-abysses-convoites-une-biodiversite-revelee-par-lappetit-minier-mais-aussitot-menacee\"},\"wordCount\":963,\"commentCount\":0,\"image\":{\"@id\":\"https:\/\/www.africa-press.net\/cotedivoire\/politique\/les-abysses-convoites-une-biodiversite-revelee-par-lappetit-minier-mais-aussitot-menacee#primaryimage\"},\"thumbnailUrl\":\"https:\/\/static.africa-press.net\/cote\/sites\/43\/2025\/03\/sm_1742204406.098694.jpg\",\"keywords\":[\"C\u00f4te d'Ivoire\"],\"articleSection\":[\"Divers\",\"Toutes les actualit\u00e9s\"],\"inLanguage\":\"fr-FR\",\"potentialAction\":[{\"@type\":\"CommentAction\",\"name\":\"Comment\",\"target\":[\"https:\/\/www.africa-press.net\/cotedivoire\/politique\/les-abysses-convoites-une-biodiversite-revelee-par-lappetit-minier-mais-aussitot-menacee#respond\"]}]},{\"@type\":\"WebPage\",\"@id\":\"https:\/\/www.africa-press.net\/cotedivoire\/politique\/les-abysses-convoites-une-biodiversite-revelee-par-lappetit-minier-mais-aussitot-menacee\",\"url\":\"https:\/\/www.africa-press.net\/cotedivoire\/politique\/les-abysses-convoites-une-biodiversite-revelee-par-lappetit-minier-mais-aussitot-menacee\",\"name\":\"Les abysses convoit\u00e9s : une biodiversit\u00e9 r\u00e9v\u00e9l\u00e9e par l\u2019app\u00e9tit minier, mais aussit\u00f4t menac\u00e9e - C\u00f4te d&#039;Ivoire\",\"isPartOf\":{\"@id\":\"https:\/\/www.africa-press.net\/cotedivoire\/#website\"},\"primaryImageOfPage\":{\"@id\":\"https:\/\/www.africa-press.net\/cotedivoire\/politique\/les-abysses-convoites-une-biodiversite-revelee-par-lappetit-minier-mais-aussitot-menacee#primaryimage\"},\"image\":{\"@id\":\"https:\/\/www.africa-press.net\/cotedivoire\/politique\/les-abysses-convoites-une-biodiversite-revelee-par-lappetit-minier-mais-aussitot-menacee#primaryimage\"},\"thumbnailUrl\":\"https:\/\/static.africa-press.net\/cote\/sites\/43\/2025\/03\/sm_1742204406.098694.jpg\",\"datePublished\":\"2025-03-17T13:01:34+00:00\",\"author\":{\"@id\":\"https:\/\/www.africa-press.net\/cotedivoire\/#\/schema\/person\/2b1cf3cd81a31e3cd26889ca66d677f1\"},\"breadcrumb\":{\"@id\":\"https:\/\/www.africa-press.net\/cotedivoire\/politique\/les-abysses-convoites-une-biodiversite-revelee-par-lappetit-minier-mais-aussitot-menacee#breadcrumb\"},\"inLanguage\":\"fr-FR\",\"potentialAction\":[{\"@type\":\"ReadAction\",\"target\":[\"https:\/\/www.africa-press.net\/cotedivoire\/politique\/les-abysses-convoites-une-biodiversite-revelee-par-lappetit-minier-mais-aussitot-menacee\"]}]},{\"@type\":\"ImageObject\",\"inLanguage\":\"fr-FR\",\"@id\":\"https:\/\/www.africa-press.net\/cotedivoire\/politique\/les-abysses-convoites-une-biodiversite-revelee-par-lappetit-minier-mais-aussitot-menacee#primaryimage\",\"url\":\"https:\/\/static.africa-press.net\/cote\/sites\/43\/2025\/03\/sm_1742204406.098694.jpg\",\"contentUrl\":\"https:\/\/static.africa-press.net\/cote\/sites\/43\/2025\/03\/sm_1742204406.098694.jpg\",\"width\":1200,\"height\":900,\"caption\":\"Les abysses convoit\u00e9s : une biodiversit\u00e9 r\u00e9v\u00e9l\u00e9e par l\u2019app\u00e9tit minier, mais aussit\u00f4t menac\u00e9e\"},{\"@type\":\"BreadcrumbList\",\"@id\":\"https:\/\/www.africa-press.net\/cotedivoire\/politique\/les-abysses-convoites-une-biodiversite-revelee-par-lappetit-minier-mais-aussitot-menacee#breadcrumb\",\"itemListElement\":[{\"@type\":\"ListItem\",\"position\":1,\"name\":\"Accueil\",\"item\":\"https:\/\/www.africa-press.net\/cotedivoire\/\"},{\"@type\":\"ListItem\",\"position\":2,\"name\":\"Les abysses convoit\u00e9s : une biodiversit\u00e9 r\u00e9v\u00e9l\u00e9e par l\u2019app\u00e9tit minier, mais aussit\u00f4t menac\u00e9e\"}]},{\"@type\":\"WebSite\",\"@id\":\"https:\/\/www.africa-press.net\/cotedivoire\/#website\",\"url\":\"https:\/\/www.africa-press.net\/cotedivoire\/\",\"name\":\"C\u00f4te d&#039;Ivoire\",\"description\":\"Just another Africa News Agency Sites site\",\"potentialAction\":[{\"@type\":\"SearchAction\",\"target\":{\"@type\":\"EntryPoint\",\"urlTemplate\":\"https:\/\/www.africa-press.net\/cotedivoire\/?s={search_term_string}\"},\"query-input\":{\"@type\":\"PropertyValueSpecification\",\"valueRequired\":true,\"valueName\":\"search_term_string\"}}],\"inLanguage\":\"fr-FR\"},{\"@type\":\"Person\",\"@id\":\"https:\/\/www.africa-press.net\/cotedivoire\/#\/schema\/person\/2b1cf3cd81a31e3cd26889ca66d677f1\",\"name\":\"cfeditorfr\"}]}<\/script>\n<!-- \/ Yoast SEO Premium plugin. -->","yoast_head_json":{"title":"Les abysses convoit\u00e9s : une biodiversit\u00e9 r\u00e9v\u00e9l\u00e9e par l\u2019app\u00e9tit minier, mais aussit\u00f4t menac\u00e9e - C\u00f4te d&#039;Ivoire","robots":{"index":"index","follow":"follow","max-snippet":"max-snippet:-1","max-image-preview":"max-image-preview:large","max-video-preview":"max-video-preview:-1"},"canonical":"https:\/\/www.africa-press.net\/cotedivoire\/politique\/les-abysses-convoites-une-biodiversite-revelee-par-lappetit-minier-mais-aussitot-menacee","og_locale":"fr_FR","og_type":"article","og_title":"Les abysses convoit\u00e9s : une biodiversit\u00e9 r\u00e9v\u00e9l\u00e9e par l\u2019app\u00e9tit minier, mais aussit\u00f4t menac\u00e9e","og_description":"Africa-Press &#8211; C\u00f4te d&rsquo;Ivoire. Dans les profondeurs froides et obscures du Pacifique, l&rsquo;immense plancher oce\u0301anique est constelle\u0301 de galets riches en me\u0301taux convoite\u0301s par l&rsquo;industrie, au milieu d&rsquo;une multitude d&rsquo;espe\u0300ces e\u0301tranges, quasi totalement inconnues de la science. D&rsquo;un co\u0302te\u0301, l&rsquo;industrie minie\u0300re se bat pour obtenir le droit d&rsquo;excaver les fonds marins de la zone de [&hellip;]","og_url":"https:\/\/www.africa-press.net\/cotedivoire\/politique\/les-abysses-convoites-une-biodiversite-revelee-par-lappetit-minier-mais-aussitot-menacee","og_site_name":"C\u00f4te d&#039;Ivoire","article_published_time":"2025-03-17T13:01:34+00:00","author":"cfeditorfr","twitter_card":"summary_large_image","twitter_misc":{"\u00c9crit par":"cfeditorfr","Dur\u00e9e de lecture estim\u00e9e":"4 minutes"},"schema":{"@context":"https:\/\/schema.org","@graph":[{"@type":"Article","@id":"https:\/\/www.africa-press.net\/cotedivoire\/politique\/les-abysses-convoites-une-biodiversite-revelee-par-lappetit-minier-mais-aussitot-menacee#article","isPartOf":{"@id":"https:\/\/www.africa-press.net\/cotedivoire\/politique\/les-abysses-convoites-une-biodiversite-revelee-par-lappetit-minier-mais-aussitot-menacee"},"author":{"name":"cfeditorfr","@id":"https:\/\/www.africa-press.net\/cotedivoire\/#\/schema\/person\/2b1cf3cd81a31e3cd26889ca66d677f1"},"headline":"Les abysses convoit\u00e9s : une biodiversit\u00e9 r\u00e9v\u00e9l\u00e9e par l\u2019app\u00e9tit minier, mais aussit\u00f4t menac\u00e9e","datePublished":"2025-03-17T13:01:34+00:00","mainEntityOfPage":{"@id":"https:\/\/www.africa-press.net\/cotedivoire\/politique\/les-abysses-convoites-une-biodiversite-revelee-par-lappetit-minier-mais-aussitot-menacee"},"wordCount":963,"commentCount":0,"image":{"@id":"https:\/\/www.africa-press.net\/cotedivoire\/politique\/les-abysses-convoites-une-biodiversite-revelee-par-lappetit-minier-mais-aussitot-menacee#primaryimage"},"thumbnailUrl":"https:\/\/static.africa-press.net\/cote\/sites\/43\/2025\/03\/sm_1742204406.098694.jpg","keywords":["C\u00f4te d'Ivoire"],"articleSection":["Divers","Toutes les actualit\u00e9s"],"inLanguage":"fr-FR","potentialAction":[{"@type":"CommentAction","name":"Comment","target":["https:\/\/www.africa-press.net\/cotedivoire\/politique\/les-abysses-convoites-une-biodiversite-revelee-par-lappetit-minier-mais-aussitot-menacee#respond"]}]},{"@type":"WebPage","@id":"https:\/\/www.africa-press.net\/cotedivoire\/politique\/les-abysses-convoites-une-biodiversite-revelee-par-lappetit-minier-mais-aussitot-menacee","url":"https:\/\/www.africa-press.net\/cotedivoire\/politique\/les-abysses-convoites-une-biodiversite-revelee-par-lappetit-minier-mais-aussitot-menacee","name":"Les abysses convoit\u00e9s : une biodiversit\u00e9 r\u00e9v\u00e9l\u00e9e par l\u2019app\u00e9tit minier, mais aussit\u00f4t menac\u00e9e - C\u00f4te d&#039;Ivoire","isPartOf":{"@id":"https:\/\/www.africa-press.net\/cotedivoire\/#website"},"primaryImageOfPage":{"@id":"https:\/\/www.africa-press.net\/cotedivoire\/politique\/les-abysses-convoites-une-biodiversite-revelee-par-lappetit-minier-mais-aussitot-menacee#primaryimage"},"image":{"@id":"https:\/\/www.africa-press.net\/cotedivoire\/politique\/les-abysses-convoites-une-biodiversite-revelee-par-lappetit-minier-mais-aussitot-menacee#primaryimage"},"thumbnailUrl":"https:\/\/static.africa-press.net\/cote\/sites\/43\/2025\/03\/sm_1742204406.098694.jpg","datePublished":"2025-03-17T13:01:34+00:00","author":{"@id":"https:\/\/www.africa-press.net\/cotedivoire\/#\/schema\/person\/2b1cf3cd81a31e3cd26889ca66d677f1"},"breadcrumb":{"@id":"https:\/\/www.africa-press.net\/cotedivoire\/politique\/les-abysses-convoites-une-biodiversite-revelee-par-lappetit-minier-mais-aussitot-menacee#breadcrumb"},"inLanguage":"fr-FR","potentialAction":[{"@type":"ReadAction","target":["https:\/\/www.africa-press.net\/cotedivoire\/politique\/les-abysses-convoites-une-biodiversite-revelee-par-lappetit-minier-mais-aussitot-menacee"]}]},{"@type":"ImageObject","inLanguage":"fr-FR","@id":"https:\/\/www.africa-press.net\/cotedivoire\/politique\/les-abysses-convoites-une-biodiversite-revelee-par-lappetit-minier-mais-aussitot-menacee#primaryimage","url":"https:\/\/static.africa-press.net\/cote\/sites\/43\/2025\/03\/sm_1742204406.098694.jpg","contentUrl":"https:\/\/static.africa-press.net\/cote\/sites\/43\/2025\/03\/sm_1742204406.098694.jpg","width":1200,"height":900,"caption":"Les abysses convoit\u00e9s : une biodiversit\u00e9 r\u00e9v\u00e9l\u00e9e par l\u2019app\u00e9tit minier, mais aussit\u00f4t menac\u00e9e"},{"@type":"BreadcrumbList","@id":"https:\/\/www.africa-press.net\/cotedivoire\/politique\/les-abysses-convoites-une-biodiversite-revelee-par-lappetit-minier-mais-aussitot-menacee#breadcrumb","itemListElement":[{"@type":"ListItem","position":1,"name":"Accueil","item":"https:\/\/www.africa-press.net\/cotedivoire\/"},{"@type":"ListItem","position":2,"name":"Les abysses convoit\u00e9s : une biodiversit\u00e9 r\u00e9v\u00e9l\u00e9e par l\u2019app\u00e9tit minier, mais aussit\u00f4t menac\u00e9e"}]},{"@type":"WebSite","@id":"https:\/\/www.africa-press.net\/cotedivoire\/#website","url":"https:\/\/www.africa-press.net\/cotedivoire\/","name":"C\u00f4te d&#039;Ivoire","description":"Just another Africa News Agency Sites site","potentialAction":[{"@type":"SearchAction","target":{"@type":"EntryPoint","urlTemplate":"https:\/\/www.africa-press.net\/cotedivoire\/?s={search_term_string}"},"query-input":{"@type":"PropertyValueSpecification","valueRequired":true,"valueName":"search_term_string"}}],"inLanguage":"fr-FR"},{"@type":"Person","@id":"https:\/\/www.africa-press.net\/cotedivoire\/#\/schema\/person\/2b1cf3cd81a31e3cd26889ca66d677f1","name":"cfeditorfr"}]}},"_links":{"self":[{"href":"https:\/\/www.africa-press.net\/cotedivoire\/wp-json\/wp\/v2\/posts\/96424","targetHints":{"allow":["GET"]}}],"collection":[{"href":"https:\/\/www.africa-press.net\/cotedivoire\/wp-json\/wp\/v2\/posts"}],"about":[{"href":"https:\/\/www.africa-press.net\/cotedivoire\/wp-json\/wp\/v2\/types\/post"}],"author":[{"embeddable":true,"href":"https:\/\/www.africa-press.net\/cotedivoire\/wp-json\/wp\/v2\/users\/82"}],"replies":[{"embeddable":true,"href":"https:\/\/www.africa-press.net\/cotedivoire\/wp-json\/wp\/v2\/comments?post=96424"}],"version-history":[{"count":0,"href":"https:\/\/www.africa-press.net\/cotedivoire\/wp-json\/wp\/v2\/posts\/96424\/revisions"}],"wp:featuredmedia":[{"embeddable":true,"href":"https:\/\/www.africa-press.net\/cotedivoire\/wp-json\/wp\/v2\/media\/96423"}],"wp:attachment":[{"href":"https:\/\/www.africa-press.net\/cotedivoire\/wp-json\/wp\/v2\/media?parent=96424"}],"wp:term":[{"taxonomy":"category","embeddable":true,"href":"https:\/\/www.africa-press.net\/cotedivoire\/wp-json\/wp\/v2\/categories?post=96424"},{"taxonomy":"post_tag","embeddable":true,"href":"https:\/\/www.africa-press.net\/cotedivoire\/wp-json\/wp\/v2\/tags?post=96424"}],"curies":[{"name":"wp","href":"https:\/\/api.w.org\/{rel}","templated":true}]}}